{"id":162494,"date":"2022-11-28T10:23:08","date_gmt":"2022-11-28T10:23:08","guid":{"rendered":"https:\/\/www.asktraders.com\/?post_type=news&#038;p=162494"},"modified":"2022-11-28T10:27:57","modified_gmt":"2022-11-28T10:27:57","slug":"brenntag-uebernahme-univar","status":"publish","type":"news","link":"https:\/\/www.asktraders.com\/de\/finanznachrichten\/brenntag-uebernahme-univar\/","title":{"rendered":"Steht Brenntag vor der \u00dcbernahme von Univar? Aktie bricht zusammen"},"content":{"rendered":"\n<p>Der DAX-Konzern Brenntag hat best\u00e4tigt, dass es Gespr\u00e4che zur \u00dcbernahme des US-Konkurrenten Univar f\u00fchrt. Noch sei aber nichts in trockenen T\u00fcchern. Anleger trennen sich derweil in Scharen von ihren Brenntag Aktien.<\/p>\n\n\n\n<div class=\"wp-block-group main-cta is-layout-flow wp-block-group-is-layout-flow\" style=\"padding-top:10px;padding-right:10px;padding-bottom:10px;padding-left:10px\">\n<hr class=\"wp-block-separator has-text-color has-gray-color has-alpha-channel-opacity has-gray-background-color has-background is-style-wide\"\/>\n\n\n\n<div style=\"height:28px\" aria-hidden=\"true\" class=\"wp-block-spacer\"><\/div>\n\n\n\n<div class=\"wp-block-buttons is-content-justification-center is-layout-flex wp-container-core-buttons-is-layout-16018d1d wp-block-buttons-is-layout-flex\">\n<div class=\"wp-block-button has-custom-width wp-block-button__width-100 has-custom-font-size is-style-fill has-small-font-size\"><a class=\"wp-block-button__link has-green-background-color has-background\" href=\"https:\/\/www.asktraders.com\/de\/go\/native?placement=AT-DE-DE-default-NCTA-B1-NA-NA-NA\" style=\"border-radius:5px;padding-top:11px;padding-right:40px;padding-bottom:11px;padding-left:40px\" target=\"_blank\" rel=\"noreferrer noopener\">hier geht&#8217;s zur brenntag aktie<\/a><\/div>\n<\/div>\n\n\n\n<p class=\"has-text-align-center\">ihr kapital unterliegt risiken<\/p>\n\n\n\n<hr class=\"wp-block-separator has-text-color has-gray-color has-alpha-channel-opacity has-gray-background-color has-background is-style-wide\"\/>\n<\/div>\n\n\n<figure class=\"wp-block-post-featured-image\"><img loading=\"lazy\" decoding=\"async\" width=\"1000\" height=\"667\" src=\"https:\/\/www.asktraders.com\/wp-content\/uploads\/2022\/11\/brenntag-aktie.jpg\" class=\"attachment-post-thumbnail size-post-thumbnail wp-post-image\" alt=\"brenntag aktie\" style=\"object-fit:cover;\" srcset=\"https:\/\/www.asktraders.com\/wp-content\/uploads\/2022\/11\/brenntag-aktie.jpg 1000w, https:\/\/www.asktraders.com\/wp-content\/uploads\/2022\/11\/brenntag-aktie-333x222.jpg 333w, https:\/\/www.asktraders.com\/wp-content\/uploads\/2022\/11\/brenntag-aktie-793x529.jpg 793w, https:\/\/www.asktraders.com\/wp-content\/uploads\/2022\/11\/brenntag-aktie-768x512.jpg 768w\" sizes=\"auto, (max-width: 1000px) 100vw, 1000px\" \/><\/figure>\n\n<div class=\"wp-block-notice has-background has-light-green-background-color py-2 px-[30px]\">\n\n    <div>\n        \n\n<h3 class=\"wp-block-heading\"  class=\"wp-block-heading\"  id=\"auf_den_punkt_gebracht\">Auf den Punkt gebracht<\/h3>\n\n\n\n<ul class=\"wp-block-list\"><li>Der Weltmarktf\u00fchrer in der Distribution von Chemikalien, Brenntag, t\u00e4tigt vielleicht die bis dahin gr\u00f6\u00dfte \u00dcbernahme der Konzerngeschichte.<\/li><li>Das Unternehmen best\u00e4tigt, dass es Gespr\u00e4che mit dem US-Konkurrenten Univar f\u00fchrt.<\/li><li>Brenntag Aktie rund 10 Prozent im Minus; Univar circa 10 Prozent im Plus.<\/li><\/ul>\n\n\n    <\/div>\n<\/div>\n\n\n\n<p>Am Freitagabend, nach 23:00 Uhr deutscher Zeit, gab Brenntag die Ad-hoc-Meldung heraus, dass es Gespr\u00e4che mit Univar Solutions Inc. f\u00fchrt.<\/p>\n\n\n\n<p>Ziel der Gespr\u00e4che ist eine Evaluierung, ob eine \u00dcbernahme von Univar durch Brenntag zustande kommen k\u00f6nnte. Univar selbst m\u00f6chte sich im aktuellen Stadium nicht zu den Gespr\u00e4chen \u00e4u\u00dfern.<\/p>\n\n\n\n<p>Brenntag \u00e4u\u00dferte sich wie folgt in der Mitteilung:<\/p>\n\n\n\n<blockquote class=\"wp-block-quote has-light-green-background-color has-background is-layout-flow wp-block-quote-is-layout-flow\"><p><em>&#8222;Diese Gespr\u00e4che laufen derzeit und haben bisher zu keinen konkreten Ergebnissen oder Vereinbarungen gef\u00fchrt. Daher ist derzeit nicht absehbar, ob irgendeine Form von Transaktion stattfinden wird.&#8220;<\/em><\/p><cite>&#8211; Brenntag Ad-hoc-Meldung<\/cite><\/blockquote>\n\n\n\n<p>Die Aussagen machten deutlich, dass sich die Gespr\u00e4che erst noch am Anfang befinden. Mit einer abschlie\u00dfenden Beurteilung sei laut Bloomberg sogar erst in einigen Monaten zu rechnen.<\/p>\n\n\n\n<p>Anleger trennten sich am Montagmorgen von ihren Brenntag Aktien. Eine m\u00f6gliche \u00dcbernahme w\u00fcrde viel Kapital kosten. Bisher \u00fcbernahm Brenntag eher kleinere Unternehmen mit einem Umsatz von 10 bis 50 Millionen Euro.<\/p>\n\n\n\n<p>Doch Univar macht rund 10 bis 11 Milliarden US-Dollar Umsatz. Das entspricht ungef\u00e4hr dem B\u00f6rsenwert von Brenntag. Eine solche \u00dcbernahme zu stemmen, w\u00e4re eine enorme Herausforderung. <\/p>\n\n\n\n<h2 class=\"wp-block-heading\" class=\"wp-block-heading\" id=\"gemischte_einschaetzungen_zur_brenntag_aktie\">Gemischte Einsch\u00e4tzungen zur Brenntag Aktie<\/h2>\n\n\n\n<p>Entsprechend gespalten sind Analysten mit ihrer Einsch\u00e4tzung zum Deal.<\/p>\n\n\n\n<p>Markus Mayer von der Baader Bank sieht den Deal positiv, sofern der Preis der \u00dcbernahme stimmt. Er geht davon aus, dass Brenntag diszipliniert genug ist, eine solche \u00dcbernahme vern\u00fcnftig zu finanzieren und Univar ins bestehende Gesch\u00e4ft zu integrieren. Das wiederum k\u00f6nnte enorme Synergien freisetzen.<\/p>\n\n\n\n<p>Deutlich zur\u00fcckhaltender dagegen ist der Barclays-Analyst Alex Steward. Er hinterfragt nun sogar die gesamte strategische Vorgehensweise<\/p>\n\n\n\n<p>Sascha Gebhardt schrieb in einem Artikel auf Stock3 sogar, dass Brenntag mit der \u00dcbernahme die &#8222;Flucht nach vorn&#8220; sucht.<\/p>\n\n\n\n<p>Anleger trennten sich zun\u00e4chst von ihren Papieren auf Brenntag. Eine solche Reaktion ist jedoch keine Seltenheit, sondern eher die Regel. Der Aktienkurs von Unternehmen, die eine \u00dcbernahme ank\u00fcndigen oder eine solche in Betracht ziehen, sinkt h\u00e4ufig in der ersten Reaktion.<\/p>\n\n\n\n<p>Schlie\u00dflich kosten \u00dcbernahmen viel Geld und eine Amortisation ist weder sicher noch schnell zu realisieren.<\/p>\n\n\n\n<p>Univar Aktien dagegen legten in der ersten Reaktion auf Tradegate um \u00fcber 20 Prozent zu. Mittlerweile stehen sie bei rund 10 % im Plus.<\/p>\n\n\n<aside class=\"wp-block-related-posts  \" data-sidebar>\n                    \n\n<h2 class=\"wp-block-heading\"  class=\"wp-block-heading\"  id=\"latest_news\">Latest News<\/h2>\n\n\n        <ul class=\"grid grid-cols-1 md:grid-cols-2 gap-4 lg:grid-cols-1\">\n                            <li class=\"w-full p-3 rounded-lg shadow md:w-full\">\n                    <a href=\"https:\/\/www.asktraders.com\/de\/finanznachrichten\/evonik-aktien-erreichen-neues-tief-als-e13-durchbrochen-werden\/\" class=\"flex\">\n                        <img loading=\"lazy\" decoding=\"async\" width=\"150\" height=\"150\" src=\"https:\/\/www.asktraders.com\/wp-content\/uploads\/2023\/05\/evonik-aktie-prognose-150x150.jpg\" class=\"w-1\/3 rounded object-cover  wp-post-image\" alt=\"Evonik Aktie\" \/>\n                        <div class=\"flex flex-col w-2\/3 pl-3\">\n                                                        <span\n                                class=\"block py-1 grow text-sm font-bold \">Evonik Aktien erreichen neues Tief, als \u20ac13 durchbrochen werden<\/span>\n                                                            <span class=\"text-xs uppercase\">\n                                    Analyst Team\n                                <\/span>\n                                                    <\/div>\n                    <\/a>\n                <\/li>\n                            <li class=\"w-full p-3 rounded-lg shadow md:w-full\">\n                    <a href=\"https:\/\/www.asktraders.com\/de\/finanznachrichten\/2g-energy-ag-aktie-erholt-sich-von-unterstuetzung-steigerung-von-10\/\" class=\"flex\">\n                        <img loading=\"lazy\" decoding=\"async\" width=\"150\" height=\"150\" src=\"https:\/\/www.asktraders.com\/wp-content\/uploads\/2025\/08\/power-and-energy-150x150.jpg\" class=\"w-1\/3 rounded object-cover  wp-post-image\" alt=\"Uniper UN0\" \/>\n                        <div class=\"flex flex-col w-2\/3 pl-3\">\n                                                        <span\n                                class=\"block py-1 grow text-sm font-bold \">2G Energy AG Aktie erholt sich von Unterst\u00fctzung \u2013 Steigerung von 10%<\/span>\n                                                            <span class=\"text-xs uppercase\">\n                                    Analyst Team\n                                <\/span>\n                                                    <\/div>\n                    <\/a>\n                <\/li>\n                            <li class=\"w-full p-3 rounded-lg shadow md:w-full\">\n                    <a href=\"https:\/\/www.asktraders.com\/de\/finanznachrichten\/mercedes-benz-aktie-goldman-sachs-initiiert-analystendeckung-mit-positiver-einschaetzung\/\" class=\"flex\">\n                        <img loading=\"lazy\" decoding=\"async\" width=\"150\" height=\"150\" src=\"https:\/\/www.asktraders.com\/wp-content\/uploads\/2023\/06\/aktie-mercedes-150x150.jpg\" class=\"w-1\/3 rounded object-cover  wp-post-image\" alt=\"Mercedes Aktie\" \/>\n                        <div class=\"flex flex-col w-2\/3 pl-3\">\n                                                        <span\n                                class=\"block py-1 grow text-sm font-bold \">Mercedes-Benz Aktie: Goldman Sachs initiiert Analystendeckung mit positiver Einsch\u00e4tzung<\/span>\n                                                            <span class=\"text-xs uppercase\">\n                                    Analyst Team\n                                <\/span>\n                                                    <\/div>\n                    <\/a>\n                <\/li>\n                            <li class=\"w-full p-3 rounded-lg shadow md:w-full\">\n                    <a href=\"https:\/\/www.asktraders.com\/de\/finanznachrichten\/dax-aktien-erholen-sich-nach-nvidia-beben-maerkte-atmen-auf\/\" class=\"flex\">\n                        <img loading=\"lazy\" decoding=\"async\" width=\"150\" height=\"150\" src=\"https:\/\/www.asktraders.com\/wp-content\/uploads\/2023\/04\/dax-handeln-150x150.jpg\" class=\"w-1\/3 rounded object-cover  wp-post-image\" alt=\"\" \/>\n                        <div class=\"flex flex-col w-2\/3 pl-3\">\n                                                        <span\n                                class=\"block py-1 grow text-sm font-bold \">DAX-Aktien erholen sich nach Nvidia-Beben: M\u00e4rkte atmen auf<\/span>\n                                                            <span class=\"text-xs uppercase\">\n                                    Analyst Team\n                                <\/span>\n                                                    <\/div>\n                    <\/a>\n                <\/li>\n                            <li class=\"w-full p-3 rounded-lg shadow md:w-full\">\n                    <a href=\"https:\/\/www.asktraders.com\/de\/finanznachrichten\/rheinmetall-aktien-finden-unterstuetzung-bei-1-600-e-wie-geht-es-weiter\/\" class=\"flex\">\n                        <img loading=\"lazy\" decoding=\"async\" width=\"150\" height=\"150\" src=\"https:\/\/www.asktraders.com\/wp-content\/uploads\/2022\/11\/Die-Rheinmetall-Aktie-im-Chart-150x150.jpg\" class=\"w-1\/3 rounded object-cover  wp-post-image\" alt=\"Die Rheinmetall Aktie im Chart\" \/>\n                        <div class=\"flex flex-col w-2\/3 pl-3\">\n                                                        <span\n                                class=\"block py-1 grow text-sm font-bold \">Rheinmetall-Aktien finden Unterst\u00fctzung bei 1.600 \u20ac \u2013 Wie geht es weiter?<\/span>\n                                                            <span class=\"text-xs uppercase\">\n                                    Analyst Team\n                                <\/span>\n                                                    <\/div>\n                    <\/a>\n                <\/li>\n                    <\/ul>\n            \n    <\/aside>\n\n\n<div class=\"wp-block-top5-broker\" data-sidebar>\n        <div>\n        \n\n<h2 class=\"wp-block-heading\"  class=\"wp-block-heading\"  id=\"\"><\/h2>\n\n\n    <\/div>\n            <div class=\"block bg-white rounded-lg shadow\">\n        <ul\n            class=\"flex flex-wrap w-full -mb-px list-none border-b-2 navTabs \">\n                                                                                                        <\/ul>\n                    <div class=\"navTabContent \" id=\"top5-tab1\">\n                <ol class=\"flex\n                flex-wrap\n                \">\n                                    <\/ol>\n                            <\/div>\n                    <div class=\"navTabContent hidden\" id=\"top5-tab2\">\n                <ol class=\"flex\n                flex-wrap\n                \">\n                                    <\/ol>\n                            <\/div>\n                    <div class=\"navTabContent hidden\" id=\"top5-tab3\">\n                <ol class=\"flex\n                flex-wrap\n                \">\n                                    <\/ol>\n                            <\/div>\n        \n    <\/div>\n    <\/div>\n","protected":false},"author":33,"featured_media":162512,"comment_status":"open","ping_status":"closed","template":"","news_cluster":[],"tradingcategory":[],"class_list":["post-162494","news","type-news","status-publish","has-post-thumbnail","hentry"],"acf":[],"apple_news_notices":[],"yoast_head":"<!-- This site is optimized with the Yoast SEO plugin v27.2 - https:\/\/yoast.com\/product\/yoast-seo-wordpress\/ -->\n<title>Steht Brenntag vor der \u00dcbernahme von Univar? Aktie bricht zusammen | AskTraders.com %<\/title>\n<meta name=\"description\" content=\"Der DAX-Konzern Brenntag hat best\u00e4tigt, dass es Gespr\u00e4che zur \u00dcbernahme des US-Konkurrenten Univar f\u00fchrt. Noch sei aber nichts in trockenen T\u00fcchern.\" \/>\n<meta name=\"robots\" content=\"index, follow, max-snippet:-1, max-image-preview:large, max-video-preview:-1\" \/>\n<link rel=\"canonical\" href=\"https:\/\/www.asktraders.com\/de\/finanznachrichten\/brenntag-uebernahme-univar\/\" \/>\n<meta property=\"og:locale\" content=\"de_DE\" \/>\n<meta property=\"og:type\" content=\"article\" \/>\n<meta property=\"og:title\" content=\"Steht Brenntag vor der \u00dcbernahme von Univar? Aktie bricht zusammen | AskTraders.com %\" \/>\n<meta property=\"og:description\" content=\"Der DAX-Konzern Brenntag hat best\u00e4tigt, dass es Gespr\u00e4che zur \u00dcbernahme des US-Konkurrenten Univar f\u00fchrt. Noch sei aber nichts in trockenen T\u00fcchern.\" \/>\n<meta property=\"og:url\" content=\"https:\/\/www.asktraders.com\/de\/finanznachrichten\/brenntag-uebernahme-univar\/\" \/>\n<meta property=\"og:site_name\" content=\"AskTraders.com\" \/>\n<meta property=\"article:publisher\" content=\"https:\/\/www.facebook.com\/asktraderscom\" \/>\n<meta property=\"article:modified_time\" content=\"2022-11-28T10:27:57+00:00\" \/>\n<meta property=\"og:image\" content=\"https:\/\/www.asktraders.com\/wp-content\/uploads\/2022\/11\/brenntag-aktie.jpg\" \/>\n\t<meta property=\"og:image:width\" content=\"1000\" \/>\n\t<meta property=\"og:image:height\" content=\"667\" \/>\n\t<meta property=\"og:image:type\" content=\"image\/jpeg\" \/>\n<meta name=\"twitter:card\" content=\"summary_large_image\" \/>\n<meta name=\"twitter:site\" content=\"@Asktraders1\" \/>\n<meta name=\"twitter:label1\" content=\"Gesch\u00e4tzte Lesezeit\" \/>\n\t<meta name=\"twitter:data1\" content=\"2 Minuten\" \/>\n<script type=\"application\/ld+json\" class=\"yoast-schema-graph\">{\"@context\":\"https:\/\/schema.org\",\"@graph\":[{\"@type\":\"NewsArticle\",\"@id\":\"https:\/\/www.asktraders.com\/de\/finanznachrichten\/brenntag-uebernahme-univar\/#article\",\"isPartOf\":{\"@id\":\"https:\/\/www.asktraders.com\/de\/finanznachrichten\/brenntag-uebernahme-univar\/\"},\"author\":{\"name\":\"Ruben Wunderlich\",\"@id\":\"https:\/\/www.asktraders.com\/de\/#\/schema\/person\/6e2f89f6a9f3eecbfe9cf3be140769ba\",\"url\":\"https:\/\/www.asktraders.com\/de\/author\/rubenw\/\"},\"headline\":\"Steht Brenntag vor der \u00dcbernahme von Univar? Aktie bricht zusammen\",\"datePublished\":\"2022-11-28T10:23:08+00:00\",\"dateModified\":\"2022-11-28T10:27:57+00:00\",\"mainEntityOfPage\":{\"@id\":\"https:\/\/www.asktraders.com\/de\/finanznachrichten\/brenntag-uebernahme-univar\/\"},\"wordCount\":466,\"commentCount\":0,\"publisher\":{\"@id\":\"https:\/\/www.asktraders.com\/de\/#organization\"},\"image\":{\"@id\":\"https:\/\/www.asktraders.com\/de\/finanznachrichten\/brenntag-uebernahme-univar\/#primaryimage\"},\"thumbnailUrl\":\"https:\/\/www.asktraders.com\/wp-content\/uploads\/2022\/11\/brenntag-aktie.jpg\",\"inLanguage\":\"de-DE\",\"potentialAction\":[{\"@type\":\"CommentAction\",\"name\":\"Comment\",\"target\":[\"https:\/\/www.asktraders.com\/de\/finanznachrichten\/brenntag-uebernahme-univar\/#respond\"]}]},{\"@type\":\"WebPage\",\"@id\":\"https:\/\/www.asktraders.com\/de\/finanznachrichten\/brenntag-uebernahme-univar\/\",\"url\":\"https:\/\/www.asktraders.com\/de\/finanznachrichten\/brenntag-uebernahme-univar\/\",\"name\":\"Steht Brenntag vor der \u00dcbernahme von Univar? Aktie bricht zusammen | AskTraders.com %\",\"isPartOf\":{\"@id\":\"https:\/\/www.asktraders.com\/de\/#website\"},\"primaryImageOfPage\":{\"@id\":\"https:\/\/www.asktraders.com\/de\/finanznachrichten\/brenntag-uebernahme-univar\/#primaryimage\"},\"image\":{\"@id\":\"https:\/\/www.asktraders.com\/de\/finanznachrichten\/brenntag-uebernahme-univar\/#primaryimage\"},\"thumbnailUrl\":\"https:\/\/www.asktraders.com\/wp-content\/uploads\/2022\/11\/brenntag-aktie.jpg\",\"datePublished\":\"2022-11-28T10:23:08+00:00\",\"dateModified\":\"2022-11-28T10:27:57+00:00\",\"description\":\"Der DAX-Konzern Brenntag hat best\u00e4tigt, dass es Gespr\u00e4che zur \u00dcbernahme des US-Konkurrenten Univar f\u00fchrt. Noch sei aber nichts in trockenen T\u00fcchern.\",\"breadcrumb\":{\"@id\":\"https:\/\/www.asktraders.com\/de\/finanznachrichten\/brenntag-uebernahme-univar\/#breadcrumb\"},\"inLanguage\":\"de-DE\",\"potentialAction\":[{\"@type\":\"ReadAction\",\"target\":[\"https:\/\/www.asktraders.com\/de\/finanznachrichten\/brenntag-uebernahme-univar\/\"]}]},{\"@type\":\"ImageObject\",\"inLanguage\":\"de-DE\",\"@id\":\"https:\/\/www.asktraders.com\/de\/finanznachrichten\/brenntag-uebernahme-univar\/#primaryimage\",\"url\":\"https:\/\/www.asktraders.com\/wp-content\/uploads\/2022\/11\/brenntag-aktie.jpg\",\"contentUrl\":\"https:\/\/www.asktraders.com\/wp-content\/uploads\/2022\/11\/brenntag-aktie.jpg\",\"width\":1000,\"height\":667,\"caption\":\"brenntag aktie\"},{\"@type\":\"BreadcrumbList\",\"@id\":\"https:\/\/www.asktraders.com\/de\/finanznachrichten\/brenntag-uebernahme-univar\/#breadcrumb\",\"itemListElement\":[{\"@type\":\"ListItem\",\"position\":1,\"name\":\"Home\",\"item\":\"https:\/\/www.asktraders.com\/de\/\"},{\"@type\":\"ListItem\",\"position\":2,\"name\":\"News\",\"item\":\"https:\/\/www.asktraders.com\/de\/finanznachrichten\/\"},{\"@type\":\"ListItem\",\"position\":3,\"name\":\"Steht Brenntag vor der \u00dcbernahme von Univar? Aktie bricht zusammen\"}]},{\"@type\":\"WebSite\",\"@id\":\"https:\/\/www.asktraders.com\/de\/#website\",\"url\":\"https:\/\/www.asktraders.com\/de\/\",\"name\":\"AskTraders\",\"description\":\"Guiding You To Trading Success\",\"publisher\":{\"@id\":\"https:\/\/www.asktraders.com\/de\/#organization\"},\"inLanguage\":\"de-DE\"},{\"@type\":\"Organization\",\"@id\":\"https:\/\/www.asktraders.com\/de\/#organization\",\"name\":\"AskTraders\",\"url\":\"https:\/\/www.asktraders.com\/de\/\",\"logo\":{\"@type\":\"ImageObject\",\"inLanguage\":\"de-DE\",\"@id\":\"https:\/\/www.asktraders.com\/de\/#\/schema\/logo\/image\/\",\"url\":\"https:\/\/www.asktraders.com\/wp-content\/uploads\/2019\/05\/asktraders-logo-tm-white.png\",\"contentUrl\":\"https:\/\/www.asktraders.com\/wp-content\/uploads\/2019\/05\/asktraders-logo-tm-white.png\",\"width\":232,\"height\":38,\"caption\":\"AskTraders\"},\"image\":{\"@id\":\"https:\/\/www.asktraders.com\/de\/#\/schema\/logo\/image\/\"},\"sameAs\":[\"https:\/\/www.facebook.com\/asktraderscom\",\"https:\/\/x.com\/Asktraders1\"]},{\"@type\":\"Person\",\"@id\":\"https:\/\/www.asktraders.com\/de\/#\/schema\/person\/6e2f89f6a9f3eecbfe9cf3be140769ba\",\"name\":\"Ruben Wunderlich\",\"image\":{\"@type\":\"ImageObject\",\"inLanguage\":\"de-DE\",\"@id\":\"https:\/\/secure.gravatar.com\/avatar\/a169813ebb7fc5db497811c94e0e5111ffd756d2135b8bb267093c55024a2119?s=96&d=mm&r=g\",\"url\":\"https:\/\/secure.gravatar.com\/avatar\/a169813ebb7fc5db497811c94e0e5111ffd756d2135b8bb267093c55024a2119?s=96&d=mm&r=g\",\"contentUrl\":\"https:\/\/secure.gravatar.com\/avatar\/a169813ebb7fc5db497811c94e0e5111ffd756d2135b8bb267093c55024a2119?s=96&d=mm&r=g\",\"caption\":\"Ruben Wunderlich\"}}]}<\/script>\n<!-- \/ Yoast SEO plugin. -->","yoast_head_json":{"title":"Steht Brenntag vor der \u00dcbernahme von Univar? Aktie bricht zusammen | AskTraders.com %","description":"Der DAX-Konzern Brenntag hat best\u00e4tigt, dass es Gespr\u00e4che zur \u00dcbernahme des US-Konkurrenten Univar f\u00fchrt. Noch sei aber nichts in trockenen T\u00fcchern.","robots":{"index":"index","follow":"follow","max-snippet":"max-snippet:-1","max-image-preview":"max-image-preview:large","max-video-preview":"max-video-preview:-1"},"canonical":"https:\/\/www.asktraders.com\/de\/finanznachrichten\/brenntag-uebernahme-univar\/","og_locale":"de_DE","og_type":"article","og_title":"Steht Brenntag vor der \u00dcbernahme von Univar? Aktie bricht zusammen | AskTraders.com %","og_description":"Der DAX-Konzern Brenntag hat best\u00e4tigt, dass es Gespr\u00e4che zur \u00dcbernahme des US-Konkurrenten Univar f\u00fchrt. Noch sei aber nichts in trockenen T\u00fcchern.","og_url":"https:\/\/www.asktraders.com\/de\/finanznachrichten\/brenntag-uebernahme-univar\/","og_site_name":"AskTraders.com","article_publisher":"https:\/\/www.facebook.com\/asktraderscom","article_modified_time":"2022-11-28T10:27:57+00:00","og_image":[{"width":1000,"height":667,"url":"https:\/\/www.asktraders.com\/wp-content\/uploads\/2022\/11\/brenntag-aktie.jpg","type":"image\/jpeg"}],"twitter_card":"summary_large_image","twitter_site":"@Asktraders1","twitter_misc":{"Gesch\u00e4tzte Lesezeit":"2 Minuten"},"schema":{"@context":"https:\/\/schema.org","@graph":[{"@type":"NewsArticle","@id":"https:\/\/www.asktraders.com\/de\/finanznachrichten\/brenntag-uebernahme-univar\/#article","isPartOf":{"@id":"https:\/\/www.asktraders.com\/de\/finanznachrichten\/brenntag-uebernahme-univar\/"},"author":{"name":"Ruben Wunderlich","@id":"https:\/\/www.asktraders.com\/de\/#\/schema\/person\/6e2f89f6a9f3eecbfe9cf3be140769ba","url":"https:\/\/www.asktraders.com\/de\/author\/rubenw\/"},"headline":"Steht Brenntag vor der \u00dcbernahme von Univar? Aktie bricht zusammen","datePublished":"2022-11-28T10:23:08+00:00","dateModified":"2022-11-28T10:27:57+00:00","mainEntityOfPage":{"@id":"https:\/\/www.asktraders.com\/de\/finanznachrichten\/brenntag-uebernahme-univar\/"},"wordCount":466,"commentCount":0,"publisher":{"@id":"https:\/\/www.asktraders.com\/de\/#organization"},"image":{"@id":"https:\/\/www.asktraders.com\/de\/finanznachrichten\/brenntag-uebernahme-univar\/#primaryimage"},"thumbnailUrl":"https:\/\/www.asktraders.com\/wp-content\/uploads\/2022\/11\/brenntag-aktie.jpg","inLanguage":"de-DE","potentialAction":[{"@type":"CommentAction","name":"Comment","target":["https:\/\/www.asktraders.com\/de\/finanznachrichten\/brenntag-uebernahme-univar\/#respond"]}]},{"@type":"WebPage","@id":"https:\/\/www.asktraders.com\/de\/finanznachrichten\/brenntag-uebernahme-univar\/","url":"https:\/\/www.asktraders.com\/de\/finanznachrichten\/brenntag-uebernahme-univar\/","name":"Steht Brenntag vor der \u00dcbernahme von Univar? Aktie bricht zusammen | AskTraders.com %","isPartOf":{"@id":"https:\/\/www.asktraders.com\/de\/#website"},"primaryImageOfPage":{"@id":"https:\/\/www.asktraders.com\/de\/finanznachrichten\/brenntag-uebernahme-univar\/#primaryimage"},"image":{"@id":"https:\/\/www.asktraders.com\/de\/finanznachrichten\/brenntag-uebernahme-univar\/#primaryimage"},"thumbnailUrl":"https:\/\/www.asktraders.com\/wp-content\/uploads\/2022\/11\/brenntag-aktie.jpg","datePublished":"2022-11-28T10:23:08+00:00","dateModified":"2022-11-28T10:27:57+00:00","description":"Der DAX-Konzern Brenntag hat best\u00e4tigt, dass es Gespr\u00e4che zur \u00dcbernahme des US-Konkurrenten Univar f\u00fchrt. Noch sei aber nichts in trockenen T\u00fcchern.","breadcrumb":{"@id":"https:\/\/www.asktraders.com\/de\/finanznachrichten\/brenntag-uebernahme-univar\/#breadcrumb"},"inLanguage":"de-DE","potentialAction":[{"@type":"ReadAction","target":["https:\/\/www.asktraders.com\/de\/finanznachrichten\/brenntag-uebernahme-univar\/"]}]},{"@type":"ImageObject","inLanguage":"de-DE","@id":"https:\/\/www.asktraders.com\/de\/finanznachrichten\/brenntag-uebernahme-univar\/#primaryimage","url":"https:\/\/www.asktraders.com\/wp-content\/uploads\/2022\/11\/brenntag-aktie.jpg","contentUrl":"https:\/\/www.asktraders.com\/wp-content\/uploads\/2022\/11\/brenntag-aktie.jpg","width":1000,"height":667,"caption":"brenntag aktie"},{"@type":"BreadcrumbList","@id":"https:\/\/www.asktraders.com\/de\/finanznachrichten\/brenntag-uebernahme-univar\/#breadcrumb","itemListElement":[{"@type":"ListItem","position":1,"name":"Home","item":"https:\/\/www.asktraders.com\/de\/"},{"@type":"ListItem","position":2,"name":"News","item":"https:\/\/www.asktraders.com\/de\/finanznachrichten\/"},{"@type":"ListItem","position":3,"name":"Steht Brenntag vor der \u00dcbernahme von Univar? Aktie bricht zusammen"}]},{"@type":"WebSite","@id":"https:\/\/www.asktraders.com\/de\/#website","url":"https:\/\/www.asktraders.com\/de\/","name":"AskTraders","description":"Guiding You To Trading Success","publisher":{"@id":"https:\/\/www.asktraders.com\/de\/#organization"},"inLanguage":"de-DE"},{"@type":"Organization","@id":"https:\/\/www.asktraders.com\/de\/#organization","name":"AskTraders","url":"https:\/\/www.asktraders.com\/de\/","logo":{"@type":"ImageObject","inLanguage":"de-DE","@id":"https:\/\/www.asktraders.com\/de\/#\/schema\/logo\/image\/","url":"https:\/\/www.asktraders.com\/wp-content\/uploads\/2019\/05\/asktraders-logo-tm-white.png","contentUrl":"https:\/\/www.asktraders.com\/wp-content\/uploads\/2019\/05\/asktraders-logo-tm-white.png","width":232,"height":38,"caption":"AskTraders"},"image":{"@id":"https:\/\/www.asktraders.com\/de\/#\/schema\/logo\/image\/"},"sameAs":["https:\/\/www.facebook.com\/asktraderscom","https:\/\/x.com\/Asktraders1"]},{"@type":"Person","@id":"https:\/\/www.asktraders.com\/de\/#\/schema\/person\/6e2f89f6a9f3eecbfe9cf3be140769ba","name":"Ruben Wunderlich","image":{"@type":"ImageObject","inLanguage":"de-DE","@id":"https:\/\/secure.gravatar.com\/avatar\/a169813ebb7fc5db497811c94e0e5111ffd756d2135b8bb267093c55024a2119?s=96&d=mm&r=g","url":"https:\/\/secure.gravatar.com\/avatar\/a169813ebb7fc5db497811c94e0e5111ffd756d2135b8bb267093c55024a2119?s=96&d=mm&r=g","contentUrl":"https:\/\/secure.gravatar.com\/avatar\/a169813ebb7fc5db497811c94e0e5111ffd756d2135b8bb267093c55024a2119?s=96&d=mm&r=g","caption":"Ruben Wunderlich"}}]}},"_links":{"self":[{"href":"https:\/\/www.asktraders.com\/de\/wp-json\/wp\/v2\/news\/162494","targetHints":{"allow":["GET"]}}],"collection":[{"href":"https:\/\/www.asktraders.com\/de\/wp-json\/wp\/v2\/news"}],"about":[{"href":"https:\/\/www.asktraders.com\/de\/wp-json\/wp\/v2\/types\/news"}],"author":[{"embeddable":true,"href":"https:\/\/www.asktraders.com\/de\/wp-json\/wp\/v2\/users\/33"}],"replies":[{"embeddable":true,"href":"https:\/\/www.asktraders.com\/de\/wp-json\/wp\/v2\/comments?post=162494"}],"version-history":[{"count":0,"href":"https:\/\/www.asktraders.com\/de\/wp-json\/wp\/v2\/news\/162494\/revisions"}],"wp:featuredmedia":[{"embeddable":true,"href":"https:\/\/www.asktraders.com\/de\/wp-json\/wp\/v2\/media\/162512"}],"wp:attachment":[{"href":"https:\/\/www.asktraders.com\/de\/wp-json\/wp\/v2\/media?parent=162494"}],"wp:term":[{"taxonomy":"news_cluster","embeddable":true,"href":"https:\/\/www.asktraders.com\/de\/wp-json\/wp\/v2\/news_cluster?post=162494"},{"taxonomy":"tradingcategory","embeddable":true,"href":"https:\/\/www.asktraders.com\/de\/wp-json\/wp\/v2\/tradingcategory?post=162494"}],"curies":[{"name":"wp","href":"https:\/\/api.w.org\/{rel}","templated":true}]}}