{"id":170315,"date":"2023-03-20T11:48:52","date_gmt":"2023-03-20T11:48:52","guid":{"rendered":"https:\/\/www.asktraders.com\/?post_type=news&#038;p=170315"},"modified":"2023-03-30T11:08:12","modified_gmt":"2023-03-30T10:08:12","slug":"ubs-uebernimmt-credit-suisse-aktie-stuerzt-ab","status":"publish","type":"news","link":"https:\/\/www.asktraders.com\/de\/finanznachrichten\/ubs-uebernimmt-credit-suisse-aktie-stuerzt-ab\/","title":{"rendered":"UBS \u00fcbernimmt Credit Suisse &#8211; Aktie st\u00fcrzt ab"},"content":{"rendered":"\n<p>Am Wochenende kam es zu einer dramatischen Rettungsaktion. Die Schweizer Gro\u00dfbank \u00fcbernimmt ihren Konkurrenten Credit Suisse. Es handelt sich um eine konzertierte Aktion der UBS, der Schweizer Nationalbank, der Finanzaufsicht sowie der Schweizer Regierung. <\/p>\n\n\n\n<div class=\"wp-block-group main-cta is-layout-flow wp-block-group-is-layout-flow\" style=\"padding-top:10px;padding-right:10px;padding-bottom:10px;padding-left:10px\">\n<hr class=\"wp-block-separator has-text-color has-gray-color has-alpha-channel-opacity has-gray-background-color has-background is-style-wide\"\/>\n\n\n\n<div style=\"height:28px\" aria-hidden=\"true\" class=\"wp-block-spacer\"><\/div>\n\n\n\n<div class=\"wp-block-buttons is-content-justification-center is-layout-flex wp-container-core-buttons-is-layout-16018d1d wp-block-buttons-is-layout-flex\">\n<div class=\"wp-block-button has-custom-width wp-block-button__width-100 has-custom-font-size is-style-fill has-small-font-size\"><a class=\"wp-block-button__link has-green-background-color has-background\" href=\"https:\/\/www.asktraders.com\/de\/go\/native?placement=AT-DE-DE-stocks-NCTA-B1-NA-NA-NA\" style=\"border-radius:5px;padding-top:11px;padding-right:40px;padding-bottom:11px;padding-left:40px\" target=\"_blank\" rel=\"noreferrer noopener\">HIER GEHT&#8217;s zur UBS Aktie<\/a><\/div>\n<\/div>\n\n\n\n<p class=\"has-text-align-center\">Ihr Kapital ist in Gefahr<\/p>\n\n\n\n<hr class=\"wp-block-separator has-text-color has-gray-color has-alpha-channel-opacity has-gray-background-color has-background is-style-wide\"\/>\n<\/div>\n\n\n<figure class=\"wp-block-post-featured-image\"><img loading=\"lazy\" decoding=\"async\" width=\"1000\" height=\"667\" src=\"https:\/\/www.asktraders.com\/wp-content\/uploads\/2023\/03\/UBS-kauft-Credit-Suisse.jpg\" class=\"attachment-post-thumbnail size-post-thumbnail wp-post-image\" alt=\"UBS kauft Credit Suisse\" style=\"object-fit:cover;\" srcset=\"https:\/\/www.asktraders.com\/wp-content\/uploads\/2023\/03\/UBS-kauft-Credit-Suisse.jpg 1000w, https:\/\/www.asktraders.com\/wp-content\/uploads\/2023\/03\/UBS-kauft-Credit-Suisse-333x222.jpg 333w, https:\/\/www.asktraders.com\/wp-content\/uploads\/2023\/03\/UBS-kauft-Credit-Suisse-793x529.jpg 793w, https:\/\/www.asktraders.com\/wp-content\/uploads\/2023\/03\/UBS-kauft-Credit-Suisse-768x512.jpg 768w\" sizes=\"auto, (max-width: 1000px) 100vw, 1000px\" \/><\/figure>\n\n\n<p class=\"has-text-align-center\"><em>Bilderquelle: nitpicker\/ shutterstock.com<\/em><\/p>\n\n\n<div class=\"wp-block-notice has-background has-light-green-background-color py-2 px-[30px]\">\n\n    <div>\n        \n\n<h3 class=\"wp-block-heading\"  class=\"wp-block-heading\"  id=\"auf_den_punkt_gebracht\">Auf den Punkt gebracht<\/h3>\n\n\n\n<ul class=\"wp-block-list\"><li>Credit Suisse Aktion\u00e4re erhalten 1 UBS Aktie f\u00fcr je 22,48 Credit Suisse Aktien<\/li><li>UBS erh\u00e4lt von der Schweizer Nationalbank eine Kreditlinie \u00fcber 100 Milliarden Dollar<\/li><li>US-Finanzbeh\u00f6rden sind ebenfalls involviert<\/li><li>AT1-Anleihen im Wert von 16 Milliarden Franken werden vollst\u00e4ndig abgeschrieben<\/li><li>Deal sollte noch vor B\u00f6rsen\u00f6ffnung in Asien beschlossen worden sein<\/li><li>S\u00e4mtliche Dienstleistungen stehen weiterhin zur Verf\u00fcgung<\/li><\/ul>\n\n\n    <\/div>\n<\/div>\n\n\n\n<p>Die Schweizer Gro\u00dfbank UBS \u00fcbernimmt die Credit Suisse (CS). Zun\u00e4chst bot die UBS 1 Milliarde Franken, das hei\u00dft 0,25 Franken je Aktie. Das wies der Konkurrent zur\u00fcck.<strong> Die Vereinbarung liegt nun bei rund 3 Milliarden Franken, wobei die UBS einen Teil in eigenen Aktien zahlt (rund 2 Milliarden Franken).<\/strong><\/p>\n\n\n\n<p>Dabei erhalten Aktion\u00e4re der Credit Suisse 1 UBS Aktie f\u00fcr je 22,48 Credit Suisse Aktien. Der Kurs der Credit Suisse Aktie sackte am Montag, 20. M\u00e4rz 2023 auf unter 0,70 Franken ab.<\/p>\n\n\n\n<p>Das h\u00e4ngt nat\u00fcrlich mit der \u00dcbernahme durch die UBS zusammen. Denn 22,48 Credit Suisse Aktien = 1 UBS Aktie. <strong>Das hei\u00dft, dass rund 22,5 CS Aktien ungef\u00e4hr den Preis einer UBS Aktie ergeben.<\/strong><\/p>\n\n\n\n<p>Des Weiteren k\u00f6nnen CS und UBS basierend auf der Notverordnung des Bundesrates ein <strong>Konkursprivileg gesichertes Liquidit\u00e4tshilfe-Darlehen \u00fcber 100 Milliarden Franken<\/strong> abrufen.<\/p>\n\n\n\n<p>Gem\u00e4\u00df den Vereinbarungen spricht der Bund der UBS zudem eine <strong>Garantie in H\u00f6he von 9 Milliarden Franken<\/strong> f\u00fcr potenzielle Verluste aus, die die UBS im Rahmen der \u00dcbernahme der Credit Suisse \u00fcbernimmt. Der Bund springt dann ein, wenn eine bestimmte Schwelle \u00fcberschritten wird.<\/p>\n\n\n\n<div class=\"wp-block-group main-cta is-layout-flow wp-block-group-is-layout-flow\" style=\"padding-top:10px;padding-right:10px;padding-bottom:10px;padding-left:10px\">\n<hr class=\"wp-block-separator has-text-color has-gray-color has-alpha-channel-opacity has-gray-background-color has-background is-style-wide\"\/>\n\n\n\n<div style=\"height:28px\" aria-hidden=\"true\" class=\"wp-block-spacer\"><\/div>\n\n\n\n<div class=\"wp-block-buttons is-content-justification-center is-layout-flex wp-container-core-buttons-is-layout-16018d1d wp-block-buttons-is-layout-flex\">\n<div class=\"wp-block-button has-custom-width wp-block-button__width-100 has-custom-font-size is-style-fill has-small-font-size\"><a class=\"wp-block-button__link has-green-background-color has-background\" href=\"https:\/\/www.asktraders.com\/de\/go\/native?placement=AT-DE-DE-stocks-NCTA-B1-NA-NA-NA\" style=\"border-radius:5px;padding-top:11px;padding-right:40px;padding-bottom:11px;padding-left:40px\" target=\"_blank\" rel=\"noreferrer noopener\">HIER GEHT&#8217;s zur UBS Aktie<\/a><\/div>\n<\/div>\n\n\n\n<p class=\"has-text-align-center\">Ihr Kapital ist in Gefahr<\/p>\n\n\n\n<hr class=\"wp-block-separator has-text-color has-gray-color has-alpha-channel-opacity has-gray-background-color has-background is-style-wide\"\/>\n<\/div>\n\n\n\n<h2 class=\"wp-block-heading\" class=\"wp-block-heading\" id=\"deutsche_bank_hat_kaum_exposure_in_at1_anleihen_der_credit_suisse\">Deutsche Bank hat kaum Exposure in AT1-Anleihen der Credit Suisse<\/h2>\n\n\n\n<p>Ein Teil des Deals war, dass der Nennwert sogenannter AT1-Anleihen der CS vollst\u00e4ndig abgeschrieben werden. Das wiederum l\u00f6st eine Steigerung des Kernkapitals der CS von rund 16 Milliarden Franken aus.<\/p>\n\n\n\n<figure class=\"wp-block-image size-large\"><img loading=\"lazy\" decoding=\"async\" width=\"793\" height=\"529\" src=\"https:\/\/www.asktraders.com\/wp-content\/uploads\/2023\/03\/Credit-Suisse-wird-von-UBS-gekauft-793x529.jpg\" alt=\"UBS kauft Credit Suisse\" class=\"wp-image-170332\" srcset=\"https:\/\/www.asktraders.com\/wp-content\/uploads\/2023\/03\/Credit-Suisse-wird-von-UBS-gekauft-793x529.jpg 793w, https:\/\/www.asktraders.com\/wp-content\/uploads\/2023\/03\/Credit-Suisse-wird-von-UBS-gekauft-333x222.jpg 333w, https:\/\/www.asktraders.com\/wp-content\/uploads\/2023\/03\/Credit-Suisse-wird-von-UBS-gekauft-768x512.jpg 768w, https:\/\/www.asktraders.com\/wp-content\/uploads\/2023\/03\/Credit-Suisse-wird-von-UBS-gekauft.jpg 1000w\" sizes=\"auto, (max-width: 793px) 100vw, 793px\" \/><figcaption><em>Bilderquelle: rafapress\/ shutterstock.com<\/em><\/figcaption><\/figure>\n\n\n\n<p>Da Inhabern dieser AT1-Anleihen nun hohe Verluste drohen, war die Unsicherheit gro\u00df, ob etwa deutsche Banken diese Papiere auch besa\u00dfen. <strong>Gem\u00e4\u00df einer Mitteilung der Deutschen Bank verf\u00fcge diese \u00fcber kein nennenswertes Exposure in AT1-Anleihen der Credit Suisse. Die Best\u00e4nde liegen nahe Null.<\/strong><\/p>\n\n\n\n<div class=\"wp-block-group main-cta is-layout-flow wp-block-group-is-layout-flow\" style=\"padding-top:10px;padding-right:10px;padding-bottom:10px;padding-left:10px\">\n<hr class=\"wp-block-separator has-text-color has-gray-color has-alpha-channel-opacity has-gray-background-color has-background is-style-wide\"\/>\n\n\n\n<div style=\"height:28px\" aria-hidden=\"true\" class=\"wp-block-spacer\"><\/div>\n\n\n\n<div class=\"wp-block-buttons is-content-justification-center is-layout-flex wp-container-core-buttons-is-layout-16018d1d wp-block-buttons-is-layout-flex\">\n<div class=\"wp-block-button has-custom-width wp-block-button__width-100 has-custom-font-size is-style-fill has-small-font-size\"><a class=\"wp-block-button__link has-green-background-color has-background\" href=\"https:\/\/www.asktraders.com\/de\/go\/native?placement=AT-DE-DE-stocks-NCTA-B1-NA-NA-NA\" style=\"border-radius:5px;padding-top:11px;padding-right:40px;padding-bottom:11px;padding-left:40px\" target=\"_blank\" rel=\"noreferrer noopener\">HIER GEHT&#8217;s zur UBS Aktie<\/a><\/div>\n<\/div>\n\n\n\n<p class=\"has-text-align-center\">Ihr Kapital ist in Gefahr<\/p>\n\n\n\n<hr class=\"wp-block-separator has-text-color has-gray-color has-alpha-channel-opacity has-gray-background-color has-background is-style-wide\"\/>\n<\/div>\n\n\n\n<h2 class=\"wp-block-heading\" class=\"wp-block-heading\" id=\"ubs_aktie_zweistellig_im_minus\">UBS Aktie zweistellig im Minus<\/h2>\n\n\n\n<p><strong>Nicht nur die Aktien der Credit Suisse brechen an diesem Montag ein. Auch UBS Aktien sind zweistellig im Minus.  Das Minus liegt dabei zun\u00e4chst bei -13 Prozent.<\/strong> Die \u00dcbernahme kommt dabei auch auf Druck der Regierung und der Schweizer Nationalbank zustande.<\/p>\n\n\n\n<p>Zwar k\u00f6nnte sich der Deal langfristig positiv f\u00fcr die UBS auswirken, danach hat die Bank ein verwaltendes Verm\u00f6gen von rund 5 Billionen Dollar. <\/p>\n\n\n\n<p>Aber kurzfristig \u00fcberwiegen noch Unsicherheiten, Risiken und nat\u00fcrlich auch die Ausgaben. Ein H\u00e4ndler \u00e4u\u00dferte sich dahin gehend, dass die UBS eine Blackbox kauft.<\/p>\n\n\n\n<p>Auch andere Finanzwerte in Europa, sprich Banken und Versicherer, sind teils stark im Minus.<\/p>\n\n\n<aside class=\"wp-block-related-posts  \" >\n                    \n\n<h3 class=\"wp-block-heading\" class=\"wp-block-heading\" id=\"leser_interessieren_sich_auch_fuer\">Leser Interessieren sich auch f\u00fcr:<\/h3>\n\n\n        <ul class=\"grid grid-cols-1 md:grid-cols-2 gap-4 lg:grid-cols-1\">\n                            <li class=\"w-full p-3 rounded-lg shadow md:w-full\">\n                    <a href=\"https:\/\/www.asktraders.com\/de\/traden-lernen\/trading-ratgeber\/aktien-apps\/\" class=\"flex\">\n                        <img loading=\"lazy\" decoding=\"async\" width=\"150\" height=\"150\" src=\"https:\/\/www.asktraders.com\/wp-content\/uploads\/2018\/05\/beitragsbilder-ratgeber-trading-apps-150x150.jpg\" class=\"w-1\/3 rounded object-cover  wp-post-image\" alt=\"Beitragsbilder Ratgeber Trading-App\" \/>\n                        <div class=\"flex flex-col w-2\/3 pl-3\">\n                                                        <span\n                                class=\"block py-1 grow text-sm font-bold \">Aktien Apps \u2013 die Kurse immer im Blick mit den richtigen Apps<\/span>\n                                                            <span class=\"text-xs uppercase\">\n                                    Analyst Team\n                                <\/span>\n                                                    <\/div>\n                    <\/a>\n                <\/li>\n                            <li class=\"w-full p-3 rounded-lg shadow md:w-full\">\n                    <a href=\"https:\/\/www.asktraders.com\/de\/traden-lernen\/technische-analyse\/chart-technische-analyse\/\" class=\"flex\">\n                        <img loading=\"lazy\" decoding=\"async\" width=\"150\" height=\"150\" src=\"https:\/\/www.asktraders.com\/wp-content\/uploads\/2019\/10\/shutterstock_599600603-150x150.jpg\" class=\"w-1\/3 rounded object-cover  wp-post-image\" alt=\"CFD-Brokers\" srcset=\"https:\/\/www.asktraders.com\/wp-content\/uploads\/2019\/10\/shutterstock_599600603-150x150.jpg 150w, https:\/\/www.asktraders.com\/wp-content\/uploads\/2019\/10\/shutterstock_599600603-100x100.jpg 100w, https:\/\/www.asktraders.com\/wp-content\/uploads\/2019\/10\/shutterstock_599600603-64x64.jpg 64w, https:\/\/www.asktraders.com\/wp-content\/uploads\/2019\/10\/shutterstock_599600603-26x26.jpg 26w\" sizes=\"auto, (max-width: 150px) 100vw, 150px\" \/>\n                        <div class=\"flex flex-col w-2\/3 pl-3\">\n                                                        <span\n                                class=\"block py-1 grow text-sm font-bold \">(Chart-) technische Analyse<\/span>\n                                                            <span class=\"text-xs uppercase\">\n                                    Analyst Team\n                                <\/span>\n                                                    <\/div>\n                    <\/a>\n                <\/li>\n                            <li class=\"w-full p-3 rounded-lg shadow md:w-full\">\n                    <a href=\"https:\/\/www.asktraders.com\/de\/traden-lernen\/trading-ratgeber\/tipps-um-beim-trading-den-fokus-zu-bewahren\/\" class=\"flex\">\n                        <img loading=\"lazy\" decoding=\"async\" width=\"150\" height=\"150\" src=\"https:\/\/www.asktraders.com\/wp-content\/uploads\/2018\/05\/beitragsbilder-vergleich-uk-stocks-150x150-1.jpg\" class=\"w-1\/3 rounded object-cover  wp-post-image\" alt=\"Trading\" \/>\n                        <div class=\"flex flex-col w-2\/3 pl-3\">\n                                                        <span\n                                class=\"block py-1 grow text-sm font-bold \">7 Tipps, um beim Trading den Fokus zu bewahren<\/span>\n                                                            <span class=\"text-xs uppercase\">\n                                    Analyst Team\n                                <\/span>\n                                                    <\/div>\n                    <\/a>\n                <\/li>\n                    <\/ul>\n            \n    <\/aside>\n\n\n<aside class=\"wp-block-related-posts  \" data-sidebar>\n                    \n\n<h2 class=\"wp-block-heading\" class=\"wp-block-heading\" id=\"latest_news\">Latest News<\/h2>\n\n\n        <ul class=\"grid grid-cols-1 md:grid-cols-2 gap-4 lg:grid-cols-1\">\n                            <li class=\"w-full p-3 rounded-lg shadow md:w-full\">\n                    <a href=\"https:\/\/www.asktraders.com\/de\/finanznachrichten\/evonik-aktien-erreichen-neues-tief-als-e13-durchbrochen-werden\/\" class=\"flex\">\n                        <img loading=\"lazy\" decoding=\"async\" width=\"150\" height=\"150\" src=\"https:\/\/www.asktraders.com\/wp-content\/uploads\/2023\/05\/evonik-aktie-prognose-150x150.jpg\" class=\"w-1\/3 rounded object-cover  wp-post-image\" alt=\"Evonik Aktie\" \/>\n                        <div class=\"flex flex-col w-2\/3 pl-3\">\n                                                        <span\n                                class=\"block py-1 grow text-sm font-bold \">Evonik Aktien erreichen neues Tief, als \u20ac13 durchbrochen werden<\/span>\n                                                            <span class=\"text-xs uppercase\">\n                                    Analyst Team\n                                <\/span>\n                                                    <\/div>\n                    <\/a>\n                <\/li>\n                            <li class=\"w-full p-3 rounded-lg shadow md:w-full\">\n                    <a href=\"https:\/\/www.asktraders.com\/de\/finanznachrichten\/2g-energy-ag-aktie-erholt-sich-von-unterstuetzung-steigerung-von-10\/\" class=\"flex\">\n                        <img loading=\"lazy\" decoding=\"async\" width=\"150\" height=\"150\" src=\"https:\/\/www.asktraders.com\/wp-content\/uploads\/2025\/08\/power-and-energy-150x150.jpg\" class=\"w-1\/3 rounded object-cover  wp-post-image\" alt=\"Uniper UN0\" \/>\n                        <div class=\"flex flex-col w-2\/3 pl-3\">\n                                                        <span\n                                class=\"block py-1 grow text-sm font-bold \">2G Energy AG Aktie erholt sich von Unterst\u00fctzung \u2013 Steigerung von 10%<\/span>\n                                                            <span class=\"text-xs uppercase\">\n                                    Analyst Team\n                                <\/span>\n                                                    <\/div>\n                    <\/a>\n                <\/li>\n                            <li class=\"w-full p-3 rounded-lg shadow md:w-full\">\n                    <a href=\"https:\/\/www.asktraders.com\/de\/finanznachrichten\/mercedes-benz-aktie-goldman-sachs-initiiert-analystendeckung-mit-positiver-einschaetzung\/\" class=\"flex\">\n                        <img loading=\"lazy\" decoding=\"async\" width=\"150\" height=\"150\" src=\"https:\/\/www.asktraders.com\/wp-content\/uploads\/2023\/06\/aktie-mercedes-150x150.jpg\" class=\"w-1\/3 rounded object-cover  wp-post-image\" alt=\"Mercedes Aktie\" \/>\n                        <div class=\"flex flex-col w-2\/3 pl-3\">\n                                                        <span\n                                class=\"block py-1 grow text-sm font-bold \">Mercedes-Benz Aktie: Goldman Sachs initiiert Analystendeckung mit positiver Einsch\u00e4tzung<\/span>\n                                                            <span class=\"text-xs uppercase\">\n                                    Analyst Team\n                                <\/span>\n                                                    <\/div>\n                    <\/a>\n                <\/li>\n                            <li class=\"w-full p-3 rounded-lg shadow md:w-full\">\n                    <a href=\"https:\/\/www.asktraders.com\/de\/finanznachrichten\/dax-aktien-erholen-sich-nach-nvidia-beben-maerkte-atmen-auf\/\" class=\"flex\">\n                        <img loading=\"lazy\" decoding=\"async\" width=\"150\" height=\"150\" src=\"https:\/\/www.asktraders.com\/wp-content\/uploads\/2023\/04\/dax-handeln-150x150.jpg\" class=\"w-1\/3 rounded object-cover  wp-post-image\" alt=\"\" \/>\n                        <div class=\"flex flex-col w-2\/3 pl-3\">\n                                                        <span\n                                class=\"block py-1 grow text-sm font-bold \">DAX-Aktien erholen sich nach Nvidia-Beben: M\u00e4rkte atmen auf<\/span>\n                                                            <span class=\"text-xs uppercase\">\n                                    Analyst Team\n                                <\/span>\n                                                    <\/div>\n                    <\/a>\n                <\/li>\n                            <li class=\"w-full p-3 rounded-lg shadow md:w-full\">\n                    <a href=\"https:\/\/www.asktraders.com\/de\/finanznachrichten\/rheinmetall-aktien-finden-unterstuetzung-bei-1-600-e-wie-geht-es-weiter\/\" class=\"flex\">\n                        <img loading=\"lazy\" decoding=\"async\" width=\"150\" height=\"150\" src=\"https:\/\/www.asktraders.com\/wp-content\/uploads\/2022\/11\/Die-Rheinmetall-Aktie-im-Chart-150x150.jpg\" class=\"w-1\/3 rounded object-cover  wp-post-image\" alt=\"Die Rheinmetall Aktie im Chart\" \/>\n                        <div class=\"flex flex-col w-2\/3 pl-3\">\n                                                        <span\n                                class=\"block py-1 grow text-sm font-bold \">Rheinmetall-Aktien finden Unterst\u00fctzung bei 1.600 \u20ac \u2013 Wie geht es weiter?<\/span>\n                                                            <span class=\"text-xs uppercase\">\n                                    Analyst Team\n                                <\/span>\n                                                    <\/div>\n                    <\/a>\n                <\/li>\n                    <\/ul>\n            \n    <\/aside>\n\n\n<div class=\"wp-block-top5-broker\" data-sidebar>\n        <div>\n        \n\n<h2 class=\"wp-block-heading\"  class=\"wp-block-heading\"  id=\"\"><\/h2>\n\n\n    <\/div>\n            <div class=\"block bg-white rounded-lg shadow\">\n        <ul\n            class=\"flex flex-wrap w-full -mb-px list-none border-b-2 navTabs \">\n                                                                                                        <\/ul>\n                    <div class=\"navTabContent \" id=\"top5-tab1\">\n                <ol class=\"flex\n                flex-wrap\n                \">\n                                    <\/ol>\n                            <\/div>\n                    <div class=\"navTabContent hidden\" id=\"top5-tab2\">\n                <ol class=\"flex\n                flex-wrap\n                \">\n                                    <\/ol>\n                            <\/div>\n                    <div class=\"navTabContent hidden\" id=\"top5-tab3\">\n                <ol class=\"flex\n                flex-wrap\n                \">\n                                    <\/ol>\n                            <\/div>\n        \n    <\/div>\n    <\/div>\n","protected":false},"author":33,"featured_media":170333,"comment_status":"open","ping_status":"closed","template":"","news_cluster":[],"tradingcategory":[58519],"class_list":["post-170315","news","type-news","status-publish","has-post-thumbnail","hentry","tradingcategory-news-de"],"acf":[],"apple_news_notices":[],"yoast_head":"<!-- This site is optimized with the Yoast SEO plugin v27.2 - https:\/\/yoast.com\/product\/yoast-seo-wordpress\/ -->\n<title>UBS kauft Credit Suisse | Langfristig enormes Potenzial f\u00fcr UBS<\/title>\n<meta name=\"description\" content=\"Am Wochenende kam es zu einer dramatischen Rettungsaktion. Die Schweizer Gro\u00dfbank \u00fcbernimmt ihren Konkurrenten Credit Suisse. Es handelt sich um eine\" \/>\n<meta name=\"robots\" content=\"index, follow, max-snippet:-1, max-image-preview:large, max-video-preview:-1\" \/>\n<link rel=\"canonical\" href=\"https:\/\/www.asktraders.com\/de\/finanznachrichten\/ubs-uebernimmt-credit-suisse-aktie-stuerzt-ab\/\" \/>\n<meta property=\"og:locale\" content=\"de_DE\" \/>\n<meta property=\"og:type\" content=\"article\" \/>\n<meta property=\"og:title\" content=\"UBS kauft Credit Suisse | Langfristig enormes Potenzial f\u00fcr UBS\" \/>\n<meta property=\"og:description\" content=\"Am Wochenende kam es zu einer dramatischen Rettungsaktion. Die Schweizer Gro\u00dfbank \u00fcbernimmt ihren Konkurrenten Credit Suisse. Es handelt sich um eine\" \/>\n<meta property=\"og:url\" content=\"https:\/\/www.asktraders.com\/de\/finanznachrichten\/ubs-uebernimmt-credit-suisse-aktie-stuerzt-ab\/\" \/>\n<meta property=\"og:site_name\" content=\"AskTraders.com\" \/>\n<meta property=\"article:publisher\" content=\"https:\/\/www.facebook.com\/asktraderscom\" \/>\n<meta property=\"article:modified_time\" content=\"2023-03-30T10:08:12+00:00\" \/>\n<meta property=\"og:image\" content=\"https:\/\/www.asktraders.com\/wp-content\/uploads\/2023\/03\/UBS-kauft-Credit-Suisse.jpg\" \/>\n\t<meta property=\"og:image:width\" content=\"1000\" \/>\n\t<meta property=\"og:image:height\" content=\"667\" \/>\n\t<meta property=\"og:image:type\" content=\"image\/jpeg\" \/>\n<meta name=\"twitter:card\" content=\"summary_large_image\" \/>\n<meta name=\"twitter:site\" content=\"@Asktraders1\" \/>\n<meta name=\"twitter:label1\" content=\"Gesch\u00e4tzte Lesezeit\" \/>\n\t<meta name=\"twitter:data1\" content=\"4 Minuten\" \/>\n<script type=\"application\/ld+json\" class=\"yoast-schema-graph\">{\"@context\":\"https:\/\/schema.org\",\"@graph\":[{\"@type\":\"NewsArticle\",\"@id\":\"https:\/\/www.asktraders.com\/de\/finanznachrichten\/ubs-uebernimmt-credit-suisse-aktie-stuerzt-ab\/#article\",\"isPartOf\":{\"@id\":\"https:\/\/www.asktraders.com\/de\/finanznachrichten\/ubs-uebernimmt-credit-suisse-aktie-stuerzt-ab\/\"},\"author\":{\"name\":\"Ruben Wunderlich\",\"@id\":\"https:\/\/www.asktraders.com\/de\/#\/schema\/person\/6e2f89f6a9f3eecbfe9cf3be140769ba\",\"url\":\"https:\/\/www.asktraders.com\/de\/author\/rubenw\/\"},\"headline\":\"UBS \u00fcbernimmt Credit Suisse &#8211; Aktie st\u00fcrzt ab\",\"datePublished\":\"2023-03-20T11:48:52+00:00\",\"dateModified\":\"2023-03-30T10:08:12+00:00\",\"mainEntityOfPage\":{\"@id\":\"https:\/\/www.asktraders.com\/de\/finanznachrichten\/ubs-uebernimmt-credit-suisse-aktie-stuerzt-ab\/\"},\"wordCount\":538,\"commentCount\":0,\"publisher\":{\"@id\":\"https:\/\/www.asktraders.com\/de\/#organization\"},\"image\":{\"@id\":\"https:\/\/www.asktraders.com\/de\/finanznachrichten\/ubs-uebernimmt-credit-suisse-aktie-stuerzt-ab\/#primaryimage\"},\"thumbnailUrl\":\"https:\/\/www.asktraders.com\/wp-content\/uploads\/2023\/03\/UBS-kauft-Credit-Suisse.jpg\",\"inLanguage\":\"de-DE\",\"potentialAction\":[{\"@type\":\"CommentAction\",\"name\":\"Comment\",\"target\":[\"https:\/\/www.asktraders.com\/de\/finanznachrichten\/ubs-uebernimmt-credit-suisse-aktie-stuerzt-ab\/#respond\"]}]},{\"@type\":\"WebPage\",\"@id\":\"https:\/\/www.asktraders.com\/de\/finanznachrichten\/ubs-uebernimmt-credit-suisse-aktie-stuerzt-ab\/\",\"url\":\"https:\/\/www.asktraders.com\/de\/finanznachrichten\/ubs-uebernimmt-credit-suisse-aktie-stuerzt-ab\/\",\"name\":\"UBS kauft Credit Suisse | Langfristig enormes Potenzial f\u00fcr UBS\",\"isPartOf\":{\"@id\":\"https:\/\/www.asktraders.com\/de\/#website\"},\"primaryImageOfPage\":{\"@id\":\"https:\/\/www.asktraders.com\/de\/finanznachrichten\/ubs-uebernimmt-credit-suisse-aktie-stuerzt-ab\/#primaryimage\"},\"image\":{\"@id\":\"https:\/\/www.asktraders.com\/de\/finanznachrichten\/ubs-uebernimmt-credit-suisse-aktie-stuerzt-ab\/#primaryimage\"},\"thumbnailUrl\":\"https:\/\/www.asktraders.com\/wp-content\/uploads\/2023\/03\/UBS-kauft-Credit-Suisse.jpg\",\"datePublished\":\"2023-03-20T11:48:52+00:00\",\"dateModified\":\"2023-03-30T10:08:12+00:00\",\"description\":\"Am Wochenende kam es zu einer dramatischen Rettungsaktion. Die Schweizer Gro\u00dfbank \u00fcbernimmt ihren Konkurrenten Credit Suisse. Es handelt sich um eine\",\"breadcrumb\":{\"@id\":\"https:\/\/www.asktraders.com\/de\/finanznachrichten\/ubs-uebernimmt-credit-suisse-aktie-stuerzt-ab\/#breadcrumb\"},\"inLanguage\":\"de-DE\",\"potentialAction\":[{\"@type\":\"ReadAction\",\"target\":[\"https:\/\/www.asktraders.com\/de\/finanznachrichten\/ubs-uebernimmt-credit-suisse-aktie-stuerzt-ab\/\"]}]},{\"@type\":\"ImageObject\",\"inLanguage\":\"de-DE\",\"@id\":\"https:\/\/www.asktraders.com\/de\/finanznachrichten\/ubs-uebernimmt-credit-suisse-aktie-stuerzt-ab\/#primaryimage\",\"url\":\"https:\/\/www.asktraders.com\/wp-content\/uploads\/2023\/03\/UBS-kauft-Credit-Suisse.jpg\",\"contentUrl\":\"https:\/\/www.asktraders.com\/wp-content\/uploads\/2023\/03\/UBS-kauft-Credit-Suisse.jpg\",\"width\":1000,\"height\":667,\"caption\":\"UBS kauft Credit Suisse\"},{\"@type\":\"BreadcrumbList\",\"@id\":\"https:\/\/www.asktraders.com\/de\/finanznachrichten\/ubs-uebernimmt-credit-suisse-aktie-stuerzt-ab\/#breadcrumb\",\"itemListElement\":[{\"@type\":\"ListItem\",\"position\":1,\"name\":\"Home\",\"item\":\"https:\/\/www.asktraders.com\/de\/\"},{\"@type\":\"ListItem\",\"position\":2,\"name\":\"News\",\"item\":\"https:\/\/www.asktraders.com\/de\/finanznachrichten\/\"},{\"@type\":\"ListItem\",\"position\":3,\"name\":\"UBS \u00fcbernimmt Credit Suisse &#8211; Aktie st\u00fcrzt ab\"}]},{\"@type\":\"WebSite\",\"@id\":\"https:\/\/www.asktraders.com\/de\/#website\",\"url\":\"https:\/\/www.asktraders.com\/de\/\",\"name\":\"AskTraders\",\"description\":\"Guiding You To Trading Success\",\"publisher\":{\"@id\":\"https:\/\/www.asktraders.com\/de\/#organization\"},\"inLanguage\":\"de-DE\"},{\"@type\":\"Organization\",\"@id\":\"https:\/\/www.asktraders.com\/de\/#organization\",\"name\":\"AskTraders\",\"url\":\"https:\/\/www.asktraders.com\/de\/\",\"logo\":{\"@type\":\"ImageObject\",\"inLanguage\":\"de-DE\",\"@id\":\"https:\/\/www.asktraders.com\/de\/#\/schema\/logo\/image\/\",\"url\":\"https:\/\/www.asktraders.com\/wp-content\/uploads\/2019\/05\/asktraders-logo-tm-white.png\",\"contentUrl\":\"https:\/\/www.asktraders.com\/wp-content\/uploads\/2019\/05\/asktraders-logo-tm-white.png\",\"width\":232,\"height\":38,\"caption\":\"AskTraders\"},\"image\":{\"@id\":\"https:\/\/www.asktraders.com\/de\/#\/schema\/logo\/image\/\"},\"sameAs\":[\"https:\/\/www.facebook.com\/asktraderscom\",\"https:\/\/x.com\/Asktraders1\"]},{\"@type\":\"Person\",\"@id\":\"https:\/\/www.asktraders.com\/de\/#\/schema\/person\/6e2f89f6a9f3eecbfe9cf3be140769ba\",\"name\":\"Ruben Wunderlich\",\"image\":{\"@type\":\"ImageObject\",\"inLanguage\":\"de-DE\",\"@id\":\"https:\/\/secure.gravatar.com\/avatar\/a169813ebb7fc5db497811c94e0e5111ffd756d2135b8bb267093c55024a2119?s=96&d=mm&r=g\",\"url\":\"https:\/\/secure.gravatar.com\/avatar\/a169813ebb7fc5db497811c94e0e5111ffd756d2135b8bb267093c55024a2119?s=96&d=mm&r=g\",\"contentUrl\":\"https:\/\/secure.gravatar.com\/avatar\/a169813ebb7fc5db497811c94e0e5111ffd756d2135b8bb267093c55024a2119?s=96&d=mm&r=g\",\"caption\":\"Ruben Wunderlich\"}}]}<\/script>\n<!-- \/ Yoast SEO plugin. -->","yoast_head_json":{"title":"UBS kauft Credit Suisse | Langfristig enormes Potenzial f\u00fcr UBS","description":"Am Wochenende kam es zu einer dramatischen Rettungsaktion. Die Schweizer Gro\u00dfbank \u00fcbernimmt ihren Konkurrenten Credit Suisse. Es handelt sich um eine","robots":{"index":"index","follow":"follow","max-snippet":"max-snippet:-1","max-image-preview":"max-image-preview:large","max-video-preview":"max-video-preview:-1"},"canonical":"https:\/\/www.asktraders.com\/de\/finanznachrichten\/ubs-uebernimmt-credit-suisse-aktie-stuerzt-ab\/","og_locale":"de_DE","og_type":"article","og_title":"UBS kauft Credit Suisse | Langfristig enormes Potenzial f\u00fcr UBS","og_description":"Am Wochenende kam es zu einer dramatischen Rettungsaktion. Die Schweizer Gro\u00dfbank \u00fcbernimmt ihren Konkurrenten Credit Suisse. Es handelt sich um eine","og_url":"https:\/\/www.asktraders.com\/de\/finanznachrichten\/ubs-uebernimmt-credit-suisse-aktie-stuerzt-ab\/","og_site_name":"AskTraders.com","article_publisher":"https:\/\/www.facebook.com\/asktraderscom","article_modified_time":"2023-03-30T10:08:12+00:00","og_image":[{"width":1000,"height":667,"url":"https:\/\/www.asktraders.com\/wp-content\/uploads\/2023\/03\/UBS-kauft-Credit-Suisse.jpg","type":"image\/jpeg"}],"twitter_card":"summary_large_image","twitter_site":"@Asktraders1","twitter_misc":{"Gesch\u00e4tzte Lesezeit":"4 Minuten"},"schema":{"@context":"https:\/\/schema.org","@graph":[{"@type":"NewsArticle","@id":"https:\/\/www.asktraders.com\/de\/finanznachrichten\/ubs-uebernimmt-credit-suisse-aktie-stuerzt-ab\/#article","isPartOf":{"@id":"https:\/\/www.asktraders.com\/de\/finanznachrichten\/ubs-uebernimmt-credit-suisse-aktie-stuerzt-ab\/"},"author":{"name":"Ruben Wunderlich","@id":"https:\/\/www.asktraders.com\/de\/#\/schema\/person\/6e2f89f6a9f3eecbfe9cf3be140769ba","url":"https:\/\/www.asktraders.com\/de\/author\/rubenw\/"},"headline":"UBS \u00fcbernimmt Credit Suisse &#8211; Aktie st\u00fcrzt ab","datePublished":"2023-03-20T11:48:52+00:00","dateModified":"2023-03-30T10:08:12+00:00","mainEntityOfPage":{"@id":"https:\/\/www.asktraders.com\/de\/finanznachrichten\/ubs-uebernimmt-credit-suisse-aktie-stuerzt-ab\/"},"wordCount":538,"commentCount":0,"publisher":{"@id":"https:\/\/www.asktraders.com\/de\/#organization"},"image":{"@id":"https:\/\/www.asktraders.com\/de\/finanznachrichten\/ubs-uebernimmt-credit-suisse-aktie-stuerzt-ab\/#primaryimage"},"thumbnailUrl":"https:\/\/www.asktraders.com\/wp-content\/uploads\/2023\/03\/UBS-kauft-Credit-Suisse.jpg","inLanguage":"de-DE","potentialAction":[{"@type":"CommentAction","name":"Comment","target":["https:\/\/www.asktraders.com\/de\/finanznachrichten\/ubs-uebernimmt-credit-suisse-aktie-stuerzt-ab\/#respond"]}]},{"@type":"WebPage","@id":"https:\/\/www.asktraders.com\/de\/finanznachrichten\/ubs-uebernimmt-credit-suisse-aktie-stuerzt-ab\/","url":"https:\/\/www.asktraders.com\/de\/finanznachrichten\/ubs-uebernimmt-credit-suisse-aktie-stuerzt-ab\/","name":"UBS kauft Credit Suisse | Langfristig enormes Potenzial f\u00fcr UBS","isPartOf":{"@id":"https:\/\/www.asktraders.com\/de\/#website"},"primaryImageOfPage":{"@id":"https:\/\/www.asktraders.com\/de\/finanznachrichten\/ubs-uebernimmt-credit-suisse-aktie-stuerzt-ab\/#primaryimage"},"image":{"@id":"https:\/\/www.asktraders.com\/de\/finanznachrichten\/ubs-uebernimmt-credit-suisse-aktie-stuerzt-ab\/#primaryimage"},"thumbnailUrl":"https:\/\/www.asktraders.com\/wp-content\/uploads\/2023\/03\/UBS-kauft-Credit-Suisse.jpg","datePublished":"2023-03-20T11:48:52+00:00","dateModified":"2023-03-30T10:08:12+00:00","description":"Am Wochenende kam es zu einer dramatischen Rettungsaktion. Die Schweizer Gro\u00dfbank \u00fcbernimmt ihren Konkurrenten Credit Suisse. Es handelt sich um eine","breadcrumb":{"@id":"https:\/\/www.asktraders.com\/de\/finanznachrichten\/ubs-uebernimmt-credit-suisse-aktie-stuerzt-ab\/#breadcrumb"},"inLanguage":"de-DE","potentialAction":[{"@type":"ReadAction","target":["https:\/\/www.asktraders.com\/de\/finanznachrichten\/ubs-uebernimmt-credit-suisse-aktie-stuerzt-ab\/"]}]},{"@type":"ImageObject","inLanguage":"de-DE","@id":"https:\/\/www.asktraders.com\/de\/finanznachrichten\/ubs-uebernimmt-credit-suisse-aktie-stuerzt-ab\/#primaryimage","url":"https:\/\/www.asktraders.com\/wp-content\/uploads\/2023\/03\/UBS-kauft-Credit-Suisse.jpg","contentUrl":"https:\/\/www.asktraders.com\/wp-content\/uploads\/2023\/03\/UBS-kauft-Credit-Suisse.jpg","width":1000,"height":667,"caption":"UBS kauft Credit Suisse"},{"@type":"BreadcrumbList","@id":"https:\/\/www.asktraders.com\/de\/finanznachrichten\/ubs-uebernimmt-credit-suisse-aktie-stuerzt-ab\/#breadcrumb","itemListElement":[{"@type":"ListItem","position":1,"name":"Home","item":"https:\/\/www.asktraders.com\/de\/"},{"@type":"ListItem","position":2,"name":"News","item":"https:\/\/www.asktraders.com\/de\/finanznachrichten\/"},{"@type":"ListItem","position":3,"name":"UBS \u00fcbernimmt Credit Suisse &#8211; Aktie st\u00fcrzt ab"}]},{"@type":"WebSite","@id":"https:\/\/www.asktraders.com\/de\/#website","url":"https:\/\/www.asktraders.com\/de\/","name":"AskTraders","description":"Guiding You To Trading Success","publisher":{"@id":"https:\/\/www.asktraders.com\/de\/#organization"},"inLanguage":"de-DE"},{"@type":"Organization","@id":"https:\/\/www.asktraders.com\/de\/#organization","name":"AskTraders","url":"https:\/\/www.asktraders.com\/de\/","logo":{"@type":"ImageObject","inLanguage":"de-DE","@id":"https:\/\/www.asktraders.com\/de\/#\/schema\/logo\/image\/","url":"https:\/\/www.asktraders.com\/wp-content\/uploads\/2019\/05\/asktraders-logo-tm-white.png","contentUrl":"https:\/\/www.asktraders.com\/wp-content\/uploads\/2019\/05\/asktraders-logo-tm-white.png","width":232,"height":38,"caption":"AskTraders"},"image":{"@id":"https:\/\/www.asktraders.com\/de\/#\/schema\/logo\/image\/"},"sameAs":["https:\/\/www.facebook.com\/asktraderscom","https:\/\/x.com\/Asktraders1"]},{"@type":"Person","@id":"https:\/\/www.asktraders.com\/de\/#\/schema\/person\/6e2f89f6a9f3eecbfe9cf3be140769ba","name":"Ruben Wunderlich","image":{"@type":"ImageObject","inLanguage":"de-DE","@id":"https:\/\/secure.gravatar.com\/avatar\/a169813ebb7fc5db497811c94e0e5111ffd756d2135b8bb267093c55024a2119?s=96&d=mm&r=g","url":"https:\/\/secure.gravatar.com\/avatar\/a169813ebb7fc5db497811c94e0e5111ffd756d2135b8bb267093c55024a2119?s=96&d=mm&r=g","contentUrl":"https:\/\/secure.gravatar.com\/avatar\/a169813ebb7fc5db497811c94e0e5111ffd756d2135b8bb267093c55024a2119?s=96&d=mm&r=g","caption":"Ruben Wunderlich"}}]}},"_links":{"self":[{"href":"https:\/\/www.asktraders.com\/de\/wp-json\/wp\/v2\/news\/170315","targetHints":{"allow":["GET"]}}],"collection":[{"href":"https:\/\/www.asktraders.com\/de\/wp-json\/wp\/v2\/news"}],"about":[{"href":"https:\/\/www.asktraders.com\/de\/wp-json\/wp\/v2\/types\/news"}],"author":[{"embeddable":true,"href":"https:\/\/www.asktraders.com\/de\/wp-json\/wp\/v2\/users\/33"}],"replies":[{"embeddable":true,"href":"https:\/\/www.asktraders.com\/de\/wp-json\/wp\/v2\/comments?post=170315"}],"version-history":[{"count":0,"href":"https:\/\/www.asktraders.com\/de\/wp-json\/wp\/v2\/news\/170315\/revisions"}],"wp:featuredmedia":[{"embeddable":true,"href":"https:\/\/www.asktraders.com\/de\/wp-json\/wp\/v2\/media\/170333"}],"wp:attachment":[{"href":"https:\/\/www.asktraders.com\/de\/wp-json\/wp\/v2\/media?parent=170315"}],"wp:term":[{"taxonomy":"news_cluster","embeddable":true,"href":"https:\/\/www.asktraders.com\/de\/wp-json\/wp\/v2\/news_cluster?post=170315"},{"taxonomy":"tradingcategory","embeddable":true,"href":"https:\/\/www.asktraders.com\/de\/wp-json\/wp\/v2\/tradingcategory?post=170315"}],"curies":[{"name":"wp","href":"https:\/\/api.w.org\/{rel}","templated":true}]}}