{"id":171530,"date":"2023-04-19T14:03:51","date_gmt":"2023-04-19T13:03:51","guid":{"rendered":"https:\/\/www.asktraders.com\/?post_type=news&#038;p=171530"},"modified":"2023-04-19T14:04:17","modified_gmt":"2023-04-19T13:04:17","slug":"carl-zeiss-meditec-aktie-truebe-aussichten-fuer-das-unternehmen","status":"publish","type":"news","link":"https:\/\/www.asktraders.com\/de\/finanznachrichten\/carl-zeiss-meditec-aktie-truebe-aussichten-fuer-das-unternehmen\/","title":{"rendered":"Carl Zeiss Meditec Aktie: Tr\u00fcbe Aussichten f\u00fcr das Unternehmen"},"content":{"rendered":"\n<p>Die Carl Zeiss Meditec Aktie bricht nach Bekanntgabe der Ergebnisse f\u00fcr das erste Halbjahr des Gesch\u00e4ftsjahres 2022\/23 ein. Investoren hatten mit einem besseren Ergebnis gerechnet. <\/p>\n\n\n\n<p>Im Speziellen der einbrechende Gewinn l\u00e4sst Anleger Kopfzerbrechen bereiten.<\/p>\n\n\n\n<div class=\"wp-block-group main-cta is-layout-flow wp-block-group-is-layout-flow\" style=\"padding-top:10px;padding-right:10px;padding-bottom:10px;padding-left:10px\">\n<hr class=\"wp-block-separator has-text-color has-gray-color has-alpha-channel-opacity has-gray-background-color has-background is-style-wide\"\/>\n\n\n\n<div style=\"height:28px\" aria-hidden=\"true\" class=\"wp-block-spacer\"><\/div>\n\n\n\n<div class=\"wp-block-buttons is-content-justification-center is-layout-flex wp-container-core-buttons-is-layout-16018d1d wp-block-buttons-is-layout-flex\">\n<div class=\"wp-block-button has-custom-width wp-block-button__width-100 has-custom-font-size is-style-fill has-small-font-size\"><a class=\"wp-block-button__link has-green-background-color has-background\" href=\"https:\/\/www.asktraders.com\/de\/go\/native?placement=AT-DE-DE-stocks-NCTA-B1-NA-NA-NA\" style=\"border-radius:5px;padding-top:11px;padding-right:40px;padding-bottom:11px;padding-left:40px\" target=\"_blank\" rel=\"noreferrer noopener\">HIER GEHT&#8217;s zur Carl zeiss meditec Aktie<\/a><\/div>\n<\/div>\n\n\n\n<p class=\"has-text-align-center\">Ihr Kapital ist in Gefahr<\/p>\n\n\n\n<hr class=\"wp-block-separator has-text-color has-gray-color has-alpha-channel-opacity has-gray-background-color has-background is-style-wide\"\/>\n<\/div>\n\n\n<figure class=\"wp-block-post-featured-image\"><img loading=\"lazy\" decoding=\"async\" width=\"973\" height=\"298\" src=\"https:\/\/www.asktraders.com\/wp-content\/uploads\/2023\/04\/Carl-Zeiss-Meditec-Aktie.jpg\" class=\"attachment-post-thumbnail size-post-thumbnail wp-post-image\" alt=\"Carl Zeiss Meditec Aktie\" style=\"object-fit:cover;\" srcset=\"https:\/\/www.asktraders.com\/wp-content\/uploads\/2023\/04\/Carl-Zeiss-Meditec-Aktie.jpg 973w, https:\/\/www.asktraders.com\/wp-content\/uploads\/2023\/04\/Carl-Zeiss-Meditec-Aktie-333x102.jpg 333w, https:\/\/www.asktraders.com\/wp-content\/uploads\/2023\/04\/Carl-Zeiss-Meditec-Aktie-793x243.jpg 793w, https:\/\/www.asktraders.com\/wp-content\/uploads\/2023\/04\/Carl-Zeiss-Meditec-Aktie-768x235.jpg 768w\" sizes=\"auto, (max-width: 973px) 100vw, 973px\" \/><\/figure>\n\n\n<p class=\"has-text-align-center\"><em>Bilderquelle: zeiss.com<\/em><\/p>\n\n\n<div class=\"wp-block-notice has-background has-light-green-background-color py-2 px-[30px]\">\n\n    <div>\n        \n\n<h3 class=\"wp-block-heading\" class=\"wp-block-heading\" id=\"auf_den_punkt_gebracht_ergebnisse_des_1_halbjahres_2022_23\">Auf den Punkt gebracht (Ergebnisse des 1. Halbjahres 2022\/23)<\/h3>\n\n\n\n<ul class=\"wp-block-list\"><li>Umsatz: 974,5 Mio. EUR (Vorjahr: 855,4 Mio. EUR)<\/li><li>EBIT: 143,9 Mio. EUR (Vorjahr: 177,3 Mio. EUR)<\/li><li>Gewinn je Aktie: 1,26 EUR (Vorjahr: 1,44 EUR)<\/li><li>EBIT-Marge Prognose wurde gesenkt auf 17 bis 20 Prozent (vorher: 19 bis 21 Prozent)<\/li><\/ul>\n\n\n    <\/div>\n<\/div>\n\n\n\n<div class=\"wp-block-yoast-seo-table-of-contents yoast-table-of-contents\"><h2 id=\"table_of_contents\">Table of contents<\/h2><ul><li><a href=\"#auf\" data-level=\"2\">Nur eine kleine Delle oder ziehen dunkle Wolken am Himmel auf?<\/a><\/li><\/ul><\/div>\n\n\n\n<div class=\"wp-block-group main-cta is-layout-flow wp-block-group-is-layout-flow\" style=\"padding-top:10px;padding-right:10px;padding-bottom:10px;padding-left:10px\">\n<hr class=\"wp-block-separator has-text-color has-gray-color has-alpha-channel-opacity has-gray-background-color has-background is-style-wide\"\/>\n\n\n\n<div style=\"height:28px\" aria-hidden=\"true\" class=\"wp-block-spacer\"><\/div>\n\n\n\n<div class=\"wp-block-buttons is-content-justification-center is-layout-flex wp-container-core-buttons-is-layout-16018d1d wp-block-buttons-is-layout-flex\">\n<div class=\"wp-block-button has-custom-width wp-block-button__width-100 has-custom-font-size is-style-fill has-small-font-size\"><a class=\"wp-block-button__link has-green-background-color has-background\" href=\"https:\/\/www.asktraders.com\/de\/go\/native?placement=AT-DE-DE-stocks-NCTA-B1-NA-NA-NA\" style=\"border-radius:5px;padding-top:11px;padding-right:40px;padding-bottom:11px;padding-left:40px\" target=\"_blank\" rel=\"noreferrer noopener\">HIER GEHT&#8217;s zur Carl zeiss meditec Aktie<\/a><\/div>\n<\/div>\n\n\n\n<p class=\"has-text-align-center\">Ihr Kapital ist in Gefahr<\/p>\n\n\n\n<hr class=\"wp-block-separator has-text-color has-gray-color has-alpha-channel-opacity has-gray-background-color has-background is-style-wide\"\/>\n<\/div>\n\n\n\n<p>Die Carl Zeiss Aktie brach am Morgen des 19. April 2023 um \u00fcber 7 Prozent ein. zwar konnte der Umsatz im ersten Halbjahr des Gesch\u00e4ftsjahres 2022\/23 im Vergleich zum Vorjahr gesteigert werden.<\/p>\n\n\n\n<p>Doch die Gewinne sind deutlich eingebrochen. Das schmeckte den Anlegern gar nicht. Carl Zeiss erkl\u00e4rte diese Entwicklung in einer Pressemitteilung wie folgt:<\/p>\n\n\n\n<blockquote class=\"wp-block-quote has-light-green-background-color has-background is-layout-flow wp-block-quote-is-layout-flow\"><p><em>&#8222;Die r\u00fcckl\u00e4ufige Entwicklung des operativen Gewinns resultiert prim\u00e4r aus einem schw\u00e4cheren Produktmix aufgrund eines niedrigeren Anteils an Verbrauchsmaterialien zu Beginn des Gesch\u00e4ftsjahres, unter anderem im Zusammenhang mit der COVID-19-Pandemie in China. Weiterhin wirken sich h\u00f6here Beschaffungskosten und allgemein steigende Lohnkosten nachteilig aus. Strategische Investitionen in Forschung und Entwicklung sowie Vertrieb und Marketing bleiben unver\u00e4ndert auf einem hohen Niveau.&#8220;<\/em><\/p><\/blockquote>\n\n\n\n<p>In diesem Kontext korrigierte Carl Zeiss die Prognose der EBIT-Marge um ein bis zwei Prozentpunkte nach unten.<\/p>\n\n\n\n<figure class=\"wp-block-image size-large\"><img loading=\"lazy\" decoding=\"async\" width=\"793\" height=\"630\" src=\"https:\/\/www.asktraders.com\/wp-content\/uploads\/2023\/04\/carl-zeiss-aktie-793x630.jpg\" alt=\" carl zeiss aktie\n\" class=\"wp-image-171546\" srcset=\"https:\/\/www.asktraders.com\/wp-content\/uploads\/2023\/04\/carl-zeiss-aktie-793x630.jpg 793w, https:\/\/www.asktraders.com\/wp-content\/uploads\/2023\/04\/carl-zeiss-aktie-333x264.jpg 333w, https:\/\/www.asktraders.com\/wp-content\/uploads\/2023\/04\/carl-zeiss-aktie-768x610.jpg 768w, https:\/\/www.asktraders.com\/wp-content\/uploads\/2023\/04\/carl-zeiss-aktie.jpg 1000w\" sizes=\"auto, (max-width: 793px) 100vw, 793px\" \/><figcaption><em>Bilderquelle: zeiss.com<\/em><\/figcaption><\/figure>\n\n\n\n<p>Der operative Gewinn (EBIT) soll sich im zweiten Halbjahr dann wieder deutlich erholen. Auf das Jahr hochgerechnet peilt der Konzern einen Umsatz von 2,1 Milliarden EUR an.<\/p>\n\n\n\n<p>Diese Aussagen f\u00fchrten dazu, dass die Carl Zeiss Meditec Aktie um \u00fcber 7 Prozent nachgab.<\/p>\n\n\n\n<div class=\"wp-block-group main-cta is-layout-flow wp-block-group-is-layout-flow\" style=\"padding-top:10px;padding-right:10px;padding-bottom:10px;padding-left:10px\">\n<hr class=\"wp-block-separator has-text-color has-gray-color has-alpha-channel-opacity has-gray-background-color has-background is-style-wide\"\/>\n\n\n\n<div style=\"height:28px\" aria-hidden=\"true\" class=\"wp-block-spacer\"><\/div>\n\n\n\n<div class=\"wp-block-buttons is-content-justification-center is-layout-flex wp-container-core-buttons-is-layout-16018d1d wp-block-buttons-is-layout-flex\">\n<div class=\"wp-block-button has-custom-width wp-block-button__width-100 has-custom-font-size is-style-fill has-small-font-size\"><a class=\"wp-block-button__link has-green-background-color has-background\" href=\"https:\/\/www.asktraders.com\/de\/go\/native?placement=AT-DE-DE-stocks-NCTA-B1-NA-NA-NA\" style=\"border-radius:5px;padding-top:11px;padding-right:40px;padding-bottom:11px;padding-left:40px\" target=\"_blank\" rel=\"noreferrer noopener\">HIER GEHT&#8217;s zur Carl zeiss meditec Aktie<\/a><\/div>\n<\/div>\n\n\n\n<p class=\"has-text-align-center\">Ihr Kapital ist in Gefahr<\/p>\n\n\n\n<hr class=\"wp-block-separator has-text-color has-gray-color has-alpha-channel-opacity has-gray-background-color has-background is-style-wide\"\/>\n<\/div>\n\n\n\n<h2 class=\"wp-block-heading\"  class=\"wp-block-heading\"  id=\"nur_eine_kleine_delle_oder_ziehen_dunkle_wolken_am_himmel_auf\">Nur eine kleine Delle oder ziehen dunkle Wolken am Himmel auf?<\/h2>\n\n\n\n<p>Es stellt sich jetzt die Frage, ob es sich hier nur um eine Delle handelt oder ob die Zahlen generell nichts Gutes erahnen lassen.<\/p>\n\n\n\n<p>Bereits im Dezember 2022 wies das Unternehmen darauf hin, dass <em>&#8222;Kostensteigerungen aus Personalaufbau, Tarifabschl\u00fcssen und aus den Lieferketten zus\u00e4tzlich belasten&#8220;<\/em> k\u00f6nnen.<\/p>\n\n\n\n<p>Damals rutsche der Aktienkurs der Carl Zeiss Aktie ebenfalls auf etwa 115 EUR ab, dem Kursstand von heute.<\/p>\n\n\n\n<p>Das ist wunderbar auf folgendem <a href=\"https:\/\/www.asktraders.com\/de\/traden-lernen\/technische-analyse\/chart-technische-analyse\/\">Chart <\/a>ersichtlich (mit einem Klick vergr\u00f6\u00dferbar):<\/p>\n\n\n\n<figure class=\"wp-block-image size-large\"><a href=\"https:\/\/www.asktraders.com\/wp-content\/uploads\/2023\/04\/carl-zeiss-aktie-chart.png\" target=\"_blank\" rel=\"noreferrer noopener\"><img loading=\"lazy\" decoding=\"async\" width=\"793\" height=\"328\" src=\"https:\/\/www.asktraders.com\/wp-content\/uploads\/2023\/04\/carl-zeiss-aktie-chart-793x328.png\" alt=\"\" class=\"wp-image-171532\" srcset=\"https:\/\/www.asktraders.com\/wp-content\/uploads\/2023\/04\/carl-zeiss-aktie-chart-793x328.png 793w, https:\/\/www.asktraders.com\/wp-content\/uploads\/2023\/04\/carl-zeiss-aktie-chart-333x138.png 333w, https:\/\/www.asktraders.com\/wp-content\/uploads\/2023\/04\/carl-zeiss-aktie-chart-768x318.png 768w, https:\/\/www.asktraders.com\/wp-content\/uploads\/2023\/04\/carl-zeiss-aktie-chart-1536x636.png 1536w, https:\/\/www.asktraders.com\/wp-content\/uploads\/2023\/04\/carl-zeiss-aktie-chart.png 1784w\" sizes=\"auto, (max-width: 793px) 100vw, 793px\" \/><\/a><figcaption><em>\u00c4hnliche Reaktion der Anleger zu \u00e4hnlichen Aussagen von CZ; Chart mit eToro erstellt<\/em><\/figcaption><\/figure>\n\n\n\n<p>K\u00f6nnen wir jetzt aus charttechnischer Sicht heraus schlie\u00dfen, dass die Aktie nun ihren Boden gefunden hat und wieder steigen wird?<\/p>\n\n\n\n<p>Es k\u00f6nnte sein. Zumindest wurde der erste starke Abverkauf zun\u00e4chst auf dem Niveau von 111 Euro abgefangen.<\/p>\n\n\n\n<p>Sehr spekulative Trader versuchen jetzt den Rebound zu <a href=\"https:\/\/www.asktraders.com\/de\/traden-lernen\/trading-ratgeber\/aktien-order\/\">handeln<\/a>, mit Absicherung unter dem Tagestief.<\/p>\n\n\n\n<p>Werfen wir noch einen Blick auf die Entwicklung der Marge. Das war einer der Hauptpunkte, welcher Anleger sauer aufstie\u00dfen lie\u00df.<\/p>\n\n\n\n<figure class=\"wp-block-image size-large\"><img loading=\"lazy\" decoding=\"async\" width=\"793\" height=\"444\" src=\"https:\/\/www.asktraders.com\/wp-content\/uploads\/2023\/04\/carl-zeiss-aktie-profitabilitaet-793x444.png\" alt=\"\" class=\"wp-image-171539\" srcset=\"https:\/\/www.asktraders.com\/wp-content\/uploads\/2023\/04\/carl-zeiss-aktie-profitabilitaet-793x444.png 793w, https:\/\/www.asktraders.com\/wp-content\/uploads\/2023\/04\/carl-zeiss-aktie-profitabilitaet-333x186.png 333w, https:\/\/www.asktraders.com\/wp-content\/uploads\/2023\/04\/carl-zeiss-aktie-profitabilitaet-768x430.png 768w, https:\/\/www.asktraders.com\/wp-content\/uploads\/2023\/04\/carl-zeiss-aktie-profitabilitaet.png 920w\" sizes=\"auto, (max-width: 793px) 100vw, 793px\" \/><figcaption>Quelle: aktie.traderfox.com<\/figcaption><\/figure>\n\n\n\n<p>Auf obiger Grafik ist die Entwicklung der Margen zu sehen. Prim\u00e4r die EBIT- und Gewinn-Margen hatten sich in den vergangenen Jahren ausgezeichnet entwickelt.<\/p>\n\n\n\n<p>In den Jahren 2021 und 2022 konnte sich die EBIT-Marge oberhalb von 21 Prozent behaupten (21,16 % respektive 21,71 %).<\/p>\n\n\n\n<p>In den Jahren 2017 bis 2019 lag die EBIT-Marge zwischen 14 und 16 Prozent.<\/p>\n\n\n\n<p>Daher waren Investoren entt\u00e4uscht, als sie heute h\u00f6rten, dass die Prognose f\u00fcr die EBIT-Marge nach unten auf 17 bis 20 Prozent angepasst wurde.<\/p>\n\n\n\n<p>Wir gehen davon aus, dass es Carl Zeiss schafft, die Margen-Entwicklung auf mittelfristige Sicht wieder \u00fcber 20 Prozent zu heben. <\/p>\n\n\n\n<p>Und selbst, wenn sie sich etwas unterhalb einpendeln sollte, ist Carl Zeiss dennoch ein hervorragend aufgestelltes Unternehmen.<\/p>\n\n\n\n<p>Aktion\u00e4re erhalten regelm\u00e4\u00dfig eine stetig steigende <a href=\"https:\/\/www.asktraders.com\/de\/traden-lernen\/aktien\/beste-dividende-aktien\/\">Dividende <\/a>(mit kleinen Unterbrechungen) wobei dir Aussch\u00fcttungsquote in einem absolut vertretbaren Rahmen liegt.<\/p>\n\n\n\n<p>Allerdings w\u00fcrden wir, vor einem Engagement, dazu die weitere Entwicklung noch im Blick behalten. Anleger, die ohnehin vorhatten, die Carl Zeiss Meditec <a href=\"https:\/\/www.asktraders.com\/de\/traden-lernen\/trading-ratgeber\/aktien-kaufen-vorgehensweise\/\">Aktie zu kaufen<\/a>, k\u00f6nnten nun interessante Kursniveaus vorfinden.<\/p>\n\n\n\n<div class=\"wp-block-group main-cta is-layout-flow wp-block-group-is-layout-flow\" style=\"padding-top:10px;padding-right:10px;padding-bottom:10px;padding-left:10px\">\n<hr class=\"wp-block-separator has-text-color has-gray-color has-alpha-channel-opacity has-gray-background-color has-background is-style-wide\"\/>\n\n\n\n<div style=\"height:28px\" aria-hidden=\"true\" class=\"wp-block-spacer\"><\/div>\n\n\n\n<div class=\"wp-block-buttons is-content-justification-center is-layout-flex wp-container-core-buttons-is-layout-16018d1d wp-block-buttons-is-layout-flex\">\n<div class=\"wp-block-button has-custom-width wp-block-button__width-100 has-custom-font-size is-style-fill has-small-font-size\"><a class=\"wp-block-button__link has-green-background-color has-background\" href=\"https:\/\/www.asktraders.com\/de\/go\/native?placement=AT-DE-DE-stocks-NCTA-B1-NA-NA-NA\" style=\"border-radius:5px;padding-top:11px;padding-right:40px;padding-bottom:11px;padding-left:40px\" target=\"_blank\" rel=\"noreferrer noopener\">HIER GEHT&#8217;s zur Carl zeiss meditec Aktie<\/a><\/div>\n<\/div>\n\n\n\n<p class=\"has-text-align-center\">Ihr Kapital ist in Gefahr<\/p>\n\n\n\n<hr class=\"wp-block-separator has-text-color has-gray-color has-alpha-channel-opacity has-gray-background-color has-background is-style-wide\"\/>\n<\/div>\n\n\n<aside class=\"wp-block-related-posts  \" >\n                    \n\n<h3 class=\"wp-block-heading\" class=\"wp-block-heading\" id=\"leser_interessieren_sich_auch_fuer\">Leser interessieren sich auch f\u00fcr:<\/h3>\n\n\n        <ul class=\"grid grid-cols-1 md:grid-cols-2 gap-4 lg:grid-cols-1\">\n                            <li class=\"w-full p-3 rounded-lg shadow md:w-full\">\n                    <a href=\"https:\/\/www.asktraders.com\/de\/traden-lernen\/trading-ratgeber\/aktien-apps\/\" class=\"flex\">\n                        <img loading=\"lazy\" decoding=\"async\" width=\"150\" height=\"150\" src=\"https:\/\/www.asktraders.com\/wp-content\/uploads\/2018\/05\/beitragsbilder-ratgeber-trading-apps-150x150.jpg\" class=\"w-1\/3 rounded object-cover  wp-post-image\" alt=\"Beitragsbilder Ratgeber Trading-App\" \/>\n                        <div class=\"flex flex-col w-2\/3 pl-3\">\n                                                        <span\n                                class=\"block py-1 grow text-sm font-bold \">Aktien Apps \u2013 die Kurse immer im Blick mit den richtigen Apps<\/span>\n                                                            <span class=\"text-xs uppercase\">\n                                    Analyst Team\n                                <\/span>\n                                                    <\/div>\n                    <\/a>\n                <\/li>\n                            <li class=\"w-full p-3 rounded-lg shadow md:w-full\">\n                    <a href=\"https:\/\/www.asktraders.com\/de\/traden-lernen\/trading-ratgeber\/aktien-musterdepot-vergleich\/\" class=\"flex\">\n                        <img loading=\"lazy\" decoding=\"async\" width=\"150\" height=\"150\" src=\"https:\/\/www.asktraders.com\/wp-content\/uploads\/2018\/05\/beitragsbilder-ratgeber-aktien-2-150x150.png\" class=\"w-1\/3 rounded object-cover  wp-post-image\" alt=\"\" \/>\n                        <div class=\"flex flex-col w-2\/3 pl-3\">\n                                                        <span\n                                class=\"block py-1 grow text-sm font-bold \">Aktien Musterdepot Vergleich \u2013 Aktien risikofrei handeln!<\/span>\n                                                            <span class=\"text-xs uppercase\">\n                                    Analyst Team\n                                <\/span>\n                                                    <\/div>\n                    <\/a>\n                <\/li>\n                            <li class=\"w-full p-3 rounded-lg shadow md:w-full\">\n                    <a href=\"https:\/\/www.asktraders.com\/de\/traden-lernen\/trading-ratgeber\/trading-tipps-die-jeder-trader-kennen-sollte\/\" class=\"flex\">\n                        <img loading=\"lazy\" decoding=\"async\" width=\"150\" height=\"150\" src=\"https:\/\/www.asktraders.com\/wp-content\/uploads\/2019\/03\/shutterstock_1017297325-150x150.jpg\" class=\"w-1\/3 rounded object-cover  wp-post-image\" alt=\"Trading\" srcset=\"https:\/\/www.asktraders.com\/wp-content\/uploads\/2019\/03\/shutterstock_1017297325-150x150.jpg 150w, https:\/\/www.asktraders.com\/wp-content\/uploads\/2019\/03\/shutterstock_1017297325-100x100.jpg 100w, https:\/\/www.asktraders.com\/wp-content\/uploads\/2019\/03\/shutterstock_1017297325-64x64.jpg 64w, https:\/\/www.asktraders.com\/wp-content\/uploads\/2019\/03\/shutterstock_1017297325-26x26.jpg 26w\" sizes=\"auto, (max-width: 150px) 100vw, 150px\" \/>\n                        <div class=\"flex flex-col w-2\/3 pl-3\">\n                                                        <span\n                                class=\"block py-1 grow text-sm font-bold \">5 Tipps, die jeder Trader kennen sollte<\/span>\n                                                            <span class=\"text-xs uppercase\">\n                                    Analyst Team\n                                <\/span>\n                                                    <\/div>\n                    <\/a>\n                <\/li>\n                    <\/ul>\n            \n    <\/aside>\n\n\n<aside class=\"wp-block-related-posts  \" data-sidebar>\n                    \n\n<h2 class=\"wp-block-heading\"  class=\"wp-block-heading\"  id=\"aktuelle_beitraege\">Aktuelle Beitr\u00e4ge<\/h2>\n\n\n        <ul class=\"grid grid-cols-1 md:grid-cols-2 gap-4 lg:grid-cols-1\">\n                            <li class=\"w-full p-3 rounded-lg shadow md:w-full\">\n                    <a href=\"https:\/\/www.asktraders.com\/de\/finanznachrichten\/evonik-aktien-erreichen-neues-tief-als-e13-durchbrochen-werden\/\" class=\"flex\">\n                        <img loading=\"lazy\" decoding=\"async\" width=\"150\" height=\"150\" src=\"https:\/\/www.asktraders.com\/wp-content\/uploads\/2023\/05\/evonik-aktie-prognose-150x150.jpg\" class=\"w-1\/3 rounded object-cover  wp-post-image\" alt=\"Evonik Aktie\" \/>\n                        <div class=\"flex flex-col w-2\/3 pl-3\">\n                                                        <span\n                                class=\"block py-1 grow text-sm font-bold \">Evonik Aktien erreichen neues Tief, als \u20ac13 durchbrochen werden<\/span>\n                                                            <span class=\"text-xs uppercase\">\n                                    Analyst Team\n                                <\/span>\n                                                    <\/div>\n                    <\/a>\n                <\/li>\n                            <li class=\"w-full p-3 rounded-lg shadow md:w-full\">\n                    <a href=\"https:\/\/www.asktraders.com\/de\/finanznachrichten\/2g-energy-ag-aktie-erholt-sich-von-unterstuetzung-steigerung-von-10\/\" class=\"flex\">\n                        <img loading=\"lazy\" decoding=\"async\" width=\"150\" height=\"150\" src=\"https:\/\/www.asktraders.com\/wp-content\/uploads\/2025\/08\/power-and-energy-150x150.jpg\" class=\"w-1\/3 rounded object-cover  wp-post-image\" alt=\"Uniper UN0\" \/>\n                        <div class=\"flex flex-col w-2\/3 pl-3\">\n                                                        <span\n                                class=\"block py-1 grow text-sm font-bold \">2G Energy AG Aktie erholt sich von Unterst\u00fctzung \u2013 Steigerung von 10%<\/span>\n                                                            <span class=\"text-xs uppercase\">\n                                    Analyst Team\n                                <\/span>\n                                                    <\/div>\n                    <\/a>\n                <\/li>\n                            <li class=\"w-full p-3 rounded-lg shadow md:w-full\">\n                    <a href=\"https:\/\/www.asktraders.com\/de\/finanznachrichten\/mercedes-benz-aktie-goldman-sachs-initiiert-analystendeckung-mit-positiver-einschaetzung\/\" class=\"flex\">\n                        <img loading=\"lazy\" decoding=\"async\" width=\"150\" height=\"150\" src=\"https:\/\/www.asktraders.com\/wp-content\/uploads\/2023\/06\/aktie-mercedes-150x150.jpg\" class=\"w-1\/3 rounded object-cover  wp-post-image\" alt=\"Mercedes Aktie\" \/>\n                        <div class=\"flex flex-col w-2\/3 pl-3\">\n                                                        <span\n                                class=\"block py-1 grow text-sm font-bold \">Mercedes-Benz Aktie: Goldman Sachs initiiert Analystendeckung mit positiver Einsch\u00e4tzung<\/span>\n                                                            <span class=\"text-xs uppercase\">\n                                    Analyst Team\n                                <\/span>\n                                                    <\/div>\n                    <\/a>\n                <\/li>\n                            <li class=\"w-full p-3 rounded-lg shadow md:w-full\">\n                    <a href=\"https:\/\/www.asktraders.com\/de\/finanznachrichten\/dax-aktien-erholen-sich-nach-nvidia-beben-maerkte-atmen-auf\/\" class=\"flex\">\n                        <img loading=\"lazy\" decoding=\"async\" width=\"150\" height=\"150\" src=\"https:\/\/www.asktraders.com\/wp-content\/uploads\/2023\/04\/dax-handeln-150x150.jpg\" class=\"w-1\/3 rounded object-cover  wp-post-image\" alt=\"\" \/>\n                        <div class=\"flex flex-col w-2\/3 pl-3\">\n                                                        <span\n                                class=\"block py-1 grow text-sm font-bold \">DAX-Aktien erholen sich nach Nvidia-Beben: M\u00e4rkte atmen auf<\/span>\n                                                            <span class=\"text-xs uppercase\">\n                                    Analyst Team\n                                <\/span>\n                                                    <\/div>\n                    <\/a>\n                <\/li>\n                            <li class=\"w-full p-3 rounded-lg shadow md:w-full\">\n                    <a href=\"https:\/\/www.asktraders.com\/de\/finanznachrichten\/rheinmetall-aktien-finden-unterstuetzung-bei-1-600-e-wie-geht-es-weiter\/\" class=\"flex\">\n                        <img loading=\"lazy\" decoding=\"async\" width=\"150\" height=\"150\" src=\"https:\/\/www.asktraders.com\/wp-content\/uploads\/2022\/11\/Die-Rheinmetall-Aktie-im-Chart-150x150.jpg\" class=\"w-1\/3 rounded object-cover  wp-post-image\" alt=\"Die Rheinmetall Aktie im Chart\" \/>\n                        <div class=\"flex flex-col w-2\/3 pl-3\">\n                                                        <span\n                                class=\"block py-1 grow text-sm font-bold \">Rheinmetall-Aktien finden Unterst\u00fctzung bei 1.600 \u20ac \u2013 Wie geht es weiter?<\/span>\n                                                            <span class=\"text-xs uppercase\">\n                                    Analyst Team\n                                <\/span>\n                                                    <\/div>\n                    <\/a>\n                <\/li>\n                    <\/ul>\n            \n    <\/aside>\n\n\n<div class=\"wp-block-top5-broker\" data-sidebar>\n        <div>\n        \n\n<h2 class=\"wp-block-heading\"  class=\"wp-block-heading\"  id=\"\"><\/h2>\n\n\n    <\/div>\n            <div class=\"block bg-white rounded-lg shadow\">\n        <ul\n            class=\"flex flex-wrap w-full -mb-px list-none border-b-2 navTabs \">\n                                                                                                        <\/ul>\n                    <div class=\"navTabContent \" id=\"top5-tab1\">\n                <ol class=\"flex\n                flex-wrap\n                \">\n                                    <\/ol>\n                            <\/div>\n                    <div class=\"navTabContent hidden\" id=\"top5-tab2\">\n                <ol class=\"flex\n                flex-wrap\n                \">\n                                    <\/ol>\n                            <\/div>\n                    <div class=\"navTabContent hidden\" id=\"top5-tab3\">\n                <ol class=\"flex\n                flex-wrap\n                \">\n                                    <\/ol>\n                            <\/div>\n        \n    <\/div>\n    <\/div>\n\n\n\n<p><\/p>\n","protected":false},"author":33,"featured_media":171545,"comment_status":"open","ping_status":"closed","template":"","news_cluster":[],"tradingcategory":[58519],"class_list":["post-171530","news","type-news","status-publish","has-post-thumbnail","hentry","tradingcategory-news-de"],"acf":[],"apple_news_notices":[],"yoast_head":"<!-- This site is optimized with the Yoast SEO plugin v27.2 - https:\/\/yoast.com\/product\/yoast-seo-wordpress\/ -->\n<title>Carl Zeiss Meditec Aktie | Anleger besorgt vor weiterer Entwicklung<\/title>\n<meta name=\"description\" content=\"Die Carl Zeiss Meditec Aktie bricht nach Bekanntgabe der Ergebnisse f\u00fcr das erste Halbjahr des Gesch\u00e4ftsjahres 2022\/23 ein. Investoren hatten mit einem\" \/>\n<meta name=\"robots\" content=\"index, follow, max-snippet:-1, max-image-preview:large, max-video-preview:-1\" \/>\n<link rel=\"canonical\" href=\"https:\/\/www.asktraders.com\/de\/finanznachrichten\/carl-zeiss-meditec-aktie-truebe-aussichten-fuer-das-unternehmen\/\" \/>\n<meta property=\"og:locale\" content=\"de_DE\" \/>\n<meta property=\"og:type\" content=\"article\" \/>\n<meta property=\"og:title\" content=\"Carl Zeiss Meditec Aktie | Anleger besorgt vor weiterer Entwicklung\" \/>\n<meta property=\"og:description\" content=\"Die Carl Zeiss Meditec Aktie bricht nach Bekanntgabe der Ergebnisse f\u00fcr das erste Halbjahr des Gesch\u00e4ftsjahres 2022\/23 ein. Investoren hatten mit einem\" \/>\n<meta property=\"og:url\" content=\"https:\/\/www.asktraders.com\/de\/finanznachrichten\/carl-zeiss-meditec-aktie-truebe-aussichten-fuer-das-unternehmen\/\" \/>\n<meta property=\"og:site_name\" content=\"AskTraders.com\" \/>\n<meta property=\"article:publisher\" content=\"https:\/\/www.facebook.com\/asktraderscom\" \/>\n<meta property=\"article:modified_time\" content=\"2023-04-19T13:04:17+00:00\" \/>\n<meta property=\"og:image\" content=\"https:\/\/www.asktraders.com\/wp-content\/uploads\/2023\/04\/Carl-Zeiss-Meditec-Aktie.jpg\" \/>\n\t<meta property=\"og:image:width\" content=\"973\" \/>\n\t<meta property=\"og:image:height\" content=\"298\" \/>\n\t<meta property=\"og:image:type\" content=\"image\/jpeg\" \/>\n<meta name=\"twitter:card\" content=\"summary_large_image\" \/>\n<meta name=\"twitter:site\" content=\"@Asktraders1\" \/>\n<meta name=\"twitter:label1\" content=\"Gesch\u00e4tzte Lesezeit\" \/>\n\t<meta name=\"twitter:data1\" content=\"5 Minuten\" \/>\n<script type=\"application\/ld+json\" class=\"yoast-schema-graph\">{\"@context\":\"https:\/\/schema.org\",\"@graph\":[{\"@type\":\"NewsArticle\",\"@id\":\"https:\/\/www.asktraders.com\/de\/finanznachrichten\/carl-zeiss-meditec-aktie-truebe-aussichten-fuer-das-unternehmen\/#article\",\"isPartOf\":{\"@id\":\"https:\/\/www.asktraders.com\/de\/finanznachrichten\/carl-zeiss-meditec-aktie-truebe-aussichten-fuer-das-unternehmen\/\"},\"author\":{\"name\":\"Ruben Wunderlich\",\"@id\":\"https:\/\/www.asktraders.com\/de\/#\/schema\/person\/6e2f89f6a9f3eecbfe9cf3be140769ba\",\"url\":\"https:\/\/www.asktraders.com\/de\/author\/rubenw\/\"},\"headline\":\"Carl Zeiss Meditec Aktie: Tr\u00fcbe Aussichten f\u00fcr das Unternehmen\",\"datePublished\":\"2023-04-19T13:03:51+00:00\",\"dateModified\":\"2023-04-19T13:04:17+00:00\",\"mainEntityOfPage\":{\"@id\":\"https:\/\/www.asktraders.com\/de\/finanznachrichten\/carl-zeiss-meditec-aktie-truebe-aussichten-fuer-das-unternehmen\/\"},\"wordCount\":676,\"commentCount\":0,\"publisher\":{\"@id\":\"https:\/\/www.asktraders.com\/de\/#organization\"},\"image\":{\"@id\":\"https:\/\/www.asktraders.com\/de\/finanznachrichten\/carl-zeiss-meditec-aktie-truebe-aussichten-fuer-das-unternehmen\/#primaryimage\"},\"thumbnailUrl\":\"https:\/\/www.asktraders.com\/wp-content\/uploads\/2023\/04\/Carl-Zeiss-Meditec-Aktie.jpg\",\"inLanguage\":\"de-DE\",\"potentialAction\":[{\"@type\":\"CommentAction\",\"name\":\"Comment\",\"target\":[\"https:\/\/www.asktraders.com\/de\/finanznachrichten\/carl-zeiss-meditec-aktie-truebe-aussichten-fuer-das-unternehmen\/#respond\"]}],\"accessibilityFeature\":[\"tableOfContents\"]},{\"@type\":\"WebPage\",\"@id\":\"https:\/\/www.asktraders.com\/de\/finanznachrichten\/carl-zeiss-meditec-aktie-truebe-aussichten-fuer-das-unternehmen\/\",\"url\":\"https:\/\/www.asktraders.com\/de\/finanznachrichten\/carl-zeiss-meditec-aktie-truebe-aussichten-fuer-das-unternehmen\/\",\"name\":\"Carl Zeiss Meditec Aktie | Anleger besorgt vor weiterer Entwicklung\",\"isPartOf\":{\"@id\":\"https:\/\/www.asktraders.com\/de\/#website\"},\"primaryImageOfPage\":{\"@id\":\"https:\/\/www.asktraders.com\/de\/finanznachrichten\/carl-zeiss-meditec-aktie-truebe-aussichten-fuer-das-unternehmen\/#primaryimage\"},\"image\":{\"@id\":\"https:\/\/www.asktraders.com\/de\/finanznachrichten\/carl-zeiss-meditec-aktie-truebe-aussichten-fuer-das-unternehmen\/#primaryimage\"},\"thumbnailUrl\":\"https:\/\/www.asktraders.com\/wp-content\/uploads\/2023\/04\/Carl-Zeiss-Meditec-Aktie.jpg\",\"datePublished\":\"2023-04-19T13:03:51+00:00\",\"dateModified\":\"2023-04-19T13:04:17+00:00\",\"description\":\"Die Carl Zeiss Meditec Aktie bricht nach Bekanntgabe der Ergebnisse f\u00fcr das erste Halbjahr des Gesch\u00e4ftsjahres 2022\/23 ein. Investoren hatten mit einem\",\"breadcrumb\":{\"@id\":\"https:\/\/www.asktraders.com\/de\/finanznachrichten\/carl-zeiss-meditec-aktie-truebe-aussichten-fuer-das-unternehmen\/#breadcrumb\"},\"inLanguage\":\"de-DE\",\"potentialAction\":[{\"@type\":\"ReadAction\",\"target\":[\"https:\/\/www.asktraders.com\/de\/finanznachrichten\/carl-zeiss-meditec-aktie-truebe-aussichten-fuer-das-unternehmen\/\"]}]},{\"@type\":\"ImageObject\",\"inLanguage\":\"de-DE\",\"@id\":\"https:\/\/www.asktraders.com\/de\/finanznachrichten\/carl-zeiss-meditec-aktie-truebe-aussichten-fuer-das-unternehmen\/#primaryimage\",\"url\":\"https:\/\/www.asktraders.com\/wp-content\/uploads\/2023\/04\/Carl-Zeiss-Meditec-Aktie.jpg\",\"contentUrl\":\"https:\/\/www.asktraders.com\/wp-content\/uploads\/2023\/04\/Carl-Zeiss-Meditec-Aktie.jpg\",\"width\":973,\"height\":298,\"caption\":\"Carl Zeiss Meditec Aktie\"},{\"@type\":\"BreadcrumbList\",\"@id\":\"https:\/\/www.asktraders.com\/de\/finanznachrichten\/carl-zeiss-meditec-aktie-truebe-aussichten-fuer-das-unternehmen\/#breadcrumb\",\"itemListElement\":[{\"@type\":\"ListItem\",\"position\":1,\"name\":\"Home\",\"item\":\"https:\/\/www.asktraders.com\/de\/\"},{\"@type\":\"ListItem\",\"position\":2,\"name\":\"News\",\"item\":\"https:\/\/www.asktraders.com\/de\/finanznachrichten\/\"},{\"@type\":\"ListItem\",\"position\":3,\"name\":\"Carl Zeiss Meditec Aktie: Tr\u00fcbe Aussichten f\u00fcr das Unternehmen\"}]},{\"@type\":\"WebSite\",\"@id\":\"https:\/\/www.asktraders.com\/de\/#website\",\"url\":\"https:\/\/www.asktraders.com\/de\/\",\"name\":\"AskTraders\",\"description\":\"Guiding You To Trading Success\",\"publisher\":{\"@id\":\"https:\/\/www.asktraders.com\/de\/#organization\"},\"inLanguage\":\"de-DE\"},{\"@type\":\"Organization\",\"@id\":\"https:\/\/www.asktraders.com\/de\/#organization\",\"name\":\"AskTraders\",\"url\":\"https:\/\/www.asktraders.com\/de\/\",\"logo\":{\"@type\":\"ImageObject\",\"inLanguage\":\"de-DE\",\"@id\":\"https:\/\/www.asktraders.com\/de\/#\/schema\/logo\/image\/\",\"url\":\"https:\/\/www.asktraders.com\/wp-content\/uploads\/2019\/05\/asktraders-logo-tm-white.png\",\"contentUrl\":\"https:\/\/www.asktraders.com\/wp-content\/uploads\/2019\/05\/asktraders-logo-tm-white.png\",\"width\":232,\"height\":38,\"caption\":\"AskTraders\"},\"image\":{\"@id\":\"https:\/\/www.asktraders.com\/de\/#\/schema\/logo\/image\/\"},\"sameAs\":[\"https:\/\/www.facebook.com\/asktraderscom\",\"https:\/\/x.com\/Asktraders1\"]},{\"@type\":\"Person\",\"@id\":\"https:\/\/www.asktraders.com\/de\/#\/schema\/person\/6e2f89f6a9f3eecbfe9cf3be140769ba\",\"name\":\"Ruben Wunderlich\",\"image\":{\"@type\":\"ImageObject\",\"inLanguage\":\"de-DE\",\"@id\":\"https:\/\/secure.gravatar.com\/avatar\/a169813ebb7fc5db497811c94e0e5111ffd756d2135b8bb267093c55024a2119?s=96&d=mm&r=g\",\"url\":\"https:\/\/secure.gravatar.com\/avatar\/a169813ebb7fc5db497811c94e0e5111ffd756d2135b8bb267093c55024a2119?s=96&d=mm&r=g\",\"contentUrl\":\"https:\/\/secure.gravatar.com\/avatar\/a169813ebb7fc5db497811c94e0e5111ffd756d2135b8bb267093c55024a2119?s=96&d=mm&r=g\",\"caption\":\"Ruben Wunderlich\"}}]}<\/script>\n<!-- \/ Yoast SEO plugin. -->","yoast_head_json":{"title":"Carl Zeiss Meditec Aktie | Anleger besorgt vor weiterer Entwicklung","description":"Die Carl Zeiss Meditec Aktie bricht nach Bekanntgabe der Ergebnisse f\u00fcr das erste Halbjahr des Gesch\u00e4ftsjahres 2022\/23 ein. Investoren hatten mit einem","robots":{"index":"index","follow":"follow","max-snippet":"max-snippet:-1","max-image-preview":"max-image-preview:large","max-video-preview":"max-video-preview:-1"},"canonical":"https:\/\/www.asktraders.com\/de\/finanznachrichten\/carl-zeiss-meditec-aktie-truebe-aussichten-fuer-das-unternehmen\/","og_locale":"de_DE","og_type":"article","og_title":"Carl Zeiss Meditec Aktie | Anleger besorgt vor weiterer Entwicklung","og_description":"Die Carl Zeiss Meditec Aktie bricht nach Bekanntgabe der Ergebnisse f\u00fcr das erste Halbjahr des Gesch\u00e4ftsjahres 2022\/23 ein. Investoren hatten mit einem","og_url":"https:\/\/www.asktraders.com\/de\/finanznachrichten\/carl-zeiss-meditec-aktie-truebe-aussichten-fuer-das-unternehmen\/","og_site_name":"AskTraders.com","article_publisher":"https:\/\/www.facebook.com\/asktraderscom","article_modified_time":"2023-04-19T13:04:17+00:00","og_image":[{"width":973,"height":298,"url":"https:\/\/www.asktraders.com\/wp-content\/uploads\/2023\/04\/Carl-Zeiss-Meditec-Aktie.jpg","type":"image\/jpeg"}],"twitter_card":"summary_large_image","twitter_site":"@Asktraders1","twitter_misc":{"Gesch\u00e4tzte Lesezeit":"5 Minuten"},"schema":{"@context":"https:\/\/schema.org","@graph":[{"@type":"NewsArticle","@id":"https:\/\/www.asktraders.com\/de\/finanznachrichten\/carl-zeiss-meditec-aktie-truebe-aussichten-fuer-das-unternehmen\/#article","isPartOf":{"@id":"https:\/\/www.asktraders.com\/de\/finanznachrichten\/carl-zeiss-meditec-aktie-truebe-aussichten-fuer-das-unternehmen\/"},"author":{"name":"Ruben Wunderlich","@id":"https:\/\/www.asktraders.com\/de\/#\/schema\/person\/6e2f89f6a9f3eecbfe9cf3be140769ba","url":"https:\/\/www.asktraders.com\/de\/author\/rubenw\/"},"headline":"Carl Zeiss Meditec Aktie: Tr\u00fcbe Aussichten f\u00fcr das Unternehmen","datePublished":"2023-04-19T13:03:51+00:00","dateModified":"2023-04-19T13:04:17+00:00","mainEntityOfPage":{"@id":"https:\/\/www.asktraders.com\/de\/finanznachrichten\/carl-zeiss-meditec-aktie-truebe-aussichten-fuer-das-unternehmen\/"},"wordCount":676,"commentCount":0,"publisher":{"@id":"https:\/\/www.asktraders.com\/de\/#organization"},"image":{"@id":"https:\/\/www.asktraders.com\/de\/finanznachrichten\/carl-zeiss-meditec-aktie-truebe-aussichten-fuer-das-unternehmen\/#primaryimage"},"thumbnailUrl":"https:\/\/www.asktraders.com\/wp-content\/uploads\/2023\/04\/Carl-Zeiss-Meditec-Aktie.jpg","inLanguage":"de-DE","potentialAction":[{"@type":"CommentAction","name":"Comment","target":["https:\/\/www.asktraders.com\/de\/finanznachrichten\/carl-zeiss-meditec-aktie-truebe-aussichten-fuer-das-unternehmen\/#respond"]}],"accessibilityFeature":["tableOfContents"]},{"@type":"WebPage","@id":"https:\/\/www.asktraders.com\/de\/finanznachrichten\/carl-zeiss-meditec-aktie-truebe-aussichten-fuer-das-unternehmen\/","url":"https:\/\/www.asktraders.com\/de\/finanznachrichten\/carl-zeiss-meditec-aktie-truebe-aussichten-fuer-das-unternehmen\/","name":"Carl Zeiss Meditec Aktie | Anleger besorgt vor weiterer Entwicklung","isPartOf":{"@id":"https:\/\/www.asktraders.com\/de\/#website"},"primaryImageOfPage":{"@id":"https:\/\/www.asktraders.com\/de\/finanznachrichten\/carl-zeiss-meditec-aktie-truebe-aussichten-fuer-das-unternehmen\/#primaryimage"},"image":{"@id":"https:\/\/www.asktraders.com\/de\/finanznachrichten\/carl-zeiss-meditec-aktie-truebe-aussichten-fuer-das-unternehmen\/#primaryimage"},"thumbnailUrl":"https:\/\/www.asktraders.com\/wp-content\/uploads\/2023\/04\/Carl-Zeiss-Meditec-Aktie.jpg","datePublished":"2023-04-19T13:03:51+00:00","dateModified":"2023-04-19T13:04:17+00:00","description":"Die Carl Zeiss Meditec Aktie bricht nach Bekanntgabe der Ergebnisse f\u00fcr das erste Halbjahr des Gesch\u00e4ftsjahres 2022\/23 ein. Investoren hatten mit einem","breadcrumb":{"@id":"https:\/\/www.asktraders.com\/de\/finanznachrichten\/carl-zeiss-meditec-aktie-truebe-aussichten-fuer-das-unternehmen\/#breadcrumb"},"inLanguage":"de-DE","potentialAction":[{"@type":"ReadAction","target":["https:\/\/www.asktraders.com\/de\/finanznachrichten\/carl-zeiss-meditec-aktie-truebe-aussichten-fuer-das-unternehmen\/"]}]},{"@type":"ImageObject","inLanguage":"de-DE","@id":"https:\/\/www.asktraders.com\/de\/finanznachrichten\/carl-zeiss-meditec-aktie-truebe-aussichten-fuer-das-unternehmen\/#primaryimage","url":"https:\/\/www.asktraders.com\/wp-content\/uploads\/2023\/04\/Carl-Zeiss-Meditec-Aktie.jpg","contentUrl":"https:\/\/www.asktraders.com\/wp-content\/uploads\/2023\/04\/Carl-Zeiss-Meditec-Aktie.jpg","width":973,"height":298,"caption":"Carl Zeiss Meditec Aktie"},{"@type":"BreadcrumbList","@id":"https:\/\/www.asktraders.com\/de\/finanznachrichten\/carl-zeiss-meditec-aktie-truebe-aussichten-fuer-das-unternehmen\/#breadcrumb","itemListElement":[{"@type":"ListItem","position":1,"name":"Home","item":"https:\/\/www.asktraders.com\/de\/"},{"@type":"ListItem","position":2,"name":"News","item":"https:\/\/www.asktraders.com\/de\/finanznachrichten\/"},{"@type":"ListItem","position":3,"name":"Carl Zeiss Meditec Aktie: Tr\u00fcbe Aussichten f\u00fcr das Unternehmen"}]},{"@type":"WebSite","@id":"https:\/\/www.asktraders.com\/de\/#website","url":"https:\/\/www.asktraders.com\/de\/","name":"AskTraders","description":"Guiding You To Trading Success","publisher":{"@id":"https:\/\/www.asktraders.com\/de\/#organization"},"inLanguage":"de-DE"},{"@type":"Organization","@id":"https:\/\/www.asktraders.com\/de\/#organization","name":"AskTraders","url":"https:\/\/www.asktraders.com\/de\/","logo":{"@type":"ImageObject","inLanguage":"de-DE","@id":"https:\/\/www.asktraders.com\/de\/#\/schema\/logo\/image\/","url":"https:\/\/www.asktraders.com\/wp-content\/uploads\/2019\/05\/asktraders-logo-tm-white.png","contentUrl":"https:\/\/www.asktraders.com\/wp-content\/uploads\/2019\/05\/asktraders-logo-tm-white.png","width":232,"height":38,"caption":"AskTraders"},"image":{"@id":"https:\/\/www.asktraders.com\/de\/#\/schema\/logo\/image\/"},"sameAs":["https:\/\/www.facebook.com\/asktraderscom","https:\/\/x.com\/Asktraders1"]},{"@type":"Person","@id":"https:\/\/www.asktraders.com\/de\/#\/schema\/person\/6e2f89f6a9f3eecbfe9cf3be140769ba","name":"Ruben Wunderlich","image":{"@type":"ImageObject","inLanguage":"de-DE","@id":"https:\/\/secure.gravatar.com\/avatar\/a169813ebb7fc5db497811c94e0e5111ffd756d2135b8bb267093c55024a2119?s=96&d=mm&r=g","url":"https:\/\/secure.gravatar.com\/avatar\/a169813ebb7fc5db497811c94e0e5111ffd756d2135b8bb267093c55024a2119?s=96&d=mm&r=g","contentUrl":"https:\/\/secure.gravatar.com\/avatar\/a169813ebb7fc5db497811c94e0e5111ffd756d2135b8bb267093c55024a2119?s=96&d=mm&r=g","caption":"Ruben Wunderlich"}}]}},"_links":{"self":[{"href":"https:\/\/www.asktraders.com\/de\/wp-json\/wp\/v2\/news\/171530","targetHints":{"allow":["GET"]}}],"collection":[{"href":"https:\/\/www.asktraders.com\/de\/wp-json\/wp\/v2\/news"}],"about":[{"href":"https:\/\/www.asktraders.com\/de\/wp-json\/wp\/v2\/types\/news"}],"author":[{"embeddable":true,"href":"https:\/\/www.asktraders.com\/de\/wp-json\/wp\/v2\/users\/33"}],"replies":[{"embeddable":true,"href":"https:\/\/www.asktraders.com\/de\/wp-json\/wp\/v2\/comments?post=171530"}],"version-history":[{"count":0,"href":"https:\/\/www.asktraders.com\/de\/wp-json\/wp\/v2\/news\/171530\/revisions"}],"wp:featuredmedia":[{"embeddable":true,"href":"https:\/\/www.asktraders.com\/de\/wp-json\/wp\/v2\/media\/171545"}],"wp:attachment":[{"href":"https:\/\/www.asktraders.com\/de\/wp-json\/wp\/v2\/media?parent=171530"}],"wp:term":[{"taxonomy":"news_cluster","embeddable":true,"href":"https:\/\/www.asktraders.com\/de\/wp-json\/wp\/v2\/news_cluster?post=171530"},{"taxonomy":"tradingcategory","embeddable":true,"href":"https:\/\/www.asktraders.com\/de\/wp-json\/wp\/v2\/tradingcategory?post=171530"}],"curies":[{"name":"wp","href":"https:\/\/api.w.org\/{rel}","templated":true}]}}