{"id":171724,"date":"2023-04-25T16:48:31","date_gmt":"2023-04-25T15:48:31","guid":{"rendered":"https:\/\/www.asktraders.com\/?post_type=news&#038;p=171724"},"modified":"2023-04-26T12:05:38","modified_gmt":"2023-04-26T11:05:38","slug":"fielmann-aktie-analysten-stufen-die-aktie-hoch-der-kurs-springt-deutlich-an","status":"publish","type":"news","link":"https:\/\/www.asktraders.com\/de\/finanznachrichten\/fielmann-aktie-analysten-stufen-die-aktie-hoch-der-kurs-springt-deutlich-an\/","title":{"rendered":"Fielmann Aktie: Analysten stufen die Aktie hoch. Der Kurs springt deutlich an."},"content":{"rendered":"\n<p><strong>Die Analysten der Privatbank Berenberg stufen die Fielmann Aktie von &#8222;Sell&#8220; auf &#8222;Hold&#8220; hoch. Die Aussichten f\u00fcr das Unternehmen seien deutlich besser. Der Kurs der Aktie springt im fr\u00fchen Handel um \u00fcber 6 Prozent an.<\/strong><\/p>\n\n\n\n<div class=\"wp-block-group main-cta is-layout-flow wp-block-group-is-layout-flow\" style=\"padding-top:10px;padding-right:10px;padding-bottom:10px;padding-left:10px\">\n<hr class=\"wp-block-separator has-text-color has-gray-color has-alpha-channel-opacity has-gray-background-color has-background is-style-wide\"\/>\n\n\n\n<div style=\"height:28px\" aria-hidden=\"true\" class=\"wp-block-spacer\"><\/div>\n\n\n\n<div class=\"wp-block-buttons is-content-justification-center is-layout-flex wp-container-core-buttons-is-layout-16018d1d wp-block-buttons-is-layout-flex\">\n<div class=\"wp-block-button has-custom-width wp-block-button__width-100 has-custom-font-size is-style-fill has-small-font-size\"><a class=\"wp-block-button__link has-green-background-color has-background\" href=\"https:\/\/www.asktraders.com\/de\/go\/native?placement=AT-DE-DE-stocks-NCTA-B1-NA-NA-NA\" style=\"border-radius:5px;padding-top:11px;padding-right:40px;padding-bottom:11px;padding-left:40px\" target=\"_blank\" rel=\"noreferrer noopener\">HIER GEHT&#8217;s zur Fielmann Aktie<\/a><\/div>\n<\/div>\n\n\n\n<p class=\"has-text-align-center\">Ihr Kapital ist in Gefahr<\/p>\n\n\n\n<hr class=\"wp-block-separator has-text-color has-gray-color has-alpha-channel-opacity has-gray-background-color has-background is-style-wide\"\/>\n<\/div>\n\n\n<figure class=\"wp-block-post-featured-image\"><img loading=\"lazy\" decoding=\"async\" width=\"625\" height=\"472\" src=\"https:\/\/www.asktraders.com\/wp-content\/uploads\/2023\/04\/fielmann-aktie-1.jpg\" class=\"attachment-post-thumbnail size-post-thumbnail wp-post-image\" alt=\"Profitabilit\u00e4t\" style=\"object-fit:cover;\" srcset=\"https:\/\/www.asktraders.com\/wp-content\/uploads\/2023\/04\/fielmann-aktie-1.jpg 625w, https:\/\/www.asktraders.com\/wp-content\/uploads\/2023\/04\/fielmann-aktie-1-333x251.jpg 333w\" sizes=\"auto, (max-width: 625px) 100vw, 625px\" \/><\/figure>\n\n\n<p class=\"has-text-align-center\"><em>Bilderquelle: fielmann.de<\/em><\/p>\n\n\n<div class=\"wp-block-notice has-background has-light-green-background-color py-2 px-[30px]\">\n\n    <div>\n        \n\n<h3 class=\"wp-block-heading\" class=\"wp-block-heading\" id=\"auf_den_punkt_gebracht\">Auf den Punkt gebracht<\/h3>\n\n\n\n<ul class=\"wp-block-list\"><li>Privatbank Berenberg stuft Fielmann Aktie hoch auf &#8222;Hold&#8220; (halten)<\/li><li>Das Kursziel heben die Analysten von 27 auf 41 EUR an<\/li><li>M\u00f6glicherweise decken sich Anleger bereits im Vorfeld der Quartalsergebnisse mit Fielmann Aktien ein<\/li><\/ul>\n\n\n    <\/div>\n<\/div>\n\n\n\n<div class=\"wp-block-yoast-seo-table-of-contents yoast-table-of-contents\"><h2 id=\"table_of_contents\">table of contents<\/h2><ul><li><a href=\"#Quartalsergebnisse\" data-level=\"2\">Bevorstehende Quartalsergebnisse<\/a><\/li><li><a href=\"#Profitabilit\u00e4t-\" data-level=\"2\">Dividendenk\u00fcrzungen und Stellenstreichungen tragen zur Profitabilit\u00e4t bei<\/a><\/li><\/ul><\/div>\n\n\n\n<div class=\"wp-block-group main-cta is-layout-flow wp-block-group-is-layout-flow\" style=\"padding-top:10px;padding-right:10px;padding-bottom:10px;padding-left:10px\">\n<hr class=\"wp-block-separator has-text-color has-gray-color has-alpha-channel-opacity has-gray-background-color has-background is-style-wide\"\/>\n\n\n\n<div style=\"height:28px\" aria-hidden=\"true\" class=\"wp-block-spacer\"><\/div>\n\n\n\n<div class=\"wp-block-buttons is-content-justification-center is-layout-flex wp-container-core-buttons-is-layout-16018d1d wp-block-buttons-is-layout-flex\">\n<div class=\"wp-block-button has-custom-width wp-block-button__width-100 has-custom-font-size is-style-fill has-small-font-size\"><a class=\"wp-block-button__link has-green-background-color has-background\" href=\"https:\/\/www.asktraders.com\/de\/go\/native?placement=AT-DE-DE-stocks-NCTA-B1-NA-NA-NA\" style=\"border-radius:5px;padding-top:11px;padding-right:40px;padding-bottom:11px;padding-left:40px\" target=\"_blank\" rel=\"noreferrer noopener\">HIER GEHT&#8217;s zur Fielmann Aktie<\/a><\/div>\n<\/div>\n\n\n\n<p class=\"has-text-align-center\">Ihr Kapital ist in Gefahr<\/p>\n\n\n\n<hr class=\"wp-block-separator has-text-color has-gray-color has-alpha-channel-opacity has-gray-background-color has-background is-style-wide\"\/>\n<\/div>\n\n\n\n<p>Die Fielmann Aktie geh\u00f6rt mit einem Plus von \u00fcber 6 Prozent heute zu den st\u00e4rksten Aktien des SDAX. <\/p>\n\n\n\n<p>Heute ver\u00f6ffentlichte die Privatbank Berenberg eine neue Analyse zu Fielmann<strong>. Die Analysten stufen die Aktie dabei von &#8222;Sell&#8220; (Verkaufen) auf &#8222;Hold&#8220; (Halten) hoch.<\/strong><\/p>\n\n\n\n<p>Das Kursziel heben sie dabei ebenfalls an, von 27 auf nunmehr 41 EUR.<\/p>\n\n\n\n<p>Bereits vergangene Woche hoben auch die Analysten der Bank of America das Kursziel an (von 35 auf 40 EUR).<\/p>\n\n\n\n<p>Die Stimmung unter der Verbrauchern ist besser als erwartet.<\/p>\n\n\n\n<p>Nach dem schwierigen Jahr 2022 erwartet der Analyst der Berenberg, dass Fielmann den Tiefpunkt in Bezug auf Profitabilit\u00e4t und Aussch\u00fcttungen erreicht hat. <\/p>\n\n\n\n<p><strong>Die verbesserte Einstufung und das h\u00f6here Kursziel spiegeln die positiven Erwartungen f\u00fcr die Gesch\u00e4ftsentwicklung des Unternehmens wider.<\/strong><\/p>\n\n\n\n<figure class=\"wp-block-image aligncenter size-full\"><img loading=\"lazy\" decoding=\"async\" width=\"635\" height=\"772\" src=\"https:\/\/www.asktraders.com\/wp-content\/uploads\/2023\/04\/fielmann-aktie.jpg\" alt=\"fielmann aktie\" class=\"wp-image-171748\" srcset=\"https:\/\/www.asktraders.com\/wp-content\/uploads\/2023\/04\/fielmann-aktie.jpg 635w, https:\/\/www.asktraders.com\/wp-content\/uploads\/2023\/04\/fielmann-aktie-247x300.jpg 247w\" sizes=\"auto, (max-width: 635px) 100vw, 635px\" \/><figcaption><em>Das ist der Aktienkurs von Fielmann\/ Bilderquelle: traderfox.com<\/em><\/figcaption><\/figure>\n\n\n\n<h2 class=\"wp-block-heading\"  class=\"wp-block-heading\"  id=\"bevorstehende_quartalsergebnisse\">Bevorstehende Quartalsergebnisse<\/h2>\n\n\n\n<p>Am Donnerstag, 27. April 2023, wird Fielmann die Ergebnisse f\u00fcr das erste Quartal 2023 bekannt geben.<\/p>\n\n\n\n<p><strong>M\u00f6glich, dass sich einige Anleger bereits im Vorfeld mit <a href=\"https:\/\/www.asktraders.com\/de\/traden-lernen\/aktien\/strategien\/\">Aktien <\/a>der Optikerkette eindecken.<\/strong><\/p>\n\n\n\n<p>Das operative Tief ist vermutlich mittlerweile erreicht und die Ergebnisse am Donnerstag k\u00f6nnten besser ausfallen, als bisher von Investoren und Analysten bef\u00fcrchtet.<\/p>\n\n\n\n<div class=\"wp-block-group main-cta is-layout-flow wp-block-group-is-layout-flow\" style=\"padding-top:10px;padding-right:10px;padding-bottom:10px;padding-left:10px\">\n<hr class=\"wp-block-separator has-text-color has-gray-color has-alpha-channel-opacity has-gray-background-color has-background is-style-wide\"\/>\n\n\n\n<div style=\"height:28px\" aria-hidden=\"true\" class=\"wp-block-spacer\"><\/div>\n\n\n\n<div class=\"wp-block-buttons is-content-justification-center is-layout-flex wp-container-core-buttons-is-layout-16018d1d wp-block-buttons-is-layout-flex\">\n<div class=\"wp-block-button has-custom-width wp-block-button__width-100 has-custom-font-size is-style-fill has-small-font-size\"><a class=\"wp-block-button__link has-green-background-color has-background\" href=\"https:\/\/www.asktraders.com\/de\/go\/native?placement=AT-DE-DE-stocks-NCTA-B1-NA-NA-NA\" style=\"border-radius:5px;padding-top:11px;padding-right:40px;padding-bottom:11px;padding-left:40px\" target=\"_blank\" rel=\"noreferrer noopener\">HIER GEHT&#8217;s zur Fielmann Aktie<\/a><\/div>\n<\/div>\n\n\n\n<p class=\"has-text-align-center\">Ihr Kapital ist in Gefahr<\/p>\n\n\n\n<hr class=\"wp-block-separator has-text-color has-gray-color has-alpha-channel-opacity has-gray-background-color has-background is-style-wide\"\/>\n<\/div>\n\n\n\n<h2 class=\"wp-block-heading\"  class=\"wp-block-heading\"  id=\"dividendenkuerzungen_und_stellenstreichungen_tragen_zur_profitabilitaet_bei\">Dividendenk\u00fcrzungen und Stellenstreichungen tragen zur Profitabilit\u00e4t bei<\/h2>\n\n\n\n<p>Im Februar gab Fielmann bekannt, die <a href=\"https:\/\/www.asktraders.com\/de\/traden-lernen\/aktien\/beste-dividende-aktien\/\">Dividende <\/a>drastisch zu k\u00fcrzen. Die Dividende der Fielmann Aktie soll nur noch 0,75 EUR je Aktie betragen. Der Konsens lag bei 1,23 EUR.<\/p>\n\n\n\n<p>Kurz nach Bekanntgabe f\u00fchrte das zu weiteren Kursverlusten. <\/p>\n\n\n\n<p><strong>Jetzt im Nachhinein betrachtet, war das der Tiefpunkt. <\/strong>Seit dem 24. Februar 2023 befindet sich die Fielmann Aktie in einem Aufw\u00e4rtstrend.<\/p>\n\n\n\n<p>Die einbehaltenen Mittel m\u00f6chte das Unternehmen f\u00fcr weitere Investitionen nutzen.<\/p>\n\n\n\n<p>Anfang M\u00e4rz 2023 hatte Fielmann bekannt gegeben, dass Hunderte Stellen gestrichen werden sollen. <\/p>\n\n\n\n<figure class=\"wp-block-image size-large\"><img loading=\"lazy\" decoding=\"async\" width=\"793\" height=\"347\" src=\"https:\/\/www.asktraders.com\/wp-content\/uploads\/2023\/04\/Aktie-Fielmann-793x347.jpg\" alt=\"Aktie Fielmann\" class=\"wp-image-171750\" srcset=\"https:\/\/www.asktraders.com\/wp-content\/uploads\/2023\/04\/Aktie-Fielmann-793x347.jpg 793w, https:\/\/www.asktraders.com\/wp-content\/uploads\/2023\/04\/Aktie-Fielmann-333x146.jpg 333w, https:\/\/www.asktraders.com\/wp-content\/uploads\/2023\/04\/Aktie-Fielmann-768x336.jpg 768w, https:\/\/www.asktraders.com\/wp-content\/uploads\/2023\/04\/Aktie-Fielmann.jpg 1000w\" sizes=\"auto, (max-width: 793px) 100vw, 793px\" \/><figcaption><em>Bilderquelle: fielmann.de<\/em><\/figcaption><\/figure>\n\n\n\n<p>Der Stellenabbau erfolgt dabei in den zentralen Bereichen. In den Filialen soll es zu keinem Abbau kommen. Ganz im Gegenteil, dort gibt es derzeit mehrere Hundert offene Stellen zu besetzen, vorwiegend als Augenoptiker und H\u00f6rakustiker.<\/p>\n\n\n\n<p>Diese Ma\u00dfnahmen tragen ebenfalls dazu bei, dass das Unternehmen weiter expandieren kann und dabei gen\u00fcgend finanzielle Mittel hat, um die weiteren Schritte erfolgreich absolvieren zu k\u00f6nnen.<\/p>\n\n\n<aside class=\"wp-block-related-posts  \" >\n                    \n\n<h3 class=\"wp-block-heading\" class=\"wp-block-heading\" id=\"leser_interessieren_sich_auch_fuer\">Leser interessieren sich auch f\u00fcr:<\/h3>\n\n\n        <ul class=\"grid grid-cols-1 md:grid-cols-2 gap-4 lg:grid-cols-1\">\n                            <li class=\"w-full p-3 rounded-lg shadow md:w-full\">\n                    <a href=\"https:\/\/www.asktraders.com\/de\/traden-lernen\/trading-ratgeber\/aktien-apps\/\" class=\"flex\">\n                        <img loading=\"lazy\" decoding=\"async\" width=\"150\" height=\"150\" src=\"https:\/\/www.asktraders.com\/wp-content\/uploads\/2018\/05\/beitragsbilder-ratgeber-trading-apps-150x150.jpg\" class=\"w-1\/3 rounded object-cover  wp-post-image\" alt=\"Beitragsbilder Ratgeber Trading-App\" \/>\n                        <div class=\"flex flex-col w-2\/3 pl-3\">\n                                                        <span\n                                class=\"block py-1 grow text-sm font-bold \">Aktien Apps \u2013 die Kurse immer im Blick mit den richtigen Apps<\/span>\n                                                            <span class=\"text-xs uppercase\">\n                                    Analyst Team\n                                <\/span>\n                                                    <\/div>\n                    <\/a>\n                <\/li>\n                            <li class=\"w-full p-3 rounded-lg shadow md:w-full\">\n                    <a href=\"https:\/\/www.asktraders.com\/de\/traden-lernen\/technische-analyse\/chart-technische-analyse\/\" class=\"flex\">\n                        <img loading=\"lazy\" decoding=\"async\" width=\"150\" height=\"150\" src=\"https:\/\/www.asktraders.com\/wp-content\/uploads\/2019\/10\/shutterstock_599600603-150x150.jpg\" class=\"w-1\/3 rounded object-cover  wp-post-image\" alt=\"CFD-Brokers\" srcset=\"https:\/\/www.asktraders.com\/wp-content\/uploads\/2019\/10\/shutterstock_599600603-150x150.jpg 150w, https:\/\/www.asktraders.com\/wp-content\/uploads\/2019\/10\/shutterstock_599600603-100x100.jpg 100w, https:\/\/www.asktraders.com\/wp-content\/uploads\/2019\/10\/shutterstock_599600603-64x64.jpg 64w, https:\/\/www.asktraders.com\/wp-content\/uploads\/2019\/10\/shutterstock_599600603-26x26.jpg 26w\" sizes=\"auto, (max-width: 150px) 100vw, 150px\" \/>\n                        <div class=\"flex flex-col w-2\/3 pl-3\">\n                                                        <span\n                                class=\"block py-1 grow text-sm font-bold \">(Chart-) technische Analyse<\/span>\n                                                            <span class=\"text-xs uppercase\">\n                                    Analyst Team\n                                <\/span>\n                                                    <\/div>\n                    <\/a>\n                <\/li>\n                            <li class=\"w-full p-3 rounded-lg shadow md:w-full\">\n                    <a href=\"https:\/\/www.asktraders.com\/de\/traden-lernen\/trading-ratgeber\/aktien-order\/\" class=\"flex\">\n                        <img loading=\"lazy\" decoding=\"async\" width=\"150\" height=\"150\" src=\"https:\/\/www.asktraders.com\/wp-content\/uploads\/2018\/05\/beitragsbilder-ratgeber-aktien-2-150x150.png\" class=\"w-1\/3 rounded object-cover  wp-post-image\" alt=\"\" \/>\n                        <div class=\"flex flex-col w-2\/3 pl-3\">\n                                                        <span\n                                class=\"block py-1 grow text-sm font-bold \">Aktien Order: 7 wichtige Tipps rund um den Aktienkauf<\/span>\n                                                            <span class=\"text-xs uppercase\">\n                                    Analyst Team\n                                <\/span>\n                                                    <\/div>\n                    <\/a>\n                <\/li>\n                    <\/ul>\n            \n    <\/aside>\n\n\n<aside class=\"wp-block-related-posts  \" data-sidebar>\n                    \n\n<h2 class=\"wp-block-heading\"  class=\"wp-block-heading\"  id=\"aktuelle_beitraege\">Aktuelle Beitr\u00e4ge<\/h2>\n\n\n        <ul class=\"grid grid-cols-1 md:grid-cols-2 gap-4 lg:grid-cols-1\">\n                            <li class=\"w-full p-3 rounded-lg shadow md:w-full\">\n                    <a href=\"https:\/\/www.asktraders.com\/de\/finanznachrichten\/evonik-aktien-erreichen-neues-tief-als-e13-durchbrochen-werden\/\" class=\"flex\">\n                        <img loading=\"lazy\" decoding=\"async\" width=\"150\" height=\"150\" src=\"https:\/\/www.asktraders.com\/wp-content\/uploads\/2023\/05\/evonik-aktie-prognose-150x150.jpg\" class=\"w-1\/3 rounded object-cover  wp-post-image\" alt=\"Evonik Aktie\" \/>\n                        <div class=\"flex flex-col w-2\/3 pl-3\">\n                                                        <span\n                                class=\"block py-1 grow text-sm font-bold \">Evonik Aktien erreichen neues Tief, als \u20ac13 durchbrochen werden<\/span>\n                                                            <span class=\"text-xs uppercase\">\n                                    Analyst Team\n                                <\/span>\n                                                    <\/div>\n                    <\/a>\n                <\/li>\n                            <li class=\"w-full p-3 rounded-lg shadow md:w-full\">\n                    <a href=\"https:\/\/www.asktraders.com\/de\/finanznachrichten\/2g-energy-ag-aktie-erholt-sich-von-unterstuetzung-steigerung-von-10\/\" class=\"flex\">\n                        <img loading=\"lazy\" decoding=\"async\" width=\"150\" height=\"150\" src=\"https:\/\/www.asktraders.com\/wp-content\/uploads\/2025\/08\/power-and-energy-150x150.jpg\" class=\"w-1\/3 rounded object-cover  wp-post-image\" alt=\"Uniper UN0\" \/>\n                        <div class=\"flex flex-col w-2\/3 pl-3\">\n                                                        <span\n                                class=\"block py-1 grow text-sm font-bold \">2G Energy AG Aktie erholt sich von Unterst\u00fctzung \u2013 Steigerung von 10%<\/span>\n                                                            <span class=\"text-xs uppercase\">\n                                    Analyst Team\n                                <\/span>\n                                                    <\/div>\n                    <\/a>\n                <\/li>\n                            <li class=\"w-full p-3 rounded-lg shadow md:w-full\">\n                    <a href=\"https:\/\/www.asktraders.com\/de\/finanznachrichten\/mercedes-benz-aktie-goldman-sachs-initiiert-analystendeckung-mit-positiver-einschaetzung\/\" class=\"flex\">\n                        <img loading=\"lazy\" decoding=\"async\" width=\"150\" height=\"150\" src=\"https:\/\/www.asktraders.com\/wp-content\/uploads\/2023\/06\/aktie-mercedes-150x150.jpg\" class=\"w-1\/3 rounded object-cover  wp-post-image\" alt=\"Mercedes Aktie\" \/>\n                        <div class=\"flex flex-col w-2\/3 pl-3\">\n                                                        <span\n                                class=\"block py-1 grow text-sm font-bold \">Mercedes-Benz Aktie: Goldman Sachs initiiert Analystendeckung mit positiver Einsch\u00e4tzung<\/span>\n                                                            <span class=\"text-xs uppercase\">\n                                    Analyst Team\n                                <\/span>\n                                                    <\/div>\n                    <\/a>\n                <\/li>\n                            <li class=\"w-full p-3 rounded-lg shadow md:w-full\">\n                    <a href=\"https:\/\/www.asktraders.com\/de\/finanznachrichten\/dax-aktien-erholen-sich-nach-nvidia-beben-maerkte-atmen-auf\/\" class=\"flex\">\n                        <img loading=\"lazy\" decoding=\"async\" width=\"150\" height=\"150\" src=\"https:\/\/www.asktraders.com\/wp-content\/uploads\/2023\/04\/dax-handeln-150x150.jpg\" class=\"w-1\/3 rounded object-cover  wp-post-image\" alt=\"\" \/>\n                        <div class=\"flex flex-col w-2\/3 pl-3\">\n                                                        <span\n                                class=\"block py-1 grow text-sm font-bold \">DAX-Aktien erholen sich nach Nvidia-Beben: M\u00e4rkte atmen auf<\/span>\n                                                            <span class=\"text-xs uppercase\">\n                                    Analyst Team\n                                <\/span>\n                                                    <\/div>\n                    <\/a>\n                <\/li>\n                            <li class=\"w-full p-3 rounded-lg shadow md:w-full\">\n                    <a href=\"https:\/\/www.asktraders.com\/de\/finanznachrichten\/rheinmetall-aktien-finden-unterstuetzung-bei-1-600-e-wie-geht-es-weiter\/\" class=\"flex\">\n                        <img loading=\"lazy\" decoding=\"async\" width=\"150\" height=\"150\" src=\"https:\/\/www.asktraders.com\/wp-content\/uploads\/2022\/11\/Die-Rheinmetall-Aktie-im-Chart-150x150.jpg\" class=\"w-1\/3 rounded object-cover  wp-post-image\" alt=\"Die Rheinmetall Aktie im Chart\" \/>\n                        <div class=\"flex flex-col w-2\/3 pl-3\">\n                                                        <span\n                                class=\"block py-1 grow text-sm font-bold \">Rheinmetall-Aktien finden Unterst\u00fctzung bei 1.600 \u20ac \u2013 Wie geht es weiter?<\/span>\n                                                            <span class=\"text-xs uppercase\">\n                                    Analyst Team\n                                <\/span>\n                                                    <\/div>\n                    <\/a>\n                <\/li>\n                    <\/ul>\n            \n    <\/aside>\n\n\n<div class=\"wp-block-top5-broker\" data-sidebar>\n        <div>\n        \n\n<h2 class=\"wp-block-heading\"  class=\"wp-block-heading\"  id=\"\"><\/h2>\n\n\n    <\/div>\n            <div class=\"block bg-white rounded-lg shadow\">\n        <ul\n            class=\"flex flex-wrap w-full -mb-px list-none border-b-2 navTabs \">\n                                                                                                        <\/ul>\n                    <div class=\"navTabContent \" id=\"top5-tab1\">\n                <ol class=\"flex\n                flex-wrap\n                \">\n                                    <\/ol>\n                            <\/div>\n                    <div class=\"navTabContent hidden\" id=\"top5-tab2\">\n                <ol class=\"flex\n                flex-wrap\n                \">\n                                    <\/ol>\n                            <\/div>\n                    <div class=\"navTabContent hidden\" id=\"top5-tab3\">\n                <ol class=\"flex\n                flex-wrap\n                \">\n                                    <\/ol>\n                            <\/div>\n        \n    <\/div>\n    <\/div>\n","protected":false},"author":33,"featured_media":171749,"comment_status":"open","ping_status":"closed","template":"","news_cluster":[],"tradingcategory":[99],"class_list":["post-171724","news","type-news","status-publish","has-post-thumbnail","hentry","tradingcategory-aktien"],"acf":[],"apple_news_notices":[],"yoast_head":"<!-- This site is optimized with the Yoast SEO plugin v27.2 - https:\/\/yoast.com\/product\/yoast-seo-wordpress\/ -->\n<title>Fielmann Aktie News | Analysten stufen Aktie hoch<\/title>\n<meta name=\"description\" content=\"Die Analysten der Privatbank Berenberg stufen die Fielmann Aktie von &quot;Sell&quot; auf &quot;Hold&quot; hoch. Die Aussichten f\u00fcr das Unternehmen seien deutlich besser. Der\" \/>\n<meta name=\"robots\" content=\"index, follow, max-snippet:-1, max-image-preview:large, max-video-preview:-1\" \/>\n<link rel=\"canonical\" href=\"https:\/\/www.asktraders.com\/de\/finanznachrichten\/fielmann-aktie-analysten-stufen-die-aktie-hoch-der-kurs-springt-deutlich-an\/\" \/>\n<meta property=\"og:locale\" content=\"de_DE\" \/>\n<meta property=\"og:type\" content=\"article\" \/>\n<meta property=\"og:title\" content=\"Fielmann Aktie News | Analysten stufen Aktie hoch\" \/>\n<meta property=\"og:description\" content=\"Die Analysten der Privatbank Berenberg stufen die Fielmann Aktie von &quot;Sell&quot; auf &quot;Hold&quot; hoch. Die Aussichten f\u00fcr das Unternehmen seien deutlich besser. Der\" \/>\n<meta property=\"og:url\" content=\"https:\/\/www.asktraders.com\/de\/finanznachrichten\/fielmann-aktie-analysten-stufen-die-aktie-hoch-der-kurs-springt-deutlich-an\/\" \/>\n<meta property=\"og:site_name\" content=\"AskTraders.com\" \/>\n<meta property=\"article:publisher\" content=\"https:\/\/www.facebook.com\/asktraderscom\" \/>\n<meta property=\"article:modified_time\" content=\"2023-04-26T11:05:38+00:00\" \/>\n<meta property=\"og:image\" content=\"https:\/\/www.asktraders.com\/wp-content\/uploads\/2023\/04\/fielmann-aktie-1.jpg\" \/>\n\t<meta property=\"og:image:width\" content=\"625\" \/>\n\t<meta property=\"og:image:height\" content=\"472\" \/>\n\t<meta property=\"og:image:type\" content=\"image\/jpeg\" \/>\n<meta name=\"twitter:card\" content=\"summary_large_image\" \/>\n<meta name=\"twitter:site\" content=\"@Asktraders1\" \/>\n<meta name=\"twitter:label1\" content=\"Gesch\u00e4tzte Lesezeit\" \/>\n\t<meta name=\"twitter:data1\" content=\"3 Minuten\" \/>\n<script type=\"application\/ld+json\" class=\"yoast-schema-graph\">{\"@context\":\"https:\/\/schema.org\",\"@graph\":[{\"@type\":\"NewsArticle\",\"@id\":\"https:\/\/www.asktraders.com\/de\/finanznachrichten\/fielmann-aktie-analysten-stufen-die-aktie-hoch-der-kurs-springt-deutlich-an\/#article\",\"isPartOf\":{\"@id\":\"https:\/\/www.asktraders.com\/de\/finanznachrichten\/fielmann-aktie-analysten-stufen-die-aktie-hoch-der-kurs-springt-deutlich-an\/\"},\"author\":{\"name\":\"Ruben Wunderlich\",\"@id\":\"https:\/\/www.asktraders.com\/de\/#\/schema\/person\/6e2f89f6a9f3eecbfe9cf3be140769ba\",\"url\":\"https:\/\/www.asktraders.com\/de\/author\/rubenw\/\"},\"headline\":\"Fielmann Aktie: Analysten stufen die Aktie hoch. Der Kurs springt deutlich an.\",\"datePublished\":\"2023-04-25T15:48:31+00:00\",\"dateModified\":\"2023-04-26T11:05:38+00:00\",\"mainEntityOfPage\":{\"@id\":\"https:\/\/www.asktraders.com\/de\/finanznachrichten\/fielmann-aktie-analysten-stufen-die-aktie-hoch-der-kurs-springt-deutlich-an\/\"},\"wordCount\":485,\"commentCount\":0,\"publisher\":{\"@id\":\"https:\/\/www.asktraders.com\/de\/#organization\"},\"image\":{\"@id\":\"https:\/\/www.asktraders.com\/de\/finanznachrichten\/fielmann-aktie-analysten-stufen-die-aktie-hoch-der-kurs-springt-deutlich-an\/#primaryimage\"},\"thumbnailUrl\":\"https:\/\/www.asktraders.com\/wp-content\/uploads\/2023\/04\/fielmann-aktie-1.jpg\",\"inLanguage\":\"de-DE\",\"potentialAction\":[{\"@type\":\"CommentAction\",\"name\":\"Comment\",\"target\":[\"https:\/\/www.asktraders.com\/de\/finanznachrichten\/fielmann-aktie-analysten-stufen-die-aktie-hoch-der-kurs-springt-deutlich-an\/#respond\"]}],\"accessibilityFeature\":[\"tableOfContents\"]},{\"@type\":\"WebPage\",\"@id\":\"https:\/\/www.asktraders.com\/de\/finanznachrichten\/fielmann-aktie-analysten-stufen-die-aktie-hoch-der-kurs-springt-deutlich-an\/\",\"url\":\"https:\/\/www.asktraders.com\/de\/finanznachrichten\/fielmann-aktie-analysten-stufen-die-aktie-hoch-der-kurs-springt-deutlich-an\/\",\"name\":\"Fielmann Aktie News | Analysten stufen Aktie hoch\",\"isPartOf\":{\"@id\":\"https:\/\/www.asktraders.com\/de\/#website\"},\"primaryImageOfPage\":{\"@id\":\"https:\/\/www.asktraders.com\/de\/finanznachrichten\/fielmann-aktie-analysten-stufen-die-aktie-hoch-der-kurs-springt-deutlich-an\/#primaryimage\"},\"image\":{\"@id\":\"https:\/\/www.asktraders.com\/de\/finanznachrichten\/fielmann-aktie-analysten-stufen-die-aktie-hoch-der-kurs-springt-deutlich-an\/#primaryimage\"},\"thumbnailUrl\":\"https:\/\/www.asktraders.com\/wp-content\/uploads\/2023\/04\/fielmann-aktie-1.jpg\",\"datePublished\":\"2023-04-25T15:48:31+00:00\",\"dateModified\":\"2023-04-26T11:05:38+00:00\",\"description\":\"Die Analysten der Privatbank Berenberg stufen die Fielmann Aktie von \\\"Sell\\\" auf \\\"Hold\\\" hoch. Die Aussichten f\u00fcr das Unternehmen seien deutlich besser. Der\",\"breadcrumb\":{\"@id\":\"https:\/\/www.asktraders.com\/de\/finanznachrichten\/fielmann-aktie-analysten-stufen-die-aktie-hoch-der-kurs-springt-deutlich-an\/#breadcrumb\"},\"inLanguage\":\"de-DE\",\"potentialAction\":[{\"@type\":\"ReadAction\",\"target\":[\"https:\/\/www.asktraders.com\/de\/finanznachrichten\/fielmann-aktie-analysten-stufen-die-aktie-hoch-der-kurs-springt-deutlich-an\/\"]}]},{\"@type\":\"ImageObject\",\"inLanguage\":\"de-DE\",\"@id\":\"https:\/\/www.asktraders.com\/de\/finanznachrichten\/fielmann-aktie-analysten-stufen-die-aktie-hoch-der-kurs-springt-deutlich-an\/#primaryimage\",\"url\":\"https:\/\/www.asktraders.com\/wp-content\/uploads\/2023\/04\/fielmann-aktie-1.jpg\",\"contentUrl\":\"https:\/\/www.asktraders.com\/wp-content\/uploads\/2023\/04\/fielmann-aktie-1.jpg\",\"width\":625,\"height\":472,\"caption\":\"Profitabilit\u00e4t\"},{\"@type\":\"BreadcrumbList\",\"@id\":\"https:\/\/www.asktraders.com\/de\/finanznachrichten\/fielmann-aktie-analysten-stufen-die-aktie-hoch-der-kurs-springt-deutlich-an\/#breadcrumb\",\"itemListElement\":[{\"@type\":\"ListItem\",\"position\":1,\"name\":\"Home\",\"item\":\"https:\/\/www.asktraders.com\/de\/\"},{\"@type\":\"ListItem\",\"position\":2,\"name\":\"News\",\"item\":\"https:\/\/www.asktraders.com\/de\/finanznachrichten\/\"},{\"@type\":\"ListItem\",\"position\":3,\"name\":\"Fielmann Aktie: Analysten stufen die Aktie hoch. Der Kurs springt deutlich an.\"}]},{\"@type\":\"WebSite\",\"@id\":\"https:\/\/www.asktraders.com\/de\/#website\",\"url\":\"https:\/\/www.asktraders.com\/de\/\",\"name\":\"AskTraders\",\"description\":\"Guiding You To Trading Success\",\"publisher\":{\"@id\":\"https:\/\/www.asktraders.com\/de\/#organization\"},\"inLanguage\":\"de-DE\"},{\"@type\":\"Organization\",\"@id\":\"https:\/\/www.asktraders.com\/de\/#organization\",\"name\":\"AskTraders\",\"url\":\"https:\/\/www.asktraders.com\/de\/\",\"logo\":{\"@type\":\"ImageObject\",\"inLanguage\":\"de-DE\",\"@id\":\"https:\/\/www.asktraders.com\/de\/#\/schema\/logo\/image\/\",\"url\":\"https:\/\/www.asktraders.com\/wp-content\/uploads\/2019\/05\/asktraders-logo-tm-white.png\",\"contentUrl\":\"https:\/\/www.asktraders.com\/wp-content\/uploads\/2019\/05\/asktraders-logo-tm-white.png\",\"width\":232,\"height\":38,\"caption\":\"AskTraders\"},\"image\":{\"@id\":\"https:\/\/www.asktraders.com\/de\/#\/schema\/logo\/image\/\"},\"sameAs\":[\"https:\/\/www.facebook.com\/asktraderscom\",\"https:\/\/x.com\/Asktraders1\"]},{\"@type\":\"Person\",\"@id\":\"https:\/\/www.asktraders.com\/de\/#\/schema\/person\/6e2f89f6a9f3eecbfe9cf3be140769ba\",\"name\":\"Ruben Wunderlich\",\"image\":{\"@type\":\"ImageObject\",\"inLanguage\":\"de-DE\",\"@id\":\"https:\/\/secure.gravatar.com\/avatar\/a169813ebb7fc5db497811c94e0e5111ffd756d2135b8bb267093c55024a2119?s=96&d=mm&r=g\",\"url\":\"https:\/\/secure.gravatar.com\/avatar\/a169813ebb7fc5db497811c94e0e5111ffd756d2135b8bb267093c55024a2119?s=96&d=mm&r=g\",\"contentUrl\":\"https:\/\/secure.gravatar.com\/avatar\/a169813ebb7fc5db497811c94e0e5111ffd756d2135b8bb267093c55024a2119?s=96&d=mm&r=g\",\"caption\":\"Ruben Wunderlich\"}}]}<\/script>\n<!-- \/ Yoast SEO plugin. -->","yoast_head_json":{"title":"Fielmann Aktie News | Analysten stufen Aktie hoch","description":"Die Analysten der Privatbank Berenberg stufen die Fielmann Aktie von \"Sell\" auf \"Hold\" hoch. Die Aussichten f\u00fcr das Unternehmen seien deutlich besser. Der","robots":{"index":"index","follow":"follow","max-snippet":"max-snippet:-1","max-image-preview":"max-image-preview:large","max-video-preview":"max-video-preview:-1"},"canonical":"https:\/\/www.asktraders.com\/de\/finanznachrichten\/fielmann-aktie-analysten-stufen-die-aktie-hoch-der-kurs-springt-deutlich-an\/","og_locale":"de_DE","og_type":"article","og_title":"Fielmann Aktie News | Analysten stufen Aktie hoch","og_description":"Die Analysten der Privatbank Berenberg stufen die Fielmann Aktie von \"Sell\" auf \"Hold\" hoch. Die Aussichten f\u00fcr das Unternehmen seien deutlich besser. Der","og_url":"https:\/\/www.asktraders.com\/de\/finanznachrichten\/fielmann-aktie-analysten-stufen-die-aktie-hoch-der-kurs-springt-deutlich-an\/","og_site_name":"AskTraders.com","article_publisher":"https:\/\/www.facebook.com\/asktraderscom","article_modified_time":"2023-04-26T11:05:38+00:00","og_image":[{"width":625,"height":472,"url":"https:\/\/www.asktraders.com\/wp-content\/uploads\/2023\/04\/fielmann-aktie-1.jpg","type":"image\/jpeg"}],"twitter_card":"summary_large_image","twitter_site":"@Asktraders1","twitter_misc":{"Gesch\u00e4tzte Lesezeit":"3 Minuten"},"schema":{"@context":"https:\/\/schema.org","@graph":[{"@type":"NewsArticle","@id":"https:\/\/www.asktraders.com\/de\/finanznachrichten\/fielmann-aktie-analysten-stufen-die-aktie-hoch-der-kurs-springt-deutlich-an\/#article","isPartOf":{"@id":"https:\/\/www.asktraders.com\/de\/finanznachrichten\/fielmann-aktie-analysten-stufen-die-aktie-hoch-der-kurs-springt-deutlich-an\/"},"author":{"name":"Ruben Wunderlich","@id":"https:\/\/www.asktraders.com\/de\/#\/schema\/person\/6e2f89f6a9f3eecbfe9cf3be140769ba","url":"https:\/\/www.asktraders.com\/de\/author\/rubenw\/"},"headline":"Fielmann Aktie: Analysten stufen die Aktie hoch. Der Kurs springt deutlich an.","datePublished":"2023-04-25T15:48:31+00:00","dateModified":"2023-04-26T11:05:38+00:00","mainEntityOfPage":{"@id":"https:\/\/www.asktraders.com\/de\/finanznachrichten\/fielmann-aktie-analysten-stufen-die-aktie-hoch-der-kurs-springt-deutlich-an\/"},"wordCount":485,"commentCount":0,"publisher":{"@id":"https:\/\/www.asktraders.com\/de\/#organization"},"image":{"@id":"https:\/\/www.asktraders.com\/de\/finanznachrichten\/fielmann-aktie-analysten-stufen-die-aktie-hoch-der-kurs-springt-deutlich-an\/#primaryimage"},"thumbnailUrl":"https:\/\/www.asktraders.com\/wp-content\/uploads\/2023\/04\/fielmann-aktie-1.jpg","inLanguage":"de-DE","potentialAction":[{"@type":"CommentAction","name":"Comment","target":["https:\/\/www.asktraders.com\/de\/finanznachrichten\/fielmann-aktie-analysten-stufen-die-aktie-hoch-der-kurs-springt-deutlich-an\/#respond"]}],"accessibilityFeature":["tableOfContents"]},{"@type":"WebPage","@id":"https:\/\/www.asktraders.com\/de\/finanznachrichten\/fielmann-aktie-analysten-stufen-die-aktie-hoch-der-kurs-springt-deutlich-an\/","url":"https:\/\/www.asktraders.com\/de\/finanznachrichten\/fielmann-aktie-analysten-stufen-die-aktie-hoch-der-kurs-springt-deutlich-an\/","name":"Fielmann Aktie News | Analysten stufen Aktie hoch","isPartOf":{"@id":"https:\/\/www.asktraders.com\/de\/#website"},"primaryImageOfPage":{"@id":"https:\/\/www.asktraders.com\/de\/finanznachrichten\/fielmann-aktie-analysten-stufen-die-aktie-hoch-der-kurs-springt-deutlich-an\/#primaryimage"},"image":{"@id":"https:\/\/www.asktraders.com\/de\/finanznachrichten\/fielmann-aktie-analysten-stufen-die-aktie-hoch-der-kurs-springt-deutlich-an\/#primaryimage"},"thumbnailUrl":"https:\/\/www.asktraders.com\/wp-content\/uploads\/2023\/04\/fielmann-aktie-1.jpg","datePublished":"2023-04-25T15:48:31+00:00","dateModified":"2023-04-26T11:05:38+00:00","description":"Die Analysten der Privatbank Berenberg stufen die Fielmann Aktie von \"Sell\" auf \"Hold\" hoch. Die Aussichten f\u00fcr das Unternehmen seien deutlich besser. Der","breadcrumb":{"@id":"https:\/\/www.asktraders.com\/de\/finanznachrichten\/fielmann-aktie-analysten-stufen-die-aktie-hoch-der-kurs-springt-deutlich-an\/#breadcrumb"},"inLanguage":"de-DE","potentialAction":[{"@type":"ReadAction","target":["https:\/\/www.asktraders.com\/de\/finanznachrichten\/fielmann-aktie-analysten-stufen-die-aktie-hoch-der-kurs-springt-deutlich-an\/"]}]},{"@type":"ImageObject","inLanguage":"de-DE","@id":"https:\/\/www.asktraders.com\/de\/finanznachrichten\/fielmann-aktie-analysten-stufen-die-aktie-hoch-der-kurs-springt-deutlich-an\/#primaryimage","url":"https:\/\/www.asktraders.com\/wp-content\/uploads\/2023\/04\/fielmann-aktie-1.jpg","contentUrl":"https:\/\/www.asktraders.com\/wp-content\/uploads\/2023\/04\/fielmann-aktie-1.jpg","width":625,"height":472,"caption":"Profitabilit\u00e4t"},{"@type":"BreadcrumbList","@id":"https:\/\/www.asktraders.com\/de\/finanznachrichten\/fielmann-aktie-analysten-stufen-die-aktie-hoch-der-kurs-springt-deutlich-an\/#breadcrumb","itemListElement":[{"@type":"ListItem","position":1,"name":"Home","item":"https:\/\/www.asktraders.com\/de\/"},{"@type":"ListItem","position":2,"name":"News","item":"https:\/\/www.asktraders.com\/de\/finanznachrichten\/"},{"@type":"ListItem","position":3,"name":"Fielmann Aktie: Analysten stufen die Aktie hoch. Der Kurs springt deutlich an."}]},{"@type":"WebSite","@id":"https:\/\/www.asktraders.com\/de\/#website","url":"https:\/\/www.asktraders.com\/de\/","name":"AskTraders","description":"Guiding You To Trading Success","publisher":{"@id":"https:\/\/www.asktraders.com\/de\/#organization"},"inLanguage":"de-DE"},{"@type":"Organization","@id":"https:\/\/www.asktraders.com\/de\/#organization","name":"AskTraders","url":"https:\/\/www.asktraders.com\/de\/","logo":{"@type":"ImageObject","inLanguage":"de-DE","@id":"https:\/\/www.asktraders.com\/de\/#\/schema\/logo\/image\/","url":"https:\/\/www.asktraders.com\/wp-content\/uploads\/2019\/05\/asktraders-logo-tm-white.png","contentUrl":"https:\/\/www.asktraders.com\/wp-content\/uploads\/2019\/05\/asktraders-logo-tm-white.png","width":232,"height":38,"caption":"AskTraders"},"image":{"@id":"https:\/\/www.asktraders.com\/de\/#\/schema\/logo\/image\/"},"sameAs":["https:\/\/www.facebook.com\/asktraderscom","https:\/\/x.com\/Asktraders1"]},{"@type":"Person","@id":"https:\/\/www.asktraders.com\/de\/#\/schema\/person\/6e2f89f6a9f3eecbfe9cf3be140769ba","name":"Ruben Wunderlich","image":{"@type":"ImageObject","inLanguage":"de-DE","@id":"https:\/\/secure.gravatar.com\/avatar\/a169813ebb7fc5db497811c94e0e5111ffd756d2135b8bb267093c55024a2119?s=96&d=mm&r=g","url":"https:\/\/secure.gravatar.com\/avatar\/a169813ebb7fc5db497811c94e0e5111ffd756d2135b8bb267093c55024a2119?s=96&d=mm&r=g","contentUrl":"https:\/\/secure.gravatar.com\/avatar\/a169813ebb7fc5db497811c94e0e5111ffd756d2135b8bb267093c55024a2119?s=96&d=mm&r=g","caption":"Ruben Wunderlich"}}]}},"_links":{"self":[{"href":"https:\/\/www.asktraders.com\/de\/wp-json\/wp\/v2\/news\/171724","targetHints":{"allow":["GET"]}}],"collection":[{"href":"https:\/\/www.asktraders.com\/de\/wp-json\/wp\/v2\/news"}],"about":[{"href":"https:\/\/www.asktraders.com\/de\/wp-json\/wp\/v2\/types\/news"}],"author":[{"embeddable":true,"href":"https:\/\/www.asktraders.com\/de\/wp-json\/wp\/v2\/users\/33"}],"replies":[{"embeddable":true,"href":"https:\/\/www.asktraders.com\/de\/wp-json\/wp\/v2\/comments?post=171724"}],"version-history":[{"count":0,"href":"https:\/\/www.asktraders.com\/de\/wp-json\/wp\/v2\/news\/171724\/revisions"}],"wp:featuredmedia":[{"embeddable":true,"href":"https:\/\/www.asktraders.com\/de\/wp-json\/wp\/v2\/media\/171749"}],"wp:attachment":[{"href":"https:\/\/www.asktraders.com\/de\/wp-json\/wp\/v2\/media?parent=171724"}],"wp:term":[{"taxonomy":"news_cluster","embeddable":true,"href":"https:\/\/www.asktraders.com\/de\/wp-json\/wp\/v2\/news_cluster?post=171724"},{"taxonomy":"tradingcategory","embeddable":true,"href":"https:\/\/www.asktraders.com\/de\/wp-json\/wp\/v2\/tradingcategory?post=171724"}],"curies":[{"name":"wp","href":"https:\/\/api.w.org\/{rel}","templated":true}]}}