{"id":171808,"date":"2023-04-27T08:53:57","date_gmt":"2023-04-27T07:53:57","guid":{"rendered":"https:\/\/www.asktraders.com\/?post_type=news&#038;p=171808"},"modified":"2023-04-27T11:18:38","modified_gmt":"2023-04-27T10:18:38","slug":"fielmann-starke-zahlen-q1-2023","status":"publish","type":"news","link":"https:\/\/www.asktraders.com\/de\/finanznachrichten\/fielmann-starke-zahlen-q1-2023\/","title":{"rendered":"Fielmann ver\u00f6ffentlicht starke Zahlen f\u00fcr Q1 2023 &#8211; Fielmann Aktie deutlich im Plus."},"content":{"rendered":"\n<p>Fielmann hat heute die Zahlen zum abgelaufenen ersten Quartal 2023 ver\u00f6ffentlicht. Sie lagen \u00fcber den Erwartungen. Wichtiger fast als die Zahlen war der Ausblick des Managements, der wieder deutlich optimistischer ist.<\/p>\n\n\n\n<div class=\"wp-block-group main-cta is-layout-flow wp-block-group-is-layout-flow\" style=\"padding-top:10px;padding-right:10px;padding-bottom:10px;padding-left:10px\">\n<hr class=\"wp-block-separator has-text-color has-gray-color has-alpha-channel-opacity has-gray-background-color has-background is-style-wide\"\/>\n\n\n\n<div style=\"height:28px\" aria-hidden=\"true\" class=\"wp-block-spacer\"><\/div>\n\n\n\n<div class=\"wp-block-buttons is-content-justification-center is-layout-flex wp-container-core-buttons-is-layout-16018d1d wp-block-buttons-is-layout-flex\">\n<div class=\"wp-block-button has-custom-width wp-block-button__width-100 has-custom-font-size is-style-fill has-small-font-size\"><a class=\"wp-block-button__link has-green-background-color has-background\" href=\"https:\/\/www.asktraders.com\/de\/go\/native?placement=AT-DE-DE-stocks-NCTA-B1-NA-NA-NA\" style=\"border-radius:5px;padding-top:11px;padding-right:40px;padding-bottom:11px;padding-left:40px\" target=\"_blank\" rel=\"noreferrer noopener\">HIER GEHT&#8217;s zur fielmann Aktie<\/a><\/div>\n<\/div>\n\n\n\n<p class=\"has-text-align-center\">Ihr Kapital ist in Gefahr<\/p>\n\n\n\n<hr class=\"wp-block-separator has-text-color has-gray-color has-alpha-channel-opacity has-gray-background-color has-background is-style-wide\"\/>\n<\/div>\n\n\n<figure class=\"wp-block-post-featured-image\"><img loading=\"lazy\" decoding=\"async\" width=\"1000\" height=\"667\" src=\"https:\/\/www.asktraders.com\/wp-content\/uploads\/2023\/04\/fielmann-Aktie-2.jpg\" class=\"attachment-post-thumbnail size-post-thumbnail wp-post-image\" alt=\"fielmann Aktie\" style=\"object-fit:cover;\" srcset=\"https:\/\/www.asktraders.com\/wp-content\/uploads\/2023\/04\/fielmann-Aktie-2.jpg 1000w, https:\/\/www.asktraders.com\/wp-content\/uploads\/2023\/04\/fielmann-Aktie-2-333x222.jpg 333w, https:\/\/www.asktraders.com\/wp-content\/uploads\/2023\/04\/fielmann-Aktie-2-793x529.jpg 793w, https:\/\/www.asktraders.com\/wp-content\/uploads\/2023\/04\/fielmann-Aktie-2-768x512.jpg 768w\" sizes=\"auto, (max-width: 1000px) 100vw, 1000px\" \/><\/figure>\n\n\n<p class=\"has-text-align-center\"><em>Bilderquelle: Filmbildfabrik\/ shutterstock.com<\/em><\/p>\n\n\n<div class=\"wp-block-notice has-background has-light-green-background-color py-2 px-[30px]\">\n\n    <div>\n        \n\n<h3 class=\"wp-block-heading\" class=\"wp-block-heading\" id=\"auf_den_punkt_gebracht\">Auf den Punkt gebracht<\/h3>\n\n\n\n<ul class=\"wp-block-list\"><li>Umsatzsteigerung um 15 % gg\u00fc. Vorjahr<\/li><li>EBIT um 18 % gestiegen<\/li><li>Absatz von Korrektionsbrillen um 8 % gestiegen<\/li><li>24 % Umsatzwachstum au\u00dferhalb Deutschlands<\/li><li>33 % Umsatzwachstum im digitalen Vertriebsweg<\/li><\/ul>\n\n\n    <\/div>\n<\/div>\n\n\n\n<div class=\"wp-block-yoast-seo-table-of-contents yoast-table-of-contents\"><h2 id=\"table_of_contents\">Table of contents<\/h2><ul><li><a href=\"#Mieten\" data-level=\"2\">H\u00f6herer Gewinn trotz h\u00f6herer Ausgaben bei Personal und Mieten<\/a><\/li><li><a href=\"#Managements\" data-level=\"2\">Positiver Ausblick des Managements<\/a><ul><li><a href=\"#Zahlen\" data-level=\"3\">F\u00fcr das Jahr 2023 erwartet der Vorstand der Fielmann-Gruppe folgende Zahlen:<\/a><\/li><\/ul><\/li><\/ul><\/div>\n\n\n\n<div class=\"wp-block-group main-cta is-layout-flow wp-block-group-is-layout-flow\" style=\"padding-top:10px;padding-right:10px;padding-bottom:10px;padding-left:10px\">\n<hr class=\"wp-block-separator has-text-color has-gray-color has-alpha-channel-opacity has-gray-background-color has-background is-style-wide\"\/>\n\n\n\n<div style=\"height:28px\" aria-hidden=\"true\" class=\"wp-block-spacer\"><\/div>\n\n\n\n<div class=\"wp-block-buttons is-content-justification-center is-layout-flex wp-container-core-buttons-is-layout-16018d1d wp-block-buttons-is-layout-flex\">\n<div class=\"wp-block-button has-custom-width wp-block-button__width-100 has-custom-font-size is-style-fill has-small-font-size\"><a class=\"wp-block-button__link has-green-background-color has-background\" href=\"https:\/\/www.asktraders.com\/de\/go\/native?placement=AT-DE-DE-stocks-NCTA-B1-NA-NA-NA\" style=\"border-radius:5px;padding-top:11px;padding-right:40px;padding-bottom:11px;padding-left:40px\" target=\"_blank\" rel=\"noreferrer noopener\">HIER GEHT&#8217;s zur fielmann Aktie<\/a><\/div>\n<\/div>\n\n\n\n<p class=\"has-text-align-center\">Ihr Kapital ist in Gefahr<\/p>\n\n\n\n<hr class=\"wp-block-separator has-text-color has-gray-color has-alpha-channel-opacity has-gray-background-color has-background is-style-wide\"\/>\n<\/div>\n\n\n\n<p>Die Fielmann Aktie reagierte im fr\u00fchen <a href=\"https:\/\/www.asktraders.com\/de\/traden-lernen\/aktien\/strategien\/\">Handel <\/a>sehr positiv auf die ver\u00f6ffentlichten starken Zahlen. Bereits am Dienstag <a href=\"https:\/\/www.asktraders.com\/de\/finanznachrichten\/fielmann-aktie-analysten-stufen-die-aktie-hoch-der-kurs-springt-deutlich-an\/\">stufte die Privatbank Berenberg die Fielmann Aktie hoch<\/a>. Der Kurs stieg daraufhin um \u00fcber 7 Prozent.<\/p>\n\n\n\n<p><strong>Im heutigen fr\u00fchen Handel konnte der Aktienkurs von Fielmann nochmals um \u00fcber 8 Prozent zulegen.<\/strong><\/p>\n\n\n\n<figure class=\"wp-block-image aligncenter size-full\"><img loading=\"lazy\" decoding=\"async\" width=\"604\" height=\"311\" src=\"https:\/\/www.asktraders.com\/wp-content\/uploads\/2023\/04\/fielmann-aktienchart.jpg\" alt=\"\" class=\"wp-image-171820\" srcset=\"https:\/\/www.asktraders.com\/wp-content\/uploads\/2023\/04\/fielmann-aktienchart.jpg 604w, https:\/\/www.asktraders.com\/wp-content\/uploads\/2023\/04\/fielmann-aktienchart-333x171.jpg 333w\" sizes=\"auto, (max-width: 604px) 100vw, 604px\" \/><figcaption><em>Fielmann Aktienchart am 27.04.2023\/ Bilderquelle: traderfox.com<\/em><\/figcaption><\/figure>\n\n\n\n<p>Der Au\u00dfenumsatz der Fielmann-Gruppe wuchs um 15 Prozent auf 556 Mio. EUR. Der Konzernumsatz stieg ebenfalls um 15 Prozent auf 478 Mio. EUR. <\/p>\n\n\n\n<p>Der Unterschied zwischen Au\u00dfenumsatz und Konzernumsatz ist, dass beim Au\u00dfenumsatz auch s\u00e4mtliche Tochtergesellschaften sowie die Mehrwertsteuer ber\u00fccksichtigt ist. Im Konzernumsatz dagegen wird nur der Umsatz des konsolidierten Umsatz im Konzern und ohne Mehrwertsteuer ber\u00fccksichtigt.<\/p>\n\n\n\n<p><strong>Die Umsatzsteigerung kam dabei nicht nur durch h\u00f6here Preise zustande, sondern auch eine Steigerung des Absatzes. <\/strong>Fielmann konnte dabei prim\u00e4r bei Korrektionsbrillen (8 Prozent mehr Absatz) sowie Gleitsichtbrillen deutlich mehr verkaufen.<\/p>\n\n\n\n<p>Das Gesch\u00e4ft in Deutschland wuchs im Vergleich zu Q1 2022 um 12 Prozent, in \u00d6sterreich um 13 Prozent und in der Schweiz um 15 Prozent.<\/p>\n\n\n\n<p>Der Absatz in Spanien konnte sogar um 44 Prozent gesteigert werden. Hier muss jedoch ber\u00fccksichtigt werden, dass Fielmann dort \u00dcbernahmen t\u00e4tigte (Medical \u00d3ptica Audici\u00f3n), die sich nun auf die Ertragssituation auswirken. <\/p>\n\n\n\n<p>Die \u00fcbrigen M\u00e4rkte wuchsen um 31 Prozent. Die digitalen Vertriebskan\u00e4le um 24 Prozent.<\/p>\n\n\n\n<figure class=\"wp-block-image size-large\"><img loading=\"lazy\" decoding=\"async\" width=\"793\" height=\"529\" src=\"https:\/\/www.asktraders.com\/wp-content\/uploads\/2023\/04\/fielmann-aktie-q1-2023-793x529.jpg\" alt=\"Fielmann Aktie Q1\" class=\"wp-image-171817\" srcset=\"https:\/\/www.asktraders.com\/wp-content\/uploads\/2023\/04\/fielmann-aktie-q1-2023-793x529.jpg 793w, https:\/\/www.asktraders.com\/wp-content\/uploads\/2023\/04\/fielmann-aktie-q1-2023-333x222.jpg 333w, https:\/\/www.asktraders.com\/wp-content\/uploads\/2023\/04\/fielmann-aktie-q1-2023-768x512.jpg 768w, https:\/\/www.asktraders.com\/wp-content\/uploads\/2023\/04\/fielmann-aktie-q1-2023.jpg 1000w\" sizes=\"auto, (max-width: 793px) 100vw, 793px\" \/><figcaption><em>Bilderquelle: Filmbildfabrik\/ shutterstock.com<\/em><\/figcaption><\/figure>\n\n\n\n<h2 class=\"wp-block-heading\"  class=\"wp-block-heading\"  id=\"hoeherer_gewinn_trotz_hoeherer_ausgaben_bei_personal_und_mieten\">H\u00f6herer Gewinn trotz h\u00f6herer Ausgaben bei Personal und Mieten<\/h2>\n\n\n\n<p>Die Aufwendungen f\u00fcr Personal stiegen von 185,8 Mio. EUR auf nunmehr 220 Mio. EUR, das bedeutet um mehr als 18 Prozent.<\/p>\n\n\n\n<p>Wie bei Gewerbeimmobilien \u00fcblich sind die Preise f\u00fcr Mieten inflationsindexiert. Das f\u00fchrte zu steigenden Mieten im Laufe des vergangenen Jahres. <\/p>\n\n\n\n<p><strong>Dennoch konnte trotz der teilweise stark steigenden Ausgaben das EBIT (Gewinn vor Zinsen und Steuern) ebenfalls deutlich gesteigert werden.<\/strong><\/p>\n\n\n\n<p><strong>Das EBIT f\u00fcr das erste Quartal 2023 konnte im Vergleich zum Vorjahresquartal um 18 Prozent gesteigert werden.<\/strong><\/p>\n\n\n\n<p>Die <a href=\"https:\/\/www.asktraders.com\/de\/traden-lernen\/aktien\/beste-dividende-aktien\/\">Dividende <\/a>der Fielmann Aktie soll &#8211; wie bereits angek\u00fcndigt wurde &#8211; bei 0,75 EUR je Aktie liegen.<\/p>\n\n\n\n<div class=\"wp-block-group main-cta is-layout-flow wp-block-group-is-layout-flow\" style=\"padding-top:10px;padding-right:10px;padding-bottom:10px;padding-left:10px\">\n<hr class=\"wp-block-separator has-text-color has-gray-color has-alpha-channel-opacity has-gray-background-color has-background is-style-wide\"\/>\n\n\n\n<div style=\"height:28px\" aria-hidden=\"true\" class=\"wp-block-spacer\"><\/div>\n\n\n\n<div class=\"wp-block-buttons is-content-justification-center is-layout-flex wp-container-core-buttons-is-layout-16018d1d wp-block-buttons-is-layout-flex\">\n<div class=\"wp-block-button has-custom-width wp-block-button__width-100 has-custom-font-size is-style-fill has-small-font-size\"><a class=\"wp-block-button__link has-green-background-color has-background\" href=\"https:\/\/www.asktraders.com\/de\/go\/native?placement=AT-DE-DE-stocks-NCTA-B1-NA-NA-NA\" style=\"border-radius:5px;padding-top:11px;padding-right:40px;padding-bottom:11px;padding-left:40px\" target=\"_blank\" rel=\"noreferrer noopener\">HIER GEHT&#8217;s zur fielmann Aktie<\/a><\/div>\n<\/div>\n\n\n\n<p class=\"has-text-align-center\">Ihr Kapital ist in Gefahr<\/p>\n\n\n\n<hr class=\"wp-block-separator has-text-color has-gray-color has-alpha-channel-opacity has-gray-background-color has-background is-style-wide\"\/>\n<\/div>\n\n\n\n<h2 class=\"wp-block-heading\"  class=\"wp-block-heading\"  id=\"positiver_ausblick_des_managements\">Positiver Ausblick des Managements<\/h2>\n\n\n\n<p>Der Absatzmarktanteil konnte von 51 auf 53 Prozent ausgeweitet werden. Das bedeutet, dass jede zweite Brille \u00fcbe Fielmann gekauft wurde.<\/p>\n\n\n\n<figure class=\"wp-block-image size-large\"><img loading=\"lazy\" decoding=\"async\" width=\"793\" height=\"512\" src=\"https:\/\/www.asktraders.com\/wp-content\/uploads\/2023\/04\/fielmann-aktie-gescha\u0308ftsentiwkclung-erwartungen--793x512.png\" alt=\"fielmann aktie gescha\u0308ftsentwicklung erwartungen\" class=\"wp-image-171810\" srcset=\"https:\/\/www.asktraders.com\/wp-content\/uploads\/2023\/04\/fielmann-aktie-gescha\u0308ftsentiwkclung-erwartungen--793x512.png 793w, https:\/\/www.asktraders.com\/wp-content\/uploads\/2023\/04\/fielmann-aktie-gescha\u0308ftsentiwkclung-erwartungen--333x215.png 333w, https:\/\/www.asktraders.com\/wp-content\/uploads\/2023\/04\/fielmann-aktie-gescha\u0308ftsentiwkclung-erwartungen--768x496.png 768w, https:\/\/www.asktraders.com\/wp-content\/uploads\/2023\/04\/fielmann-aktie-gescha\u0308ftsentiwkclung-erwartungen-.png 1004w\" sizes=\"auto, (max-width: 793px) 100vw, 793px\" \/><figcaption>Die Erwartungen des Managements liegen \u00fcber denen der Analysten<\/figcaption><\/figure>\n\n\n\n<p>Das Management erwartet, dass sich dieser Trend fortsetzt und weiterhin Marktanteile gewonnen werden k\u00f6nnen.<\/p>\n\n\n\n<p>F\u00fcr das Jahr 2023 erwartet der Vorstand der Fielmann-Gruppe folgende Zahlen:<\/p>\n\n\n<div class=\"wp-block-notice has-background has-light-green-background-color py-2 px-[30px]\">\n\n    <div>\n        \n\n<h3 class=\"wp-block-heading\"  class=\"wp-block-heading\"  id=\"fuer_das_jahr_2023_erwartet_der_vorstand_der_fielmann_gruppe_folgende_zahlen\"><strong>F\u00fcr das Jahr 2023 erwartet der Vorstand der Fielmann-Gruppe folgende Zahlen:<\/strong><\/h3>\n\n\n\n<ul class=\"wp-block-list\"><li>Umsatzwachstum 7 bis 10 Prozent (1,88 bis 1,94 Mrd. EUR Konzernumsatz)<\/li><li>EBIT Steigerung 9 bis 21 Prozent <\/li><li>EBITDA-Rendite 20 bis 21 Prozent<\/li><li>EBT Marge 9 bis 11 Prozent <\/li><\/ul>\n\n\n    <\/div>\n<\/div>\n\n\n<div class=\"wp-block-notice  py-2 px-[30px]\">\n\n    <div>\n        \n    <\/div>\n<\/div>\n\n\n\n<p><strong>Die Erwartungen des Vorstandes liegen damit \u00fcber den Konsenserwartungen der Analysten. <\/strong>Bisher gingen sie von einem Umsatz im Jahr 2023 von 1,84 Mrd. EUR aus.<\/p>\n\n\n<aside class=\"wp-block-related-posts  \" >\n                    \n\n<h3 class=\"wp-block-heading\" class=\"wp-block-heading\" id=\"leser_interessieren_sich_auch_fuer\">Leser interessieren sich auch f\u00fcr:<\/h3>\n\n\n        <ul class=\"grid grid-cols-1 md:grid-cols-2 gap-4 lg:grid-cols-1\">\n                            <li class=\"w-full p-3 rounded-lg shadow md:w-full\">\n                    <a href=\"https:\/\/www.asktraders.com\/de\/traden-lernen\/trading-ratgeber\/aktien-apps\/\" class=\"flex\">\n                        <img loading=\"lazy\" decoding=\"async\" width=\"150\" height=\"150\" src=\"https:\/\/www.asktraders.com\/wp-content\/uploads\/2018\/05\/beitragsbilder-ratgeber-trading-apps-150x150.jpg\" class=\"w-1\/3 rounded object-cover  wp-post-image\" alt=\"Beitragsbilder Ratgeber Trading-App\" \/>\n                        <div class=\"flex flex-col w-2\/3 pl-3\">\n                                                        <span\n                                class=\"block py-1 grow text-sm font-bold \">Aktien Apps \u2013 die Kurse immer im Blick mit den richtigen Apps<\/span>\n                                                            <span class=\"text-xs uppercase\">\n                                    Analyst Team\n                                <\/span>\n                                                    <\/div>\n                    <\/a>\n                <\/li>\n                            <li class=\"w-full p-3 rounded-lg shadow md:w-full\">\n                    <a href=\"https:\/\/www.asktraders.com\/de\/traden-lernen\/trading-ratgeber\/trading-tipps-die-jeder-trader-kennen-sollte\/\" class=\"flex\">\n                        <img loading=\"lazy\" decoding=\"async\" width=\"150\" height=\"150\" src=\"https:\/\/www.asktraders.com\/wp-content\/uploads\/2019\/03\/shutterstock_1017297325-150x150.jpg\" class=\"w-1\/3 rounded object-cover  wp-post-image\" alt=\"Trading\" srcset=\"https:\/\/www.asktraders.com\/wp-content\/uploads\/2019\/03\/shutterstock_1017297325-150x150.jpg 150w, https:\/\/www.asktraders.com\/wp-content\/uploads\/2019\/03\/shutterstock_1017297325-100x100.jpg 100w, https:\/\/www.asktraders.com\/wp-content\/uploads\/2019\/03\/shutterstock_1017297325-64x64.jpg 64w, https:\/\/www.asktraders.com\/wp-content\/uploads\/2019\/03\/shutterstock_1017297325-26x26.jpg 26w\" sizes=\"auto, (max-width: 150px) 100vw, 150px\" \/>\n                        <div class=\"flex flex-col w-2\/3 pl-3\">\n                                                        <span\n                                class=\"block py-1 grow text-sm font-bold \">5 Tipps, die jeder Trader kennen sollte<\/span>\n                                                            <span class=\"text-xs uppercase\">\n                                    Analyst Team\n                                <\/span>\n                                                    <\/div>\n                    <\/a>\n                <\/li>\n                            <li class=\"w-full p-3 rounded-lg shadow md:w-full\">\n                    <a href=\"https:\/\/www.asktraders.com\/de\/traden-lernen\/trading-ratgeber\/aktiendepot-eroffnen\/\" class=\"flex\">\n                        <img loading=\"lazy\" decoding=\"async\" width=\"150\" height=\"150\" src=\"https:\/\/www.asktraders.com\/wp-content\/uploads\/2018\/05\/beitragsbilder-ratgeber-aktien-2-1-150x150.png\" class=\"w-1\/3 rounded object-cover  wp-post-image\" alt=\"\" \/>\n                        <div class=\"flex flex-col w-2\/3 pl-3\">\n                                                        <span\n                                class=\"block py-1 grow text-sm font-bold \">Aktiendepot er\u00f6ffnen \u2013 so wird\u2018s gemacht<\/span>\n                                                            <span class=\"text-xs uppercase\">\n                                    Analyst Team\n                                <\/span>\n                                                    <\/div>\n                    <\/a>\n                <\/li>\n                    <\/ul>\n            \n    <\/aside>\n\n\n<aside class=\"wp-block-related-posts  \" data-sidebar>\n                    \n\n<h2 class=\"wp-block-heading\"  class=\"wp-block-heading\"  id=\"aktuelle_beitraege\">Aktuelle Beitr\u00e4ge<\/h2>\n\n\n        <ul class=\"grid grid-cols-1 md:grid-cols-2 gap-4 lg:grid-cols-1\">\n                            <li class=\"w-full p-3 rounded-lg shadow md:w-full\">\n                    <a href=\"https:\/\/www.asktraders.com\/de\/finanznachrichten\/evonik-aktien-erreichen-neues-tief-als-e13-durchbrochen-werden\/\" class=\"flex\">\n                        <img loading=\"lazy\" decoding=\"async\" width=\"150\" height=\"150\" src=\"https:\/\/www.asktraders.com\/wp-content\/uploads\/2023\/05\/evonik-aktie-prognose-150x150.jpg\" class=\"w-1\/3 rounded object-cover  wp-post-image\" alt=\"Evonik Aktie\" \/>\n                        <div class=\"flex flex-col w-2\/3 pl-3\">\n                                                        <span\n                                class=\"block py-1 grow text-sm font-bold \">Evonik Aktien erreichen neues Tief, als \u20ac13 durchbrochen werden<\/span>\n                                                            <span class=\"text-xs uppercase\">\n                                    Analyst Team\n                                <\/span>\n                                                    <\/div>\n                    <\/a>\n                <\/li>\n                            <li class=\"w-full p-3 rounded-lg shadow md:w-full\">\n                    <a href=\"https:\/\/www.asktraders.com\/de\/finanznachrichten\/2g-energy-ag-aktie-erholt-sich-von-unterstuetzung-steigerung-von-10\/\" class=\"flex\">\n                        <img loading=\"lazy\" decoding=\"async\" width=\"150\" height=\"150\" src=\"https:\/\/www.asktraders.com\/wp-content\/uploads\/2025\/08\/power-and-energy-150x150.jpg\" class=\"w-1\/3 rounded object-cover  wp-post-image\" alt=\"Uniper UN0\" \/>\n                        <div class=\"flex flex-col w-2\/3 pl-3\">\n                                                        <span\n                                class=\"block py-1 grow text-sm font-bold \">2G Energy AG Aktie erholt sich von Unterst\u00fctzung \u2013 Steigerung von 10%<\/span>\n                                                            <span class=\"text-xs uppercase\">\n                                    Analyst Team\n                                <\/span>\n                                                    <\/div>\n                    <\/a>\n                <\/li>\n                            <li class=\"w-full p-3 rounded-lg shadow md:w-full\">\n                    <a href=\"https:\/\/www.asktraders.com\/de\/finanznachrichten\/mercedes-benz-aktie-goldman-sachs-initiiert-analystendeckung-mit-positiver-einschaetzung\/\" class=\"flex\">\n                        <img loading=\"lazy\" decoding=\"async\" width=\"150\" height=\"150\" src=\"https:\/\/www.asktraders.com\/wp-content\/uploads\/2023\/06\/aktie-mercedes-150x150.jpg\" class=\"w-1\/3 rounded object-cover  wp-post-image\" alt=\"Mercedes Aktie\" \/>\n                        <div class=\"flex flex-col w-2\/3 pl-3\">\n                                                        <span\n                                class=\"block py-1 grow text-sm font-bold \">Mercedes-Benz Aktie: Goldman Sachs initiiert Analystendeckung mit positiver Einsch\u00e4tzung<\/span>\n                                                            <span class=\"text-xs uppercase\">\n                                    Analyst Team\n                                <\/span>\n                                                    <\/div>\n                    <\/a>\n                <\/li>\n                            <li class=\"w-full p-3 rounded-lg shadow md:w-full\">\n                    <a href=\"https:\/\/www.asktraders.com\/de\/finanznachrichten\/dax-aktien-erholen-sich-nach-nvidia-beben-maerkte-atmen-auf\/\" class=\"flex\">\n                        <img loading=\"lazy\" decoding=\"async\" width=\"150\" height=\"150\" src=\"https:\/\/www.asktraders.com\/wp-content\/uploads\/2023\/04\/dax-handeln-150x150.jpg\" class=\"w-1\/3 rounded object-cover  wp-post-image\" alt=\"\" \/>\n                        <div class=\"flex flex-col w-2\/3 pl-3\">\n                                                        <span\n                                class=\"block py-1 grow text-sm font-bold \">DAX-Aktien erholen sich nach Nvidia-Beben: M\u00e4rkte atmen auf<\/span>\n                                                            <span class=\"text-xs uppercase\">\n                                    Analyst Team\n                                <\/span>\n                                                    <\/div>\n                    <\/a>\n                <\/li>\n                            <li class=\"w-full p-3 rounded-lg shadow md:w-full\">\n                    <a href=\"https:\/\/www.asktraders.com\/de\/finanznachrichten\/rheinmetall-aktien-finden-unterstuetzung-bei-1-600-e-wie-geht-es-weiter\/\" class=\"flex\">\n                        <img loading=\"lazy\" decoding=\"async\" width=\"150\" height=\"150\" src=\"https:\/\/www.asktraders.com\/wp-content\/uploads\/2022\/11\/Die-Rheinmetall-Aktie-im-Chart-150x150.jpg\" class=\"w-1\/3 rounded object-cover  wp-post-image\" alt=\"Die Rheinmetall Aktie im Chart\" \/>\n                        <div class=\"flex flex-col w-2\/3 pl-3\">\n                                                        <span\n                                class=\"block py-1 grow text-sm font-bold \">Rheinmetall-Aktien finden Unterst\u00fctzung bei 1.600 \u20ac \u2013 Wie geht es weiter?<\/span>\n                                                            <span class=\"text-xs uppercase\">\n                                    Analyst Team\n                                <\/span>\n                                                    <\/div>\n                    <\/a>\n                <\/li>\n                    <\/ul>\n            \n    <\/aside>\n\n\n<div class=\"wp-block-top5-broker\" data-sidebar>\n        <div>\n        \n\n<h2 class=\"wp-block-heading\"  class=\"wp-block-heading\"  id=\"\"><\/h2>\n\n\n    <\/div>\n            <div class=\"block bg-white rounded-lg shadow\">\n        <ul\n            class=\"flex flex-wrap w-full -mb-px list-none border-b-2 navTabs \">\n                                                                                                        <\/ul>\n                    <div class=\"navTabContent \" id=\"top5-tab1\">\n                <ol class=\"flex\n                flex-wrap\n                \">\n                                    <\/ol>\n                            <\/div>\n                    <div class=\"navTabContent hidden\" id=\"top5-tab2\">\n                <ol class=\"flex\n                flex-wrap\n                \">\n                                    <\/ol>\n                            <\/div>\n                    <div class=\"navTabContent hidden\" id=\"top5-tab3\">\n                <ol class=\"flex\n                flex-wrap\n                \">\n                                    <\/ol>\n                            <\/div>\n        \n    <\/div>\n    <\/div>\n\n\n\n<p><\/p>\n","protected":false},"author":33,"featured_media":171816,"comment_status":"open","ping_status":"closed","template":"","news_cluster":[],"tradingcategory":[58519],"class_list":["post-171808","news","type-news","status-publish","has-post-thumbnail","hentry","tradingcategory-news-de"],"acf":[],"apple_news_notices":[],"yoast_head":"<!-- This site is optimized with the Yoast SEO plugin v27.2 - https:\/\/yoast.com\/product\/yoast-seo-wordpress\/ -->\n<title>Fielmann Aktie ver\u00f6ffentlicht starke Q1 2023 Zahlen<\/title>\n<meta name=\"description\" content=\"Fielmann hat heute die Zahlen zum abgelaufenen ersten Quartal 2023 ver\u00f6ffentlicht. Sie lagen \u00fcber den Erwartungen. Wichtiger fast als die Zahlen war der\" \/>\n<meta name=\"robots\" content=\"index, follow, max-snippet:-1, max-image-preview:large, max-video-preview:-1\" \/>\n<link rel=\"canonical\" href=\"https:\/\/www.asktraders.com\/de\/finanznachrichten\/fielmann-starke-zahlen-q1-2023\/\" \/>\n<meta property=\"og:locale\" content=\"de_DE\" \/>\n<meta property=\"og:type\" content=\"article\" \/>\n<meta property=\"og:title\" content=\"Fielmann Aktie ver\u00f6ffentlicht starke Q1 2023 Zahlen\" \/>\n<meta property=\"og:description\" content=\"Fielmann hat heute die Zahlen zum abgelaufenen ersten Quartal 2023 ver\u00f6ffentlicht. Sie lagen \u00fcber den Erwartungen. Wichtiger fast als die Zahlen war der\" \/>\n<meta property=\"og:url\" content=\"https:\/\/www.asktraders.com\/de\/finanznachrichten\/fielmann-starke-zahlen-q1-2023\/\" \/>\n<meta property=\"og:site_name\" content=\"AskTraders.com\" \/>\n<meta property=\"article:publisher\" content=\"https:\/\/www.facebook.com\/asktraderscom\" \/>\n<meta property=\"article:modified_time\" content=\"2023-04-27T10:18:38+00:00\" \/>\n<meta property=\"og:image\" content=\"https:\/\/www.asktraders.com\/wp-content\/uploads\/2023\/04\/fielmann-Aktie-2.jpg\" \/>\n\t<meta property=\"og:image:width\" content=\"1000\" \/>\n\t<meta property=\"og:image:height\" content=\"667\" \/>\n\t<meta property=\"og:image:type\" content=\"image\/jpeg\" \/>\n<meta name=\"twitter:card\" content=\"summary_large_image\" \/>\n<meta name=\"twitter:site\" content=\"@Asktraders1\" \/>\n<meta name=\"twitter:label1\" content=\"Gesch\u00e4tzte Lesezeit\" \/>\n\t<meta name=\"twitter:data1\" content=\"4 Minuten\" \/>\n<script type=\"application\/ld+json\" class=\"yoast-schema-graph\">{\"@context\":\"https:\/\/schema.org\",\"@graph\":[{\"@type\":\"NewsArticle\",\"@id\":\"https:\/\/www.asktraders.com\/de\/finanznachrichten\/fielmann-starke-zahlen-q1-2023\/#article\",\"isPartOf\":{\"@id\":\"https:\/\/www.asktraders.com\/de\/finanznachrichten\/fielmann-starke-zahlen-q1-2023\/\"},\"author\":{\"name\":\"Ruben Wunderlich\",\"@id\":\"https:\/\/www.asktraders.com\/de\/#\/schema\/person\/6e2f89f6a9f3eecbfe9cf3be140769ba\",\"url\":\"https:\/\/www.asktraders.com\/de\/author\/rubenw\/\"},\"headline\":\"Fielmann ver\u00f6ffentlicht starke Zahlen f\u00fcr Q1 2023 &#8211; Fielmann Aktie deutlich im Plus.\",\"datePublished\":\"2023-04-27T07:53:57+00:00\",\"dateModified\":\"2023-04-27T10:18:38+00:00\",\"mainEntityOfPage\":{\"@id\":\"https:\/\/www.asktraders.com\/de\/finanznachrichten\/fielmann-starke-zahlen-q1-2023\/\"},\"wordCount\":573,\"commentCount\":0,\"publisher\":{\"@id\":\"https:\/\/www.asktraders.com\/de\/#organization\"},\"image\":{\"@id\":\"https:\/\/www.asktraders.com\/de\/finanznachrichten\/fielmann-starke-zahlen-q1-2023\/#primaryimage\"},\"thumbnailUrl\":\"https:\/\/www.asktraders.com\/wp-content\/uploads\/2023\/04\/fielmann-Aktie-2.jpg\",\"inLanguage\":\"de-DE\",\"potentialAction\":[{\"@type\":\"CommentAction\",\"name\":\"Comment\",\"target\":[\"https:\/\/www.asktraders.com\/de\/finanznachrichten\/fielmann-starke-zahlen-q1-2023\/#respond\"]}],\"accessibilityFeature\":[\"tableOfContents\"]},{\"@type\":\"WebPage\",\"@id\":\"https:\/\/www.asktraders.com\/de\/finanznachrichten\/fielmann-starke-zahlen-q1-2023\/\",\"url\":\"https:\/\/www.asktraders.com\/de\/finanznachrichten\/fielmann-starke-zahlen-q1-2023\/\",\"name\":\"Fielmann Aktie ver\u00f6ffentlicht starke Q1 2023 Zahlen\",\"isPartOf\":{\"@id\":\"https:\/\/www.asktraders.com\/de\/#website\"},\"primaryImageOfPage\":{\"@id\":\"https:\/\/www.asktraders.com\/de\/finanznachrichten\/fielmann-starke-zahlen-q1-2023\/#primaryimage\"},\"image\":{\"@id\":\"https:\/\/www.asktraders.com\/de\/finanznachrichten\/fielmann-starke-zahlen-q1-2023\/#primaryimage\"},\"thumbnailUrl\":\"https:\/\/www.asktraders.com\/wp-content\/uploads\/2023\/04\/fielmann-Aktie-2.jpg\",\"datePublished\":\"2023-04-27T07:53:57+00:00\",\"dateModified\":\"2023-04-27T10:18:38+00:00\",\"description\":\"Fielmann hat heute die Zahlen zum abgelaufenen ersten Quartal 2023 ver\u00f6ffentlicht. Sie lagen \u00fcber den Erwartungen. Wichtiger fast als die Zahlen war der\",\"breadcrumb\":{\"@id\":\"https:\/\/www.asktraders.com\/de\/finanznachrichten\/fielmann-starke-zahlen-q1-2023\/#breadcrumb\"},\"inLanguage\":\"de-DE\",\"potentialAction\":[{\"@type\":\"ReadAction\",\"target\":[\"https:\/\/www.asktraders.com\/de\/finanznachrichten\/fielmann-starke-zahlen-q1-2023\/\"]}]},{\"@type\":\"ImageObject\",\"inLanguage\":\"de-DE\",\"@id\":\"https:\/\/www.asktraders.com\/de\/finanznachrichten\/fielmann-starke-zahlen-q1-2023\/#primaryimage\",\"url\":\"https:\/\/www.asktraders.com\/wp-content\/uploads\/2023\/04\/fielmann-Aktie-2.jpg\",\"contentUrl\":\"https:\/\/www.asktraders.com\/wp-content\/uploads\/2023\/04\/fielmann-Aktie-2.jpg\",\"width\":1000,\"height\":667,\"caption\":\"fielmann Aktie\"},{\"@type\":\"BreadcrumbList\",\"@id\":\"https:\/\/www.asktraders.com\/de\/finanznachrichten\/fielmann-starke-zahlen-q1-2023\/#breadcrumb\",\"itemListElement\":[{\"@type\":\"ListItem\",\"position\":1,\"name\":\"Home\",\"item\":\"https:\/\/www.asktraders.com\/de\/\"},{\"@type\":\"ListItem\",\"position\":2,\"name\":\"News\",\"item\":\"https:\/\/www.asktraders.com\/de\/finanznachrichten\/\"},{\"@type\":\"ListItem\",\"position\":3,\"name\":\"Fielmann ver\u00f6ffentlicht starke Zahlen f\u00fcr Q1 2023 &#8211; Fielmann Aktie deutlich im Plus.\"}]},{\"@type\":\"WebSite\",\"@id\":\"https:\/\/www.asktraders.com\/de\/#website\",\"url\":\"https:\/\/www.asktraders.com\/de\/\",\"name\":\"AskTraders\",\"description\":\"Guiding You To Trading Success\",\"publisher\":{\"@id\":\"https:\/\/www.asktraders.com\/de\/#organization\"},\"inLanguage\":\"de-DE\"},{\"@type\":\"Organization\",\"@id\":\"https:\/\/www.asktraders.com\/de\/#organization\",\"name\":\"AskTraders\",\"url\":\"https:\/\/www.asktraders.com\/de\/\",\"logo\":{\"@type\":\"ImageObject\",\"inLanguage\":\"de-DE\",\"@id\":\"https:\/\/www.asktraders.com\/de\/#\/schema\/logo\/image\/\",\"url\":\"https:\/\/www.asktraders.com\/wp-content\/uploads\/2019\/05\/asktraders-logo-tm-white.png\",\"contentUrl\":\"https:\/\/www.asktraders.com\/wp-content\/uploads\/2019\/05\/asktraders-logo-tm-white.png\",\"width\":232,\"height\":38,\"caption\":\"AskTraders\"},\"image\":{\"@id\":\"https:\/\/www.asktraders.com\/de\/#\/schema\/logo\/image\/\"},\"sameAs\":[\"https:\/\/www.facebook.com\/asktraderscom\",\"https:\/\/x.com\/Asktraders1\"]},{\"@type\":\"Person\",\"@id\":\"https:\/\/www.asktraders.com\/de\/#\/schema\/person\/6e2f89f6a9f3eecbfe9cf3be140769ba\",\"name\":\"Ruben Wunderlich\",\"image\":{\"@type\":\"ImageObject\",\"inLanguage\":\"de-DE\",\"@id\":\"https:\/\/secure.gravatar.com\/avatar\/a169813ebb7fc5db497811c94e0e5111ffd756d2135b8bb267093c55024a2119?s=96&d=mm&r=g\",\"url\":\"https:\/\/secure.gravatar.com\/avatar\/a169813ebb7fc5db497811c94e0e5111ffd756d2135b8bb267093c55024a2119?s=96&d=mm&r=g\",\"contentUrl\":\"https:\/\/secure.gravatar.com\/avatar\/a169813ebb7fc5db497811c94e0e5111ffd756d2135b8bb267093c55024a2119?s=96&d=mm&r=g\",\"caption\":\"Ruben Wunderlich\"}}]}<\/script>\n<!-- \/ Yoast SEO plugin. -->","yoast_head_json":{"title":"Fielmann Aktie ver\u00f6ffentlicht starke Q1 2023 Zahlen","description":"Fielmann hat heute die Zahlen zum abgelaufenen ersten Quartal 2023 ver\u00f6ffentlicht. Sie lagen \u00fcber den Erwartungen. Wichtiger fast als die Zahlen war der","robots":{"index":"index","follow":"follow","max-snippet":"max-snippet:-1","max-image-preview":"max-image-preview:large","max-video-preview":"max-video-preview:-1"},"canonical":"https:\/\/www.asktraders.com\/de\/finanznachrichten\/fielmann-starke-zahlen-q1-2023\/","og_locale":"de_DE","og_type":"article","og_title":"Fielmann Aktie ver\u00f6ffentlicht starke Q1 2023 Zahlen","og_description":"Fielmann hat heute die Zahlen zum abgelaufenen ersten Quartal 2023 ver\u00f6ffentlicht. Sie lagen \u00fcber den Erwartungen. Wichtiger fast als die Zahlen war der","og_url":"https:\/\/www.asktraders.com\/de\/finanznachrichten\/fielmann-starke-zahlen-q1-2023\/","og_site_name":"AskTraders.com","article_publisher":"https:\/\/www.facebook.com\/asktraderscom","article_modified_time":"2023-04-27T10:18:38+00:00","og_image":[{"width":1000,"height":667,"url":"https:\/\/www.asktraders.com\/wp-content\/uploads\/2023\/04\/fielmann-Aktie-2.jpg","type":"image\/jpeg"}],"twitter_card":"summary_large_image","twitter_site":"@Asktraders1","twitter_misc":{"Gesch\u00e4tzte Lesezeit":"4 Minuten"},"schema":{"@context":"https:\/\/schema.org","@graph":[{"@type":"NewsArticle","@id":"https:\/\/www.asktraders.com\/de\/finanznachrichten\/fielmann-starke-zahlen-q1-2023\/#article","isPartOf":{"@id":"https:\/\/www.asktraders.com\/de\/finanznachrichten\/fielmann-starke-zahlen-q1-2023\/"},"author":{"name":"Ruben Wunderlich","@id":"https:\/\/www.asktraders.com\/de\/#\/schema\/person\/6e2f89f6a9f3eecbfe9cf3be140769ba","url":"https:\/\/www.asktraders.com\/de\/author\/rubenw\/"},"headline":"Fielmann ver\u00f6ffentlicht starke Zahlen f\u00fcr Q1 2023 &#8211; Fielmann Aktie deutlich im Plus.","datePublished":"2023-04-27T07:53:57+00:00","dateModified":"2023-04-27T10:18:38+00:00","mainEntityOfPage":{"@id":"https:\/\/www.asktraders.com\/de\/finanznachrichten\/fielmann-starke-zahlen-q1-2023\/"},"wordCount":573,"commentCount":0,"publisher":{"@id":"https:\/\/www.asktraders.com\/de\/#organization"},"image":{"@id":"https:\/\/www.asktraders.com\/de\/finanznachrichten\/fielmann-starke-zahlen-q1-2023\/#primaryimage"},"thumbnailUrl":"https:\/\/www.asktraders.com\/wp-content\/uploads\/2023\/04\/fielmann-Aktie-2.jpg","inLanguage":"de-DE","potentialAction":[{"@type":"CommentAction","name":"Comment","target":["https:\/\/www.asktraders.com\/de\/finanznachrichten\/fielmann-starke-zahlen-q1-2023\/#respond"]}],"accessibilityFeature":["tableOfContents"]},{"@type":"WebPage","@id":"https:\/\/www.asktraders.com\/de\/finanznachrichten\/fielmann-starke-zahlen-q1-2023\/","url":"https:\/\/www.asktraders.com\/de\/finanznachrichten\/fielmann-starke-zahlen-q1-2023\/","name":"Fielmann Aktie ver\u00f6ffentlicht starke Q1 2023 Zahlen","isPartOf":{"@id":"https:\/\/www.asktraders.com\/de\/#website"},"primaryImageOfPage":{"@id":"https:\/\/www.asktraders.com\/de\/finanznachrichten\/fielmann-starke-zahlen-q1-2023\/#primaryimage"},"image":{"@id":"https:\/\/www.asktraders.com\/de\/finanznachrichten\/fielmann-starke-zahlen-q1-2023\/#primaryimage"},"thumbnailUrl":"https:\/\/www.asktraders.com\/wp-content\/uploads\/2023\/04\/fielmann-Aktie-2.jpg","datePublished":"2023-04-27T07:53:57+00:00","dateModified":"2023-04-27T10:18:38+00:00","description":"Fielmann hat heute die Zahlen zum abgelaufenen ersten Quartal 2023 ver\u00f6ffentlicht. Sie lagen \u00fcber den Erwartungen. Wichtiger fast als die Zahlen war der","breadcrumb":{"@id":"https:\/\/www.asktraders.com\/de\/finanznachrichten\/fielmann-starke-zahlen-q1-2023\/#breadcrumb"},"inLanguage":"de-DE","potentialAction":[{"@type":"ReadAction","target":["https:\/\/www.asktraders.com\/de\/finanznachrichten\/fielmann-starke-zahlen-q1-2023\/"]}]},{"@type":"ImageObject","inLanguage":"de-DE","@id":"https:\/\/www.asktraders.com\/de\/finanznachrichten\/fielmann-starke-zahlen-q1-2023\/#primaryimage","url":"https:\/\/www.asktraders.com\/wp-content\/uploads\/2023\/04\/fielmann-Aktie-2.jpg","contentUrl":"https:\/\/www.asktraders.com\/wp-content\/uploads\/2023\/04\/fielmann-Aktie-2.jpg","width":1000,"height":667,"caption":"fielmann Aktie"},{"@type":"BreadcrumbList","@id":"https:\/\/www.asktraders.com\/de\/finanznachrichten\/fielmann-starke-zahlen-q1-2023\/#breadcrumb","itemListElement":[{"@type":"ListItem","position":1,"name":"Home","item":"https:\/\/www.asktraders.com\/de\/"},{"@type":"ListItem","position":2,"name":"News","item":"https:\/\/www.asktraders.com\/de\/finanznachrichten\/"},{"@type":"ListItem","position":3,"name":"Fielmann ver\u00f6ffentlicht starke Zahlen f\u00fcr Q1 2023 &#8211; Fielmann Aktie deutlich im Plus."}]},{"@type":"WebSite","@id":"https:\/\/www.asktraders.com\/de\/#website","url":"https:\/\/www.asktraders.com\/de\/","name":"AskTraders","description":"Guiding You To Trading Success","publisher":{"@id":"https:\/\/www.asktraders.com\/de\/#organization"},"inLanguage":"de-DE"},{"@type":"Organization","@id":"https:\/\/www.asktraders.com\/de\/#organization","name":"AskTraders","url":"https:\/\/www.asktraders.com\/de\/","logo":{"@type":"ImageObject","inLanguage":"de-DE","@id":"https:\/\/www.asktraders.com\/de\/#\/schema\/logo\/image\/","url":"https:\/\/www.asktraders.com\/wp-content\/uploads\/2019\/05\/asktraders-logo-tm-white.png","contentUrl":"https:\/\/www.asktraders.com\/wp-content\/uploads\/2019\/05\/asktraders-logo-tm-white.png","width":232,"height":38,"caption":"AskTraders"},"image":{"@id":"https:\/\/www.asktraders.com\/de\/#\/schema\/logo\/image\/"},"sameAs":["https:\/\/www.facebook.com\/asktraderscom","https:\/\/x.com\/Asktraders1"]},{"@type":"Person","@id":"https:\/\/www.asktraders.com\/de\/#\/schema\/person\/6e2f89f6a9f3eecbfe9cf3be140769ba","name":"Ruben Wunderlich","image":{"@type":"ImageObject","inLanguage":"de-DE","@id":"https:\/\/secure.gravatar.com\/avatar\/a169813ebb7fc5db497811c94e0e5111ffd756d2135b8bb267093c55024a2119?s=96&d=mm&r=g","url":"https:\/\/secure.gravatar.com\/avatar\/a169813ebb7fc5db497811c94e0e5111ffd756d2135b8bb267093c55024a2119?s=96&d=mm&r=g","contentUrl":"https:\/\/secure.gravatar.com\/avatar\/a169813ebb7fc5db497811c94e0e5111ffd756d2135b8bb267093c55024a2119?s=96&d=mm&r=g","caption":"Ruben Wunderlich"}}]}},"_links":{"self":[{"href":"https:\/\/www.asktraders.com\/de\/wp-json\/wp\/v2\/news\/171808","targetHints":{"allow":["GET"]}}],"collection":[{"href":"https:\/\/www.asktraders.com\/de\/wp-json\/wp\/v2\/news"}],"about":[{"href":"https:\/\/www.asktraders.com\/de\/wp-json\/wp\/v2\/types\/news"}],"author":[{"embeddable":true,"href":"https:\/\/www.asktraders.com\/de\/wp-json\/wp\/v2\/users\/33"}],"replies":[{"embeddable":true,"href":"https:\/\/www.asktraders.com\/de\/wp-json\/wp\/v2\/comments?post=171808"}],"version-history":[{"count":0,"href":"https:\/\/www.asktraders.com\/de\/wp-json\/wp\/v2\/news\/171808\/revisions"}],"wp:featuredmedia":[{"embeddable":true,"href":"https:\/\/www.asktraders.com\/de\/wp-json\/wp\/v2\/media\/171816"}],"wp:attachment":[{"href":"https:\/\/www.asktraders.com\/de\/wp-json\/wp\/v2\/media?parent=171808"}],"wp:term":[{"taxonomy":"news_cluster","embeddable":true,"href":"https:\/\/www.asktraders.com\/de\/wp-json\/wp\/v2\/news_cluster?post=171808"},{"taxonomy":"tradingcategory","embeddable":true,"href":"https:\/\/www.asktraders.com\/de\/wp-json\/wp\/v2\/tradingcategory?post=171808"}],"curies":[{"name":"wp","href":"https:\/\/api.w.org\/{rel}","templated":true}]}}