{"id":171906,"date":"2023-04-28T10:26:41","date_gmt":"2023-04-28T09:26:41","guid":{"rendered":"https:\/\/www.asktraders.com\/?post_type=news&#038;p=171906"},"modified":"2023-04-28T10:37:26","modified_gmt":"2023-04-28T09:37:26","slug":"verbio-senkt-gewinnziele-fuer-2023-um-20-aktie-stuerzt-ab","status":"publish","type":"news","link":"https:\/\/www.asktraders.com\/de\/finanznachrichten\/verbio-senkt-gewinnziele-fuer-2023-um-20-aktie-stuerzt-ab\/","title":{"rendered":"Verbio senkt Gewinnziele f\u00fcr 2023 um 20 %. Aktie st\u00fcrzt ab."},"content":{"rendered":"\n<p>Verbio verk\u00fcndete am Donnerstagnachmittag (27. April 2023), dass die angepeilten 300 Mio. EUR Gewinn (EBITDA) dieses Jahr voraussichtlich nicht erreicht werden. Der Vorstand erwartet nunmehr einen Gewinn von nur noch 240 Mio. EUR.<\/p>\n\n\n\n<div class=\"wp-block-group main-cta is-layout-flow wp-block-group-is-layout-flow\" style=\"padding-top:10px;padding-right:10px;padding-bottom:10px;padding-left:10px\">\n<hr class=\"wp-block-separator has-text-color has-gray-color has-alpha-channel-opacity has-gray-background-color has-background is-style-wide\"\/>\n\n\n\n<div style=\"height:28px\" aria-hidden=\"true\" class=\"wp-block-spacer\"><\/div>\n\n\n\n<div class=\"wp-block-buttons is-content-justification-center is-layout-flex wp-container-core-buttons-is-layout-16018d1d wp-block-buttons-is-layout-flex\">\n<div class=\"wp-block-button has-custom-width wp-block-button__width-100 has-custom-font-size is-style-fill has-small-font-size\"><a class=\"wp-block-button__link has-green-background-color has-background\" href=\"https:\/\/www.asktraders.com\/de\/go\/native?placement=AT-DE-DE-stocks-NCTA-B1-NA-NA-NA\" style=\"border-radius:5px;padding-top:11px;padding-right:40px;padding-bottom:11px;padding-left:40px\" target=\"_blank\" rel=\"noreferrer noopener\">HIER GEHT&#8217;s zur verbio Aktie<\/a><\/div>\n<\/div>\n\n\n\n<p class=\"has-text-align-center\">Ihr Kapital ist in Gefahr<\/p>\n\n\n\n<hr class=\"wp-block-separator has-text-color has-gray-color has-alpha-channel-opacity has-gray-background-color has-background is-style-wide\"\/>\n<\/div>\n\n\n<figure class=\"wp-block-post-featured-image\"><img loading=\"lazy\" decoding=\"async\" width=\"786\" height=\"515\" src=\"https:\/\/www.asktraders.com\/wp-content\/uploads\/2023\/04\/verbio-aktie-1.jpg\" class=\"attachment-post-thumbnail size-post-thumbnail wp-post-image\" alt=\"verbio aktie\" style=\"object-fit:cover;\" srcset=\"https:\/\/www.asktraders.com\/wp-content\/uploads\/2023\/04\/verbio-aktie-1.jpg 786w, https:\/\/www.asktraders.com\/wp-content\/uploads\/2023\/04\/verbio-aktie-1-333x218.jpg 333w, https:\/\/www.asktraders.com\/wp-content\/uploads\/2023\/04\/verbio-aktie-1-768x503.jpg 768w\" sizes=\"auto, (max-width: 786px) 100vw, 786px\" \/><\/figure>\n\n\n<p class=\"has-text-align-center\"><em>Verbio verk\u00fcndete am 27.04.2023, dass das EBITA diese Jahr wahrscheinlich nicht erreicht wird\/ Bilderquelle: verbio.de<\/em><\/p>\n\n\n<div class=\"wp-block-notice has-background has-light-green-background-color py-2 px-[30px]\">\n\n    <div>\n        \n\n<h3 class=\"wp-block-heading\" class=\"wp-block-heading\" id=\"auf_den_punkt_gebracht\">Auf den Punkt gebracht<\/h3>\n\n\n\n<ul class=\"wp-block-list\"><li>Verbio erwartet f\u00fcr das Gesch\u00e4ftsjahr 2022\/23 einen Gewinn (EBITDA) von 240 Mio. EUR <\/li><li>Vorher lag die Prognose bei 300 Mio. EUR<\/li><li>R\u00fcckl\u00e4ufige Absatzpreise und teure Pflanzen\u00f6lbez\u00fcge wirken sich negativ aus<\/li><li>Nettofinanzverm\u00f6gen soll von 30 Mio. EUR auf 80 Mio. EUR steigen<\/li><\/ul>\n\n\n    <\/div>\n<\/div>\n\n\n\n<div class=\"wp-block-yoast-seo-table-of-contents yoast-table-of-contents\"><h2 id=\"table_of_contents\">Table of contents<\/h2><ul><li><a href=\"#h-unsere-einschatzung\" data-level=\"2\">Unsere Einsch\u00e4tzung<\/a><ul><li><a href=\"#gerechtfertigt\" data-level=\"3\">Ist der Kursr\u00fcckgang deswegen \u00fcbertrieben und nicht gerechtfertigt?<\/a><\/li><\/ul><\/li><\/ul><\/div>\n\n\n\n<div class=\"wp-block-group main-cta is-layout-flow wp-block-group-is-layout-flow\" style=\"padding-top:10px;padding-right:10px;padding-bottom:10px;padding-left:10px\">\n<hr class=\"wp-block-separator has-text-color has-gray-color has-alpha-channel-opacity has-gray-background-color has-background is-style-wide\"\/>\n\n\n\n<div style=\"height:28px\" aria-hidden=\"true\" class=\"wp-block-spacer\"><\/div>\n\n\n\n<div class=\"wp-block-buttons is-content-justification-center is-layout-flex wp-container-core-buttons-is-layout-16018d1d wp-block-buttons-is-layout-flex\">\n<div class=\"wp-block-button has-custom-width wp-block-button__width-100 has-custom-font-size is-style-fill has-small-font-size\"><a class=\"wp-block-button__link has-green-background-color has-background\" href=\"https:\/\/www.asktraders.com\/de\/go\/native?placement=AT-DE-DE-stocks-NCTA-B1-NA-NA-NA\" style=\"border-radius:5px;padding-top:11px;padding-right:40px;padding-bottom:11px;padding-left:40px\" target=\"_blank\" rel=\"noreferrer noopener\">HIER GEHT&#8217;s zur verbio Aktie<\/a><\/div>\n<\/div>\n\n\n\n<p class=\"has-text-align-center\">Ihr Kapital ist in Gefahr<\/p>\n\n\n\n<hr class=\"wp-block-separator has-text-color has-gray-color has-alpha-channel-opacity has-gray-background-color has-background is-style-wide\"\/>\n<\/div>\n\n\n\n<p>Als Folge der nach unten angepassten Gewinnsch\u00e4tzungen brach die Verbio Aktie am Donnerstagnachmittag zun\u00e4chst um 7 Prozent ein. Heute, im <a href=\"https:\/\/www.asktraders.com\/de\/traden-lernen\/aktien\/aktien-online-kaufen\/\" target=\"_blank\" rel=\"noreferrer noopener\">fr\u00fchen Handel<\/a>, gab die Aktie nochmals um \u00fcber 11 Prozent nach.<\/p>\n\n\n\n<figure class=\"wp-block-image aligncenter size-full\"><img loading=\"lazy\" decoding=\"async\" width=\"637\" height=\"780\" src=\"https:\/\/www.asktraders.com\/wp-content\/uploads\/2023\/04\/verbio-aktie.jpg\" alt=\"Aktie verbio\" class=\"wp-image-171914\" srcset=\"https:\/\/www.asktraders.com\/wp-content\/uploads\/2023\/04\/verbio-aktie.jpg 637w, https:\/\/www.asktraders.com\/wp-content\/uploads\/2023\/04\/verbio-aktie-245x300.jpg 245w\" sizes=\"auto, (max-width: 637px) 100vw, 637px\" \/><figcaption><em>Der aktuelle Absturz der Verbio Aktie (28.04.2023)\/ Bilderquelle: traderfox.de<\/em><\/figcaption><\/figure>\n\n\n\n<p>Als Grund nannte das Unternehmen die<strong> r\u00fcckl\u00e4ufigen Absatzzahlen im Biodieselsegment<\/strong>. Hinzu kommen vergleichsweise<strong> teure Bez\u00fcge von Pflanzen\u00f6len<\/strong>. Diese wirken sich aufgrund des zeitlichen Versatzes zwischen Ein- und Verkauf negativ auf das Ergebnis von Verbio aus.<\/p>\n\n\n\n<p>In den ersten neun Monaten des aktuellen Gesch\u00e4ftsjahres kommt Verbio ersten Berechnungen zufolge auf ein operatives Ergebnis von 214 Mio. EUR.<\/p>\n\n\n\n<p>Allerdings erwartet der Vorstand von Verbio auch, dass das <strong>Nettofinanzverm\u00f6gen am Ende des Gesch\u00e4ftsjahres 80 Mio. EUR anstatt nur 30 Mio. EUR <\/strong>betragen wird.<\/p>\n\n\n\n<p>In der Mitteilung geht das Unternehmen nicht n\u00e4her auf die Gr\u00fcnde ein, warum das Nettofinanzverm\u00f6gen steigen wird. Es wird nur folgende Aussage getroffen:<\/p>\n\n\n\n<div class=\"wp-block-media-text alignwide has-media-on-the-right is-stacked-on-mobile has-light-green-background-color has-background\" style=\"grid-template-columns:auto 17%\"><figure class=\"wp-block-media-text__media\"><img loading=\"lazy\" decoding=\"async\" width=\"201\" height=\"300\" src=\"https:\/\/www.asktraders.com\/wp-content\/uploads\/2023\/04\/verbio-aktie-vorstand-201x300.jpg\" alt=\"verbio aktie\" class=\"wp-image-171919 size-medium\" srcset=\"https:\/\/www.asktraders.com\/wp-content\/uploads\/2023\/04\/verbio-aktie-vorstand-201x300.jpg 201w, https:\/\/www.asktraders.com\/wp-content\/uploads\/2023\/04\/verbio-aktie-vorstand.jpg 204w\" sizes=\"auto, (max-width: 201px) 100vw, 201px\" \/><\/figure><div class=\"wp-block-media-text__content\">\n<blockquote class=\"wp-block-quote has-large-font-size is-layout-flow wp-block-quote-is-layout-flow\"><p><em>&#8222;Aufgrund angepasster Erwartungen in Bezug auf Investitionen und Working Capital&nbsp;&#8230;&#8220;<\/em><\/p><\/blockquote>\n<\/div><\/div>\n\n\n\n<p class=\"has-text-align-right\"><em>Foto: CEO von Verbio, Claus Sauter\/ Bilderquelle: verbio.de<\/em><\/p>\n\n\n\n<p>Das k\u00f6nnte darauf hindeuten, <strong>dass Verbio weniger Kapital investieren m\u00f6chte<\/strong> als zun\u00e4chst geplant. Dieses Kapital steht dann nat\u00fcrlich f\u00fcr andere Zwecke zur Verf\u00fcgung.<\/p>\n\n\n\n<p>Die endg\u00fcltigen Zahlen zum abgelaufenen dritten Quartal ver\u00f6ffentlicht Verbio am 11. Mai 2023.<\/p>\n\n\n<div class=\"wp-block-notice has-background has-light-green-background-color py-2 px-[30px]\">\n\n    <div>\n        \n\n<h2 class=\"wp-block-heading\"  class=\"wp-block-heading\"  id=\"unsere_einschaetzung\">Unsere Einsch\u00e4tzung<\/h2>\n\n\n\n<ul class=\"wp-block-list\"><li>Verbio hat ein tragf\u00e4higes und spannendes Gesch\u00e4ftsmodell. Das Problem ist nur, dass Verbio in Deutschland seinen Sitz hat und haupts\u00e4chlich hier operiert.<\/li><li>Die Politik in Deutschland macht dem Gesch\u00e4ftsmodell von Verbio den Gar aus. Kraftstoffe aus nachwachsenden Ressourcen sind nicht erw\u00fcnscht.<\/li><li>Es ist jedoch fraglich, ob die &#8222;Tank vs. Teller&#8220; Debatte hier \u00fcberhaupt angebracht ist, da Verbio lediglich agrarische Reststoffe verarbeitet.<\/li><li>In anderen L\u00e4ndern dagegen k\u00f6nnte dem Unternehmen dagegen eine gro\u00dfartige Zukunft bevorstehen. Eine Expansion in die USA und Indien ist bereits im Gange. <\/li><\/ul>\n\n\n    <\/div>\n<\/div>\n\n\n\n<p>Werfen wir einen Blick auf die Entwicklung des Gewinns und des Umsatzes der vergangenen Jahre: <\/p>\n\n\n\n<figure class=\"wp-block-image aligncenter size-full\"><img loading=\"lazy\" decoding=\"async\" width=\"629\" height=\"221\" src=\"https:\/\/www.asktraders.com\/wp-content\/uploads\/2023\/04\/verbio-aktie-gewinn-entwicklung.png\" alt=\"\" class=\"wp-image-171907\" srcset=\"https:\/\/www.asktraders.com\/wp-content\/uploads\/2023\/04\/verbio-aktie-gewinn-entwicklung.png 629w, https:\/\/www.asktraders.com\/wp-content\/uploads\/2023\/04\/verbio-aktie-gewinn-entwicklung-333x117.png 333w\" sizes=\"auto, (max-width: 629px) 100vw, 629px\" \/><figcaption>Quelle: aktie.traderfox.com<\/figcaption><\/figure>\n\n\n\n<p>Hier sehen wir, dass Verbio nicht nur die Ums\u00e4tze, sondern auch den Gewinn in den vergangenen Jahren massiv steigern konnte.<\/p>\n\n\n\n<p>Sollte der Gewinn f\u00fcr das Gesch\u00e4ftsjahr bei etwa 240 Mio. EUR liegen, wie vom Vorstand prognostiziert, dann ist das deutlich weniger als 2022, aber auch deutlich mehr als in den Vorjahren.<\/p>\n\n\n\n<div class=\"wp-block-group main-cta is-layout-flow wp-block-group-is-layout-flow\" style=\"padding-top:10px;padding-right:10px;padding-bottom:10px;padding-left:10px\">\n<hr class=\"wp-block-separator has-text-color has-gray-color has-alpha-channel-opacity has-gray-background-color has-background is-style-wide\"\/>\n\n\n\n<div style=\"height:28px\" aria-hidden=\"true\" class=\"wp-block-spacer\"><\/div>\n\n\n\n<div class=\"wp-block-buttons is-content-justification-center is-layout-flex wp-container-core-buttons-is-layout-16018d1d wp-block-buttons-is-layout-flex\">\n<div class=\"wp-block-button has-custom-width wp-block-button__width-100 has-custom-font-size is-style-fill has-small-font-size\"><a class=\"wp-block-button__link has-green-background-color has-background\" href=\"https:\/\/www.asktraders.com\/de\/go\/native?placement=AT-DE-DE-stocks-NCTA-B1-NA-NA-NA\" style=\"border-radius:5px;padding-top:11px;padding-right:40px;padding-bottom:11px;padding-left:40px\" target=\"_blank\" rel=\"noreferrer noopener\">HIER GEHT&#8217;s zur verbio Aktie<\/a><\/div>\n<\/div>\n\n\n\n<p class=\"has-text-align-center\">Ihr Kapital ist in Gefahr<\/p>\n\n\n\n<hr class=\"wp-block-separator has-text-color has-gray-color has-alpha-channel-opacity has-gray-background-color has-background is-style-wide\"\/>\n<\/div>\n\n\n\n<h3 class=\"wp-block-heading\"  class=\"wp-block-heading\"  id=\"ist_der_kursrueckgang_deswegen_uebertrieben_und_nicht_gerechtfertigt\"><strong>Ist der Kursr\u00fcckgang deswegen \u00fcbertrieben und nicht gerechtfertigt?<\/strong><\/h3>\n\n\n\n<p>Das kann man so auch nicht sagen. Schlie\u00dflich waren die Erwartungen der Anleger wesentlich h\u00f6her und darauf beruhte ihre Einsch\u00e4tzung.<\/p>\n\n\n\n<figure class=\"wp-block-image aligncenter size-full\"><img loading=\"lazy\" decoding=\"async\" width=\"787\" height=\"524\" src=\"https:\/\/www.asktraders.com\/wp-content\/uploads\/2023\/04\/aktie-verbio.jpg\" alt=\"aktie verbio absturz\" class=\"wp-image-171917\" srcset=\"https:\/\/www.asktraders.com\/wp-content\/uploads\/2023\/04\/aktie-verbio.jpg 787w, https:\/\/www.asktraders.com\/wp-content\/uploads\/2023\/04\/aktie-verbio-333x222.jpg 333w, https:\/\/www.asktraders.com\/wp-content\/uploads\/2023\/04\/aktie-verbio-768x511.jpg 768w\" sizes=\"auto, (max-width: 787px) 100vw, 787px\" \/><figcaption><em>Bilderquelle: verbio.de<\/em><\/figcaption><\/figure>\n\n\n\n<p>Hinzu kommt auch die Ungewissheit \u00fcber die weitere Entwicklung. Wenn heute bereits klar w\u00e4re, dass es sich nur um eine einmalige Delle handeln w\u00fcrde, w\u00e4ren Anleger vielleicht optimistischer.<\/p>\n\n\n\n<p>Da aber die <strong>weitere &#8211; auch politische &#8211; Entwicklung ungewiss <\/strong>ist, sollten Anleger derzeit vorsichtig sein.<\/p>\n\n\n\n<p>Auch aus Sicht der <a href=\"https:\/\/www.asktraders.com\/de\/traden-lernen\/technische-analyse\/chartanalyse-allgemein\/\">Charttechnik <\/a>ist noch kein Boden in Sicht.<\/p>\n\n\n<aside class=\"wp-block-related-posts  \" >\n                    \n\n<h2 class=\"wp-block-heading\" class=\"wp-block-heading\" id=\"leser_interessieren_sich_auch_fuer\">Leser interessieren sich auch f\u00fcr:<\/h2>\n\n\n        <ul class=\"grid grid-cols-1 md:grid-cols-2 gap-4 lg:grid-cols-1\">\n                            <li class=\"w-full p-3 rounded-lg shadow md:w-full\">\n                    <a href=\"https:\/\/www.asktraders.com\/de\/traden-lernen\/trading-ratgeber\/aktien-apps\/\" class=\"flex\">\n                        <img loading=\"lazy\" decoding=\"async\" width=\"150\" height=\"150\" src=\"https:\/\/www.asktraders.com\/wp-content\/uploads\/2018\/05\/beitragsbilder-ratgeber-trading-apps-150x150.jpg\" class=\"w-1\/3 rounded object-cover  wp-post-image\" alt=\"Beitragsbilder Ratgeber Trading-App\" \/>\n                        <div class=\"flex flex-col w-2\/3 pl-3\">\n                                                        <span\n                                class=\"block py-1 grow text-sm font-bold \">Aktien Apps \u2013 die Kurse immer im Blick mit den richtigen Apps<\/span>\n                                                            <span class=\"text-xs uppercase\">\n                                    Analyst Team\n                                <\/span>\n                                                    <\/div>\n                    <\/a>\n                <\/li>\n                            <li class=\"w-full p-3 rounded-lg shadow md:w-full\">\n                    <a href=\"https:\/\/www.asktraders.com\/de\/traden-lernen\/trading-ratgeber\/aktien-musterdepot-vergleich\/\" class=\"flex\">\n                        <img loading=\"lazy\" decoding=\"async\" width=\"150\" height=\"150\" src=\"https:\/\/www.asktraders.com\/wp-content\/uploads\/2018\/05\/beitragsbilder-ratgeber-aktien-2-150x150.png\" class=\"w-1\/3 rounded object-cover  wp-post-image\" alt=\"\" \/>\n                        <div class=\"flex flex-col w-2\/3 pl-3\">\n                                                        <span\n                                class=\"block py-1 grow text-sm font-bold \">Aktien Musterdepot Vergleich \u2013 Aktien risikofrei handeln!<\/span>\n                                                            <span class=\"text-xs uppercase\">\n                                    Analyst Team\n                                <\/span>\n                                                    <\/div>\n                    <\/a>\n                <\/li>\n                            <li class=\"w-full p-3 rounded-lg shadow md:w-full\">\n                    <a href=\"https:\/\/www.asktraders.com\/de\/traden-lernen\/trading-ratgeber\/aktiendepot-eroffnen\/\" class=\"flex\">\n                        <img loading=\"lazy\" decoding=\"async\" width=\"150\" height=\"150\" src=\"https:\/\/www.asktraders.com\/wp-content\/uploads\/2018\/05\/beitragsbilder-ratgeber-aktien-2-1-150x150.png\" class=\"w-1\/3 rounded object-cover  wp-post-image\" alt=\"\" \/>\n                        <div class=\"flex flex-col w-2\/3 pl-3\">\n                                                        <span\n                                class=\"block py-1 grow text-sm font-bold \">Aktiendepot er\u00f6ffnen \u2013 so wird\u2018s gemacht<\/span>\n                                                            <span class=\"text-xs uppercase\">\n                                    Analyst Team\n                                <\/span>\n                                                    <\/div>\n                    <\/a>\n                <\/li>\n                    <\/ul>\n            \n    <\/aside>\n\n\n<aside class=\"wp-block-related-posts  \" data-sidebar>\n                    \n\n<h2 class=\"wp-block-heading\"  class=\"wp-block-heading\"  id=\"aktuelle_beitraege\">Aktuelle Beitr\u00e4ge<\/h2>\n\n\n        <ul class=\"grid grid-cols-1 md:grid-cols-2 gap-4 lg:grid-cols-1\">\n                            <li class=\"w-full p-3 rounded-lg shadow md:w-full\">\n                    <a href=\"https:\/\/www.asktraders.com\/de\/finanznachrichten\/evonik-aktien-erreichen-neues-tief-als-e13-durchbrochen-werden\/\" class=\"flex\">\n                        <img loading=\"lazy\" decoding=\"async\" width=\"150\" height=\"150\" src=\"https:\/\/www.asktraders.com\/wp-content\/uploads\/2023\/05\/evonik-aktie-prognose-150x150.jpg\" class=\"w-1\/3 rounded object-cover  wp-post-image\" alt=\"Evonik Aktie\" \/>\n                        <div class=\"flex flex-col w-2\/3 pl-3\">\n                                                        <span\n                                class=\"block py-1 grow text-sm font-bold \">Evonik Aktien erreichen neues Tief, als \u20ac13 durchbrochen werden<\/span>\n                                                            <span class=\"text-xs uppercase\">\n                                    Analyst Team\n                                <\/span>\n                                                    <\/div>\n                    <\/a>\n                <\/li>\n                            <li class=\"w-full p-3 rounded-lg shadow md:w-full\">\n                    <a href=\"https:\/\/www.asktraders.com\/de\/finanznachrichten\/2g-energy-ag-aktie-erholt-sich-von-unterstuetzung-steigerung-von-10\/\" class=\"flex\">\n                        <img loading=\"lazy\" decoding=\"async\" width=\"150\" height=\"150\" src=\"https:\/\/www.asktraders.com\/wp-content\/uploads\/2025\/08\/power-and-energy-150x150.jpg\" class=\"w-1\/3 rounded object-cover  wp-post-image\" alt=\"Uniper UN0\" \/>\n                        <div class=\"flex flex-col w-2\/3 pl-3\">\n                                                        <span\n                                class=\"block py-1 grow text-sm font-bold \">2G Energy AG Aktie erholt sich von Unterst\u00fctzung \u2013 Steigerung von 10%<\/span>\n                                                            <span class=\"text-xs uppercase\">\n                                    Analyst Team\n                                <\/span>\n                                                    <\/div>\n                    <\/a>\n                <\/li>\n                            <li class=\"w-full p-3 rounded-lg shadow md:w-full\">\n                    <a href=\"https:\/\/www.asktraders.com\/de\/finanznachrichten\/mercedes-benz-aktie-goldman-sachs-initiiert-analystendeckung-mit-positiver-einschaetzung\/\" class=\"flex\">\n                        <img loading=\"lazy\" decoding=\"async\" width=\"150\" height=\"150\" src=\"https:\/\/www.asktraders.com\/wp-content\/uploads\/2023\/06\/aktie-mercedes-150x150.jpg\" class=\"w-1\/3 rounded object-cover  wp-post-image\" alt=\"Mercedes Aktie\" \/>\n                        <div class=\"flex flex-col w-2\/3 pl-3\">\n                                                        <span\n                                class=\"block py-1 grow text-sm font-bold \">Mercedes-Benz Aktie: Goldman Sachs initiiert Analystendeckung mit positiver Einsch\u00e4tzung<\/span>\n                                                            <span class=\"text-xs uppercase\">\n                                    Analyst Team\n                                <\/span>\n                                                    <\/div>\n                    <\/a>\n                <\/li>\n                            <li class=\"w-full p-3 rounded-lg shadow md:w-full\">\n                    <a href=\"https:\/\/www.asktraders.com\/de\/finanznachrichten\/dax-aktien-erholen-sich-nach-nvidia-beben-maerkte-atmen-auf\/\" class=\"flex\">\n                        <img loading=\"lazy\" decoding=\"async\" width=\"150\" height=\"150\" src=\"https:\/\/www.asktraders.com\/wp-content\/uploads\/2023\/04\/dax-handeln-150x150.jpg\" class=\"w-1\/3 rounded object-cover  wp-post-image\" alt=\"\" \/>\n                        <div class=\"flex flex-col w-2\/3 pl-3\">\n                                                        <span\n                                class=\"block py-1 grow text-sm font-bold \">DAX-Aktien erholen sich nach Nvidia-Beben: M\u00e4rkte atmen auf<\/span>\n                                                            <span class=\"text-xs uppercase\">\n                                    Analyst Team\n                                <\/span>\n                                                    <\/div>\n                    <\/a>\n                <\/li>\n                            <li class=\"w-full p-3 rounded-lg shadow md:w-full\">\n                    <a href=\"https:\/\/www.asktraders.com\/de\/finanznachrichten\/rheinmetall-aktien-finden-unterstuetzung-bei-1-600-e-wie-geht-es-weiter\/\" class=\"flex\">\n                        <img loading=\"lazy\" decoding=\"async\" width=\"150\" height=\"150\" src=\"https:\/\/www.asktraders.com\/wp-content\/uploads\/2022\/11\/Die-Rheinmetall-Aktie-im-Chart-150x150.jpg\" class=\"w-1\/3 rounded object-cover  wp-post-image\" alt=\"Die Rheinmetall Aktie im Chart\" \/>\n                        <div class=\"flex flex-col w-2\/3 pl-3\">\n                                                        <span\n                                class=\"block py-1 grow text-sm font-bold \">Rheinmetall-Aktien finden Unterst\u00fctzung bei 1.600 \u20ac \u2013 Wie geht es weiter?<\/span>\n                                                            <span class=\"text-xs uppercase\">\n                                    Analyst Team\n                                <\/span>\n                                                    <\/div>\n                    <\/a>\n                <\/li>\n                    <\/ul>\n            \n    <\/aside>\n\n\n<div class=\"wp-block-top5-broker\" data-sidebar>\n        <div>\n        \n\n<h2 class=\"wp-block-heading\"  class=\"wp-block-heading\"  id=\"\"><\/h2>\n\n\n    <\/div>\n            <div class=\"block bg-white rounded-lg shadow\">\n        <ul\n            class=\"flex flex-wrap w-full -mb-px list-none border-b-2 navTabs \">\n                                                                                                        <\/ul>\n                    <div class=\"navTabContent \" id=\"top5-tab1\">\n                <ol class=\"flex\n                flex-wrap\n                \">\n                                    <\/ol>\n                            <\/div>\n                    <div class=\"navTabContent hidden\" id=\"top5-tab2\">\n                <ol class=\"flex\n                flex-wrap\n                \">\n                                    <\/ol>\n                            <\/div>\n                    <div class=\"navTabContent hidden\" id=\"top5-tab3\">\n                <ol class=\"flex\n                flex-wrap\n                \">\n                                    <\/ol>\n                            <\/div>\n        \n    <\/div>\n    <\/div>\n\n\n\n<p><\/p>\n","protected":false},"author":33,"featured_media":171918,"comment_status":"open","ping_status":"closed","template":"","news_cluster":[],"tradingcategory":[99],"class_list":["post-171906","news","type-news","status-publish","has-post-thumbnail","hentry","tradingcategory-aktien"],"acf":[],"apple_news_notices":[],"yoast_head":"<!-- This site is optimized with the Yoast SEO plugin v27.2 - https:\/\/yoast.com\/product\/yoast-seo-wordpress\/ -->\n<title>Verbio Aktie bricht ein | Gewinnziele zusammengestrichen<\/title>\n<meta name=\"description\" content=\"Verbio verk\u00fcndete am Donnerstagnachmittag (27. April 2023), dass die angepeilten 300 Mio. EUR Gewinn (EBITDA) dieses Jahr voraussichtlich nicht erreicht\" \/>\n<meta name=\"robots\" content=\"index, follow, max-snippet:-1, max-image-preview:large, max-video-preview:-1\" \/>\n<link rel=\"canonical\" href=\"https:\/\/www.asktraders.com\/de\/finanznachrichten\/verbio-senkt-gewinnziele-fuer-2023-um-20-aktie-stuerzt-ab\/\" \/>\n<meta property=\"og:locale\" content=\"de_DE\" \/>\n<meta property=\"og:type\" content=\"article\" \/>\n<meta property=\"og:title\" content=\"Verbio Aktie bricht ein | Gewinnziele zusammengestrichen\" \/>\n<meta property=\"og:description\" content=\"Verbio verk\u00fcndete am Donnerstagnachmittag (27. April 2023), dass die angepeilten 300 Mio. EUR Gewinn (EBITDA) dieses Jahr voraussichtlich nicht erreicht\" \/>\n<meta property=\"og:url\" content=\"https:\/\/www.asktraders.com\/de\/finanznachrichten\/verbio-senkt-gewinnziele-fuer-2023-um-20-aktie-stuerzt-ab\/\" \/>\n<meta property=\"og:site_name\" content=\"AskTraders.com\" \/>\n<meta property=\"article:publisher\" content=\"https:\/\/www.facebook.com\/asktraderscom\" \/>\n<meta property=\"article:modified_time\" content=\"2023-04-28T09:37:26+00:00\" \/>\n<meta property=\"og:image\" content=\"https:\/\/www.asktraders.com\/wp-content\/uploads\/2023\/04\/verbio-aktie-1.jpg\" \/>\n\t<meta property=\"og:image:width\" content=\"786\" \/>\n\t<meta property=\"og:image:height\" content=\"515\" \/>\n\t<meta property=\"og:image:type\" content=\"image\/jpeg\" \/>\n<meta name=\"twitter:card\" content=\"summary_large_image\" \/>\n<meta name=\"twitter:site\" content=\"@Asktraders1\" \/>\n<meta name=\"twitter:label1\" content=\"Gesch\u00e4tzte Lesezeit\" \/>\n\t<meta name=\"twitter:data1\" content=\"5 Minuten\" \/>\n<script type=\"application\/ld+json\" class=\"yoast-schema-graph\">{\"@context\":\"https:\/\/schema.org\",\"@graph\":[{\"@type\":\"NewsArticle\",\"@id\":\"https:\/\/www.asktraders.com\/de\/finanznachrichten\/verbio-senkt-gewinnziele-fuer-2023-um-20-aktie-stuerzt-ab\/#article\",\"isPartOf\":{\"@id\":\"https:\/\/www.asktraders.com\/de\/finanznachrichten\/verbio-senkt-gewinnziele-fuer-2023-um-20-aktie-stuerzt-ab\/\"},\"author\":{\"name\":\"Ruben Wunderlich\",\"@id\":\"https:\/\/www.asktraders.com\/de\/#\/schema\/person\/6e2f89f6a9f3eecbfe9cf3be140769ba\",\"url\":\"https:\/\/www.asktraders.com\/de\/author\/rubenw\/\"},\"headline\":\"Verbio senkt Gewinnziele f\u00fcr 2023 um 20 %. Aktie st\u00fcrzt ab.\",\"datePublished\":\"2023-04-28T09:26:41+00:00\",\"dateModified\":\"2023-04-28T09:37:26+00:00\",\"mainEntityOfPage\":{\"@id\":\"https:\/\/www.asktraders.com\/de\/finanznachrichten\/verbio-senkt-gewinnziele-fuer-2023-um-20-aktie-stuerzt-ab\/\"},\"wordCount\":629,\"commentCount\":0,\"publisher\":{\"@id\":\"https:\/\/www.asktraders.com\/de\/#organization\"},\"image\":{\"@id\":\"https:\/\/www.asktraders.com\/de\/finanznachrichten\/verbio-senkt-gewinnziele-fuer-2023-um-20-aktie-stuerzt-ab\/#primaryimage\"},\"thumbnailUrl\":\"https:\/\/www.asktraders.com\/wp-content\/uploads\/2023\/04\/verbio-aktie-1.jpg\",\"inLanguage\":\"de-DE\",\"potentialAction\":[{\"@type\":\"CommentAction\",\"name\":\"Comment\",\"target\":[\"https:\/\/www.asktraders.com\/de\/finanznachrichten\/verbio-senkt-gewinnziele-fuer-2023-um-20-aktie-stuerzt-ab\/#respond\"]}],\"accessibilityFeature\":[\"tableOfContents\"]},{\"@type\":\"WebPage\",\"@id\":\"https:\/\/www.asktraders.com\/de\/finanznachrichten\/verbio-senkt-gewinnziele-fuer-2023-um-20-aktie-stuerzt-ab\/\",\"url\":\"https:\/\/www.asktraders.com\/de\/finanznachrichten\/verbio-senkt-gewinnziele-fuer-2023-um-20-aktie-stuerzt-ab\/\",\"name\":\"Verbio Aktie bricht ein | Gewinnziele zusammengestrichen\",\"isPartOf\":{\"@id\":\"https:\/\/www.asktraders.com\/de\/#website\"},\"primaryImageOfPage\":{\"@id\":\"https:\/\/www.asktraders.com\/de\/finanznachrichten\/verbio-senkt-gewinnziele-fuer-2023-um-20-aktie-stuerzt-ab\/#primaryimage\"},\"image\":{\"@id\":\"https:\/\/www.asktraders.com\/de\/finanznachrichten\/verbio-senkt-gewinnziele-fuer-2023-um-20-aktie-stuerzt-ab\/#primaryimage\"},\"thumbnailUrl\":\"https:\/\/www.asktraders.com\/wp-content\/uploads\/2023\/04\/verbio-aktie-1.jpg\",\"datePublished\":\"2023-04-28T09:26:41+00:00\",\"dateModified\":\"2023-04-28T09:37:26+00:00\",\"description\":\"Verbio verk\u00fcndete am Donnerstagnachmittag (27. April 2023), dass die angepeilten 300 Mio. EUR Gewinn (EBITDA) dieses Jahr voraussichtlich nicht erreicht\",\"breadcrumb\":{\"@id\":\"https:\/\/www.asktraders.com\/de\/finanznachrichten\/verbio-senkt-gewinnziele-fuer-2023-um-20-aktie-stuerzt-ab\/#breadcrumb\"},\"inLanguage\":\"de-DE\",\"potentialAction\":[{\"@type\":\"ReadAction\",\"target\":[\"https:\/\/www.asktraders.com\/de\/finanznachrichten\/verbio-senkt-gewinnziele-fuer-2023-um-20-aktie-stuerzt-ab\/\"]}]},{\"@type\":\"ImageObject\",\"inLanguage\":\"de-DE\",\"@id\":\"https:\/\/www.asktraders.com\/de\/finanznachrichten\/verbio-senkt-gewinnziele-fuer-2023-um-20-aktie-stuerzt-ab\/#primaryimage\",\"url\":\"https:\/\/www.asktraders.com\/wp-content\/uploads\/2023\/04\/verbio-aktie-1.jpg\",\"contentUrl\":\"https:\/\/www.asktraders.com\/wp-content\/uploads\/2023\/04\/verbio-aktie-1.jpg\",\"width\":786,\"height\":515,\"caption\":\"verbio aktie\"},{\"@type\":\"BreadcrumbList\",\"@id\":\"https:\/\/www.asktraders.com\/de\/finanznachrichten\/verbio-senkt-gewinnziele-fuer-2023-um-20-aktie-stuerzt-ab\/#breadcrumb\",\"itemListElement\":[{\"@type\":\"ListItem\",\"position\":1,\"name\":\"Home\",\"item\":\"https:\/\/www.asktraders.com\/de\/\"},{\"@type\":\"ListItem\",\"position\":2,\"name\":\"News\",\"item\":\"https:\/\/www.asktraders.com\/de\/finanznachrichten\/\"},{\"@type\":\"ListItem\",\"position\":3,\"name\":\"Verbio senkt Gewinnziele f\u00fcr 2023 um 20 %. Aktie st\u00fcrzt ab.\"}]},{\"@type\":\"WebSite\",\"@id\":\"https:\/\/www.asktraders.com\/de\/#website\",\"url\":\"https:\/\/www.asktraders.com\/de\/\",\"name\":\"AskTraders\",\"description\":\"Guiding You To Trading Success\",\"publisher\":{\"@id\":\"https:\/\/www.asktraders.com\/de\/#organization\"},\"inLanguage\":\"de-DE\"},{\"@type\":\"Organization\",\"@id\":\"https:\/\/www.asktraders.com\/de\/#organization\",\"name\":\"AskTraders\",\"url\":\"https:\/\/www.asktraders.com\/de\/\",\"logo\":{\"@type\":\"ImageObject\",\"inLanguage\":\"de-DE\",\"@id\":\"https:\/\/www.asktraders.com\/de\/#\/schema\/logo\/image\/\",\"url\":\"https:\/\/www.asktraders.com\/wp-content\/uploads\/2019\/05\/asktraders-logo-tm-white.png\",\"contentUrl\":\"https:\/\/www.asktraders.com\/wp-content\/uploads\/2019\/05\/asktraders-logo-tm-white.png\",\"width\":232,\"height\":38,\"caption\":\"AskTraders\"},\"image\":{\"@id\":\"https:\/\/www.asktraders.com\/de\/#\/schema\/logo\/image\/\"},\"sameAs\":[\"https:\/\/www.facebook.com\/asktraderscom\",\"https:\/\/x.com\/Asktraders1\"]},{\"@type\":\"Person\",\"@id\":\"https:\/\/www.asktraders.com\/de\/#\/schema\/person\/6e2f89f6a9f3eecbfe9cf3be140769ba\",\"name\":\"Ruben Wunderlich\",\"image\":{\"@type\":\"ImageObject\",\"inLanguage\":\"de-DE\",\"@id\":\"https:\/\/secure.gravatar.com\/avatar\/a169813ebb7fc5db497811c94e0e5111ffd756d2135b8bb267093c55024a2119?s=96&d=mm&r=g\",\"url\":\"https:\/\/secure.gravatar.com\/avatar\/a169813ebb7fc5db497811c94e0e5111ffd756d2135b8bb267093c55024a2119?s=96&d=mm&r=g\",\"contentUrl\":\"https:\/\/secure.gravatar.com\/avatar\/a169813ebb7fc5db497811c94e0e5111ffd756d2135b8bb267093c55024a2119?s=96&d=mm&r=g\",\"caption\":\"Ruben Wunderlich\"}}]}<\/script>\n<!-- \/ Yoast SEO plugin. -->","yoast_head_json":{"title":"Verbio Aktie bricht ein | Gewinnziele zusammengestrichen","description":"Verbio verk\u00fcndete am Donnerstagnachmittag (27. April 2023), dass die angepeilten 300 Mio. EUR Gewinn (EBITDA) dieses Jahr voraussichtlich nicht erreicht","robots":{"index":"index","follow":"follow","max-snippet":"max-snippet:-1","max-image-preview":"max-image-preview:large","max-video-preview":"max-video-preview:-1"},"canonical":"https:\/\/www.asktraders.com\/de\/finanznachrichten\/verbio-senkt-gewinnziele-fuer-2023-um-20-aktie-stuerzt-ab\/","og_locale":"de_DE","og_type":"article","og_title":"Verbio Aktie bricht ein | Gewinnziele zusammengestrichen","og_description":"Verbio verk\u00fcndete am Donnerstagnachmittag (27. April 2023), dass die angepeilten 300 Mio. EUR Gewinn (EBITDA) dieses Jahr voraussichtlich nicht erreicht","og_url":"https:\/\/www.asktraders.com\/de\/finanznachrichten\/verbio-senkt-gewinnziele-fuer-2023-um-20-aktie-stuerzt-ab\/","og_site_name":"AskTraders.com","article_publisher":"https:\/\/www.facebook.com\/asktraderscom","article_modified_time":"2023-04-28T09:37:26+00:00","og_image":[{"width":786,"height":515,"url":"https:\/\/www.asktraders.com\/wp-content\/uploads\/2023\/04\/verbio-aktie-1.jpg","type":"image\/jpeg"}],"twitter_card":"summary_large_image","twitter_site":"@Asktraders1","twitter_misc":{"Gesch\u00e4tzte Lesezeit":"5 Minuten"},"schema":{"@context":"https:\/\/schema.org","@graph":[{"@type":"NewsArticle","@id":"https:\/\/www.asktraders.com\/de\/finanznachrichten\/verbio-senkt-gewinnziele-fuer-2023-um-20-aktie-stuerzt-ab\/#article","isPartOf":{"@id":"https:\/\/www.asktraders.com\/de\/finanznachrichten\/verbio-senkt-gewinnziele-fuer-2023-um-20-aktie-stuerzt-ab\/"},"author":{"name":"Ruben Wunderlich","@id":"https:\/\/www.asktraders.com\/de\/#\/schema\/person\/6e2f89f6a9f3eecbfe9cf3be140769ba","url":"https:\/\/www.asktraders.com\/de\/author\/rubenw\/"},"headline":"Verbio senkt Gewinnziele f\u00fcr 2023 um 20 %. Aktie st\u00fcrzt ab.","datePublished":"2023-04-28T09:26:41+00:00","dateModified":"2023-04-28T09:37:26+00:00","mainEntityOfPage":{"@id":"https:\/\/www.asktraders.com\/de\/finanznachrichten\/verbio-senkt-gewinnziele-fuer-2023-um-20-aktie-stuerzt-ab\/"},"wordCount":629,"commentCount":0,"publisher":{"@id":"https:\/\/www.asktraders.com\/de\/#organization"},"image":{"@id":"https:\/\/www.asktraders.com\/de\/finanznachrichten\/verbio-senkt-gewinnziele-fuer-2023-um-20-aktie-stuerzt-ab\/#primaryimage"},"thumbnailUrl":"https:\/\/www.asktraders.com\/wp-content\/uploads\/2023\/04\/verbio-aktie-1.jpg","inLanguage":"de-DE","potentialAction":[{"@type":"CommentAction","name":"Comment","target":["https:\/\/www.asktraders.com\/de\/finanznachrichten\/verbio-senkt-gewinnziele-fuer-2023-um-20-aktie-stuerzt-ab\/#respond"]}],"accessibilityFeature":["tableOfContents"]},{"@type":"WebPage","@id":"https:\/\/www.asktraders.com\/de\/finanznachrichten\/verbio-senkt-gewinnziele-fuer-2023-um-20-aktie-stuerzt-ab\/","url":"https:\/\/www.asktraders.com\/de\/finanznachrichten\/verbio-senkt-gewinnziele-fuer-2023-um-20-aktie-stuerzt-ab\/","name":"Verbio Aktie bricht ein | Gewinnziele zusammengestrichen","isPartOf":{"@id":"https:\/\/www.asktraders.com\/de\/#website"},"primaryImageOfPage":{"@id":"https:\/\/www.asktraders.com\/de\/finanznachrichten\/verbio-senkt-gewinnziele-fuer-2023-um-20-aktie-stuerzt-ab\/#primaryimage"},"image":{"@id":"https:\/\/www.asktraders.com\/de\/finanznachrichten\/verbio-senkt-gewinnziele-fuer-2023-um-20-aktie-stuerzt-ab\/#primaryimage"},"thumbnailUrl":"https:\/\/www.asktraders.com\/wp-content\/uploads\/2023\/04\/verbio-aktie-1.jpg","datePublished":"2023-04-28T09:26:41+00:00","dateModified":"2023-04-28T09:37:26+00:00","description":"Verbio verk\u00fcndete am Donnerstagnachmittag (27. April 2023), dass die angepeilten 300 Mio. EUR Gewinn (EBITDA) dieses Jahr voraussichtlich nicht erreicht","breadcrumb":{"@id":"https:\/\/www.asktraders.com\/de\/finanznachrichten\/verbio-senkt-gewinnziele-fuer-2023-um-20-aktie-stuerzt-ab\/#breadcrumb"},"inLanguage":"de-DE","potentialAction":[{"@type":"ReadAction","target":["https:\/\/www.asktraders.com\/de\/finanznachrichten\/verbio-senkt-gewinnziele-fuer-2023-um-20-aktie-stuerzt-ab\/"]}]},{"@type":"ImageObject","inLanguage":"de-DE","@id":"https:\/\/www.asktraders.com\/de\/finanznachrichten\/verbio-senkt-gewinnziele-fuer-2023-um-20-aktie-stuerzt-ab\/#primaryimage","url":"https:\/\/www.asktraders.com\/wp-content\/uploads\/2023\/04\/verbio-aktie-1.jpg","contentUrl":"https:\/\/www.asktraders.com\/wp-content\/uploads\/2023\/04\/verbio-aktie-1.jpg","width":786,"height":515,"caption":"verbio aktie"},{"@type":"BreadcrumbList","@id":"https:\/\/www.asktraders.com\/de\/finanznachrichten\/verbio-senkt-gewinnziele-fuer-2023-um-20-aktie-stuerzt-ab\/#breadcrumb","itemListElement":[{"@type":"ListItem","position":1,"name":"Home","item":"https:\/\/www.asktraders.com\/de\/"},{"@type":"ListItem","position":2,"name":"News","item":"https:\/\/www.asktraders.com\/de\/finanznachrichten\/"},{"@type":"ListItem","position":3,"name":"Verbio senkt Gewinnziele f\u00fcr 2023 um 20 %. Aktie st\u00fcrzt ab."}]},{"@type":"WebSite","@id":"https:\/\/www.asktraders.com\/de\/#website","url":"https:\/\/www.asktraders.com\/de\/","name":"AskTraders","description":"Guiding You To Trading Success","publisher":{"@id":"https:\/\/www.asktraders.com\/de\/#organization"},"inLanguage":"de-DE"},{"@type":"Organization","@id":"https:\/\/www.asktraders.com\/de\/#organization","name":"AskTraders","url":"https:\/\/www.asktraders.com\/de\/","logo":{"@type":"ImageObject","inLanguage":"de-DE","@id":"https:\/\/www.asktraders.com\/de\/#\/schema\/logo\/image\/","url":"https:\/\/www.asktraders.com\/wp-content\/uploads\/2019\/05\/asktraders-logo-tm-white.png","contentUrl":"https:\/\/www.asktraders.com\/wp-content\/uploads\/2019\/05\/asktraders-logo-tm-white.png","width":232,"height":38,"caption":"AskTraders"},"image":{"@id":"https:\/\/www.asktraders.com\/de\/#\/schema\/logo\/image\/"},"sameAs":["https:\/\/www.facebook.com\/asktraderscom","https:\/\/x.com\/Asktraders1"]},{"@type":"Person","@id":"https:\/\/www.asktraders.com\/de\/#\/schema\/person\/6e2f89f6a9f3eecbfe9cf3be140769ba","name":"Ruben Wunderlich","image":{"@type":"ImageObject","inLanguage":"de-DE","@id":"https:\/\/secure.gravatar.com\/avatar\/a169813ebb7fc5db497811c94e0e5111ffd756d2135b8bb267093c55024a2119?s=96&d=mm&r=g","url":"https:\/\/secure.gravatar.com\/avatar\/a169813ebb7fc5db497811c94e0e5111ffd756d2135b8bb267093c55024a2119?s=96&d=mm&r=g","contentUrl":"https:\/\/secure.gravatar.com\/avatar\/a169813ebb7fc5db497811c94e0e5111ffd756d2135b8bb267093c55024a2119?s=96&d=mm&r=g","caption":"Ruben Wunderlich"}}]}},"_links":{"self":[{"href":"https:\/\/www.asktraders.com\/de\/wp-json\/wp\/v2\/news\/171906","targetHints":{"allow":["GET"]}}],"collection":[{"href":"https:\/\/www.asktraders.com\/de\/wp-json\/wp\/v2\/news"}],"about":[{"href":"https:\/\/www.asktraders.com\/de\/wp-json\/wp\/v2\/types\/news"}],"author":[{"embeddable":true,"href":"https:\/\/www.asktraders.com\/de\/wp-json\/wp\/v2\/users\/33"}],"replies":[{"embeddable":true,"href":"https:\/\/www.asktraders.com\/de\/wp-json\/wp\/v2\/comments?post=171906"}],"version-history":[{"count":0,"href":"https:\/\/www.asktraders.com\/de\/wp-json\/wp\/v2\/news\/171906\/revisions"}],"wp:featuredmedia":[{"embeddable":true,"href":"https:\/\/www.asktraders.com\/de\/wp-json\/wp\/v2\/media\/171918"}],"wp:attachment":[{"href":"https:\/\/www.asktraders.com\/de\/wp-json\/wp\/v2\/media?parent=171906"}],"wp:term":[{"taxonomy":"news_cluster","embeddable":true,"href":"https:\/\/www.asktraders.com\/de\/wp-json\/wp\/v2\/news_cluster?post=171906"},{"taxonomy":"tradingcategory","embeddable":true,"href":"https:\/\/www.asktraders.com\/de\/wp-json\/wp\/v2\/tradingcategory?post=171906"}],"curies":[{"name":"wp","href":"https:\/\/api.w.org\/{rel}","templated":true}]}}