{"id":172270,"date":"2023-05-05T11:07:39","date_gmt":"2023-05-05T10:07:39","guid":{"rendered":"https:\/\/www.asktraders.com\/?post_type=news&#038;p=172270"},"modified":"2023-05-05T11:08:11","modified_gmt":"2023-05-05T10:08:11","slug":"zalando-rockt-nicht-mehr-quartalsergebnisse-schwaechen-aktie-verbraucherstimmung-wachsende-lager-druecken-auf-die-stimmung","status":"publish","type":"news","link":"https:\/\/www.asktraders.com\/de\/finanznachrichten\/zalando-rockt-nicht-mehr-quartalsergebnisse-schwaechen-aktie-verbraucherstimmung-wachsende-lager-druecken-auf-die-stimmung\/","title":{"rendered":"Zalando rockt nicht mehr: Quartalsergebnisse schw\u00e4chen Aktie. Verbraucherstimmung &#038; wachsende Lager dr\u00fccken auf die Stimmung"},"content":{"rendered":"\n<p><strong>Zalando in der Zwickm\u00fchle: Quartalsergebnisse enth\u00fcllen gemischte Bilanz. Verbraucherstimmung und anwachsende Lagerbest\u00e4nde k\u00f6nnten den Online-Modeh\u00e4ndler ins Wanken bringen!<\/strong><\/p>\n\n\n\n<div class=\"wp-block-group main-cta is-layout-flow wp-block-group-is-layout-flow\" style=\"padding-top:10px;padding-right:10px;padding-bottom:10px;padding-left:10px\">\n<hr class=\"wp-block-separator has-text-color has-gray-color has-alpha-channel-opacity has-gray-background-color has-background is-style-wide\"\/>\n\n\n\n<div style=\"height:28px\" aria-hidden=\"true\" class=\"wp-block-spacer\"><\/div>\n\n\n\n<div class=\"wp-block-buttons is-content-justification-center is-layout-flex wp-container-core-buttons-is-layout-16018d1d wp-block-buttons-is-layout-flex\">\n<div class=\"wp-block-button has-custom-width wp-block-button__width-100 has-custom-font-size is-style-fill has-small-font-size\"><a class=\"wp-block-button__link has-green-background-color has-background\" href=\"https:\/\/www.asktraders.com\/de\/go\/native?placement=AT-DE-DE-stocks-NCTA-B1-NA-NA-NA\" style=\"border-radius:5px;padding-top:11px;padding-right:40px;padding-bottom:11px;padding-left:40px\" target=\"_blank\" rel=\"noreferrer noopener\">HIER GEHT&#8217;s Zalando Aktie<\/a><\/div>\n<\/div>\n\n\n\n<p class=\"has-text-align-center\">Ihr Kapital ist in Gefahr<\/p>\n\n\n\n<hr class=\"wp-block-separator has-text-color has-gray-color has-alpha-channel-opacity has-gray-background-color has-background is-style-wide\"\/>\n<\/div>\n\n\n<figure class=\"wp-block-post-featured-image\"><img loading=\"lazy\" decoding=\"async\" width=\"1000\" height=\"427\" src=\"https:\/\/www.asktraders.com\/wp-content\/uploads\/2023\/05\/Zalando-Aktie.jpg\" class=\"attachment-post-thumbnail size-post-thumbnail wp-post-image\" alt=\"zalando Aktien news\" style=\"object-fit:cover;\" srcset=\"https:\/\/www.asktraders.com\/wp-content\/uploads\/2023\/05\/Zalando-Aktie.jpg 1000w, https:\/\/www.asktraders.com\/wp-content\/uploads\/2023\/05\/Zalando-Aktie-333x142.jpg 333w, https:\/\/www.asktraders.com\/wp-content\/uploads\/2023\/05\/Zalando-Aktie-793x339.jpg 793w, https:\/\/www.asktraders.com\/wp-content\/uploads\/2023\/05\/Zalando-Aktie-768x328.jpg 768w\" sizes=\"auto, (max-width: 1000px) 100vw, 1000px\" \/><\/figure>\n\n\n<p class=\"has-text-align-center\"><em>Die Zalando Bilanz kann aktuell nicht \u00fcberzeugen\/ Bilderquelle: zalando.de<\/em><\/p>\n\n\n<div class=\"wp-block-notice has-background has-light-green-background-color py-2 px-[30px]\">\n\n    <div>\n        \n\n<h3 class=\"wp-block-heading\"  class=\"wp-block-heading\"  id=\"auf_den_punkt_gebracht\">Auf den Punkt gebracht <\/h3>\n\n\n\n<ul class=\"wp-block-list\"><li>Zalando verzeichnet Wachstum und gesteigerte Profitabilit\u00e4t im ersten Quartal<\/li><li>Bruttowarenvolumen (GMV) steigt um 2,8 % auf 3,2 Mrd. EUR<\/li><li>Umsatz w\u00e4chst um 2,3 % auf 2,3 Mrd.  EUR<\/li><li>Break-Even auf bereinigter EBIT Basis, nach -52 Mio.  EUR im Vorjahreszeitraum<\/li><li>Aktive Kunden erh\u00f6hen sich um 4,8 % auf 51,2 Mio <\/li><li>Offprice-Segment-Umsatz steigt um 33 %<\/li><li>Jahresprognose f\u00fcr 2023 best\u00e4tigt<\/li><li>Lounge by Zalando verzeichnet Umsatzwachstum von 33 %<\/li><\/ul>\n\n\n    <\/div>\n<\/div>\n\n\n\n<p>Zalando SE steht an einem Scheideweg, nachdem die Quartalsergebnisse am Donnerstag ver\u00f6ffentlicht wurden. <\/p>\n\n\n\n<p>Die schwache Verbraucherstimmung und wachsende Lagerbest\u00e4nde stellen eine bedeutende Herausforderung f\u00fcr den deutschen Online-Modeh\u00e4ndler dar. <\/p>\n\n\n\n<p><strong>Wird das Unternehmen in der Lage sein, sich in dieser schwierigen Situation zu behaupten?<\/strong><\/p>\n\n\n\n<p>Die Zalando Aktie fiel daraufhin um \u00fcber 9 Prozent. Investoren sind besorgt. Trotz augenscheinlich guter Zahlen, \u00fcberzeugt der Ausblick des Unternehmens nicht.<\/p>\n\n\n\n<div class=\"wp-block-group main-cta is-layout-flow wp-block-group-is-layout-flow\" style=\"padding-top:10px;padding-right:10px;padding-bottom:10px;padding-left:10px\">\n<hr class=\"wp-block-separator has-text-color has-gray-color has-alpha-channel-opacity has-gray-background-color has-background is-style-wide\"\/>\n\n\n\n<div style=\"height:28px\" aria-hidden=\"true\" class=\"wp-block-spacer\"><\/div>\n\n\n\n<div class=\"wp-block-buttons is-content-justification-center is-layout-flex wp-container-core-buttons-is-layout-16018d1d wp-block-buttons-is-layout-flex\">\n<div class=\"wp-block-button has-custom-width wp-block-button__width-100 has-custom-font-size is-style-fill has-small-font-size\"><a class=\"wp-block-button__link has-green-background-color has-background\" href=\"https:\/\/www.asktraders.com\/de\/go\/native?placement=AT-DE-DE-stocks-NCTA-B1-NA-NA-NA\" style=\"border-radius:5px;padding-top:11px;padding-right:40px;padding-bottom:11px;padding-left:40px\" target=\"_blank\" rel=\"noreferrer noopener\">HIER GEHT&#8217;s Zalando Aktie<\/a><\/div>\n<\/div>\n\n\n\n<p class=\"has-text-align-center\">Ihr Kapital ist in Gefahr<\/p>\n\n\n\n<hr class=\"wp-block-separator has-text-color has-gray-color has-alpha-channel-opacity has-gray-background-color has-background is-style-wide\"\/>\n<\/div>\n\n\n\n<h2 class=\"wp-block-heading\" class=\"wp-block-heading\" id=\"zalando_aktien_wackeln_nach_gemischten_quartalsergebnissen\">Zalando Aktien wackeln nach gemischten Quartalsergebnissen<\/h2>\n\n\n\n<p>Ein <strong>Anstieg der Lagerbest\u00e4nde um 5 Prozent<\/strong> w\u00e4hrend des Zeitraums wirkt sich negativ auf die Kosteneinsparungen und die starken Bruttomargen aus. <\/p>\n\n\n\n<p>Catherine O&#8217;Neill, Citigroup Inc.-Analystin, betont die Notwendigkeit f\u00fcr Zalando, sich in dieser Situation durch kluge Entscheidungen zu behaupten.<\/p>\n\n\n\n<p>Zalando, das sowohl Eigenmarken- als auch Drittmarkenbekleidung verkauft, ist durch steigende Inflationsraten und Verbraucher, die nach der pandemiebedingten Online-Verschiebung wieder zum station\u00e4ren Handel zur\u00fcckkehren, unter Druck geraten. <\/p>\n\n\n\n<p>Die <a href=\"https:\/\/www.asktraders.com\/de\/traden-lernen\/trading-ratgeber\/aktien-kaufen-vorgehensweise\/\">Aktien <\/a>anderer E-Commerce-Einzelh\u00e4ndler, darunter THG Plc, Asos Plc und Boohoo Group Plc, gaben am Donnerstag ebenfalls nach.<strong> Ist das ein Warnsignal f\u00fcr die gesamte Branche?<\/strong><\/p>\n\n\n\n<div class=\"wp-block-media-text alignwide has-media-on-the-right is-stacked-on-mobile\" style=\"grid-template-columns:auto 26%\"><figure class=\"wp-block-media-text__media\"><img loading=\"lazy\" decoding=\"async\" width=\"391\" height=\"438\" src=\"https:\/\/www.asktraders.com\/wp-content\/uploads\/2023\/05\/Aktie-zalando.jpg\" alt=\"aktie Zalando\" class=\"wp-image-172317 size-full\" srcset=\"https:\/\/www.asktraders.com\/wp-content\/uploads\/2023\/05\/Aktie-zalando.jpg 391w, https:\/\/www.asktraders.com\/wp-content\/uploads\/2023\/05\/Aktie-zalando-268x300.jpg 268w\" sizes=\"auto, (max-width: 391px) 100vw, 391px\" \/><\/figure><div class=\"wp-block-media-text__content\">\n<blockquote class=\"wp-block-quote has-light-green-background-color has-background has-medium-font-size is-layout-flow wp-block-quote-is-layout-flow\"><p><em>\u201eDas erste Quartal hat gezeigt, wie flexibel unser Gesch\u00e4ftsmodell ist. Wir konnten uns in einem herausfordernden Marktumfeld behaupten, insbesondere dank einer hohen Nachfrage in unserem Offprice-Segment und einer starken Performance des Partnergesch\u00e4fts.\u201c<\/em><\/p><cite><strong><em>Robert Gentz, Co-CEO von Zalando<\/em><\/strong><\/cite><\/blockquote>\n<\/div><\/div>\n\n\n\n<p>Die Berliner Plattform konnte Sch\u00e4tzungen f\u00fcr das bereinigte Ergebnis im ersten Quartal \u00fcbertreffen und best\u00e4tigte ihre Prognose f\u00fcr das Gesamtjahr. <\/p>\n\n\n\n<p>Zalando meldete f\u00fcr das erste Quartal einen bereinigte Verlust 700.000  EUR (EBIT). Im Vergleichszeitraum waren es noch \u00fcber 50 Mio. EUR gewesen.<\/p>\n\n\n\n<p><strong>Trotzdem bleibt die Situation angespannt.<\/strong><\/p>\n\n\n\n<div class=\"wp-block-media-text alignwide has-media-on-the-right is-stacked-on-mobile\" style=\"grid-template-columns:auto 26%\"><figure class=\"wp-block-media-text__media\"><img loading=\"lazy\" decoding=\"async\" width=\"391\" height=\"438\" src=\"https:\/\/www.asktraders.com\/wp-content\/uploads\/2023\/05\/zalando-aktien.jpg\" alt=\"aktie Zalando news\" class=\"wp-image-172316 size-full\" srcset=\"https:\/\/www.asktraders.com\/wp-content\/uploads\/2023\/05\/zalando-aktien.jpg 391w, https:\/\/www.asktraders.com\/wp-content\/uploads\/2023\/05\/zalando-aktien-268x300.jpg 268w\" sizes=\"auto, (max-width: 391px) 100vw, 391px\" \/><\/figure><div class=\"wp-block-media-text__content\">\n<blockquote class=\"wp-block-quote has-light-green-background-color has-background has-medium-font-size is-layout-flow wp-block-quote-is-layout-flow\"><p><em>&#8222;Unser Fokus auf profitables Wachstum ist erfolgreich und liefert Ergebnisse. Wir gehen davon aus, dass die allgemeine Nachfrage ged\u00e4mpft bleibt. Daher konzentrieren wir uns weiterhin darauf, die Effizienz in den Bereichen Logistik und Marketing nachhaltig zu verbessern.&#8220;<\/em><\/p><cite><strong><em>Zalando Chief Financial Officer Dr. Sandra Dembeck<\/em><\/strong><\/cite><\/blockquote>\n<\/div><\/div>\n\n\n\n<div class=\"wp-block-group main-cta is-layout-flow wp-block-group-is-layout-flow\" style=\"padding-top:10px;padding-right:10px;padding-bottom:10px;padding-left:10px\">\n<hr class=\"wp-block-separator has-text-color has-gray-color has-alpha-channel-opacity has-gray-background-color has-background is-style-wide\"\/>\n\n\n\n<div style=\"height:28px\" aria-hidden=\"true\" class=\"wp-block-spacer\"><\/div>\n\n\n\n<div class=\"wp-block-buttons is-content-justification-center is-layout-flex wp-container-core-buttons-is-layout-16018d1d wp-block-buttons-is-layout-flex\">\n<div class=\"wp-block-button has-custom-width wp-block-button__width-100 has-custom-font-size is-style-fill has-small-font-size\"><a class=\"wp-block-button__link has-green-background-color has-background\" href=\"https:\/\/www.asktraders.com\/de\/go\/native?placement=AT-DE-DE-stocks-NCTA-B1-NA-NA-NA\" style=\"border-radius:5px;padding-top:11px;padding-right:40px;padding-bottom:11px;padding-left:40px\" target=\"_blank\" rel=\"noreferrer noopener\">HIER GEHT&#8217;s Zalando Aktie<\/a><\/div>\n<\/div>\n\n\n\n<p class=\"has-text-align-center\">Ihr Kapital ist in Gefahr<\/p>\n\n\n\n<hr class=\"wp-block-separator has-text-color has-gray-color has-alpha-channel-opacity has-gray-background-color has-background is-style-wide\"\/>\n<\/div>\n\n\n\n<h2 class=\"wp-block-heading\" class=\"wp-block-heading\" id=\"einschaetzung_der_analysten\">Einsch\u00e4tzung der Analysten<\/h2>\n\n\n\n<ul class=\"wp-block-list\"><li>Baader Bank: bel\u00e4sst Einstufung bei &#8222;Add&#8220; und Kursziel: 50 EUR<\/li><li>Goldman Sachs: bel\u00e4sst Einstufung bei &#8222;Buy&#8220;; Kursziel gesenkt: 48 EUR<\/li><li>RBC: bel\u00e4sst Einstufung bei &#8222;Outperform&#8220;; Kursziel gesenkt: 50 EUR<\/li><li>J.P. Morgan: bel\u00e4sst Einstufung bei &#8222;Neutral&#8220; und Kursziel: 39 EUR<\/li><li>Credit Suisse: bel\u00e4sst Einstufung bei &#8222;Outperform&#8220;; Kursziel gesenkt: 43 EUR<\/li><\/ul>\n\n\n\n<p><strong>Die entscheidende Frage lautet: Wird Zalando diese Herausforderungen meistern und gest\u00e4rkt daraus hervorgehen?<\/strong><\/p>\n\n\n\n<figure class=\"wp-block-image size-large is-resized\"><img loading=\"lazy\" decoding=\"async\" src=\"https:\/\/www.asktraders.com\/wp-content\/uploads\/2023\/05\/aktie-zalando-kaufen-793x531.jpg\" alt=\"News Aktie Zalando\" class=\"wp-image-172318\" width=\"793\" height=\"531\" srcset=\"https:\/\/www.asktraders.com\/wp-content\/uploads\/2023\/05\/aktie-zalando-kaufen-793x531.jpg 793w, https:\/\/www.asktraders.com\/wp-content\/uploads\/2023\/05\/aktie-zalando-kaufen-333x223.jpg 333w, https:\/\/www.asktraders.com\/wp-content\/uploads\/2023\/05\/aktie-zalando-kaufen-768x515.jpg 768w, https:\/\/www.asktraders.com\/wp-content\/uploads\/2023\/05\/aktie-zalando-kaufen.jpg 1000w\" sizes=\"auto, (max-width: 793px) 100vw, 793px\" \/><figcaption><em>Die Analysten geben gemischte Empfehlungen f\u00fcr die Zalando Aktie\/ Bilderquelle: zalando.de<\/em><\/figcaption><\/figure>\n\n\n<div class=\"wp-block-notice has-background has-light-green-background-color py-2 px-[30px]\">\n\n    <div>\n        \n\n<h2 class=\"wp-block-heading\"  class=\"wp-block-heading\"  id=\"unsere_einschaetzung\">Unsere Einsch\u00e4tzung<\/h2>\n\n\n\n<ul class=\"wp-block-list\"><li>Seit dem Tief im September 2022 stieg der Aktienkurs bis Februar 2023 um knapp 150 Prozent. <\/li><li>Die Hoffnungen der Anleger waren gro\u00df, dass nach der Flaute im Jahr 2022 Zalando jetzt wieder durchstartet. Doch auch wenn die Quartalsergebnisse auf dem Papier gut waren, waren sie f\u00fcr den Start einer neuen Rallye zu schwach. Auch der Ausblick des Managements konnte nicht \u00fcberzeugen.<\/li><li>Wir sind langfristig nicht \u00fcberzeugt von der Zalando Aktie. Die Nettomargen sind einfach viel zu gering. Zalando verdient zu wenig Geld. Wenn letztlich im besten Fall 2 bis 4 Prozent vom Umsatz als Gewinn \u00fcbrig bleiben, dann ist das nicht \u00fcberzeugend.<\/li><li>Die Rendite f\u00fcr die Eigent\u00fcmer der Aktiengesellschaft (Return on Equity) liegt gerade mal bei mageren 0,76 Prozent. Eine derart geringe <a href=\"https:\/\/www.asktraders.com\/de\/traden-lernen\/ratgeber\/deutsche-bahn-aktie\/\">Rendite <\/a>rechtfertigt nicht das Eingehen von Risiken, zumal es nicht danach aussieht, als ob sich das \u00e4ndern w\u00fcrde.<\/li><li>Das liegt unserer Meinung nach aber nicht an einem schlechten Management, sondern schlicht und ergreifend an der Branche.<\/li><\/ul>\n\n\n    <\/div>\n<\/div>\n\n\n<aside class=\"wp-block-related-posts  \" >\n                    \n\n<h3 class=\"wp-block-heading\" class=\"wp-block-heading\" id=\"leser_interessieren_sich_auch_fuer\">Leser interessieren sich auch f\u00fcr:<\/h3>\n\n\n        <ul class=\"grid grid-cols-1 md:grid-cols-2 gap-4 lg:grid-cols-1\">\n                            <li class=\"w-full p-3 rounded-lg shadow md:w-full\">\n                    <a href=\"https:\/\/www.asktraders.com\/de\/traden-lernen\/trading-ratgeber\/aktien-apps\/\" class=\"flex\">\n                        <img loading=\"lazy\" decoding=\"async\" width=\"150\" height=\"150\" src=\"https:\/\/www.asktraders.com\/wp-content\/uploads\/2018\/05\/beitragsbilder-ratgeber-trading-apps-150x150.jpg\" class=\"w-1\/3 rounded object-cover  wp-post-image\" alt=\"Beitragsbilder Ratgeber Trading-App\" \/>\n                        <div class=\"flex flex-col w-2\/3 pl-3\">\n                                                        <span\n                                class=\"block py-1 grow text-sm font-bold \">Aktien Apps \u2013 die Kurse immer im Blick mit den richtigen Apps<\/span>\n                                                            <span class=\"text-xs uppercase\">\n                                    Analyst Team\n                                <\/span>\n                                                    <\/div>\n                    <\/a>\n                <\/li>\n                            <li class=\"w-full p-3 rounded-lg shadow md:w-full\">\n                    <a href=\"https:\/\/www.asktraders.com\/de\/traden-lernen\/trading-ratgeber\/aktien-order\/\" class=\"flex\">\n                        <img loading=\"lazy\" decoding=\"async\" width=\"150\" height=\"150\" src=\"https:\/\/www.asktraders.com\/wp-content\/uploads\/2018\/05\/beitragsbilder-ratgeber-aktien-2-150x150.png\" class=\"w-1\/3 rounded object-cover  wp-post-image\" alt=\"\" \/>\n                        <div class=\"flex flex-col w-2\/3 pl-3\">\n                                                        <span\n                                class=\"block py-1 grow text-sm font-bold \">Aktien Order: 7 wichtige Tipps rund um den Aktienkauf<\/span>\n                                                            <span class=\"text-xs uppercase\">\n                                    Analyst Team\n                                <\/span>\n                                                    <\/div>\n                    <\/a>\n                <\/li>\n                            <li class=\"w-full p-3 rounded-lg shadow md:w-full\">\n                    <a href=\"https:\/\/www.asktraders.com\/de\/traden-lernen\/aktien\/aktien-online-kaufen\/\" class=\"flex\">\n                        <img loading=\"lazy\" decoding=\"async\" width=\"150\" height=\"150\" src=\"https:\/\/www.asktraders.com\/wp-content\/uploads\/2020\/09\/Aktien-online-kaufen-150x150.jpg\" class=\"w-1\/3 rounded object-cover  wp-post-image\" alt=\"Aktien online kaufen\" \/>\n                        <div class=\"flex flex-col w-2\/3 pl-3\">\n                                                        <span\n                                class=\"block py-1 grow text-sm font-bold \">Aktien Online kaufen: Die besten Tipps zum Handel mit Aktien<\/span>\n                                                            <span class=\"text-xs uppercase\">\n                                    Christian Habeck\n                                <\/span>\n                                                    <\/div>\n                    <\/a>\n                <\/li>\n                    <\/ul>\n            \n    <\/aside>\n\n\n<aside class=\"wp-block-related-posts  \" data-sidebar>\n                    \n\n<h2 class=\"wp-block-heading\"  class=\"wp-block-heading\"  id=\"aktuelle_beitraege\">Aktuelle Beitr\u00e4ge<\/h2>\n\n\n        <ul class=\"grid grid-cols-1 md:grid-cols-2 gap-4 lg:grid-cols-1\">\n                            <li class=\"w-full p-3 rounded-lg shadow md:w-full\">\n                    <a href=\"https:\/\/www.asktraders.com\/de\/finanznachrichten\/evonik-aktien-erreichen-neues-tief-als-e13-durchbrochen-werden\/\" class=\"flex\">\n                        <img loading=\"lazy\" decoding=\"async\" width=\"150\" height=\"150\" src=\"https:\/\/www.asktraders.com\/wp-content\/uploads\/2023\/05\/evonik-aktie-prognose-150x150.jpg\" class=\"w-1\/3 rounded object-cover  wp-post-image\" alt=\"Evonik Aktie\" \/>\n                        <div class=\"flex flex-col w-2\/3 pl-3\">\n                                                        <span\n                                class=\"block py-1 grow text-sm font-bold \">Evonik Aktien erreichen neues Tief, als \u20ac13 durchbrochen werden<\/span>\n                                                            <span class=\"text-xs uppercase\">\n                                    Analyst Team\n                                <\/span>\n                                                    <\/div>\n                    <\/a>\n                <\/li>\n                            <li class=\"w-full p-3 rounded-lg shadow md:w-full\">\n                    <a href=\"https:\/\/www.asktraders.com\/de\/finanznachrichten\/2g-energy-ag-aktie-erholt-sich-von-unterstuetzung-steigerung-von-10\/\" class=\"flex\">\n                        <img loading=\"lazy\" decoding=\"async\" width=\"150\" height=\"150\" src=\"https:\/\/www.asktraders.com\/wp-content\/uploads\/2025\/08\/power-and-energy-150x150.jpg\" class=\"w-1\/3 rounded object-cover  wp-post-image\" alt=\"Uniper UN0\" \/>\n                        <div class=\"flex flex-col w-2\/3 pl-3\">\n                                                        <span\n                                class=\"block py-1 grow text-sm font-bold \">2G Energy AG Aktie erholt sich von Unterst\u00fctzung \u2013 Steigerung von 10%<\/span>\n                                                            <span class=\"text-xs uppercase\">\n                                    Analyst Team\n                                <\/span>\n                                                    <\/div>\n                    <\/a>\n                <\/li>\n                            <li class=\"w-full p-3 rounded-lg shadow md:w-full\">\n                    <a href=\"https:\/\/www.asktraders.com\/de\/finanznachrichten\/mercedes-benz-aktie-goldman-sachs-initiiert-analystendeckung-mit-positiver-einschaetzung\/\" class=\"flex\">\n                        <img loading=\"lazy\" decoding=\"async\" width=\"150\" height=\"150\" src=\"https:\/\/www.asktraders.com\/wp-content\/uploads\/2023\/06\/aktie-mercedes-150x150.jpg\" class=\"w-1\/3 rounded object-cover  wp-post-image\" alt=\"Mercedes Aktie\" \/>\n                        <div class=\"flex flex-col w-2\/3 pl-3\">\n                                                        <span\n                                class=\"block py-1 grow text-sm font-bold \">Mercedes-Benz Aktie: Goldman Sachs initiiert Analystendeckung mit positiver Einsch\u00e4tzung<\/span>\n                                                            <span class=\"text-xs uppercase\">\n                                    Analyst Team\n                                <\/span>\n                                                    <\/div>\n                    <\/a>\n                <\/li>\n                            <li class=\"w-full p-3 rounded-lg shadow md:w-full\">\n                    <a href=\"https:\/\/www.asktraders.com\/de\/finanznachrichten\/dax-aktien-erholen-sich-nach-nvidia-beben-maerkte-atmen-auf\/\" class=\"flex\">\n                        <img loading=\"lazy\" decoding=\"async\" width=\"150\" height=\"150\" src=\"https:\/\/www.asktraders.com\/wp-content\/uploads\/2023\/04\/dax-handeln-150x150.jpg\" class=\"w-1\/3 rounded object-cover  wp-post-image\" alt=\"\" \/>\n                        <div class=\"flex flex-col w-2\/3 pl-3\">\n                                                        <span\n                                class=\"block py-1 grow text-sm font-bold \">DAX-Aktien erholen sich nach Nvidia-Beben: M\u00e4rkte atmen auf<\/span>\n                                                            <span class=\"text-xs uppercase\">\n                                    Analyst Team\n                                <\/span>\n                                                    <\/div>\n                    <\/a>\n                <\/li>\n                            <li class=\"w-full p-3 rounded-lg shadow md:w-full\">\n                    <a href=\"https:\/\/www.asktraders.com\/de\/finanznachrichten\/rheinmetall-aktien-finden-unterstuetzung-bei-1-600-e-wie-geht-es-weiter\/\" class=\"flex\">\n                        <img loading=\"lazy\" decoding=\"async\" width=\"150\" height=\"150\" src=\"https:\/\/www.asktraders.com\/wp-content\/uploads\/2022\/11\/Die-Rheinmetall-Aktie-im-Chart-150x150.jpg\" class=\"w-1\/3 rounded object-cover  wp-post-image\" alt=\"Die Rheinmetall Aktie im Chart\" \/>\n                        <div class=\"flex flex-col w-2\/3 pl-3\">\n                                                        <span\n                                class=\"block py-1 grow text-sm font-bold \">Rheinmetall-Aktien finden Unterst\u00fctzung bei 1.600 \u20ac \u2013 Wie geht es weiter?<\/span>\n                                                            <span class=\"text-xs uppercase\">\n                                    Analyst Team\n                                <\/span>\n                                                    <\/div>\n                    <\/a>\n                <\/li>\n                    <\/ul>\n            \n    <\/aside>\n\n\n<div class=\"wp-block-top5-broker\" data-sidebar>\n        <div>\n        \n\n<h2 class=\"wp-block-heading\"  class=\"wp-block-heading\"  id=\"\"><\/h2>\n\n\n    <\/div>\n            <div class=\"block bg-white rounded-lg shadow\">\n        <ul\n            class=\"flex flex-wrap w-full -mb-px list-none border-b-2 navTabs \">\n                                                                                                        <\/ul>\n                    <div class=\"navTabContent \" id=\"top5-tab1\">\n                <ol class=\"flex\n                flex-wrap\n                \">\n                                    <\/ol>\n                            <\/div>\n                    <div class=\"navTabContent hidden\" id=\"top5-tab2\">\n                <ol class=\"flex\n                flex-wrap\n                \">\n                                    <\/ol>\n                            <\/div>\n                    <div class=\"navTabContent hidden\" id=\"top5-tab3\">\n                <ol class=\"flex\n                flex-wrap\n                \">\n                                    <\/ol>\n                            <\/div>\n        \n    <\/div>\n    <\/div>\n","protected":false},"author":33,"featured_media":172315,"comment_status":"open","ping_status":"closed","template":"","news_cluster":[],"tradingcategory":[58519],"class_list":["post-172270","news","type-news","status-publish","has-post-thumbnail","hentry","tradingcategory-news-de"],"acf":[],"apple_news_notices":[],"yoast_head":"<!-- This site is optimized with the Yoast SEO plugin v27.2 - https:\/\/yoast.com\/product\/yoast-seo-wordpress\/ -->\n<title>Zalando rockt nicht mehr | Aktie im freien Fall<\/title>\n<meta name=\"description\" content=\"Zalando in der Zwickm\u00fchle: Quartalsergebnisse enth\u00fcllen gemischte Bilanz. Verbraucherstimmung und anwachsende Lagerbest\u00e4nde k\u00f6nnten den Online-Modeh\u00e4ndler\" \/>\n<meta name=\"robots\" content=\"index, follow, max-snippet:-1, max-image-preview:large, max-video-preview:-1\" \/>\n<link rel=\"canonical\" href=\"https:\/\/www.asktraders.com\/de\/finanznachrichten\/zalando-rockt-nicht-mehr-quartalsergebnisse-schwaechen-aktie-verbraucherstimmung-wachsende-lager-druecken-auf-die-stimmung\/\" \/>\n<meta property=\"og:locale\" content=\"de_DE\" \/>\n<meta property=\"og:type\" content=\"article\" \/>\n<meta property=\"og:title\" content=\"Zalando rockt nicht mehr | Aktie im freien Fall\" \/>\n<meta property=\"og:description\" content=\"Zalando in der Zwickm\u00fchle: Quartalsergebnisse enth\u00fcllen gemischte Bilanz. Verbraucherstimmung und anwachsende Lagerbest\u00e4nde k\u00f6nnten den Online-Modeh\u00e4ndler\" \/>\n<meta property=\"og:url\" content=\"https:\/\/www.asktraders.com\/de\/finanznachrichten\/zalando-rockt-nicht-mehr-quartalsergebnisse-schwaechen-aktie-verbraucherstimmung-wachsende-lager-druecken-auf-die-stimmung\/\" \/>\n<meta property=\"og:site_name\" content=\"AskTraders.com\" \/>\n<meta property=\"article:publisher\" content=\"https:\/\/www.facebook.com\/asktraderscom\" \/>\n<meta property=\"article:modified_time\" content=\"2023-05-05T10:08:11+00:00\" \/>\n<meta property=\"og:image\" content=\"https:\/\/www.asktraders.com\/wp-content\/uploads\/2023\/05\/Zalando-Aktie.jpg\" \/>\n\t<meta property=\"og:image:width\" content=\"1000\" \/>\n\t<meta property=\"og:image:height\" content=\"427\" \/>\n\t<meta property=\"og:image:type\" content=\"image\/jpeg\" \/>\n<meta name=\"twitter:card\" content=\"summary_large_image\" \/>\n<meta name=\"twitter:site\" content=\"@Asktraders1\" \/>\n<meta name=\"twitter:label1\" content=\"Gesch\u00e4tzte Lesezeit\" \/>\n\t<meta name=\"twitter:data1\" content=\"5 Minuten\" \/>\n<script type=\"application\/ld+json\" class=\"yoast-schema-graph\">{\"@context\":\"https:\/\/schema.org\",\"@graph\":[{\"@type\":\"NewsArticle\",\"@id\":\"https:\/\/www.asktraders.com\/de\/finanznachrichten\/zalando-rockt-nicht-mehr-quartalsergebnisse-schwaechen-aktie-verbraucherstimmung-wachsende-lager-druecken-auf-die-stimmung\/#article\",\"isPartOf\":{\"@id\":\"https:\/\/www.asktraders.com\/de\/finanznachrichten\/zalando-rockt-nicht-mehr-quartalsergebnisse-schwaechen-aktie-verbraucherstimmung-wachsende-lager-druecken-auf-die-stimmung\/\"},\"author\":{\"name\":\"Ruben Wunderlich\",\"@id\":\"https:\/\/www.asktraders.com\/de\/#\/schema\/person\/6e2f89f6a9f3eecbfe9cf3be140769ba\",\"url\":\"https:\/\/www.asktraders.com\/de\/author\/rubenw\/\"},\"headline\":\"Zalando rockt nicht mehr: Quartalsergebnisse schw\u00e4chen Aktie. Verbraucherstimmung &#038; wachsende Lager dr\u00fccken auf die Stimmung\",\"datePublished\":\"2023-05-05T10:07:39+00:00\",\"dateModified\":\"2023-05-05T10:08:11+00:00\",\"mainEntityOfPage\":{\"@id\":\"https:\/\/www.asktraders.com\/de\/finanznachrichten\/zalando-rockt-nicht-mehr-quartalsergebnisse-schwaechen-aktie-verbraucherstimmung-wachsende-lager-druecken-auf-die-stimmung\/\"},\"wordCount\":692,\"commentCount\":0,\"publisher\":{\"@id\":\"https:\/\/www.asktraders.com\/de\/#organization\"},\"image\":{\"@id\":\"https:\/\/www.asktraders.com\/de\/finanznachrichten\/zalando-rockt-nicht-mehr-quartalsergebnisse-schwaechen-aktie-verbraucherstimmung-wachsende-lager-druecken-auf-die-stimmung\/#primaryimage\"},\"thumbnailUrl\":\"https:\/\/www.asktraders.com\/wp-content\/uploads\/2023\/05\/Zalando-Aktie.jpg\",\"inLanguage\":\"de-DE\",\"potentialAction\":[{\"@type\":\"CommentAction\",\"name\":\"Comment\",\"target\":[\"https:\/\/www.asktraders.com\/de\/finanznachrichten\/zalando-rockt-nicht-mehr-quartalsergebnisse-schwaechen-aktie-verbraucherstimmung-wachsende-lager-druecken-auf-die-stimmung\/#respond\"]}]},{\"@type\":\"WebPage\",\"@id\":\"https:\/\/www.asktraders.com\/de\/finanznachrichten\/zalando-rockt-nicht-mehr-quartalsergebnisse-schwaechen-aktie-verbraucherstimmung-wachsende-lager-druecken-auf-die-stimmung\/\",\"url\":\"https:\/\/www.asktraders.com\/de\/finanznachrichten\/zalando-rockt-nicht-mehr-quartalsergebnisse-schwaechen-aktie-verbraucherstimmung-wachsende-lager-druecken-auf-die-stimmung\/\",\"name\":\"Zalando rockt nicht mehr | Aktie im freien Fall\",\"isPartOf\":{\"@id\":\"https:\/\/www.asktraders.com\/de\/#website\"},\"primaryImageOfPage\":{\"@id\":\"https:\/\/www.asktraders.com\/de\/finanznachrichten\/zalando-rockt-nicht-mehr-quartalsergebnisse-schwaechen-aktie-verbraucherstimmung-wachsende-lager-druecken-auf-die-stimmung\/#primaryimage\"},\"image\":{\"@id\":\"https:\/\/www.asktraders.com\/de\/finanznachrichten\/zalando-rockt-nicht-mehr-quartalsergebnisse-schwaechen-aktie-verbraucherstimmung-wachsende-lager-druecken-auf-die-stimmung\/#primaryimage\"},\"thumbnailUrl\":\"https:\/\/www.asktraders.com\/wp-content\/uploads\/2023\/05\/Zalando-Aktie.jpg\",\"datePublished\":\"2023-05-05T10:07:39+00:00\",\"dateModified\":\"2023-05-05T10:08:11+00:00\",\"description\":\"Zalando in der Zwickm\u00fchle: Quartalsergebnisse enth\u00fcllen gemischte Bilanz. Verbraucherstimmung und anwachsende Lagerbest\u00e4nde k\u00f6nnten den Online-Modeh\u00e4ndler\",\"breadcrumb\":{\"@id\":\"https:\/\/www.asktraders.com\/de\/finanznachrichten\/zalando-rockt-nicht-mehr-quartalsergebnisse-schwaechen-aktie-verbraucherstimmung-wachsende-lager-druecken-auf-die-stimmung\/#breadcrumb\"},\"inLanguage\":\"de-DE\",\"potentialAction\":[{\"@type\":\"ReadAction\",\"target\":[\"https:\/\/www.asktraders.com\/de\/finanznachrichten\/zalando-rockt-nicht-mehr-quartalsergebnisse-schwaechen-aktie-verbraucherstimmung-wachsende-lager-druecken-auf-die-stimmung\/\"]}]},{\"@type\":\"ImageObject\",\"inLanguage\":\"de-DE\",\"@id\":\"https:\/\/www.asktraders.com\/de\/finanznachrichten\/zalando-rockt-nicht-mehr-quartalsergebnisse-schwaechen-aktie-verbraucherstimmung-wachsende-lager-druecken-auf-die-stimmung\/#primaryimage\",\"url\":\"https:\/\/www.asktraders.com\/wp-content\/uploads\/2023\/05\/Zalando-Aktie.jpg\",\"contentUrl\":\"https:\/\/www.asktraders.com\/wp-content\/uploads\/2023\/05\/Zalando-Aktie.jpg\",\"width\":1000,\"height\":427,\"caption\":\"zalando Aktien news\"},{\"@type\":\"BreadcrumbList\",\"@id\":\"https:\/\/www.asktraders.com\/de\/finanznachrichten\/zalando-rockt-nicht-mehr-quartalsergebnisse-schwaechen-aktie-verbraucherstimmung-wachsende-lager-druecken-auf-die-stimmung\/#breadcrumb\",\"itemListElement\":[{\"@type\":\"ListItem\",\"position\":1,\"name\":\"Home\",\"item\":\"https:\/\/www.asktraders.com\/de\/\"},{\"@type\":\"ListItem\",\"position\":2,\"name\":\"News\",\"item\":\"https:\/\/www.asktraders.com\/de\/finanznachrichten\/\"},{\"@type\":\"ListItem\",\"position\":3,\"name\":\"Zalando rockt nicht mehr: Quartalsergebnisse schw\u00e4chen Aktie. Verbraucherstimmung &#038; wachsende Lager dr\u00fccken auf die Stimmung\"}]},{\"@type\":\"WebSite\",\"@id\":\"https:\/\/www.asktraders.com\/de\/#website\",\"url\":\"https:\/\/www.asktraders.com\/de\/\",\"name\":\"AskTraders\",\"description\":\"Guiding You To Trading Success\",\"publisher\":{\"@id\":\"https:\/\/www.asktraders.com\/de\/#organization\"},\"inLanguage\":\"de-DE\"},{\"@type\":\"Organization\",\"@id\":\"https:\/\/www.asktraders.com\/de\/#organization\",\"name\":\"AskTraders\",\"url\":\"https:\/\/www.asktraders.com\/de\/\",\"logo\":{\"@type\":\"ImageObject\",\"inLanguage\":\"de-DE\",\"@id\":\"https:\/\/www.asktraders.com\/de\/#\/schema\/logo\/image\/\",\"url\":\"https:\/\/www.asktraders.com\/wp-content\/uploads\/2019\/05\/asktraders-logo-tm-white.png\",\"contentUrl\":\"https:\/\/www.asktraders.com\/wp-content\/uploads\/2019\/05\/asktraders-logo-tm-white.png\",\"width\":232,\"height\":38,\"caption\":\"AskTraders\"},\"image\":{\"@id\":\"https:\/\/www.asktraders.com\/de\/#\/schema\/logo\/image\/\"},\"sameAs\":[\"https:\/\/www.facebook.com\/asktraderscom\",\"https:\/\/x.com\/Asktraders1\"]},{\"@type\":\"Person\",\"@id\":\"https:\/\/www.asktraders.com\/de\/#\/schema\/person\/6e2f89f6a9f3eecbfe9cf3be140769ba\",\"name\":\"Ruben Wunderlich\",\"image\":{\"@type\":\"ImageObject\",\"inLanguage\":\"de-DE\",\"@id\":\"https:\/\/secure.gravatar.com\/avatar\/a169813ebb7fc5db497811c94e0e5111ffd756d2135b8bb267093c55024a2119?s=96&d=mm&r=g\",\"url\":\"https:\/\/secure.gravatar.com\/avatar\/a169813ebb7fc5db497811c94e0e5111ffd756d2135b8bb267093c55024a2119?s=96&d=mm&r=g\",\"contentUrl\":\"https:\/\/secure.gravatar.com\/avatar\/a169813ebb7fc5db497811c94e0e5111ffd756d2135b8bb267093c55024a2119?s=96&d=mm&r=g\",\"caption\":\"Ruben Wunderlich\"}}]}<\/script>\n<!-- \/ Yoast SEO plugin. -->","yoast_head_json":{"title":"Zalando rockt nicht mehr | Aktie im freien Fall","description":"Zalando in der Zwickm\u00fchle: Quartalsergebnisse enth\u00fcllen gemischte Bilanz. Verbraucherstimmung und anwachsende Lagerbest\u00e4nde k\u00f6nnten den Online-Modeh\u00e4ndler","robots":{"index":"index","follow":"follow","max-snippet":"max-snippet:-1","max-image-preview":"max-image-preview:large","max-video-preview":"max-video-preview:-1"},"canonical":"https:\/\/www.asktraders.com\/de\/finanznachrichten\/zalando-rockt-nicht-mehr-quartalsergebnisse-schwaechen-aktie-verbraucherstimmung-wachsende-lager-druecken-auf-die-stimmung\/","og_locale":"de_DE","og_type":"article","og_title":"Zalando rockt nicht mehr | Aktie im freien Fall","og_description":"Zalando in der Zwickm\u00fchle: Quartalsergebnisse enth\u00fcllen gemischte Bilanz. Verbraucherstimmung und anwachsende Lagerbest\u00e4nde k\u00f6nnten den Online-Modeh\u00e4ndler","og_url":"https:\/\/www.asktraders.com\/de\/finanznachrichten\/zalando-rockt-nicht-mehr-quartalsergebnisse-schwaechen-aktie-verbraucherstimmung-wachsende-lager-druecken-auf-die-stimmung\/","og_site_name":"AskTraders.com","article_publisher":"https:\/\/www.facebook.com\/asktraderscom","article_modified_time":"2023-05-05T10:08:11+00:00","og_image":[{"width":1000,"height":427,"url":"https:\/\/www.asktraders.com\/wp-content\/uploads\/2023\/05\/Zalando-Aktie.jpg","type":"image\/jpeg"}],"twitter_card":"summary_large_image","twitter_site":"@Asktraders1","twitter_misc":{"Gesch\u00e4tzte Lesezeit":"5 Minuten"},"schema":{"@context":"https:\/\/schema.org","@graph":[{"@type":"NewsArticle","@id":"https:\/\/www.asktraders.com\/de\/finanznachrichten\/zalando-rockt-nicht-mehr-quartalsergebnisse-schwaechen-aktie-verbraucherstimmung-wachsende-lager-druecken-auf-die-stimmung\/#article","isPartOf":{"@id":"https:\/\/www.asktraders.com\/de\/finanznachrichten\/zalando-rockt-nicht-mehr-quartalsergebnisse-schwaechen-aktie-verbraucherstimmung-wachsende-lager-druecken-auf-die-stimmung\/"},"author":{"name":"Ruben Wunderlich","@id":"https:\/\/www.asktraders.com\/de\/#\/schema\/person\/6e2f89f6a9f3eecbfe9cf3be140769ba","url":"https:\/\/www.asktraders.com\/de\/author\/rubenw\/"},"headline":"Zalando rockt nicht mehr: Quartalsergebnisse schw\u00e4chen Aktie. Verbraucherstimmung &#038; wachsende Lager dr\u00fccken auf die Stimmung","datePublished":"2023-05-05T10:07:39+00:00","dateModified":"2023-05-05T10:08:11+00:00","mainEntityOfPage":{"@id":"https:\/\/www.asktraders.com\/de\/finanznachrichten\/zalando-rockt-nicht-mehr-quartalsergebnisse-schwaechen-aktie-verbraucherstimmung-wachsende-lager-druecken-auf-die-stimmung\/"},"wordCount":692,"commentCount":0,"publisher":{"@id":"https:\/\/www.asktraders.com\/de\/#organization"},"image":{"@id":"https:\/\/www.asktraders.com\/de\/finanznachrichten\/zalando-rockt-nicht-mehr-quartalsergebnisse-schwaechen-aktie-verbraucherstimmung-wachsende-lager-druecken-auf-die-stimmung\/#primaryimage"},"thumbnailUrl":"https:\/\/www.asktraders.com\/wp-content\/uploads\/2023\/05\/Zalando-Aktie.jpg","inLanguage":"de-DE","potentialAction":[{"@type":"CommentAction","name":"Comment","target":["https:\/\/www.asktraders.com\/de\/finanznachrichten\/zalando-rockt-nicht-mehr-quartalsergebnisse-schwaechen-aktie-verbraucherstimmung-wachsende-lager-druecken-auf-die-stimmung\/#respond"]}]},{"@type":"WebPage","@id":"https:\/\/www.asktraders.com\/de\/finanznachrichten\/zalando-rockt-nicht-mehr-quartalsergebnisse-schwaechen-aktie-verbraucherstimmung-wachsende-lager-druecken-auf-die-stimmung\/","url":"https:\/\/www.asktraders.com\/de\/finanznachrichten\/zalando-rockt-nicht-mehr-quartalsergebnisse-schwaechen-aktie-verbraucherstimmung-wachsende-lager-druecken-auf-die-stimmung\/","name":"Zalando rockt nicht mehr | Aktie im freien Fall","isPartOf":{"@id":"https:\/\/www.asktraders.com\/de\/#website"},"primaryImageOfPage":{"@id":"https:\/\/www.asktraders.com\/de\/finanznachrichten\/zalando-rockt-nicht-mehr-quartalsergebnisse-schwaechen-aktie-verbraucherstimmung-wachsende-lager-druecken-auf-die-stimmung\/#primaryimage"},"image":{"@id":"https:\/\/www.asktraders.com\/de\/finanznachrichten\/zalando-rockt-nicht-mehr-quartalsergebnisse-schwaechen-aktie-verbraucherstimmung-wachsende-lager-druecken-auf-die-stimmung\/#primaryimage"},"thumbnailUrl":"https:\/\/www.asktraders.com\/wp-content\/uploads\/2023\/05\/Zalando-Aktie.jpg","datePublished":"2023-05-05T10:07:39+00:00","dateModified":"2023-05-05T10:08:11+00:00","description":"Zalando in der Zwickm\u00fchle: Quartalsergebnisse enth\u00fcllen gemischte Bilanz. Verbraucherstimmung und anwachsende Lagerbest\u00e4nde k\u00f6nnten den Online-Modeh\u00e4ndler","breadcrumb":{"@id":"https:\/\/www.asktraders.com\/de\/finanznachrichten\/zalando-rockt-nicht-mehr-quartalsergebnisse-schwaechen-aktie-verbraucherstimmung-wachsende-lager-druecken-auf-die-stimmung\/#breadcrumb"},"inLanguage":"de-DE","potentialAction":[{"@type":"ReadAction","target":["https:\/\/www.asktraders.com\/de\/finanznachrichten\/zalando-rockt-nicht-mehr-quartalsergebnisse-schwaechen-aktie-verbraucherstimmung-wachsende-lager-druecken-auf-die-stimmung\/"]}]},{"@type":"ImageObject","inLanguage":"de-DE","@id":"https:\/\/www.asktraders.com\/de\/finanznachrichten\/zalando-rockt-nicht-mehr-quartalsergebnisse-schwaechen-aktie-verbraucherstimmung-wachsende-lager-druecken-auf-die-stimmung\/#primaryimage","url":"https:\/\/www.asktraders.com\/wp-content\/uploads\/2023\/05\/Zalando-Aktie.jpg","contentUrl":"https:\/\/www.asktraders.com\/wp-content\/uploads\/2023\/05\/Zalando-Aktie.jpg","width":1000,"height":427,"caption":"zalando Aktien news"},{"@type":"BreadcrumbList","@id":"https:\/\/www.asktraders.com\/de\/finanznachrichten\/zalando-rockt-nicht-mehr-quartalsergebnisse-schwaechen-aktie-verbraucherstimmung-wachsende-lager-druecken-auf-die-stimmung\/#breadcrumb","itemListElement":[{"@type":"ListItem","position":1,"name":"Home","item":"https:\/\/www.asktraders.com\/de\/"},{"@type":"ListItem","position":2,"name":"News","item":"https:\/\/www.asktraders.com\/de\/finanznachrichten\/"},{"@type":"ListItem","position":3,"name":"Zalando rockt nicht mehr: Quartalsergebnisse schw\u00e4chen Aktie. Verbraucherstimmung &#038; wachsende Lager dr\u00fccken auf die Stimmung"}]},{"@type":"WebSite","@id":"https:\/\/www.asktraders.com\/de\/#website","url":"https:\/\/www.asktraders.com\/de\/","name":"AskTraders","description":"Guiding You To Trading Success","publisher":{"@id":"https:\/\/www.asktraders.com\/de\/#organization"},"inLanguage":"de-DE"},{"@type":"Organization","@id":"https:\/\/www.asktraders.com\/de\/#organization","name":"AskTraders","url":"https:\/\/www.asktraders.com\/de\/","logo":{"@type":"ImageObject","inLanguage":"de-DE","@id":"https:\/\/www.asktraders.com\/de\/#\/schema\/logo\/image\/","url":"https:\/\/www.asktraders.com\/wp-content\/uploads\/2019\/05\/asktraders-logo-tm-white.png","contentUrl":"https:\/\/www.asktraders.com\/wp-content\/uploads\/2019\/05\/asktraders-logo-tm-white.png","width":232,"height":38,"caption":"AskTraders"},"image":{"@id":"https:\/\/www.asktraders.com\/de\/#\/schema\/logo\/image\/"},"sameAs":["https:\/\/www.facebook.com\/asktraderscom","https:\/\/x.com\/Asktraders1"]},{"@type":"Person","@id":"https:\/\/www.asktraders.com\/de\/#\/schema\/person\/6e2f89f6a9f3eecbfe9cf3be140769ba","name":"Ruben Wunderlich","image":{"@type":"ImageObject","inLanguage":"de-DE","@id":"https:\/\/secure.gravatar.com\/avatar\/a169813ebb7fc5db497811c94e0e5111ffd756d2135b8bb267093c55024a2119?s=96&d=mm&r=g","url":"https:\/\/secure.gravatar.com\/avatar\/a169813ebb7fc5db497811c94e0e5111ffd756d2135b8bb267093c55024a2119?s=96&d=mm&r=g","contentUrl":"https:\/\/secure.gravatar.com\/avatar\/a169813ebb7fc5db497811c94e0e5111ffd756d2135b8bb267093c55024a2119?s=96&d=mm&r=g","caption":"Ruben Wunderlich"}}]}},"_links":{"self":[{"href":"https:\/\/www.asktraders.com\/de\/wp-json\/wp\/v2\/news\/172270","targetHints":{"allow":["GET"]}}],"collection":[{"href":"https:\/\/www.asktraders.com\/de\/wp-json\/wp\/v2\/news"}],"about":[{"href":"https:\/\/www.asktraders.com\/de\/wp-json\/wp\/v2\/types\/news"}],"author":[{"embeddable":true,"href":"https:\/\/www.asktraders.com\/de\/wp-json\/wp\/v2\/users\/33"}],"replies":[{"embeddable":true,"href":"https:\/\/www.asktraders.com\/de\/wp-json\/wp\/v2\/comments?post=172270"}],"version-history":[{"count":0,"href":"https:\/\/www.asktraders.com\/de\/wp-json\/wp\/v2\/news\/172270\/revisions"}],"wp:featuredmedia":[{"embeddable":true,"href":"https:\/\/www.asktraders.com\/de\/wp-json\/wp\/v2\/media\/172315"}],"wp:attachment":[{"href":"https:\/\/www.asktraders.com\/de\/wp-json\/wp\/v2\/media?parent=172270"}],"wp:term":[{"taxonomy":"news_cluster","embeddable":true,"href":"https:\/\/www.asktraders.com\/de\/wp-json\/wp\/v2\/news_cluster?post=172270"},{"taxonomy":"tradingcategory","embeddable":true,"href":"https:\/\/www.asktraders.com\/de\/wp-json\/wp\/v2\/tradingcategory?post=172270"}],"curies":[{"name":"wp","href":"https:\/\/api.w.org\/{rel}","templated":true}]}}