{"id":172406,"date":"2023-05-09T13:09:20","date_gmt":"2023-05-09T12:09:20","guid":{"rendered":"https:\/\/www.asktraders.com\/?post_type=news&#038;p=172406"},"modified":"2023-05-09T13:33:53","modified_gmt":"2023-05-09T12:33:53","slug":"duerr-aktie-news-rekordumsaetze-q1-2023-zahlen-absolut-im-rahmen-der-erwartungen","status":"publish","type":"news","link":"https:\/\/www.asktraders.com\/de\/finanznachrichten\/duerr-aktie-news-rekordumsaetze-q1-2023-zahlen-absolut-im-rahmen-der-erwartungen\/","title":{"rendered":"D\u00fcrr Aktie News: Rekordums\u00e4tze. Q1 2023 Zahlen absolut im Rahmen der Erwartungen"},"content":{"rendered":"\n<p><strong>Der Maschinen- und Anlagenbauer D\u00fcrr ist gut ins neue Jahr gestartet. Der Konzern gab die Zahlen zum abgelaufenen ersten Quartal 2023 heraus. Die Ergebnisse waren von Licht und Schatten gepr\u00e4gt.<\/strong><\/p>\n\n\n\n<div class=\"wp-block-group main-cta is-layout-flow wp-block-group-is-layout-flow\" style=\"padding-top:10px;padding-right:10px;padding-bottom:10px;padding-left:10px\">\n<hr class=\"wp-block-separator has-text-color has-gray-color has-alpha-channel-opacity has-gray-background-color has-background is-style-wide\"\/>\n\n\n\n<div style=\"height:28px\" aria-hidden=\"true\" class=\"wp-block-spacer\"><\/div>\n\n\n\n<div class=\"wp-block-buttons is-content-justification-center is-layout-flex wp-container-core-buttons-is-layout-16018d1d wp-block-buttons-is-layout-flex\">\n<div class=\"wp-block-button has-custom-width wp-block-button__width-100 has-custom-font-size is-style-fill has-small-font-size\"><a class=\"wp-block-button__link has-green-background-color has-background\" href=\"https:\/\/www.asktraders.com\/de\/go\/native?placement=AT-DE-DE-stocks-NCTA-B1-NA-NA-NA\" style=\"border-radius:5px;padding-top:11px;padding-right:40px;padding-bottom:11px;padding-left:40px\" target=\"_blank\" rel=\"noreferrer noopener\">HIER GEHT&#8217;s zur d\u00fcrr Aktie<\/a><\/div>\n<\/div>\n\n\n\n<p class=\"has-text-align-center\">Ihr Kapital ist in Gefahr<\/p>\n\n\n\n<hr class=\"wp-block-separator has-text-color has-gray-color has-alpha-channel-opacity has-gray-background-color has-background is-style-wide\"\/>\n<\/div>\n\n\n<figure class=\"aligncenter wp-block-post-featured-image\"><img loading=\"lazy\" decoding=\"async\" width=\"1000\" height=\"332\" src=\"https:\/\/www.asktraders.com\/wp-content\/uploads\/2023\/05\/Duerr-Aktie-News.jpg\" class=\"attachment-post-thumbnail size-post-thumbnail wp-post-image\" alt=\"D\u00fcrr Aktie News\" style=\"object-fit:cover;\" srcset=\"https:\/\/www.asktraders.com\/wp-content\/uploads\/2023\/05\/Duerr-Aktie-News.jpg 1000w, https:\/\/www.asktraders.com\/wp-content\/uploads\/2023\/05\/Duerr-Aktie-News-333x111.jpg 333w, https:\/\/www.asktraders.com\/wp-content\/uploads\/2023\/05\/Duerr-Aktie-News-793x263.jpg 793w, https:\/\/www.asktraders.com\/wp-content\/uploads\/2023\/05\/Duerr-Aktie-News-768x255.jpg 768w\" sizes=\"auto, (max-width: 1000px) 100vw, 1000px\" \/><\/figure>\n\n\n<p class=\"has-text-align-center\"><em>Die D\u00fcrr Aktie liefert gemischte Quartalszahlen\/ Bilderquelle: d\u00fcrr.com<\/em><\/p>\n\n\n<div class=\"wp-block-notice has-background has-light-green-background-color py-2 px-[30px]\">\n\n    <div>\n        \n\n<h3 class=\"wp-block-heading\"  class=\"wp-block-heading\"  id=\"auf_den_punkt_gebracht\">Auf den Punkt gebracht <\/h3>\n\n\n\n<ul class=\"wp-block-list\"><li>1,5 Mrd. EUR Rekordauftragseingang im ersten Quartal 2023<\/li><li>12 % Umsatzplus<\/li><li>EBIT aber um 14 % gesunken <\/li><li>Bruttomarge von 23,6 auf 22,8 gesunken<\/li><\/ul>\n\n\n    <\/div>\n<\/div>\n\n\n\n<p>Die im MDAX vertretene D\u00fcrr Aktie muss heute einige Abschl\u00e4ge in Kauf nehmen. Diese liegen jedoch absolut im Rahmen einer normalen <a href=\"https:\/\/www.asktraders.com\/de\/traden-lernen\/trading-terminologie\/volatilitaet\/\">Volatilit\u00e4t<\/a>.<\/p>\n\n\n\n<figure class=\"wp-block-image aligncenter size-full\"><img loading=\"lazy\" decoding=\"async\" width=\"718\" height=\"471\" src=\"https:\/\/www.asktraders.com\/wp-content\/uploads\/2023\/05\/duerr-aktie-prognose.jpg\" alt=\"aktie d\u00fcrr news\" class=\"wp-image-172461\" srcset=\"https:\/\/www.asktraders.com\/wp-content\/uploads\/2023\/05\/duerr-aktie-prognose.jpg 718w, https:\/\/www.asktraders.com\/wp-content\/uploads\/2023\/05\/duerr-aktie-prognose-333x218.jpg 333w\" sizes=\"auto, (max-width: 718px) 100vw, 718px\" \/><figcaption><em>D\u00fcrr  kann von vollen Auftragsb\u00fcchern profitieren\/ Bilderquelle: d\u00fcrr.com<\/em><\/figcaption><\/figure>\n\n\n\n<h2 class=\"wp-block-heading\" class=\"wp-block-heading\" id=\"was_ist_mit_der_duerr_aktie_los\">Was ist mit der D\u00fcrr Aktie los?<\/h2>\n\n\n\n<p><strong>Das deutsche Unternehmen konnte im ersten Quartal zwar einen Rekord-Auftragseingang verbuchen. Es muss jedoch gleichzeitig eine geringere Marge und einen gesunkenen Gewinn hinnehmen. <\/strong><\/p>\n\n\n\n<p>Von Januar bis M\u00e4rz erreichte der Auftragseingang mit einem Anstieg von 4,6 Prozent ein neues Rekordhoch von fast 1,5 Milliarden Euro.<\/p>\n\n\n\n<p><strong>Allerdings schrumpfte die Umsatzrendite von 4,9 auf indessen 4,1 Prozent (bereinigte EBIT-Marge).<\/strong><\/p>\n\n\n\n<p>D\u00fcrr nannte saisonale Effekte und h\u00f6here Ausgaben f\u00fcr Personal sowie Forschung und Entwicklung als Ursachen f\u00fcr diese Entwicklung.<\/p>\n\n\n\n<p>Der Umsatz stieg um zw\u00f6lf Prozent auf rund eine Milliarde Euro. Angetrieben war dieser durch die hohe Nachfrage nach Produktionstechnik f\u00fcr Elektroautos und Maschinen f\u00fcr M\u00f6belhersteller. <\/p>\n\n\n\n<p>F\u00fcr das Gesamtjahr erwartet D\u00fcrr-Chef Jochen Weyrauch eine Ebit-Marge von sechs bis sieben Prozent, unterst\u00fctzt durch ein wachsendes Service-Gesch\u00e4ft und die Abwicklung gewinntr\u00e4chtiger Projekte.<\/p>\n\n\n\n<div class=\"wp-block-media-text alignwide has-media-on-the-right is-stacked-on-mobile\" style=\"grid-template-columns:auto 27%\"><figure class=\"wp-block-media-text__media\"><img loading=\"lazy\" decoding=\"async\" width=\"229\" height=\"242\" src=\"https:\/\/www.asktraders.com\/wp-content\/uploads\/2023\/05\/duerr-aktie-dividende.jpg\" alt=\"d\u00fcrr aktie aktuell\" class=\"wp-image-172459 size-full\"\/><\/figure><div class=\"wp-block-media-text__content\">\n<blockquote class=\"wp-block-quote has-light-green-background-color has-background has-medium-font-size is-layout-flow wp-block-quote-is-layout-flow\"><p><em>&#8222;Im ersten Quartal 2023 war das Ergebnis von saisonalen Effekten gepr\u00e4gt. Im weiteren Jahresverlauf erwarten wir eine deutliche Margenausweitung durch Skaleneffekte, einen h\u00f6heren Service-Anteil und die vermehrte Abwicklung margenstarker Projekte. Zudem d\u00fcrfte sich die Lieferkettensituation weiter entspannen.&#8220;<\/em><\/p><cite><strong><em>Dr. Jochen Weyrauch, Vorstandsvorsitzender der D\u00fcrr AG<\/em><\/strong><\/cite><\/blockquote>\n<\/div><\/div>\n\n\n\n<h2 class=\"wp-block-heading\" class=\"wp-block-heading\" id=\"einschaetzung_der_analysten\">Einsch\u00e4tzung der Analysten<\/h2>\n\n\n\n<ul class=\"wp-block-list\"><li>ODDO BHF: h\u00e4lt Einsch\u00e4tzung bei &#8222;Kaufen&#8220;; Kursziel: 40 EUR <\/li><li>Baader Bank: bel\u00e4sst Einstufung bei &#8222;Buy&#8220;; Kursziel: 40 EUR<\/li><li>Kepler Cheuvreux: h\u00e4lt Einsch\u00e4tzung bei &#8222;Kaufen&#8220;; Kursziel: 42 EUR <\/li><li>UBS: h\u00e4lt Einsch\u00e4tzung bei &#8222;Halten&#8220;; Kursziel: 33 EUR <\/li><\/ul>\n\n\n\n<p>Die Analysten belassen weitestgehend ihre Einsch\u00e4tzungen bei. Das betrifft sowohl die Einstufungen als auch die Kursziele.<\/p>\n\n\n\n<p>Trotz des erfreulichen Rekord-Auftragseingangs zeigt das erste Quartal auch Herausforderungen auf.<\/p>\n\n\n\n<p>Prim\u00e4r die gesunkene Marge und den leicht r\u00fcckl\u00e4ufigen Gewinn wollen wir an dieser Stelle erw\u00e4hnen.<\/p>\n\n\n\n<p>Dennoch bleibt D\u00fcrr zuversichtlich und strebt im Gesamtjahr einen Umsatz von 4,5 bis 4,8 Milliarden Euro an.<\/p>\n\n\n\n<figure class=\"wp-block-image aligncenter size-large\"><img loading=\"lazy\" decoding=\"async\" width=\"793\" height=\"392\" src=\"https:\/\/www.asktraders.com\/wp-content\/uploads\/2023\/05\/duerr-aktie-aktuell-793x392.jpg\" alt=\"d\u00fcrr aktie prognose\" class=\"wp-image-172460\" srcset=\"https:\/\/www.asktraders.com\/wp-content\/uploads\/2023\/05\/duerr-aktie-aktuell-793x392.jpg 793w, https:\/\/www.asktraders.com\/wp-content\/uploads\/2023\/05\/duerr-aktie-aktuell-333x165.jpg 333w, https:\/\/www.asktraders.com\/wp-content\/uploads\/2023\/05\/duerr-aktie-aktuell-768x379.jpg 768w, https:\/\/www.asktraders.com\/wp-content\/uploads\/2023\/05\/duerr-aktie-aktuell.jpg 1000w\" sizes=\"auto, (max-width: 793px) 100vw, 793px\" \/><figcaption><em>Das Unternehmen D\u00fcrr kann Rekorde bei den Auftragseing\u00e4ngen vorweisen\/ Bilderquelle: d\u00fcrr.com<\/em><\/figcaption><\/figure>\n\n\n<div class=\"wp-block-notice has-background has-light-green-background-color py-2 px-[30px]\">\n\n    <div>\n        \n\n<h2 class=\"wp-block-heading\"  class=\"wp-block-heading\"  id=\"unsere_einschaetzung\">Unsere Einsch\u00e4tzung<\/h2>\n\n\n\n<ul class=\"wp-block-list\"><li>Es gibt Licht und Schatten bei den vorgelegten Zahlen. Erfreulich ist der Rekord-Auftragseingang. Der stammt jedoch vorwiegend aus margenschw\u00e4cheren Sektoren.<\/li><li>Die bereinigte EBIT-Marge lag in Q1 2023 bei 4,1 Prozent. CEO Weyrauch sieht diese im Verlauf des Jahres allerdings wieder bei 6 bis 7 Prozent.<\/li><li>Wenn diese Marge auf Dauer gehalten und gesteigert werden k\u00f6nnte, w\u00e4re das stark. In den vergangenen Jahren lag die EBIT-Marge eher bei 5 Prozent. <\/li><li>Von 2012 bis 2017 lag die Marge sogar bei 8 bis 9 Prozent. In diesen Jahren konnte die D\u00fcrr Aktie einige ihrer bisherigen H\u00f6chstst\u00e4nde erreichen.<\/li><li>Unsere Meinung: Im Augenblick dr\u00e4ngt sich kein <a href=\"https:\/\/www.asktraders.com\/de\/traden-lernen\/aktien\/strategien\/\">Einstieg in die Aktie <\/a>auf. Wie viele andere Aktien auch ist der Kurs seit Herbst 2022 stark angestiegen. Der maximale Anstieg betrug \u00fcber 85 Prozent. Eine Konsolidierung oder Korrektur w\u00e4re daher absolut normal.<\/li><\/ul>\n\n\n    <\/div>\n<\/div>\n\n\n\n<div class=\"wp-block-group main-cta is-layout-flow wp-block-group-is-layout-flow\" style=\"padding-top:10px;padding-right:10px;padding-bottom:10px;padding-left:10px\">\n<hr class=\"wp-block-separator has-text-color has-gray-color has-alpha-channel-opacity has-gray-background-color has-background is-style-wide\"\/>\n\n\n\n<div style=\"height:28px\" aria-hidden=\"true\" class=\"wp-block-spacer\"><\/div>\n\n\n\n<div class=\"wp-block-buttons is-content-justification-center is-layout-flex wp-container-core-buttons-is-layout-16018d1d wp-block-buttons-is-layout-flex\">\n<div class=\"wp-block-button has-custom-width wp-block-button__width-100 has-custom-font-size is-style-fill has-small-font-size\"><a class=\"wp-block-button__link has-green-background-color has-background\" href=\"https:\/\/www.asktraders.com\/de\/go\/native?placement=AT-DE-DE-stocks-NCTA-B1-NA-NA-NA\" style=\"border-radius:5px;padding-top:11px;padding-right:40px;padding-bottom:11px;padding-left:40px\" target=\"_blank\" rel=\"noreferrer noopener\">HIER GEHT&#8217;s zur d\u00fcrr Aktie<\/a><\/div>\n<\/div>\n\n\n\n<p class=\"has-text-align-center\">Ihr Kapital ist in Gefahr<\/p>\n\n\n\n<hr class=\"wp-block-separator has-text-color has-gray-color has-alpha-channel-opacity has-gray-background-color has-background is-style-wide\"\/>\n<\/div>\n\n\n<aside class=\"wp-block-related-posts  \" >\n                    \n\n<h3 class=\"wp-block-heading\" class=\"wp-block-heading\" id=\"leser_interessieren_sich_auch_fuer\">Leser interessieren sich auch f\u00fcr:<\/h3>\n\n\n        <ul class=\"grid grid-cols-1 md:grid-cols-2 gap-4 lg:grid-cols-1\">\n                            <li class=\"w-full p-3 rounded-lg shadow md:w-full\">\n                    <a href=\"https:\/\/www.asktraders.com\/de\/traden-lernen\/technische-analyse\/chart-technische-analyse\/\" class=\"flex\">\n                        <img loading=\"lazy\" decoding=\"async\" width=\"150\" height=\"150\" src=\"https:\/\/www.asktraders.com\/wp-content\/uploads\/2019\/10\/shutterstock_599600603-150x150.jpg\" class=\"w-1\/3 rounded object-cover  wp-post-image\" alt=\"CFD-Brokers\" srcset=\"https:\/\/www.asktraders.com\/wp-content\/uploads\/2019\/10\/shutterstock_599600603-150x150.jpg 150w, https:\/\/www.asktraders.com\/wp-content\/uploads\/2019\/10\/shutterstock_599600603-100x100.jpg 100w, https:\/\/www.asktraders.com\/wp-content\/uploads\/2019\/10\/shutterstock_599600603-64x64.jpg 64w, https:\/\/www.asktraders.com\/wp-content\/uploads\/2019\/10\/shutterstock_599600603-26x26.jpg 26w\" sizes=\"auto, (max-width: 150px) 100vw, 150px\" \/>\n                        <div class=\"flex flex-col w-2\/3 pl-3\">\n                                                        <span\n                                class=\"block py-1 grow text-sm font-bold \">(Chart-) technische Analyse<\/span>\n                                                            <span class=\"text-xs uppercase\">\n                                    Analyst Team\n                                <\/span>\n                                                    <\/div>\n                    <\/a>\n                <\/li>\n                            <li class=\"w-full p-3 rounded-lg shadow md:w-full\">\n                    <a href=\"https:\/\/www.asktraders.com\/de\/traden-lernen\/trading-ratgeber\/tipps-um-beim-trading-den-fokus-zu-bewahren\/\" class=\"flex\">\n                        <img loading=\"lazy\" decoding=\"async\" width=\"150\" height=\"150\" src=\"https:\/\/www.asktraders.com\/wp-content\/uploads\/2018\/05\/beitragsbilder-vergleich-uk-stocks-150x150-1.jpg\" class=\"w-1\/3 rounded object-cover  wp-post-image\" alt=\"Trading\" \/>\n                        <div class=\"flex flex-col w-2\/3 pl-3\">\n                                                        <span\n                                class=\"block py-1 grow text-sm font-bold \">7 Tipps, um beim Trading den Fokus zu bewahren<\/span>\n                                                            <span class=\"text-xs uppercase\">\n                                    Analyst Team\n                                <\/span>\n                                                    <\/div>\n                    <\/a>\n                <\/li>\n                            <li class=\"w-full p-3 rounded-lg shadow md:w-full\">\n                    <a href=\"https:\/\/www.asktraders.com\/de\/traden-lernen\/trading-ratgeber\/aktien-apps\/\" class=\"flex\">\n                        <img loading=\"lazy\" decoding=\"async\" width=\"150\" height=\"150\" src=\"https:\/\/www.asktraders.com\/wp-content\/uploads\/2018\/05\/beitragsbilder-ratgeber-trading-apps-150x150.jpg\" class=\"w-1\/3 rounded object-cover  wp-post-image\" alt=\"Beitragsbilder Ratgeber Trading-App\" \/>\n                        <div class=\"flex flex-col w-2\/3 pl-3\">\n                                                        <span\n                                class=\"block py-1 grow text-sm font-bold \">Aktien Apps \u2013 die Kurse immer im Blick mit den richtigen Apps<\/span>\n                                                            <span class=\"text-xs uppercase\">\n                                    Analyst Team\n                                <\/span>\n                                                    <\/div>\n                    <\/a>\n                <\/li>\n                    <\/ul>\n            \n    <\/aside>\n\n\n<aside class=\"wp-block-related-posts  \" data-sidebar>\n                    \n\n<h2 class=\"wp-block-heading\"  class=\"wp-block-heading\"  id=\"aktuelle_beitraege\">Aktuelle Beitr\u00e4ge<\/h2>\n\n\n        <ul class=\"grid grid-cols-1 md:grid-cols-2 gap-4 lg:grid-cols-1\">\n                            <li class=\"w-full p-3 rounded-lg shadow md:w-full\">\n                    <a href=\"https:\/\/www.asktraders.com\/de\/finanznachrichten\/evonik-aktien-erreichen-neues-tief-als-e13-durchbrochen-werden\/\" class=\"flex\">\n                        <img loading=\"lazy\" decoding=\"async\" width=\"150\" height=\"150\" src=\"https:\/\/www.asktraders.com\/wp-content\/uploads\/2023\/05\/evonik-aktie-prognose-150x150.jpg\" class=\"w-1\/3 rounded object-cover  wp-post-image\" alt=\"Evonik Aktie\" \/>\n                        <div class=\"flex flex-col w-2\/3 pl-3\">\n                                                        <span\n                                class=\"block py-1 grow text-sm font-bold \">Evonik Aktien erreichen neues Tief, als \u20ac13 durchbrochen werden<\/span>\n                                                            <span class=\"text-xs uppercase\">\n                                    Analyst Team\n                                <\/span>\n                                                    <\/div>\n                    <\/a>\n                <\/li>\n                            <li class=\"w-full p-3 rounded-lg shadow md:w-full\">\n                    <a href=\"https:\/\/www.asktraders.com\/de\/finanznachrichten\/2g-energy-ag-aktie-erholt-sich-von-unterstuetzung-steigerung-von-10\/\" class=\"flex\">\n                        <img loading=\"lazy\" decoding=\"async\" width=\"150\" height=\"150\" src=\"https:\/\/www.asktraders.com\/wp-content\/uploads\/2025\/08\/power-and-energy-150x150.jpg\" class=\"w-1\/3 rounded object-cover  wp-post-image\" alt=\"Uniper UN0\" \/>\n                        <div class=\"flex flex-col w-2\/3 pl-3\">\n                                                        <span\n                                class=\"block py-1 grow text-sm font-bold \">2G Energy AG Aktie erholt sich von Unterst\u00fctzung \u2013 Steigerung von 10%<\/span>\n                                                            <span class=\"text-xs uppercase\">\n                                    Analyst Team\n                                <\/span>\n                                                    <\/div>\n                    <\/a>\n                <\/li>\n                            <li class=\"w-full p-3 rounded-lg shadow md:w-full\">\n                    <a href=\"https:\/\/www.asktraders.com\/de\/finanznachrichten\/mercedes-benz-aktie-goldman-sachs-initiiert-analystendeckung-mit-positiver-einschaetzung\/\" class=\"flex\">\n                        <img loading=\"lazy\" decoding=\"async\" width=\"150\" height=\"150\" src=\"https:\/\/www.asktraders.com\/wp-content\/uploads\/2023\/06\/aktie-mercedes-150x150.jpg\" class=\"w-1\/3 rounded object-cover  wp-post-image\" alt=\"Mercedes Aktie\" \/>\n                        <div class=\"flex flex-col w-2\/3 pl-3\">\n                                                        <span\n                                class=\"block py-1 grow text-sm font-bold \">Mercedes-Benz Aktie: Goldman Sachs initiiert Analystendeckung mit positiver Einsch\u00e4tzung<\/span>\n                                                            <span class=\"text-xs uppercase\">\n                                    Analyst Team\n                                <\/span>\n                                                    <\/div>\n                    <\/a>\n                <\/li>\n                            <li class=\"w-full p-3 rounded-lg shadow md:w-full\">\n                    <a href=\"https:\/\/www.asktraders.com\/de\/finanznachrichten\/dax-aktien-erholen-sich-nach-nvidia-beben-maerkte-atmen-auf\/\" class=\"flex\">\n                        <img loading=\"lazy\" decoding=\"async\" width=\"150\" height=\"150\" src=\"https:\/\/www.asktraders.com\/wp-content\/uploads\/2023\/04\/dax-handeln-150x150.jpg\" class=\"w-1\/3 rounded object-cover  wp-post-image\" alt=\"\" \/>\n                        <div class=\"flex flex-col w-2\/3 pl-3\">\n                                                        <span\n                                class=\"block py-1 grow text-sm font-bold \">DAX-Aktien erholen sich nach Nvidia-Beben: M\u00e4rkte atmen auf<\/span>\n                                                            <span class=\"text-xs uppercase\">\n                                    Analyst Team\n                                <\/span>\n                                                    <\/div>\n                    <\/a>\n                <\/li>\n                            <li class=\"w-full p-3 rounded-lg shadow md:w-full\">\n                    <a href=\"https:\/\/www.asktraders.com\/de\/finanznachrichten\/rheinmetall-aktien-finden-unterstuetzung-bei-1-600-e-wie-geht-es-weiter\/\" class=\"flex\">\n                        <img loading=\"lazy\" decoding=\"async\" width=\"150\" height=\"150\" src=\"https:\/\/www.asktraders.com\/wp-content\/uploads\/2022\/11\/Die-Rheinmetall-Aktie-im-Chart-150x150.jpg\" class=\"w-1\/3 rounded object-cover  wp-post-image\" alt=\"Die Rheinmetall Aktie im Chart\" \/>\n                        <div class=\"flex flex-col w-2\/3 pl-3\">\n                                                        <span\n                                class=\"block py-1 grow text-sm font-bold \">Rheinmetall-Aktien finden Unterst\u00fctzung bei 1.600 \u20ac \u2013 Wie geht es weiter?<\/span>\n                                                            <span class=\"text-xs uppercase\">\n                                    Analyst Team\n                                <\/span>\n                                                    <\/div>\n                    <\/a>\n                <\/li>\n                    <\/ul>\n            \n    <\/aside>\n\n\n<div class=\"wp-block-top5-broker\" data-sidebar>\n        <div>\n        \n\n<h2 class=\"wp-block-heading\"  class=\"wp-block-heading\"  id=\"\"><\/h2>\n\n\n    <\/div>\n            <div class=\"block bg-white rounded-lg shadow\">\n        <ul\n            class=\"flex flex-wrap w-full -mb-px list-none border-b-2 navTabs \">\n                                                                                                        <\/ul>\n                    <div class=\"navTabContent \" id=\"top5-tab1\">\n                <ol class=\"flex\n                flex-wrap\n                \">\n                                    <\/ol>\n                            <\/div>\n                    <div class=\"navTabContent hidden\" id=\"top5-tab2\">\n                <ol class=\"flex\n                flex-wrap\n                \">\n                                    <\/ol>\n                            <\/div>\n                    <div class=\"navTabContent hidden\" id=\"top5-tab3\">\n                <ol class=\"flex\n                flex-wrap\n                \">\n                                    <\/ol>\n                            <\/div>\n        \n    <\/div>\n    <\/div>\n","protected":false},"author":33,"featured_media":172462,"comment_status":"open","ping_status":"closed","template":"","news_cluster":[],"tradingcategory":[58519],"class_list":["post-172406","news","type-news","status-publish","has-post-thumbnail","hentry","tradingcategory-news-de"],"acf":[],"apple_news_notices":[],"yoast_head":"<!-- This site is optimized with the Yoast SEO plugin v27.2 - https:\/\/yoast.com\/product\/yoast-seo-wordpress\/ -->\n<title>D\u00fcrr Aktie News | Quartalszahlen zeigen Licht &amp; Schatten<\/title>\n<meta name=\"description\" content=\"Der Maschinen- und Anlagenbauer D\u00fcrr ist gut ins neue Jahr gestartet. Der Konzern gab die Zahlen zum abgelaufenen ersten Quartal 2023 heraus. Die\" \/>\n<meta name=\"robots\" content=\"index, follow, max-snippet:-1, max-image-preview:large, max-video-preview:-1\" \/>\n<link rel=\"canonical\" href=\"https:\/\/www.asktraders.com\/de\/finanznachrichten\/duerr-aktie-news-rekordumsaetze-q1-2023-zahlen-absolut-im-rahmen-der-erwartungen\/\" \/>\n<meta property=\"og:locale\" content=\"de_DE\" \/>\n<meta property=\"og:type\" content=\"article\" \/>\n<meta property=\"og:title\" content=\"D\u00fcrr Aktie News | Quartalszahlen zeigen Licht &amp; Schatten\" \/>\n<meta property=\"og:description\" content=\"Der Maschinen- und Anlagenbauer D\u00fcrr ist gut ins neue Jahr gestartet. Der Konzern gab die Zahlen zum abgelaufenen ersten Quartal 2023 heraus. Die\" \/>\n<meta property=\"og:url\" content=\"https:\/\/www.asktraders.com\/de\/finanznachrichten\/duerr-aktie-news-rekordumsaetze-q1-2023-zahlen-absolut-im-rahmen-der-erwartungen\/\" \/>\n<meta property=\"og:site_name\" content=\"AskTraders.com\" \/>\n<meta property=\"article:publisher\" content=\"https:\/\/www.facebook.com\/asktraderscom\" \/>\n<meta property=\"article:modified_time\" content=\"2023-05-09T12:33:53+00:00\" \/>\n<meta property=\"og:image\" content=\"https:\/\/www.asktraders.com\/wp-content\/uploads\/2023\/05\/Duerr-Aktie-News.jpg\" \/>\n\t<meta property=\"og:image:width\" content=\"1000\" \/>\n\t<meta property=\"og:image:height\" content=\"332\" \/>\n\t<meta property=\"og:image:type\" content=\"image\/jpeg\" \/>\n<meta name=\"twitter:card\" content=\"summary_large_image\" \/>\n<meta name=\"twitter:site\" content=\"@Asktraders1\" \/>\n<meta name=\"twitter:label1\" content=\"Gesch\u00e4tzte Lesezeit\" \/>\n\t<meta name=\"twitter:data1\" content=\"4 Minuten\" \/>\n<script type=\"application\/ld+json\" class=\"yoast-schema-graph\">{\"@context\":\"https:\/\/schema.org\",\"@graph\":[{\"@type\":\"NewsArticle\",\"@id\":\"https:\/\/www.asktraders.com\/de\/finanznachrichten\/duerr-aktie-news-rekordumsaetze-q1-2023-zahlen-absolut-im-rahmen-der-erwartungen\/#article\",\"isPartOf\":{\"@id\":\"https:\/\/www.asktraders.com\/de\/finanznachrichten\/duerr-aktie-news-rekordumsaetze-q1-2023-zahlen-absolut-im-rahmen-der-erwartungen\/\"},\"author\":{\"name\":\"Ruben Wunderlich\",\"@id\":\"https:\/\/www.asktraders.com\/de\/#\/schema\/person\/6e2f89f6a9f3eecbfe9cf3be140769ba\",\"url\":\"https:\/\/www.asktraders.com\/de\/author\/rubenw\/\"},\"headline\":\"D\u00fcrr Aktie News: Rekordums\u00e4tze. Q1 2023 Zahlen absolut im Rahmen der Erwartungen\",\"datePublished\":\"2023-05-09T12:09:20+00:00\",\"dateModified\":\"2023-05-09T12:33:53+00:00\",\"mainEntityOfPage\":{\"@id\":\"https:\/\/www.asktraders.com\/de\/finanznachrichten\/duerr-aktie-news-rekordumsaetze-q1-2023-zahlen-absolut-im-rahmen-der-erwartungen\/\"},\"wordCount\":584,\"commentCount\":0,\"publisher\":{\"@id\":\"https:\/\/www.asktraders.com\/de\/#organization\"},\"image\":{\"@id\":\"https:\/\/www.asktraders.com\/de\/finanznachrichten\/duerr-aktie-news-rekordumsaetze-q1-2023-zahlen-absolut-im-rahmen-der-erwartungen\/#primaryimage\"},\"thumbnailUrl\":\"https:\/\/www.asktraders.com\/wp-content\/uploads\/2023\/05\/Duerr-Aktie-News.jpg\",\"inLanguage\":\"de-DE\",\"potentialAction\":[{\"@type\":\"CommentAction\",\"name\":\"Comment\",\"target\":[\"https:\/\/www.asktraders.com\/de\/finanznachrichten\/duerr-aktie-news-rekordumsaetze-q1-2023-zahlen-absolut-im-rahmen-der-erwartungen\/#respond\"]}]},{\"@type\":\"WebPage\",\"@id\":\"https:\/\/www.asktraders.com\/de\/finanznachrichten\/duerr-aktie-news-rekordumsaetze-q1-2023-zahlen-absolut-im-rahmen-der-erwartungen\/\",\"url\":\"https:\/\/www.asktraders.com\/de\/finanznachrichten\/duerr-aktie-news-rekordumsaetze-q1-2023-zahlen-absolut-im-rahmen-der-erwartungen\/\",\"name\":\"D\u00fcrr Aktie News | Quartalszahlen zeigen Licht & Schatten\",\"isPartOf\":{\"@id\":\"https:\/\/www.asktraders.com\/de\/#website\"},\"primaryImageOfPage\":{\"@id\":\"https:\/\/www.asktraders.com\/de\/finanznachrichten\/duerr-aktie-news-rekordumsaetze-q1-2023-zahlen-absolut-im-rahmen-der-erwartungen\/#primaryimage\"},\"image\":{\"@id\":\"https:\/\/www.asktraders.com\/de\/finanznachrichten\/duerr-aktie-news-rekordumsaetze-q1-2023-zahlen-absolut-im-rahmen-der-erwartungen\/#primaryimage\"},\"thumbnailUrl\":\"https:\/\/www.asktraders.com\/wp-content\/uploads\/2023\/05\/Duerr-Aktie-News.jpg\",\"datePublished\":\"2023-05-09T12:09:20+00:00\",\"dateModified\":\"2023-05-09T12:33:53+00:00\",\"description\":\"Der Maschinen- und Anlagenbauer D\u00fcrr ist gut ins neue Jahr gestartet. Der Konzern gab die Zahlen zum abgelaufenen ersten Quartal 2023 heraus. Die\",\"breadcrumb\":{\"@id\":\"https:\/\/www.asktraders.com\/de\/finanznachrichten\/duerr-aktie-news-rekordumsaetze-q1-2023-zahlen-absolut-im-rahmen-der-erwartungen\/#breadcrumb\"},\"inLanguage\":\"de-DE\",\"potentialAction\":[{\"@type\":\"ReadAction\",\"target\":[\"https:\/\/www.asktraders.com\/de\/finanznachrichten\/duerr-aktie-news-rekordumsaetze-q1-2023-zahlen-absolut-im-rahmen-der-erwartungen\/\"]}]},{\"@type\":\"ImageObject\",\"inLanguage\":\"de-DE\",\"@id\":\"https:\/\/www.asktraders.com\/de\/finanznachrichten\/duerr-aktie-news-rekordumsaetze-q1-2023-zahlen-absolut-im-rahmen-der-erwartungen\/#primaryimage\",\"url\":\"https:\/\/www.asktraders.com\/wp-content\/uploads\/2023\/05\/Duerr-Aktie-News.jpg\",\"contentUrl\":\"https:\/\/www.asktraders.com\/wp-content\/uploads\/2023\/05\/Duerr-Aktie-News.jpg\",\"width\":1000,\"height\":332,\"caption\":\"D\u00fcrr Aktie News\"},{\"@type\":\"BreadcrumbList\",\"@id\":\"https:\/\/www.asktraders.com\/de\/finanznachrichten\/duerr-aktie-news-rekordumsaetze-q1-2023-zahlen-absolut-im-rahmen-der-erwartungen\/#breadcrumb\",\"itemListElement\":[{\"@type\":\"ListItem\",\"position\":1,\"name\":\"Home\",\"item\":\"https:\/\/www.asktraders.com\/de\/\"},{\"@type\":\"ListItem\",\"position\":2,\"name\":\"News\",\"item\":\"https:\/\/www.asktraders.com\/de\/finanznachrichten\/\"},{\"@type\":\"ListItem\",\"position\":3,\"name\":\"D\u00fcrr Aktie News: Rekordums\u00e4tze. Q1 2023 Zahlen absolut im Rahmen der Erwartungen\"}]},{\"@type\":\"WebSite\",\"@id\":\"https:\/\/www.asktraders.com\/de\/#website\",\"url\":\"https:\/\/www.asktraders.com\/de\/\",\"name\":\"AskTraders\",\"description\":\"Guiding You To Trading Success\",\"publisher\":{\"@id\":\"https:\/\/www.asktraders.com\/de\/#organization\"},\"inLanguage\":\"de-DE\"},{\"@type\":\"Organization\",\"@id\":\"https:\/\/www.asktraders.com\/de\/#organization\",\"name\":\"AskTraders\",\"url\":\"https:\/\/www.asktraders.com\/de\/\",\"logo\":{\"@type\":\"ImageObject\",\"inLanguage\":\"de-DE\",\"@id\":\"https:\/\/www.asktraders.com\/de\/#\/schema\/logo\/image\/\",\"url\":\"https:\/\/www.asktraders.com\/wp-content\/uploads\/2019\/05\/asktraders-logo-tm-white.png\",\"contentUrl\":\"https:\/\/www.asktraders.com\/wp-content\/uploads\/2019\/05\/asktraders-logo-tm-white.png\",\"width\":232,\"height\":38,\"caption\":\"AskTraders\"},\"image\":{\"@id\":\"https:\/\/www.asktraders.com\/de\/#\/schema\/logo\/image\/\"},\"sameAs\":[\"https:\/\/www.facebook.com\/asktraderscom\",\"https:\/\/x.com\/Asktraders1\"]},{\"@type\":\"Person\",\"@id\":\"https:\/\/www.asktraders.com\/de\/#\/schema\/person\/6e2f89f6a9f3eecbfe9cf3be140769ba\",\"name\":\"Ruben Wunderlich\",\"image\":{\"@type\":\"ImageObject\",\"inLanguage\":\"de-DE\",\"@id\":\"https:\/\/secure.gravatar.com\/avatar\/a169813ebb7fc5db497811c94e0e5111ffd756d2135b8bb267093c55024a2119?s=96&d=mm&r=g\",\"url\":\"https:\/\/secure.gravatar.com\/avatar\/a169813ebb7fc5db497811c94e0e5111ffd756d2135b8bb267093c55024a2119?s=96&d=mm&r=g\",\"contentUrl\":\"https:\/\/secure.gravatar.com\/avatar\/a169813ebb7fc5db497811c94e0e5111ffd756d2135b8bb267093c55024a2119?s=96&d=mm&r=g\",\"caption\":\"Ruben Wunderlich\"}}]}<\/script>\n<!-- \/ Yoast SEO plugin. -->","yoast_head_json":{"title":"D\u00fcrr Aktie News | Quartalszahlen zeigen Licht & Schatten","description":"Der Maschinen- und Anlagenbauer D\u00fcrr ist gut ins neue Jahr gestartet. Der Konzern gab die Zahlen zum abgelaufenen ersten Quartal 2023 heraus. Die","robots":{"index":"index","follow":"follow","max-snippet":"max-snippet:-1","max-image-preview":"max-image-preview:large","max-video-preview":"max-video-preview:-1"},"canonical":"https:\/\/www.asktraders.com\/de\/finanznachrichten\/duerr-aktie-news-rekordumsaetze-q1-2023-zahlen-absolut-im-rahmen-der-erwartungen\/","og_locale":"de_DE","og_type":"article","og_title":"D\u00fcrr Aktie News | Quartalszahlen zeigen Licht & Schatten","og_description":"Der Maschinen- und Anlagenbauer D\u00fcrr ist gut ins neue Jahr gestartet. Der Konzern gab die Zahlen zum abgelaufenen ersten Quartal 2023 heraus. Die","og_url":"https:\/\/www.asktraders.com\/de\/finanznachrichten\/duerr-aktie-news-rekordumsaetze-q1-2023-zahlen-absolut-im-rahmen-der-erwartungen\/","og_site_name":"AskTraders.com","article_publisher":"https:\/\/www.facebook.com\/asktraderscom","article_modified_time":"2023-05-09T12:33:53+00:00","og_image":[{"width":1000,"height":332,"url":"https:\/\/www.asktraders.com\/wp-content\/uploads\/2023\/05\/Duerr-Aktie-News.jpg","type":"image\/jpeg"}],"twitter_card":"summary_large_image","twitter_site":"@Asktraders1","twitter_misc":{"Gesch\u00e4tzte Lesezeit":"4 Minuten"},"schema":{"@context":"https:\/\/schema.org","@graph":[{"@type":"NewsArticle","@id":"https:\/\/www.asktraders.com\/de\/finanznachrichten\/duerr-aktie-news-rekordumsaetze-q1-2023-zahlen-absolut-im-rahmen-der-erwartungen\/#article","isPartOf":{"@id":"https:\/\/www.asktraders.com\/de\/finanznachrichten\/duerr-aktie-news-rekordumsaetze-q1-2023-zahlen-absolut-im-rahmen-der-erwartungen\/"},"author":{"name":"Ruben Wunderlich","@id":"https:\/\/www.asktraders.com\/de\/#\/schema\/person\/6e2f89f6a9f3eecbfe9cf3be140769ba","url":"https:\/\/www.asktraders.com\/de\/author\/rubenw\/"},"headline":"D\u00fcrr Aktie News: Rekordums\u00e4tze. Q1 2023 Zahlen absolut im Rahmen der Erwartungen","datePublished":"2023-05-09T12:09:20+00:00","dateModified":"2023-05-09T12:33:53+00:00","mainEntityOfPage":{"@id":"https:\/\/www.asktraders.com\/de\/finanznachrichten\/duerr-aktie-news-rekordumsaetze-q1-2023-zahlen-absolut-im-rahmen-der-erwartungen\/"},"wordCount":584,"commentCount":0,"publisher":{"@id":"https:\/\/www.asktraders.com\/de\/#organization"},"image":{"@id":"https:\/\/www.asktraders.com\/de\/finanznachrichten\/duerr-aktie-news-rekordumsaetze-q1-2023-zahlen-absolut-im-rahmen-der-erwartungen\/#primaryimage"},"thumbnailUrl":"https:\/\/www.asktraders.com\/wp-content\/uploads\/2023\/05\/Duerr-Aktie-News.jpg","inLanguage":"de-DE","potentialAction":[{"@type":"CommentAction","name":"Comment","target":["https:\/\/www.asktraders.com\/de\/finanznachrichten\/duerr-aktie-news-rekordumsaetze-q1-2023-zahlen-absolut-im-rahmen-der-erwartungen\/#respond"]}]},{"@type":"WebPage","@id":"https:\/\/www.asktraders.com\/de\/finanznachrichten\/duerr-aktie-news-rekordumsaetze-q1-2023-zahlen-absolut-im-rahmen-der-erwartungen\/","url":"https:\/\/www.asktraders.com\/de\/finanznachrichten\/duerr-aktie-news-rekordumsaetze-q1-2023-zahlen-absolut-im-rahmen-der-erwartungen\/","name":"D\u00fcrr Aktie News | Quartalszahlen zeigen Licht & Schatten","isPartOf":{"@id":"https:\/\/www.asktraders.com\/de\/#website"},"primaryImageOfPage":{"@id":"https:\/\/www.asktraders.com\/de\/finanznachrichten\/duerr-aktie-news-rekordumsaetze-q1-2023-zahlen-absolut-im-rahmen-der-erwartungen\/#primaryimage"},"image":{"@id":"https:\/\/www.asktraders.com\/de\/finanznachrichten\/duerr-aktie-news-rekordumsaetze-q1-2023-zahlen-absolut-im-rahmen-der-erwartungen\/#primaryimage"},"thumbnailUrl":"https:\/\/www.asktraders.com\/wp-content\/uploads\/2023\/05\/Duerr-Aktie-News.jpg","datePublished":"2023-05-09T12:09:20+00:00","dateModified":"2023-05-09T12:33:53+00:00","description":"Der Maschinen- und Anlagenbauer D\u00fcrr ist gut ins neue Jahr gestartet. Der Konzern gab die Zahlen zum abgelaufenen ersten Quartal 2023 heraus. Die","breadcrumb":{"@id":"https:\/\/www.asktraders.com\/de\/finanznachrichten\/duerr-aktie-news-rekordumsaetze-q1-2023-zahlen-absolut-im-rahmen-der-erwartungen\/#breadcrumb"},"inLanguage":"de-DE","potentialAction":[{"@type":"ReadAction","target":["https:\/\/www.asktraders.com\/de\/finanznachrichten\/duerr-aktie-news-rekordumsaetze-q1-2023-zahlen-absolut-im-rahmen-der-erwartungen\/"]}]},{"@type":"ImageObject","inLanguage":"de-DE","@id":"https:\/\/www.asktraders.com\/de\/finanznachrichten\/duerr-aktie-news-rekordumsaetze-q1-2023-zahlen-absolut-im-rahmen-der-erwartungen\/#primaryimage","url":"https:\/\/www.asktraders.com\/wp-content\/uploads\/2023\/05\/Duerr-Aktie-News.jpg","contentUrl":"https:\/\/www.asktraders.com\/wp-content\/uploads\/2023\/05\/Duerr-Aktie-News.jpg","width":1000,"height":332,"caption":"D\u00fcrr Aktie News"},{"@type":"BreadcrumbList","@id":"https:\/\/www.asktraders.com\/de\/finanznachrichten\/duerr-aktie-news-rekordumsaetze-q1-2023-zahlen-absolut-im-rahmen-der-erwartungen\/#breadcrumb","itemListElement":[{"@type":"ListItem","position":1,"name":"Home","item":"https:\/\/www.asktraders.com\/de\/"},{"@type":"ListItem","position":2,"name":"News","item":"https:\/\/www.asktraders.com\/de\/finanznachrichten\/"},{"@type":"ListItem","position":3,"name":"D\u00fcrr Aktie News: Rekordums\u00e4tze. Q1 2023 Zahlen absolut im Rahmen der Erwartungen"}]},{"@type":"WebSite","@id":"https:\/\/www.asktraders.com\/de\/#website","url":"https:\/\/www.asktraders.com\/de\/","name":"AskTraders","description":"Guiding You To Trading Success","publisher":{"@id":"https:\/\/www.asktraders.com\/de\/#organization"},"inLanguage":"de-DE"},{"@type":"Organization","@id":"https:\/\/www.asktraders.com\/de\/#organization","name":"AskTraders","url":"https:\/\/www.asktraders.com\/de\/","logo":{"@type":"ImageObject","inLanguage":"de-DE","@id":"https:\/\/www.asktraders.com\/de\/#\/schema\/logo\/image\/","url":"https:\/\/www.asktraders.com\/wp-content\/uploads\/2019\/05\/asktraders-logo-tm-white.png","contentUrl":"https:\/\/www.asktraders.com\/wp-content\/uploads\/2019\/05\/asktraders-logo-tm-white.png","width":232,"height":38,"caption":"AskTraders"},"image":{"@id":"https:\/\/www.asktraders.com\/de\/#\/schema\/logo\/image\/"},"sameAs":["https:\/\/www.facebook.com\/asktraderscom","https:\/\/x.com\/Asktraders1"]},{"@type":"Person","@id":"https:\/\/www.asktraders.com\/de\/#\/schema\/person\/6e2f89f6a9f3eecbfe9cf3be140769ba","name":"Ruben Wunderlich","image":{"@type":"ImageObject","inLanguage":"de-DE","@id":"https:\/\/secure.gravatar.com\/avatar\/a169813ebb7fc5db497811c94e0e5111ffd756d2135b8bb267093c55024a2119?s=96&d=mm&r=g","url":"https:\/\/secure.gravatar.com\/avatar\/a169813ebb7fc5db497811c94e0e5111ffd756d2135b8bb267093c55024a2119?s=96&d=mm&r=g","contentUrl":"https:\/\/secure.gravatar.com\/avatar\/a169813ebb7fc5db497811c94e0e5111ffd756d2135b8bb267093c55024a2119?s=96&d=mm&r=g","caption":"Ruben Wunderlich"}}]}},"_links":{"self":[{"href":"https:\/\/www.asktraders.com\/de\/wp-json\/wp\/v2\/news\/172406","targetHints":{"allow":["GET"]}}],"collection":[{"href":"https:\/\/www.asktraders.com\/de\/wp-json\/wp\/v2\/news"}],"about":[{"href":"https:\/\/www.asktraders.com\/de\/wp-json\/wp\/v2\/types\/news"}],"author":[{"embeddable":true,"href":"https:\/\/www.asktraders.com\/de\/wp-json\/wp\/v2\/users\/33"}],"replies":[{"embeddable":true,"href":"https:\/\/www.asktraders.com\/de\/wp-json\/wp\/v2\/comments?post=172406"}],"version-history":[{"count":0,"href":"https:\/\/www.asktraders.com\/de\/wp-json\/wp\/v2\/news\/172406\/revisions"}],"wp:featuredmedia":[{"embeddable":true,"href":"https:\/\/www.asktraders.com\/de\/wp-json\/wp\/v2\/media\/172462"}],"wp:attachment":[{"href":"https:\/\/www.asktraders.com\/de\/wp-json\/wp\/v2\/media?parent=172406"}],"wp:term":[{"taxonomy":"news_cluster","embeddable":true,"href":"https:\/\/www.asktraders.com\/de\/wp-json\/wp\/v2\/news_cluster?post=172406"},{"taxonomy":"tradingcategory","embeddable":true,"href":"https:\/\/www.asktraders.com\/de\/wp-json\/wp\/v2\/tradingcategory?post=172406"}],"curies":[{"name":"wp","href":"https:\/\/api.w.org\/{rel}","templated":true}]}}