{"id":172419,"date":"2023-05-09T13:29:09","date_gmt":"2023-05-09T12:29:09","guid":{"rendered":"https:\/\/www.asktraders.com\/?post_type=news&#038;p=172419"},"modified":"2023-05-09T13:34:58","modified_gmt":"2023-05-09T12:34:58","slug":"carl-zeiss-aktie-news-zahlen-bestaetigt-anleger-reagieren-dennoch-verschnupft-erste-kaufgelegenheiten-in-sicht","status":"publish","type":"news","link":"https:\/\/www.asktraders.com\/de\/finanznachrichten\/carl-zeiss-aktie-news-zahlen-bestaetigt-anleger-reagieren-dennoch-verschnupft-erste-kaufgelegenheiten-in-sicht\/","title":{"rendered":"Carl Zeiss Aktie News: Zahlen best\u00e4tigt. Anleger reagieren dennoch verschnupft. Erste Kaufgelegenheiten in Sicht!"},"content":{"rendered":"\n<p><strong>Die Aktie des Medizintechnik Spezialisten Carl Zeiss Meditec muss heute herbe Abschl\u00e4ge einstecken. Das Unternehmen gab heute die endg\u00fcltigen Zahlen f\u00fcr das erste Halbjahr 2022\/23 bekannt. Sie unterschieden sich jedoch nicht wesentlich von der Vorabbekanntgabe Mitte April.<\/strong><\/p>\n\n\n\n<div class=\"wp-block-group main-cta is-layout-flow wp-block-group-is-layout-flow\" style=\"padding-top:10px;padding-right:10px;padding-bottom:10px;padding-left:10px\">\n<hr class=\"wp-block-separator has-text-color has-gray-color has-alpha-channel-opacity has-gray-background-color has-background is-style-wide\"\/>\n\n\n\n<div style=\"height:28px\" aria-hidden=\"true\" class=\"wp-block-spacer\"><\/div>\n\n\n\n<div class=\"wp-block-buttons is-content-justification-center is-layout-flex wp-container-core-buttons-is-layout-16018d1d wp-block-buttons-is-layout-flex\">\n<div class=\"wp-block-button has-custom-width wp-block-button__width-100 has-custom-font-size is-style-fill has-small-font-size\"><a class=\"wp-block-button__link has-green-background-color has-background\" href=\"https:\/\/www.asktraders.com\/de\/go\/native?placement=AT-DE-DE-stocks-NCTA-B1-NA-NA-NA\" style=\"border-radius:5px;padding-top:11px;padding-right:40px;padding-bottom:11px;padding-left:40px\" target=\"_blank\" rel=\"noreferrer noopener\">HIER GEHT&#8217;s zur Carl zeiss Aktie<\/a><\/div>\n<\/div>\n\n\n\n<p class=\"has-text-align-center\">Ihr Kapital ist in Gefahr<\/p>\n\n\n\n<hr class=\"wp-block-separator has-text-color has-gray-color has-alpha-channel-opacity has-gray-background-color has-background is-style-wide\"\/>\n<\/div>\n\n\n<figure class=\"aligncenter wp-block-post-featured-image\"><img loading=\"lazy\" decoding=\"async\" width=\"1000\" height=\"595\" src=\"https:\/\/www.asktraders.com\/wp-content\/uploads\/2023\/05\/carl-Zeiss.jpg\" class=\"attachment-post-thumbnail size-post-thumbnail wp-post-image\" alt=\"Carl zeiss aktie\" style=\"object-fit:cover;\" srcset=\"https:\/\/www.asktraders.com\/wp-content\/uploads\/2023\/05\/carl-Zeiss.jpg 1000w, https:\/\/www.asktraders.com\/wp-content\/uploads\/2023\/05\/carl-Zeiss-333x198.jpg 333w, https:\/\/www.asktraders.com\/wp-content\/uploads\/2023\/05\/carl-Zeiss-793x472.jpg 793w, https:\/\/www.asktraders.com\/wp-content\/uploads\/2023\/05\/carl-Zeiss-768x457.jpg 768w\" sizes=\"auto, (max-width: 1000px) 100vw, 1000px\" \/><\/figure>\n\n\n<p class=\"has-text-align-center\"><em>Die Zeiss Aktie muss aktuell herbe Abschl\u00e4ge verkraften\/ Bilderquelle: zeiss.de<\/em><\/p>\n\n\n<div class=\"wp-block-notice has-background has-light-green-background-color py-2 px-[30px]\">\n\n    <div>\n        \n\n<h3 class=\"wp-block-heading\"  class=\"wp-block-heading\"  id=\"auf_den_punkt_gebracht\">Auf den Punkt gebracht <\/h3>\n\n\n\n<ul class=\"wp-block-list\"><li>Carl Zeiss best\u00e4tigt die im April gesenkte Jahresprognose f\u00fcr dieses Gesch\u00e4ftsjahr<\/li><li>14,8 % EBIT-Marge nach zuvor 20,7 % (bereinigt: 15,3 % nach zuvor 21,2 %)<\/li><li>Umsatz, EBIT und Gewinn je Aktie auf dem Niveau wie im April bekannt gegeben<\/li><li>EBIT-Marge soll zwischen 17 und 20 Prozent liegen<\/li><\/ul>\n\n\n    <\/div>\n<\/div>\n\n\n\n<p><strong>Die Carl Zeiss Meditec Aktie ist heute um \u00fcber 7 Prozent im Minus. <\/strong><\/p>\n\n\n\n<h2 class=\"wp-block-heading\" class=\"wp-block-heading\" id=\"warum_faellt_die_carl_zeiss_aktie\">Warum f\u00e4llt die Carl Zeiss Aktie?<\/h2>\n\n\n\n<p><strong>Carl Zeiss muss die Aussichten f\u00fcr die weitere Gesch\u00e4ftsentwicklung nach unten anpassen. <\/strong><\/p>\n\n\n\n<p>Mitte April gab Carl Zeiss Meditec bekannt, dass die <strong>Profitabilit\u00e4t im ersten Halbjahr niedriger <\/strong>ausfallen w\u00fcrde als erwartet. Wir berichteten bereits:<a href=\"https:\/\/www.asktraders.com\/de\/finanznachrichten\/carl-zeiss-meditec-aktie-truebe-aussichten-fuer-das-unternehmen\/\"> Anleger besorgt \u00fcber die weitere Entwicklung von Carl Zeiss<\/a>.<\/p>\n\n\n\n<p>Heute best\u00e4tigte das Unternehmen zwar lediglich die schon genannten Zahlen und Einsch\u00e4tzungen. Dennoch reagierten Anleger verschnupft.<\/p>\n\n\n\n<p><strong>M\u00f6glicherweise hatten sich einige Investoren doch noch etwas bessere Zahlen erhofft.<\/strong><\/p>\n\n\n\n<div class=\"wp-block-media-text alignwide has-media-on-the-right is-stacked-on-mobile\" style=\"grid-template-columns:auto 33%\"><figure class=\"wp-block-media-text__media\"><img loading=\"lazy\" decoding=\"async\" width=\"202\" height=\"228\" src=\"https:\/\/www.asktraders.com\/wp-content\/uploads\/2023\/05\/news-carl-zeiss-aktie.jpg\" alt=\"carl zeiss aktie news\" class=\"wp-image-172473 size-full\"\/><\/figure><div class=\"wp-block-media-text__content\">\n<blockquote class=\"wp-block-quote has-light-green-background-color has-background has-medium-font-size is-layout-flow wp-block-quote-is-layout-flow\"><p><em>&#8222;Mit dem erzielten Umsatzwachstum sind wir sehr zufrieden, denn im ersten Halbjahr 2022\/23 waren wir noch immer stark von den Auswirkungen der COVID-19-Pandemie in China sowie den angespannten Lieferketten betroffen. Auch unter diesen erschwerten Bedingungen ist es uns gelungen, weiteres Wachstum im zweistelligen Bereich zu generieren. \u2013 Unser Fokus liegt weiterhin darauf, Lieferzeiten f\u00fcr unsere Kunden zu reduzieren und den hohen Auftragsbestand abzubauen.&#8220;<\/em><\/p><cite><em><strong>Dr. Markus Weber, Vorstandvorsitzender der Carl Zeiss Meditec AG<\/strong><\/em><\/cite><\/blockquote>\n<\/div><\/div>\n\n\n\n<p>Herr Dr. Weber schien ganz zufrieden zu sein mit dem Ergebnis. Die Aktion\u00e4re waren es dagegen eher nicht, was dazu f\u00fchrte, dass die Aktie um \u00fcber 7 Prozent fiel. <\/p>\n\n\n\n<h2 class=\"wp-block-heading\" class=\"wp-block-heading\" id=\"einschaetzung_der_analysten\">Einsch\u00e4tzung der Analysten<\/h2>\n\n\n\n<ul class=\"wp-block-list\"><li>UBS: bleibt bei Einsch\u00e4tzung &#8222;Buy&#8220;; senkt Kursziel auf 148 EUR<\/li><li>Hauck &amp; Aufh\u00e4user: bel\u00e4sst Einsch\u00e4tzung bei &#8222;Buy&#8220;; Kursziel: 175 EUR<\/li><li>Deutsche Bank: bel\u00e4sst Einsch\u00e4tzung bei &#8222;Buy&#8220;; Kursziel: 175 EUR<\/li><li>Berenberg: bel\u00e4sst Einstufung bei &#8222;Hold&#8220;; Kursziel: 138 EUR<\/li><li>ODDO BHF: Einsch\u00e4tzung &#8222;Neutral&#8220;; Kursziel: 115 EUR<\/li><li>Kepler Cheuvreux: Einstufung &#8222;Reduzieren&#8220;; Kursziel: 111 EUR<\/li><\/ul>\n\n\n\n<p>Die <a href=\"https:\/\/www.asktraders.com\/de\/traden-lernen\/trading-ratgeber\/marktanalyse\/\">Analysten<\/a> belie\u00dfen ihre Einsch\u00e4tzung weitestgehend bei. Mitunter wurden die Kursziele etwas nach unten angepasst.<\/p>\n\n\n\n<figure class=\"wp-block-image aligncenter size-large is-resized\"><img loading=\"lazy\" decoding=\"async\" src=\"https:\/\/www.asktraders.com\/wp-content\/uploads\/2023\/05\/news-carl-zeiss-793x494.jpg\" alt=\"zeiss aktien news\" class=\"wp-image-172476\" width=\"793\" height=\"494\" srcset=\"https:\/\/www.asktraders.com\/wp-content\/uploads\/2023\/05\/news-carl-zeiss-793x494.jpg 793w, https:\/\/www.asktraders.com\/wp-content\/uploads\/2023\/05\/news-carl-zeiss-333x207.jpg 333w, https:\/\/www.asktraders.com\/wp-content\/uploads\/2023\/05\/news-carl-zeiss-768x478.jpg 768w, https:\/\/www.asktraders.com\/wp-content\/uploads\/2023\/05\/news-carl-zeiss.jpg 1000w\" sizes=\"auto, (max-width: 793px) 100vw, 793px\" \/><figcaption><em>Das Unternehmen Carl Zeiss kann auf eine lange Firmengeschichte zur\u00fcckblicken\/ Bilderquelle: zeiss.de<\/em><\/figcaption><\/figure>\n\n\n<div class=\"wp-block-notice has-background has-light-green-background-color py-2 px-[30px]\">\n\n    <div>\n        \n\n<h2 class=\"wp-block-heading\" class=\"wp-block-heading\" id=\"unsere_einschaetzung\">Unsere Einsch\u00e4tzung<\/h2>\n\n\n\n<ul class=\"wp-block-list\"><li>Fundamental hat sich zur Vorabbekanntgabe der Zahlen im April nichts ge\u00e4ndert.<\/li><li>Carl Zeiss Meditec ist ein Qualit\u00e4tsunternehmen. In einigen Bereichen der Medizintechnik ist das Unternehmen unangefochtener Markt- und Technologief\u00fchrer. Das wird sich so schnell auch nicht \u00e4ndern.<\/li><li>Der fallende Aktienkurs hat etwas mit den hohen Erwartungen zu tun, die nicht erf\u00fcllt wurden. F\u00fcr die Jahre 2024 folgend sehen Analysten wieder steigende Gewinne. <\/li><li>Dennoch ist die Carl Zeiss Aktie unserer Meinung nach derzeit immer noch nicht g\u00fcnstig bewertet. <\/li><li>Im Bereich zwischen 100 und 105 EUR je Aktie w\u00fcrden sich unserer Meinung nach jedoch die ersten guten Kaufgelegenheiten bieten. Zumindest f\u00fcr Investoren, die langfristig investiert sein m\u00f6chten.<\/li><\/ul>\n\n\n    <\/div>\n<\/div>\n\n\n\n<h2 class=\"wp-block-heading\" class=\"wp-block-heading\" id=\"wie_kommen_wir_auf_den_bereich_100_bis_105_eur\">Wie kommen wir auf den Bereich 100 bis 105 EUR?<\/h2>\n\n\n\n<p>Werfen wir dazu zun\u00e4chst einen Blick auf das durchschnittliche 1-Jahres KGV der Carl Zeiss Aktie:<\/p>\n\n\n\n<figure class=\"wp-block-image size-large\"><a href=\"https:\/\/www.asktraders.com\/wp-content\/uploads\/2023\/05\/carl-zeiss-aktie-kgv-vergleich.png\" target=\"_blank\" rel=\"noreferrer noopener\"><img loading=\"lazy\" decoding=\"async\" width=\"793\" height=\"467\" src=\"https:\/\/www.asktraders.com\/wp-content\/uploads\/2023\/05\/carl-zeiss-aktie-kgv-vergleich-793x467.png\" alt=\"chart aktie Carl zeiss\" class=\"wp-image-172427\" srcset=\"https:\/\/www.asktraders.com\/wp-content\/uploads\/2023\/05\/carl-zeiss-aktie-kgv-vergleich-793x467.png 793w, https:\/\/www.asktraders.com\/wp-content\/uploads\/2023\/05\/carl-zeiss-aktie-kgv-vergleich-333x196.png 333w, https:\/\/www.asktraders.com\/wp-content\/uploads\/2023\/05\/carl-zeiss-aktie-kgv-vergleich-768x453.png 768w, https:\/\/www.asktraders.com\/wp-content\/uploads\/2023\/05\/carl-zeiss-aktie-kgv-vergleich.png 940w\" sizes=\"auto, (max-width: 793px) 100vw, 793px\" \/><\/a><figcaption><em>Quelle: traderfox.com; Mit einem Klick die Grafik vergr\u00f6\u00dfern.<\/em><\/figcaption><\/figure>\n\n\n\n<p>Der Fair-Value des durchschnittlichen 1-Jahres KGV liegt im Augenblick bei etwa 107 EUR je Aktie. D<strong>as hei\u00dft, dass die Aktie &#8211; aus Sicht des KGV &#8211; derzeit leicht \u00fcberbewertet ist.<\/strong><\/p>\n\n\n\n<p>Aufgrund der <strong>gestiegenen Zinsen<\/strong>, die die zuk\u00fcnftigen Gewinne st\u00e4rker abzinsen sowie ein Kreditfinanziertes Wachstum erschweren, und der <strong>aktuelle Ausblick der Gesch\u00e4ftsleitung<\/strong> sehen wir momentan <strong>keinen triftigen Grund f\u00fcr eine \u00dcberbewertung<\/strong>.<\/p>\n\n\n\n<p><strong>Wenn wir davon ausgehen, dass der Aktienkurs etwas unter den Fair-Value f\u00e4llt, gelangen wir in den Bereich zwischen 100 und 105 EUR.<\/strong> Dort ergeben sich die ersten guten Kaufgelegenheiten.<\/p>\n\n\n\n<p>Ein Abschlag von 10 Prozent auf den Fair-Value entspr\u00e4che im Augenblick einem Kurs von etwa 96 EUR.<\/p>\n\n\n\n<p>Einen weiteren Beleg, der f\u00fcr den Bereich zwischen 100 und 105 EUR spricht, ist die <strong><a href=\"https:\/\/www.asktraders.com\/de\/traden-lernen\/technische-analyse\/chartanalyse-allgemein\/\">Charttechnik<\/a><\/strong>. <\/p>\n\n\n\n<figure class=\"wp-block-image aligncenter size-large\"><a href=\"https:\/\/www.asktraders.com\/wp-content\/uploads\/2023\/05\/carl-zeiss-langfrist-chart-05-2023.png\" target=\"_blank\" rel=\"noreferrer noopener\"><img loading=\"lazy\" decoding=\"async\" width=\"793\" height=\"326\" src=\"https:\/\/www.asktraders.com\/wp-content\/uploads\/2023\/05\/carl-zeiss-langfrist-chart-05-2023-793x326.png\" alt=\"aktien news carl zeiss\" class=\"wp-image-172432\" srcset=\"https:\/\/www.asktraders.com\/wp-content\/uploads\/2023\/05\/carl-zeiss-langfrist-chart-05-2023-793x326.png 793w, https:\/\/www.asktraders.com\/wp-content\/uploads\/2023\/05\/carl-zeiss-langfrist-chart-05-2023-333x137.png 333w, https:\/\/www.asktraders.com\/wp-content\/uploads\/2023\/05\/carl-zeiss-langfrist-chart-05-2023-768x316.png 768w, https:\/\/www.asktraders.com\/wp-content\/uploads\/2023\/05\/carl-zeiss-langfrist-chart-05-2023-1536x631.png 1536w, https:\/\/www.asktraders.com\/wp-content\/uploads\/2023\/05\/carl-zeiss-langfrist-chart-05-2023.png 1779w\" sizes=\"auto, (max-width: 793px) 100vw, 793px\" \/><\/a><figcaption><em>Quelle: eToro. Mit einem Klick die Grafik vergr\u00f6\u00dfern.<\/em><\/figcaption><\/figure>\n\n\n\n<p>Farblich hervorgehoben ist der Bereich zwischen 100 und 105 EUR.<\/p>\n\n\n\n<p><strong>Seit Ende 2020 wurde dieser Bereich mehrfach angetestet. <\/strong>Der Kurs der Carl Zeiss Meditec Aktie fiel jedoch nicht mehr darunter.<\/p>\n\n\n\n<p>Unserer Meinung nach ist dieser Bereich daher gut f\u00fcr erste Investmentpositionen geeignet.<\/p>\n\n\n\n<h2 class=\"wp-block-heading\" class=\"wp-block-heading\" id=\"was_wurde_aus_unserer_einschaetzung_mitte_april\">Was wurde aus unserer Einsch\u00e4tzung Mitte April?<\/h2>\n\n\n\n<p>Im Folgenden der fortgef\u00fchrte Chart aus unserer Einsch\u00e4tzung von April 2023:<\/p>\n\n\n\n<figure class=\"wp-block-image aligncenter size-large\"><a href=\"https:\/\/www.asktraders.com\/wp-content\/uploads\/2023\/05\/carl-zeiss-aktie-chart-05-2023.png\" target=\"_blank\" rel=\"noreferrer noopener\"><img loading=\"lazy\" decoding=\"async\" width=\"793\" height=\"325\" src=\"https:\/\/www.asktraders.com\/wp-content\/uploads\/2023\/05\/carl-zeiss-aktie-chart-05-2023-793x325.png\" alt=\"carl zeiss aktien news\" class=\"wp-image-172436\" srcset=\"https:\/\/www.asktraders.com\/wp-content\/uploads\/2023\/05\/carl-zeiss-aktie-chart-05-2023-793x325.png 793w, https:\/\/www.asktraders.com\/wp-content\/uploads\/2023\/05\/carl-zeiss-aktie-chart-05-2023-333x136.png 333w, https:\/\/www.asktraders.com\/wp-content\/uploads\/2023\/05\/carl-zeiss-aktie-chart-05-2023-768x315.png 768w, https:\/\/www.asktraders.com\/wp-content\/uploads\/2023\/05\/carl-zeiss-aktie-chart-05-2023-1536x629.png 1536w, https:\/\/www.asktraders.com\/wp-content\/uploads\/2023\/05\/carl-zeiss-aktie-chart-05-2023.png 1780w\" sizes=\"auto, (max-width: 793px) 100vw, 793px\" \/><\/a><figcaption><em>Quelle: traderfox.com; Mit einem Klick die Grafik vergr\u00f6\u00dfern.<\/em><\/figcaption><\/figure>\n\n\n\n<p>Der Kurs der Carl Zeiss Aktie konnte tats\u00e4chlich zun\u00e4chst nach oben abprallen. F\u00fcr kurzfristig agierende Trader ergab sich hier eine sch\u00f6ne Gelegenheit.<\/p>\n\n\n\n<p>Allerdings wurde der Anstieg bereits wieder abverkauft und befindet sich nun am unteren Level. <\/p>\n\n\n\n<p>Damit <strong>\u00e4hnelt der aktuelle Kursverlauf dem von Ende 2022<\/strong> (rechts auf dem Chart zu sehen). Auf schwache Zahlen erfolgte Entt\u00e4uschung, die unmittelbar gekauft wurde, nur um danach wieder abverkauft zu werden.<\/p>\n\n\n\n<div class=\"wp-block-group main-cta is-layout-flow wp-block-group-is-layout-flow\" style=\"padding-top:10px;padding-right:10px;padding-bottom:10px;padding-left:10px\">\n<hr class=\"wp-block-separator has-text-color has-gray-color has-alpha-channel-opacity has-gray-background-color has-background is-style-wide\"\/>\n\n\n\n<div style=\"height:28px\" aria-hidden=\"true\" class=\"wp-block-spacer\"><\/div>\n\n\n\n<div class=\"wp-block-buttons is-content-justification-center is-layout-flex wp-container-core-buttons-is-layout-16018d1d wp-block-buttons-is-layout-flex\">\n<div class=\"wp-block-button has-custom-width wp-block-button__width-100 has-custom-font-size is-style-fill has-small-font-size\"><a class=\"wp-block-button__link has-green-background-color has-background\" href=\"https:\/\/www.asktraders.com\/de\/go\/native?placement=AT-DE-DE-stocks-NCTA-B1-NA-NA-NA\" style=\"border-radius:5px;padding-top:11px;padding-right:40px;padding-bottom:11px;padding-left:40px\" target=\"_blank\" rel=\"noreferrer noopener\">HIER GEHT&#8217;s zur Carl zeiss Aktie<\/a><\/div>\n<\/div>\n\n\n\n<p class=\"has-text-align-center\">Ihr Kapital ist in Gefahr<\/p>\n\n\n\n<hr class=\"wp-block-separator has-text-color has-gray-color has-alpha-channel-opacity has-gray-background-color has-background is-style-wide\"\/>\n<\/div>\n\n\n<aside class=\"wp-block-related-posts  \" >\n                    \n\n<h3 class=\"wp-block-heading\" class=\"wp-block-heading\" id=\"leser_interessieren_auch_sich_fuer\">Leser interessieren auch sich f\u00fcr:<\/h3>\n\n\n        <ul class=\"grid grid-cols-1 md:grid-cols-2 gap-4 lg:grid-cols-1\">\n                            <li class=\"w-full p-3 rounded-lg shadow md:w-full\">\n                    <a href=\"https:\/\/www.asktraders.com\/de\/traden-lernen\/technische-analyse\/chart-technische-analyse\/\" class=\"flex\">\n                        <img loading=\"lazy\" decoding=\"async\" width=\"150\" height=\"150\" src=\"https:\/\/www.asktraders.com\/wp-content\/uploads\/2019\/10\/shutterstock_599600603-150x150.jpg\" class=\"w-1\/3 rounded object-cover  wp-post-image\" alt=\"CFD-Brokers\" srcset=\"https:\/\/www.asktraders.com\/wp-content\/uploads\/2019\/10\/shutterstock_599600603-150x150.jpg 150w, https:\/\/www.asktraders.com\/wp-content\/uploads\/2019\/10\/shutterstock_599600603-100x100.jpg 100w, https:\/\/www.asktraders.com\/wp-content\/uploads\/2019\/10\/shutterstock_599600603-64x64.jpg 64w, https:\/\/www.asktraders.com\/wp-content\/uploads\/2019\/10\/shutterstock_599600603-26x26.jpg 26w\" sizes=\"auto, (max-width: 150px) 100vw, 150px\" \/>\n                        <div class=\"flex flex-col w-2\/3 pl-3\">\n                                                        <span\n                                class=\"block py-1 grow text-sm font-bold \">(Chart-) technische Analyse<\/span>\n                                                            <span class=\"text-xs uppercase\">\n                                    Analyst Team\n                                <\/span>\n                                                    <\/div>\n                    <\/a>\n                <\/li>\n                            <li class=\"w-full p-3 rounded-lg shadow md:w-full\">\n                    <a href=\"https:\/\/www.asktraders.com\/de\/traden-lernen\/trading-ratgeber\/fuenf-trading-anfaenger-fehler\/\" class=\"flex\">\n                        <img loading=\"lazy\" decoding=\"async\" width=\"150\" height=\"150\" src=\"https:\/\/www.asktraders.com\/wp-content\/uploads\/2019\/03\/depositphotos_164992668-stock-video-trader-man-talking-on-smart-150x150.jpg\" class=\"w-1\/3 rounded object-cover  wp-post-image\" alt=\"trading\" srcset=\"https:\/\/www.asktraders.com\/wp-content\/uploads\/2019\/03\/depositphotos_164992668-stock-video-trader-man-talking-on-smart-150x150.jpg 150w, https:\/\/www.asktraders.com\/wp-content\/uploads\/2019\/03\/depositphotos_164992668-stock-video-trader-man-talking-on-smart-100x100.jpg 100w, https:\/\/www.asktraders.com\/wp-content\/uploads\/2019\/03\/depositphotos_164992668-stock-video-trader-man-talking-on-smart-64x64.jpg 64w, https:\/\/www.asktraders.com\/wp-content\/uploads\/2019\/03\/depositphotos_164992668-stock-video-trader-man-talking-on-smart-26x26.jpg 26w\" sizes=\"auto, (max-width: 150px) 100vw, 150px\" \/>\n                        <div class=\"flex flex-col w-2\/3 pl-3\">\n                                                        <span\n                                class=\"block py-1 grow text-sm font-bold \">5 Dinge, die Trading-Anf\u00e4nger niemals tun sollten<\/span>\n                                                            <span class=\"text-xs uppercase\">\n                                    Analyst Team\n                                <\/span>\n                                                    <\/div>\n                    <\/a>\n                <\/li>\n                            <li class=\"w-full p-3 rounded-lg shadow md:w-full\">\n                    <a href=\"https:\/\/www.asktraders.com\/de\/traden-lernen\/trading-ratgeber\/aktien-finden\/\" class=\"flex\">\n                        <img loading=\"lazy\" decoding=\"async\" width=\"150\" height=\"150\" src=\"https:\/\/www.asktraders.com\/wp-content\/uploads\/2018\/05\/beitragsbilder-ratgeber-trading-apps-1-150x150.png\" class=\"w-1\/3 rounded object-cover  wp-post-image\" alt=\"Trading\" \/>\n                        <div class=\"flex flex-col w-2\/3 pl-3\">\n                                                        <span\n                                class=\"block py-1 grow text-sm font-bold \">Aktien finden: Darauf sollten Anleger achten<\/span>\n                                                            <span class=\"text-xs uppercase\">\n                                    Analyst Team\n                                <\/span>\n                                                    <\/div>\n                    <\/a>\n                <\/li>\n                    <\/ul>\n            \n    <\/aside>\n\n\n<aside class=\"wp-block-related-posts  \" data-sidebar>\n                    \n\n<h2 class=\"wp-block-heading\"  class=\"wp-block-heading\"  id=\"aktuelle_beitraege\">Aktuelle Beitr\u00e4ge<\/h2>\n\n\n        <ul class=\"grid grid-cols-1 md:grid-cols-2 gap-4 lg:grid-cols-1\">\n                            <li class=\"w-full p-3 rounded-lg shadow md:w-full\">\n                    <a href=\"https:\/\/www.asktraders.com\/de\/finanznachrichten\/evonik-aktien-erreichen-neues-tief-als-e13-durchbrochen-werden\/\" class=\"flex\">\n                        <img loading=\"lazy\" decoding=\"async\" width=\"150\" height=\"150\" src=\"https:\/\/www.asktraders.com\/wp-content\/uploads\/2023\/05\/evonik-aktie-prognose-150x150.jpg\" class=\"w-1\/3 rounded object-cover  wp-post-image\" alt=\"Evonik Aktie\" \/>\n                        <div class=\"flex flex-col w-2\/3 pl-3\">\n                                                        <span\n                                class=\"block py-1 grow text-sm font-bold \">Evonik Aktien erreichen neues Tief, als \u20ac13 durchbrochen werden<\/span>\n                                                            <span class=\"text-xs uppercase\">\n                                    Analyst Team\n                                <\/span>\n                                                    <\/div>\n                    <\/a>\n                <\/li>\n                            <li class=\"w-full p-3 rounded-lg shadow md:w-full\">\n                    <a href=\"https:\/\/www.asktraders.com\/de\/finanznachrichten\/2g-energy-ag-aktie-erholt-sich-von-unterstuetzung-steigerung-von-10\/\" class=\"flex\">\n                        <img loading=\"lazy\" decoding=\"async\" width=\"150\" height=\"150\" src=\"https:\/\/www.asktraders.com\/wp-content\/uploads\/2025\/08\/power-and-energy-150x150.jpg\" class=\"w-1\/3 rounded object-cover  wp-post-image\" alt=\"Uniper UN0\" \/>\n                        <div class=\"flex flex-col w-2\/3 pl-3\">\n                                                        <span\n                                class=\"block py-1 grow text-sm font-bold \">2G Energy AG Aktie erholt sich von Unterst\u00fctzung \u2013 Steigerung von 10%<\/span>\n                                                            <span class=\"text-xs uppercase\">\n                                    Analyst Team\n                                <\/span>\n                                                    <\/div>\n                    <\/a>\n                <\/li>\n                            <li class=\"w-full p-3 rounded-lg shadow md:w-full\">\n                    <a href=\"https:\/\/www.asktraders.com\/de\/finanznachrichten\/mercedes-benz-aktie-goldman-sachs-initiiert-analystendeckung-mit-positiver-einschaetzung\/\" class=\"flex\">\n                        <img loading=\"lazy\" decoding=\"async\" width=\"150\" height=\"150\" src=\"https:\/\/www.asktraders.com\/wp-content\/uploads\/2023\/06\/aktie-mercedes-150x150.jpg\" class=\"w-1\/3 rounded object-cover  wp-post-image\" alt=\"Mercedes Aktie\" \/>\n                        <div class=\"flex flex-col w-2\/3 pl-3\">\n                                                        <span\n                                class=\"block py-1 grow text-sm font-bold \">Mercedes-Benz Aktie: Goldman Sachs initiiert Analystendeckung mit positiver Einsch\u00e4tzung<\/span>\n                                                            <span class=\"text-xs uppercase\">\n                                    Analyst Team\n                                <\/span>\n                                                    <\/div>\n                    <\/a>\n                <\/li>\n                            <li class=\"w-full p-3 rounded-lg shadow md:w-full\">\n                    <a href=\"https:\/\/www.asktraders.com\/de\/finanznachrichten\/dax-aktien-erholen-sich-nach-nvidia-beben-maerkte-atmen-auf\/\" class=\"flex\">\n                        <img loading=\"lazy\" decoding=\"async\" width=\"150\" height=\"150\" src=\"https:\/\/www.asktraders.com\/wp-content\/uploads\/2023\/04\/dax-handeln-150x150.jpg\" class=\"w-1\/3 rounded object-cover  wp-post-image\" alt=\"\" \/>\n                        <div class=\"flex flex-col w-2\/3 pl-3\">\n                                                        <span\n                                class=\"block py-1 grow text-sm font-bold \">DAX-Aktien erholen sich nach Nvidia-Beben: M\u00e4rkte atmen auf<\/span>\n                                                            <span class=\"text-xs uppercase\">\n                                    Analyst Team\n                                <\/span>\n                                                    <\/div>\n                    <\/a>\n                <\/li>\n                            <li class=\"w-full p-3 rounded-lg shadow md:w-full\">\n                    <a href=\"https:\/\/www.asktraders.com\/de\/finanznachrichten\/rheinmetall-aktien-finden-unterstuetzung-bei-1-600-e-wie-geht-es-weiter\/\" class=\"flex\">\n                        <img loading=\"lazy\" decoding=\"async\" width=\"150\" height=\"150\" src=\"https:\/\/www.asktraders.com\/wp-content\/uploads\/2022\/11\/Die-Rheinmetall-Aktie-im-Chart-150x150.jpg\" class=\"w-1\/3 rounded object-cover  wp-post-image\" alt=\"Die Rheinmetall Aktie im Chart\" \/>\n                        <div class=\"flex flex-col w-2\/3 pl-3\">\n                                                        <span\n                                class=\"block py-1 grow text-sm font-bold \">Rheinmetall-Aktien finden Unterst\u00fctzung bei 1.600 \u20ac \u2013 Wie geht es weiter?<\/span>\n                                                            <span class=\"text-xs uppercase\">\n                                    Analyst Team\n                                <\/span>\n                                                    <\/div>\n                    <\/a>\n                <\/li>\n                    <\/ul>\n            \n    <\/aside>\n\n\n<div class=\"wp-block-top5-broker\" data-sidebar>\n        <div>\n        \n\n<h2 class=\"wp-block-heading\"  class=\"wp-block-heading\"  id=\"\"><\/h2>\n\n\n    <\/div>\n            <div class=\"block bg-white rounded-lg shadow\">\n        <ul\n            class=\"flex flex-wrap w-full -mb-px list-none border-b-2 navTabs \">\n                                                                                                        <\/ul>\n                    <div class=\"navTabContent \" id=\"top5-tab1\">\n                <ol class=\"flex\n                flex-wrap\n                \">\n                                    <\/ol>\n                            <\/div>\n                    <div class=\"navTabContent hidden\" id=\"top5-tab2\">\n                <ol class=\"flex\n                flex-wrap\n                \">\n                                    <\/ol>\n                            <\/div>\n                    <div class=\"navTabContent hidden\" id=\"top5-tab3\">\n                <ol class=\"flex\n                flex-wrap\n                \">\n                                    <\/ol>\n                            <\/div>\n        \n    <\/div>\n    <\/div>\n\n\n\n<p><\/p>\n","protected":false},"author":33,"featured_media":172474,"comment_status":"open","ping_status":"closed","template":"","news_cluster":[],"tradingcategory":[58519],"class_list":["post-172419","news","type-news","status-publish","has-post-thumbnail","hentry","tradingcategory-news-de"],"acf":[],"apple_news_notices":[],"yoast_head":"<!-- This site is optimized with the Yoast SEO plugin v27.2 - https:\/\/yoast.com\/product\/yoast-seo-wordpress\/ -->\n<title>Carl Zeiss Meditec News | Warum f\u00e4llt die Aktie?<\/title>\n<meta name=\"description\" content=\"Die Aktie des Medizintechnik Spezialisten Carl Zeiss Meditec muss heute herbe Abschl\u00e4ge einstecken. Das Unternehmen gab heute die endg\u00fcltigen Zahlen f\u00fcr\" \/>\n<meta name=\"robots\" content=\"index, follow, max-snippet:-1, max-image-preview:large, max-video-preview:-1\" \/>\n<link rel=\"canonical\" href=\"https:\/\/www.asktraders.com\/de\/finanznachrichten\/carl-zeiss-aktie-news-zahlen-bestaetigt-anleger-reagieren-dennoch-verschnupft-erste-kaufgelegenheiten-in-sicht\/\" \/>\n<meta property=\"og:locale\" content=\"de_DE\" \/>\n<meta property=\"og:type\" content=\"article\" \/>\n<meta property=\"og:title\" content=\"Carl Zeiss Meditec News | Warum f\u00e4llt die Aktie?\" \/>\n<meta property=\"og:description\" content=\"Die Aktie des Medizintechnik Spezialisten Carl Zeiss Meditec muss heute herbe Abschl\u00e4ge einstecken. Das Unternehmen gab heute die endg\u00fcltigen Zahlen f\u00fcr\" \/>\n<meta property=\"og:url\" content=\"https:\/\/www.asktraders.com\/de\/finanznachrichten\/carl-zeiss-aktie-news-zahlen-bestaetigt-anleger-reagieren-dennoch-verschnupft-erste-kaufgelegenheiten-in-sicht\/\" \/>\n<meta property=\"og:site_name\" content=\"AskTraders.com\" \/>\n<meta property=\"article:publisher\" content=\"https:\/\/www.facebook.com\/asktraderscom\" \/>\n<meta property=\"article:modified_time\" content=\"2023-05-09T12:34:58+00:00\" \/>\n<meta property=\"og:image\" content=\"https:\/\/www.asktraders.com\/wp-content\/uploads\/2023\/05\/carl-Zeiss.jpg\" \/>\n\t<meta property=\"og:image:width\" content=\"1000\" \/>\n\t<meta property=\"og:image:height\" content=\"595\" \/>\n\t<meta property=\"og:image:type\" content=\"image\/jpeg\" \/>\n<meta name=\"twitter:card\" content=\"summary_large_image\" \/>\n<meta name=\"twitter:site\" content=\"@Asktraders1\" \/>\n<meta name=\"twitter:label1\" content=\"Gesch\u00e4tzte Lesezeit\" \/>\n\t<meta name=\"twitter:data1\" content=\"6 Minuten\" \/>\n<script type=\"application\/ld+json\" class=\"yoast-schema-graph\">{\"@context\":\"https:\/\/schema.org\",\"@graph\":[{\"@type\":\"NewsArticle\",\"@id\":\"https:\/\/www.asktraders.com\/de\/finanznachrichten\/carl-zeiss-aktie-news-zahlen-bestaetigt-anleger-reagieren-dennoch-verschnupft-erste-kaufgelegenheiten-in-sicht\/#article\",\"isPartOf\":{\"@id\":\"https:\/\/www.asktraders.com\/de\/finanznachrichten\/carl-zeiss-aktie-news-zahlen-bestaetigt-anleger-reagieren-dennoch-verschnupft-erste-kaufgelegenheiten-in-sicht\/\"},\"author\":{\"name\":\"Ruben Wunderlich\",\"@id\":\"https:\/\/www.asktraders.com\/de\/#\/schema\/person\/6e2f89f6a9f3eecbfe9cf3be140769ba\",\"url\":\"https:\/\/www.asktraders.com\/de\/author\/rubenw\/\"},\"headline\":\"Carl Zeiss Aktie News: Zahlen best\u00e4tigt. Anleger reagieren dennoch verschnupft. Erste Kaufgelegenheiten in Sicht!\",\"datePublished\":\"2023-05-09T12:29:09+00:00\",\"dateModified\":\"2023-05-09T12:34:58+00:00\",\"mainEntityOfPage\":{\"@id\":\"https:\/\/www.asktraders.com\/de\/finanznachrichten\/carl-zeiss-aktie-news-zahlen-bestaetigt-anleger-reagieren-dennoch-verschnupft-erste-kaufgelegenheiten-in-sicht\/\"},\"wordCount\":846,\"commentCount\":0,\"publisher\":{\"@id\":\"https:\/\/www.asktraders.com\/de\/#organization\"},\"image\":{\"@id\":\"https:\/\/www.asktraders.com\/de\/finanznachrichten\/carl-zeiss-aktie-news-zahlen-bestaetigt-anleger-reagieren-dennoch-verschnupft-erste-kaufgelegenheiten-in-sicht\/#primaryimage\"},\"thumbnailUrl\":\"https:\/\/www.asktraders.com\/wp-content\/uploads\/2023\/05\/carl-Zeiss.jpg\",\"inLanguage\":\"de-DE\",\"potentialAction\":[{\"@type\":\"CommentAction\",\"name\":\"Comment\",\"target\":[\"https:\/\/www.asktraders.com\/de\/finanznachrichten\/carl-zeiss-aktie-news-zahlen-bestaetigt-anleger-reagieren-dennoch-verschnupft-erste-kaufgelegenheiten-in-sicht\/#respond\"]}]},{\"@type\":\"WebPage\",\"@id\":\"https:\/\/www.asktraders.com\/de\/finanznachrichten\/carl-zeiss-aktie-news-zahlen-bestaetigt-anleger-reagieren-dennoch-verschnupft-erste-kaufgelegenheiten-in-sicht\/\",\"url\":\"https:\/\/www.asktraders.com\/de\/finanznachrichten\/carl-zeiss-aktie-news-zahlen-bestaetigt-anleger-reagieren-dennoch-verschnupft-erste-kaufgelegenheiten-in-sicht\/\",\"name\":\"Carl Zeiss Meditec News | Warum f\u00e4llt die Aktie?\",\"isPartOf\":{\"@id\":\"https:\/\/www.asktraders.com\/de\/#website\"},\"primaryImageOfPage\":{\"@id\":\"https:\/\/www.asktraders.com\/de\/finanznachrichten\/carl-zeiss-aktie-news-zahlen-bestaetigt-anleger-reagieren-dennoch-verschnupft-erste-kaufgelegenheiten-in-sicht\/#primaryimage\"},\"image\":{\"@id\":\"https:\/\/www.asktraders.com\/de\/finanznachrichten\/carl-zeiss-aktie-news-zahlen-bestaetigt-anleger-reagieren-dennoch-verschnupft-erste-kaufgelegenheiten-in-sicht\/#primaryimage\"},\"thumbnailUrl\":\"https:\/\/www.asktraders.com\/wp-content\/uploads\/2023\/05\/carl-Zeiss.jpg\",\"datePublished\":\"2023-05-09T12:29:09+00:00\",\"dateModified\":\"2023-05-09T12:34:58+00:00\",\"description\":\"Die Aktie des Medizintechnik Spezialisten Carl Zeiss Meditec muss heute herbe Abschl\u00e4ge einstecken. Das Unternehmen gab heute die endg\u00fcltigen Zahlen f\u00fcr\",\"breadcrumb\":{\"@id\":\"https:\/\/www.asktraders.com\/de\/finanznachrichten\/carl-zeiss-aktie-news-zahlen-bestaetigt-anleger-reagieren-dennoch-verschnupft-erste-kaufgelegenheiten-in-sicht\/#breadcrumb\"},\"inLanguage\":\"de-DE\",\"potentialAction\":[{\"@type\":\"ReadAction\",\"target\":[\"https:\/\/www.asktraders.com\/de\/finanznachrichten\/carl-zeiss-aktie-news-zahlen-bestaetigt-anleger-reagieren-dennoch-verschnupft-erste-kaufgelegenheiten-in-sicht\/\"]}]},{\"@type\":\"ImageObject\",\"inLanguage\":\"de-DE\",\"@id\":\"https:\/\/www.asktraders.com\/de\/finanznachrichten\/carl-zeiss-aktie-news-zahlen-bestaetigt-anleger-reagieren-dennoch-verschnupft-erste-kaufgelegenheiten-in-sicht\/#primaryimage\",\"url\":\"https:\/\/www.asktraders.com\/wp-content\/uploads\/2023\/05\/carl-Zeiss.jpg\",\"contentUrl\":\"https:\/\/www.asktraders.com\/wp-content\/uploads\/2023\/05\/carl-Zeiss.jpg\",\"width\":1000,\"height\":595,\"caption\":\"Carl zeiss aktie\"},{\"@type\":\"BreadcrumbList\",\"@id\":\"https:\/\/www.asktraders.com\/de\/finanznachrichten\/carl-zeiss-aktie-news-zahlen-bestaetigt-anleger-reagieren-dennoch-verschnupft-erste-kaufgelegenheiten-in-sicht\/#breadcrumb\",\"itemListElement\":[{\"@type\":\"ListItem\",\"position\":1,\"name\":\"Home\",\"item\":\"https:\/\/www.asktraders.com\/de\/\"},{\"@type\":\"ListItem\",\"position\":2,\"name\":\"News\",\"item\":\"https:\/\/www.asktraders.com\/de\/finanznachrichten\/\"},{\"@type\":\"ListItem\",\"position\":3,\"name\":\"Carl Zeiss Aktie News: Zahlen best\u00e4tigt. Anleger reagieren dennoch verschnupft. Erste Kaufgelegenheiten in Sicht!\"}]},{\"@type\":\"WebSite\",\"@id\":\"https:\/\/www.asktraders.com\/de\/#website\",\"url\":\"https:\/\/www.asktraders.com\/de\/\",\"name\":\"AskTraders\",\"description\":\"Guiding You To Trading Success\",\"publisher\":{\"@id\":\"https:\/\/www.asktraders.com\/de\/#organization\"},\"inLanguage\":\"de-DE\"},{\"@type\":\"Organization\",\"@id\":\"https:\/\/www.asktraders.com\/de\/#organization\",\"name\":\"AskTraders\",\"url\":\"https:\/\/www.asktraders.com\/de\/\",\"logo\":{\"@type\":\"ImageObject\",\"inLanguage\":\"de-DE\",\"@id\":\"https:\/\/www.asktraders.com\/de\/#\/schema\/logo\/image\/\",\"url\":\"https:\/\/www.asktraders.com\/wp-content\/uploads\/2019\/05\/asktraders-logo-tm-white.png\",\"contentUrl\":\"https:\/\/www.asktraders.com\/wp-content\/uploads\/2019\/05\/asktraders-logo-tm-white.png\",\"width\":232,\"height\":38,\"caption\":\"AskTraders\"},\"image\":{\"@id\":\"https:\/\/www.asktraders.com\/de\/#\/schema\/logo\/image\/\"},\"sameAs\":[\"https:\/\/www.facebook.com\/asktraderscom\",\"https:\/\/x.com\/Asktraders1\"]},{\"@type\":\"Person\",\"@id\":\"https:\/\/www.asktraders.com\/de\/#\/schema\/person\/6e2f89f6a9f3eecbfe9cf3be140769ba\",\"name\":\"Ruben Wunderlich\",\"image\":{\"@type\":\"ImageObject\",\"inLanguage\":\"de-DE\",\"@id\":\"https:\/\/secure.gravatar.com\/avatar\/a169813ebb7fc5db497811c94e0e5111ffd756d2135b8bb267093c55024a2119?s=96&d=mm&r=g\",\"url\":\"https:\/\/secure.gravatar.com\/avatar\/a169813ebb7fc5db497811c94e0e5111ffd756d2135b8bb267093c55024a2119?s=96&d=mm&r=g\",\"contentUrl\":\"https:\/\/secure.gravatar.com\/avatar\/a169813ebb7fc5db497811c94e0e5111ffd756d2135b8bb267093c55024a2119?s=96&d=mm&r=g\",\"caption\":\"Ruben Wunderlich\"}}]}<\/script>\n<!-- \/ Yoast SEO plugin. -->","yoast_head_json":{"title":"Carl Zeiss Meditec News | Warum f\u00e4llt die Aktie?","description":"Die Aktie des Medizintechnik Spezialisten Carl Zeiss Meditec muss heute herbe Abschl\u00e4ge einstecken. Das Unternehmen gab heute die endg\u00fcltigen Zahlen f\u00fcr","robots":{"index":"index","follow":"follow","max-snippet":"max-snippet:-1","max-image-preview":"max-image-preview:large","max-video-preview":"max-video-preview:-1"},"canonical":"https:\/\/www.asktraders.com\/de\/finanznachrichten\/carl-zeiss-aktie-news-zahlen-bestaetigt-anleger-reagieren-dennoch-verschnupft-erste-kaufgelegenheiten-in-sicht\/","og_locale":"de_DE","og_type":"article","og_title":"Carl Zeiss Meditec News | Warum f\u00e4llt die Aktie?","og_description":"Die Aktie des Medizintechnik Spezialisten Carl Zeiss Meditec muss heute herbe Abschl\u00e4ge einstecken. Das Unternehmen gab heute die endg\u00fcltigen Zahlen f\u00fcr","og_url":"https:\/\/www.asktraders.com\/de\/finanznachrichten\/carl-zeiss-aktie-news-zahlen-bestaetigt-anleger-reagieren-dennoch-verschnupft-erste-kaufgelegenheiten-in-sicht\/","og_site_name":"AskTraders.com","article_publisher":"https:\/\/www.facebook.com\/asktraderscom","article_modified_time":"2023-05-09T12:34:58+00:00","og_image":[{"width":1000,"height":595,"url":"https:\/\/www.asktraders.com\/wp-content\/uploads\/2023\/05\/carl-Zeiss.jpg","type":"image\/jpeg"}],"twitter_card":"summary_large_image","twitter_site":"@Asktraders1","twitter_misc":{"Gesch\u00e4tzte Lesezeit":"6 Minuten"},"schema":{"@context":"https:\/\/schema.org","@graph":[{"@type":"NewsArticle","@id":"https:\/\/www.asktraders.com\/de\/finanznachrichten\/carl-zeiss-aktie-news-zahlen-bestaetigt-anleger-reagieren-dennoch-verschnupft-erste-kaufgelegenheiten-in-sicht\/#article","isPartOf":{"@id":"https:\/\/www.asktraders.com\/de\/finanznachrichten\/carl-zeiss-aktie-news-zahlen-bestaetigt-anleger-reagieren-dennoch-verschnupft-erste-kaufgelegenheiten-in-sicht\/"},"author":{"name":"Ruben Wunderlich","@id":"https:\/\/www.asktraders.com\/de\/#\/schema\/person\/6e2f89f6a9f3eecbfe9cf3be140769ba","url":"https:\/\/www.asktraders.com\/de\/author\/rubenw\/"},"headline":"Carl Zeiss Aktie News: Zahlen best\u00e4tigt. Anleger reagieren dennoch verschnupft. Erste Kaufgelegenheiten in Sicht!","datePublished":"2023-05-09T12:29:09+00:00","dateModified":"2023-05-09T12:34:58+00:00","mainEntityOfPage":{"@id":"https:\/\/www.asktraders.com\/de\/finanznachrichten\/carl-zeiss-aktie-news-zahlen-bestaetigt-anleger-reagieren-dennoch-verschnupft-erste-kaufgelegenheiten-in-sicht\/"},"wordCount":846,"commentCount":0,"publisher":{"@id":"https:\/\/www.asktraders.com\/de\/#organization"},"image":{"@id":"https:\/\/www.asktraders.com\/de\/finanznachrichten\/carl-zeiss-aktie-news-zahlen-bestaetigt-anleger-reagieren-dennoch-verschnupft-erste-kaufgelegenheiten-in-sicht\/#primaryimage"},"thumbnailUrl":"https:\/\/www.asktraders.com\/wp-content\/uploads\/2023\/05\/carl-Zeiss.jpg","inLanguage":"de-DE","potentialAction":[{"@type":"CommentAction","name":"Comment","target":["https:\/\/www.asktraders.com\/de\/finanznachrichten\/carl-zeiss-aktie-news-zahlen-bestaetigt-anleger-reagieren-dennoch-verschnupft-erste-kaufgelegenheiten-in-sicht\/#respond"]}]},{"@type":"WebPage","@id":"https:\/\/www.asktraders.com\/de\/finanznachrichten\/carl-zeiss-aktie-news-zahlen-bestaetigt-anleger-reagieren-dennoch-verschnupft-erste-kaufgelegenheiten-in-sicht\/","url":"https:\/\/www.asktraders.com\/de\/finanznachrichten\/carl-zeiss-aktie-news-zahlen-bestaetigt-anleger-reagieren-dennoch-verschnupft-erste-kaufgelegenheiten-in-sicht\/","name":"Carl Zeiss Meditec News | Warum f\u00e4llt die Aktie?","isPartOf":{"@id":"https:\/\/www.asktraders.com\/de\/#website"},"primaryImageOfPage":{"@id":"https:\/\/www.asktraders.com\/de\/finanznachrichten\/carl-zeiss-aktie-news-zahlen-bestaetigt-anleger-reagieren-dennoch-verschnupft-erste-kaufgelegenheiten-in-sicht\/#primaryimage"},"image":{"@id":"https:\/\/www.asktraders.com\/de\/finanznachrichten\/carl-zeiss-aktie-news-zahlen-bestaetigt-anleger-reagieren-dennoch-verschnupft-erste-kaufgelegenheiten-in-sicht\/#primaryimage"},"thumbnailUrl":"https:\/\/www.asktraders.com\/wp-content\/uploads\/2023\/05\/carl-Zeiss.jpg","datePublished":"2023-05-09T12:29:09+00:00","dateModified":"2023-05-09T12:34:58+00:00","description":"Die Aktie des Medizintechnik Spezialisten Carl Zeiss Meditec muss heute herbe Abschl\u00e4ge einstecken. Das Unternehmen gab heute die endg\u00fcltigen Zahlen f\u00fcr","breadcrumb":{"@id":"https:\/\/www.asktraders.com\/de\/finanznachrichten\/carl-zeiss-aktie-news-zahlen-bestaetigt-anleger-reagieren-dennoch-verschnupft-erste-kaufgelegenheiten-in-sicht\/#breadcrumb"},"inLanguage":"de-DE","potentialAction":[{"@type":"ReadAction","target":["https:\/\/www.asktraders.com\/de\/finanznachrichten\/carl-zeiss-aktie-news-zahlen-bestaetigt-anleger-reagieren-dennoch-verschnupft-erste-kaufgelegenheiten-in-sicht\/"]}]},{"@type":"ImageObject","inLanguage":"de-DE","@id":"https:\/\/www.asktraders.com\/de\/finanznachrichten\/carl-zeiss-aktie-news-zahlen-bestaetigt-anleger-reagieren-dennoch-verschnupft-erste-kaufgelegenheiten-in-sicht\/#primaryimage","url":"https:\/\/www.asktraders.com\/wp-content\/uploads\/2023\/05\/carl-Zeiss.jpg","contentUrl":"https:\/\/www.asktraders.com\/wp-content\/uploads\/2023\/05\/carl-Zeiss.jpg","width":1000,"height":595,"caption":"Carl zeiss aktie"},{"@type":"BreadcrumbList","@id":"https:\/\/www.asktraders.com\/de\/finanznachrichten\/carl-zeiss-aktie-news-zahlen-bestaetigt-anleger-reagieren-dennoch-verschnupft-erste-kaufgelegenheiten-in-sicht\/#breadcrumb","itemListElement":[{"@type":"ListItem","position":1,"name":"Home","item":"https:\/\/www.asktraders.com\/de\/"},{"@type":"ListItem","position":2,"name":"News","item":"https:\/\/www.asktraders.com\/de\/finanznachrichten\/"},{"@type":"ListItem","position":3,"name":"Carl Zeiss Aktie News: Zahlen best\u00e4tigt. Anleger reagieren dennoch verschnupft. Erste Kaufgelegenheiten in Sicht!"}]},{"@type":"WebSite","@id":"https:\/\/www.asktraders.com\/de\/#website","url":"https:\/\/www.asktraders.com\/de\/","name":"AskTraders","description":"Guiding You To Trading Success","publisher":{"@id":"https:\/\/www.asktraders.com\/de\/#organization"},"inLanguage":"de-DE"},{"@type":"Organization","@id":"https:\/\/www.asktraders.com\/de\/#organization","name":"AskTraders","url":"https:\/\/www.asktraders.com\/de\/","logo":{"@type":"ImageObject","inLanguage":"de-DE","@id":"https:\/\/www.asktraders.com\/de\/#\/schema\/logo\/image\/","url":"https:\/\/www.asktraders.com\/wp-content\/uploads\/2019\/05\/asktraders-logo-tm-white.png","contentUrl":"https:\/\/www.asktraders.com\/wp-content\/uploads\/2019\/05\/asktraders-logo-tm-white.png","width":232,"height":38,"caption":"AskTraders"},"image":{"@id":"https:\/\/www.asktraders.com\/de\/#\/schema\/logo\/image\/"},"sameAs":["https:\/\/www.facebook.com\/asktraderscom","https:\/\/x.com\/Asktraders1"]},{"@type":"Person","@id":"https:\/\/www.asktraders.com\/de\/#\/schema\/person\/6e2f89f6a9f3eecbfe9cf3be140769ba","name":"Ruben Wunderlich","image":{"@type":"ImageObject","inLanguage":"de-DE","@id":"https:\/\/secure.gravatar.com\/avatar\/a169813ebb7fc5db497811c94e0e5111ffd756d2135b8bb267093c55024a2119?s=96&d=mm&r=g","url":"https:\/\/secure.gravatar.com\/avatar\/a169813ebb7fc5db497811c94e0e5111ffd756d2135b8bb267093c55024a2119?s=96&d=mm&r=g","contentUrl":"https:\/\/secure.gravatar.com\/avatar\/a169813ebb7fc5db497811c94e0e5111ffd756d2135b8bb267093c55024a2119?s=96&d=mm&r=g","caption":"Ruben Wunderlich"}}]}},"_links":{"self":[{"href":"https:\/\/www.asktraders.com\/de\/wp-json\/wp\/v2\/news\/172419","targetHints":{"allow":["GET"]}}],"collection":[{"href":"https:\/\/www.asktraders.com\/de\/wp-json\/wp\/v2\/news"}],"about":[{"href":"https:\/\/www.asktraders.com\/de\/wp-json\/wp\/v2\/types\/news"}],"author":[{"embeddable":true,"href":"https:\/\/www.asktraders.com\/de\/wp-json\/wp\/v2\/users\/33"}],"replies":[{"embeddable":true,"href":"https:\/\/www.asktraders.com\/de\/wp-json\/wp\/v2\/comments?post=172419"}],"version-history":[{"count":0,"href":"https:\/\/www.asktraders.com\/de\/wp-json\/wp\/v2\/news\/172419\/revisions"}],"wp:featuredmedia":[{"embeddable":true,"href":"https:\/\/www.asktraders.com\/de\/wp-json\/wp\/v2\/media\/172474"}],"wp:attachment":[{"href":"https:\/\/www.asktraders.com\/de\/wp-json\/wp\/v2\/media?parent=172419"}],"wp:term":[{"taxonomy":"news_cluster","embeddable":true,"href":"https:\/\/www.asktraders.com\/de\/wp-json\/wp\/v2\/news_cluster?post=172419"},{"taxonomy":"tradingcategory","embeddable":true,"href":"https:\/\/www.asktraders.com\/de\/wp-json\/wp\/v2\/tradingcategory?post=172419"}],"curies":[{"name":"wp","href":"https:\/\/api.w.org\/{rel}","templated":true}]}}