{"id":172644,"date":"2023-05-10T13:45:47","date_gmt":"2023-05-10T12:45:47","guid":{"rendered":"https:\/\/www.asktraders.com\/?post_type=news&#038;p=172644"},"modified":"2023-05-10T13:46:15","modified_gmt":"2023-05-10T12:46:15","slug":"brenntag-aktie-news-zahlen-im-rahmen-der-erwartungen-investoren-koennten-jetzt-position-aufbauen","status":"publish","type":"news","link":"https:\/\/www.asktraders.com\/de\/finanznachrichten\/brenntag-aktie-news-zahlen-im-rahmen-der-erwartungen-investoren-koennten-jetzt-position-aufbauen\/","title":{"rendered":"Brenntag Aktie News: Zahlen im Rahmen der Erwartungen. Investoren k\u00f6nnten jetzt Position aufbauen."},"content":{"rendered":"\n<p><strong>Brenntag vermeldete heute die Zahlen zum ersten Quartal 2023. Die Ergebnisse liegen mitunter unter denen des Vorjahresquartal (Q1 2022). Allerdings wurde dies bereits so erwartet. 2022 war f\u00fcr Brenntag ein sehr starkes Jahr.<\/strong><\/p>\n\n\n\n<div class=\"wp-block-group main-cta is-layout-flow wp-block-group-is-layout-flow\" style=\"padding-top:10px;padding-right:10px;padding-bottom:10px;padding-left:10px\">\n<hr class=\"wp-block-separator has-text-color has-gray-color has-alpha-channel-opacity has-gray-background-color has-background is-style-wide\"\/>\n\n\n\n<div style=\"height:28px\" aria-hidden=\"true\" class=\"wp-block-spacer\"><\/div>\n\n\n\n<div class=\"wp-block-buttons is-content-justification-center is-layout-flex wp-container-core-buttons-is-layout-16018d1d wp-block-buttons-is-layout-flex\">\n<div class=\"wp-block-button has-custom-width wp-block-button__width-100 has-custom-font-size is-style-fill has-small-font-size\"><a class=\"wp-block-button__link has-green-background-color has-background\" href=\"https:\/\/www.asktraders.com\/de\/go\/native?placement=AT-DE-DE-stocks-NCTA-B1-NA-NA-NA\" style=\"border-radius:5px;padding-top:11px;padding-right:40px;padding-bottom:11px;padding-left:40px\" target=\"_blank\" rel=\"noreferrer noopener\">HIER GEHT&#8217;s zur Brenntag Aktie<\/a><\/div>\n<\/div>\n\n\n\n<p class=\"has-text-align-center\">Ihr Kapital ist in Gefahr<\/p>\n\n\n\n<hr class=\"wp-block-separator has-text-color has-gray-color has-alpha-channel-opacity has-gray-background-color has-background is-style-wide\"\/>\n<\/div>\n\n\n<figure class=\"aligncenter wp-block-post-featured-image\"><img loading=\"lazy\" decoding=\"async\" width=\"803\" height=\"555\" src=\"https:\/\/www.asktraders.com\/wp-content\/uploads\/2023\/05\/Brenntag-Aktien-news.jpg\" class=\"attachment-post-thumbnail size-post-thumbnail wp-post-image\" alt=\"Brenntag Aktie\" style=\"object-fit:cover;\" srcset=\"https:\/\/www.asktraders.com\/wp-content\/uploads\/2023\/05\/Brenntag-Aktien-news.jpg 803w, https:\/\/www.asktraders.com\/wp-content\/uploads\/2023\/05\/Brenntag-Aktien-news-333x230.jpg 333w, https:\/\/www.asktraders.com\/wp-content\/uploads\/2023\/05\/Brenntag-Aktien-news-793x548.jpg 793w, https:\/\/www.asktraders.com\/wp-content\/uploads\/2023\/05\/Brenntag-Aktien-news-768x531.jpg 768w\" sizes=\"auto, (max-width: 803px) 100vw, 803px\" \/><\/figure>\n\n\n<p class=\"has-text-align-center\"><em>Brenntag liefert erwartete Quartalszahlen\/ Bilderquelle: coporate.brenntag.com<\/em><\/p>\n\n\n<div class=\"wp-block-notice has-background has-light-green-background-color py-2 px-[30px]\">\n\n    <div>\n        \n\n<h3 class=\"wp-block-heading\"  class=\"wp-block-heading\"  id=\"auf_den_punkt_gebracht\">Auf den Punkt gebracht <\/h3>\n\n\n\n<ul class=\"wp-block-list\"><li>449 Mio. EUR Free Cashflow (9x h\u00f6her als im Vorjahreszeitraum)<\/li><li>1,40 EUR Gewinn je Aktie (1,61 EUR in Q1 2022)<\/li><li>Umsatzerl\u00f6se auf dem Niveau des Vorjahreszeitraums<\/li><li>345 Mio. EUR EBITA (-12 % zu Q1 2022)<\/li><li>Ausblick f\u00fcr 2023 ist best\u00e4tigt: EBITA 1,3 bis 1,5 Mrd. EUR f\u00fcr 2023 erwartet<\/li><\/ul>\n\n\n    <\/div>\n<\/div>\n\n\n\n<p>Die im <a href=\"https:\/\/www.asktraders.com\/de\/traden-lernen\/trading-ratgeber\/dax-40-unternehmen\/\">DAX <\/a>notierte Brenntag Aktie verliert am fr\u00fchen Morgen leicht<strong>. Die Ergebnisse liegen weitestgehend im Rahmen der Erwartungen. <\/strong><\/p>\n\n\n\n<figure class=\"wp-block-image aligncenter size-full\"><img loading=\"lazy\" decoding=\"async\" width=\"706\" height=\"500\" src=\"https:\/\/www.asktraders.com\/wp-content\/uploads\/2023\/05\/brenntag-aktienkurs.jpg\" alt=\"Brenntag aktie\" class=\"wp-image-172781\" srcset=\"https:\/\/www.asktraders.com\/wp-content\/uploads\/2023\/05\/brenntag-aktienkurs.jpg 706w, https:\/\/www.asktraders.com\/wp-content\/uploads\/2023\/05\/brenntag-aktienkurs-333x236.jpg 333w\" sizes=\"auto, (max-width: 706px) 100vw, 706px\" \/><figcaption><em>Das ist der Brenntag Aktienchart vom 10.05.2023\/ Bilderquelle: traderfox.com<\/em><\/figcaption><\/figure>\n\n\n\n<p>Zwar hatten Analysten im Schnitt etwas weniger gute Zahlen prognostiziert.<\/p>\n\n\n\n<p>Aber im Ganzen gesehen pulverisierte Brenntag die Einsch\u00e4tzungen auch nicht. Hinzu kommt, dass das Unternehmen die <strong>weitere Entwicklung im Jahr so einsch\u00e4tzt, wie es bereits kommuniziert wurde<\/strong>.<\/p>\n\n\n\n<div class=\"wp-block-media-text alignwide has-media-on-the-right is-stacked-on-mobile\" style=\"grid-template-columns:auto 39%\"><figure class=\"wp-block-media-text__media\"><img loading=\"lazy\" decoding=\"async\" width=\"191\" height=\"246\" src=\"https:\/\/www.asktraders.com\/wp-content\/uploads\/2023\/05\/brenntag-aktien.jpg\" alt=\"brenntag aktie\" class=\"wp-image-172779 size-full\"\/><\/figure><div class=\"wp-block-media-text__content\">\n<blockquote class=\"wp-block-quote has-light-green-background-color has-background has-medium-font-size is-layout-flow wp-block-quote-is-layout-flow\"><p><em>\u201eWir haben eine sukzessive monatliche Zunahme der Nachfrage und damit erste Anzeichen f\u00fcr eine positive Mengenentwicklung im zweiten Quartal beobachtet. Dies ist ein zus\u00e4tzlicher Ansporn f\u00fcr unsere Kolleginnen und Kollegen weltweit, die in diesem schwierigen Umfeld entschlossen daran arbeiten, Gesch\u00e4ftsm\u00f6glichkeiten zu realisieren und unser Unternehmen weiterzuentwickeln.\u201c<\/em><\/p><cite><em><strong>Dr. Christian Kohlpaintner, Vorstandsvorsitzender der Brenntag SE: <\/strong><\/em><\/cite><\/blockquote>\n<\/div><\/div>\n\n\n\n<p>Sollten sich die Erwartungen des Vorstandes erf\u00fcllen und Brenntag ein EBIT zwischen 1,3 und 1,5 Mrd. EUR einfahren, dann<strong> k\u00f6nnte dies die starken Ergebnisse des Jahres 2022 sogar noch \u00fcbertreffen<\/strong> (1,34 Mrd. EUR EBIT).<\/p>\n\n\n\n<p>Seit Beginn des Jahres ist die Brenntag Aktie im Augenblick mit \u00fcber 21 Prozent im Plus. <\/p>\n\n\n\n<p>Auf der Hauptversammlung am 15.06.2023 wird eine <a href=\"https:\/\/www.asktraders.com\/de\/traden-lernen\/trading-ratgeber\/grundlagen-risikomanagement\/\">Dividende <\/a>von 2 EUR je Aktie vorgeschlagen.  Damit erhalten Aktion\u00e4re eine saftige Dividendensteigerung.<\/p>\n\n\n\n<h2 class=\"wp-block-heading\" class=\"wp-block-heading\" id=\"einschaetzung_der_analysten\">Einsch\u00e4tzung der Analysten<\/h2>\n\n\n\n<ul class=\"wp-block-list\"><li>Jefferies: bel\u00e4sst Einstufung bei &#8222;Hold&#8220;; Kursziel: 76 EUR<\/li><li>J.P. Morgan bel\u00e4sst Einsch\u00e4tzung bei &#8222;Neutral&#8220;; Kursziel: 83 EUR<\/li><li>Baader Bank beh\u00e4lt Einstufung bei &#8222;Buy&#8220;; Kursziel: 99 EUR<\/li><\/ul>\n\n\n\n<p>Die o.g. Analystenh\u00e4user haben ihre Einsch\u00e4tzung nach Bekanntgabe der Quartalsergebnisse abgegeben. Da die Ergebnisse des Konzerns im Rahmen der Erwartungen lagen, \u00e4nderte sich an den Einstufungen auch nichts.<\/p>\n\n\n\n<figure class=\"wp-block-image aligncenter size-large\"><img loading=\"lazy\" decoding=\"async\" width=\"793\" height=\"322\" src=\"https:\/\/www.asktraders.com\/wp-content\/uploads\/2023\/05\/news-brenntag-793x322.jpg\" alt=\"Brenntag Aktie news\" class=\"wp-image-172776\" srcset=\"https:\/\/www.asktraders.com\/wp-content\/uploads\/2023\/05\/news-brenntag-793x322.jpg 793w, https:\/\/www.asktraders.com\/wp-content\/uploads\/2023\/05\/news-brenntag-333x135.jpg 333w, https:\/\/www.asktraders.com\/wp-content\/uploads\/2023\/05\/news-brenntag-768x312.jpg 768w, https:\/\/www.asktraders.com\/wp-content\/uploads\/2023\/05\/news-brenntag.jpg 1076w\" sizes=\"auto, (max-width: 793px) 100vw, 793px\" \/><\/figure>\n\n\n<div class=\"wp-block-notice has-background has-light-green-background-color py-2 px-[30px]\">\n\n    <div>\n        \n\n<h2 class=\"wp-block-heading\" class=\"wp-block-heading\" id=\"unsere_einschaetzung\">Unsere Einsch\u00e4tzung<\/h2>\n\n\n\n<ul class=\"wp-block-list\"><li>Brenntag ist ein Qualit\u00e4tsunternehmen. Die Aktiengesellschaft ist Weltmarktf\u00fchrer in der Distribution (d.h. Lagerung, Vertrieb, Lieferung usw.) von Chemikalien und Inhaltsstoffen. <\/li><li>Da auf diesem Gebiet strenge Vorschriften, Regulierungen und Sicherheitsstandards sowie eine geh\u00f6rige Portion Expertise dazugeh\u00f6ren, k\u00f6nnen Konkurrenzunternehmen nicht einfach beliebig in den Markt eintreten.<\/li><li>Au\u00dferdem ist Brenntag dabei, die Transformation zu einem daten- und technologieorientierten Unternehmen voranzutreiben. Der Konzern sitzt auf einem riesigen Schatz an wertvollen Daten.<\/li><li>Brenntags Ziel ist es, der &#8222;bevorzugte Gesch\u00e4ftspartner im \u00d6kosystem der Distribution von Chemikalien und Inhaltsstoffen&#8220; zu werden.<\/li><li>Das Jahr 2022 war f\u00fcr Brenntag das mit Abstand beste Jahr der Unternehmensgeschichte. 2023 k\u00f6nnte \u00e4hnlich gut aussehen. F\u00fcr die weiteren Jahre sind Steigerungen zu erwarten.<\/li><li>Unserer Meinung nach ist die Brenntag Aktie f\u00fcr langfristig orientierte Anleger eine \u00dcberlegung wert. Interessant ist die Aktie auch deshalb, weil Investoren hier in ein Segment investieren k\u00f6nnen, in der die Auswahl an Qualit\u00e4tsunternehmen eher gering ist. Damit schaffen Anleger eine <a href=\"https:\/\/www.asktraders.com\/de\/traden-lernen\/trading-ratgeber\/grundlagen-risikomanagement\/\">Diversifikation <\/a>in ihrem Portfolio.<\/li><\/ul>\n\n\n    <\/div>\n<\/div>\n\n\n\n<div class=\"wp-block-group main-cta is-layout-flow wp-block-group-is-layout-flow\" style=\"padding-top:10px;padding-right:10px;padding-bottom:10px;padding-left:10px\">\n<hr class=\"wp-block-separator has-text-color has-gray-color has-alpha-channel-opacity has-gray-background-color has-background is-style-wide\"\/>\n\n\n\n<div style=\"height:28px\" aria-hidden=\"true\" class=\"wp-block-spacer\"><\/div>\n\n\n\n<div class=\"wp-block-buttons is-content-justification-center is-layout-flex wp-container-core-buttons-is-layout-16018d1d wp-block-buttons-is-layout-flex\">\n<div class=\"wp-block-button has-custom-width wp-block-button__width-100 has-custom-font-size is-style-fill has-small-font-size\"><a class=\"wp-block-button__link has-green-background-color has-background\" href=\"https:\/\/www.asktraders.com\/de\/go\/native?placement=AT-DE-DE-stocks-NCTA-B1-NA-NA-NA\" style=\"border-radius:5px;padding-top:11px;padding-right:40px;padding-bottom:11px;padding-left:40px\" target=\"_blank\" rel=\"noreferrer noopener\">HIER GEHT&#8217;s zur Brenntag Aktie<\/a><\/div>\n<\/div>\n\n\n\n<p class=\"has-text-align-center\">Ihr Kapital ist in Gefahr<\/p>\n\n\n\n<hr class=\"wp-block-separator has-text-color has-gray-color has-alpha-channel-opacity has-gray-background-color has-background is-style-wide\"\/>\n<\/div>\n\n\n<aside class=\"wp-block-related-posts  \" >\n                    \n\n<h3 class=\"wp-block-heading\" class=\"wp-block-heading\" id=\"leser_interessieren_sich_auch_fuer\">Leser interessieren sich auch f\u00fcr:<\/h3>\n\n\n        <ul class=\"grid grid-cols-1 md:grid-cols-2 gap-4 lg:grid-cols-1\">\n                            <li class=\"w-full p-3 rounded-lg shadow md:w-full\">\n                    <a href=\"https:\/\/www.asktraders.com\/de\/traden-lernen\/trading-ratgeber\/trading-tipps-die-jeder-trader-kennen-sollte\/\" class=\"flex\">\n                        <img loading=\"lazy\" decoding=\"async\" width=\"150\" height=\"150\" src=\"https:\/\/www.asktraders.com\/wp-content\/uploads\/2019\/03\/shutterstock_1017297325-150x150.jpg\" class=\"w-1\/3 rounded object-cover  wp-post-image\" alt=\"Trading\" srcset=\"https:\/\/www.asktraders.com\/wp-content\/uploads\/2019\/03\/shutterstock_1017297325-150x150.jpg 150w, https:\/\/www.asktraders.com\/wp-content\/uploads\/2019\/03\/shutterstock_1017297325-100x100.jpg 100w, https:\/\/www.asktraders.com\/wp-content\/uploads\/2019\/03\/shutterstock_1017297325-64x64.jpg 64w, https:\/\/www.asktraders.com\/wp-content\/uploads\/2019\/03\/shutterstock_1017297325-26x26.jpg 26w\" sizes=\"auto, (max-width: 150px) 100vw, 150px\" \/>\n                        <div class=\"flex flex-col w-2\/3 pl-3\">\n                                                        <span\n                                class=\"block py-1 grow text-sm font-bold \">5 Tipps, die jeder Trader kennen sollte<\/span>\n                                                            <span class=\"text-xs uppercase\">\n                                    Analyst Team\n                                <\/span>\n                                                    <\/div>\n                    <\/a>\n                <\/li>\n                            <li class=\"w-full p-3 rounded-lg shadow md:w-full\">\n                    <a href=\"https:\/\/www.asktraders.com\/de\/traden-lernen\/technische-analyse\/chart-technische-analyse\/\" class=\"flex\">\n                        <img loading=\"lazy\" decoding=\"async\" width=\"150\" height=\"150\" src=\"https:\/\/www.asktraders.com\/wp-content\/uploads\/2019\/10\/shutterstock_599600603-150x150.jpg\" class=\"w-1\/3 rounded object-cover  wp-post-image\" alt=\"CFD-Brokers\" srcset=\"https:\/\/www.asktraders.com\/wp-content\/uploads\/2019\/10\/shutterstock_599600603-150x150.jpg 150w, https:\/\/www.asktraders.com\/wp-content\/uploads\/2019\/10\/shutterstock_599600603-100x100.jpg 100w, https:\/\/www.asktraders.com\/wp-content\/uploads\/2019\/10\/shutterstock_599600603-64x64.jpg 64w, https:\/\/www.asktraders.com\/wp-content\/uploads\/2019\/10\/shutterstock_599600603-26x26.jpg 26w\" sizes=\"auto, (max-width: 150px) 100vw, 150px\" \/>\n                        <div class=\"flex flex-col w-2\/3 pl-3\">\n                                                        <span\n                                class=\"block py-1 grow text-sm font-bold \">(Chart-) technische Analyse<\/span>\n                                                            <span class=\"text-xs uppercase\">\n                                    Analyst Team\n                                <\/span>\n                                                    <\/div>\n                    <\/a>\n                <\/li>\n                            <li class=\"w-full p-3 rounded-lg shadow md:w-full\">\n                    <a href=\"https:\/\/www.asktraders.com\/de\/traden-lernen\/aktien\/aktien-online-kaufen\/\" class=\"flex\">\n                        <img loading=\"lazy\" decoding=\"async\" width=\"150\" height=\"150\" src=\"https:\/\/www.asktraders.com\/wp-content\/uploads\/2020\/09\/Aktien-online-kaufen-150x150.jpg\" class=\"w-1\/3 rounded object-cover  wp-post-image\" alt=\"Aktien online kaufen\" \/>\n                        <div class=\"flex flex-col w-2\/3 pl-3\">\n                                                        <span\n                                class=\"block py-1 grow text-sm font-bold \">Aktien Online kaufen: Die besten Tipps zum Handel mit Aktien<\/span>\n                                                            <span class=\"text-xs uppercase\">\n                                    Christian Habeck\n                                <\/span>\n                                                    <\/div>\n                    <\/a>\n                <\/li>\n                    <\/ul>\n            \n    <\/aside>\n\n\n<aside class=\"wp-block-related-posts  \" data-sidebar>\n                    \n\n<h2 class=\"wp-block-heading\"  class=\"wp-block-heading\"  id=\"aktuelle_beitraege\">Aktuelle Beitr\u00e4ge<\/h2>\n\n\n        <ul class=\"grid grid-cols-1 md:grid-cols-2 gap-4 lg:grid-cols-1\">\n                            <li class=\"w-full p-3 rounded-lg shadow md:w-full\">\n                    <a href=\"https:\/\/www.asktraders.com\/de\/finanznachrichten\/evonik-aktien-erreichen-neues-tief-als-e13-durchbrochen-werden\/\" class=\"flex\">\n                        <img loading=\"lazy\" decoding=\"async\" width=\"150\" height=\"150\" src=\"https:\/\/www.asktraders.com\/wp-content\/uploads\/2023\/05\/evonik-aktie-prognose-150x150.jpg\" class=\"w-1\/3 rounded object-cover  wp-post-image\" alt=\"Evonik Aktie\" \/>\n                        <div class=\"flex flex-col w-2\/3 pl-3\">\n                                                        <span\n                                class=\"block py-1 grow text-sm font-bold \">Evonik Aktien erreichen neues Tief, als \u20ac13 durchbrochen werden<\/span>\n                                                            <span class=\"text-xs uppercase\">\n                                    Analyst Team\n                                <\/span>\n                                                    <\/div>\n                    <\/a>\n                <\/li>\n                            <li class=\"w-full p-3 rounded-lg shadow md:w-full\">\n                    <a href=\"https:\/\/www.asktraders.com\/de\/finanznachrichten\/2g-energy-ag-aktie-erholt-sich-von-unterstuetzung-steigerung-von-10\/\" class=\"flex\">\n                        <img loading=\"lazy\" decoding=\"async\" width=\"150\" height=\"150\" src=\"https:\/\/www.asktraders.com\/wp-content\/uploads\/2025\/08\/power-and-energy-150x150.jpg\" class=\"w-1\/3 rounded object-cover  wp-post-image\" alt=\"Uniper UN0\" \/>\n                        <div class=\"flex flex-col w-2\/3 pl-3\">\n                                                        <span\n                                class=\"block py-1 grow text-sm font-bold \">2G Energy AG Aktie erholt sich von Unterst\u00fctzung \u2013 Steigerung von 10%<\/span>\n                                                            <span class=\"text-xs uppercase\">\n                                    Analyst Team\n                                <\/span>\n                                                    <\/div>\n                    <\/a>\n                <\/li>\n                            <li class=\"w-full p-3 rounded-lg shadow md:w-full\">\n                    <a href=\"https:\/\/www.asktraders.com\/de\/finanznachrichten\/mercedes-benz-aktie-goldman-sachs-initiiert-analystendeckung-mit-positiver-einschaetzung\/\" class=\"flex\">\n                        <img loading=\"lazy\" decoding=\"async\" width=\"150\" height=\"150\" src=\"https:\/\/www.asktraders.com\/wp-content\/uploads\/2023\/06\/aktie-mercedes-150x150.jpg\" class=\"w-1\/3 rounded object-cover  wp-post-image\" alt=\"Mercedes Aktie\" \/>\n                        <div class=\"flex flex-col w-2\/3 pl-3\">\n                                                        <span\n                                class=\"block py-1 grow text-sm font-bold \">Mercedes-Benz Aktie: Goldman Sachs initiiert Analystendeckung mit positiver Einsch\u00e4tzung<\/span>\n                                                            <span class=\"text-xs uppercase\">\n                                    Analyst Team\n                                <\/span>\n                                                    <\/div>\n                    <\/a>\n                <\/li>\n                            <li class=\"w-full p-3 rounded-lg shadow md:w-full\">\n                    <a href=\"https:\/\/www.asktraders.com\/de\/finanznachrichten\/dax-aktien-erholen-sich-nach-nvidia-beben-maerkte-atmen-auf\/\" class=\"flex\">\n                        <img loading=\"lazy\" decoding=\"async\" width=\"150\" height=\"150\" src=\"https:\/\/www.asktraders.com\/wp-content\/uploads\/2023\/04\/dax-handeln-150x150.jpg\" class=\"w-1\/3 rounded object-cover  wp-post-image\" alt=\"\" \/>\n                        <div class=\"flex flex-col w-2\/3 pl-3\">\n                                                        <span\n                                class=\"block py-1 grow text-sm font-bold \">DAX-Aktien erholen sich nach Nvidia-Beben: M\u00e4rkte atmen auf<\/span>\n                                                            <span class=\"text-xs uppercase\">\n                                    Analyst Team\n                                <\/span>\n                                                    <\/div>\n                    <\/a>\n                <\/li>\n                            <li class=\"w-full p-3 rounded-lg shadow md:w-full\">\n                    <a href=\"https:\/\/www.asktraders.com\/de\/finanznachrichten\/rheinmetall-aktien-finden-unterstuetzung-bei-1-600-e-wie-geht-es-weiter\/\" class=\"flex\">\n                        <img loading=\"lazy\" decoding=\"async\" width=\"150\" height=\"150\" src=\"https:\/\/www.asktraders.com\/wp-content\/uploads\/2022\/11\/Die-Rheinmetall-Aktie-im-Chart-150x150.jpg\" class=\"w-1\/3 rounded object-cover  wp-post-image\" alt=\"Die Rheinmetall Aktie im Chart\" \/>\n                        <div class=\"flex flex-col w-2\/3 pl-3\">\n                                                        <span\n                                class=\"block py-1 grow text-sm font-bold \">Rheinmetall-Aktien finden Unterst\u00fctzung bei 1.600 \u20ac \u2013 Wie geht es weiter?<\/span>\n                                                            <span class=\"text-xs uppercase\">\n                                    Analyst Team\n                                <\/span>\n                                                    <\/div>\n                    <\/a>\n                <\/li>\n                    <\/ul>\n            \n    <\/aside>\n\n\n<div class=\"wp-block-top5-broker\" data-sidebar>\n        <div>\n        \n\n<h2 class=\"wp-block-heading\"  class=\"wp-block-heading\"  id=\"\"><\/h2>\n\n\n    <\/div>\n            <div class=\"block bg-white rounded-lg shadow\">\n        <ul\n            class=\"flex flex-wrap w-full -mb-px list-none border-b-2 navTabs \">\n                                                                                                        <\/ul>\n                    <div class=\"navTabContent \" id=\"top5-tab1\">\n                <ol class=\"flex\n                flex-wrap\n                \">\n                                    <\/ol>\n                            <\/div>\n                    <div class=\"navTabContent hidden\" id=\"top5-tab2\">\n                <ol class=\"flex\n                flex-wrap\n                \">\n                                    <\/ol>\n                            <\/div>\n                    <div class=\"navTabContent hidden\" id=\"top5-tab3\">\n                <ol class=\"flex\n                flex-wrap\n                \">\n                                    <\/ol>\n                            <\/div>\n        \n    <\/div>\n    <\/div>\n","protected":false},"author":33,"featured_media":172778,"comment_status":"open","ping_status":"closed","template":"","news_cluster":[],"tradingcategory":[58519],"class_list":["post-172644","news","type-news","status-publish","has-post-thumbnail","hentry","tradingcategory-news-de"],"acf":[],"apple_news_notices":[],"yoast_head":"<!-- This site is optimized with the Yoast SEO plugin v27.2 - https:\/\/yoast.com\/product\/yoast-seo-wordpress\/ -->\n<title>Brenntag Aktie News | Top-Zeitpunkt zum Einstieg<\/title>\n<meta name=\"description\" content=\"Brenntag vermeldete heute die Zahlen zum ersten Quartal 2023. Die Ergebnisse liegen mitunter unter denen des Vorjahresquartal (Q1 2022). Allerdings wurde\" \/>\n<meta name=\"robots\" content=\"index, follow, max-snippet:-1, max-image-preview:large, max-video-preview:-1\" \/>\n<link rel=\"canonical\" href=\"https:\/\/www.asktraders.com\/de\/finanznachrichten\/brenntag-aktie-news-zahlen-im-rahmen-der-erwartungen-investoren-koennten-jetzt-position-aufbauen\/\" \/>\n<meta property=\"og:locale\" content=\"de_DE\" \/>\n<meta property=\"og:type\" content=\"article\" \/>\n<meta property=\"og:title\" content=\"Brenntag Aktie News | Top-Zeitpunkt zum Einstieg\" \/>\n<meta property=\"og:description\" content=\"Brenntag vermeldete heute die Zahlen zum ersten Quartal 2023. Die Ergebnisse liegen mitunter unter denen des Vorjahresquartal (Q1 2022). Allerdings wurde\" \/>\n<meta property=\"og:url\" content=\"https:\/\/www.asktraders.com\/de\/finanznachrichten\/brenntag-aktie-news-zahlen-im-rahmen-der-erwartungen-investoren-koennten-jetzt-position-aufbauen\/\" \/>\n<meta property=\"og:site_name\" content=\"AskTraders.com\" \/>\n<meta property=\"article:publisher\" content=\"https:\/\/www.facebook.com\/asktraderscom\" \/>\n<meta property=\"article:modified_time\" content=\"2023-05-10T12:46:15+00:00\" \/>\n<meta property=\"og:image\" content=\"https:\/\/www.asktraders.com\/wp-content\/uploads\/2023\/05\/Brenntag-Aktien-news.jpg\" \/>\n\t<meta property=\"og:image:width\" content=\"803\" \/>\n\t<meta property=\"og:image:height\" content=\"555\" \/>\n\t<meta property=\"og:image:type\" content=\"image\/jpeg\" \/>\n<meta name=\"twitter:card\" content=\"summary_large_image\" \/>\n<meta name=\"twitter:site\" content=\"@Asktraders1\" \/>\n<meta name=\"twitter:label1\" content=\"Gesch\u00e4tzte Lesezeit\" \/>\n\t<meta name=\"twitter:data1\" content=\"4 Minuten\" \/>\n<script type=\"application\/ld+json\" class=\"yoast-schema-graph\">{\"@context\":\"https:\/\/schema.org\",\"@graph\":[{\"@type\":\"NewsArticle\",\"@id\":\"https:\/\/www.asktraders.com\/de\/finanznachrichten\/brenntag-aktie-news-zahlen-im-rahmen-der-erwartungen-investoren-koennten-jetzt-position-aufbauen\/#article\",\"isPartOf\":{\"@id\":\"https:\/\/www.asktraders.com\/de\/finanznachrichten\/brenntag-aktie-news-zahlen-im-rahmen-der-erwartungen-investoren-koennten-jetzt-position-aufbauen\/\"},\"author\":{\"name\":\"Ruben Wunderlich\",\"@id\":\"https:\/\/www.asktraders.com\/de\/#\/schema\/person\/6e2f89f6a9f3eecbfe9cf3be140769ba\",\"url\":\"https:\/\/www.asktraders.com\/de\/author\/rubenw\/\"},\"headline\":\"Brenntag Aktie News: Zahlen im Rahmen der Erwartungen. Investoren k\u00f6nnten jetzt Position aufbauen.\",\"datePublished\":\"2023-05-10T12:45:47+00:00\",\"dateModified\":\"2023-05-10T12:46:15+00:00\",\"mainEntityOfPage\":{\"@id\":\"https:\/\/www.asktraders.com\/de\/finanznachrichten\/brenntag-aktie-news-zahlen-im-rahmen-der-erwartungen-investoren-koennten-jetzt-position-aufbauen\/\"},\"wordCount\":553,\"commentCount\":0,\"publisher\":{\"@id\":\"https:\/\/www.asktraders.com\/de\/#organization\"},\"image\":{\"@id\":\"https:\/\/www.asktraders.com\/de\/finanznachrichten\/brenntag-aktie-news-zahlen-im-rahmen-der-erwartungen-investoren-koennten-jetzt-position-aufbauen\/#primaryimage\"},\"thumbnailUrl\":\"https:\/\/www.asktraders.com\/wp-content\/uploads\/2023\/05\/Brenntag-Aktien-news.jpg\",\"inLanguage\":\"de-DE\",\"potentialAction\":[{\"@type\":\"CommentAction\",\"name\":\"Comment\",\"target\":[\"https:\/\/www.asktraders.com\/de\/finanznachrichten\/brenntag-aktie-news-zahlen-im-rahmen-der-erwartungen-investoren-koennten-jetzt-position-aufbauen\/#respond\"]}]},{\"@type\":\"WebPage\",\"@id\":\"https:\/\/www.asktraders.com\/de\/finanznachrichten\/brenntag-aktie-news-zahlen-im-rahmen-der-erwartungen-investoren-koennten-jetzt-position-aufbauen\/\",\"url\":\"https:\/\/www.asktraders.com\/de\/finanznachrichten\/brenntag-aktie-news-zahlen-im-rahmen-der-erwartungen-investoren-koennten-jetzt-position-aufbauen\/\",\"name\":\"Brenntag Aktie News | Top-Zeitpunkt zum Einstieg\",\"isPartOf\":{\"@id\":\"https:\/\/www.asktraders.com\/de\/#website\"},\"primaryImageOfPage\":{\"@id\":\"https:\/\/www.asktraders.com\/de\/finanznachrichten\/brenntag-aktie-news-zahlen-im-rahmen-der-erwartungen-investoren-koennten-jetzt-position-aufbauen\/#primaryimage\"},\"image\":{\"@id\":\"https:\/\/www.asktraders.com\/de\/finanznachrichten\/brenntag-aktie-news-zahlen-im-rahmen-der-erwartungen-investoren-koennten-jetzt-position-aufbauen\/#primaryimage\"},\"thumbnailUrl\":\"https:\/\/www.asktraders.com\/wp-content\/uploads\/2023\/05\/Brenntag-Aktien-news.jpg\",\"datePublished\":\"2023-05-10T12:45:47+00:00\",\"dateModified\":\"2023-05-10T12:46:15+00:00\",\"description\":\"Brenntag vermeldete heute die Zahlen zum ersten Quartal 2023. Die Ergebnisse liegen mitunter unter denen des Vorjahresquartal (Q1 2022). Allerdings wurde\",\"breadcrumb\":{\"@id\":\"https:\/\/www.asktraders.com\/de\/finanznachrichten\/brenntag-aktie-news-zahlen-im-rahmen-der-erwartungen-investoren-koennten-jetzt-position-aufbauen\/#breadcrumb\"},\"inLanguage\":\"de-DE\",\"potentialAction\":[{\"@type\":\"ReadAction\",\"target\":[\"https:\/\/www.asktraders.com\/de\/finanznachrichten\/brenntag-aktie-news-zahlen-im-rahmen-der-erwartungen-investoren-koennten-jetzt-position-aufbauen\/\"]}]},{\"@type\":\"ImageObject\",\"inLanguage\":\"de-DE\",\"@id\":\"https:\/\/www.asktraders.com\/de\/finanznachrichten\/brenntag-aktie-news-zahlen-im-rahmen-der-erwartungen-investoren-koennten-jetzt-position-aufbauen\/#primaryimage\",\"url\":\"https:\/\/www.asktraders.com\/wp-content\/uploads\/2023\/05\/Brenntag-Aktien-news.jpg\",\"contentUrl\":\"https:\/\/www.asktraders.com\/wp-content\/uploads\/2023\/05\/Brenntag-Aktien-news.jpg\",\"width\":803,\"height\":555,\"caption\":\"Brenntag Aktie\"},{\"@type\":\"BreadcrumbList\",\"@id\":\"https:\/\/www.asktraders.com\/de\/finanznachrichten\/brenntag-aktie-news-zahlen-im-rahmen-der-erwartungen-investoren-koennten-jetzt-position-aufbauen\/#breadcrumb\",\"itemListElement\":[{\"@type\":\"ListItem\",\"position\":1,\"name\":\"Home\",\"item\":\"https:\/\/www.asktraders.com\/de\/\"},{\"@type\":\"ListItem\",\"position\":2,\"name\":\"News\",\"item\":\"https:\/\/www.asktraders.com\/de\/finanznachrichten\/\"},{\"@type\":\"ListItem\",\"position\":3,\"name\":\"Brenntag Aktie News: Zahlen im Rahmen der Erwartungen. Investoren k\u00f6nnten jetzt Position aufbauen.\"}]},{\"@type\":\"WebSite\",\"@id\":\"https:\/\/www.asktraders.com\/de\/#website\",\"url\":\"https:\/\/www.asktraders.com\/de\/\",\"name\":\"AskTraders\",\"description\":\"Guiding You To Trading Success\",\"publisher\":{\"@id\":\"https:\/\/www.asktraders.com\/de\/#organization\"},\"inLanguage\":\"de-DE\"},{\"@type\":\"Organization\",\"@id\":\"https:\/\/www.asktraders.com\/de\/#organization\",\"name\":\"AskTraders\",\"url\":\"https:\/\/www.asktraders.com\/de\/\",\"logo\":{\"@type\":\"ImageObject\",\"inLanguage\":\"de-DE\",\"@id\":\"https:\/\/www.asktraders.com\/de\/#\/schema\/logo\/image\/\",\"url\":\"https:\/\/www.asktraders.com\/wp-content\/uploads\/2019\/05\/asktraders-logo-tm-white.png\",\"contentUrl\":\"https:\/\/www.asktraders.com\/wp-content\/uploads\/2019\/05\/asktraders-logo-tm-white.png\",\"width\":232,\"height\":38,\"caption\":\"AskTraders\"},\"image\":{\"@id\":\"https:\/\/www.asktraders.com\/de\/#\/schema\/logo\/image\/\"},\"sameAs\":[\"https:\/\/www.facebook.com\/asktraderscom\",\"https:\/\/x.com\/Asktraders1\"]},{\"@type\":\"Person\",\"@id\":\"https:\/\/www.asktraders.com\/de\/#\/schema\/person\/6e2f89f6a9f3eecbfe9cf3be140769ba\",\"name\":\"Ruben Wunderlich\",\"image\":{\"@type\":\"ImageObject\",\"inLanguage\":\"de-DE\",\"@id\":\"https:\/\/secure.gravatar.com\/avatar\/a169813ebb7fc5db497811c94e0e5111ffd756d2135b8bb267093c55024a2119?s=96&d=mm&r=g\",\"url\":\"https:\/\/secure.gravatar.com\/avatar\/a169813ebb7fc5db497811c94e0e5111ffd756d2135b8bb267093c55024a2119?s=96&d=mm&r=g\",\"contentUrl\":\"https:\/\/secure.gravatar.com\/avatar\/a169813ebb7fc5db497811c94e0e5111ffd756d2135b8bb267093c55024a2119?s=96&d=mm&r=g\",\"caption\":\"Ruben Wunderlich\"}}]}<\/script>\n<!-- \/ Yoast SEO plugin. -->","yoast_head_json":{"title":"Brenntag Aktie News | Top-Zeitpunkt zum Einstieg","description":"Brenntag vermeldete heute die Zahlen zum ersten Quartal 2023. Die Ergebnisse liegen mitunter unter denen des Vorjahresquartal (Q1 2022). Allerdings wurde","robots":{"index":"index","follow":"follow","max-snippet":"max-snippet:-1","max-image-preview":"max-image-preview:large","max-video-preview":"max-video-preview:-1"},"canonical":"https:\/\/www.asktraders.com\/de\/finanznachrichten\/brenntag-aktie-news-zahlen-im-rahmen-der-erwartungen-investoren-koennten-jetzt-position-aufbauen\/","og_locale":"de_DE","og_type":"article","og_title":"Brenntag Aktie News | Top-Zeitpunkt zum Einstieg","og_description":"Brenntag vermeldete heute die Zahlen zum ersten Quartal 2023. Die Ergebnisse liegen mitunter unter denen des Vorjahresquartal (Q1 2022). Allerdings wurde","og_url":"https:\/\/www.asktraders.com\/de\/finanznachrichten\/brenntag-aktie-news-zahlen-im-rahmen-der-erwartungen-investoren-koennten-jetzt-position-aufbauen\/","og_site_name":"AskTraders.com","article_publisher":"https:\/\/www.facebook.com\/asktraderscom","article_modified_time":"2023-05-10T12:46:15+00:00","og_image":[{"width":803,"height":555,"url":"https:\/\/www.asktraders.com\/wp-content\/uploads\/2023\/05\/Brenntag-Aktien-news.jpg","type":"image\/jpeg"}],"twitter_card":"summary_large_image","twitter_site":"@Asktraders1","twitter_misc":{"Gesch\u00e4tzte Lesezeit":"4 Minuten"},"schema":{"@context":"https:\/\/schema.org","@graph":[{"@type":"NewsArticle","@id":"https:\/\/www.asktraders.com\/de\/finanznachrichten\/brenntag-aktie-news-zahlen-im-rahmen-der-erwartungen-investoren-koennten-jetzt-position-aufbauen\/#article","isPartOf":{"@id":"https:\/\/www.asktraders.com\/de\/finanznachrichten\/brenntag-aktie-news-zahlen-im-rahmen-der-erwartungen-investoren-koennten-jetzt-position-aufbauen\/"},"author":{"name":"Ruben Wunderlich","@id":"https:\/\/www.asktraders.com\/de\/#\/schema\/person\/6e2f89f6a9f3eecbfe9cf3be140769ba","url":"https:\/\/www.asktraders.com\/de\/author\/rubenw\/"},"headline":"Brenntag Aktie News: Zahlen im Rahmen der Erwartungen. Investoren k\u00f6nnten jetzt Position aufbauen.","datePublished":"2023-05-10T12:45:47+00:00","dateModified":"2023-05-10T12:46:15+00:00","mainEntityOfPage":{"@id":"https:\/\/www.asktraders.com\/de\/finanznachrichten\/brenntag-aktie-news-zahlen-im-rahmen-der-erwartungen-investoren-koennten-jetzt-position-aufbauen\/"},"wordCount":553,"commentCount":0,"publisher":{"@id":"https:\/\/www.asktraders.com\/de\/#organization"},"image":{"@id":"https:\/\/www.asktraders.com\/de\/finanznachrichten\/brenntag-aktie-news-zahlen-im-rahmen-der-erwartungen-investoren-koennten-jetzt-position-aufbauen\/#primaryimage"},"thumbnailUrl":"https:\/\/www.asktraders.com\/wp-content\/uploads\/2023\/05\/Brenntag-Aktien-news.jpg","inLanguage":"de-DE","potentialAction":[{"@type":"CommentAction","name":"Comment","target":["https:\/\/www.asktraders.com\/de\/finanznachrichten\/brenntag-aktie-news-zahlen-im-rahmen-der-erwartungen-investoren-koennten-jetzt-position-aufbauen\/#respond"]}]},{"@type":"WebPage","@id":"https:\/\/www.asktraders.com\/de\/finanznachrichten\/brenntag-aktie-news-zahlen-im-rahmen-der-erwartungen-investoren-koennten-jetzt-position-aufbauen\/","url":"https:\/\/www.asktraders.com\/de\/finanznachrichten\/brenntag-aktie-news-zahlen-im-rahmen-der-erwartungen-investoren-koennten-jetzt-position-aufbauen\/","name":"Brenntag Aktie News | Top-Zeitpunkt zum Einstieg","isPartOf":{"@id":"https:\/\/www.asktraders.com\/de\/#website"},"primaryImageOfPage":{"@id":"https:\/\/www.asktraders.com\/de\/finanznachrichten\/brenntag-aktie-news-zahlen-im-rahmen-der-erwartungen-investoren-koennten-jetzt-position-aufbauen\/#primaryimage"},"image":{"@id":"https:\/\/www.asktraders.com\/de\/finanznachrichten\/brenntag-aktie-news-zahlen-im-rahmen-der-erwartungen-investoren-koennten-jetzt-position-aufbauen\/#primaryimage"},"thumbnailUrl":"https:\/\/www.asktraders.com\/wp-content\/uploads\/2023\/05\/Brenntag-Aktien-news.jpg","datePublished":"2023-05-10T12:45:47+00:00","dateModified":"2023-05-10T12:46:15+00:00","description":"Brenntag vermeldete heute die Zahlen zum ersten Quartal 2023. Die Ergebnisse liegen mitunter unter denen des Vorjahresquartal (Q1 2022). Allerdings wurde","breadcrumb":{"@id":"https:\/\/www.asktraders.com\/de\/finanznachrichten\/brenntag-aktie-news-zahlen-im-rahmen-der-erwartungen-investoren-koennten-jetzt-position-aufbauen\/#breadcrumb"},"inLanguage":"de-DE","potentialAction":[{"@type":"ReadAction","target":["https:\/\/www.asktraders.com\/de\/finanznachrichten\/brenntag-aktie-news-zahlen-im-rahmen-der-erwartungen-investoren-koennten-jetzt-position-aufbauen\/"]}]},{"@type":"ImageObject","inLanguage":"de-DE","@id":"https:\/\/www.asktraders.com\/de\/finanznachrichten\/brenntag-aktie-news-zahlen-im-rahmen-der-erwartungen-investoren-koennten-jetzt-position-aufbauen\/#primaryimage","url":"https:\/\/www.asktraders.com\/wp-content\/uploads\/2023\/05\/Brenntag-Aktien-news.jpg","contentUrl":"https:\/\/www.asktraders.com\/wp-content\/uploads\/2023\/05\/Brenntag-Aktien-news.jpg","width":803,"height":555,"caption":"Brenntag Aktie"},{"@type":"BreadcrumbList","@id":"https:\/\/www.asktraders.com\/de\/finanznachrichten\/brenntag-aktie-news-zahlen-im-rahmen-der-erwartungen-investoren-koennten-jetzt-position-aufbauen\/#breadcrumb","itemListElement":[{"@type":"ListItem","position":1,"name":"Home","item":"https:\/\/www.asktraders.com\/de\/"},{"@type":"ListItem","position":2,"name":"News","item":"https:\/\/www.asktraders.com\/de\/finanznachrichten\/"},{"@type":"ListItem","position":3,"name":"Brenntag Aktie News: Zahlen im Rahmen der Erwartungen. Investoren k\u00f6nnten jetzt Position aufbauen."}]},{"@type":"WebSite","@id":"https:\/\/www.asktraders.com\/de\/#website","url":"https:\/\/www.asktraders.com\/de\/","name":"AskTraders","description":"Guiding You To Trading Success","publisher":{"@id":"https:\/\/www.asktraders.com\/de\/#organization"},"inLanguage":"de-DE"},{"@type":"Organization","@id":"https:\/\/www.asktraders.com\/de\/#organization","name":"AskTraders","url":"https:\/\/www.asktraders.com\/de\/","logo":{"@type":"ImageObject","inLanguage":"de-DE","@id":"https:\/\/www.asktraders.com\/de\/#\/schema\/logo\/image\/","url":"https:\/\/www.asktraders.com\/wp-content\/uploads\/2019\/05\/asktraders-logo-tm-white.png","contentUrl":"https:\/\/www.asktraders.com\/wp-content\/uploads\/2019\/05\/asktraders-logo-tm-white.png","width":232,"height":38,"caption":"AskTraders"},"image":{"@id":"https:\/\/www.asktraders.com\/de\/#\/schema\/logo\/image\/"},"sameAs":["https:\/\/www.facebook.com\/asktraderscom","https:\/\/x.com\/Asktraders1"]},{"@type":"Person","@id":"https:\/\/www.asktraders.com\/de\/#\/schema\/person\/6e2f89f6a9f3eecbfe9cf3be140769ba","name":"Ruben Wunderlich","image":{"@type":"ImageObject","inLanguage":"de-DE","@id":"https:\/\/secure.gravatar.com\/avatar\/a169813ebb7fc5db497811c94e0e5111ffd756d2135b8bb267093c55024a2119?s=96&d=mm&r=g","url":"https:\/\/secure.gravatar.com\/avatar\/a169813ebb7fc5db497811c94e0e5111ffd756d2135b8bb267093c55024a2119?s=96&d=mm&r=g","contentUrl":"https:\/\/secure.gravatar.com\/avatar\/a169813ebb7fc5db497811c94e0e5111ffd756d2135b8bb267093c55024a2119?s=96&d=mm&r=g","caption":"Ruben Wunderlich"}}]}},"_links":{"self":[{"href":"https:\/\/www.asktraders.com\/de\/wp-json\/wp\/v2\/news\/172644","targetHints":{"allow":["GET"]}}],"collection":[{"href":"https:\/\/www.asktraders.com\/de\/wp-json\/wp\/v2\/news"}],"about":[{"href":"https:\/\/www.asktraders.com\/de\/wp-json\/wp\/v2\/types\/news"}],"author":[{"embeddable":true,"href":"https:\/\/www.asktraders.com\/de\/wp-json\/wp\/v2\/users\/33"}],"replies":[{"embeddable":true,"href":"https:\/\/www.asktraders.com\/de\/wp-json\/wp\/v2\/comments?post=172644"}],"version-history":[{"count":0,"href":"https:\/\/www.asktraders.com\/de\/wp-json\/wp\/v2\/news\/172644\/revisions"}],"wp:featuredmedia":[{"embeddable":true,"href":"https:\/\/www.asktraders.com\/de\/wp-json\/wp\/v2\/media\/172778"}],"wp:attachment":[{"href":"https:\/\/www.asktraders.com\/de\/wp-json\/wp\/v2\/media?parent=172644"}],"wp:term":[{"taxonomy":"news_cluster","embeddable":true,"href":"https:\/\/www.asktraders.com\/de\/wp-json\/wp\/v2\/news_cluster?post=172644"},{"taxonomy":"tradingcategory","embeddable":true,"href":"https:\/\/www.asktraders.com\/de\/wp-json\/wp\/v2\/tradingcategory?post=172644"}],"curies":[{"name":"wp","href":"https:\/\/api.w.org\/{rel}","templated":true}]}}