{"id":172734,"date":"2023-05-10T10:05:38","date_gmt":"2023-05-10T09:05:38","guid":{"rendered":"https:\/\/www.asktraders.com\/analysis\/tui-shares-fell-5-31-on-ve-sentiment-despite-upbeat-q2-report\/"},"modified":"2023-05-10T12:57:18","modified_gmt":"2023-05-10T11:57:18","slug":"tui-aktien-fallen-wegen-negativer-stimmung-trotz-gutem-q2-bericht","status":"publish","type":"news","link":"https:\/\/www.asktraders.com\/de\/finanznachrichten\/tui-aktien-fallen-wegen-negativer-stimmung-trotz-gutem-q2-bericht\/","title":{"rendered":"TUI AKTIEN FALLEN UM 5,31\u00a0% WEGEN NEGATIVER STIMMUNG TROTZ GUTEM Q2 BERICHT"},"content":{"rendered":"\n<p><strong>Der Aktienkurs der TUI AG (LON: TUI) fiel um 5,31\u00a0%, nachdem sie ihre Ergebnisse f\u00fcr das zweite und erste Quartal, das im April endete, bekannt gegeben hatte. Das deutsche Reise- und Freizeitunternehmen meldete eine 13-prozentige Verbesserung der Sommerbuchungen im Vergleich zum Vorjahr, wobei die Sommerbuchungen 96\u00a0% des Niveaus des Sommers 2019 vor dem Ausbruch der Pandemie erreichten.<\/strong><\/p>\n\n\n\n<div class=\"wp-block-group main-cta is-layout-flow wp-block-group-is-layout-flow\" style=\"padding-top:10px;padding-right:10px;padding-bottom:10px;padding-left:10px\">\n<hr class=\"wp-block-separator has-text-color has-gray-color has-alpha-channel-opacity has-gray-background-color has-background is-style-wide\"\/>\n\n\n\n<div style=\"height:28px\" aria-hidden=\"true\" class=\"wp-block-spacer\"><\/div>\n\n\n\n<div class=\"wp-block-buttons is-content-justification-center is-layout-flex wp-container-core-buttons-is-layout-16018d1d wp-block-buttons-is-layout-flex\">\n<div class=\"wp-block-button has-custom-width wp-block-button__width-100 has-custom-font-size is-style-fill has-small-font-size\"><a class=\"wp-block-button__link has-green-background-color has-background\" href=\"https:\/\/www.asktraders.com\/de\/go\/native?placement=AT-DE-DE-stocks-NCTA-B1-NA-NA-NA\" style=\"border-radius:5px;padding-top:11px;padding-right:40px;padding-bottom:11px;padding-left:40px\" target=\"_blank\" rel=\"noreferrer noopener\">HIER Tui Aktie handeln<\/a><\/div>\n<\/div>\n\n\n\n<p class=\"has-text-align-center\">Ihr Kapital ist in Gefahr<\/p>\n\n\n\n<hr class=\"wp-block-separator has-text-color has-gray-color has-alpha-channel-opacity has-gray-background-color has-background is-style-wide\"\/>\n<\/div>\n\n\n\n<p>Das Unternehmen erwirtschaftete im zweiten Quartal 2023 einen Umsatz von 3,2 Milliarden Euro, verglichen mit 2,1 Milliarden Euro im zweiten Quartal 2022. Das Unternehmen wies darauf hin, dass es auf dem besten Weg sei, im Gesch\u00e4ftsjahr 2023 einen deutlich h\u00f6heren Gewinn als im Vorjahr zu erwirtschaften. Dies reichte jedoch nicht aus, um den Aktienkurs Auftrieb zu geben, der weiterhin im negativen Bereich notierte.<\/p>\n\n\n\n<p>Der bereinigte Vorsteuergewinn von TUI verbesserte sich im zweiten Quartal 2023 um 88 Millionen Euro auf 242 Millionen Euro. Dabei handelt es sich traditionell um ein saisonal schwaches Quartal f\u00fcr die Branche, da in diesen Monaten eine geringere Reise- und Freizeitnachfrage vorherrscht. Der bereinigte Vorsteuergewinn (hierbei sind Sondereinfl\u00fcsse herausgerechnet) erreicht einen Rekordwert von 182 Millionen Euro.<\/p>\n\n\n\n<p>Die Sparte Urlaubserlebnisse, die das Hotel- und Kreuzfahrtgesch\u00e4ft des Unternehmens umfasst, verzeichnete eine Verbesserung um 148 Millionen Euro auf 80 Millionen Euro. Die TUI-Sparte M\u00e4rkte und Fluggesellschaften erzielte einen bereinigten Vorsteuergewinn von 309 Millionen Euro, der fast wieder auf dem Niveau von 2019 liegt, was eine Anstieg von 42 Millionen Euro gegen\u00fcber den Zahlen f\u00fcr Q2 2022 bedeutet.<\/p>\n\n\n\n<p>TUI meldete, dass im zweiten Quartal des aktuellen Jahres 2,4 Millionen G\u00e4ste mit dem Unternehmen in den Urlaub gefahren sind. Die hohe G\u00e4stezahl ging mit einer deutlich h\u00f6heren Anzahl von Buchungen f\u00fcr den Sommer 2023 einher, die um 13 Prozent h\u00f6her lag als im Vorjahr.<\/p>\n\n\n\n<p>Das Unternehmen teilte au\u00dferdem mit, dass die Buchungen in den letzten sechs Wochen des Berichtszeitraums \u00fcber dem Niveau von 2019 lagen. TUI teilte zudem mit, dass das Unternehmen die vom WSF erhaltenen Mittel nach einer erfolgreichen Kapitalerh\u00f6hung zur\u00fcckgezahlt hat. Dadurch sank die Nettoverschuldung der TUI auf 3,1 Milliarden Euro pro forma nach der <a href=\"https:\/\/www.asktraders.com\/de\/finanznachrichten\/tui-aktie-news-kapitalerhohung-durch-jetzt-kaufen\/\">TUI Kapitalerh\u00f6hung<\/a>.<\/p>\n\n\n\n<p><strong>Sebastian Ebel, Vorstandsvorsitzender der TUI, sagte: <\/strong><\/p>\n\n\n\n<blockquote class=\"wp-block-quote is-layout-flow wp-block-quote-is-layout-flow\"><p><strong>&#8222;<\/strong><em><strong>Eine starke Buchungsentwicklung und deutlich verbesserte Quartalszahlen unterstreichen unsere Erwartungen: Es wird ein starker Sommer und ein gutes Gesch\u00e4ftsjahr 2023 mit einem deutlich h\u00f6heren operativen Ergebnis. Unsere strategischen Initiativen zeigen Wirkung, die Staatsschulden sind getilgt. Unser Ziel: zur\u00fcck zu alter St\u00e4rke und profitablem Wachstum<\/strong><\/em>.&#8220;<\/p><\/blockquote>\n\n\n\n<p>Trotz des positiven Ergebnisberichts sank die TUI-Aktie aufgrund der negativen Anlegerstimmung.<\/p>\n\n\n\n<p>*Dies ist keine Anlageberatung.<\/p>\n\n\n\n<p>TUI Aktienkurs<\/p>\n\n\n\n<figure class=\"wp-block-image size-large\"><img loading=\"lazy\" decoding=\"async\" width=\"793\" height=\"350\" src=\"https:\/\/www.asktraders.com\/wp-content\/uploads\/2023\/05\/tui-aktienkurs-10052023-793x350.png\" alt=\"\" class=\"wp-image-172750\" srcset=\"https:\/\/www.asktraders.com\/wp-content\/uploads\/2023\/05\/tui-aktienkurs-10052023-793x350.png 793w, https:\/\/www.asktraders.com\/wp-content\/uploads\/2023\/05\/tui-aktienkurs-10052023-333x147.png 333w, https:\/\/www.asktraders.com\/wp-content\/uploads\/2023\/05\/tui-aktienkurs-10052023-768x339.png 768w, https:\/\/www.asktraders.com\/wp-content\/uploads\/2023\/05\/tui-aktienkurs-10052023.png 1526w\" sizes=\"auto, (max-width: 793px) 100vw, 793px\" \/><figcaption>Quelle: eToro.com<\/figcaption><\/figure>\n\n\n<aside class=\"wp-block-related-posts  \" >\n                    \n\n<h2 class=\"wp-block-heading\" class=\"wp-block-heading\" id=\"leser_interessieren_auch_sich_fuer\">Leser interessieren auch sich f\u00fcr:<\/h2>\n\n\n        <ul class=\"grid grid-cols-1 md:grid-cols-2 gap-4 lg:grid-cols-1\">\n                            <li class=\"w-full p-3 rounded-lg shadow md:w-full\">\n                    <a href=\"https:\/\/www.asktraders.com\/de\/traden-lernen\/technische-analyse\/chart-technische-analyse\/\" class=\"flex\">\n                        <img loading=\"lazy\" decoding=\"async\" width=\"150\" height=\"150\" src=\"https:\/\/www.asktraders.com\/wp-content\/uploads\/2019\/10\/shutterstock_599600603-150x150.jpg\" class=\"w-1\/3 rounded object-cover  wp-post-image\" alt=\"CFD-Brokers\" srcset=\"https:\/\/www.asktraders.com\/wp-content\/uploads\/2019\/10\/shutterstock_599600603-150x150.jpg 150w, https:\/\/www.asktraders.com\/wp-content\/uploads\/2019\/10\/shutterstock_599600603-100x100.jpg 100w, https:\/\/www.asktraders.com\/wp-content\/uploads\/2019\/10\/shutterstock_599600603-64x64.jpg 64w, https:\/\/www.asktraders.com\/wp-content\/uploads\/2019\/10\/shutterstock_599600603-26x26.jpg 26w\" sizes=\"auto, (max-width: 150px) 100vw, 150px\" \/>\n                        <div class=\"flex flex-col w-2\/3 pl-3\">\n                                                        <span\n                                class=\"block py-1 grow text-sm font-bold \">(Chart-) technische Analyse<\/span>\n                                                            <span class=\"text-xs uppercase\">\n                                    Analyst Team\n                                <\/span>\n                                                    <\/div>\n                    <\/a>\n                <\/li>\n                            <li class=\"w-full p-3 rounded-lg shadow md:w-full\">\n                    <a href=\"https:\/\/www.asktraders.com\/de\/traden-lernen\/trading-ratgeber\/fuenf-trading-anfaenger-fehler\/\" class=\"flex\">\n                        <img loading=\"lazy\" decoding=\"async\" width=\"150\" height=\"150\" src=\"https:\/\/www.asktraders.com\/wp-content\/uploads\/2019\/03\/depositphotos_164992668-stock-video-trader-man-talking-on-smart-150x150.jpg\" class=\"w-1\/3 rounded object-cover  wp-post-image\" alt=\"trading\" srcset=\"https:\/\/www.asktraders.com\/wp-content\/uploads\/2019\/03\/depositphotos_164992668-stock-video-trader-man-talking-on-smart-150x150.jpg 150w, https:\/\/www.asktraders.com\/wp-content\/uploads\/2019\/03\/depositphotos_164992668-stock-video-trader-man-talking-on-smart-100x100.jpg 100w, https:\/\/www.asktraders.com\/wp-content\/uploads\/2019\/03\/depositphotos_164992668-stock-video-trader-man-talking-on-smart-64x64.jpg 64w, https:\/\/www.asktraders.com\/wp-content\/uploads\/2019\/03\/depositphotos_164992668-stock-video-trader-man-talking-on-smart-26x26.jpg 26w\" sizes=\"auto, (max-width: 150px) 100vw, 150px\" \/>\n                        <div class=\"flex flex-col w-2\/3 pl-3\">\n                                                        <span\n                                class=\"block py-1 grow text-sm font-bold \">5 Dinge, die Trading-Anf\u00e4nger niemals tun sollten<\/span>\n                                                            <span class=\"text-xs uppercase\">\n                                    Analyst Team\n                                <\/span>\n                                                    <\/div>\n                    <\/a>\n                <\/li>\n                            <li class=\"w-full p-3 rounded-lg shadow md:w-full\">\n                    <a href=\"https:\/\/www.asktraders.com\/de\/traden-lernen\/trading-ratgeber\/aktien-finden\/\" class=\"flex\">\n                        <img loading=\"lazy\" decoding=\"async\" width=\"150\" height=\"150\" src=\"https:\/\/www.asktraders.com\/wp-content\/uploads\/2018\/05\/beitragsbilder-ratgeber-trading-apps-1-150x150.png\" class=\"w-1\/3 rounded object-cover  wp-post-image\" alt=\"Trading\" \/>\n                        <div class=\"flex flex-col w-2\/3 pl-3\">\n                                                        <span\n                                class=\"block py-1 grow text-sm font-bold \">Aktien finden: Darauf sollten Anleger achten<\/span>\n                                                            <span class=\"text-xs uppercase\">\n                                    Analyst Team\n                                <\/span>\n                                                    <\/div>\n                    <\/a>\n                <\/li>\n                    <\/ul>\n            \n    <\/aside>\n\n\n<aside class=\"wp-block-related-posts related-posts-latest \" data-sidebar>\n                    \n\n<h2 class=\"wp-block-heading\" class=\"wp-block-heading\" id=\"latest_news\">Latest News<\/h2>\n\n\n        <ul class=\"grid grid-cols-1 md:grid-cols-2 gap-4 lg:grid-cols-1\">\n                            <li class=\"w-full p-3 rounded-lg shadow md:w-full\">\n                    <a href=\"https:\/\/www.asktraders.com\/de\/finanznachrichten\/evonik-aktien-erreichen-neues-tief-als-e13-durchbrochen-werden\/\" class=\"flex\">\n                        <img loading=\"lazy\" decoding=\"async\" width=\"150\" height=\"150\" src=\"https:\/\/www.asktraders.com\/wp-content\/uploads\/2023\/05\/evonik-aktie-prognose-150x150.jpg\" class=\"w-1\/3 rounded object-cover  wp-post-image\" alt=\"Evonik Aktie\" \/>\n                        <div class=\"flex flex-col w-2\/3 pl-3\">\n                                                        <span\n                                class=\"block py-1 grow text-sm font-bold \">Evonik Aktien erreichen neues Tief, als \u20ac13 durchbrochen werden<\/span>\n                                                            <span class=\"text-xs uppercase\">\n                                    Analyst Team\n                                <\/span>\n                                                    <\/div>\n                    <\/a>\n                <\/li>\n                            <li class=\"w-full p-3 rounded-lg shadow md:w-full\">\n                    <a href=\"https:\/\/www.asktraders.com\/de\/finanznachrichten\/2g-energy-ag-aktie-erholt-sich-von-unterstuetzung-steigerung-von-10\/\" class=\"flex\">\n                        <img loading=\"lazy\" decoding=\"async\" width=\"150\" height=\"150\" src=\"https:\/\/www.asktraders.com\/wp-content\/uploads\/2025\/08\/power-and-energy-150x150.jpg\" class=\"w-1\/3 rounded object-cover  wp-post-image\" alt=\"Uniper UN0\" \/>\n                        <div class=\"flex flex-col w-2\/3 pl-3\">\n                                                        <span\n                                class=\"block py-1 grow text-sm font-bold \">2G Energy AG Aktie erholt sich von Unterst\u00fctzung \u2013 Steigerung von 10%<\/span>\n                                                            <span class=\"text-xs uppercase\">\n                                    Analyst Team\n                                <\/span>\n                                                    <\/div>\n                    <\/a>\n                <\/li>\n                            <li class=\"w-full p-3 rounded-lg shadow md:w-full\">\n                    <a href=\"https:\/\/www.asktraders.com\/de\/finanznachrichten\/mercedes-benz-aktie-goldman-sachs-initiiert-analystendeckung-mit-positiver-einschaetzung\/\" class=\"flex\">\n                        <img loading=\"lazy\" decoding=\"async\" width=\"150\" height=\"150\" src=\"https:\/\/www.asktraders.com\/wp-content\/uploads\/2023\/06\/aktie-mercedes-150x150.jpg\" class=\"w-1\/3 rounded object-cover  wp-post-image\" alt=\"Mercedes Aktie\" \/>\n                        <div class=\"flex flex-col w-2\/3 pl-3\">\n                                                        <span\n                                class=\"block py-1 grow text-sm font-bold \">Mercedes-Benz Aktie: Goldman Sachs initiiert Analystendeckung mit positiver Einsch\u00e4tzung<\/span>\n                                                            <span class=\"text-xs uppercase\">\n                                    Analyst Team\n                                <\/span>\n                                                    <\/div>\n                    <\/a>\n                <\/li>\n                            <li class=\"w-full p-3 rounded-lg shadow md:w-full\">\n                    <a href=\"https:\/\/www.asktraders.com\/de\/finanznachrichten\/dax-aktien-erholen-sich-nach-nvidia-beben-maerkte-atmen-auf\/\" class=\"flex\">\n                        <img loading=\"lazy\" decoding=\"async\" width=\"150\" height=\"150\" src=\"https:\/\/www.asktraders.com\/wp-content\/uploads\/2023\/04\/dax-handeln-150x150.jpg\" class=\"w-1\/3 rounded object-cover  wp-post-image\" alt=\"\" \/>\n                        <div class=\"flex flex-col w-2\/3 pl-3\">\n                                                        <span\n                                class=\"block py-1 grow text-sm font-bold \">DAX-Aktien erholen sich nach Nvidia-Beben: M\u00e4rkte atmen auf<\/span>\n                                                            <span class=\"text-xs uppercase\">\n                                    Analyst Team\n                                <\/span>\n                                                    <\/div>\n                    <\/a>\n                <\/li>\n                            <li class=\"w-full p-3 rounded-lg shadow md:w-full\">\n                    <a href=\"https:\/\/www.asktraders.com\/de\/finanznachrichten\/rheinmetall-aktien-finden-unterstuetzung-bei-1-600-e-wie-geht-es-weiter\/\" class=\"flex\">\n                        <img loading=\"lazy\" decoding=\"async\" width=\"150\" height=\"150\" src=\"https:\/\/www.asktraders.com\/wp-content\/uploads\/2022\/11\/Die-Rheinmetall-Aktie-im-Chart-150x150.jpg\" class=\"w-1\/3 rounded object-cover  wp-post-image\" alt=\"Die Rheinmetall Aktie im Chart\" \/>\n                        <div class=\"flex flex-col w-2\/3 pl-3\">\n                                                        <span\n                                class=\"block py-1 grow text-sm font-bold \">Rheinmetall-Aktien finden Unterst\u00fctzung bei 1.600 \u20ac \u2013 Wie geht es weiter?<\/span>\n                                                            <span class=\"text-xs uppercase\">\n                                    Analyst Team\n                                <\/span>\n                                                    <\/div>\n                    <\/a>\n                <\/li>\n                    <\/ul>\n            \n    <\/aside>\n\n\n<div class=\"wp-block-top5-broker\" data-sidebar>\n        <div>\n        \n\n<h2 class=\"wp-block-heading\"  class=\"wp-block-heading\"  id=\"\"><\/h2>\n\n\n    <\/div>\n            <div class=\"block bg-white rounded-lg shadow\">\n        <ul\n            class=\"flex flex-wrap w-full -mb-px list-none border-b-2 navTabs \">\n                                                                                                        <\/ul>\n                    <div class=\"navTabContent \" id=\"top5-tab1\">\n                <ol class=\"flex\n                flex-wrap\n                \">\n                                    <\/ol>\n                            <\/div>\n                    <div class=\"navTabContent hidden\" id=\"top5-tab2\">\n                <ol class=\"flex\n                flex-wrap\n                \">\n                                    <\/ol>\n                            <\/div>\n                    <div class=\"navTabContent hidden\" id=\"top5-tab3\">\n                <ol class=\"flex\n                flex-wrap\n                \">\n                                    <\/ol>\n                            <\/div>\n        \n    <\/div>\n    <\/div>\n\n\n\n<div class=\"wp-block-group main-cta is-layout-flow wp-block-group-is-layout-flow\" style=\"padding-top:10px;padding-right:10px;padding-bottom:10px;padding-left:10px\">\n<hr class=\"wp-block-separator has-text-color has-gray-color has-alpha-channel-opacity has-gray-background-color has-background is-style-wide\"\/>\n\n\n\n<div style=\"height:28px\" aria-hidden=\"true\" class=\"wp-block-spacer\"><\/div>\n\n\n\n<div class=\"wp-block-buttons is-content-justification-center is-layout-flex wp-container-core-buttons-is-layout-16018d1d wp-block-buttons-is-layout-flex\">\n<div class=\"wp-block-button has-custom-width wp-block-button__width-100 has-custom-font-size is-style-fill has-small-font-size\"><a class=\"wp-block-button__link has-green-background-color has-background\" href=\"https:\/\/www.asktraders.com\/de\/go\/native?placement=AT-DE-DE-stocks-NCTA-B1-NA-NA-NA\" style=\"border-radius:5px;padding-top:11px;padding-right:40px;padding-bottom:11px;padding-left:40px\" target=\"_blank\" rel=\"noreferrer noopener\">HIER Tui Aktie handeln<\/a><\/div>\n<\/div>\n\n\n\n<p class=\"has-text-align-center\">Ihr Kapital ist in Gefahr<\/p>\n\n\n\n<hr class=\"wp-block-separator has-text-color has-gray-color has-alpha-channel-opacity has-gray-background-color has-background is-style-wide\"\/>\n<\/div>\n\n\n\n<p><\/p>\n","protected":false},"author":356,"featured_media":172652,"comment_status":"open","ping_status":"closed","template":"","news_cluster":[],"tradingcategory":[],"class_list":["post-172734","news","type-news","status-publish","has-post-thumbnail","hentry"],"acf":[],"apple_news_notices":[],"yoast_head":"<!-- This site is optimized with the Yoast SEO plugin v27.2 - https:\/\/yoast.com\/product\/yoast-seo-wordpress\/ -->\n<title>TUI Aktie f\u00e4llt und f\u00e4llt | Hintergr\u00fcnde &amp; Prognosen<\/title>\n<meta name=\"description\" content=\"Der Aktienkurs der TUI AG (LON: TUI) fiel um 5,31\u00a0%, nachdem sie ihre Ergebnisse f\u00fcr das zweite und erste Quartal, das im April endete, bekannt gegeben\" \/>\n<meta name=\"robots\" content=\"index, follow, max-snippet:-1, max-image-preview:large, max-video-preview:-1\" \/>\n<link rel=\"canonical\" href=\"https:\/\/www.asktraders.com\/de\/finanznachrichten\/tui-aktien-fallen-wegen-negativer-stimmung-trotz-gutem-q2-bericht\/\" \/>\n<meta property=\"og:locale\" content=\"de_DE\" \/>\n<meta property=\"og:type\" content=\"article\" \/>\n<meta property=\"og:title\" content=\"TUI Aktie f\u00e4llt und f\u00e4llt | Hintergr\u00fcnde &amp; Prognosen\" \/>\n<meta property=\"og:description\" content=\"Der Aktienkurs der TUI AG (LON: TUI) fiel um 5,31\u00a0%, nachdem sie ihre Ergebnisse f\u00fcr das zweite und erste Quartal, das im April endete, bekannt gegeben\" \/>\n<meta property=\"og:url\" content=\"https:\/\/www.asktraders.com\/de\/finanznachrichten\/tui-aktien-fallen-wegen-negativer-stimmung-trotz-gutem-q2-bericht\/\" \/>\n<meta property=\"og:site_name\" content=\"AskTraders.com\" \/>\n<meta property=\"article:publisher\" content=\"https:\/\/www.facebook.com\/asktraderscom\" \/>\n<meta property=\"article:modified_time\" content=\"2023-05-10T11:57:18+00:00\" \/>\n<meta property=\"og:image\" content=\"https:\/\/www.asktraders.com\/wp-content\/uploads\/2023\/05\/TUI-plane.jpg\" \/>\n\t<meta property=\"og:image:width\" content=\"1000\" \/>\n\t<meta property=\"og:image:height\" content=\"666\" \/>\n\t<meta property=\"og:image:type\" content=\"image\/jpeg\" \/>\n<meta name=\"twitter:card\" content=\"summary_large_image\" \/>\n<meta name=\"twitter:site\" content=\"@Asktraders1\" \/>\n<meta name=\"twitter:label1\" content=\"Gesch\u00e4tzte Lesezeit\" \/>\n\t<meta name=\"twitter:data1\" content=\"3 Minuten\" \/>\n<script type=\"application\/ld+json\" class=\"yoast-schema-graph\">{\"@context\":\"https:\/\/schema.org\",\"@graph\":[{\"@type\":\"NewsArticle\",\"@id\":\"https:\/\/www.asktraders.com\/de\/finanznachrichten\/tui-aktien-fallen-wegen-negativer-stimmung-trotz-gutem-q2-bericht\/#article\",\"isPartOf\":{\"@id\":\"https:\/\/www.asktraders.com\/de\/finanznachrichten\/tui-aktien-fallen-wegen-negativer-stimmung-trotz-gutem-q2-bericht\/\"},\"author\":{\"name\":\"Simon Mugo\",\"@id\":\"https:\/\/www.asktraders.com\/de\/#\/schema\/person\/15210b30b0eee6ad4a094cc7c40572af\",\"url\":\"https:\/\/www.asktraders.com\/de\/author\/simon-mugo\/\"},\"headline\":\"TUI AKTIEN FALLEN UM 5,31\u00a0% WEGEN NEGATIVER STIMMUNG TROTZ GUTEM Q2 BERICHT\",\"datePublished\":\"2023-05-10T09:05:38+00:00\",\"dateModified\":\"2023-05-10T11:57:18+00:00\",\"mainEntityOfPage\":{\"@id\":\"https:\/\/www.asktraders.com\/de\/finanznachrichten\/tui-aktien-fallen-wegen-negativer-stimmung-trotz-gutem-q2-bericht\/\"},\"wordCount\":439,\"commentCount\":0,\"publisher\":{\"@id\":\"https:\/\/www.asktraders.com\/de\/#organization\"},\"image\":{\"@id\":\"https:\/\/www.asktraders.com\/de\/finanznachrichten\/tui-aktien-fallen-wegen-negativer-stimmung-trotz-gutem-q2-bericht\/#primaryimage\"},\"thumbnailUrl\":\"https:\/\/www.asktraders.com\/wp-content\/uploads\/2023\/05\/TUI-plane.jpg\",\"inLanguage\":\"de-DE\",\"potentialAction\":[{\"@type\":\"CommentAction\",\"name\":\"Comment\",\"target\":[\"https:\/\/www.asktraders.com\/de\/finanznachrichten\/tui-aktien-fallen-wegen-negativer-stimmung-trotz-gutem-q2-bericht\/#respond\"]}]},{\"@type\":\"WebPage\",\"@id\":\"https:\/\/www.asktraders.com\/de\/finanznachrichten\/tui-aktien-fallen-wegen-negativer-stimmung-trotz-gutem-q2-bericht\/\",\"url\":\"https:\/\/www.asktraders.com\/de\/finanznachrichten\/tui-aktien-fallen-wegen-negativer-stimmung-trotz-gutem-q2-bericht\/\",\"name\":\"TUI Aktie f\u00e4llt und f\u00e4llt | Hintergr\u00fcnde & Prognosen\",\"isPartOf\":{\"@id\":\"https:\/\/www.asktraders.com\/de\/#website\"},\"primaryImageOfPage\":{\"@id\":\"https:\/\/www.asktraders.com\/de\/finanznachrichten\/tui-aktien-fallen-wegen-negativer-stimmung-trotz-gutem-q2-bericht\/#primaryimage\"},\"image\":{\"@id\":\"https:\/\/www.asktraders.com\/de\/finanznachrichten\/tui-aktien-fallen-wegen-negativer-stimmung-trotz-gutem-q2-bericht\/#primaryimage\"},\"thumbnailUrl\":\"https:\/\/www.asktraders.com\/wp-content\/uploads\/2023\/05\/TUI-plane.jpg\",\"datePublished\":\"2023-05-10T09:05:38+00:00\",\"dateModified\":\"2023-05-10T11:57:18+00:00\",\"description\":\"Der Aktienkurs der TUI AG (LON: TUI) fiel um 5,31\u00a0%, nachdem sie ihre Ergebnisse f\u00fcr das zweite und erste Quartal, das im April endete, bekannt gegeben\",\"breadcrumb\":{\"@id\":\"https:\/\/www.asktraders.com\/de\/finanznachrichten\/tui-aktien-fallen-wegen-negativer-stimmung-trotz-gutem-q2-bericht\/#breadcrumb\"},\"inLanguage\":\"de-DE\",\"potentialAction\":[{\"@type\":\"ReadAction\",\"target\":[\"https:\/\/www.asktraders.com\/de\/finanznachrichten\/tui-aktien-fallen-wegen-negativer-stimmung-trotz-gutem-q2-bericht\/\"]}]},{\"@type\":\"ImageObject\",\"inLanguage\":\"de-DE\",\"@id\":\"https:\/\/www.asktraders.com\/de\/finanznachrichten\/tui-aktien-fallen-wegen-negativer-stimmung-trotz-gutem-q2-bericht\/#primaryimage\",\"url\":\"https:\/\/www.asktraders.com\/wp-content\/uploads\/2023\/05\/TUI-plane.jpg\",\"contentUrl\":\"https:\/\/www.asktraders.com\/wp-content\/uploads\/2023\/05\/TUI-plane.jpg\",\"width\":1000,\"height\":666,\"caption\":\"TUI plane\"},{\"@type\":\"BreadcrumbList\",\"@id\":\"https:\/\/www.asktraders.com\/de\/finanznachrichten\/tui-aktien-fallen-wegen-negativer-stimmung-trotz-gutem-q2-bericht\/#breadcrumb\",\"itemListElement\":[{\"@type\":\"ListItem\",\"position\":1,\"name\":\"Home\",\"item\":\"https:\/\/www.asktraders.com\/de\/\"},{\"@type\":\"ListItem\",\"position\":2,\"name\":\"News\",\"item\":\"https:\/\/www.asktraders.com\/de\/finanznachrichten\/\"},{\"@type\":\"ListItem\",\"position\":3,\"name\":\"TUI AKTIEN FALLEN UM 5,31\u00a0% WEGEN NEGATIVER STIMMUNG TROTZ GUTEM Q2 BERICHT\"}]},{\"@type\":\"WebSite\",\"@id\":\"https:\/\/www.asktraders.com\/de\/#website\",\"url\":\"https:\/\/www.asktraders.com\/de\/\",\"name\":\"AskTraders\",\"description\":\"Guiding You To Trading Success\",\"publisher\":{\"@id\":\"https:\/\/www.asktraders.com\/de\/#organization\"},\"inLanguage\":\"de-DE\"},{\"@type\":\"Organization\",\"@id\":\"https:\/\/www.asktraders.com\/de\/#organization\",\"name\":\"AskTraders\",\"url\":\"https:\/\/www.asktraders.com\/de\/\",\"logo\":{\"@type\":\"ImageObject\",\"inLanguage\":\"de-DE\",\"@id\":\"https:\/\/www.asktraders.com\/de\/#\/schema\/logo\/image\/\",\"url\":\"https:\/\/www.asktraders.com\/wp-content\/uploads\/2019\/05\/asktraders-logo-tm-white.png\",\"contentUrl\":\"https:\/\/www.asktraders.com\/wp-content\/uploads\/2019\/05\/asktraders-logo-tm-white.png\",\"width\":232,\"height\":38,\"caption\":\"AskTraders\"},\"image\":{\"@id\":\"https:\/\/www.asktraders.com\/de\/#\/schema\/logo\/image\/\"},\"sameAs\":[\"https:\/\/www.facebook.com\/asktraderscom\",\"https:\/\/x.com\/Asktraders1\"]},{\"@type\":\"Person\",\"@id\":\"https:\/\/www.asktraders.com\/de\/#\/schema\/person\/15210b30b0eee6ad4a094cc7c40572af\",\"name\":\"Simon Mugo\",\"image\":{\"@type\":\"ImageObject\",\"inLanguage\":\"de-DE\",\"@id\":\"https:\/\/secure.gravatar.com\/avatar\/5b5a2bfb28209f3b12fa4952c2a78f38d2f53d40557ab63bdb28e95dd73f25e5?s=96&d=mm&r=g\",\"url\":\"https:\/\/secure.gravatar.com\/avatar\/5b5a2bfb28209f3b12fa4952c2a78f38d2f53d40557ab63bdb28e95dd73f25e5?s=96&d=mm&r=g\",\"contentUrl\":\"https:\/\/secure.gravatar.com\/avatar\/5b5a2bfb28209f3b12fa4952c2a78f38d2f53d40557ab63bdb28e95dd73f25e5?s=96&d=mm&r=g\",\"caption\":\"Simon Mugo\"}}]}<\/script>\n<!-- \/ Yoast SEO plugin. -->","yoast_head_json":{"title":"TUI Aktie f\u00e4llt und f\u00e4llt | Hintergr\u00fcnde & Prognosen","description":"Der Aktienkurs der TUI AG (LON: TUI) fiel um 5,31\u00a0%, nachdem sie ihre Ergebnisse f\u00fcr das zweite und erste Quartal, das im April endete, bekannt gegeben","robots":{"index":"index","follow":"follow","max-snippet":"max-snippet:-1","max-image-preview":"max-image-preview:large","max-video-preview":"max-video-preview:-1"},"canonical":"https:\/\/www.asktraders.com\/de\/finanznachrichten\/tui-aktien-fallen-wegen-negativer-stimmung-trotz-gutem-q2-bericht\/","og_locale":"de_DE","og_type":"article","og_title":"TUI Aktie f\u00e4llt und f\u00e4llt | Hintergr\u00fcnde & Prognosen","og_description":"Der Aktienkurs der TUI AG (LON: TUI) fiel um 5,31\u00a0%, nachdem sie ihre Ergebnisse f\u00fcr das zweite und erste Quartal, das im April endete, bekannt gegeben","og_url":"https:\/\/www.asktraders.com\/de\/finanznachrichten\/tui-aktien-fallen-wegen-negativer-stimmung-trotz-gutem-q2-bericht\/","og_site_name":"AskTraders.com","article_publisher":"https:\/\/www.facebook.com\/asktraderscom","article_modified_time":"2023-05-10T11:57:18+00:00","og_image":[{"width":1000,"height":666,"url":"https:\/\/www.asktraders.com\/wp-content\/uploads\/2023\/05\/TUI-plane.jpg","type":"image\/jpeg"}],"twitter_card":"summary_large_image","twitter_site":"@Asktraders1","twitter_misc":{"Gesch\u00e4tzte Lesezeit":"3 Minuten"},"schema":{"@context":"https:\/\/schema.org","@graph":[{"@type":"NewsArticle","@id":"https:\/\/www.asktraders.com\/de\/finanznachrichten\/tui-aktien-fallen-wegen-negativer-stimmung-trotz-gutem-q2-bericht\/#article","isPartOf":{"@id":"https:\/\/www.asktraders.com\/de\/finanznachrichten\/tui-aktien-fallen-wegen-negativer-stimmung-trotz-gutem-q2-bericht\/"},"author":{"name":"Simon Mugo","@id":"https:\/\/www.asktraders.com\/de\/#\/schema\/person\/15210b30b0eee6ad4a094cc7c40572af","url":"https:\/\/www.asktraders.com\/de\/author\/simon-mugo\/"},"headline":"TUI AKTIEN FALLEN UM 5,31\u00a0% WEGEN NEGATIVER STIMMUNG TROTZ GUTEM Q2 BERICHT","datePublished":"2023-05-10T09:05:38+00:00","dateModified":"2023-05-10T11:57:18+00:00","mainEntityOfPage":{"@id":"https:\/\/www.asktraders.com\/de\/finanznachrichten\/tui-aktien-fallen-wegen-negativer-stimmung-trotz-gutem-q2-bericht\/"},"wordCount":439,"commentCount":0,"publisher":{"@id":"https:\/\/www.asktraders.com\/de\/#organization"},"image":{"@id":"https:\/\/www.asktraders.com\/de\/finanznachrichten\/tui-aktien-fallen-wegen-negativer-stimmung-trotz-gutem-q2-bericht\/#primaryimage"},"thumbnailUrl":"https:\/\/www.asktraders.com\/wp-content\/uploads\/2023\/05\/TUI-plane.jpg","inLanguage":"de-DE","potentialAction":[{"@type":"CommentAction","name":"Comment","target":["https:\/\/www.asktraders.com\/de\/finanznachrichten\/tui-aktien-fallen-wegen-negativer-stimmung-trotz-gutem-q2-bericht\/#respond"]}]},{"@type":"WebPage","@id":"https:\/\/www.asktraders.com\/de\/finanznachrichten\/tui-aktien-fallen-wegen-negativer-stimmung-trotz-gutem-q2-bericht\/","url":"https:\/\/www.asktraders.com\/de\/finanznachrichten\/tui-aktien-fallen-wegen-negativer-stimmung-trotz-gutem-q2-bericht\/","name":"TUI Aktie f\u00e4llt und f\u00e4llt | Hintergr\u00fcnde & Prognosen","isPartOf":{"@id":"https:\/\/www.asktraders.com\/de\/#website"},"primaryImageOfPage":{"@id":"https:\/\/www.asktraders.com\/de\/finanznachrichten\/tui-aktien-fallen-wegen-negativer-stimmung-trotz-gutem-q2-bericht\/#primaryimage"},"image":{"@id":"https:\/\/www.asktraders.com\/de\/finanznachrichten\/tui-aktien-fallen-wegen-negativer-stimmung-trotz-gutem-q2-bericht\/#primaryimage"},"thumbnailUrl":"https:\/\/www.asktraders.com\/wp-content\/uploads\/2023\/05\/TUI-plane.jpg","datePublished":"2023-05-10T09:05:38+00:00","dateModified":"2023-05-10T11:57:18+00:00","description":"Der Aktienkurs der TUI AG (LON: TUI) fiel um 5,31\u00a0%, nachdem sie ihre Ergebnisse f\u00fcr das zweite und erste Quartal, das im April endete, bekannt gegeben","breadcrumb":{"@id":"https:\/\/www.asktraders.com\/de\/finanznachrichten\/tui-aktien-fallen-wegen-negativer-stimmung-trotz-gutem-q2-bericht\/#breadcrumb"},"inLanguage":"de-DE","potentialAction":[{"@type":"ReadAction","target":["https:\/\/www.asktraders.com\/de\/finanznachrichten\/tui-aktien-fallen-wegen-negativer-stimmung-trotz-gutem-q2-bericht\/"]}]},{"@type":"ImageObject","inLanguage":"de-DE","@id":"https:\/\/www.asktraders.com\/de\/finanznachrichten\/tui-aktien-fallen-wegen-negativer-stimmung-trotz-gutem-q2-bericht\/#primaryimage","url":"https:\/\/www.asktraders.com\/wp-content\/uploads\/2023\/05\/TUI-plane.jpg","contentUrl":"https:\/\/www.asktraders.com\/wp-content\/uploads\/2023\/05\/TUI-plane.jpg","width":1000,"height":666,"caption":"TUI plane"},{"@type":"BreadcrumbList","@id":"https:\/\/www.asktraders.com\/de\/finanznachrichten\/tui-aktien-fallen-wegen-negativer-stimmung-trotz-gutem-q2-bericht\/#breadcrumb","itemListElement":[{"@type":"ListItem","position":1,"name":"Home","item":"https:\/\/www.asktraders.com\/de\/"},{"@type":"ListItem","position":2,"name":"News","item":"https:\/\/www.asktraders.com\/de\/finanznachrichten\/"},{"@type":"ListItem","position":3,"name":"TUI AKTIEN FALLEN UM 5,31\u00a0% WEGEN NEGATIVER STIMMUNG TROTZ GUTEM Q2 BERICHT"}]},{"@type":"WebSite","@id":"https:\/\/www.asktraders.com\/de\/#website","url":"https:\/\/www.asktraders.com\/de\/","name":"AskTraders","description":"Guiding You To Trading Success","publisher":{"@id":"https:\/\/www.asktraders.com\/de\/#organization"},"inLanguage":"de-DE"},{"@type":"Organization","@id":"https:\/\/www.asktraders.com\/de\/#organization","name":"AskTraders","url":"https:\/\/www.asktraders.com\/de\/","logo":{"@type":"ImageObject","inLanguage":"de-DE","@id":"https:\/\/www.asktraders.com\/de\/#\/schema\/logo\/image\/","url":"https:\/\/www.asktraders.com\/wp-content\/uploads\/2019\/05\/asktraders-logo-tm-white.png","contentUrl":"https:\/\/www.asktraders.com\/wp-content\/uploads\/2019\/05\/asktraders-logo-tm-white.png","width":232,"height":38,"caption":"AskTraders"},"image":{"@id":"https:\/\/www.asktraders.com\/de\/#\/schema\/logo\/image\/"},"sameAs":["https:\/\/www.facebook.com\/asktraderscom","https:\/\/x.com\/Asktraders1"]},{"@type":"Person","@id":"https:\/\/www.asktraders.com\/de\/#\/schema\/person\/15210b30b0eee6ad4a094cc7c40572af","name":"Simon Mugo","image":{"@type":"ImageObject","inLanguage":"de-DE","@id":"https:\/\/secure.gravatar.com\/avatar\/5b5a2bfb28209f3b12fa4952c2a78f38d2f53d40557ab63bdb28e95dd73f25e5?s=96&d=mm&r=g","url":"https:\/\/secure.gravatar.com\/avatar\/5b5a2bfb28209f3b12fa4952c2a78f38d2f53d40557ab63bdb28e95dd73f25e5?s=96&d=mm&r=g","contentUrl":"https:\/\/secure.gravatar.com\/avatar\/5b5a2bfb28209f3b12fa4952c2a78f38d2f53d40557ab63bdb28e95dd73f25e5?s=96&d=mm&r=g","caption":"Simon Mugo"}}]}},"_links":{"self":[{"href":"https:\/\/www.asktraders.com\/de\/wp-json\/wp\/v2\/news\/172734","targetHints":{"allow":["GET"]}}],"collection":[{"href":"https:\/\/www.asktraders.com\/de\/wp-json\/wp\/v2\/news"}],"about":[{"href":"https:\/\/www.asktraders.com\/de\/wp-json\/wp\/v2\/types\/news"}],"author":[{"embeddable":true,"href":"https:\/\/www.asktraders.com\/de\/wp-json\/wp\/v2\/users\/356"}],"replies":[{"embeddable":true,"href":"https:\/\/www.asktraders.com\/de\/wp-json\/wp\/v2\/comments?post=172734"}],"version-history":[{"count":0,"href":"https:\/\/www.asktraders.com\/de\/wp-json\/wp\/v2\/news\/172734\/revisions"}],"wp:featuredmedia":[{"embeddable":true,"href":"https:\/\/www.asktraders.com\/de\/wp-json\/wp\/v2\/media\/172652"}],"wp:attachment":[{"href":"https:\/\/www.asktraders.com\/de\/wp-json\/wp\/v2\/media?parent=172734"}],"wp:term":[{"taxonomy":"news_cluster","embeddable":true,"href":"https:\/\/www.asktraders.com\/de\/wp-json\/wp\/v2\/news_cluster?post=172734"},{"taxonomy":"tradingcategory","embeddable":true,"href":"https:\/\/www.asktraders.com\/de\/wp-json\/wp\/v2\/tradingcategory?post=172734"}],"curies":[{"name":"wp","href":"https:\/\/api.w.org\/{rel}","templated":true}]}}