{"id":173896,"date":"2023-05-24T11:44:38","date_gmt":"2023-05-24T10:44:38","guid":{"rendered":"https:\/\/www.asktraders.com\/?post_type=news&#038;p=173896"},"modified":"2023-05-24T11:45:18","modified_gmt":"2023-05-24T10:45:18","slug":"varta-aktie-news-absturz-auf-allzeittief-nach-abstufung-durch-goldman-sachs","status":"publish","type":"news","link":"https:\/\/www.asktraders.com\/de\/finanznachrichten\/varta-aktie-news-absturz-auf-allzeittief-nach-abstufung-durch-goldman-sachs\/","title":{"rendered":"Varta Aktie News &#8211; Absturz auf Allzeittief nach Abstufung durch Goldman Sachs"},"content":{"rendered":"\n<p><strong>Die Aktie des deutschen Batterieherstellers Varta verliert heute massiv an Wert. Um \u00fcber 10 Prozent ist die Aktie im Minus. Eine Herabstufung von Goldman Sachs belastet das Unternehmen. Aber auch eine m\u00f6gliche Gewinnwarnung liegt in der Luft.<\/strong><\/p>\n\n\n\n<div class=\"wp-block-group main-cta is-layout-flow wp-block-group-is-layout-flow\" style=\"padding-top:10px;padding-right:10px;padding-bottom:10px;padding-left:10px\">\n<hr class=\"wp-block-separator has-text-color has-gray-color has-alpha-channel-opacity has-gray-background-color has-background is-style-wide\"\/>\n\n\n\n<div style=\"height:28px\" aria-hidden=\"true\" class=\"wp-block-spacer\"><\/div>\n\n\n\n<div class=\"wp-block-buttons is-content-justification-center is-layout-flex wp-container-core-buttons-is-layout-16018d1d wp-block-buttons-is-layout-flex\">\n<div class=\"wp-block-button has-custom-width wp-block-button__width-100 has-custom-font-size is-style-fill has-small-font-size\"><a class=\"wp-block-button__link has-green-background-color has-background\" href=\"https:\/\/www.asktraders.com\/de\/go\/native?placement=AT-DE-DE-stocks-NCTA-B1-NA-NA-NA\" style=\"border-radius:5px;padding-top:11px;padding-right:40px;padding-bottom:11px;padding-left:40px\" target=\"_blank\" rel=\"noreferrer noopener\">jetzt die varta aktie kaufen<\/a><\/div>\n<\/div>\n\n\n\n<p class=\"has-text-align-center\">Ihr Kapital ist in Gefahr<\/p>\n\n\n\n<hr class=\"wp-block-separator has-text-color has-gray-color has-alpha-channel-opacity has-gray-background-color has-background is-style-wide\"\/>\n<\/div>\n\n\n<figure class=\"aligncenter wp-block-post-featured-image\"><img loading=\"lazy\" decoding=\"async\" width=\"971\" height=\"456\" src=\"https:\/\/www.asktraders.com\/wp-content\/uploads\/2023\/05\/news-varta-aktie.jpg\" class=\"attachment-post-thumbnail size-post-thumbnail wp-post-image\" alt=\"news varta aktie\" style=\"object-fit:cover;\" srcset=\"https:\/\/www.asktraders.com\/wp-content\/uploads\/2023\/05\/news-varta-aktie.jpg 971w, https:\/\/www.asktraders.com\/wp-content\/uploads\/2023\/05\/news-varta-aktie-333x156.jpg 333w, https:\/\/www.asktraders.com\/wp-content\/uploads\/2023\/05\/news-varta-aktie-793x372.jpg 793w, https:\/\/www.asktraders.com\/wp-content\/uploads\/2023\/05\/news-varta-aktie-768x361.jpg 768w\" sizes=\"auto, (max-width: 971px) 100vw, 971px\" \/><\/figure>\n\n\n<p class=\"has-text-align-center\"><em>Die Aktie des deutschen Batterieherstellers Varta hat heute massiv an Wert verloren\/ Bilderquelle: varta-ag.com<\/em><\/p>\n\n\n<div class=\"wp-block-notice has-background has-light-green-background-color py-2 px-[30px]\">\n\n    <div>\n        \n\n<h3 class=\"wp-block-heading\"  class=\"wp-block-heading\"  id=\"auf_den_punkt_gebracht\">Auf den Punkt gebracht <\/h3>\n\n\n\n<ul class=\"wp-block-list\"><li>Goldman Sachs stuft Varta Aktie von &#8222;Neutral&#8220; auf &#8222;Verkaufen&#8220; herab<\/li><li>Das Investmenthaus k\u00fcrzt die Kursprognose um 50 % von 30 auf 15 EUR.<\/li><li>Der Kurs der Aktie gibt um rund 10 Prozent nach<\/li><li>Schlechte Aussichten belasten den Aktienkurs zus\u00e4tzlich<\/li><\/ul>\n\n\n    <\/div>\n<\/div>\n\n\n\n<p>Der Kurs der Varta Aktie verliert weiter massiv an Wert. Heute st\u00fcrzt der Titel unter die Marke von 17 EUR und markiert damit erneut ein Allzeittief. Das Unternehmen kam im Herbst 2017 an die <a href=\"https:\/\/www.asktraders.com\/de\/traden-lernen\/trading-ratgeber\/wann-oeffnet-die-boerse\/\">B\u00f6rse<\/a>.<\/p>\n\n\n\n<p>Als Grund f\u00fcr den massiven Kurssturz werden \u00c4u\u00dferungen von zwei Analysten genannt.<\/p>\n\n\n\n<p>Analyst Philipp Konig von Goldman Sachs senkte die Einstufung von &#8222;Neutral&#8220; auf &#8222;Sell&#8220;. Zudem <strong>passte er das Kursziel von 30 EUR auf nunmehr 15 EUR an &#8211; eine Halbierung!<\/strong><\/p>\n\n\n\n<p>Er sieht Risiken bei den Umsatz- und Ergebniszielen des Unternehmens. Denn damit Varta seine selbst gesteckten Ziele erreichen k\u00f6nnte, <strong>m\u00fcsste es eine deutliche Erholung bei der Absatzmenge von CoinPower geben.<\/strong><\/p>\n\n\n\n<p>Und das sieht der Goldman Sachs Analyst kritisch. Hinzukommt, dass Varta im vergangenen Jahr bereits Marktanteile im Gesch\u00e4ft mit <a href=\"https:\/\/www.asktraders.com\/de\/traden-lernen\/aktien\/die-besten-lithium-aktien\/\">Lithium-Ionen <\/a>Knopfzellen verloren habe.<\/p>\n\n\n\n<figure class=\"wp-block-image aligncenter size-large\"><img loading=\"lazy\" decoding=\"async\" width=\"793\" height=\"451\" src=\"https:\/\/www.asktraders.com\/wp-content\/uploads\/2023\/05\/Varta-Aktie-news-793x451.jpg\" alt=\"news varta aktie\" class=\"wp-image-173911\" srcset=\"https:\/\/www.asktraders.com\/wp-content\/uploads\/2023\/05\/Varta-Aktie-news-793x451.jpg 793w, https:\/\/www.asktraders.com\/wp-content\/uploads\/2023\/05\/Varta-Aktie-news-333x189.jpg 333w, https:\/\/www.asktraders.com\/wp-content\/uploads\/2023\/05\/Varta-Aktie-news-768x436.jpg 768w, https:\/\/www.asktraders.com\/wp-content\/uploads\/2023\/05\/Varta-Aktie-news.jpg 864w\" sizes=\"auto, (max-width: 793px) 100vw, 793px\" \/><figcaption><em>Varta hat im Bereich der Lithium-Ionen Knopfzellen deutliche Marktanteile verloren\/ Bilderquelle: varta-ag.com<\/em><\/figcaption><\/figure>\n\n\n\n<p>Fabian Semon, Analyst bei Oddo-BHF senkte sein Kursziel von 30 EUR auf 20 EUR. Er bel\u00e4sst jedoch die Einstufung bei &#8222;Neutral&#8220;.<\/p>\n\n\n\n<p>Er geht zudem davon aus, <strong>dass Varta seine Prognosen f\u00fcr das laufende Gesch\u00e4ftsjahr demn\u00e4chst nach unten anpassen muss<\/strong>. Entsprechend nimmt die aktuelle <a href=\"https:\/\/www.asktraders.com\/de\/traden-lernen\/trading-ratgeber\/aktien-apps\/\">Kursbewegung <\/a>diese Einsch\u00e4tzung vorweg.<\/p>\n\n\n\n<p>Ein Blick auf die Bilanz des Unternehmens zeigt, dass die Eigenkapitalquote sp\u00e4rliche 20 Prozent betr\u00e4gt. <strong>Neue Finanzierungen zur Erweiterung des Gesch\u00e4fts sind damit weitestgehend ausgeschlossen.<\/strong><\/p>\n\n\n\n<p>Die Profitabilit\u00e4t ist in den negativen Bereich gerutscht, sprich, Varta schreibt unterm Strich rote Zahlen und verdient kein Geld.<\/p>\n\n\n\n<p>Auch im Vergleich mit anderen Unternehmen aus der Branche ist der Kurs der Varta Aktie ein deutlicher Underperformer.<\/p>\n\n\n\n<figure class=\"wp-block-image aligncenter size-large\"><img loading=\"lazy\" decoding=\"async\" width=\"793\" height=\"527\" src=\"https:\/\/www.asktraders.com\/wp-content\/uploads\/2023\/05\/aktien-news-varta-793x527.jpg\" alt=\"aktie news varta\" class=\"wp-image-173910\" srcset=\"https:\/\/www.asktraders.com\/wp-content\/uploads\/2023\/05\/aktien-news-varta-793x527.jpg 793w, https:\/\/www.asktraders.com\/wp-content\/uploads\/2023\/05\/aktien-news-varta-333x221.jpg 333w, https:\/\/www.asktraders.com\/wp-content\/uploads\/2023\/05\/aktien-news-varta-768x510.jpg 768w, https:\/\/www.asktraders.com\/wp-content\/uploads\/2023\/05\/aktien-news-varta.jpg 847w\" sizes=\"auto, (max-width: 793px) 100vw, 793px\" \/><figcaption><em>Das ist der Aktienchart der Varta Aktie am 24.05.2023\/ Bilderquelle: <\/em>traderfox.com<\/figcaption><\/figure>\n\n\n<div class=\"wp-block-notice has-background has-light-green-background-color py-2 px-[30px]\">\n\n    <div>\n        \n\n<h2 class=\"wp-block-heading\"  class=\"wp-block-heading\"  id=\"unsere_einschaetzung\">Unsere Einsch\u00e4tzung<\/h2>\n\n\n\n<ul class=\"wp-block-list\"><li>Die Herabstufung durch Goldman Sachs war mehr oder weniger nur eine Frage der Zeit. Wie bei allen Analystensch\u00e4tzungen, gehen diese im Laufe der Zeit mit dem aktuellen Kursgeschehen mit. <\/li><li>Der Kurs der Varta Aktie ist bereits seit Monaten im Abw\u00e4rtstrend. Der Kurs lag vor der Ver\u00f6ffentlichung der Studie bei um die 18 EUR. Nat\u00fcrlich muss ein Analyst dann seine Einsch\u00e4tzung anpassen, wenn er feststellt, dass sein bevorzugtes Szenario nicht aufgeht.<\/li><li>Der Kursabsturz hat vermutlich weniger mit der Abstufung an sich zu tun, sondern eher mit der Tatsache, dass eine m\u00f6gliche Gewinnwarnung in der Luft liegt.<\/li><li>Doch selbst das sollte Investoren nicht mehr \u00fcberraschen. Aber vielleicht ist das Ausma\u00df der Gewinnwarnung gr\u00f6\u00dfer als bef\u00fcrchtet.<\/li><li>Dass der Kurs zudem auf ein Allzeittief gefallen ist, sollte Anlegern zu denken geben. Ein Einstieg dr\u00e4ngt sich hier keinesfalls an. Auch auf einen m\u00f6glichen Rebound sollten Anleger nicht spekulieren (Achtung: kurzfristiges Trading ist hier nicht gemeint!).<\/li><\/ul>\n\n\n    <\/div>\n<\/div>\n\n\n<aside class=\"wp-block-related-posts  \" >\n                    \n\n<div class=\"wp-block-group main-cta is-layout-flow wp-block-group-is-layout-flow\" style=\"padding-top:10px;padding-right:10px;padding-bottom:10px;padding-left:10px\">\n<hr class=\"wp-block-separator has-text-color has-gray-color has-alpha-channel-opacity has-gray-background-color has-background is-style-wide\"\/>\n\n\n\n<div style=\"height:28px\" aria-hidden=\"true\" class=\"wp-block-spacer\"><\/div>\n\n\n\n<div class=\"wp-block-buttons is-content-justification-center is-layout-flex wp-container-core-buttons-is-layout-16018d1d wp-block-buttons-is-layout-flex\">\n<div class=\"wp-block-button has-custom-width wp-block-button__width-100 has-custom-font-size is-style-fill has-small-font-size\"><a class=\"wp-block-button__link has-green-background-color has-background\" href=\"https:\/\/www.asktraders.com\/de\/go\/native?placement=AT-DE-DE-stocks-NCTA-B1-NA-NA-NA\" style=\"border-radius:5px;padding-top:11px;padding-right:40px;padding-bottom:11px;padding-left:40px\" target=\"_blank\" rel=\"noreferrer noopener\">jetzt die varta aktie kaufen<\/a><\/div>\n<\/div>\n\n\n\n<p class=\"has-text-align-center\">Ihr Kapital ist in Gefahr<\/p>\n\n\n\n<hr class=\"wp-block-separator has-text-color has-gray-color has-alpha-channel-opacity has-gray-background-color has-background is-style-wide\"\/>\n<\/div>\n\n\n\n<h3 class=\"wp-block-heading\" class=\"wp-block-heading\" id=\"leser_interessieren_sich_auch_fuer\">Leser interessieren sich auch f\u00fcr:<\/h3>\n\n\n        <ul class=\"grid grid-cols-1 md:grid-cols-2 gap-4 lg:grid-cols-1\">\n                            <li class=\"w-full p-3 rounded-lg shadow md:w-full\">\n                    <a href=\"https:\/\/www.asktraders.com\/de\/traden-lernen\/trading-ratgeber\/aktien-apps\/\" class=\"flex\">\n                        <img loading=\"lazy\" decoding=\"async\" width=\"150\" height=\"150\" src=\"https:\/\/www.asktraders.com\/wp-content\/uploads\/2018\/05\/beitragsbilder-ratgeber-trading-apps-150x150.jpg\" class=\"w-1\/3 rounded object-cover  wp-post-image\" alt=\"Beitragsbilder Ratgeber Trading-App\" \/>\n                        <div class=\"flex flex-col w-2\/3 pl-3\">\n                                                        <span\n                                class=\"block py-1 grow text-sm font-bold \">Aktien Apps \u2013 die Kurse immer im Blick mit den richtigen Apps<\/span>\n                                                            <span class=\"text-xs uppercase\">\n                                    Analyst Team\n                                <\/span>\n                                                    <\/div>\n                    <\/a>\n                <\/li>\n                            <li class=\"w-full p-3 rounded-lg shadow md:w-full\">\n                    <a href=\"https:\/\/www.asktraders.com\/de\/traden-lernen\/technische-analyse\/chart-technische-analyse\/\" class=\"flex\">\n                        <img loading=\"lazy\" decoding=\"async\" width=\"150\" height=\"150\" src=\"https:\/\/www.asktraders.com\/wp-content\/uploads\/2019\/10\/shutterstock_599600603-150x150.jpg\" class=\"w-1\/3 rounded object-cover  wp-post-image\" alt=\"CFD-Brokers\" srcset=\"https:\/\/www.asktraders.com\/wp-content\/uploads\/2019\/10\/shutterstock_599600603-150x150.jpg 150w, https:\/\/www.asktraders.com\/wp-content\/uploads\/2019\/10\/shutterstock_599600603-100x100.jpg 100w, https:\/\/www.asktraders.com\/wp-content\/uploads\/2019\/10\/shutterstock_599600603-64x64.jpg 64w, https:\/\/www.asktraders.com\/wp-content\/uploads\/2019\/10\/shutterstock_599600603-26x26.jpg 26w\" sizes=\"auto, (max-width: 150px) 100vw, 150px\" \/>\n                        <div class=\"flex flex-col w-2\/3 pl-3\">\n                                                        <span\n                                class=\"block py-1 grow text-sm font-bold \">(Chart-) technische Analyse<\/span>\n                                                            <span class=\"text-xs uppercase\">\n                                    Analyst Team\n                                <\/span>\n                                                    <\/div>\n                    <\/a>\n                <\/li>\n                            <li class=\"w-full p-3 rounded-lg shadow md:w-full\">\n                    <a href=\"https:\/\/www.asktraders.com\/de\/traden-lernen\/trading-ratgeber\/fuenf-trading-anfaenger-fehler\/\" class=\"flex\">\n                        <img loading=\"lazy\" decoding=\"async\" width=\"150\" height=\"150\" src=\"https:\/\/www.asktraders.com\/wp-content\/uploads\/2019\/03\/depositphotos_164992668-stock-video-trader-man-talking-on-smart-150x150.jpg\" class=\"w-1\/3 rounded object-cover  wp-post-image\" alt=\"trading\" srcset=\"https:\/\/www.asktraders.com\/wp-content\/uploads\/2019\/03\/depositphotos_164992668-stock-video-trader-man-talking-on-smart-150x150.jpg 150w, https:\/\/www.asktraders.com\/wp-content\/uploads\/2019\/03\/depositphotos_164992668-stock-video-trader-man-talking-on-smart-100x100.jpg 100w, https:\/\/www.asktraders.com\/wp-content\/uploads\/2019\/03\/depositphotos_164992668-stock-video-trader-man-talking-on-smart-64x64.jpg 64w, https:\/\/www.asktraders.com\/wp-content\/uploads\/2019\/03\/depositphotos_164992668-stock-video-trader-man-talking-on-smart-26x26.jpg 26w\" sizes=\"auto, (max-width: 150px) 100vw, 150px\" \/>\n                        <div class=\"flex flex-col w-2\/3 pl-3\">\n                                                        <span\n                                class=\"block py-1 grow text-sm font-bold \">5 Dinge, die Trading-Anf\u00e4nger niemals tun sollten<\/span>\n                                                            <span class=\"text-xs uppercase\">\n                                    Analyst Team\n                                <\/span>\n                                                    <\/div>\n                    <\/a>\n                <\/li>\n                    <\/ul>\n            \n    <\/aside>\n\n\n<aside class=\"wp-block-related-posts  \" data-sidebar>\n                    \n\n<h2 class=\"wp-block-heading\"  class=\"wp-block-heading\"  id=\"aktuelle_beitraege\">Aktuelle Beitr\u00e4ge<\/h2>\n\n\n        <ul class=\"grid grid-cols-1 md:grid-cols-2 gap-4 lg:grid-cols-1\">\n                            <li class=\"w-full p-3 rounded-lg shadow md:w-full\">\n                    <a href=\"https:\/\/www.asktraders.com\/de\/finanznachrichten\/evonik-aktien-erreichen-neues-tief-als-e13-durchbrochen-werden\/\" class=\"flex\">\n                        <img loading=\"lazy\" decoding=\"async\" width=\"150\" height=\"150\" src=\"https:\/\/www.asktraders.com\/wp-content\/uploads\/2023\/05\/evonik-aktie-prognose-150x150.jpg\" class=\"w-1\/3 rounded object-cover  wp-post-image\" alt=\"Evonik Aktie\" \/>\n                        <div class=\"flex flex-col w-2\/3 pl-3\">\n                                                        <span\n                                class=\"block py-1 grow text-sm font-bold \">Evonik Aktien erreichen neues Tief, als \u20ac13 durchbrochen werden<\/span>\n                                                            <span class=\"text-xs uppercase\">\n                                    Analyst Team\n                                <\/span>\n                                                    <\/div>\n                    <\/a>\n                <\/li>\n                            <li class=\"w-full p-3 rounded-lg shadow md:w-full\">\n                    <a href=\"https:\/\/www.asktraders.com\/de\/finanznachrichten\/2g-energy-ag-aktie-erholt-sich-von-unterstuetzung-steigerung-von-10\/\" class=\"flex\">\n                        <img loading=\"lazy\" decoding=\"async\" width=\"150\" height=\"150\" src=\"https:\/\/www.asktraders.com\/wp-content\/uploads\/2025\/08\/power-and-energy-150x150.jpg\" class=\"w-1\/3 rounded object-cover  wp-post-image\" alt=\"Uniper UN0\" \/>\n                        <div class=\"flex flex-col w-2\/3 pl-3\">\n                                                        <span\n                                class=\"block py-1 grow text-sm font-bold \">2G Energy AG Aktie erholt sich von Unterst\u00fctzung \u2013 Steigerung von 10%<\/span>\n                                                            <span class=\"text-xs uppercase\">\n                                    Analyst Team\n                                <\/span>\n                                                    <\/div>\n                    <\/a>\n                <\/li>\n                            <li class=\"w-full p-3 rounded-lg shadow md:w-full\">\n                    <a href=\"https:\/\/www.asktraders.com\/de\/finanznachrichten\/mercedes-benz-aktie-goldman-sachs-initiiert-analystendeckung-mit-positiver-einschaetzung\/\" class=\"flex\">\n                        <img loading=\"lazy\" decoding=\"async\" width=\"150\" height=\"150\" src=\"https:\/\/www.asktraders.com\/wp-content\/uploads\/2023\/06\/aktie-mercedes-150x150.jpg\" class=\"w-1\/3 rounded object-cover  wp-post-image\" alt=\"Mercedes Aktie\" \/>\n                        <div class=\"flex flex-col w-2\/3 pl-3\">\n                                                        <span\n                                class=\"block py-1 grow text-sm font-bold \">Mercedes-Benz Aktie: Goldman Sachs initiiert Analystendeckung mit positiver Einsch\u00e4tzung<\/span>\n                                                            <span class=\"text-xs uppercase\">\n                                    Analyst Team\n                                <\/span>\n                                                    <\/div>\n                    <\/a>\n                <\/li>\n                            <li class=\"w-full p-3 rounded-lg shadow md:w-full\">\n                    <a href=\"https:\/\/www.asktraders.com\/de\/finanznachrichten\/dax-aktien-erholen-sich-nach-nvidia-beben-maerkte-atmen-auf\/\" class=\"flex\">\n                        <img loading=\"lazy\" decoding=\"async\" width=\"150\" height=\"150\" src=\"https:\/\/www.asktraders.com\/wp-content\/uploads\/2023\/04\/dax-handeln-150x150.jpg\" class=\"w-1\/3 rounded object-cover  wp-post-image\" alt=\"\" \/>\n                        <div class=\"flex flex-col w-2\/3 pl-3\">\n                                                        <span\n                                class=\"block py-1 grow text-sm font-bold \">DAX-Aktien erholen sich nach Nvidia-Beben: M\u00e4rkte atmen auf<\/span>\n                                                            <span class=\"text-xs uppercase\">\n                                    Analyst Team\n                                <\/span>\n                                                    <\/div>\n                    <\/a>\n                <\/li>\n                            <li class=\"w-full p-3 rounded-lg shadow md:w-full\">\n                    <a href=\"https:\/\/www.asktraders.com\/de\/finanznachrichten\/rheinmetall-aktien-finden-unterstuetzung-bei-1-600-e-wie-geht-es-weiter\/\" class=\"flex\">\n                        <img loading=\"lazy\" decoding=\"async\" width=\"150\" height=\"150\" src=\"https:\/\/www.asktraders.com\/wp-content\/uploads\/2022\/11\/Die-Rheinmetall-Aktie-im-Chart-150x150.jpg\" class=\"w-1\/3 rounded object-cover  wp-post-image\" alt=\"Die Rheinmetall Aktie im Chart\" \/>\n                        <div class=\"flex flex-col w-2\/3 pl-3\">\n                                                        <span\n                                class=\"block py-1 grow text-sm font-bold \">Rheinmetall-Aktien finden Unterst\u00fctzung bei 1.600 \u20ac \u2013 Wie geht es weiter?<\/span>\n                                                            <span class=\"text-xs uppercase\">\n                                    Analyst Team\n                                <\/span>\n                                                    <\/div>\n                    <\/a>\n                <\/li>\n                    <\/ul>\n            \n    <\/aside>\n\n\n<div class=\"wp-block-top5-broker\" data-sidebar>\n        <div>\n        \n\n<h2 class=\"wp-block-heading\"  class=\"wp-block-heading\"  id=\"\"><\/h2>\n\n\n    <\/div>\n            <div class=\"block bg-white rounded-lg shadow\">\n        <ul\n            class=\"flex flex-wrap w-full -mb-px list-none border-b-2 navTabs \">\n                                                                                                        <\/ul>\n                    <div class=\"navTabContent \" id=\"top5-tab1\">\n                <ol class=\"flex\n                flex-wrap\n                \">\n                                    <\/ol>\n                            <\/div>\n                    <div class=\"navTabContent hidden\" id=\"top5-tab2\">\n                <ol class=\"flex\n                flex-wrap\n                \">\n                                    <\/ol>\n                            <\/div>\n                    <div class=\"navTabContent hidden\" id=\"top5-tab3\">\n                <ol class=\"flex\n                flex-wrap\n                \">\n                                    <\/ol>\n                            <\/div>\n        \n    <\/div>\n    <\/div>\n\n\n\n<p><\/p>\n","protected":false},"author":33,"featured_media":173912,"comment_status":"open","ping_status":"closed","template":"","news_cluster":[],"tradingcategory":[58519],"class_list":["post-173896","news","type-news","status-publish","has-post-thumbnail","hentry","tradingcategory-news-de"],"acf":[],"apple_news_notices":[],"yoast_head":"<!-- This site is optimized with the Yoast SEO plugin v27.2 - https:\/\/yoast.com\/product\/yoast-seo-wordpress\/ -->\n<title>Varta Aktie News | Es sieht brutal f\u00fcr den Batteriehersteller aus<\/title>\n<meta name=\"description\" content=\"Die Aktie des deutschen Batterieherstellers Varta verliert heute massiv an Wert. Um \u00fcber 10 Prozent ist die Aktie im Minus. Eine Herabstufung von Goldman\" \/>\n<meta name=\"robots\" content=\"index, follow, max-snippet:-1, max-image-preview:large, max-video-preview:-1\" \/>\n<link rel=\"canonical\" href=\"https:\/\/www.asktraders.com\/de\/finanznachrichten\/varta-aktie-news-absturz-auf-allzeittief-nach-abstufung-durch-goldman-sachs\/\" \/>\n<meta property=\"og:locale\" content=\"de_DE\" \/>\n<meta property=\"og:type\" content=\"article\" \/>\n<meta property=\"og:title\" content=\"Varta Aktie News | Es sieht brutal f\u00fcr den Batteriehersteller aus\" \/>\n<meta property=\"og:description\" content=\"Die Aktie des deutschen Batterieherstellers Varta verliert heute massiv an Wert. Um \u00fcber 10 Prozent ist die Aktie im Minus. Eine Herabstufung von Goldman\" \/>\n<meta property=\"og:url\" content=\"https:\/\/www.asktraders.com\/de\/finanznachrichten\/varta-aktie-news-absturz-auf-allzeittief-nach-abstufung-durch-goldman-sachs\/\" \/>\n<meta property=\"og:site_name\" content=\"AskTraders.com\" \/>\n<meta property=\"article:publisher\" content=\"https:\/\/www.facebook.com\/asktraderscom\" \/>\n<meta property=\"article:modified_time\" content=\"2023-05-24T10:45:18+00:00\" \/>\n<meta property=\"og:image\" content=\"https:\/\/www.asktraders.com\/wp-content\/uploads\/2023\/05\/news-varta-aktie.jpg\" \/>\n\t<meta property=\"og:image:width\" content=\"971\" \/>\n\t<meta property=\"og:image:height\" content=\"456\" \/>\n\t<meta property=\"og:image:type\" content=\"image\/jpeg\" \/>\n<meta name=\"twitter:card\" content=\"summary_large_image\" \/>\n<meta name=\"twitter:site\" content=\"@Asktraders1\" \/>\n<meta name=\"twitter:label1\" content=\"Gesch\u00e4tzte Lesezeit\" \/>\n\t<meta name=\"twitter:data1\" content=\"4 Minuten\" \/>\n<script type=\"application\/ld+json\" class=\"yoast-schema-graph\">{\"@context\":\"https:\/\/schema.org\",\"@graph\":[{\"@type\":\"NewsArticle\",\"@id\":\"https:\/\/www.asktraders.com\/de\/finanznachrichten\/varta-aktie-news-absturz-auf-allzeittief-nach-abstufung-durch-goldman-sachs\/#article\",\"isPartOf\":{\"@id\":\"https:\/\/www.asktraders.com\/de\/finanznachrichten\/varta-aktie-news-absturz-auf-allzeittief-nach-abstufung-durch-goldman-sachs\/\"},\"author\":{\"name\":\"Ruben Wunderlich\",\"@id\":\"https:\/\/www.asktraders.com\/de\/#\/schema\/person\/6e2f89f6a9f3eecbfe9cf3be140769ba\",\"url\":\"https:\/\/www.asktraders.com\/de\/author\/rubenw\/\"},\"headline\":\"Varta Aktie News &#8211; Absturz auf Allzeittief nach Abstufung durch Goldman Sachs\",\"datePublished\":\"2023-05-24T10:44:38+00:00\",\"dateModified\":\"2023-05-24T10:45:18+00:00\",\"mainEntityOfPage\":{\"@id\":\"https:\/\/www.asktraders.com\/de\/finanznachrichten\/varta-aktie-news-absturz-auf-allzeittief-nach-abstufung-durch-goldman-sachs\/\"},\"wordCount\":563,\"commentCount\":0,\"publisher\":{\"@id\":\"https:\/\/www.asktraders.com\/de\/#organization\"},\"image\":{\"@id\":\"https:\/\/www.asktraders.com\/de\/finanznachrichten\/varta-aktie-news-absturz-auf-allzeittief-nach-abstufung-durch-goldman-sachs\/#primaryimage\"},\"thumbnailUrl\":\"https:\/\/www.asktraders.com\/wp-content\/uploads\/2023\/05\/news-varta-aktie.jpg\",\"inLanguage\":\"de-DE\",\"potentialAction\":[{\"@type\":\"CommentAction\",\"name\":\"Comment\",\"target\":[\"https:\/\/www.asktraders.com\/de\/finanznachrichten\/varta-aktie-news-absturz-auf-allzeittief-nach-abstufung-durch-goldman-sachs\/#respond\"]}]},{\"@type\":\"WebPage\",\"@id\":\"https:\/\/www.asktraders.com\/de\/finanznachrichten\/varta-aktie-news-absturz-auf-allzeittief-nach-abstufung-durch-goldman-sachs\/\",\"url\":\"https:\/\/www.asktraders.com\/de\/finanznachrichten\/varta-aktie-news-absturz-auf-allzeittief-nach-abstufung-durch-goldman-sachs\/\",\"name\":\"Varta Aktie News | Es sieht brutal f\u00fcr den Batteriehersteller aus\",\"isPartOf\":{\"@id\":\"https:\/\/www.asktraders.com\/de\/#website\"},\"primaryImageOfPage\":{\"@id\":\"https:\/\/www.asktraders.com\/de\/finanznachrichten\/varta-aktie-news-absturz-auf-allzeittief-nach-abstufung-durch-goldman-sachs\/#primaryimage\"},\"image\":{\"@id\":\"https:\/\/www.asktraders.com\/de\/finanznachrichten\/varta-aktie-news-absturz-auf-allzeittief-nach-abstufung-durch-goldman-sachs\/#primaryimage\"},\"thumbnailUrl\":\"https:\/\/www.asktraders.com\/wp-content\/uploads\/2023\/05\/news-varta-aktie.jpg\",\"datePublished\":\"2023-05-24T10:44:38+00:00\",\"dateModified\":\"2023-05-24T10:45:18+00:00\",\"description\":\"Die Aktie des deutschen Batterieherstellers Varta verliert heute massiv an Wert. Um \u00fcber 10 Prozent ist die Aktie im Minus. Eine Herabstufung von Goldman\",\"breadcrumb\":{\"@id\":\"https:\/\/www.asktraders.com\/de\/finanznachrichten\/varta-aktie-news-absturz-auf-allzeittief-nach-abstufung-durch-goldman-sachs\/#breadcrumb\"},\"inLanguage\":\"de-DE\",\"potentialAction\":[{\"@type\":\"ReadAction\",\"target\":[\"https:\/\/www.asktraders.com\/de\/finanznachrichten\/varta-aktie-news-absturz-auf-allzeittief-nach-abstufung-durch-goldman-sachs\/\"]}]},{\"@type\":\"ImageObject\",\"inLanguage\":\"de-DE\",\"@id\":\"https:\/\/www.asktraders.com\/de\/finanznachrichten\/varta-aktie-news-absturz-auf-allzeittief-nach-abstufung-durch-goldman-sachs\/#primaryimage\",\"url\":\"https:\/\/www.asktraders.com\/wp-content\/uploads\/2023\/05\/news-varta-aktie.jpg\",\"contentUrl\":\"https:\/\/www.asktraders.com\/wp-content\/uploads\/2023\/05\/news-varta-aktie.jpg\",\"width\":971,\"height\":456,\"caption\":\"news varta aktie\"},{\"@type\":\"BreadcrumbList\",\"@id\":\"https:\/\/www.asktraders.com\/de\/finanznachrichten\/varta-aktie-news-absturz-auf-allzeittief-nach-abstufung-durch-goldman-sachs\/#breadcrumb\",\"itemListElement\":[{\"@type\":\"ListItem\",\"position\":1,\"name\":\"Home\",\"item\":\"https:\/\/www.asktraders.com\/de\/\"},{\"@type\":\"ListItem\",\"position\":2,\"name\":\"News\",\"item\":\"https:\/\/www.asktraders.com\/de\/finanznachrichten\/\"},{\"@type\":\"ListItem\",\"position\":3,\"name\":\"Varta Aktie News &#8211; Absturz auf Allzeittief nach Abstufung durch Goldman Sachs\"}]},{\"@type\":\"WebSite\",\"@id\":\"https:\/\/www.asktraders.com\/de\/#website\",\"url\":\"https:\/\/www.asktraders.com\/de\/\",\"name\":\"AskTraders\",\"description\":\"Guiding You To Trading Success\",\"publisher\":{\"@id\":\"https:\/\/www.asktraders.com\/de\/#organization\"},\"inLanguage\":\"de-DE\"},{\"@type\":\"Organization\",\"@id\":\"https:\/\/www.asktraders.com\/de\/#organization\",\"name\":\"AskTraders\",\"url\":\"https:\/\/www.asktraders.com\/de\/\",\"logo\":{\"@type\":\"ImageObject\",\"inLanguage\":\"de-DE\",\"@id\":\"https:\/\/www.asktraders.com\/de\/#\/schema\/logo\/image\/\",\"url\":\"https:\/\/www.asktraders.com\/wp-content\/uploads\/2019\/05\/asktraders-logo-tm-white.png\",\"contentUrl\":\"https:\/\/www.asktraders.com\/wp-content\/uploads\/2019\/05\/asktraders-logo-tm-white.png\",\"width\":232,\"height\":38,\"caption\":\"AskTraders\"},\"image\":{\"@id\":\"https:\/\/www.asktraders.com\/de\/#\/schema\/logo\/image\/\"},\"sameAs\":[\"https:\/\/www.facebook.com\/asktraderscom\",\"https:\/\/x.com\/Asktraders1\"]},{\"@type\":\"Person\",\"@id\":\"https:\/\/www.asktraders.com\/de\/#\/schema\/person\/6e2f89f6a9f3eecbfe9cf3be140769ba\",\"name\":\"Ruben Wunderlich\",\"image\":{\"@type\":\"ImageObject\",\"inLanguage\":\"de-DE\",\"@id\":\"https:\/\/secure.gravatar.com\/avatar\/a169813ebb7fc5db497811c94e0e5111ffd756d2135b8bb267093c55024a2119?s=96&d=mm&r=g\",\"url\":\"https:\/\/secure.gravatar.com\/avatar\/a169813ebb7fc5db497811c94e0e5111ffd756d2135b8bb267093c55024a2119?s=96&d=mm&r=g\",\"contentUrl\":\"https:\/\/secure.gravatar.com\/avatar\/a169813ebb7fc5db497811c94e0e5111ffd756d2135b8bb267093c55024a2119?s=96&d=mm&r=g\",\"caption\":\"Ruben Wunderlich\"}}]}<\/script>\n<!-- \/ Yoast SEO plugin. -->","yoast_head_json":{"title":"Varta Aktie News | Es sieht brutal f\u00fcr den Batteriehersteller aus","description":"Die Aktie des deutschen Batterieherstellers Varta verliert heute massiv an Wert. Um \u00fcber 10 Prozent ist die Aktie im Minus. Eine Herabstufung von Goldman","robots":{"index":"index","follow":"follow","max-snippet":"max-snippet:-1","max-image-preview":"max-image-preview:large","max-video-preview":"max-video-preview:-1"},"canonical":"https:\/\/www.asktraders.com\/de\/finanznachrichten\/varta-aktie-news-absturz-auf-allzeittief-nach-abstufung-durch-goldman-sachs\/","og_locale":"de_DE","og_type":"article","og_title":"Varta Aktie News | Es sieht brutal f\u00fcr den Batteriehersteller aus","og_description":"Die Aktie des deutschen Batterieherstellers Varta verliert heute massiv an Wert. Um \u00fcber 10 Prozent ist die Aktie im Minus. Eine Herabstufung von Goldman","og_url":"https:\/\/www.asktraders.com\/de\/finanznachrichten\/varta-aktie-news-absturz-auf-allzeittief-nach-abstufung-durch-goldman-sachs\/","og_site_name":"AskTraders.com","article_publisher":"https:\/\/www.facebook.com\/asktraderscom","article_modified_time":"2023-05-24T10:45:18+00:00","og_image":[{"width":971,"height":456,"url":"https:\/\/www.asktraders.com\/wp-content\/uploads\/2023\/05\/news-varta-aktie.jpg","type":"image\/jpeg"}],"twitter_card":"summary_large_image","twitter_site":"@Asktraders1","twitter_misc":{"Gesch\u00e4tzte Lesezeit":"4 Minuten"},"schema":{"@context":"https:\/\/schema.org","@graph":[{"@type":"NewsArticle","@id":"https:\/\/www.asktraders.com\/de\/finanznachrichten\/varta-aktie-news-absturz-auf-allzeittief-nach-abstufung-durch-goldman-sachs\/#article","isPartOf":{"@id":"https:\/\/www.asktraders.com\/de\/finanznachrichten\/varta-aktie-news-absturz-auf-allzeittief-nach-abstufung-durch-goldman-sachs\/"},"author":{"name":"Ruben Wunderlich","@id":"https:\/\/www.asktraders.com\/de\/#\/schema\/person\/6e2f89f6a9f3eecbfe9cf3be140769ba","url":"https:\/\/www.asktraders.com\/de\/author\/rubenw\/"},"headline":"Varta Aktie News &#8211; Absturz auf Allzeittief nach Abstufung durch Goldman Sachs","datePublished":"2023-05-24T10:44:38+00:00","dateModified":"2023-05-24T10:45:18+00:00","mainEntityOfPage":{"@id":"https:\/\/www.asktraders.com\/de\/finanznachrichten\/varta-aktie-news-absturz-auf-allzeittief-nach-abstufung-durch-goldman-sachs\/"},"wordCount":563,"commentCount":0,"publisher":{"@id":"https:\/\/www.asktraders.com\/de\/#organization"},"image":{"@id":"https:\/\/www.asktraders.com\/de\/finanznachrichten\/varta-aktie-news-absturz-auf-allzeittief-nach-abstufung-durch-goldman-sachs\/#primaryimage"},"thumbnailUrl":"https:\/\/www.asktraders.com\/wp-content\/uploads\/2023\/05\/news-varta-aktie.jpg","inLanguage":"de-DE","potentialAction":[{"@type":"CommentAction","name":"Comment","target":["https:\/\/www.asktraders.com\/de\/finanznachrichten\/varta-aktie-news-absturz-auf-allzeittief-nach-abstufung-durch-goldman-sachs\/#respond"]}]},{"@type":"WebPage","@id":"https:\/\/www.asktraders.com\/de\/finanznachrichten\/varta-aktie-news-absturz-auf-allzeittief-nach-abstufung-durch-goldman-sachs\/","url":"https:\/\/www.asktraders.com\/de\/finanznachrichten\/varta-aktie-news-absturz-auf-allzeittief-nach-abstufung-durch-goldman-sachs\/","name":"Varta Aktie News | Es sieht brutal f\u00fcr den Batteriehersteller aus","isPartOf":{"@id":"https:\/\/www.asktraders.com\/de\/#website"},"primaryImageOfPage":{"@id":"https:\/\/www.asktraders.com\/de\/finanznachrichten\/varta-aktie-news-absturz-auf-allzeittief-nach-abstufung-durch-goldman-sachs\/#primaryimage"},"image":{"@id":"https:\/\/www.asktraders.com\/de\/finanznachrichten\/varta-aktie-news-absturz-auf-allzeittief-nach-abstufung-durch-goldman-sachs\/#primaryimage"},"thumbnailUrl":"https:\/\/www.asktraders.com\/wp-content\/uploads\/2023\/05\/news-varta-aktie.jpg","datePublished":"2023-05-24T10:44:38+00:00","dateModified":"2023-05-24T10:45:18+00:00","description":"Die Aktie des deutschen Batterieherstellers Varta verliert heute massiv an Wert. Um \u00fcber 10 Prozent ist die Aktie im Minus. Eine Herabstufung von Goldman","breadcrumb":{"@id":"https:\/\/www.asktraders.com\/de\/finanznachrichten\/varta-aktie-news-absturz-auf-allzeittief-nach-abstufung-durch-goldman-sachs\/#breadcrumb"},"inLanguage":"de-DE","potentialAction":[{"@type":"ReadAction","target":["https:\/\/www.asktraders.com\/de\/finanznachrichten\/varta-aktie-news-absturz-auf-allzeittief-nach-abstufung-durch-goldman-sachs\/"]}]},{"@type":"ImageObject","inLanguage":"de-DE","@id":"https:\/\/www.asktraders.com\/de\/finanznachrichten\/varta-aktie-news-absturz-auf-allzeittief-nach-abstufung-durch-goldman-sachs\/#primaryimage","url":"https:\/\/www.asktraders.com\/wp-content\/uploads\/2023\/05\/news-varta-aktie.jpg","contentUrl":"https:\/\/www.asktraders.com\/wp-content\/uploads\/2023\/05\/news-varta-aktie.jpg","width":971,"height":456,"caption":"news varta aktie"},{"@type":"BreadcrumbList","@id":"https:\/\/www.asktraders.com\/de\/finanznachrichten\/varta-aktie-news-absturz-auf-allzeittief-nach-abstufung-durch-goldman-sachs\/#breadcrumb","itemListElement":[{"@type":"ListItem","position":1,"name":"Home","item":"https:\/\/www.asktraders.com\/de\/"},{"@type":"ListItem","position":2,"name":"News","item":"https:\/\/www.asktraders.com\/de\/finanznachrichten\/"},{"@type":"ListItem","position":3,"name":"Varta Aktie News &#8211; Absturz auf Allzeittief nach Abstufung durch Goldman Sachs"}]},{"@type":"WebSite","@id":"https:\/\/www.asktraders.com\/de\/#website","url":"https:\/\/www.asktraders.com\/de\/","name":"AskTraders","description":"Guiding You To Trading Success","publisher":{"@id":"https:\/\/www.asktraders.com\/de\/#organization"},"inLanguage":"de-DE"},{"@type":"Organization","@id":"https:\/\/www.asktraders.com\/de\/#organization","name":"AskTraders","url":"https:\/\/www.asktraders.com\/de\/","logo":{"@type":"ImageObject","inLanguage":"de-DE","@id":"https:\/\/www.asktraders.com\/de\/#\/schema\/logo\/image\/","url":"https:\/\/www.asktraders.com\/wp-content\/uploads\/2019\/05\/asktraders-logo-tm-white.png","contentUrl":"https:\/\/www.asktraders.com\/wp-content\/uploads\/2019\/05\/asktraders-logo-tm-white.png","width":232,"height":38,"caption":"AskTraders"},"image":{"@id":"https:\/\/www.asktraders.com\/de\/#\/schema\/logo\/image\/"},"sameAs":["https:\/\/www.facebook.com\/asktraderscom","https:\/\/x.com\/Asktraders1"]},{"@type":"Person","@id":"https:\/\/www.asktraders.com\/de\/#\/schema\/person\/6e2f89f6a9f3eecbfe9cf3be140769ba","name":"Ruben Wunderlich","image":{"@type":"ImageObject","inLanguage":"de-DE","@id":"https:\/\/secure.gravatar.com\/avatar\/a169813ebb7fc5db497811c94e0e5111ffd756d2135b8bb267093c55024a2119?s=96&d=mm&r=g","url":"https:\/\/secure.gravatar.com\/avatar\/a169813ebb7fc5db497811c94e0e5111ffd756d2135b8bb267093c55024a2119?s=96&d=mm&r=g","contentUrl":"https:\/\/secure.gravatar.com\/avatar\/a169813ebb7fc5db497811c94e0e5111ffd756d2135b8bb267093c55024a2119?s=96&d=mm&r=g","caption":"Ruben Wunderlich"}}]}},"_links":{"self":[{"href":"https:\/\/www.asktraders.com\/de\/wp-json\/wp\/v2\/news\/173896","targetHints":{"allow":["GET"]}}],"collection":[{"href":"https:\/\/www.asktraders.com\/de\/wp-json\/wp\/v2\/news"}],"about":[{"href":"https:\/\/www.asktraders.com\/de\/wp-json\/wp\/v2\/types\/news"}],"author":[{"embeddable":true,"href":"https:\/\/www.asktraders.com\/de\/wp-json\/wp\/v2\/users\/33"}],"replies":[{"embeddable":true,"href":"https:\/\/www.asktraders.com\/de\/wp-json\/wp\/v2\/comments?post=173896"}],"version-history":[{"count":0,"href":"https:\/\/www.asktraders.com\/de\/wp-json\/wp\/v2\/news\/173896\/revisions"}],"wp:featuredmedia":[{"embeddable":true,"href":"https:\/\/www.asktraders.com\/de\/wp-json\/wp\/v2\/media\/173912"}],"wp:attachment":[{"href":"https:\/\/www.asktraders.com\/de\/wp-json\/wp\/v2\/media?parent=173896"}],"wp:term":[{"taxonomy":"news_cluster","embeddable":true,"href":"https:\/\/www.asktraders.com\/de\/wp-json\/wp\/v2\/news_cluster?post=173896"},{"taxonomy":"tradingcategory","embeddable":true,"href":"https:\/\/www.asktraders.com\/de\/wp-json\/wp\/v2\/tradingcategory?post=173896"}],"curies":[{"name":"wp","href":"https:\/\/api.w.org\/{rel}","templated":true}]}}