{"id":174911,"date":"2023-06-07T18:00:33","date_gmt":"2023-06-07T17:00:33","guid":{"rendered":"https:\/\/www.asktraders.com\/?post_type=news&#038;p=174911"},"modified":"2023-06-07T18:06:40","modified_gmt":"2023-06-07T17:06:40","slug":"deutsche-telekom-aktie-mischt-amazon-den-us-mobilfunkmarkt-auf-oder-nicht","status":"publish","type":"news","link":"https:\/\/www.asktraders.com\/de\/finanznachrichten\/deutsche-telekom-aktie-mischt-amazon-den-us-mobilfunkmarkt-auf-oder-nicht\/","title":{"rendered":"Deutsche Telekom Aktie &#8211; Mischt Amazon den US-Mobilfunkmarkt auf oder nicht?"},"content":{"rendered":"\n<p><strong>In der vergangenen Woche ist der <a href=\"https:\/\/www.asktraders.com\/de\/traden-lernen\/trading-ratgeber\/aktien-apps\/\" target=\"_blank\" rel=\"noreferrer noopener\">Kurs <\/a>der Deutschen Telekom Aktie aus dem Stand um knapp 10 Prozent abgesackt. Als Grund nannten einige Quellen, dass Amazon in den USA in den Mobilfunkmarkt einsteigen k\u00f6nnte.<\/strong><\/p>\n\n\n\n<div class=\"wp-block-group main-cta is-layout-flow wp-block-group-is-layout-flow\" style=\"padding-top:10px;padding-right:10px;padding-bottom:10px;padding-left:10px\">\n<hr class=\"wp-block-separator has-text-color has-gray-color has-alpha-channel-opacity has-gray-background-color has-background is-style-wide\"\/>\n\n\n\n<div style=\"height:28px\" aria-hidden=\"true\" class=\"wp-block-spacer\"><\/div>\n\n\n\n<div class=\"wp-block-buttons is-content-justification-center is-layout-flex wp-container-core-buttons-is-layout-16018d1d wp-block-buttons-is-layout-flex\">\n<div class=\"wp-block-button has-custom-width wp-block-button__width-100 has-custom-font-size is-style-fill has-small-font-size\"><a class=\"wp-block-button__link has-green-background-color has-background wp-element-button\" href=\"https:\/\/www.asktraders.com\/de\/go\/native?placement=AT-DE-DE-stocks-NCTA-B1-NA-NA-NA\" style=\"border-radius:5px;padding-top:11px;padding-right:40px;padding-bottom:11px;padding-left:40px\" target=\"_blank\" rel=\"noreferrer noopener\">Jetzt Deutsche Telekom Aktie kaufen<\/a><\/div>\n<\/div>\n\n\n\n<p class=\"has-text-align-center\">Ihr Kapital ist in Gefahr<\/p>\n\n\n\n<hr class=\"wp-block-separator has-text-color has-gray-color has-alpha-channel-opacity has-gray-background-color has-background is-style-wide\"\/>\n<\/div>\n\n\n<figure class=\"aligncenter wp-block-post-featured-image\"><img loading=\"lazy\" decoding=\"async\" width=\"888\" height=\"602\" src=\"https:\/\/www.asktraders.com\/wp-content\/uploads\/2023\/06\/deutsche-telekom-aktie-kaufen.jpg\" class=\"attachment-post-thumbnail size-post-thumbnail wp-post-image\" alt=\"deutsche telekom aktie kaufen\" style=\"object-fit:cover;\" srcset=\"https:\/\/www.asktraders.com\/wp-content\/uploads\/2023\/06\/deutsche-telekom-aktie-kaufen.jpg 888w, https:\/\/www.asktraders.com\/wp-content\/uploads\/2023\/06\/deutsche-telekom-aktie-kaufen-333x226.jpg 333w, https:\/\/www.asktraders.com\/wp-content\/uploads\/2023\/06\/deutsche-telekom-aktie-kaufen-793x538.jpg 793w, https:\/\/www.asktraders.com\/wp-content\/uploads\/2023\/06\/deutsche-telekom-aktie-kaufen-768x521.jpg 768w\" sizes=\"auto, (max-width: 888px) 100vw, 888px\" \/><\/figure>\n\n\n<p class=\"has-text-align-center\"><em>Der Kurs der Deutschen Telekom Aktie musste in der vergangenen Woche ein paar Verluste hinnehmen\/ Bilderquelle: telekom.de<\/em><\/p>\n\n\n<div class=\"wp-block-notice has-background has-light-green-background-color py-2 px-[30px]\">\n\n    <div>\n        \n\n<h3 class=\"wp-block-heading\" class=\"wp-block-heading\" id=\"auf_den_punkt_gebracht\">? Auf den Punkt gebracht:<\/h3>\n\n\n\n<ul class=\"wp-block-list\">\n<li>Auf Bloomberg erschien ein Artikel, dass Amazon in den USA vielleicht in den Mobilfunkmarkt einsteigen wird.<\/li>\n\n\n\n<li>Das wiederum w\u00fcrde die etablierten Anbieter stark unter Druck setzen, denn sie m\u00fcssten ihre Preise respektive Margen drastisch senken.<\/li>\n\n\n\n<li>Als Folge fielen die Aktien der Deutschen Telekom um knapp 10 Prozent.<\/li>\n\n\n\n<li>Allerdings wurden die Aussagen weder von Amazon, noch von T-Mobile US best\u00e4tigt.<\/li>\n<\/ul>\n\n\n    <\/div>\n<\/div>\n\n\n\n<div class=\"wp-block-yoast-seo-table-of-contents yoast-table-of-contents\"><h2 id=\"table_of_contents\">Table of contents:<\/h2><ul><li><a href=\"#Ger\u00fccht\" data-level=\"2\">Was ist dran an dem Ger\u00fccht?<\/a><\/li><li><a href=\"#Aktie-\" data-level=\"2\">Warum f\u00e4llt der Kurs der Deutschen Telekom Aktie aber?<\/a><\/li><li><a href=\"#Analysten\" data-level=\"2\">Einsch\u00e4tzung der Analysten<\/a><\/li><li><a href=\"#Einsch\u00e4tzung\" data-level=\"2\">Unsere Einsch\u00e4tzung<\/a><\/li><\/ul><\/div>\n\n\n\n<p>Was hat das Ger\u00fccht, <strong>dass Amazon vielleicht in den USA in den Mobilfunkmarkt einsteigen<\/strong> k\u00f6nnte, mit der Deutschen Telekom Aktie zu tun?<\/p>\n\n\n\n<p>Eine der erfolgreichsten Mobilfunkanbieter in den USA ist T-Mobile US. Die Deutsche Telekom ist mit \u00fcber 50 Prozent der gr\u00f6\u00dfte Anteilseigner des Unternehmens.<\/p>\n\n\n\n<p><strong>Rund zwei Drittel des Gesamtumsatzes der Deutschen Telekom stammt aus der Beteiligung an T-Mobile US. <\/strong><\/p>\n\n\n\n<p>Sollten die Einnahmen von T-Mobile US also signifikant sinken, hat das unmittelbaren Einfluss auf die Ertragslage und den Kurs der Deutschen Telekom Aktie.<\/p>\n\n\n\n<figure class=\"wp-block-image aligncenter size-full is-resized\"><img loading=\"lazy\" decoding=\"async\" src=\"https:\/\/www.asktraders.com\/wp-content\/uploads\/2023\/06\/deutsche-telekom-aktie.jpg\" alt=\"Deutsche Telekom Aktie\" class=\"wp-image-174972\" width=\"711\" height=\"514\" srcset=\"https:\/\/www.asktraders.com\/wp-content\/uploads\/2023\/06\/deutsche-telekom-aktie.jpg 711w, https:\/\/www.asktraders.com\/wp-content\/uploads\/2023\/06\/deutsche-telekom-aktie-333x241.jpg 333w\" sizes=\"auto, (max-width: 711px) 100vw, 711px\" \/><figcaption class=\"wp-element-caption\"><em>Das ist der Aktienchart der Deutschen Telekom am 07.06.2023\/ Bilderquelle: traderfox.com<\/em><\/figcaption><\/figure>\n\n\n\n<h2 class=\"wp-block-heading\"  class=\"wp-block-heading\"  id=\"was_ist_dran_an_dem_geruecht\">Was ist dran an dem Ger\u00fccht?<\/h2>\n\n\n\n<p>In den USA gibt es lediglich vier Netzbetreiber: Verizon, T-Mobile, AT&amp;T sowie Dish, wobei Dish noch kein landesweites Mobilfunknetz aufbauen konnte.<\/p>\n\n\n\n<p>Wenn Amazon in den <a href=\"https:\/\/www.asktraders.com\/de\/traden-lernen\/aktien\/wie-man-in-den-us-amerikanischen-aktienmarkt-investiert\/\" target=\"_blank\" rel=\"noreferrer noopener\">USA <\/a>in das Gesch\u00e4ft einsteigen m\u00f6chte, dann gibt es drei M\u00f6glichkeiten:<\/p>\n\n\n\n<ol class=\"wp-block-list\">\n<li>Kauf von Lizenzen \u00fcber die Beh\u00f6rden und Aufbau eines eigenen Netzes mit Mobilfunkmasten, Sendestationen usw. (die Lizenzen werden jedoch nur im Rahmen von Auktionen zu gewissen Zeiten vergeben)<\/li>\n\n\n\n<li>Kauf eines Netzbetreibers<\/li>\n\n\n\n<li>Mieten der vorhandenen Infrastruktur eines etablierten Mobilfunkanbieters<\/li>\n<\/ol>\n\n\n\n<p>M\u00f6glichkeit 1 f\u00e4llt de facto weg. Bei Variante 2 h\u00e4tten die Kartellbeh\u00f6rden ein W\u00f6rtchen mitzureden. Zudem m\u00fcsste Amazon sehr viel Geld in die Hand nehmen. Auch unwahrscheinlich.<\/p>\n\n\n\n<p>Variante 3 ist die einzig naheliegende M\u00f6glichkeit, wie Amazon in den USA im Mobilfunkgesch\u00e4ft Fu\u00df fassen k\u00f6nnte.<\/p>\n\n\n\n<figure class=\"wp-block-image aligncenter size-large\"><img loading=\"lazy\" decoding=\"async\" width=\"793\" height=\"289\" src=\"https:\/\/www.asktraders.com\/wp-content\/uploads\/2023\/06\/aktie-telekom-handeln-793x289.jpg\" alt=\"aktie telekom handeln\" class=\"wp-image-174975\" srcset=\"https:\/\/www.asktraders.com\/wp-content\/uploads\/2023\/06\/aktie-telekom-handeln-793x289.jpg 793w, https:\/\/www.asktraders.com\/wp-content\/uploads\/2023\/06\/aktie-telekom-handeln-333x122.jpg 333w, https:\/\/www.asktraders.com\/wp-content\/uploads\/2023\/06\/aktie-telekom-handeln-768x280.jpg 768w, https:\/\/www.asktraders.com\/wp-content\/uploads\/2023\/06\/aktie-telekom-handeln.jpg 893w\" sizes=\"auto, (max-width: 793px) 100vw, 793px\" \/><figcaption class=\"wp-element-caption\"><em>Die Telekom h\u00e4lt ein breites Produktspektrum f\u00fcr s\u00e4mtliche Zielgruppen bereit\/ Bilderquelle: telekom.de<\/em><\/figcaption><\/figure>\n\n\n\n<p><strong>Verizon und T-Mobile \u00e4u\u00dferten sich bereits dahin gehend, dass sie keine Gespr\u00e4che mit Amazon gef\u00fchrt haben.<\/strong><\/p>\n\n\n\n<p><strong>Amazon selbst hat die Ger\u00fcchte ebenfalls dementiert (was nicht hei\u00dft, dass sie nicht doch dar\u00fcber nachgedacht haben).<\/strong><\/p>\n\n\n\n<p>Interessant ist, dass die Aktien von Dish im selben Atemzug um \u00fcber 18 Prozent stiegen.<\/p>\n\n\n\n<p>Roger Entner, Gr\u00fcnder des Telekommunikationsspezialisten Recon Analystics, \u00e4u\u00dferte sich gegen\u00fcber dem Handelsblatt wie folgt:<\/p>\n\n\n\n<blockquote class=\"wp-block-quote is-layout-flow wp-block-quote-is-layout-flow\">\n<p><em>&#8222;Es ist \u00fcberraschend, dass Spekulationen um ein Amazon-Programm immer dann aufkommen, wenn Dish in Schwierigkeiten steckt.&#8220;<\/em><\/p>\n<\/blockquote>\n\n\n\n<figure class=\"wp-block-image aligncenter size-full is-resized\"><img loading=\"lazy\" decoding=\"async\" src=\"https:\/\/www.asktraders.com\/wp-content\/uploads\/2023\/06\/aktie-deutsche-telekom-1.jpg\" alt=\"aktie deutsche telekom\" class=\"wp-image-174977\" width=\"703\" height=\"446\" srcset=\"https:\/\/www.asktraders.com\/wp-content\/uploads\/2023\/06\/aktie-deutsche-telekom-1.jpg 703w, https:\/\/www.asktraders.com\/wp-content\/uploads\/2023\/06\/aktie-deutsche-telekom-1-333x211.jpg 333w\" sizes=\"auto, (max-width: 703px) 100vw, 703px\" \/><figcaption class=\"wp-element-caption\"><em>Bilderquelle: telekom.de<\/em><\/figcaption><\/figure>\n\n\n\n<h2 class=\"wp-block-heading\"  class=\"wp-block-heading\"  id=\"warum_faellt_der_kurs_der_deutschen_telekom_aktie_aber\">Warum f\u00e4llt der Kurs der Deutschen Telekom Aktie aber?<\/h2>\n\n\n\n<p>Unserer Meinung nach fiel der Kurs der Deutschen Telekom Aktie zun\u00e4chst, weil nicht klar war, was an dem Artikel des Nachrichtenportals Bloomberg dran war.<\/p>\n\n\n\n<p>Das f\u00fchrte zudem dazu, dass eine wichtige Unterst\u00fctzung im Bereich von 20 EUR unterschritten wurde.<\/p>\n\n\n\n<p><strong>Die n\u00e4chste Unterst\u00fctzung ist erst im Bereich von 18,50 EUR zu finden.<\/strong> Anleger, die auf den schnellen Rebound spekulieren, sollten damit rechnen, dass der Kurs noch auf dieses Niveau fallen k\u00f6nnte, bevor er zu einer neuen Rally startet.<\/p>\n\n\n\n<h2 class=\"wp-block-heading\"  class=\"wp-block-heading\"  id=\"einschaetzung_der_analysten\">Einsch\u00e4tzung der Analysten<\/h2>\n\n\n\n<ul class=\"wp-block-list\">\n<li>Barclays: bel\u00e4sst Einstufung bei &#8222;Overweight&#8220;<\/li>\n\n\n\n<li>HSBC: bel\u00e4sst ihre Einsch\u00e4tzung bei &#8222;Buy&#8220;, Kursziel: Senkung auf 24 EUR (von 27 EUR)<\/li>\n\n\n\n<li>UBS: weiterhin &#8222;<a href=\"https:\/\/www.asktraders.com\/de\/traden-lernen\/aktien\/aktien-online-kaufen\/\">Buy<\/a>&#8222;; Kursziel: 26,20 EUR<\/li>\n\n\n\n<li>Deutsche Bank: bel\u00e4sst Einstufung bei &#8222;Buy&#8220;; Kursziel: 30 EUR<\/li>\n<\/ul>\n\n\n\n<p>Alle \u00c4u\u00dferungen der Analysten nach Bekanntgabe des Ger\u00fcchts, dass Amazon in den US-Mobilfunkmarkt einsteigen will.<\/p>\n\n\n\n<div class=\"wp-block-group main-cta is-layout-flow wp-block-group-is-layout-flow\" style=\"padding-top:10px;padding-right:10px;padding-bottom:10px;padding-left:10px\">\n<hr class=\"wp-block-separator has-text-color has-gray-color has-alpha-channel-opacity has-gray-background-color has-background is-style-wide\"\/>\n\n\n\n<div style=\"height:28px\" aria-hidden=\"true\" class=\"wp-block-spacer\"><\/div>\n\n\n\n<div class=\"wp-block-buttons is-content-justification-center is-layout-flex wp-container-core-buttons-is-layout-16018d1d wp-block-buttons-is-layout-flex\">\n<div class=\"wp-block-button has-custom-width wp-block-button__width-100 has-custom-font-size is-style-fill has-small-font-size\"><a class=\"wp-block-button__link has-green-background-color has-background wp-element-button\" href=\"https:\/\/www.asktraders.com\/de\/go\/native?placement=AT-DE-DE-stocks-NCTA-B1-NA-NA-NA\" style=\"border-radius:5px;padding-top:11px;padding-right:40px;padding-bottom:11px;padding-left:40px\" target=\"_blank\" rel=\"noreferrer noopener\">Jetzt Deutsche Telekom Aktie kaufen<\/a><\/div>\n<\/div>\n\n\n\n<p class=\"has-text-align-center\">Ihr Kapital ist in Gefahr<\/p>\n\n\n\n<hr class=\"wp-block-separator has-text-color has-gray-color has-alpha-channel-opacity has-gray-background-color has-background is-style-wide\"\/>\n<\/div>\n\n\n\n<h2 class=\"wp-block-heading\"  class=\"wp-block-heading\"  id=\"unsere_einschaetzung\">Unsere Einsch\u00e4tzung<\/h2>\n\n\n<div class=\"wp-block-notice has-background has-light-green-background-color py-2 px-[30px]\">\n\n    <div>\n        \n\n<p>? Vielleicht hat Amazon intern die Idee ge\u00e4u\u00dfert und versucht den Markt zu sondieren oder andere L\u00f6sungen zu finden.<\/p>\n\n\n\n<p>? Doch unserer Meinung nach wird <a href=\"https:\/\/www.asktraders.com\/de\/finanznachrichten\/amazon-aktie-hat-potential-sich-zu-verdoppeln\/\" target=\"_blank\" rel=\"noreferrer noopener\">Amazon <\/a>in den USA in absehbarer Zeit keinen Fu\u00df in die T\u00fcr bekommen. Die M\u00f6glichkeiten, die Dish bereith\u00e4lt, sind zu klein und die anderen Anbieter werden sich wohl kaum darauf einlassen.<\/p>\n\n\n\n<p>? Der Kursverfall bietet unserer Meinung nach eine hervorragende M\u00f6glichkeit, um etwas g\u00fcnstiger bei der Deutschen Telekom Aktie einzusteigen.  Die Gesch\u00e4fte laufen stabil, die Nachfrage ist konstant. Denn schlie\u00dflich m\u00f6chte kein Verbraucher auf Internet und Mobilfunk verzichten &#8211; auch nicht in Zeiten von Inflation.<\/p>\n\n\n\n<p>? Vorstandsvorsitzender Thorsten Langheim hat zu Beginn der Woche, also nach dem Kursverfall, 13.000 EUR in langlaufende Optionsscheine auf die Deutsche Telekom investiert (Laufzeit bis Ende 2027 und Basispreis bei 25 EUR). Diese Investition bedeutet f\u00fcr ihn hohen administrativen Aufwand. Er scheint sich seiner Sache aber sicher zu sein.<\/p>\n\n\n\n<p>? Die Aktie der Deutschen Telekom bietet zudem eine interessante <a href=\"https:\/\/www.asktraders.com\/de\/traden-lernen\/aktien\/sichere-aktien-mit-hoher-dividende\/\" target=\"_blank\" rel=\"noreferrer noopener\">Dividendenrendite<\/a>. Langfristig orientierte Anleger k\u00f6nnen jetzt zugreifen. M\u00f6glicherweise kommt es sogar zu schnellen Rebounds an.<\/p>\n\n\n    <\/div>\n<\/div>\n\n\n<aside class=\"wp-block-related-posts  \" >\n                    \n\n<h3 class=\"wp-block-heading\" class=\"wp-block-heading\" id=\"leser_interessieren_sich_auch_fuer\">Leser interessieren sich auch f\u00fcr:<\/h3>\n\n\n        <ul class=\"grid grid-cols-1 md:grid-cols-2 gap-4 lg:grid-cols-1\">\n                            <li class=\"w-full p-3 rounded-lg shadow md:w-full\">\n                    <a href=\"https:\/\/www.asktraders.com\/de\/traden-lernen\/technische-analyse\/chart-technische-analyse\/\" class=\"flex\">\n                        <img loading=\"lazy\" decoding=\"async\" width=\"150\" height=\"150\" src=\"https:\/\/www.asktraders.com\/wp-content\/uploads\/2019\/10\/shutterstock_599600603-150x150.jpg\" class=\"w-1\/3 rounded object-cover  wp-post-image\" alt=\"CFD-Brokers\" srcset=\"https:\/\/www.asktraders.com\/wp-content\/uploads\/2019\/10\/shutterstock_599600603-150x150.jpg 150w, https:\/\/www.asktraders.com\/wp-content\/uploads\/2019\/10\/shutterstock_599600603-100x100.jpg 100w, https:\/\/www.asktraders.com\/wp-content\/uploads\/2019\/10\/shutterstock_599600603-64x64.jpg 64w, https:\/\/www.asktraders.com\/wp-content\/uploads\/2019\/10\/shutterstock_599600603-26x26.jpg 26w\" sizes=\"auto, (max-width: 150px) 100vw, 150px\" \/>\n                        <div class=\"flex flex-col w-2\/3 pl-3\">\n                                                        <span\n                                class=\"block py-1 grow text-sm font-bold \">(Chart-) technische Analyse<\/span>\n                                                            <span class=\"text-xs uppercase\">\n                                    Analyst Team\n                                <\/span>\n                                                    <\/div>\n                    <\/a>\n                <\/li>\n                            <li class=\"w-full p-3 rounded-lg shadow md:w-full\">\n                    <a href=\"https:\/\/www.asktraders.com\/de\/traden-lernen\/trading-ratgeber\/trading-tipps-die-jeder-trader-kennen-sollte\/\" class=\"flex\">\n                        <img loading=\"lazy\" decoding=\"async\" width=\"150\" height=\"150\" src=\"https:\/\/www.asktraders.com\/wp-content\/uploads\/2019\/03\/shutterstock_1017297325-150x150.jpg\" class=\"w-1\/3 rounded object-cover  wp-post-image\" alt=\"Trading\" srcset=\"https:\/\/www.asktraders.com\/wp-content\/uploads\/2019\/03\/shutterstock_1017297325-150x150.jpg 150w, https:\/\/www.asktraders.com\/wp-content\/uploads\/2019\/03\/shutterstock_1017297325-100x100.jpg 100w, https:\/\/www.asktraders.com\/wp-content\/uploads\/2019\/03\/shutterstock_1017297325-64x64.jpg 64w, https:\/\/www.asktraders.com\/wp-content\/uploads\/2019\/03\/shutterstock_1017297325-26x26.jpg 26w\" sizes=\"auto, (max-width: 150px) 100vw, 150px\" \/>\n                        <div class=\"flex flex-col w-2\/3 pl-3\">\n                                                        <span\n                                class=\"block py-1 grow text-sm font-bold \">5 Tipps, die jeder Trader kennen sollte<\/span>\n                                                            <span class=\"text-xs uppercase\">\n                                    Analyst Team\n                                <\/span>\n                                                    <\/div>\n                    <\/a>\n                <\/li>\n                            <li class=\"w-full p-3 rounded-lg shadow md:w-full\">\n                    <a href=\"https:\/\/www.asktraders.com\/de\/traden-lernen\/trading-ratgeber\/aktien-apps\/\" class=\"flex\">\n                        <img loading=\"lazy\" decoding=\"async\" width=\"150\" height=\"150\" src=\"https:\/\/www.asktraders.com\/wp-content\/uploads\/2018\/05\/beitragsbilder-ratgeber-trading-apps-150x150.jpg\" class=\"w-1\/3 rounded object-cover  wp-post-image\" alt=\"Beitragsbilder Ratgeber Trading-App\" \/>\n                        <div class=\"flex flex-col w-2\/3 pl-3\">\n                                                        <span\n                                class=\"block py-1 grow text-sm font-bold \">Aktien Apps \u2013 die Kurse immer im Blick mit den richtigen Apps<\/span>\n                                                            <span class=\"text-xs uppercase\">\n                                    Analyst Team\n                                <\/span>\n                                                    <\/div>\n                    <\/a>\n                <\/li>\n                    <\/ul>\n            \n    <\/aside>\n\n\n<aside class=\"wp-block-related-posts  \" data-sidebar>\n                    \n\n<h2 class=\"wp-block-heading\"  class=\"wp-block-heading\"  id=\"aktuelle_beitraege\">Aktuelle Beitr\u00e4ge<\/h2>\n\n\n        <ul class=\"grid grid-cols-1 md:grid-cols-2 gap-4 lg:grid-cols-1\">\n                            <li class=\"w-full p-3 rounded-lg shadow md:w-full\">\n                    <a href=\"https:\/\/www.asktraders.com\/de\/finanznachrichten\/evonik-aktien-erreichen-neues-tief-als-e13-durchbrochen-werden\/\" class=\"flex\">\n                        <img loading=\"lazy\" decoding=\"async\" width=\"150\" height=\"150\" src=\"https:\/\/www.asktraders.com\/wp-content\/uploads\/2023\/05\/evonik-aktie-prognose-150x150.jpg\" class=\"w-1\/3 rounded object-cover  wp-post-image\" alt=\"Evonik Aktie\" \/>\n                        <div class=\"flex flex-col w-2\/3 pl-3\">\n                                                        <span\n                                class=\"block py-1 grow text-sm font-bold \">Evonik Aktien erreichen neues Tief, als \u20ac13 durchbrochen werden<\/span>\n                                                            <span class=\"text-xs uppercase\">\n                                    Analyst Team\n                                <\/span>\n                                                    <\/div>\n                    <\/a>\n                <\/li>\n                            <li class=\"w-full p-3 rounded-lg shadow md:w-full\">\n                    <a href=\"https:\/\/www.asktraders.com\/de\/finanznachrichten\/2g-energy-ag-aktie-erholt-sich-von-unterstuetzung-steigerung-von-10\/\" class=\"flex\">\n                        <img loading=\"lazy\" decoding=\"async\" width=\"150\" height=\"150\" src=\"https:\/\/www.asktraders.com\/wp-content\/uploads\/2025\/08\/power-and-energy-150x150.jpg\" class=\"w-1\/3 rounded object-cover  wp-post-image\" alt=\"Uniper UN0\" \/>\n                        <div class=\"flex flex-col w-2\/3 pl-3\">\n                                                        <span\n                                class=\"block py-1 grow text-sm font-bold \">2G Energy AG Aktie erholt sich von Unterst\u00fctzung \u2013 Steigerung von 10%<\/span>\n                                                            <span class=\"text-xs uppercase\">\n                                    Analyst Team\n                                <\/span>\n                                                    <\/div>\n                    <\/a>\n                <\/li>\n                            <li class=\"w-full p-3 rounded-lg shadow md:w-full\">\n                    <a href=\"https:\/\/www.asktraders.com\/de\/finanznachrichten\/mercedes-benz-aktie-goldman-sachs-initiiert-analystendeckung-mit-positiver-einschaetzung\/\" class=\"flex\">\n                        <img loading=\"lazy\" decoding=\"async\" width=\"150\" height=\"150\" src=\"https:\/\/www.asktraders.com\/wp-content\/uploads\/2023\/06\/aktie-mercedes-150x150.jpg\" class=\"w-1\/3 rounded object-cover  wp-post-image\" alt=\"Mercedes Aktie\" \/>\n                        <div class=\"flex flex-col w-2\/3 pl-3\">\n                                                        <span\n                                class=\"block py-1 grow text-sm font-bold \">Mercedes-Benz Aktie: Goldman Sachs initiiert Analystendeckung mit positiver Einsch\u00e4tzung<\/span>\n                                                            <span class=\"text-xs uppercase\">\n                                    Analyst Team\n                                <\/span>\n                                                    <\/div>\n                    <\/a>\n                <\/li>\n                            <li class=\"w-full p-3 rounded-lg shadow md:w-full\">\n                    <a href=\"https:\/\/www.asktraders.com\/de\/finanznachrichten\/dax-aktien-erholen-sich-nach-nvidia-beben-maerkte-atmen-auf\/\" class=\"flex\">\n                        <img loading=\"lazy\" decoding=\"async\" width=\"150\" height=\"150\" src=\"https:\/\/www.asktraders.com\/wp-content\/uploads\/2023\/04\/dax-handeln-150x150.jpg\" class=\"w-1\/3 rounded object-cover  wp-post-image\" alt=\"\" \/>\n                        <div class=\"flex flex-col w-2\/3 pl-3\">\n                                                        <span\n                                class=\"block py-1 grow text-sm font-bold \">DAX-Aktien erholen sich nach Nvidia-Beben: M\u00e4rkte atmen auf<\/span>\n                                                            <span class=\"text-xs uppercase\">\n                                    Analyst Team\n                                <\/span>\n                                                    <\/div>\n                    <\/a>\n                <\/li>\n                            <li class=\"w-full p-3 rounded-lg shadow md:w-full\">\n                    <a href=\"https:\/\/www.asktraders.com\/de\/finanznachrichten\/rheinmetall-aktien-finden-unterstuetzung-bei-1-600-e-wie-geht-es-weiter\/\" class=\"flex\">\n                        <img loading=\"lazy\" decoding=\"async\" width=\"150\" height=\"150\" src=\"https:\/\/www.asktraders.com\/wp-content\/uploads\/2022\/11\/Die-Rheinmetall-Aktie-im-Chart-150x150.jpg\" class=\"w-1\/3 rounded object-cover  wp-post-image\" alt=\"Die Rheinmetall Aktie im Chart\" \/>\n                        <div class=\"flex flex-col w-2\/3 pl-3\">\n                                                        <span\n                                class=\"block py-1 grow text-sm font-bold \">Rheinmetall-Aktien finden Unterst\u00fctzung bei 1.600 \u20ac \u2013 Wie geht es weiter?<\/span>\n                                                            <span class=\"text-xs uppercase\">\n                                    Analyst Team\n                                <\/span>\n                                                    <\/div>\n                    <\/a>\n                <\/li>\n                    <\/ul>\n            \n    <\/aside>\n\n\n<div class=\"wp-block-top5-broker\" data-sidebar>\n        <div>\n        \n\n<h2 class=\"wp-block-heading\"  class=\"wp-block-heading\"  id=\"\"><\/h2>\n\n\n    <\/div>\n            <div class=\"block bg-white rounded-lg shadow\">\n        <ul\n            class=\"flex flex-wrap w-full -mb-px list-none border-b-2 navTabs \">\n                                                                                                        <\/ul>\n                    <div class=\"navTabContent \" id=\"top5-tab1\">\n                <ol class=\"flex\n                flex-wrap\n                \">\n                                    <\/ol>\n                            <\/div>\n                    <div class=\"navTabContent hidden\" id=\"top5-tab2\">\n                <ol class=\"flex\n                flex-wrap\n                \">\n                                    <\/ol>\n                            <\/div>\n                    <div class=\"navTabContent hidden\" id=\"top5-tab3\">\n                <ol class=\"flex\n                flex-wrap\n                \">\n                                    <\/ol>\n                            <\/div>\n        \n    <\/div>\n    <\/div>\n\n\n\n<p><\/p>\n","protected":false},"author":33,"featured_media":174973,"comment_status":"open","ping_status":"closed","template":"","news_cluster":[],"tradingcategory":[99],"class_list":["post-174911","news","type-news","status-publish","has-post-thumbnail","hentry","tradingcategory-aktien"],"acf":[],"apple_news_notices":[],"yoast_head":"<!-- This site is optimized with the Yoast SEO plugin v27.2 - https:\/\/yoast.com\/product\/yoast-seo-wordpress\/ -->\n<title>Deutsche Telekom Aktie | Jetzt den Einstieg nicht verpassen!<\/title>\n<meta name=\"description\" content=\"In der vergangenen Woche ist der Kurs der Deutschen Telekom Aktie aus dem Stand um knapp 10 Prozent abgesackt. Als Grund nannten einige Quellen, dass\" \/>\n<meta name=\"robots\" content=\"index, follow, max-snippet:-1, max-image-preview:large, max-video-preview:-1\" \/>\n<link rel=\"canonical\" href=\"https:\/\/www.asktraders.com\/de\/finanznachrichten\/deutsche-telekom-aktie-mischt-amazon-den-us-mobilfunkmarkt-auf-oder-nicht\/\" \/>\n<meta property=\"og:locale\" content=\"de_DE\" \/>\n<meta property=\"og:type\" content=\"article\" \/>\n<meta property=\"og:title\" content=\"Deutsche Telekom Aktie | Jetzt den Einstieg nicht verpassen!\" \/>\n<meta property=\"og:description\" content=\"In der vergangenen Woche ist der Kurs der Deutschen Telekom Aktie aus dem Stand um knapp 10 Prozent abgesackt. Als Grund nannten einige Quellen, dass\" \/>\n<meta property=\"og:url\" content=\"https:\/\/www.asktraders.com\/de\/finanznachrichten\/deutsche-telekom-aktie-mischt-amazon-den-us-mobilfunkmarkt-auf-oder-nicht\/\" \/>\n<meta property=\"og:site_name\" content=\"AskTraders.com\" \/>\n<meta property=\"article:publisher\" content=\"https:\/\/www.facebook.com\/asktraderscom\" \/>\n<meta property=\"article:modified_time\" content=\"2023-06-07T17:06:40+00:00\" \/>\n<meta property=\"og:image\" content=\"https:\/\/www.asktraders.com\/wp-content\/uploads\/2023\/06\/deutsche-telekom-aktie-kaufen.jpg\" \/>\n\t<meta property=\"og:image:width\" content=\"888\" \/>\n\t<meta property=\"og:image:height\" content=\"602\" \/>\n\t<meta property=\"og:image:type\" content=\"image\/jpeg\" \/>\n<meta name=\"twitter:card\" content=\"summary_large_image\" \/>\n<meta name=\"twitter:site\" content=\"@Asktraders1\" \/>\n<meta name=\"twitter:label1\" content=\"Gesch\u00e4tzte Lesezeit\" \/>\n\t<meta name=\"twitter:data1\" content=\"5 Minuten\" \/>\n<script type=\"application\/ld+json\" class=\"yoast-schema-graph\">{\"@context\":\"https:\/\/schema.org\",\"@graph\":[{\"@type\":\"NewsArticle\",\"@id\":\"https:\/\/www.asktraders.com\/de\/finanznachrichten\/deutsche-telekom-aktie-mischt-amazon-den-us-mobilfunkmarkt-auf-oder-nicht\/#article\",\"isPartOf\":{\"@id\":\"https:\/\/www.asktraders.com\/de\/finanznachrichten\/deutsche-telekom-aktie-mischt-amazon-den-us-mobilfunkmarkt-auf-oder-nicht\/\"},\"author\":{\"name\":\"Ruben Wunderlich\",\"@id\":\"https:\/\/www.asktraders.com\/de\/#\/schema\/person\/6e2f89f6a9f3eecbfe9cf3be140769ba\",\"url\":\"https:\/\/www.asktraders.com\/de\/author\/rubenw\/\"},\"headline\":\"Deutsche Telekom Aktie &#8211; Mischt Amazon den US-Mobilfunkmarkt auf oder nicht?\",\"datePublished\":\"2023-06-07T17:00:33+00:00\",\"dateModified\":\"2023-06-07T17:06:40+00:00\",\"mainEntityOfPage\":{\"@id\":\"https:\/\/www.asktraders.com\/de\/finanznachrichten\/deutsche-telekom-aktie-mischt-amazon-den-us-mobilfunkmarkt-auf-oder-nicht\/\"},\"wordCount\":848,\"commentCount\":0,\"publisher\":{\"@id\":\"https:\/\/www.asktraders.com\/de\/#organization\"},\"image\":{\"@id\":\"https:\/\/www.asktraders.com\/de\/finanznachrichten\/deutsche-telekom-aktie-mischt-amazon-den-us-mobilfunkmarkt-auf-oder-nicht\/#primaryimage\"},\"thumbnailUrl\":\"https:\/\/www.asktraders.com\/wp-content\/uploads\/2023\/06\/deutsche-telekom-aktie-kaufen.jpg\",\"inLanguage\":\"de-DE\",\"potentialAction\":[{\"@type\":\"CommentAction\",\"name\":\"Comment\",\"target\":[\"https:\/\/www.asktraders.com\/de\/finanznachrichten\/deutsche-telekom-aktie-mischt-amazon-den-us-mobilfunkmarkt-auf-oder-nicht\/#respond\"]}],\"accessibilityFeature\":[\"tableOfContents\"]},{\"@type\":\"WebPage\",\"@id\":\"https:\/\/www.asktraders.com\/de\/finanznachrichten\/deutsche-telekom-aktie-mischt-amazon-den-us-mobilfunkmarkt-auf-oder-nicht\/\",\"url\":\"https:\/\/www.asktraders.com\/de\/finanznachrichten\/deutsche-telekom-aktie-mischt-amazon-den-us-mobilfunkmarkt-auf-oder-nicht\/\",\"name\":\"Deutsche Telekom Aktie | Jetzt den Einstieg nicht verpassen!\",\"isPartOf\":{\"@id\":\"https:\/\/www.asktraders.com\/de\/#website\"},\"primaryImageOfPage\":{\"@id\":\"https:\/\/www.asktraders.com\/de\/finanznachrichten\/deutsche-telekom-aktie-mischt-amazon-den-us-mobilfunkmarkt-auf-oder-nicht\/#primaryimage\"},\"image\":{\"@id\":\"https:\/\/www.asktraders.com\/de\/finanznachrichten\/deutsche-telekom-aktie-mischt-amazon-den-us-mobilfunkmarkt-auf-oder-nicht\/#primaryimage\"},\"thumbnailUrl\":\"https:\/\/www.asktraders.com\/wp-content\/uploads\/2023\/06\/deutsche-telekom-aktie-kaufen.jpg\",\"datePublished\":\"2023-06-07T17:00:33+00:00\",\"dateModified\":\"2023-06-07T17:06:40+00:00\",\"description\":\"In der vergangenen Woche ist der Kurs der Deutschen Telekom Aktie aus dem Stand um knapp 10 Prozent abgesackt. Als Grund nannten einige Quellen, dass\",\"breadcrumb\":{\"@id\":\"https:\/\/www.asktraders.com\/de\/finanznachrichten\/deutsche-telekom-aktie-mischt-amazon-den-us-mobilfunkmarkt-auf-oder-nicht\/#breadcrumb\"},\"inLanguage\":\"de-DE\",\"potentialAction\":[{\"@type\":\"ReadAction\",\"target\":[\"https:\/\/www.asktraders.com\/de\/finanznachrichten\/deutsche-telekom-aktie-mischt-amazon-den-us-mobilfunkmarkt-auf-oder-nicht\/\"]}]},{\"@type\":\"ImageObject\",\"inLanguage\":\"de-DE\",\"@id\":\"https:\/\/www.asktraders.com\/de\/finanznachrichten\/deutsche-telekom-aktie-mischt-amazon-den-us-mobilfunkmarkt-auf-oder-nicht\/#primaryimage\",\"url\":\"https:\/\/www.asktraders.com\/wp-content\/uploads\/2023\/06\/deutsche-telekom-aktie-kaufen.jpg\",\"contentUrl\":\"https:\/\/www.asktraders.com\/wp-content\/uploads\/2023\/06\/deutsche-telekom-aktie-kaufen.jpg\",\"width\":888,\"height\":602,\"caption\":\"deutsche telekom aktie kaufen\"},{\"@type\":\"BreadcrumbList\",\"@id\":\"https:\/\/www.asktraders.com\/de\/finanznachrichten\/deutsche-telekom-aktie-mischt-amazon-den-us-mobilfunkmarkt-auf-oder-nicht\/#breadcrumb\",\"itemListElement\":[{\"@type\":\"ListItem\",\"position\":1,\"name\":\"Home\",\"item\":\"https:\/\/www.asktraders.com\/de\/\"},{\"@type\":\"ListItem\",\"position\":2,\"name\":\"News\",\"item\":\"https:\/\/www.asktraders.com\/de\/finanznachrichten\/\"},{\"@type\":\"ListItem\",\"position\":3,\"name\":\"Deutsche Telekom Aktie &#8211; Mischt Amazon den US-Mobilfunkmarkt auf oder nicht?\"}]},{\"@type\":\"WebSite\",\"@id\":\"https:\/\/www.asktraders.com\/de\/#website\",\"url\":\"https:\/\/www.asktraders.com\/de\/\",\"name\":\"AskTraders\",\"description\":\"Guiding You To Trading Success\",\"publisher\":{\"@id\":\"https:\/\/www.asktraders.com\/de\/#organization\"},\"inLanguage\":\"de-DE\"},{\"@type\":\"Organization\",\"@id\":\"https:\/\/www.asktraders.com\/de\/#organization\",\"name\":\"AskTraders\",\"url\":\"https:\/\/www.asktraders.com\/de\/\",\"logo\":{\"@type\":\"ImageObject\",\"inLanguage\":\"de-DE\",\"@id\":\"https:\/\/www.asktraders.com\/de\/#\/schema\/logo\/image\/\",\"url\":\"https:\/\/www.asktraders.com\/wp-content\/uploads\/2019\/05\/asktraders-logo-tm-white.png\",\"contentUrl\":\"https:\/\/www.asktraders.com\/wp-content\/uploads\/2019\/05\/asktraders-logo-tm-white.png\",\"width\":232,\"height\":38,\"caption\":\"AskTraders\"},\"image\":{\"@id\":\"https:\/\/www.asktraders.com\/de\/#\/schema\/logo\/image\/\"},\"sameAs\":[\"https:\/\/www.facebook.com\/asktraderscom\",\"https:\/\/x.com\/Asktraders1\"]},{\"@type\":\"Person\",\"@id\":\"https:\/\/www.asktraders.com\/de\/#\/schema\/person\/6e2f89f6a9f3eecbfe9cf3be140769ba\",\"name\":\"Ruben Wunderlich\",\"image\":{\"@type\":\"ImageObject\",\"inLanguage\":\"de-DE\",\"@id\":\"https:\/\/secure.gravatar.com\/avatar\/a169813ebb7fc5db497811c94e0e5111ffd756d2135b8bb267093c55024a2119?s=96&d=mm&r=g\",\"url\":\"https:\/\/secure.gravatar.com\/avatar\/a169813ebb7fc5db497811c94e0e5111ffd756d2135b8bb267093c55024a2119?s=96&d=mm&r=g\",\"contentUrl\":\"https:\/\/secure.gravatar.com\/avatar\/a169813ebb7fc5db497811c94e0e5111ffd756d2135b8bb267093c55024a2119?s=96&d=mm&r=g\",\"caption\":\"Ruben Wunderlich\"}}]}<\/script>\n<!-- \/ Yoast SEO plugin. -->","yoast_head_json":{"title":"Deutsche Telekom Aktie | Jetzt den Einstieg nicht verpassen!","description":"In der vergangenen Woche ist der Kurs der Deutschen Telekom Aktie aus dem Stand um knapp 10 Prozent abgesackt. Als Grund nannten einige Quellen, dass","robots":{"index":"index","follow":"follow","max-snippet":"max-snippet:-1","max-image-preview":"max-image-preview:large","max-video-preview":"max-video-preview:-1"},"canonical":"https:\/\/www.asktraders.com\/de\/finanznachrichten\/deutsche-telekom-aktie-mischt-amazon-den-us-mobilfunkmarkt-auf-oder-nicht\/","og_locale":"de_DE","og_type":"article","og_title":"Deutsche Telekom Aktie | Jetzt den Einstieg nicht verpassen!","og_description":"In der vergangenen Woche ist der Kurs der Deutschen Telekom Aktie aus dem Stand um knapp 10 Prozent abgesackt. Als Grund nannten einige Quellen, dass","og_url":"https:\/\/www.asktraders.com\/de\/finanznachrichten\/deutsche-telekom-aktie-mischt-amazon-den-us-mobilfunkmarkt-auf-oder-nicht\/","og_site_name":"AskTraders.com","article_publisher":"https:\/\/www.facebook.com\/asktraderscom","article_modified_time":"2023-06-07T17:06:40+00:00","og_image":[{"width":888,"height":602,"url":"https:\/\/www.asktraders.com\/wp-content\/uploads\/2023\/06\/deutsche-telekom-aktie-kaufen.jpg","type":"image\/jpeg"}],"twitter_card":"summary_large_image","twitter_site":"@Asktraders1","twitter_misc":{"Gesch\u00e4tzte Lesezeit":"5 Minuten"},"schema":{"@context":"https:\/\/schema.org","@graph":[{"@type":"NewsArticle","@id":"https:\/\/www.asktraders.com\/de\/finanznachrichten\/deutsche-telekom-aktie-mischt-amazon-den-us-mobilfunkmarkt-auf-oder-nicht\/#article","isPartOf":{"@id":"https:\/\/www.asktraders.com\/de\/finanznachrichten\/deutsche-telekom-aktie-mischt-amazon-den-us-mobilfunkmarkt-auf-oder-nicht\/"},"author":{"name":"Ruben Wunderlich","@id":"https:\/\/www.asktraders.com\/de\/#\/schema\/person\/6e2f89f6a9f3eecbfe9cf3be140769ba","url":"https:\/\/www.asktraders.com\/de\/author\/rubenw\/"},"headline":"Deutsche Telekom Aktie &#8211; Mischt Amazon den US-Mobilfunkmarkt auf oder nicht?","datePublished":"2023-06-07T17:00:33+00:00","dateModified":"2023-06-07T17:06:40+00:00","mainEntityOfPage":{"@id":"https:\/\/www.asktraders.com\/de\/finanznachrichten\/deutsche-telekom-aktie-mischt-amazon-den-us-mobilfunkmarkt-auf-oder-nicht\/"},"wordCount":848,"commentCount":0,"publisher":{"@id":"https:\/\/www.asktraders.com\/de\/#organization"},"image":{"@id":"https:\/\/www.asktraders.com\/de\/finanznachrichten\/deutsche-telekom-aktie-mischt-amazon-den-us-mobilfunkmarkt-auf-oder-nicht\/#primaryimage"},"thumbnailUrl":"https:\/\/www.asktraders.com\/wp-content\/uploads\/2023\/06\/deutsche-telekom-aktie-kaufen.jpg","inLanguage":"de-DE","potentialAction":[{"@type":"CommentAction","name":"Comment","target":["https:\/\/www.asktraders.com\/de\/finanznachrichten\/deutsche-telekom-aktie-mischt-amazon-den-us-mobilfunkmarkt-auf-oder-nicht\/#respond"]}],"accessibilityFeature":["tableOfContents"]},{"@type":"WebPage","@id":"https:\/\/www.asktraders.com\/de\/finanznachrichten\/deutsche-telekom-aktie-mischt-amazon-den-us-mobilfunkmarkt-auf-oder-nicht\/","url":"https:\/\/www.asktraders.com\/de\/finanznachrichten\/deutsche-telekom-aktie-mischt-amazon-den-us-mobilfunkmarkt-auf-oder-nicht\/","name":"Deutsche Telekom Aktie | Jetzt den Einstieg nicht verpassen!","isPartOf":{"@id":"https:\/\/www.asktraders.com\/de\/#website"},"primaryImageOfPage":{"@id":"https:\/\/www.asktraders.com\/de\/finanznachrichten\/deutsche-telekom-aktie-mischt-amazon-den-us-mobilfunkmarkt-auf-oder-nicht\/#primaryimage"},"image":{"@id":"https:\/\/www.asktraders.com\/de\/finanznachrichten\/deutsche-telekom-aktie-mischt-amazon-den-us-mobilfunkmarkt-auf-oder-nicht\/#primaryimage"},"thumbnailUrl":"https:\/\/www.asktraders.com\/wp-content\/uploads\/2023\/06\/deutsche-telekom-aktie-kaufen.jpg","datePublished":"2023-06-07T17:00:33+00:00","dateModified":"2023-06-07T17:06:40+00:00","description":"In der vergangenen Woche ist der Kurs der Deutschen Telekom Aktie aus dem Stand um knapp 10 Prozent abgesackt. Als Grund nannten einige Quellen, dass","breadcrumb":{"@id":"https:\/\/www.asktraders.com\/de\/finanznachrichten\/deutsche-telekom-aktie-mischt-amazon-den-us-mobilfunkmarkt-auf-oder-nicht\/#breadcrumb"},"inLanguage":"de-DE","potentialAction":[{"@type":"ReadAction","target":["https:\/\/www.asktraders.com\/de\/finanznachrichten\/deutsche-telekom-aktie-mischt-amazon-den-us-mobilfunkmarkt-auf-oder-nicht\/"]}]},{"@type":"ImageObject","inLanguage":"de-DE","@id":"https:\/\/www.asktraders.com\/de\/finanznachrichten\/deutsche-telekom-aktie-mischt-amazon-den-us-mobilfunkmarkt-auf-oder-nicht\/#primaryimage","url":"https:\/\/www.asktraders.com\/wp-content\/uploads\/2023\/06\/deutsche-telekom-aktie-kaufen.jpg","contentUrl":"https:\/\/www.asktraders.com\/wp-content\/uploads\/2023\/06\/deutsche-telekom-aktie-kaufen.jpg","width":888,"height":602,"caption":"deutsche telekom aktie kaufen"},{"@type":"BreadcrumbList","@id":"https:\/\/www.asktraders.com\/de\/finanznachrichten\/deutsche-telekom-aktie-mischt-amazon-den-us-mobilfunkmarkt-auf-oder-nicht\/#breadcrumb","itemListElement":[{"@type":"ListItem","position":1,"name":"Home","item":"https:\/\/www.asktraders.com\/de\/"},{"@type":"ListItem","position":2,"name":"News","item":"https:\/\/www.asktraders.com\/de\/finanznachrichten\/"},{"@type":"ListItem","position":3,"name":"Deutsche Telekom Aktie &#8211; Mischt Amazon den US-Mobilfunkmarkt auf oder nicht?"}]},{"@type":"WebSite","@id":"https:\/\/www.asktraders.com\/de\/#website","url":"https:\/\/www.asktraders.com\/de\/","name":"AskTraders","description":"Guiding You To Trading Success","publisher":{"@id":"https:\/\/www.asktraders.com\/de\/#organization"},"inLanguage":"de-DE"},{"@type":"Organization","@id":"https:\/\/www.asktraders.com\/de\/#organization","name":"AskTraders","url":"https:\/\/www.asktraders.com\/de\/","logo":{"@type":"ImageObject","inLanguage":"de-DE","@id":"https:\/\/www.asktraders.com\/de\/#\/schema\/logo\/image\/","url":"https:\/\/www.asktraders.com\/wp-content\/uploads\/2019\/05\/asktraders-logo-tm-white.png","contentUrl":"https:\/\/www.asktraders.com\/wp-content\/uploads\/2019\/05\/asktraders-logo-tm-white.png","width":232,"height":38,"caption":"AskTraders"},"image":{"@id":"https:\/\/www.asktraders.com\/de\/#\/schema\/logo\/image\/"},"sameAs":["https:\/\/www.facebook.com\/asktraderscom","https:\/\/x.com\/Asktraders1"]},{"@type":"Person","@id":"https:\/\/www.asktraders.com\/de\/#\/schema\/person\/6e2f89f6a9f3eecbfe9cf3be140769ba","name":"Ruben Wunderlich","image":{"@type":"ImageObject","inLanguage":"de-DE","@id":"https:\/\/secure.gravatar.com\/avatar\/a169813ebb7fc5db497811c94e0e5111ffd756d2135b8bb267093c55024a2119?s=96&d=mm&r=g","url":"https:\/\/secure.gravatar.com\/avatar\/a169813ebb7fc5db497811c94e0e5111ffd756d2135b8bb267093c55024a2119?s=96&d=mm&r=g","contentUrl":"https:\/\/secure.gravatar.com\/avatar\/a169813ebb7fc5db497811c94e0e5111ffd756d2135b8bb267093c55024a2119?s=96&d=mm&r=g","caption":"Ruben Wunderlich"}}]}},"_links":{"self":[{"href":"https:\/\/www.asktraders.com\/de\/wp-json\/wp\/v2\/news\/174911","targetHints":{"allow":["GET"]}}],"collection":[{"href":"https:\/\/www.asktraders.com\/de\/wp-json\/wp\/v2\/news"}],"about":[{"href":"https:\/\/www.asktraders.com\/de\/wp-json\/wp\/v2\/types\/news"}],"author":[{"embeddable":true,"href":"https:\/\/www.asktraders.com\/de\/wp-json\/wp\/v2\/users\/33"}],"replies":[{"embeddable":true,"href":"https:\/\/www.asktraders.com\/de\/wp-json\/wp\/v2\/comments?post=174911"}],"version-history":[{"count":0,"href":"https:\/\/www.asktraders.com\/de\/wp-json\/wp\/v2\/news\/174911\/revisions"}],"wp:featuredmedia":[{"embeddable":true,"href":"https:\/\/www.asktraders.com\/de\/wp-json\/wp\/v2\/media\/174973"}],"wp:attachment":[{"href":"https:\/\/www.asktraders.com\/de\/wp-json\/wp\/v2\/media?parent=174911"}],"wp:term":[{"taxonomy":"news_cluster","embeddable":true,"href":"https:\/\/www.asktraders.com\/de\/wp-json\/wp\/v2\/news_cluster?post=174911"},{"taxonomy":"tradingcategory","embeddable":true,"href":"https:\/\/www.asktraders.com\/de\/wp-json\/wp\/v2\/tradingcategory?post=174911"}],"curies":[{"name":"wp","href":"https:\/\/api.w.org\/{rel}","templated":true}]}}