{"id":226037,"date":"2025-04-30T17:24:46","date_gmt":"2025-04-30T16:24:46","guid":{"rendered":"https:\/\/www.asktraders.com\/?post_type=news&#038;p=226037"},"modified":"2025-04-30T17:24:51","modified_gmt":"2025-04-30T16:24:51","slug":"volkswagen-aktienkurs-vow3-sinkt-aufgrund-der-gewinne","status":"publish","type":"news","link":"https:\/\/www.asktraders.com\/de\/finanznachrichten\/volkswagen-aktienkurs-vow3-sinkt-aufgrund-der-gewinne\/","title":{"rendered":"Volkswagen-Aktienkurs (VOW3) sinkt aufgrund der Gewinne"},"content":{"rendered":"<stock-market-widget type=\"chart\" template=\"candlestick\" assets=\"VOW3.DE\" range=\"1mo\" interval=\"1h\" price_field=\"close\" heading=\"{symbol}\" candle_border_width=\"1\" candle_bullish_background_color=\"#21BA45\" candle_bearish_background_color=\"#DB2828\" candle_bullish_border_color=\"#21BA45\" candle_bearish_border_color=\"#DB2828\" axes_color=\"#000000\" tooltip_text_color=\"#262626\" tooltip_background_color=\"#ffffff\" range_selector=\"true\" volume_enabled=\"false\" axes_enabled=\"true\" tooltip_enabled=\"true\" zoom_enabled=\"true\" save_image_enabled=\"true\" cursor_enabled=\"true\" api=\"yahoo-finance\"><\/stock-market-widget>\n\n\n<stock-market-widget type=\"card\" template=\"basic\" color=\"#5679FF\" assets=\"VOW3.DE\" realtime=\"true\" api=\"yahoo-finance\"><\/stock-market-widget>\n\n\n\n<h3 class=\"wp-block-heading\"  class=\"wp-block-heading\"  id=\"q1_2025_gewinnrueckgang_prognoseanpassung\">Q1 2025: Gewinnr\u00fcckgang &amp; Prognoseanpassung<\/h3>\n\n\n\n<p>Die Volkswagen AG, Europas gr\u00f6\u00dfter Automobilhersteller, steht 2025 an einem entscheidenden Wendepunkt. <\/p>\n\n\n\n<p>Die j\u00fcngsten Quartalszahlen offenbaren die Herausforderungen: Der Nettogewinn im ersten Quartal 2025 brach um 41\u202f% auf 2,19\u202fMrd.\u202f\u20ac ein, belastet durch einmalige Kosten f\u00fcr CO\u2082-Compliance, die Restrukturierung der Software-Tochter CARIAD und Anpassungen an US-Einfuhrz\u00f6lle. Der Umsatz stieg zwar um 3\u202f% auf 77,6\u202fMrd.\u202f\u20ac, doch die operative Marge sank auf 3,7\u202f% (bereinigt: 5,1\u202f%). Besonders die Regionen China (-6\u202f%) und Nordamerika (-2\u202f%) entt\u00e4uschten, w\u00e4hrend Europa (+4\u202f%) und S\u00fcdamerika (+17\u202f%) zulegen konnten.<\/p>\n\n\n\n<p>F\u00fcr das Gesamtjahr h\u00e4lt der Vorstand an einer Umsatzsteigerung von bis zu 5\u202f% und einer operativen Marge von 5,5\u20136,5\u202f% fest, erwartet aber Ergebnisse am unteren Ende dieser Spanne. Der Ausblick bleibt zudem von m\u00f6glichen US-Strafz\u00f6llen \u00fcberschattet, deren Auswirkungen noch nicht eingepreist sind.<\/p>\n\n\n\n<h3 class=\"wp-block-heading\" class=\"wp-block-heading\" id=\"restrukturierung_kostendisziplin_und_effizienzsteigerung\">Restrukturierung: Kostendisziplin und Effizienzsteigerung<\/h3>\n\n\n\n<p>Um die Profitabilit\u00e4t zu sichern, setzt Volkswagen auf harte Einschnitte: Drei deutsche Werke werden geschlossen, die Gehaltskosten f\u00fcr Angestellte um 10\u202f% reduziert. Insgesamt sollen bis 2026 j\u00e4hrlich 2,5\u202fMrd.\u202f\u20ac eingespart werden. Die Zentrale in Wolfsburg baut 2.000 Verwaltungsstellen ab. Analysten begr\u00fc\u00dfen die Senkung der Investitionsquote (2025: 12\u201313\u202f% des Umsatzes) und die st\u00e4rkere Lokalisierung der E-Auto-Produktion, doch die Ma\u00dfnahmen spiegeln auch den hohen Transformationsdruck wider.<\/p>\n\n\n\n<p>W\u00e4hrend diese Schritte zun\u00e4chst einen Kursr\u00fcckgang ausl\u00f6sten, sehen Analysten wie Jefferies die Reduktion der Investitionsquote sowie Fortschritte bei der Lokalisierung der EV-Produktion als positiv. Das F\u00fcnfjahres-Investitionsprogramm \u00fcber 165\u202fMrd.\u202f\u20ac bleibt bestehen, mit Fokus auf Batteriewerke in Spanien und Softwareentwicklung f\u00fcr autonomes Fahren.<\/p>\n\n\n\n<h3 class=\"wp-block-heading\" class=\"wp-block-heading\" id=\"geopolitik_us_markt_chancen_und_risiken\">Geopolitik &amp; US-Markt: Chancen und Risiken<\/h3>\n\n\n\n<p>Mit Blick auf die USA drohen neue Z\u00f6lle von 25\u202f% auf importierte Fahrzeuge. Zwar wird der ID.4 bereits im Werk Chattanooga produziert, doch insbesondere Audi-Modelle wie der Q8 e-tron sind betroffen. Volkswagen verhandelt mit US-Beh\u00f6rden und plant, die lokale Fertigung auszubauen. Paradoxerweise stieg der US-Auftragsbestand im Q1 um 29\u202f%, getrieben durch neue Modelle wie den ID.7 Tourer und die Golf-Generation. Die R\u00fcckkehr in das Pick-up-Segment (Scout Motors, neues Werk in South Carolina) unterstreicht die Expansionsambitionen in Nordamerika.<\/p>\n\n\n\n<p>Diese Ma\u00dfnahmen zielen darauf ab, den Marktanteil in Nordamerika bis 2030 auf 10\u202f% zu verdoppeln. Die Einf\u00fchrung von US-Strafz\u00f6llen k\u00f6nnte allerdings die Erreichung der Profitabilit\u00e4tsziele um 12\u201318 Monate verz\u00f6gern.<\/p>\n\n\n\n<h3 class=\"wp-block-heading\" class=\"wp-block-heading\" id=\"finanzielle_stabilitaet_und_bewertung\">Finanzielle Stabilit\u00e4t und Bewertung<\/h3>\n\n\n\n<p>Trotz der operativen Herausforderungen bleibt die Bilanz solide: Die Nettoliquidit\u00e4t betr\u00e4gt 33\u202fMrd.\u202f\u20ac, die Dividendenrendite ist mit 6,5\u202f% attraktiv (Aussch\u00fcttungsquote: 30\u202f%). Die Bewertung ist mit einem KGV von 4,6 und einem Kurs-Buchwert-Verh\u00e4ltnis von 0,3x historisch niedrig. Dennoch mahnen Analysten: Die Verschuldung ist mit einem Debt\/Equity-Verh\u00e4ltnis von 129\u202f% hoch, und die Zinsaufwendungen von 45,6\u202fMrd.\u202f\u20ac pro Jahr k\u00f6nnten bei ausbleibender Margenerholung zur Belastung werden.<\/p>\n\n\n<stock-market-widget type=\"table-quotes\" template=\"basic\" assets=\"VOW.DE\" fields=\"logo_name_symbol,price,target_high_price,target_low_price,target_mean_price\" display_header=\"true\" display_chart=\"false\" search=\"false\" pagination=\"false\" scroll=\"false\" rows_per_page=\"5\" sort_direction=\"asc\" alignment=\"left\" realtime=\"true\" api=\"yahoo-finance\"><\/stock-market-widget>\n\n\n\n<h3 class=\"wp-block-heading\" class=\"wp-block-heading\" id=\"e_mobilitaet_margenparitaet_in_sichtweite\">E-Mobilit\u00e4t: Margenparit\u00e4t in Sichtweite<\/h3>\n\n\n\n<p>Volkswagen investiert massiv in die E-Mobilit\u00e4t: Das neue Kompaktmodell ID.2 (Marktstart Q3, Preis ab 25.000\u202f\u20ac) soll erstmals Margenparit\u00e4t zum Verbrenner erreichen. Der europ\u00e4ische Auftragsbestand f\u00fcr E-Autos wuchs um 64\u202f% auf 1\u202fMio. Einheiten, der Anteil am Gesamtauftragseingang liegt bei 20\u202f%. In China hingegen brachen die E-Verk\u00e4ufe um 12\u202f% ein \u2013 hier reagiert VW mit einer beschleunigten Lokalisierung neuer Plattformen und Partnerschaften, z.\u202fB. mit Rivian und der PowerCo-Batteriesparte. Ziel ist es, die Batteriekosten bis 2026 auf 75\u202f$\/kWh zu senken und eine E-Marge von 8\u202f% zu erreichen.<\/p>\n\n\n\n<p>Partnerschaften wie das 5\u202fMrd.\u202f$ Joint Venture mit Rivian zur gemeinsamen Entwicklung von EV-Plattformen und 3,4\u202fMrd.\u202f\u20ac EU-Subventionen f\u00fcr spanische Gigafactories sollen die Kostenstruktur verbessern und die Entwicklung beschleunigen.<\/p>\n\n\n\n<h3 class=\"wp-block-heading\" class=\"wp-block-heading\" id=\"technische_analyse_und_institutionelle_bewegungen\">Technische Analyse und institutionelle Bewegungen<\/h3>\n\n\n\n<p>Technisch zeigt sich die Aktie stabilisiert: Der Kurs liegt nahe der 200-Tage-Linie (95,06\u202f\u20ac) und \u00fcber der kritischen Unterst\u00fctzung bei 94,60\u202f\u20ac. Der RSI von 60,06 signalisiert eine Ann\u00e4herung an \u00fcberkaufte Bereiche, w\u00e4hrend der MACD ein Kaufsignal liefert. Porsche SE stockte ihren Anteil auf 31,9\u202f% auf, w\u00e4hrend BlackRock Best\u00e4nde reduzierte \u2013 ein Zeichen f\u00fcr gemischte institutionelle Einsch\u00e4tzungen.<\/p>\n\n\n\n<p>F\u00fcr risikobewusste Anleger mit langem Atem er\u00f6ffnet Volkswagen auf dem aktuellen Kursniveau interessante Perspektiven \u2013 vorausgesetzt, die strategische Transformation gelingt und geopolitische Risiken bleiben kontrollierbar.<\/p>\n\n\n\n<p><\/p>\n\n\n<aside class=\"wp-block-related-posts  \" data-sidebar>\n                    \n\n<h2 class=\"wp-block-heading\"  class=\"wp-block-heading\"  id=\"aktien_lernen\">Aktien Lernen<\/h2>\n\n\n        <ul class=\"grid grid-cols-1 md:grid-cols-2 gap-4 lg:grid-cols-1\">\n                            <li class=\"w-full p-3 rounded-lg shadow md:w-full\">\n                    <a href=\"https:\/\/www.asktraders.com\/de\/dax40\/\" class=\"flex\">\n                        <img loading=\"lazy\" decoding=\"async\" width=\"150\" height=\"150\" src=\"https:\/\/www.asktraders.com\/wp-content\/uploads\/2020\/09\/DAX-handeln-150x150.jpg\" class=\"w-1\/3 rounded object-cover  wp-post-image\" alt=\"DAX handeln\" \/>\n                        <div class=\"flex flex-col w-2\/3 pl-3\">\n                                                        <span\n                                class=\"block py-1 grow text-sm font-bold \">DAX 40 heute aktuell | Index, Kurs und Prognose<\/span>\n                                                            <span class=\"text-xs uppercase\">\n                                    Analyst Team\n                                <\/span>\n                                                    <\/div>\n                    <\/a>\n                <\/li>\n                            <li class=\"w-full p-3 rounded-lg shadow md:w-full\">\n                    <a href=\"https:\/\/www.asktraders.com\/learn-to-trade\/stock-trading\/how-to-trade-stocks\/\" class=\"flex\">\n                        <img loading=\"lazy\" decoding=\"async\" width=\"150\" height=\"150\" src=\"https:\/\/www.asktraders.com\/wp-content\/uploads\/2020\/08\/how-to-trade-stocks-01-150x150.jpg\" class=\"w-1\/3 rounded object-cover  wp-post-image\" alt=\"how to trade stocks\" \/>\n                        <div class=\"flex flex-col w-2\/3 pl-3\">\n                                                        <span\n                                class=\"block py-1 grow text-sm font-bold \">How To Trade Stocks &#8211; The Guide For Beginners<\/span>\n                                                            <span class=\"text-xs uppercase\">\n                                    Analyst Team\n                                <\/span>\n                                                    <\/div>\n                    <\/a>\n                <\/li>\n                            <li class=\"w-full p-3 rounded-lg shadow md:w-full\">\n                    <a href=\"https:\/\/www.asktraders.com\/de\/traden-lernen\/trading-ratgeber\/nachhaltige-etf\/\" class=\"flex\">\n                        <img loading=\"lazy\" decoding=\"async\" width=\"150\" height=\"150\" src=\"https:\/\/www.asktraders.com\/wp-content\/uploads\/2020\/08\/Nachhaltige-ETF-150x150.jpg\" class=\"w-1\/3 rounded object-cover  wp-post-image\" alt=\"Nachhaltige ETF\" \/>\n                        <div class=\"flex flex-col w-2\/3 pl-3\">\n                                                        <span\n                                class=\"block py-1 grow text-sm font-bold \">Nachhaltige ETF \u2013 Wo lohnt sich die Investition in \u00d6ko ETFs?<\/span>\n                                                            <span class=\"text-xs uppercase\">\n                                    Nigel Frith\n                                <\/span>\n                                                    <\/div>\n                    <\/a>\n                <\/li>\n                            <li class=\"w-full p-3 rounded-lg shadow md:w-full\">\n                    <a href=\"https:\/\/www.asktraders.com\/de\/traden-lernen\/trading-strategien\/vwap-strategie\/\" class=\"flex\">\n                        <img loading=\"lazy\" decoding=\"async\" width=\"150\" height=\"150\" src=\"https:\/\/www.asktraders.com\/wp-content\/uploads\/2021\/09\/VWAP-Trading-Strategy-Guide-Examples-150x150.jpg\" class=\"w-1\/3 rounded object-cover  wp-post-image\" alt=\"VWAP Trading Strategy Guide &amp; Examples\" \/>\n                        <div class=\"flex flex-col w-2\/3 pl-3\">\n                                                        <span\n                                class=\"block py-1 grow text-sm font-bold \">VWAP Strategie Anwendung &amp; Beispiele<\/span>\n                                                            <span class=\"text-xs uppercase\">\n                                    Analyst Team\n                                <\/span>\n                                                    <\/div>\n                    <\/a>\n                <\/li>\n                            <li class=\"w-full p-3 rounded-lg shadow md:w-full\">\n                    <a href=\"https:\/\/www.asktraders.com\/de\/traden-lernen\/trading-strategien\/was-ist-scalping\/\" class=\"flex\">\n                        <img loading=\"lazy\" decoding=\"async\" width=\"150\" height=\"150\" src=\"https:\/\/www.asktraders.com\/wp-content\/uploads\/2020\/03\/what-is-scalping-150x150.jpg\" class=\"w-1\/3 rounded object-cover  wp-post-image\" alt=\"what is scalping\" \/>\n                        <div class=\"flex flex-col w-2\/3 pl-3\">\n                                                        <span\n                                class=\"block py-1 grow text-sm font-bold \">Was ist Scalping? Strategien, Tipps &amp; Beispiele<\/span>\n                                                            <span class=\"text-xs uppercase\">\n                                    Analyst Team\n                                <\/span>\n                                                    <\/div>\n                    <\/a>\n                <\/li>\n                            <li class=\"w-full p-3 rounded-lg shadow md:w-full\">\n                    <a href=\"https:\/\/www.asktraders.com\/learn-to-trade\/guides\/etoro-analysis-of-trading-signals-sentiment-resources\/\" class=\"flex\">\n                        <img loading=\"lazy\" decoding=\"async\" width=\"150\" height=\"150\" src=\"https:\/\/www.asktraders.com\/wp-content\/uploads\/2022\/12\/eToro-Analysis-of-Trading-Signals-Sentiment-Resources-150x150.jpg\" class=\"w-1\/3 rounded object-cover  wp-post-image\" alt=\"eToro Analysis of Trading Signals &amp; Sentiment Resources\" \/>\n                        <div class=\"flex flex-col w-2\/3 pl-3\">\n                                                        <span\n                                class=\"block py-1 grow text-sm font-bold \">eToro \u2013 Analysis of Trading Signals &amp; Sentiment Resources<\/span>\n                                                            <span class=\"text-xs uppercase\">\n                                    Justin Freeman\n                                <\/span>\n                                                    <\/div>\n                    <\/a>\n                <\/li>\n                    <\/ul>\n            \n    <\/aside>\n\n\n<div class=\"wp-block-top5-broker\" data-sidebar>\n        <div>\n        \n\n<h2 class=\"wp-block-heading\"  class=\"wp-block-heading\"  id=\"\"><\/h2>\n\n\n    <\/div>\n            <div class=\"block bg-white rounded-lg shadow\">\n        <ul\n            class=\"flex flex-wrap w-full -mb-px list-none border-b-2 navTabs \">\n                                                                                                        <\/ul>\n                    <div class=\"navTabContent \" id=\"top5-tab1\">\n                <ol class=\"flex\n                flex-wrap\n                \">\n                                    <\/ol>\n                            <\/div>\n                    <div class=\"navTabContent hidden\" id=\"top5-tab2\">\n                <ol class=\"flex\n                flex-wrap\n                \">\n                                    <\/ol>\n                            <\/div>\n                    <div class=\"navTabContent hidden\" id=\"top5-tab3\">\n                <ol class=\"flex\n                flex-wrap\n                \">\n                                    <\/ol>\n                            <\/div>\n        \n    <\/div>\n    <\/div>\n\n\n<aside class=\"wp-block-related-posts related-posts-latest \" data-sidebar>\n                    \n\n<h2 class=\"wp-block-heading\"  class=\"wp-block-heading\"  id=\"news\">News<\/h2>\n\n\n        <ul class=\"grid grid-cols-1 md:grid-cols-2 gap-4 lg:grid-cols-1\">\n                            <li class=\"w-full p-3 rounded-lg shadow md:w-full\">\n                    <a href=\"https:\/\/www.asktraders.com\/de\/finanznachrichten\/evonik-aktien-erreichen-neues-tief-als-e13-durchbrochen-werden\/\" class=\"flex\">\n                        <img loading=\"lazy\" decoding=\"async\" width=\"150\" height=\"150\" src=\"https:\/\/www.asktraders.com\/wp-content\/uploads\/2023\/05\/evonik-aktie-prognose-150x150.jpg\" class=\"w-1\/3 rounded object-cover  wp-post-image\" alt=\"Evonik Aktie\" \/>\n                        <div class=\"flex flex-col w-2\/3 pl-3\">\n                                                        <span\n                                class=\"block py-1 grow text-sm font-bold \">Evonik Aktien erreichen neues Tief, als \u20ac13 durchbrochen werden<\/span>\n                                                            <span class=\"text-xs uppercase\">\n                                    Analyst Team\n                                <\/span>\n                                                    <\/div>\n                    <\/a>\n                <\/li>\n                            <li class=\"w-full p-3 rounded-lg shadow md:w-full\">\n                    <a href=\"https:\/\/www.asktraders.com\/de\/finanznachrichten\/2g-energy-ag-aktie-erholt-sich-von-unterstuetzung-steigerung-von-10\/\" class=\"flex\">\n                        <img loading=\"lazy\" decoding=\"async\" width=\"150\" height=\"150\" src=\"https:\/\/www.asktraders.com\/wp-content\/uploads\/2025\/08\/power-and-energy-150x150.jpg\" class=\"w-1\/3 rounded object-cover  wp-post-image\" alt=\"Uniper UN0\" \/>\n                        <div class=\"flex flex-col w-2\/3 pl-3\">\n                                                        <span\n                                class=\"block py-1 grow text-sm font-bold \">2G Energy AG Aktie erholt sich von Unterst\u00fctzung \u2013 Steigerung von 10%<\/span>\n                                                            <span class=\"text-xs uppercase\">\n                                    Analyst Team\n                                <\/span>\n                                                    <\/div>\n                    <\/a>\n                <\/li>\n                            <li class=\"w-full p-3 rounded-lg shadow md:w-full\">\n                    <a href=\"https:\/\/www.asktraders.com\/de\/finanznachrichten\/mercedes-benz-aktie-goldman-sachs-initiiert-analystendeckung-mit-positiver-einschaetzung\/\" class=\"flex\">\n                        <img loading=\"lazy\" decoding=\"async\" width=\"150\" height=\"150\" src=\"https:\/\/www.asktraders.com\/wp-content\/uploads\/2023\/06\/aktie-mercedes-150x150.jpg\" class=\"w-1\/3 rounded object-cover  wp-post-image\" alt=\"Mercedes Aktie\" \/>\n                        <div class=\"flex flex-col w-2\/3 pl-3\">\n                                                        <span\n                                class=\"block py-1 grow text-sm font-bold \">Mercedes-Benz Aktie: Goldman Sachs initiiert Analystendeckung mit positiver Einsch\u00e4tzung<\/span>\n                                                            <span class=\"text-xs uppercase\">\n                                    Analyst Team\n                                <\/span>\n                                                    <\/div>\n                    <\/a>\n                <\/li>\n                            <li class=\"w-full p-3 rounded-lg shadow md:w-full\">\n                    <a href=\"https:\/\/www.asktraders.com\/de\/finanznachrichten\/dax-aktien-erholen-sich-nach-nvidia-beben-maerkte-atmen-auf\/\" class=\"flex\">\n                        <img loading=\"lazy\" decoding=\"async\" width=\"150\" height=\"150\" src=\"https:\/\/www.asktraders.com\/wp-content\/uploads\/2023\/04\/dax-handeln-150x150.jpg\" class=\"w-1\/3 rounded object-cover  wp-post-image\" alt=\"\" \/>\n                        <div class=\"flex flex-col w-2\/3 pl-3\">\n                                                        <span\n                                class=\"block py-1 grow text-sm font-bold \">DAX-Aktien erholen sich nach Nvidia-Beben: M\u00e4rkte atmen auf<\/span>\n                                                            <span class=\"text-xs uppercase\">\n                                    Analyst Team\n                                <\/span>\n                                                    <\/div>\n                    <\/a>\n                <\/li>\n                            <li class=\"w-full p-3 rounded-lg shadow md:w-full\">\n                    <a href=\"https:\/\/www.asktraders.com\/de\/finanznachrichten\/rheinmetall-aktien-finden-unterstuetzung-bei-1-600-e-wie-geht-es-weiter\/\" class=\"flex\">\n                        <img loading=\"lazy\" decoding=\"async\" width=\"150\" height=\"150\" src=\"https:\/\/www.asktraders.com\/wp-content\/uploads\/2022\/11\/Die-Rheinmetall-Aktie-im-Chart-150x150.jpg\" class=\"w-1\/3 rounded object-cover  wp-post-image\" alt=\"Die Rheinmetall Aktie im Chart\" \/>\n                        <div class=\"flex flex-col w-2\/3 pl-3\">\n                                                        <span\n                                class=\"block py-1 grow text-sm font-bold \">Rheinmetall-Aktien finden Unterst\u00fctzung bei 1.600 \u20ac \u2013 Wie geht es weiter?<\/span>\n                                                            <span class=\"text-xs uppercase\">\n                                    Analyst Team\n                                <\/span>\n                                                    <\/div>\n                    <\/a>\n                <\/li>\n                    <\/ul>\n            \n    <\/aside>\n","protected":false},"author":873,"featured_media":37593,"comment_status":"closed","ping_status":"closed","template":"","news_cluster":[],"tradingcategory":[58519],"class_list":["post-226037","news","type-news","status-publish","has-post-thumbnail","hentry","tradingcategory-news-de"],"acf":[],"apple_news_notices":[],"yoast_head":"<!-- This site is optimized with the Yoast SEO plugin v27.2 - https:\/\/yoast.com\/product\/yoast-seo-wordpress\/ -->\n<title>Volkswagen-Aktienkurs (VOW3) sinkt aufgrund der Gewinne | AskTraders.com %<\/title>\n<meta name=\"description\" content=\"Q1 2025: Gewinnr\u00fcckgang &amp; Prognoseanpassung Die Volkswagen AG, Europas gr\u00f6\u00dfter Automobilhersteller, steht 2025 an einem entscheidenden Wendepunkt. Die\" \/>\n<meta name=\"robots\" content=\"index, follow, max-snippet:-1, max-image-preview:large, max-video-preview:-1\" \/>\n<link rel=\"canonical\" href=\"https:\/\/www.asktraders.com\/de\/finanznachrichten\/volkswagen-aktienkurs-vow3-sinkt-aufgrund-der-gewinne\/\" \/>\n<meta property=\"og:locale\" content=\"de_DE\" \/>\n<meta property=\"og:type\" content=\"article\" \/>\n<meta property=\"og:title\" content=\"Volkswagen-Aktienkurs (VOW3) sinkt aufgrund der Gewinne | AskTraders.com %\" \/>\n<meta property=\"og:description\" content=\"Q1 2025: Gewinnr\u00fcckgang &amp; Prognoseanpassung Die Volkswagen AG, Europas gr\u00f6\u00dfter Automobilhersteller, steht 2025 an einem entscheidenden Wendepunkt. Die\" \/>\n<meta property=\"og:url\" content=\"https:\/\/www.asktraders.com\/de\/finanznachrichten\/volkswagen-aktienkurs-vow3-sinkt-aufgrund-der-gewinne\/\" \/>\n<meta property=\"og:site_name\" content=\"AskTraders.com\" \/>\n<meta property=\"article:publisher\" content=\"https:\/\/www.facebook.com\/asktraderscom\" \/>\n<meta property=\"article:modified_time\" content=\"2025-04-30T16:24:51+00:00\" \/>\n<meta property=\"og:image\" content=\"https:\/\/www.asktraders.com\/wp-content\/uploads\/2019\/03\/Volkswagen-CEO.jpg\" \/>\n\t<meta property=\"og:image:width\" content=\"1000\" \/>\n\t<meta property=\"og:image:height\" content=\"667\" \/>\n\t<meta property=\"og:image:type\" content=\"image\/jpeg\" \/>\n<meta name=\"twitter:card\" content=\"summary_large_image\" \/>\n<meta name=\"twitter:site\" content=\"@Asktraders1\" \/>\n<meta name=\"twitter:label1\" content=\"Gesch\u00e4tzte Lesezeit\" \/>\n\t<meta name=\"twitter:data1\" content=\"4 Minuten\" \/>\n<script type=\"application\/ld+json\" class=\"yoast-schema-graph\">{\"@context\":\"https:\/\/schema.org\",\"@graph\":[{\"@type\":\"NewsArticle\",\"@id\":\"https:\/\/www.asktraders.com\/de\/finanznachrichten\/volkswagen-aktienkurs-vow3-sinkt-aufgrund-der-gewinne\/#article\",\"isPartOf\":{\"@id\":\"https:\/\/www.asktraders.com\/de\/finanznachrichten\/volkswagen-aktienkurs-vow3-sinkt-aufgrund-der-gewinne\/\"},\"author\":{\"name\":\"Asktraders News Team\",\"@id\":\"https:\/\/www.asktraders.com\/de\/#\/schema\/person\/a9018e69daa9a7bd7a92bab40944424f\",\"url\":\"https:\/\/www.asktraders.com\/de\/author\/asktraders-news-team\/\"},\"headline\":\"Volkswagen-Aktienkurs (VOW3) sinkt aufgrund der Gewinne\",\"datePublished\":\"2025-04-30T16:24:46+00:00\",\"dateModified\":\"2025-04-30T16:24:51+00:00\",\"mainEntityOfPage\":{\"@id\":\"https:\/\/www.asktraders.com\/de\/finanznachrichten\/volkswagen-aktienkurs-vow3-sinkt-aufgrund-der-gewinne\/\"},\"wordCount\":781,\"publisher\":{\"@id\":\"https:\/\/www.asktraders.com\/de\/#organization\"},\"image\":{\"@id\":\"https:\/\/www.asktraders.com\/de\/finanznachrichten\/volkswagen-aktienkurs-vow3-sinkt-aufgrund-der-gewinne\/#primaryimage\"},\"thumbnailUrl\":\"https:\/\/www.asktraders.com\/wp-content\/uploads\/2019\/03\/Volkswagen-CEO.jpg\",\"inLanguage\":\"de-DE\"},{\"@type\":\"WebPage\",\"@id\":\"https:\/\/www.asktraders.com\/de\/finanznachrichten\/volkswagen-aktienkurs-vow3-sinkt-aufgrund-der-gewinne\/\",\"url\":\"https:\/\/www.asktraders.com\/de\/finanznachrichten\/volkswagen-aktienkurs-vow3-sinkt-aufgrund-der-gewinne\/\",\"name\":\"Volkswagen-Aktienkurs (VOW3) sinkt aufgrund der Gewinne | AskTraders.com %\",\"isPartOf\":{\"@id\":\"https:\/\/www.asktraders.com\/de\/#website\"},\"primaryImageOfPage\":{\"@id\":\"https:\/\/www.asktraders.com\/de\/finanznachrichten\/volkswagen-aktienkurs-vow3-sinkt-aufgrund-der-gewinne\/#primaryimage\"},\"image\":{\"@id\":\"https:\/\/www.asktraders.com\/de\/finanznachrichten\/volkswagen-aktienkurs-vow3-sinkt-aufgrund-der-gewinne\/#primaryimage\"},\"thumbnailUrl\":\"https:\/\/www.asktraders.com\/wp-content\/uploads\/2019\/03\/Volkswagen-CEO.jpg\",\"datePublished\":\"2025-04-30T16:24:46+00:00\",\"dateModified\":\"2025-04-30T16:24:51+00:00\",\"description\":\"Q1 2025: Gewinnr\u00fcckgang &amp; Prognoseanpassung Die Volkswagen AG, Europas gr\u00f6\u00dfter Automobilhersteller, steht 2025 an einem entscheidenden Wendepunkt. Die\",\"breadcrumb\":{\"@id\":\"https:\/\/www.asktraders.com\/de\/finanznachrichten\/volkswagen-aktienkurs-vow3-sinkt-aufgrund-der-gewinne\/#breadcrumb\"},\"inLanguage\":\"de-DE\",\"potentialAction\":[{\"@type\":\"ReadAction\",\"target\":[\"https:\/\/www.asktraders.com\/de\/finanznachrichten\/volkswagen-aktienkurs-vow3-sinkt-aufgrund-der-gewinne\/\"]}]},{\"@type\":\"ImageObject\",\"inLanguage\":\"de-DE\",\"@id\":\"https:\/\/www.asktraders.com\/de\/finanznachrichten\/volkswagen-aktienkurs-vow3-sinkt-aufgrund-der-gewinne\/#primaryimage\",\"url\":\"https:\/\/www.asktraders.com\/wp-content\/uploads\/2019\/03\/Volkswagen-CEO.jpg\",\"contentUrl\":\"https:\/\/www.asktraders.com\/wp-content\/uploads\/2019\/03\/Volkswagen-CEO.jpg\",\"width\":1000,\"height\":667,\"caption\":\"Volkswagen\"},{\"@type\":\"BreadcrumbList\",\"@id\":\"https:\/\/www.asktraders.com\/de\/finanznachrichten\/volkswagen-aktienkurs-vow3-sinkt-aufgrund-der-gewinne\/#breadcrumb\",\"itemListElement\":[{\"@type\":\"ListItem\",\"position\":1,\"name\":\"Home\",\"item\":\"https:\/\/www.asktraders.com\/de\/\"},{\"@type\":\"ListItem\",\"position\":2,\"name\":\"News\",\"item\":\"https:\/\/www.asktraders.com\/de\/finanznachrichten\/\"},{\"@type\":\"ListItem\",\"position\":3,\"name\":\"Volkswagen-Aktienkurs (VOW3) sinkt aufgrund der Gewinne\"}]},{\"@type\":\"WebSite\",\"@id\":\"https:\/\/www.asktraders.com\/de\/#website\",\"url\":\"https:\/\/www.asktraders.com\/de\/\",\"name\":\"AskTraders\",\"description\":\"Guiding You To Trading Success\",\"publisher\":{\"@id\":\"https:\/\/www.asktraders.com\/de\/#organization\"},\"inLanguage\":\"de-DE\"},{\"@type\":\"Organization\",\"@id\":\"https:\/\/www.asktraders.com\/de\/#organization\",\"name\":\"AskTraders\",\"url\":\"https:\/\/www.asktraders.com\/de\/\",\"logo\":{\"@type\":\"ImageObject\",\"inLanguage\":\"de-DE\",\"@id\":\"https:\/\/www.asktraders.com\/de\/#\/schema\/logo\/image\/\",\"url\":\"https:\/\/www.asktraders.com\/wp-content\/uploads\/2019\/05\/asktraders-logo-tm-white.png\",\"contentUrl\":\"https:\/\/www.asktraders.com\/wp-content\/uploads\/2019\/05\/asktraders-logo-tm-white.png\",\"width\":232,\"height\":38,\"caption\":\"AskTraders\"},\"image\":{\"@id\":\"https:\/\/www.asktraders.com\/de\/#\/schema\/logo\/image\/\"},\"sameAs\":[\"https:\/\/www.facebook.com\/asktraderscom\",\"https:\/\/x.com\/Asktraders1\"]},{\"@type\":\"Person\",\"@id\":\"https:\/\/www.asktraders.com\/de\/#\/schema\/person\/a9018e69daa9a7bd7a92bab40944424f\",\"name\":\"Asktraders News Team\",\"image\":{\"@type\":\"ImageObject\",\"inLanguage\":\"de-DE\",\"@id\":\"https:\/\/secure.gravatar.com\/avatar\/4adf30b4bdba8095517be51a6d33eac85d275459c6da979b73dabd753924f280?s=96&d=mm&r=g\",\"url\":\"https:\/\/secure.gravatar.com\/avatar\/4adf30b4bdba8095517be51a6d33eac85d275459c6da979b73dabd753924f280?s=96&d=mm&r=g\",\"contentUrl\":\"https:\/\/secure.gravatar.com\/avatar\/4adf30b4bdba8095517be51a6d33eac85d275459c6da979b73dabd753924f280?s=96&d=mm&r=g\",\"caption\":\"Asktraders News Team\"}}]}<\/script>\n<!-- \/ Yoast SEO plugin. -->","yoast_head_json":{"title":"Volkswagen-Aktienkurs (VOW3) sinkt aufgrund der Gewinne | AskTraders.com %","description":"Q1 2025: Gewinnr\u00fcckgang &amp; Prognoseanpassung Die Volkswagen AG, Europas gr\u00f6\u00dfter Automobilhersteller, steht 2025 an einem entscheidenden Wendepunkt. Die","robots":{"index":"index","follow":"follow","max-snippet":"max-snippet:-1","max-image-preview":"max-image-preview:large","max-video-preview":"max-video-preview:-1"},"canonical":"https:\/\/www.asktraders.com\/de\/finanznachrichten\/volkswagen-aktienkurs-vow3-sinkt-aufgrund-der-gewinne\/","og_locale":"de_DE","og_type":"article","og_title":"Volkswagen-Aktienkurs (VOW3) sinkt aufgrund der Gewinne | AskTraders.com %","og_description":"Q1 2025: Gewinnr\u00fcckgang &amp; Prognoseanpassung Die Volkswagen AG, Europas gr\u00f6\u00dfter Automobilhersteller, steht 2025 an einem entscheidenden Wendepunkt. Die","og_url":"https:\/\/www.asktraders.com\/de\/finanznachrichten\/volkswagen-aktienkurs-vow3-sinkt-aufgrund-der-gewinne\/","og_site_name":"AskTraders.com","article_publisher":"https:\/\/www.facebook.com\/asktraderscom","article_modified_time":"2025-04-30T16:24:51+00:00","og_image":[{"width":1000,"height":667,"url":"https:\/\/www.asktraders.com\/wp-content\/uploads\/2019\/03\/Volkswagen-CEO.jpg","type":"image\/jpeg"}],"twitter_card":"summary_large_image","twitter_site":"@Asktraders1","twitter_misc":{"Gesch\u00e4tzte Lesezeit":"4 Minuten"},"schema":{"@context":"https:\/\/schema.org","@graph":[{"@type":"NewsArticle","@id":"https:\/\/www.asktraders.com\/de\/finanznachrichten\/volkswagen-aktienkurs-vow3-sinkt-aufgrund-der-gewinne\/#article","isPartOf":{"@id":"https:\/\/www.asktraders.com\/de\/finanznachrichten\/volkswagen-aktienkurs-vow3-sinkt-aufgrund-der-gewinne\/"},"author":{"name":"Asktraders News Team","@id":"https:\/\/www.asktraders.com\/de\/#\/schema\/person\/a9018e69daa9a7bd7a92bab40944424f","url":"https:\/\/www.asktraders.com\/de\/author\/asktraders-news-team\/"},"headline":"Volkswagen-Aktienkurs (VOW3) sinkt aufgrund der Gewinne","datePublished":"2025-04-30T16:24:46+00:00","dateModified":"2025-04-30T16:24:51+00:00","mainEntityOfPage":{"@id":"https:\/\/www.asktraders.com\/de\/finanznachrichten\/volkswagen-aktienkurs-vow3-sinkt-aufgrund-der-gewinne\/"},"wordCount":781,"publisher":{"@id":"https:\/\/www.asktraders.com\/de\/#organization"},"image":{"@id":"https:\/\/www.asktraders.com\/de\/finanznachrichten\/volkswagen-aktienkurs-vow3-sinkt-aufgrund-der-gewinne\/#primaryimage"},"thumbnailUrl":"https:\/\/www.asktraders.com\/wp-content\/uploads\/2019\/03\/Volkswagen-CEO.jpg","inLanguage":"de-DE"},{"@type":"WebPage","@id":"https:\/\/www.asktraders.com\/de\/finanznachrichten\/volkswagen-aktienkurs-vow3-sinkt-aufgrund-der-gewinne\/","url":"https:\/\/www.asktraders.com\/de\/finanznachrichten\/volkswagen-aktienkurs-vow3-sinkt-aufgrund-der-gewinne\/","name":"Volkswagen-Aktienkurs (VOW3) sinkt aufgrund der Gewinne | AskTraders.com %","isPartOf":{"@id":"https:\/\/www.asktraders.com\/de\/#website"},"primaryImageOfPage":{"@id":"https:\/\/www.asktraders.com\/de\/finanznachrichten\/volkswagen-aktienkurs-vow3-sinkt-aufgrund-der-gewinne\/#primaryimage"},"image":{"@id":"https:\/\/www.asktraders.com\/de\/finanznachrichten\/volkswagen-aktienkurs-vow3-sinkt-aufgrund-der-gewinne\/#primaryimage"},"thumbnailUrl":"https:\/\/www.asktraders.com\/wp-content\/uploads\/2019\/03\/Volkswagen-CEO.jpg","datePublished":"2025-04-30T16:24:46+00:00","dateModified":"2025-04-30T16:24:51+00:00","description":"Q1 2025: Gewinnr\u00fcckgang &amp; Prognoseanpassung Die Volkswagen AG, Europas gr\u00f6\u00dfter Automobilhersteller, steht 2025 an einem entscheidenden Wendepunkt. Die","breadcrumb":{"@id":"https:\/\/www.asktraders.com\/de\/finanznachrichten\/volkswagen-aktienkurs-vow3-sinkt-aufgrund-der-gewinne\/#breadcrumb"},"inLanguage":"de-DE","potentialAction":[{"@type":"ReadAction","target":["https:\/\/www.asktraders.com\/de\/finanznachrichten\/volkswagen-aktienkurs-vow3-sinkt-aufgrund-der-gewinne\/"]}]},{"@type":"ImageObject","inLanguage":"de-DE","@id":"https:\/\/www.asktraders.com\/de\/finanznachrichten\/volkswagen-aktienkurs-vow3-sinkt-aufgrund-der-gewinne\/#primaryimage","url":"https:\/\/www.asktraders.com\/wp-content\/uploads\/2019\/03\/Volkswagen-CEO.jpg","contentUrl":"https:\/\/www.asktraders.com\/wp-content\/uploads\/2019\/03\/Volkswagen-CEO.jpg","width":1000,"height":667,"caption":"Volkswagen"},{"@type":"BreadcrumbList","@id":"https:\/\/www.asktraders.com\/de\/finanznachrichten\/volkswagen-aktienkurs-vow3-sinkt-aufgrund-der-gewinne\/#breadcrumb","itemListElement":[{"@type":"ListItem","position":1,"name":"Home","item":"https:\/\/www.asktraders.com\/de\/"},{"@type":"ListItem","position":2,"name":"News","item":"https:\/\/www.asktraders.com\/de\/finanznachrichten\/"},{"@type":"ListItem","position":3,"name":"Volkswagen-Aktienkurs (VOW3) sinkt aufgrund der Gewinne"}]},{"@type":"WebSite","@id":"https:\/\/www.asktraders.com\/de\/#website","url":"https:\/\/www.asktraders.com\/de\/","name":"AskTraders","description":"Guiding You To Trading Success","publisher":{"@id":"https:\/\/www.asktraders.com\/de\/#organization"},"inLanguage":"de-DE"},{"@type":"Organization","@id":"https:\/\/www.asktraders.com\/de\/#organization","name":"AskTraders","url":"https:\/\/www.asktraders.com\/de\/","logo":{"@type":"ImageObject","inLanguage":"de-DE","@id":"https:\/\/www.asktraders.com\/de\/#\/schema\/logo\/image\/","url":"https:\/\/www.asktraders.com\/wp-content\/uploads\/2019\/05\/asktraders-logo-tm-white.png","contentUrl":"https:\/\/www.asktraders.com\/wp-content\/uploads\/2019\/05\/asktraders-logo-tm-white.png","width":232,"height":38,"caption":"AskTraders"},"image":{"@id":"https:\/\/www.asktraders.com\/de\/#\/schema\/logo\/image\/"},"sameAs":["https:\/\/www.facebook.com\/asktraderscom","https:\/\/x.com\/Asktraders1"]},{"@type":"Person","@id":"https:\/\/www.asktraders.com\/de\/#\/schema\/person\/a9018e69daa9a7bd7a92bab40944424f","name":"Asktraders News Team","image":{"@type":"ImageObject","inLanguage":"de-DE","@id":"https:\/\/secure.gravatar.com\/avatar\/4adf30b4bdba8095517be51a6d33eac85d275459c6da979b73dabd753924f280?s=96&d=mm&r=g","url":"https:\/\/secure.gravatar.com\/avatar\/4adf30b4bdba8095517be51a6d33eac85d275459c6da979b73dabd753924f280?s=96&d=mm&r=g","contentUrl":"https:\/\/secure.gravatar.com\/avatar\/4adf30b4bdba8095517be51a6d33eac85d275459c6da979b73dabd753924f280?s=96&d=mm&r=g","caption":"Asktraders News Team"}}]}},"_links":{"self":[{"href":"https:\/\/www.asktraders.com\/de\/wp-json\/wp\/v2\/news\/226037","targetHints":{"allow":["GET"]}}],"collection":[{"href":"https:\/\/www.asktraders.com\/de\/wp-json\/wp\/v2\/news"}],"about":[{"href":"https:\/\/www.asktraders.com\/de\/wp-json\/wp\/v2\/types\/news"}],"author":[{"embeddable":true,"href":"https:\/\/www.asktraders.com\/de\/wp-json\/wp\/v2\/users\/873"}],"replies":[{"embeddable":true,"href":"https:\/\/www.asktraders.com\/de\/wp-json\/wp\/v2\/comments?post=226037"}],"version-history":[{"count":0,"href":"https:\/\/www.asktraders.com\/de\/wp-json\/wp\/v2\/news\/226037\/revisions"}],"wp:featuredmedia":[{"embeddable":true,"href":"https:\/\/www.asktraders.com\/de\/wp-json\/wp\/v2\/media\/37593"}],"wp:attachment":[{"href":"https:\/\/www.asktraders.com\/de\/wp-json\/wp\/v2\/media?parent=226037"}],"wp:term":[{"taxonomy":"news_cluster","embeddable":true,"href":"https:\/\/www.asktraders.com\/de\/wp-json\/wp\/v2\/news_cluster?post=226037"},{"taxonomy":"tradingcategory","embeddable":true,"href":"https:\/\/www.asktraders.com\/de\/wp-json\/wp\/v2\/tradingcategory?post=226037"}],"curies":[{"name":"wp","href":"https:\/\/api.w.org\/{rel}","templated":true}]}}