{"id":226273,"date":"2025-05-07T06:58:54","date_gmt":"2025-05-07T05:58:54","guid":{"rendered":"https:\/\/www.asktraders.com\/?post_type=news&#038;p=226273"},"modified":"2025-05-07T07:11:39","modified_gmt":"2025-05-07T06:11:39","slug":"bmw-aktie-etr-bmw-hofft-auf-gewinnsteigerung","status":"publish","type":"news","link":"https:\/\/www.asktraders.com\/de\/finanznachrichten\/bmw-aktie-etr-bmw-hofft-auf-gewinnsteigerung\/","title":{"rendered":"BMW-Gewinn sinkt, Aktien unter Druck (ETR: BMW)"},"content":{"rendered":"\n<p>Bayerischen Motoren Werke Aktie (ETR: BMW) steht im Jahr 2025 exemplarisch f\u00fcr die Herausforderungen der globalen Automobilindustrie. Nach einer schwachen Kursentwicklung im vergangenen Jahr notiert BMW deutlich unter den gleitenden 50- und 200-Tage-Durchschnitten. <\/p>\n\n\n\n<p>Diese Entwicklung spiegelt nicht nur die zyklische Schw\u00e4che des Sektors wider, sondern auch spezifische Belastungsfaktoren wie Produktionspausen, geopolitische Unsicherheiten und die Transformation zur Elektromobilit\u00e4t.<\/p>\n\n\n\n<p>BMW Aktie hat \u00fcber das vergangene Jahr 28,16 % verloren und notiert aktuell am unteren Ende ihrer 52-Wochen-Spanne (62,96\u2013104,65 \u20ac). Ein Kurs-Buchwert-Verh\u00e4ltnis von 0,49 und die hohe Dividendenrendite deuten auf eine Unterbewertung hin, wobei das schwache Gewinnwachstum (-34 % YoY in 2024) die Anlegerstimmung d\u00e4mpft.<\/p>\n\n\n<stock-market-widget type=\"chart\" template=\"candlestick\" assets=\"BMW.DE\" range=\"1y\" interval=\"1h\" price_field=\"close\" heading=\"{symbol}\" candle_border_width=\"1\" candle_bullish_background_color=\"#21BA45\" candle_bearish_background_color=\"#DB2828\" candle_bullish_border_color=\"#21BA45\" candle_bearish_border_color=\"#DB2828\" axes_color=\"#000000\" tooltip_text_color=\"#262626\" tooltip_background_color=\"#ffffff\" range_selector=\"true\" volume_enabled=\"false\" axes_enabled=\"true\" tooltip_enabled=\"true\" zoom_enabled=\"true\" save_image_enabled=\"true\" cursor_enabled=\"true\" api=\"yahoo-finance\"><\/stock-market-widget>\n\n\n<stock-market-widget type=\"card\" template=\"basic\" color=\"#5679FF\" assets=\"BMW.DE\" realtime=\"true\" api=\"yahoo-finance\"><\/stock-market-widget>\n\n\n\n<p>Der Konzernumsatz belief sich im ersten Quartal auf 33.758 Mrd. \u20ac. Zwischen Januar und M\u00e4rz erzielte die BMW Group ein Vorsteuerergebnis (EBT) von 3.113 Millionen Euro.<\/p>\n\n\n\n<p>Im Gesch\u00e4ftsjahr 2024 musste BMW einen Umsatzr\u00fcckgang von 8,4 % auf 142,4 Mrd. \u20ac und einen Gewinneinbruch von 35,8 % auf 10,97 Mrd. \u20ac vor Steuern hinnehmen. Die EBIT-Marge im Automobilsegment schrumpfte auf 6,1 %, was auf Preisdruck und r\u00fcckl\u00e4ufige Absatzzahlen in wichtigen M\u00e4rkten wie China zur\u00fcckzuf\u00fchren ist. Das Kurs-Gewinn-Verh\u00e4ltnis (KGV) liegt mit 6,44 (Forward KGV: 6,93) unter dem Branchendurchschnitt und signalisiert eine anhaltende Skepsis der Investoren bez\u00fcglich der Ertragsdynamik. Die Dividendenrendite von 5,75 % bleibt attraktiv, unterstreicht jedoch auch die defensive Positionierung des Unternehmens in einem herausfordernden Umfeld.<\/p>\n\n\n\n<p>BMWs Elektrostrategie liefert Lichtblicke: Im ersten Quartal 2025 entfielen bereits 33 % der MINI-Verk\u00e4ufe in Europa und \u00fcber 50 % in China auf vollelektrische Modelle. Mit der f\u00fcr Ende 2025 geplanten Einf\u00fchrung der \u201eNeuen Klasse\u201c (Startmodell iX3) will BMW den Anschluss an Wettbewerber wie Tesla und chinesische Hersteller sichern. Die Plattform verspricht Fortschritte bei Batterietechnologie und Softwareintegration.<\/p>\n\n\n\n<p>Allerdings bremst eine \u00fcberraschende Produktionspause bedingt durch Lieferkettenprobleme und Werksumr\u00fcstungen das Momentum. Bis Ende Mai 2025 ruhen die B\u00e4nder f\u00fcr zentrale Modelle wie i4 und i5. BMW bekr\u00e4ftigt dennoch das Ziel, den Anteil batterieelektrischer Fahrzeuge (BEV) weiter zu steigern und bis 2027 \u00fcber 40 neue oder \u00fcberarbeitete Modelle auf den Markt zu bringen. Der Balanceakt zwischen profitablen Verbrennern und kapitalintensiven EV-Investitionen bleibt eine strategische Gratwanderung.<\/p>\n\n\n\n<p>Die versch\u00e4rften Handelskonflikte treffen BMW empfindlich. Die EU-Tarife auf chinesische E-Autos und US-Z\u00f6lle auf China-Importe belasten die Bilanz 2025 mit \u201emittleren dreistelligen Millionenbetr\u00e4gen\u201c. Besonders betroffen ist das margenstarke SUV-Segment, das von Chinas Importz\u00f6llen auf Fahrzeuge mit gro\u00dfen Motoren zus\u00e4tzlich ausgebremst wird. <\/p>\n\n\n<stock-market-widget type=\"table-quotes\" template=\"basic\" assets=\"BMW.DE\" fields=\"logo_name_symbol,price,target_high_price,target_low_price,target_mean_price\" display_header=\"true\" display_chart=\"false\" search=\"false\" pagination=\"false\" scroll=\"false\" rows_per_page=\"5\" sort_direction=\"asc\" alignment=\"left\" realtime=\"true\" api=\"yahoo-finance\"><\/stock-market-widget>\n\n\n\n<p>Die Analysten sind geteilter Meinung: Bernstein hebt das Kursziel auf 92 \u20ac an und lobt BMWs F\u00fchrungsrolle im Premium-BEV-Segment sowie technologische Fortschritte durch Partnerschaften in China. Die Integration fortschrittlicher Software und autonomer Fahrfunktionen wird als k\u00fcnftiger Wachstumstreiber gesehen. Andererseits, dass das niedrige KGV auf verhaltene Wachstumserwartungen hindeutet. <\/p>\n\n\n\n<p>Die Prognose: BMW w\u00e4chst mit 8,6 % pro Jahr bis 2027 deutlich unter dem Marktdurchschnitt von 16 %. <\/p>\n\n\n\n<p><\/p>\n\n\n<aside class=\"wp-block-related-posts  \" data-sidebar>\n                    \n\n<h2 class=\"wp-block-heading\"  class=\"wp-block-heading\"  id=\"aktien_lernen\">Aktien Lernen<\/h2>\n\n\n        <ul class=\"grid grid-cols-1 md:grid-cols-2 gap-4 lg:grid-cols-1\">\n                            <li class=\"w-full p-3 rounded-lg shadow md:w-full\">\n                    <a href=\"https:\/\/www.asktraders.com\/de\/dax40\/\" class=\"flex\">\n                        <img loading=\"lazy\" decoding=\"async\" width=\"150\" height=\"150\" src=\"https:\/\/www.asktraders.com\/wp-content\/uploads\/2020\/09\/DAX-handeln-150x150.jpg\" class=\"w-1\/3 rounded object-cover  wp-post-image\" alt=\"DAX handeln\" \/>\n                        <div class=\"flex flex-col w-2\/3 pl-3\">\n                                                        <span\n                                class=\"block py-1 grow text-sm font-bold \">DAX 40 heute aktuell | Index, Kurs und Prognose<\/span>\n                                                            <span class=\"text-xs uppercase\">\n                                    Analyst Team\n                                <\/span>\n                                                    <\/div>\n                    <\/a>\n                <\/li>\n                            <li class=\"w-full p-3 rounded-lg shadow md:w-full\">\n                    <a href=\"https:\/\/www.asktraders.com\/learn-to-trade\/stock-trading\/how-to-trade-stocks\/\" class=\"flex\">\n                        <img loading=\"lazy\" decoding=\"async\" width=\"150\" height=\"150\" src=\"https:\/\/www.asktraders.com\/wp-content\/uploads\/2020\/08\/how-to-trade-stocks-01-150x150.jpg\" class=\"w-1\/3 rounded object-cover  wp-post-image\" alt=\"how to trade stocks\" \/>\n                        <div class=\"flex flex-col w-2\/3 pl-3\">\n                                                        <span\n                                class=\"block py-1 grow text-sm font-bold \">How To Trade Stocks &#8211; The Guide For Beginners<\/span>\n                                                            <span class=\"text-xs uppercase\">\n                                    Analyst Team\n                                <\/span>\n                                                    <\/div>\n                    <\/a>\n                <\/li>\n                            <li class=\"w-full p-3 rounded-lg shadow md:w-full\">\n                    <a href=\"https:\/\/www.asktraders.com\/de\/traden-lernen\/trading-ratgeber\/nachhaltige-etf\/\" class=\"flex\">\n                        <img loading=\"lazy\" decoding=\"async\" width=\"150\" height=\"150\" src=\"https:\/\/www.asktraders.com\/wp-content\/uploads\/2020\/08\/Nachhaltige-ETF-150x150.jpg\" class=\"w-1\/3 rounded object-cover  wp-post-image\" alt=\"Nachhaltige ETF\" \/>\n                        <div class=\"flex flex-col w-2\/3 pl-3\">\n                                                        <span\n                                class=\"block py-1 grow text-sm font-bold \">Nachhaltige ETF \u2013 Wo lohnt sich die Investition in \u00d6ko ETFs?<\/span>\n                                                            <span class=\"text-xs uppercase\">\n                                    Nigel Frith\n                                <\/span>\n                                                    <\/div>\n                    <\/a>\n                <\/li>\n                            <li class=\"w-full p-3 rounded-lg shadow md:w-full\">\n                    <a href=\"https:\/\/www.asktraders.com\/de\/traden-lernen\/trading-strategien\/vwap-strategie\/\" class=\"flex\">\n                        <img loading=\"lazy\" decoding=\"async\" width=\"150\" height=\"150\" src=\"https:\/\/www.asktraders.com\/wp-content\/uploads\/2021\/09\/VWAP-Trading-Strategy-Guide-Examples-150x150.jpg\" class=\"w-1\/3 rounded object-cover  wp-post-image\" alt=\"VWAP Trading Strategy Guide &amp; Examples\" \/>\n                        <div class=\"flex flex-col w-2\/3 pl-3\">\n                                                        <span\n                                class=\"block py-1 grow text-sm font-bold \">VWAP Strategie Anwendung &amp; Beispiele<\/span>\n                                                            <span class=\"text-xs uppercase\">\n                                    Analyst Team\n                                <\/span>\n                                                    <\/div>\n                    <\/a>\n                <\/li>\n                            <li class=\"w-full p-3 rounded-lg shadow md:w-full\">\n                    <a href=\"https:\/\/www.asktraders.com\/de\/traden-lernen\/trading-strategien\/was-ist-scalping\/\" class=\"flex\">\n                        <img loading=\"lazy\" decoding=\"async\" width=\"150\" height=\"150\" src=\"https:\/\/www.asktraders.com\/wp-content\/uploads\/2020\/03\/what-is-scalping-150x150.jpg\" class=\"w-1\/3 rounded object-cover  wp-post-image\" alt=\"what is scalping\" \/>\n                        <div class=\"flex flex-col w-2\/3 pl-3\">\n                                                        <span\n                                class=\"block py-1 grow text-sm font-bold \">Was ist Scalping? Strategien, Tipps &amp; Beispiele<\/span>\n                                                            <span class=\"text-xs uppercase\">\n                                    Analyst Team\n                                <\/span>\n                                                    <\/div>\n                    <\/a>\n                <\/li>\n                            <li class=\"w-full p-3 rounded-lg shadow md:w-full\">\n                    <a href=\"https:\/\/www.asktraders.com\/learn-to-trade\/guides\/etoro-analysis-of-trading-signals-sentiment-resources\/\" class=\"flex\">\n                        <img loading=\"lazy\" decoding=\"async\" width=\"150\" height=\"150\" src=\"https:\/\/www.asktraders.com\/wp-content\/uploads\/2022\/12\/eToro-Analysis-of-Trading-Signals-Sentiment-Resources-150x150.jpg\" class=\"w-1\/3 rounded object-cover  wp-post-image\" alt=\"eToro Analysis of Trading Signals &amp; Sentiment Resources\" \/>\n                        <div class=\"flex flex-col w-2\/3 pl-3\">\n                                                        <span\n                                class=\"block py-1 grow text-sm font-bold \">eToro \u2013 Analysis of Trading Signals &amp; Sentiment Resources<\/span>\n                                                            <span class=\"text-xs uppercase\">\n                                    Justin Freeman\n                                <\/span>\n                                                    <\/div>\n                    <\/a>\n                <\/li>\n                    <\/ul>\n            \n    <\/aside>\n\n\n<div class=\"wp-block-top5-broker\" data-sidebar>\n        <div>\n        \n\n<h2 class=\"wp-block-heading\"  class=\"wp-block-heading\"  id=\"\"><\/h2>\n\n\n    <\/div>\n            <div class=\"block bg-white rounded-lg shadow\">\n        <ul\n            class=\"flex flex-wrap w-full -mb-px list-none border-b-2 navTabs \">\n                                                                                                        <\/ul>\n                    <div class=\"navTabContent \" id=\"top5-tab1\">\n                <ol class=\"flex\n                flex-wrap\n                \">\n                                    <\/ol>\n                            <\/div>\n                    <div class=\"navTabContent hidden\" id=\"top5-tab2\">\n                <ol class=\"flex\n                flex-wrap\n                \">\n                                    <\/ol>\n                            <\/div>\n                    <div class=\"navTabContent hidden\" id=\"top5-tab3\">\n                <ol class=\"flex\n                flex-wrap\n                \">\n                                    <\/ol>\n                            <\/div>\n        \n    <\/div>\n    <\/div>\n\n\n<aside class=\"wp-block-related-posts related-posts-latest \" data-sidebar>\n                    \n\n<h2 class=\"wp-block-heading\"  class=\"wp-block-heading\"  id=\"news\">News<\/h2>\n\n\n        <ul class=\"grid grid-cols-1 md:grid-cols-2 gap-4 lg:grid-cols-1\">\n                            <li class=\"w-full p-3 rounded-lg shadow md:w-full\">\n                    <a href=\"https:\/\/www.asktraders.com\/de\/finanznachrichten\/evonik-aktien-erreichen-neues-tief-als-e13-durchbrochen-werden\/\" class=\"flex\">\n                        <img loading=\"lazy\" decoding=\"async\" width=\"150\" height=\"150\" src=\"https:\/\/www.asktraders.com\/wp-content\/uploads\/2023\/05\/evonik-aktie-prognose-150x150.jpg\" class=\"w-1\/3 rounded object-cover  wp-post-image\" alt=\"Evonik Aktie\" \/>\n                        <div class=\"flex flex-col w-2\/3 pl-3\">\n                                                        <span\n                                class=\"block py-1 grow text-sm font-bold \">Evonik Aktien erreichen neues Tief, als \u20ac13 durchbrochen werden<\/span>\n                                                            <span class=\"text-xs uppercase\">\n                                    Analyst Team\n                                <\/span>\n                                                    <\/div>\n                    <\/a>\n                <\/li>\n                            <li class=\"w-full p-3 rounded-lg shadow md:w-full\">\n                    <a href=\"https:\/\/www.asktraders.com\/de\/finanznachrichten\/2g-energy-ag-aktie-erholt-sich-von-unterstuetzung-steigerung-von-10\/\" class=\"flex\">\n                        <img loading=\"lazy\" decoding=\"async\" width=\"150\" height=\"150\" src=\"https:\/\/www.asktraders.com\/wp-content\/uploads\/2025\/08\/power-and-energy-150x150.jpg\" class=\"w-1\/3 rounded object-cover  wp-post-image\" alt=\"Uniper UN0\" \/>\n                        <div class=\"flex flex-col w-2\/3 pl-3\">\n                                                        <span\n                                class=\"block py-1 grow text-sm font-bold \">2G Energy AG Aktie erholt sich von Unterst\u00fctzung \u2013 Steigerung von 10%<\/span>\n                                                            <span class=\"text-xs uppercase\">\n                                    Analyst Team\n                                <\/span>\n                                                    <\/div>\n                    <\/a>\n                <\/li>\n                            <li class=\"w-full p-3 rounded-lg shadow md:w-full\">\n                    <a href=\"https:\/\/www.asktraders.com\/de\/finanznachrichten\/mercedes-benz-aktie-goldman-sachs-initiiert-analystendeckung-mit-positiver-einschaetzung\/\" class=\"flex\">\n                        <img loading=\"lazy\" decoding=\"async\" width=\"150\" height=\"150\" src=\"https:\/\/www.asktraders.com\/wp-content\/uploads\/2023\/06\/aktie-mercedes-150x150.jpg\" class=\"w-1\/3 rounded object-cover  wp-post-image\" alt=\"Mercedes Aktie\" \/>\n                        <div class=\"flex flex-col w-2\/3 pl-3\">\n                                                        <span\n                                class=\"block py-1 grow text-sm font-bold \">Mercedes-Benz Aktie: Goldman Sachs initiiert Analystendeckung mit positiver Einsch\u00e4tzung<\/span>\n                                                            <span class=\"text-xs uppercase\">\n                                    Analyst Team\n                                <\/span>\n                                                    <\/div>\n                    <\/a>\n                <\/li>\n                            <li class=\"w-full p-3 rounded-lg shadow md:w-full\">\n                    <a href=\"https:\/\/www.asktraders.com\/de\/finanznachrichten\/dax-aktien-erholen-sich-nach-nvidia-beben-maerkte-atmen-auf\/\" class=\"flex\">\n                        <img loading=\"lazy\" decoding=\"async\" width=\"150\" height=\"150\" src=\"https:\/\/www.asktraders.com\/wp-content\/uploads\/2023\/04\/dax-handeln-150x150.jpg\" class=\"w-1\/3 rounded object-cover  wp-post-image\" alt=\"\" \/>\n                        <div class=\"flex flex-col w-2\/3 pl-3\">\n                                                        <span\n                                class=\"block py-1 grow text-sm font-bold \">DAX-Aktien erholen sich nach Nvidia-Beben: M\u00e4rkte atmen auf<\/span>\n                                                            <span class=\"text-xs uppercase\">\n                                    Analyst Team\n                                <\/span>\n                                                    <\/div>\n                    <\/a>\n                <\/li>\n                            <li class=\"w-full p-3 rounded-lg shadow md:w-full\">\n                    <a href=\"https:\/\/www.asktraders.com\/de\/finanznachrichten\/rheinmetall-aktien-finden-unterstuetzung-bei-1-600-e-wie-geht-es-weiter\/\" class=\"flex\">\n                        <img loading=\"lazy\" decoding=\"async\" width=\"150\" height=\"150\" src=\"https:\/\/www.asktraders.com\/wp-content\/uploads\/2022\/11\/Die-Rheinmetall-Aktie-im-Chart-150x150.jpg\" class=\"w-1\/3 rounded object-cover  wp-post-image\" alt=\"Die Rheinmetall Aktie im Chart\" \/>\n                        <div class=\"flex flex-col w-2\/3 pl-3\">\n                                                        <span\n                                class=\"block py-1 grow text-sm font-bold \">Rheinmetall-Aktien finden Unterst\u00fctzung bei 1.600 \u20ac \u2013 Wie geht es weiter?<\/span>\n                                                            <span class=\"text-xs uppercase\">\n                                    Analyst Team\n                                <\/span>\n                                                    <\/div>\n                    <\/a>\n                <\/li>\n                    <\/ul>\n            \n    <\/aside>\n\n\n\n<p><canvas width=\"900\" height=\"500\"><\/canvas><\/p>\n","protected":false},"author":873,"featured_media":37656,"comment_status":"closed","ping_status":"closed","template":"","news_cluster":[],"tradingcategory":[58519],"class_list":["post-226273","news","type-news","status-publish","has-post-thumbnail","hentry","tradingcategory-news-de"],"acf":[],"apple_news_notices":[],"yoast_head":"<!-- This site is optimized with the Yoast SEO plugin v27.2 - https:\/\/yoast.com\/product\/yoast-seo-wordpress\/ -->\n<title>BMW-Gewinn sinkt, Aktien unter Druck (ETR: BMW) | AskTraders.com %<\/title>\n<meta name=\"description\" content=\"Bayerischen Motoren Werke Aktie (ETR: BMW) steht im Jahr 2025 exemplarisch f\u00fcr die Herausforderungen der globalen Automobilindustrie. Nach einer schwachen\" \/>\n<meta name=\"robots\" content=\"index, follow, max-snippet:-1, max-image-preview:large, max-video-preview:-1\" \/>\n<link rel=\"canonical\" href=\"https:\/\/www.asktraders.com\/de\/finanznachrichten\/bmw-aktie-etr-bmw-hofft-auf-gewinnsteigerung\/\" \/>\n<meta property=\"og:locale\" content=\"de_DE\" \/>\n<meta property=\"og:type\" content=\"article\" \/>\n<meta property=\"og:title\" content=\"BMW-Gewinn sinkt, Aktien unter Druck (ETR: BMW) | AskTraders.com %\" \/>\n<meta property=\"og:description\" content=\"Bayerischen Motoren Werke Aktie (ETR: BMW) steht im Jahr 2025 exemplarisch f\u00fcr die Herausforderungen der globalen Automobilindustrie. Nach einer schwachen\" \/>\n<meta property=\"og:url\" content=\"https:\/\/www.asktraders.com\/de\/finanznachrichten\/bmw-aktie-etr-bmw-hofft-auf-gewinnsteigerung\/\" \/>\n<meta property=\"og:site_name\" content=\"AskTraders.com\" \/>\n<meta property=\"article:publisher\" content=\"https:\/\/www.facebook.com\/asktraderscom\" \/>\n<meta property=\"article:modified_time\" content=\"2025-05-07T06:11:39+00:00\" \/>\n<meta property=\"og:image\" content=\"https:\/\/www.asktraders.com\/wp-content\/uploads\/2019\/03\/BMW.jpg\" \/>\n\t<meta property=\"og:image:width\" content=\"1000\" \/>\n\t<meta property=\"og:image:height\" content=\"667\" \/>\n\t<meta property=\"og:image:type\" content=\"image\/jpeg\" \/>\n<meta name=\"twitter:card\" content=\"summary_large_image\" \/>\n<meta name=\"twitter:site\" content=\"@Asktraders1\" \/>\n<meta name=\"twitter:label1\" content=\"Gesch\u00e4tzte Lesezeit\" \/>\n\t<meta name=\"twitter:data1\" content=\"3 Minuten\" \/>\n<script type=\"application\/ld+json\" class=\"yoast-schema-graph\">{\"@context\":\"https:\/\/schema.org\",\"@graph\":[{\"@type\":\"NewsArticle\",\"@id\":\"https:\/\/www.asktraders.com\/de\/finanznachrichten\/bmw-aktie-etr-bmw-hofft-auf-gewinnsteigerung\/#article\",\"isPartOf\":{\"@id\":\"https:\/\/www.asktraders.com\/de\/finanznachrichten\/bmw-aktie-etr-bmw-hofft-auf-gewinnsteigerung\/\"},\"author\":{\"name\":\"Asktraders News Team\",\"@id\":\"https:\/\/www.asktraders.com\/de\/#\/schema\/person\/a9018e69daa9a7bd7a92bab40944424f\",\"url\":\"https:\/\/www.asktraders.com\/de\/author\/asktraders-news-team\/\"},\"headline\":\"BMW-Gewinn sinkt, Aktien unter Druck (ETR: BMW)\",\"datePublished\":\"2025-05-07T05:58:54+00:00\",\"dateModified\":\"2025-05-07T06:11:39+00:00\",\"mainEntityOfPage\":{\"@id\":\"https:\/\/www.asktraders.com\/de\/finanznachrichten\/bmw-aktie-etr-bmw-hofft-auf-gewinnsteigerung\/\"},\"wordCount\":582,\"publisher\":{\"@id\":\"https:\/\/www.asktraders.com\/de\/#organization\"},\"image\":{\"@id\":\"https:\/\/www.asktraders.com\/de\/finanznachrichten\/bmw-aktie-etr-bmw-hofft-auf-gewinnsteigerung\/#primaryimage\"},\"thumbnailUrl\":\"https:\/\/www.asktraders.com\/wp-content\/uploads\/2019\/03\/BMW.jpg\",\"inLanguage\":\"de-DE\"},{\"@type\":\"WebPage\",\"@id\":\"https:\/\/www.asktraders.com\/de\/finanznachrichten\/bmw-aktie-etr-bmw-hofft-auf-gewinnsteigerung\/\",\"url\":\"https:\/\/www.asktraders.com\/de\/finanznachrichten\/bmw-aktie-etr-bmw-hofft-auf-gewinnsteigerung\/\",\"name\":\"BMW-Gewinn sinkt, Aktien unter Druck (ETR: BMW) | AskTraders.com %\",\"isPartOf\":{\"@id\":\"https:\/\/www.asktraders.com\/de\/#website\"},\"primaryImageOfPage\":{\"@id\":\"https:\/\/www.asktraders.com\/de\/finanznachrichten\/bmw-aktie-etr-bmw-hofft-auf-gewinnsteigerung\/#primaryimage\"},\"image\":{\"@id\":\"https:\/\/www.asktraders.com\/de\/finanznachrichten\/bmw-aktie-etr-bmw-hofft-auf-gewinnsteigerung\/#primaryimage\"},\"thumbnailUrl\":\"https:\/\/www.asktraders.com\/wp-content\/uploads\/2019\/03\/BMW.jpg\",\"datePublished\":\"2025-05-07T05:58:54+00:00\",\"dateModified\":\"2025-05-07T06:11:39+00:00\",\"description\":\"Bayerischen Motoren Werke Aktie (ETR: BMW) steht im Jahr 2025 exemplarisch f\u00fcr die Herausforderungen der globalen Automobilindustrie. Nach einer schwachen\",\"breadcrumb\":{\"@id\":\"https:\/\/www.asktraders.com\/de\/finanznachrichten\/bmw-aktie-etr-bmw-hofft-auf-gewinnsteigerung\/#breadcrumb\"},\"inLanguage\":\"de-DE\",\"potentialAction\":[{\"@type\":\"ReadAction\",\"target\":[\"https:\/\/www.asktraders.com\/de\/finanznachrichten\/bmw-aktie-etr-bmw-hofft-auf-gewinnsteigerung\/\"]}]},{\"@type\":\"ImageObject\",\"inLanguage\":\"de-DE\",\"@id\":\"https:\/\/www.asktraders.com\/de\/finanznachrichten\/bmw-aktie-etr-bmw-hofft-auf-gewinnsteigerung\/#primaryimage\",\"url\":\"https:\/\/www.asktraders.com\/wp-content\/uploads\/2019\/03\/BMW.jpg\",\"contentUrl\":\"https:\/\/www.asktraders.com\/wp-content\/uploads\/2019\/03\/BMW.jpg\",\"width\":1000,\"height\":667},{\"@type\":\"BreadcrumbList\",\"@id\":\"https:\/\/www.asktraders.com\/de\/finanznachrichten\/bmw-aktie-etr-bmw-hofft-auf-gewinnsteigerung\/#breadcrumb\",\"itemListElement\":[{\"@type\":\"ListItem\",\"position\":1,\"name\":\"Home\",\"item\":\"https:\/\/www.asktraders.com\/de\/\"},{\"@type\":\"ListItem\",\"position\":2,\"name\":\"News\",\"item\":\"https:\/\/www.asktraders.com\/de\/finanznachrichten\/\"},{\"@type\":\"ListItem\",\"position\":3,\"name\":\"BMW-Gewinn sinkt, Aktien unter Druck (ETR: BMW)\"}]},{\"@type\":\"WebSite\",\"@id\":\"https:\/\/www.asktraders.com\/de\/#website\",\"url\":\"https:\/\/www.asktraders.com\/de\/\",\"name\":\"AskTraders\",\"description\":\"Guiding You To Trading Success\",\"publisher\":{\"@id\":\"https:\/\/www.asktraders.com\/de\/#organization\"},\"inLanguage\":\"de-DE\"},{\"@type\":\"Organization\",\"@id\":\"https:\/\/www.asktraders.com\/de\/#organization\",\"name\":\"AskTraders\",\"url\":\"https:\/\/www.asktraders.com\/de\/\",\"logo\":{\"@type\":\"ImageObject\",\"inLanguage\":\"de-DE\",\"@id\":\"https:\/\/www.asktraders.com\/de\/#\/schema\/logo\/image\/\",\"url\":\"https:\/\/www.asktraders.com\/wp-content\/uploads\/2019\/05\/asktraders-logo-tm-white.png\",\"contentUrl\":\"https:\/\/www.asktraders.com\/wp-content\/uploads\/2019\/05\/asktraders-logo-tm-white.png\",\"width\":232,\"height\":38,\"caption\":\"AskTraders\"},\"image\":{\"@id\":\"https:\/\/www.asktraders.com\/de\/#\/schema\/logo\/image\/\"},\"sameAs\":[\"https:\/\/www.facebook.com\/asktraderscom\",\"https:\/\/x.com\/Asktraders1\"]},{\"@type\":\"Person\",\"@id\":\"https:\/\/www.asktraders.com\/de\/#\/schema\/person\/a9018e69daa9a7bd7a92bab40944424f\",\"name\":\"Asktraders News Team\",\"image\":{\"@type\":\"ImageObject\",\"inLanguage\":\"de-DE\",\"@id\":\"https:\/\/secure.gravatar.com\/avatar\/4adf30b4bdba8095517be51a6d33eac85d275459c6da979b73dabd753924f280?s=96&d=mm&r=g\",\"url\":\"https:\/\/secure.gravatar.com\/avatar\/4adf30b4bdba8095517be51a6d33eac85d275459c6da979b73dabd753924f280?s=96&d=mm&r=g\",\"contentUrl\":\"https:\/\/secure.gravatar.com\/avatar\/4adf30b4bdba8095517be51a6d33eac85d275459c6da979b73dabd753924f280?s=96&d=mm&r=g\",\"caption\":\"Asktraders News Team\"}}]}<\/script>\n<!-- \/ Yoast SEO plugin. -->","yoast_head_json":{"title":"BMW-Gewinn sinkt, Aktien unter Druck (ETR: BMW) | AskTraders.com %","description":"Bayerischen Motoren Werke Aktie (ETR: BMW) steht im Jahr 2025 exemplarisch f\u00fcr die Herausforderungen der globalen Automobilindustrie. Nach einer schwachen","robots":{"index":"index","follow":"follow","max-snippet":"max-snippet:-1","max-image-preview":"max-image-preview:large","max-video-preview":"max-video-preview:-1"},"canonical":"https:\/\/www.asktraders.com\/de\/finanznachrichten\/bmw-aktie-etr-bmw-hofft-auf-gewinnsteigerung\/","og_locale":"de_DE","og_type":"article","og_title":"BMW-Gewinn sinkt, Aktien unter Druck (ETR: BMW) | AskTraders.com %","og_description":"Bayerischen Motoren Werke Aktie (ETR: BMW) steht im Jahr 2025 exemplarisch f\u00fcr die Herausforderungen der globalen Automobilindustrie. Nach einer schwachen","og_url":"https:\/\/www.asktraders.com\/de\/finanznachrichten\/bmw-aktie-etr-bmw-hofft-auf-gewinnsteigerung\/","og_site_name":"AskTraders.com","article_publisher":"https:\/\/www.facebook.com\/asktraderscom","article_modified_time":"2025-05-07T06:11:39+00:00","og_image":[{"width":1000,"height":667,"url":"https:\/\/www.asktraders.com\/wp-content\/uploads\/2019\/03\/BMW.jpg","type":"image\/jpeg"}],"twitter_card":"summary_large_image","twitter_site":"@Asktraders1","twitter_misc":{"Gesch\u00e4tzte Lesezeit":"3 Minuten"},"schema":{"@context":"https:\/\/schema.org","@graph":[{"@type":"NewsArticle","@id":"https:\/\/www.asktraders.com\/de\/finanznachrichten\/bmw-aktie-etr-bmw-hofft-auf-gewinnsteigerung\/#article","isPartOf":{"@id":"https:\/\/www.asktraders.com\/de\/finanznachrichten\/bmw-aktie-etr-bmw-hofft-auf-gewinnsteigerung\/"},"author":{"name":"Asktraders News Team","@id":"https:\/\/www.asktraders.com\/de\/#\/schema\/person\/a9018e69daa9a7bd7a92bab40944424f","url":"https:\/\/www.asktraders.com\/de\/author\/asktraders-news-team\/"},"headline":"BMW-Gewinn sinkt, Aktien unter Druck (ETR: BMW)","datePublished":"2025-05-07T05:58:54+00:00","dateModified":"2025-05-07T06:11:39+00:00","mainEntityOfPage":{"@id":"https:\/\/www.asktraders.com\/de\/finanznachrichten\/bmw-aktie-etr-bmw-hofft-auf-gewinnsteigerung\/"},"wordCount":582,"publisher":{"@id":"https:\/\/www.asktraders.com\/de\/#organization"},"image":{"@id":"https:\/\/www.asktraders.com\/de\/finanznachrichten\/bmw-aktie-etr-bmw-hofft-auf-gewinnsteigerung\/#primaryimage"},"thumbnailUrl":"https:\/\/www.asktraders.com\/wp-content\/uploads\/2019\/03\/BMW.jpg","inLanguage":"de-DE"},{"@type":"WebPage","@id":"https:\/\/www.asktraders.com\/de\/finanznachrichten\/bmw-aktie-etr-bmw-hofft-auf-gewinnsteigerung\/","url":"https:\/\/www.asktraders.com\/de\/finanznachrichten\/bmw-aktie-etr-bmw-hofft-auf-gewinnsteigerung\/","name":"BMW-Gewinn sinkt, Aktien unter Druck (ETR: BMW) | AskTraders.com %","isPartOf":{"@id":"https:\/\/www.asktraders.com\/de\/#website"},"primaryImageOfPage":{"@id":"https:\/\/www.asktraders.com\/de\/finanznachrichten\/bmw-aktie-etr-bmw-hofft-auf-gewinnsteigerung\/#primaryimage"},"image":{"@id":"https:\/\/www.asktraders.com\/de\/finanznachrichten\/bmw-aktie-etr-bmw-hofft-auf-gewinnsteigerung\/#primaryimage"},"thumbnailUrl":"https:\/\/www.asktraders.com\/wp-content\/uploads\/2019\/03\/BMW.jpg","datePublished":"2025-05-07T05:58:54+00:00","dateModified":"2025-05-07T06:11:39+00:00","description":"Bayerischen Motoren Werke Aktie (ETR: BMW) steht im Jahr 2025 exemplarisch f\u00fcr die Herausforderungen der globalen Automobilindustrie. Nach einer schwachen","breadcrumb":{"@id":"https:\/\/www.asktraders.com\/de\/finanznachrichten\/bmw-aktie-etr-bmw-hofft-auf-gewinnsteigerung\/#breadcrumb"},"inLanguage":"de-DE","potentialAction":[{"@type":"ReadAction","target":["https:\/\/www.asktraders.com\/de\/finanznachrichten\/bmw-aktie-etr-bmw-hofft-auf-gewinnsteigerung\/"]}]},{"@type":"ImageObject","inLanguage":"de-DE","@id":"https:\/\/www.asktraders.com\/de\/finanznachrichten\/bmw-aktie-etr-bmw-hofft-auf-gewinnsteigerung\/#primaryimage","url":"https:\/\/www.asktraders.com\/wp-content\/uploads\/2019\/03\/BMW.jpg","contentUrl":"https:\/\/www.asktraders.com\/wp-content\/uploads\/2019\/03\/BMW.jpg","width":1000,"height":667},{"@type":"BreadcrumbList","@id":"https:\/\/www.asktraders.com\/de\/finanznachrichten\/bmw-aktie-etr-bmw-hofft-auf-gewinnsteigerung\/#breadcrumb","itemListElement":[{"@type":"ListItem","position":1,"name":"Home","item":"https:\/\/www.asktraders.com\/de\/"},{"@type":"ListItem","position":2,"name":"News","item":"https:\/\/www.asktraders.com\/de\/finanznachrichten\/"},{"@type":"ListItem","position":3,"name":"BMW-Gewinn sinkt, Aktien unter Druck (ETR: BMW)"}]},{"@type":"WebSite","@id":"https:\/\/www.asktraders.com\/de\/#website","url":"https:\/\/www.asktraders.com\/de\/","name":"AskTraders","description":"Guiding You To Trading Success","publisher":{"@id":"https:\/\/www.asktraders.com\/de\/#organization"},"inLanguage":"de-DE"},{"@type":"Organization","@id":"https:\/\/www.asktraders.com\/de\/#organization","name":"AskTraders","url":"https:\/\/www.asktraders.com\/de\/","logo":{"@type":"ImageObject","inLanguage":"de-DE","@id":"https:\/\/www.asktraders.com\/de\/#\/schema\/logo\/image\/","url":"https:\/\/www.asktraders.com\/wp-content\/uploads\/2019\/05\/asktraders-logo-tm-white.png","contentUrl":"https:\/\/www.asktraders.com\/wp-content\/uploads\/2019\/05\/asktraders-logo-tm-white.png","width":232,"height":38,"caption":"AskTraders"},"image":{"@id":"https:\/\/www.asktraders.com\/de\/#\/schema\/logo\/image\/"},"sameAs":["https:\/\/www.facebook.com\/asktraderscom","https:\/\/x.com\/Asktraders1"]},{"@type":"Person","@id":"https:\/\/www.asktraders.com\/de\/#\/schema\/person\/a9018e69daa9a7bd7a92bab40944424f","name":"Asktraders News Team","image":{"@type":"ImageObject","inLanguage":"de-DE","@id":"https:\/\/secure.gravatar.com\/avatar\/4adf30b4bdba8095517be51a6d33eac85d275459c6da979b73dabd753924f280?s=96&d=mm&r=g","url":"https:\/\/secure.gravatar.com\/avatar\/4adf30b4bdba8095517be51a6d33eac85d275459c6da979b73dabd753924f280?s=96&d=mm&r=g","contentUrl":"https:\/\/secure.gravatar.com\/avatar\/4adf30b4bdba8095517be51a6d33eac85d275459c6da979b73dabd753924f280?s=96&d=mm&r=g","caption":"Asktraders News Team"}}]}},"_links":{"self":[{"href":"https:\/\/www.asktraders.com\/de\/wp-json\/wp\/v2\/news\/226273","targetHints":{"allow":["GET"]}}],"collection":[{"href":"https:\/\/www.asktraders.com\/de\/wp-json\/wp\/v2\/news"}],"about":[{"href":"https:\/\/www.asktraders.com\/de\/wp-json\/wp\/v2\/types\/news"}],"author":[{"embeddable":true,"href":"https:\/\/www.asktraders.com\/de\/wp-json\/wp\/v2\/users\/873"}],"replies":[{"embeddable":true,"href":"https:\/\/www.asktraders.com\/de\/wp-json\/wp\/v2\/comments?post=226273"}],"version-history":[{"count":0,"href":"https:\/\/www.asktraders.com\/de\/wp-json\/wp\/v2\/news\/226273\/revisions"}],"wp:featuredmedia":[{"embeddable":true,"href":"https:\/\/www.asktraders.com\/de\/wp-json\/wp\/v2\/media\/37656"}],"wp:attachment":[{"href":"https:\/\/www.asktraders.com\/de\/wp-json\/wp\/v2\/media?parent=226273"}],"wp:term":[{"taxonomy":"news_cluster","embeddable":true,"href":"https:\/\/www.asktraders.com\/de\/wp-json\/wp\/v2\/news_cluster?post=226273"},{"taxonomy":"tradingcategory","embeddable":true,"href":"https:\/\/www.asktraders.com\/de\/wp-json\/wp\/v2\/tradingcategory?post=226273"}],"curies":[{"name":"wp","href":"https:\/\/api.w.org\/{rel}","templated":true}]}}