{"id":232896,"date":"2025-08-13T13:27:03","date_gmt":"2025-08-13T12:27:03","guid":{"rendered":"https:\/\/www.asktraders.com\/?post_type=news&#038;p=232896"},"modified":"2025-08-13T13:27:07","modified_gmt":"2025-08-13T12:27:07","slug":"henkel-aktie-im-aufwind-jefferies-erhoeht-kursziel-trotz-schwaechelndem-konsumgeschaeft","status":"publish","type":"news","link":"https:\/\/www.asktraders.com\/de\/finanznachrichten\/henkel-aktie-im-aufwind-jefferies-erhoeht-kursziel-trotz-schwaechelndem-konsumgeschaeft\/","title":{"rendered":"Henkel-Aktie im Aufwind: Jefferies erh\u00f6ht Kursziel trotz schw\u00e4chelndem Konsumgesch\u00e4ft"},"content":{"rendered":"\n<p>Die Aktie der Henkel AG &amp; Co. KGaA (ETR: HEN3) bleibt ein hei\u00df diskutiertes Thema unter Analysten, nachdem Jefferies das Kursziel leicht von 77 auf 78 Euro angehoben hat, die Halteempfehlung jedoch beibeh\u00e4lt. Derzeit notiert die Aktie bei 71,54 Eur. Diese Rallye signalisiert ein starkes kurzfristiges Momentum, doch die langfristigen Herausforderungen im Konsumg\u00fctersegment tr\u00fcben das Bild.<\/p>\n\n\n<stock-market-widget type=\"chart\" template=\"candlestick\" assets=\"HEN3.DE\" range=\"1y\" interval=\"1d\" price_field=\"close\" heading=\"{symbol}\" candle_border_width=\"1\" candle_bullish_background_color=\"#21BA45\" candle_bearish_background_color=\"#DB2828\" candle_bullish_border_color=\"#21BA45\" candle_bearish_border_color=\"#DB2828\" axes_color=\"#000000\" tooltip_text_color=\"#262626\" tooltip_background_color=\"#ffffff\" range_selector=\"true\" volume_enabled=\"false\" axes_enabled=\"true\" tooltip_enabled=\"true\" zoom_enabled=\"true\" save_image_enabled=\"true\" cursor_enabled=\"true\" api=\"yahoo-finance\"><\/stock-market-widget>\n\n\n\n<p>Jefferies begr\u00fcndet die Kurszielerh\u00f6hung mit der anhaltenden Erholung der operativen Marge von Henkel, die im ersten Halbjahr die Erwartungen \u00fcbertraf und zu einer optimistischeren Prognose f\u00fcr das Gesch\u00e4ftsjahr 2025 f\u00fchrte. Diese positive Entwicklung wird jedoch durch die Tatsache konterkariert, dass das Konsumgesch\u00e4ft seit zw\u00f6lf Quartalen in Folge einen Volumenr\u00fcckgang im Jahresvergleich verzeichnet.<\/p>\n\n\n\n<p>Die j\u00fcngsten Analystenbewertungen zeichnen ein differenziertes Bild. JPMorgan stufte Henkel bereits im November 2024 auf &#8222;Overweight&#8220; hoch und erh\u00f6hte das Kursziel deutlich auf 100 Euro. Die Analysten sahen hier Potenzial durch die Premiumisierungsstrategie nach der Portfolio-Rationalisierung. Deutsche Bank schloss sich dem positiven Tenor im Mai 2025 an und stufte Henkel auf &#8222;Buy&#8220; hoch, mit einem Kursziel von 80 Euro, wobei sie das h\u00f6here Risiko des zyklischen Gesch\u00e4ftsmodells anerkannte. <\/p>\n\n\n\n<p>Dagegen behielt Berenberg im Juli 2024 eine Halteempfehlung bei, erh\u00f6hte aber das Kursziel leicht auf 88 Euro, nachdem die vorl\u00e4ufigen Ergebnisse f\u00fcr das erste Halbjahr 2024 die Erwartungen \u00fcbertrafen. Warburg Research bekr\u00e4ftigte am 9. August 2025 ihre Kaufempfehlung mit einem Kursziel von 95 Euro und hob die starke Finanzposition von Henkel hervor.<\/p>\n\n\n\n<figure class=\"wp-block-table metrics-table is-style-at-table-green-h\"><table class=\"has-fixed-layout\"><thead><tr><th class=\"has-text-align-center\" data-align=\"center\">Kennzahl<\/th><th class=\"has-text-align-center\" data-align=\"center\">Wert<\/th><\/tr><\/thead><tbody><tr><td class=\"has-text-align-center\" data-align=\"center\">Aktueller Kurs<\/td><td class=\"has-text-align-center\" data-align=\"center\">71,60 \u20ac<\/td><\/tr><tr><td class=\"has-text-align-center\" data-align=\"center\">Marktkapitalisierung<\/td><td class=\"has-text-align-center\" data-align=\"center\">~36,2 Mrd. \u20ac<\/td><\/tr><tr><td class=\"has-text-align-center\" data-align=\"center\">Kurs-Gewinn-Verh\u00e4ltnis (KGV)<\/td><td class=\"has-text-align-center\" data-align=\"center\">24,27<\/td><\/tr><tr><td class=\"has-text-align-center\" data-align=\"center\">Kurs-Buchwert-Verh\u00e4ltnis (KBV)<\/td><td class=\"has-text-align-center\" data-align=\"center\">1,73<\/td><\/tr><tr><td class=\"has-text-align-center\" data-align=\"center\">52-Wochen-Spanne<\/td><td class=\"has-text-align-center\" data-align=\"center\">69,50 \u20ac &#8211; 85,12 \u20ac<\/td><\/tr><tr><td class=\"has-text-align-center\" data-align=\"center\">Analysten-Kursziel (Hoch)<\/td><td class=\"has-text-align-center\" data-align=\"center\">100,00 \u20ac<\/td><\/tr><tr><td class=\"has-text-align-center\" data-align=\"center\">Analysten-Kursziel (Mittel)<\/td><td class=\"has-text-align-center\" data-align=\"center\">82,50 \u20ac<\/td><\/tr><tr><td class=\"has-text-align-center\" data-align=\"center\">Analysten-Kursziel (Tief)<\/td><td class=\"has-text-align-center\" data-align=\"center\">78,00 \u20ac<\/td><\/tr><\/tbody><\/table><\/figure>\n\n\n\n<p>Die fundamentale Bewertung zeigt, dass Henkel derzeit mit einem Aufschlag auf seinen fairen Wert gehandelt wird (Fair Value: 73,00 Euro vs. Kurs: 83,86 Euro). Kennzahlen wie das Kurs-Gewinn-Verh\u00e4ltnis (24,27), das Kurs-Buchwert-Verh\u00e4ltnis (1,73) und das Kurs-Umsatz-Verh\u00e4ltnis (1,65) deuten auf eine solide Bewertung hin. Die Quick Ratio von 0,75 zeigt eine ausreichende kurzfristige Liquidit\u00e4t, w\u00e4hrend die Eigenkapitalrendite von 10,66 % und die Gesamtkapitalrendite von 6,50 % die Rentabilit\u00e4t des Unternehmens unterstreichen.<\/p>\n\n\n\n<p>Das Hauptproblem bleibt jedoch die anhaltende Schw\u00e4che im Konsumg\u00fctergesch\u00e4ft. Trotz der Bem\u00fchungen, die Margen zu verbessern, gelingt es Henkel nicht, das Umsatzwachstum in diesem wichtigen Segment anzukurbeln. Dies k\u00f6nnte auf eine ver\u00e4nderte Konsumentennachfrage, einen intensiven Wettbewerb oder interne Herausforderungen in der Produktentwicklung und im Marketing zur\u00fcckzuf\u00fchren sein.<\/p>\n\n\n\n<p>Der j\u00fcngste Kursanstieg, der Henkel \u00fcber das von Jefferies festgelegte Kursziel von 78 Euro gehoben hat, spiegelt m\u00f6glicherweise eine \u00fcbertriebene Reaktion auf die optimistischen Prognosen wider. Anleger sollten sich bewusst sein, dass die Aktie derzeit ein h\u00f6heres Risiko birgt, da sie \u00fcber ihrem fairen Wert gehandelt wird und der Volumenr\u00fcckgang im Konsumg\u00fctergesch\u00e4ft weiterhin eine Belastung darstellt.<\/p>\n\n\n\n<p>Analysten scheinen sich uneins zu sein, wie sich Henkel in den n\u00e4chsten Quartalen entwickeln wird. Die optimistischen Bewertungen basieren auf der Annahme, dass Henkel seine Margen weiter verbessern und seine strategischen Initiativen erfolgreich umsetzen kann. <\/p>\n\n\n\n<p>Die pessimistischeren Bewertungen weisen auf die Risiken hin, die mit dem zyklischen Gesch\u00e4ftsmodell und den anhaltenden Herausforderungen im Konsumg\u00fctergesch\u00e4ft verbunden sind.<\/p>\n\n\n\n<p>Die kommenden Quartalsberichte werden entscheidend sein, um zu beurteilen, ob Henkel in der Lage ist, die Herausforderungen im Konsumg\u00fctergesch\u00e4ft zu \u00fcberwinden und seine Margen weiter zu verbessern. Anleger sollten die Entwicklung des Konsumg\u00fctergesch\u00e4fts genau beobachten und ihre Anlageentscheidungen auf einer fundierten Analyse der fundamentalen Kennzahlen und der Marktbedingungen basieren. <\/p>\n\n\n<aside class=\"wp-block-related-posts  \" data-sidebar>\n                    \n\n<h2 class=\"wp-block-heading\"  class=\"wp-block-heading\"  id=\"aktien_lernen\">Aktien Lernen<\/h2>\n\n\n        <ul class=\"grid grid-cols-1 md:grid-cols-2 gap-4 lg:grid-cols-1\">\n                            <li class=\"w-full p-3 rounded-lg shadow md:w-full\">\n                    <a href=\"https:\/\/www.asktraders.com\/de\/dax40\/\" class=\"flex\">\n                        <img loading=\"lazy\" decoding=\"async\" width=\"150\" height=\"150\" src=\"https:\/\/www.asktraders.com\/wp-content\/uploads\/2020\/09\/DAX-handeln-150x150.jpg\" class=\"w-1\/3 rounded object-cover  wp-post-image\" alt=\"DAX handeln\" \/>\n                        <div class=\"flex flex-col w-2\/3 pl-3\">\n                                                        <span\n                                class=\"block py-1 grow text-sm font-bold \">DAX 40 heute aktuell | Index, Kurs und Prognose<\/span>\n                                                            <span class=\"text-xs uppercase\">\n                                    Analyst Team\n                                <\/span>\n                                                    <\/div>\n                    <\/a>\n                <\/li>\n                            <li class=\"w-full p-3 rounded-lg shadow md:w-full\">\n                    <a href=\"https:\/\/www.asktraders.com\/learn-to-trade\/stock-trading\/how-to-trade-stocks\/\" class=\"flex\">\n                        <img loading=\"lazy\" decoding=\"async\" width=\"150\" height=\"150\" src=\"https:\/\/www.asktraders.com\/wp-content\/uploads\/2020\/08\/how-to-trade-stocks-01-150x150.jpg\" class=\"w-1\/3 rounded object-cover  wp-post-image\" alt=\"how to trade stocks\" \/>\n                        <div class=\"flex flex-col w-2\/3 pl-3\">\n                                                        <span\n                                class=\"block py-1 grow text-sm font-bold \">How To Trade Stocks &#8211; The Guide For Beginners<\/span>\n                                                            <span class=\"text-xs uppercase\">\n                                    Analyst Team\n                                <\/span>\n                                                    <\/div>\n                    <\/a>\n                <\/li>\n                            <li class=\"w-full p-3 rounded-lg shadow md:w-full\">\n                    <a href=\"https:\/\/www.asktraders.com\/de\/traden-lernen\/trading-ratgeber\/nachhaltige-etf\/\" class=\"flex\">\n                        <img loading=\"lazy\" decoding=\"async\" width=\"150\" height=\"150\" src=\"https:\/\/www.asktraders.com\/wp-content\/uploads\/2020\/08\/Nachhaltige-ETF-150x150.jpg\" class=\"w-1\/3 rounded object-cover  wp-post-image\" alt=\"Nachhaltige ETF\" \/>\n                        <div class=\"flex flex-col w-2\/3 pl-3\">\n                                                        <span\n                                class=\"block py-1 grow text-sm font-bold \">Nachhaltige ETF \u2013 Wo lohnt sich die Investition in \u00d6ko ETFs?<\/span>\n                                                            <span class=\"text-xs uppercase\">\n                                    Nigel Frith\n                                <\/span>\n                                                    <\/div>\n                    <\/a>\n                <\/li>\n                            <li class=\"w-full p-3 rounded-lg shadow md:w-full\">\n                    <a href=\"https:\/\/www.asktraders.com\/de\/traden-lernen\/trading-strategien\/vwap-strategie\/\" class=\"flex\">\n                        <img loading=\"lazy\" decoding=\"async\" width=\"150\" height=\"150\" src=\"https:\/\/www.asktraders.com\/wp-content\/uploads\/2021\/09\/VWAP-Trading-Strategy-Guide-Examples-150x150.jpg\" class=\"w-1\/3 rounded object-cover  wp-post-image\" alt=\"VWAP Trading Strategy Guide &amp; Examples\" \/>\n                        <div class=\"flex flex-col w-2\/3 pl-3\">\n                                                        <span\n                                class=\"block py-1 grow text-sm font-bold \">VWAP Strategie Anwendung &amp; Beispiele<\/span>\n                                                            <span class=\"text-xs uppercase\">\n                                    Analyst Team\n                                <\/span>\n                                                    <\/div>\n                    <\/a>\n                <\/li>\n                            <li class=\"w-full p-3 rounded-lg shadow md:w-full\">\n                    <a href=\"https:\/\/www.asktraders.com\/de\/traden-lernen\/trading-strategien\/was-ist-scalping\/\" class=\"flex\">\n                        <img loading=\"lazy\" decoding=\"async\" width=\"150\" height=\"150\" src=\"https:\/\/www.asktraders.com\/wp-content\/uploads\/2020\/03\/what-is-scalping-150x150.jpg\" class=\"w-1\/3 rounded object-cover  wp-post-image\" alt=\"what is scalping\" \/>\n                        <div class=\"flex flex-col w-2\/3 pl-3\">\n                                                        <span\n                                class=\"block py-1 grow text-sm font-bold \">Was ist Scalping? Strategien, Tipps &amp; Beispiele<\/span>\n                                                            <span class=\"text-xs uppercase\">\n                                    Analyst Team\n                                <\/span>\n                                                    <\/div>\n                    <\/a>\n                <\/li>\n                            <li class=\"w-full p-3 rounded-lg shadow md:w-full\">\n                    <a href=\"https:\/\/www.asktraders.com\/learn-to-trade\/guides\/etoro-analysis-of-trading-signals-sentiment-resources\/\" class=\"flex\">\n                        <img loading=\"lazy\" decoding=\"async\" width=\"150\" height=\"150\" src=\"https:\/\/www.asktraders.com\/wp-content\/uploads\/2022\/12\/eToro-Analysis-of-Trading-Signals-Sentiment-Resources-150x150.jpg\" class=\"w-1\/3 rounded object-cover  wp-post-image\" alt=\"eToro Analysis of Trading Signals &amp; Sentiment Resources\" \/>\n                        <div class=\"flex flex-col w-2\/3 pl-3\">\n                                                        <span\n                                class=\"block py-1 grow text-sm font-bold \">eToro \u2013 Analysis of Trading Signals &amp; Sentiment Resources<\/span>\n                                                            <span class=\"text-xs uppercase\">\n                                    Justin Freeman\n                                <\/span>\n                                                    <\/div>\n                    <\/a>\n                <\/li>\n                    <\/ul>\n            \n    <\/aside>\n\n\n<div class=\"wp-block-top5-broker\" data-sidebar>\n        <div>\n        \n\n<h2 class=\"wp-block-heading\"  class=\"wp-block-heading\"  id=\"\"><\/h2>\n\n\n    <\/div>\n            <div class=\"block bg-white rounded-lg shadow\">\n        <ul\n            class=\"flex flex-wrap w-full -mb-px list-none border-b-2 navTabs \">\n                                                                                                        <\/ul>\n                    <div class=\"navTabContent \" id=\"top5-tab1\">\n                <ol class=\"flex\n                flex-wrap\n                \">\n                                    <\/ol>\n                            <\/div>\n                    <div class=\"navTabContent hidden\" id=\"top5-tab2\">\n                <ol class=\"flex\n                flex-wrap\n                \">\n                                    <\/ol>\n                            <\/div>\n                    <div class=\"navTabContent hidden\" id=\"top5-tab3\">\n                <ol class=\"flex\n                flex-wrap\n                \">\n                                    <\/ol>\n                            <\/div>\n        \n    <\/div>\n    <\/div>\n\n\n<aside class=\"wp-block-related-posts related-posts-latest \" data-sidebar>\n                    \n\n<h2 class=\"wp-block-heading\"  class=\"wp-block-heading\"  id=\"news\">News<\/h2>\n\n\n        <ul class=\"grid grid-cols-1 md:grid-cols-2 gap-4 lg:grid-cols-1\">\n                            <li class=\"w-full p-3 rounded-lg shadow md:w-full\">\n                    <a href=\"https:\/\/www.asktraders.com\/de\/finanznachrichten\/evonik-aktien-erreichen-neues-tief-als-e13-durchbrochen-werden\/\" class=\"flex\">\n                        <img loading=\"lazy\" decoding=\"async\" width=\"150\" height=\"150\" src=\"https:\/\/www.asktraders.com\/wp-content\/uploads\/2023\/05\/evonik-aktie-prognose-150x150.jpg\" class=\"w-1\/3 rounded object-cover  wp-post-image\" alt=\"Evonik Aktie\" \/>\n                        <div class=\"flex flex-col w-2\/3 pl-3\">\n                                                        <span\n                                class=\"block py-1 grow text-sm font-bold \">Evonik Aktien erreichen neues Tief, als \u20ac13 durchbrochen werden<\/span>\n                                                            <span class=\"text-xs uppercase\">\n                                    Analyst Team\n                                <\/span>\n                                                    <\/div>\n                    <\/a>\n                <\/li>\n                            <li class=\"w-full p-3 rounded-lg shadow md:w-full\">\n                    <a href=\"https:\/\/www.asktraders.com\/de\/finanznachrichten\/2g-energy-ag-aktie-erholt-sich-von-unterstuetzung-steigerung-von-10\/\" class=\"flex\">\n                        <img loading=\"lazy\" decoding=\"async\" width=\"150\" height=\"150\" src=\"https:\/\/www.asktraders.com\/wp-content\/uploads\/2025\/08\/power-and-energy-150x150.jpg\" class=\"w-1\/3 rounded object-cover  wp-post-image\" alt=\"Uniper UN0\" \/>\n                        <div class=\"flex flex-col w-2\/3 pl-3\">\n                                                        <span\n                                class=\"block py-1 grow text-sm font-bold \">2G Energy AG Aktie erholt sich von Unterst\u00fctzung \u2013 Steigerung von 10%<\/span>\n                                                            <span class=\"text-xs uppercase\">\n                                    Analyst Team\n                                <\/span>\n                                                    <\/div>\n                    <\/a>\n                <\/li>\n                            <li class=\"w-full p-3 rounded-lg shadow md:w-full\">\n                    <a href=\"https:\/\/www.asktraders.com\/de\/finanznachrichten\/mercedes-benz-aktie-goldman-sachs-initiiert-analystendeckung-mit-positiver-einschaetzung\/\" class=\"flex\">\n                        <img loading=\"lazy\" decoding=\"async\" width=\"150\" height=\"150\" src=\"https:\/\/www.asktraders.com\/wp-content\/uploads\/2023\/06\/aktie-mercedes-150x150.jpg\" class=\"w-1\/3 rounded object-cover  wp-post-image\" alt=\"Mercedes Aktie\" \/>\n                        <div class=\"flex flex-col w-2\/3 pl-3\">\n                                                        <span\n                                class=\"block py-1 grow text-sm font-bold \">Mercedes-Benz Aktie: Goldman Sachs initiiert Analystendeckung mit positiver Einsch\u00e4tzung<\/span>\n                                                            <span class=\"text-xs uppercase\">\n                                    Analyst Team\n                                <\/span>\n                                                    <\/div>\n                    <\/a>\n                <\/li>\n                            <li class=\"w-full p-3 rounded-lg shadow md:w-full\">\n                    <a href=\"https:\/\/www.asktraders.com\/de\/finanznachrichten\/dax-aktien-erholen-sich-nach-nvidia-beben-maerkte-atmen-auf\/\" class=\"flex\">\n                        <img loading=\"lazy\" decoding=\"async\" width=\"150\" height=\"150\" src=\"https:\/\/www.asktraders.com\/wp-content\/uploads\/2023\/04\/dax-handeln-150x150.jpg\" class=\"w-1\/3 rounded object-cover  wp-post-image\" alt=\"\" \/>\n                        <div class=\"flex flex-col w-2\/3 pl-3\">\n                                                        <span\n                                class=\"block py-1 grow text-sm font-bold \">DAX-Aktien erholen sich nach Nvidia-Beben: M\u00e4rkte atmen auf<\/span>\n                                                            <span class=\"text-xs uppercase\">\n                                    Analyst Team\n                                <\/span>\n                                                    <\/div>\n                    <\/a>\n                <\/li>\n                            <li class=\"w-full p-3 rounded-lg shadow md:w-full\">\n                    <a href=\"https:\/\/www.asktraders.com\/de\/finanznachrichten\/rheinmetall-aktien-finden-unterstuetzung-bei-1-600-e-wie-geht-es-weiter\/\" class=\"flex\">\n                        <img loading=\"lazy\" decoding=\"async\" width=\"150\" height=\"150\" src=\"https:\/\/www.asktraders.com\/wp-content\/uploads\/2022\/11\/Die-Rheinmetall-Aktie-im-Chart-150x150.jpg\" class=\"w-1\/3 rounded object-cover  wp-post-image\" alt=\"Die Rheinmetall Aktie im Chart\" \/>\n                        <div class=\"flex flex-col w-2\/3 pl-3\">\n                                                        <span\n                                class=\"block py-1 grow text-sm font-bold \">Rheinmetall-Aktien finden Unterst\u00fctzung bei 1.600 \u20ac \u2013 Wie geht es weiter?<\/span>\n                                                            <span class=\"text-xs uppercase\">\n                                    Analyst Team\n                                <\/span>\n                                                    <\/div>\n                    <\/a>\n                <\/li>\n                    <\/ul>\n            \n    <\/aside>\n","protected":false},"author":873,"featured_media":117980,"comment_status":"closed","ping_status":"closed","template":"","news_cluster":[],"tradingcategory":[58519],"class_list":["post-232896","news","type-news","status-publish","has-post-thumbnail","hentry","tradingcategory-news-de"],"acf":[],"apple_news_notices":[],"yoast_head":"<!-- This site is optimized with the Yoast SEO plugin v27.2 - https:\/\/yoast.com\/product\/yoast-seo-wordpress\/ -->\n<title>Henkel-Aktie im Aufwind: Jefferies erh\u00f6ht Kursziel trotz schw\u00e4chelndem Konsumgesch\u00e4ft | AskTraders.com %<\/title>\n<meta name=\"description\" content=\"Die Aktie der Henkel AG &amp; Co. KGaA (ETR: HEN3) bleibt ein hei\u00df diskutiertes Thema unter Analysten, nachdem Jefferies das Kursziel leicht von 77 auf 78\" \/>\n<meta name=\"robots\" content=\"index, follow, max-snippet:-1, max-image-preview:large, max-video-preview:-1\" \/>\n<link rel=\"canonical\" href=\"https:\/\/www.asktraders.com\/de\/finanznachrichten\/henkel-aktie-im-aufwind-jefferies-erhoeht-kursziel-trotz-schwaechelndem-konsumgeschaeft\/\" \/>\n<meta property=\"og:locale\" content=\"de_DE\" \/>\n<meta property=\"og:type\" content=\"article\" \/>\n<meta property=\"og:title\" content=\"Henkel-Aktie im Aufwind: Jefferies erh\u00f6ht Kursziel trotz schw\u00e4chelndem Konsumgesch\u00e4ft | AskTraders.com %\" \/>\n<meta property=\"og:description\" content=\"Die Aktie der Henkel AG &amp; Co. KGaA (ETR: HEN3) bleibt ein hei\u00df diskutiertes Thema unter Analysten, nachdem Jefferies das Kursziel leicht von 77 auf 78\" \/>\n<meta property=\"og:url\" content=\"https:\/\/www.asktraders.com\/de\/finanznachrichten\/henkel-aktie-im-aufwind-jefferies-erhoeht-kursziel-trotz-schwaechelndem-konsumgeschaeft\/\" \/>\n<meta property=\"og:site_name\" content=\"AskTraders.com\" \/>\n<meta property=\"article:publisher\" content=\"https:\/\/www.facebook.com\/asktraderscom\" \/>\n<meta property=\"article:modified_time\" content=\"2025-08-13T12:27:07+00:00\" \/>\n<meta property=\"og:image\" content=\"https:\/\/www.asktraders.com\/wp-content\/uploads\/2021\/04\/Henkel-AG-Co.jpg\" \/>\n\t<meta property=\"og:image:width\" content=\"848\" \/>\n\t<meta property=\"og:image:height\" content=\"565\" \/>\n\t<meta property=\"og:image:type\" content=\"image\/jpeg\" \/>\n<meta name=\"twitter:card\" content=\"summary_large_image\" \/>\n<meta name=\"twitter:site\" content=\"@Asktraders1\" \/>\n<meta name=\"twitter:label1\" content=\"Gesch\u00e4tzte Lesezeit\" \/>\n\t<meta name=\"twitter:data1\" content=\"3 Minuten\" \/>\n<script type=\"application\/ld+json\" class=\"yoast-schema-graph\">{\"@context\":\"https:\/\/schema.org\",\"@graph\":[{\"@type\":\"NewsArticle\",\"@id\":\"https:\/\/www.asktraders.com\/de\/finanznachrichten\/henkel-aktie-im-aufwind-jefferies-erhoeht-kursziel-trotz-schwaechelndem-konsumgeschaeft\/#article\",\"isPartOf\":{\"@id\":\"https:\/\/www.asktraders.com\/de\/finanznachrichten\/henkel-aktie-im-aufwind-jefferies-erhoeht-kursziel-trotz-schwaechelndem-konsumgeschaeft\/\"},\"author\":{\"name\":\"Asktraders News Team\",\"@id\":\"https:\/\/www.asktraders.com\/de\/#\/schema\/person\/a9018e69daa9a7bd7a92bab40944424f\",\"url\":\"https:\/\/www.asktraders.com\/de\/author\/asktraders-news-team\/\"},\"headline\":\"Henkel-Aktie im Aufwind: Jefferies erh\u00f6ht Kursziel trotz schw\u00e4chelndem Konsumgesch\u00e4ft\",\"datePublished\":\"2025-08-13T12:27:03+00:00\",\"dateModified\":\"2025-08-13T12:27:07+00:00\",\"mainEntityOfPage\":{\"@id\":\"https:\/\/www.asktraders.com\/de\/finanznachrichten\/henkel-aktie-im-aufwind-jefferies-erhoeht-kursziel-trotz-schwaechelndem-konsumgeschaeft\/\"},\"wordCount\":637,\"publisher\":{\"@id\":\"https:\/\/www.asktraders.com\/de\/#organization\"},\"image\":{\"@id\":\"https:\/\/www.asktraders.com\/de\/finanznachrichten\/henkel-aktie-im-aufwind-jefferies-erhoeht-kursziel-trotz-schwaechelndem-konsumgeschaeft\/#primaryimage\"},\"thumbnailUrl\":\"https:\/\/www.asktraders.com\/wp-content\/uploads\/2021\/04\/Henkel-AG-Co.jpg\",\"inLanguage\":\"de-DE\"},{\"@type\":\"WebPage\",\"@id\":\"https:\/\/www.asktraders.com\/de\/finanznachrichten\/henkel-aktie-im-aufwind-jefferies-erhoeht-kursziel-trotz-schwaechelndem-konsumgeschaeft\/\",\"url\":\"https:\/\/www.asktraders.com\/de\/finanznachrichten\/henkel-aktie-im-aufwind-jefferies-erhoeht-kursziel-trotz-schwaechelndem-konsumgeschaeft\/\",\"name\":\"Henkel-Aktie im Aufwind: Jefferies erh\u00f6ht Kursziel trotz schw\u00e4chelndem Konsumgesch\u00e4ft | AskTraders.com %\",\"isPartOf\":{\"@id\":\"https:\/\/www.asktraders.com\/de\/#website\"},\"primaryImageOfPage\":{\"@id\":\"https:\/\/www.asktraders.com\/de\/finanznachrichten\/henkel-aktie-im-aufwind-jefferies-erhoeht-kursziel-trotz-schwaechelndem-konsumgeschaeft\/#primaryimage\"},\"image\":{\"@id\":\"https:\/\/www.asktraders.com\/de\/finanznachrichten\/henkel-aktie-im-aufwind-jefferies-erhoeht-kursziel-trotz-schwaechelndem-konsumgeschaeft\/#primaryimage\"},\"thumbnailUrl\":\"https:\/\/www.asktraders.com\/wp-content\/uploads\/2021\/04\/Henkel-AG-Co.jpg\",\"datePublished\":\"2025-08-13T12:27:03+00:00\",\"dateModified\":\"2025-08-13T12:27:07+00:00\",\"description\":\"Die Aktie der Henkel AG &amp; Co. KGaA (ETR: HEN3) bleibt ein hei\u00df diskutiertes Thema unter Analysten, nachdem Jefferies das Kursziel leicht von 77 auf 78\",\"breadcrumb\":{\"@id\":\"https:\/\/www.asktraders.com\/de\/finanznachrichten\/henkel-aktie-im-aufwind-jefferies-erhoeht-kursziel-trotz-schwaechelndem-konsumgeschaeft\/#breadcrumb\"},\"inLanguage\":\"de-DE\",\"potentialAction\":[{\"@type\":\"ReadAction\",\"target\":[\"https:\/\/www.asktraders.com\/de\/finanznachrichten\/henkel-aktie-im-aufwind-jefferies-erhoeht-kursziel-trotz-schwaechelndem-konsumgeschaeft\/\"]}]},{\"@type\":\"ImageObject\",\"inLanguage\":\"de-DE\",\"@id\":\"https:\/\/www.asktraders.com\/de\/finanznachrichten\/henkel-aktie-im-aufwind-jefferies-erhoeht-kursziel-trotz-schwaechelndem-konsumgeschaeft\/#primaryimage\",\"url\":\"https:\/\/www.asktraders.com\/wp-content\/uploads\/2021\/04\/Henkel-AG-Co.jpg\",\"contentUrl\":\"https:\/\/www.asktraders.com\/wp-content\/uploads\/2021\/04\/Henkel-AG-Co.jpg\",\"width\":848,\"height\":565,\"caption\":\"Henkel AG Co.\"},{\"@type\":\"BreadcrumbList\",\"@id\":\"https:\/\/www.asktraders.com\/de\/finanznachrichten\/henkel-aktie-im-aufwind-jefferies-erhoeht-kursziel-trotz-schwaechelndem-konsumgeschaeft\/#breadcrumb\",\"itemListElement\":[{\"@type\":\"ListItem\",\"position\":1,\"name\":\"Home\",\"item\":\"https:\/\/www.asktraders.com\/de\/\"},{\"@type\":\"ListItem\",\"position\":2,\"name\":\"News\",\"item\":\"https:\/\/www.asktraders.com\/de\/finanznachrichten\/\"},{\"@type\":\"ListItem\",\"position\":3,\"name\":\"Henkel-Aktie im Aufwind: Jefferies erh\u00f6ht Kursziel trotz schw\u00e4chelndem Konsumgesch\u00e4ft\"}]},{\"@type\":\"WebSite\",\"@id\":\"https:\/\/www.asktraders.com\/de\/#website\",\"url\":\"https:\/\/www.asktraders.com\/de\/\",\"name\":\"AskTraders\",\"description\":\"Guiding You To Trading Success\",\"publisher\":{\"@id\":\"https:\/\/www.asktraders.com\/de\/#organization\"},\"inLanguage\":\"de-DE\"},{\"@type\":\"Organization\",\"@id\":\"https:\/\/www.asktraders.com\/de\/#organization\",\"name\":\"AskTraders\",\"url\":\"https:\/\/www.asktraders.com\/de\/\",\"logo\":{\"@type\":\"ImageObject\",\"inLanguage\":\"de-DE\",\"@id\":\"https:\/\/www.asktraders.com\/de\/#\/schema\/logo\/image\/\",\"url\":\"https:\/\/www.asktraders.com\/wp-content\/uploads\/2019\/05\/asktraders-logo-tm-white.png\",\"contentUrl\":\"https:\/\/www.asktraders.com\/wp-content\/uploads\/2019\/05\/asktraders-logo-tm-white.png\",\"width\":232,\"height\":38,\"caption\":\"AskTraders\"},\"image\":{\"@id\":\"https:\/\/www.asktraders.com\/de\/#\/schema\/logo\/image\/\"},\"sameAs\":[\"https:\/\/www.facebook.com\/asktraderscom\",\"https:\/\/x.com\/Asktraders1\"]},{\"@type\":\"Person\",\"@id\":\"https:\/\/www.asktraders.com\/de\/#\/schema\/person\/a9018e69daa9a7bd7a92bab40944424f\",\"name\":\"Asktraders News Team\",\"image\":{\"@type\":\"ImageObject\",\"inLanguage\":\"de-DE\",\"@id\":\"https:\/\/secure.gravatar.com\/avatar\/4adf30b4bdba8095517be51a6d33eac85d275459c6da979b73dabd753924f280?s=96&d=mm&r=g\",\"url\":\"https:\/\/secure.gravatar.com\/avatar\/4adf30b4bdba8095517be51a6d33eac85d275459c6da979b73dabd753924f280?s=96&d=mm&r=g\",\"contentUrl\":\"https:\/\/secure.gravatar.com\/avatar\/4adf30b4bdba8095517be51a6d33eac85d275459c6da979b73dabd753924f280?s=96&d=mm&r=g\",\"caption\":\"Asktraders News Team\"}}]}<\/script>\n<!-- \/ Yoast SEO plugin. -->","yoast_head_json":{"title":"Henkel-Aktie im Aufwind: Jefferies erh\u00f6ht Kursziel trotz schw\u00e4chelndem Konsumgesch\u00e4ft | AskTraders.com %","description":"Die Aktie der Henkel AG &amp; Co. KGaA (ETR: HEN3) bleibt ein hei\u00df diskutiertes Thema unter Analysten, nachdem Jefferies das Kursziel leicht von 77 auf 78","robots":{"index":"index","follow":"follow","max-snippet":"max-snippet:-1","max-image-preview":"max-image-preview:large","max-video-preview":"max-video-preview:-1"},"canonical":"https:\/\/www.asktraders.com\/de\/finanznachrichten\/henkel-aktie-im-aufwind-jefferies-erhoeht-kursziel-trotz-schwaechelndem-konsumgeschaeft\/","og_locale":"de_DE","og_type":"article","og_title":"Henkel-Aktie im Aufwind: Jefferies erh\u00f6ht Kursziel trotz schw\u00e4chelndem Konsumgesch\u00e4ft | AskTraders.com %","og_description":"Die Aktie der Henkel AG &amp; Co. KGaA (ETR: HEN3) bleibt ein hei\u00df diskutiertes Thema unter Analysten, nachdem Jefferies das Kursziel leicht von 77 auf 78","og_url":"https:\/\/www.asktraders.com\/de\/finanznachrichten\/henkel-aktie-im-aufwind-jefferies-erhoeht-kursziel-trotz-schwaechelndem-konsumgeschaeft\/","og_site_name":"AskTraders.com","article_publisher":"https:\/\/www.facebook.com\/asktraderscom","article_modified_time":"2025-08-13T12:27:07+00:00","og_image":[{"width":848,"height":565,"url":"https:\/\/www.asktraders.com\/wp-content\/uploads\/2021\/04\/Henkel-AG-Co.jpg","type":"image\/jpeg"}],"twitter_card":"summary_large_image","twitter_site":"@Asktraders1","twitter_misc":{"Gesch\u00e4tzte Lesezeit":"3 Minuten"},"schema":{"@context":"https:\/\/schema.org","@graph":[{"@type":"NewsArticle","@id":"https:\/\/www.asktraders.com\/de\/finanznachrichten\/henkel-aktie-im-aufwind-jefferies-erhoeht-kursziel-trotz-schwaechelndem-konsumgeschaeft\/#article","isPartOf":{"@id":"https:\/\/www.asktraders.com\/de\/finanznachrichten\/henkel-aktie-im-aufwind-jefferies-erhoeht-kursziel-trotz-schwaechelndem-konsumgeschaeft\/"},"author":{"name":"Asktraders News Team","@id":"https:\/\/www.asktraders.com\/de\/#\/schema\/person\/a9018e69daa9a7bd7a92bab40944424f","url":"https:\/\/www.asktraders.com\/de\/author\/asktraders-news-team\/"},"headline":"Henkel-Aktie im Aufwind: Jefferies erh\u00f6ht Kursziel trotz schw\u00e4chelndem Konsumgesch\u00e4ft","datePublished":"2025-08-13T12:27:03+00:00","dateModified":"2025-08-13T12:27:07+00:00","mainEntityOfPage":{"@id":"https:\/\/www.asktraders.com\/de\/finanznachrichten\/henkel-aktie-im-aufwind-jefferies-erhoeht-kursziel-trotz-schwaechelndem-konsumgeschaeft\/"},"wordCount":637,"publisher":{"@id":"https:\/\/www.asktraders.com\/de\/#organization"},"image":{"@id":"https:\/\/www.asktraders.com\/de\/finanznachrichten\/henkel-aktie-im-aufwind-jefferies-erhoeht-kursziel-trotz-schwaechelndem-konsumgeschaeft\/#primaryimage"},"thumbnailUrl":"https:\/\/www.asktraders.com\/wp-content\/uploads\/2021\/04\/Henkel-AG-Co.jpg","inLanguage":"de-DE"},{"@type":"WebPage","@id":"https:\/\/www.asktraders.com\/de\/finanznachrichten\/henkel-aktie-im-aufwind-jefferies-erhoeht-kursziel-trotz-schwaechelndem-konsumgeschaeft\/","url":"https:\/\/www.asktraders.com\/de\/finanznachrichten\/henkel-aktie-im-aufwind-jefferies-erhoeht-kursziel-trotz-schwaechelndem-konsumgeschaeft\/","name":"Henkel-Aktie im Aufwind: Jefferies erh\u00f6ht Kursziel trotz schw\u00e4chelndem Konsumgesch\u00e4ft | AskTraders.com %","isPartOf":{"@id":"https:\/\/www.asktraders.com\/de\/#website"},"primaryImageOfPage":{"@id":"https:\/\/www.asktraders.com\/de\/finanznachrichten\/henkel-aktie-im-aufwind-jefferies-erhoeht-kursziel-trotz-schwaechelndem-konsumgeschaeft\/#primaryimage"},"image":{"@id":"https:\/\/www.asktraders.com\/de\/finanznachrichten\/henkel-aktie-im-aufwind-jefferies-erhoeht-kursziel-trotz-schwaechelndem-konsumgeschaeft\/#primaryimage"},"thumbnailUrl":"https:\/\/www.asktraders.com\/wp-content\/uploads\/2021\/04\/Henkel-AG-Co.jpg","datePublished":"2025-08-13T12:27:03+00:00","dateModified":"2025-08-13T12:27:07+00:00","description":"Die Aktie der Henkel AG &amp; Co. KGaA (ETR: HEN3) bleibt ein hei\u00df diskutiertes Thema unter Analysten, nachdem Jefferies das Kursziel leicht von 77 auf 78","breadcrumb":{"@id":"https:\/\/www.asktraders.com\/de\/finanznachrichten\/henkel-aktie-im-aufwind-jefferies-erhoeht-kursziel-trotz-schwaechelndem-konsumgeschaeft\/#breadcrumb"},"inLanguage":"de-DE","potentialAction":[{"@type":"ReadAction","target":["https:\/\/www.asktraders.com\/de\/finanznachrichten\/henkel-aktie-im-aufwind-jefferies-erhoeht-kursziel-trotz-schwaechelndem-konsumgeschaeft\/"]}]},{"@type":"ImageObject","inLanguage":"de-DE","@id":"https:\/\/www.asktraders.com\/de\/finanznachrichten\/henkel-aktie-im-aufwind-jefferies-erhoeht-kursziel-trotz-schwaechelndem-konsumgeschaeft\/#primaryimage","url":"https:\/\/www.asktraders.com\/wp-content\/uploads\/2021\/04\/Henkel-AG-Co.jpg","contentUrl":"https:\/\/www.asktraders.com\/wp-content\/uploads\/2021\/04\/Henkel-AG-Co.jpg","width":848,"height":565,"caption":"Henkel AG Co."},{"@type":"BreadcrumbList","@id":"https:\/\/www.asktraders.com\/de\/finanznachrichten\/henkel-aktie-im-aufwind-jefferies-erhoeht-kursziel-trotz-schwaechelndem-konsumgeschaeft\/#breadcrumb","itemListElement":[{"@type":"ListItem","position":1,"name":"Home","item":"https:\/\/www.asktraders.com\/de\/"},{"@type":"ListItem","position":2,"name":"News","item":"https:\/\/www.asktraders.com\/de\/finanznachrichten\/"},{"@type":"ListItem","position":3,"name":"Henkel-Aktie im Aufwind: Jefferies erh\u00f6ht Kursziel trotz schw\u00e4chelndem Konsumgesch\u00e4ft"}]},{"@type":"WebSite","@id":"https:\/\/www.asktraders.com\/de\/#website","url":"https:\/\/www.asktraders.com\/de\/","name":"AskTraders","description":"Guiding You To Trading Success","publisher":{"@id":"https:\/\/www.asktraders.com\/de\/#organization"},"inLanguage":"de-DE"},{"@type":"Organization","@id":"https:\/\/www.asktraders.com\/de\/#organization","name":"AskTraders","url":"https:\/\/www.asktraders.com\/de\/","logo":{"@type":"ImageObject","inLanguage":"de-DE","@id":"https:\/\/www.asktraders.com\/de\/#\/schema\/logo\/image\/","url":"https:\/\/www.asktraders.com\/wp-content\/uploads\/2019\/05\/asktraders-logo-tm-white.png","contentUrl":"https:\/\/www.asktraders.com\/wp-content\/uploads\/2019\/05\/asktraders-logo-tm-white.png","width":232,"height":38,"caption":"AskTraders"},"image":{"@id":"https:\/\/www.asktraders.com\/de\/#\/schema\/logo\/image\/"},"sameAs":["https:\/\/www.facebook.com\/asktraderscom","https:\/\/x.com\/Asktraders1"]},{"@type":"Person","@id":"https:\/\/www.asktraders.com\/de\/#\/schema\/person\/a9018e69daa9a7bd7a92bab40944424f","name":"Asktraders News Team","image":{"@type":"ImageObject","inLanguage":"de-DE","@id":"https:\/\/secure.gravatar.com\/avatar\/4adf30b4bdba8095517be51a6d33eac85d275459c6da979b73dabd753924f280?s=96&d=mm&r=g","url":"https:\/\/secure.gravatar.com\/avatar\/4adf30b4bdba8095517be51a6d33eac85d275459c6da979b73dabd753924f280?s=96&d=mm&r=g","contentUrl":"https:\/\/secure.gravatar.com\/avatar\/4adf30b4bdba8095517be51a6d33eac85d275459c6da979b73dabd753924f280?s=96&d=mm&r=g","caption":"Asktraders News Team"}}]}},"_links":{"self":[{"href":"https:\/\/www.asktraders.com\/de\/wp-json\/wp\/v2\/news\/232896","targetHints":{"allow":["GET"]}}],"collection":[{"href":"https:\/\/www.asktraders.com\/de\/wp-json\/wp\/v2\/news"}],"about":[{"href":"https:\/\/www.asktraders.com\/de\/wp-json\/wp\/v2\/types\/news"}],"author":[{"embeddable":true,"href":"https:\/\/www.asktraders.com\/de\/wp-json\/wp\/v2\/users\/873"}],"replies":[{"embeddable":true,"href":"https:\/\/www.asktraders.com\/de\/wp-json\/wp\/v2\/comments?post=232896"}],"version-history":[{"count":0,"href":"https:\/\/www.asktraders.com\/de\/wp-json\/wp\/v2\/news\/232896\/revisions"}],"wp:featuredmedia":[{"embeddable":true,"href":"https:\/\/www.asktraders.com\/de\/wp-json\/wp\/v2\/media\/117980"}],"wp:attachment":[{"href":"https:\/\/www.asktraders.com\/de\/wp-json\/wp\/v2\/media?parent=232896"}],"wp:term":[{"taxonomy":"news_cluster","embeddable":true,"href":"https:\/\/www.asktraders.com\/de\/wp-json\/wp\/v2\/news_cluster?post=232896"},{"taxonomy":"tradingcategory","embeddable":true,"href":"https:\/\/www.asktraders.com\/de\/wp-json\/wp\/v2\/tradingcategory?post=232896"}],"curies":[{"name":"wp","href":"https:\/\/api.w.org\/{rel}","templated":true}]}}