{"id":232901,"date":"2025-08-13T15:03:15","date_gmt":"2025-08-13T14:03:15","guid":{"rendered":"https:\/\/www.asktraders.com\/?post_type=news&#038;p=232901"},"modified":"2025-08-13T15:03:20","modified_gmt":"2025-08-13T14:03:20","slug":"eckert-ziegler-se-aktienkurs-stuerzt-auf-neues-tief-aktiensplit-als-ursache","status":"publish","type":"news","link":"https:\/\/www.asktraders.com\/de\/finanznachrichten\/eckert-ziegler-se-aktienkurs-stuerzt-auf-neues-tief-aktiensplit-als-ursache\/","title":{"rendered":"Eckert &#038; Ziegler SE: Aktienkurs st\u00fcrzt auf neues Tief \u2013 Aktiensplit als Ursache?"},"content":{"rendered":"\n<p>Die Aktie von Eckert &amp; Ziegler SE (ETR:EUZ) erlebte einen dramatischen Kurssturz und erreichte ein neues Tief von 18,75 \u20ac. Dieser deutliche R\u00fcckgang wirft Fragen auf, insbesondere im Hinblick auf die operative Leistung und die strategischen Entscheidungen des Unternehmens. Allerdings zeigen aktuelle Daten, dass die Aktie bei 19,53 \u20ac gehandelt wird,<\/p>\n\n\n<stock-market-widget type=\"chart\" template=\"candlestick\" assets=\"EUZ.DE\" range=\"1y\" interval=\"1d\" price_field=\"close\" heading=\"{symbol}\" candle_border_width=\"1\" candle_bullish_background_color=\"#21BA45\" candle_bearish_background_color=\"#DB2828\" candle_bullish_border_color=\"#21BA45\" candle_bearish_border_color=\"#DB2828\" axes_color=\"#000000\" tooltip_text_color=\"#262626\" tooltip_background_color=\"#ffffff\" range_selector=\"true\" volume_enabled=\"false\" axes_enabled=\"true\" tooltip_enabled=\"true\" zoom_enabled=\"true\" save_image_enabled=\"true\" cursor_enabled=\"true\" api=\"yahoo-finance\"><\/stock-market-widget>\n\n\n\n<p>Ein Blick auf die Performance der Vorwoche zeigt jedoch ein anderes Bild: Am 8. August lag die Spanne zwischen 63,00 \u20ac und 63,80 \u20ac, w\u00e4hrend die Aktie am 7. August zwischen 63,00 \u20ac und 65,10 \u20ac gehandelt wurde. Diese erheblichen Unterschiede deuten auf eine besondere Ursache f\u00fcr den j\u00fcngsten R\u00fcckgang hin.<\/p>\n\n\n\n<p>Die wahrscheinlichste Erkl\u00e4rung f\u00fcr diesen pl\u00f6tzlichen Einbruch ist ein Aktiensplit, der am 15. August 2025 wirksam wurde. Ein Aktiensplit ver\u00e4ndert die Anzahl der ausstehenden Aktien, was sich direkt auf den Aktienkurs auswirkt. Wenn der Split bereits in den Kursen vom 13. August ber\u00fccksichtigt wurde, erkl\u00e4rt dies den drastischen R\u00fcckgang.<\/p>\n\n\n\n<p>Ein Blick auf die historische Performance zeigt, dass die Aktie in den letzten 52 Wochen in einer Spanne von 29,10 \u20ac bis 56,10 \u20ac gehandelt wurde und am 7. August 2025 bei 54,75 \u20ac schloss. Seit Jahresbeginn ist die Aktie um 26,54 % gestiegen, aber innerhalb der letzten f\u00fcnf Tage um 10,05 % gefallen (splitbereinigt). Die Kennzahlen zur Bewertung des Unternehmens, wie das Kurs-Gewinn-Verh\u00e4ltnis (KGV) von etwa 23,2x f\u00fcr 2025 und die erwartete Dividendenrendite von rund 0,9 %, deuten auf eine solide finanzielle Basis hin.<\/p>\n\n\n\n<p>Eckert &amp; Ziegler best\u00e4tigte am 8. August 2025 seine Jahresziele und prognostizierte ein Umsatzwachstum von rund 8 % auf etwa 320 Millionen Euro und einen Anstieg des bereinigten EBIT von fast 20 % auf etwa 78 Millionen Euro.<\/p>\n\n\n\n<p>Trotz dieser positiven Aussichten sah sich das Unternehmen zu Beginn des Jahres mit operativen Herausforderungen konfrontiert, darunter ein Cyberangriff im Februar und eine vor\u00fcbergehende Unterbrechung der Gallium-Generator-Lieferungen. Diese Probleme wurden zwar weitgehend behoben, dennoch reagierte der Aktienmarkt negativ, wobei die Aktie um \u00fcber 7 % auf 60,50 \u20ac fiel, den niedrigsten Stand seit Mai.<\/p>\n\n\n\n<p>Im M\u00e4rz 2024 k\u00fcndigte das Unternehmen eine Reduzierung der Dividende auf 0,05 \u20ac pro Aktie an, um mehr Mittel f\u00fcr renditestarke Projekte im wachsenden Markt f\u00fcr Radiopharmazeutika bereitzustellen. Dieser strategische Schritt soll die Expansion der globalen Produktionskapazit\u00e4ten finanzieren und die Abh\u00e4ngigkeit von externen Finanzierungen verringern. <\/p>\n\n\n\n<p>Diese Entscheidung unterst\u00fctzt zwar das langfristige Wachstum, k\u00f6nnte aber kurzfristig zu Bedenken bei der Markt gef\u00fchrt und den Aktienkurs beeinflusst haben.<\/p>\n\n\n\n<p>Analysten wiesen darauf hin, dass das KGV von Eckert &amp; Ziegler im Mai 2025 bei 30,5x lag und damit deutlich \u00fcber dem deutschen Marktdurchschnitt, wo viele Unternehmen ein KGV von unter 18x aufweisen. Sollte das Unternehmen diese hohen Erwartungen jedoch nicht erf\u00fcllen, k\u00f6nnte der Aktienkurs weiter fallen.<\/p>\n\n\n\n<p>Im November 2024 wurde das durchschnittliche Einjahreskursziel f\u00fcr Eckert &amp; Ziegler um 10,73 % auf 57,27 \u20ac gesenkt. Diese Anpassung spiegelt eine vorsichtigere Einsch\u00e4tzung der Analysten wider, was m\u00f6glicherweise zur negativen Stimmung gegen\u00fcber der Aktie beitr\u00e4gt.<\/p>\n\n\n\n<p>Zusammenfassend l\u00e4sst sich sagen, dass Eckert &amp; Ziegler SE zwar Widerstandsf\u00e4higkeit und strategische Planung bei der Bew\u00e4ltigung operativer Herausforderungen und der Investition in zuk\u00fcnftiges Wachstum bewiesen hat, diese Ma\u00dfnahmen jedoch von kurzfristigen finanziellen Entscheidungen und Marktbeobachtungen begleitet wurden, die den j\u00fcngsten R\u00fcckgang des Aktienkurses beeinflusst haben k\u00f6nnten. <\/p>\n\n\n\n<p>Es ist entscheidend, dass Anleger die Auswirkungen des Aktiensplits ber\u00fccksichtigen und die zugrunde liegenden Fundamentaldaten des Unternehmens bewerten, bevor sie Anlageentscheidungen treffen. Die Best\u00e4tigung der Jahresziele und die strategischen Investitionen in den wachsenden Radiopharmazeutika-Markt deuten auf ein langfristiges Wachstumspotenzial hin, w\u00e4hrend die operativen Herausforderungen und die Reduzierung der Dividende kurzfristige Risiken darstellen.<\/p>\n\n\n\n<p>Anleger sollten die Informationen stets mit ihrem Broker oder der B\u00f6rse abgleichen, um die neuesten, splitbereinigten Kurse und gleitenden Durchschnitte zu erhalten. Die n\u00e4chste Gelegenheit, die Entwicklung des Unternehmens genauer zu beurteilen, bietet sich voraussichtlich mit der Ver\u00f6ffentlichung der Ergebnisse f\u00fcr das dritte Quartal 2025, die im fr\u00fchen November erwartet werden.<\/p>\n\n\n<aside class=\"wp-block-related-posts  \" data-sidebar>\n                    \n\n<h2 class=\"wp-block-heading\"  class=\"wp-block-heading\"  id=\"aktien_lernen\">Aktien Lernen<\/h2>\n\n\n        <ul class=\"grid grid-cols-1 md:grid-cols-2 gap-4 lg:grid-cols-1\">\n                            <li class=\"w-full p-3 rounded-lg shadow md:w-full\">\n                    <a href=\"https:\/\/www.asktraders.com\/de\/dax40\/\" class=\"flex\">\n                        <img loading=\"lazy\" decoding=\"async\" width=\"150\" height=\"150\" src=\"https:\/\/www.asktraders.com\/wp-content\/uploads\/2020\/09\/DAX-handeln-150x150.jpg\" class=\"w-1\/3 rounded object-cover  wp-post-image\" alt=\"DAX handeln\" \/>\n                        <div class=\"flex flex-col w-2\/3 pl-3\">\n                                                        <span\n                                class=\"block py-1 grow text-sm font-bold \">DAX 40 heute aktuell | Index, Kurs und Prognose<\/span>\n                                                            <span class=\"text-xs uppercase\">\n                                    Analyst Team\n                                <\/span>\n                                                    <\/div>\n                    <\/a>\n                <\/li>\n                            <li class=\"w-full p-3 rounded-lg shadow md:w-full\">\n                    <a href=\"https:\/\/www.asktraders.com\/learn-to-trade\/stock-trading\/how-to-trade-stocks\/\" class=\"flex\">\n                        <img loading=\"lazy\" decoding=\"async\" width=\"150\" height=\"150\" src=\"https:\/\/www.asktraders.com\/wp-content\/uploads\/2020\/08\/how-to-trade-stocks-01-150x150.jpg\" class=\"w-1\/3 rounded object-cover  wp-post-image\" alt=\"how to trade stocks\" \/>\n                        <div class=\"flex flex-col w-2\/3 pl-3\">\n                                                        <span\n                                class=\"block py-1 grow text-sm font-bold \">How To Trade Stocks &#8211; The Guide For Beginners<\/span>\n                                                            <span class=\"text-xs uppercase\">\n                                    Analyst Team\n                                <\/span>\n                                                    <\/div>\n                    <\/a>\n                <\/li>\n                            <li class=\"w-full p-3 rounded-lg shadow md:w-full\">\n                    <a href=\"https:\/\/www.asktraders.com\/de\/traden-lernen\/trading-ratgeber\/nachhaltige-etf\/\" class=\"flex\">\n                        <img loading=\"lazy\" decoding=\"async\" width=\"150\" height=\"150\" src=\"https:\/\/www.asktraders.com\/wp-content\/uploads\/2020\/08\/Nachhaltige-ETF-150x150.jpg\" class=\"w-1\/3 rounded object-cover  wp-post-image\" alt=\"Nachhaltige ETF\" \/>\n                        <div class=\"flex flex-col w-2\/3 pl-3\">\n                                                        <span\n                                class=\"block py-1 grow text-sm font-bold \">Nachhaltige ETF \u2013 Wo lohnt sich die Investition in \u00d6ko ETFs?<\/span>\n                                                            <span class=\"text-xs uppercase\">\n                                    Nigel Frith\n                                <\/span>\n                                                    <\/div>\n                    <\/a>\n                <\/li>\n                            <li class=\"w-full p-3 rounded-lg shadow md:w-full\">\n                    <a href=\"https:\/\/www.asktraders.com\/de\/traden-lernen\/trading-strategien\/vwap-strategie\/\" class=\"flex\">\n                        <img loading=\"lazy\" decoding=\"async\" width=\"150\" height=\"150\" src=\"https:\/\/www.asktraders.com\/wp-content\/uploads\/2021\/09\/VWAP-Trading-Strategy-Guide-Examples-150x150.jpg\" class=\"w-1\/3 rounded object-cover  wp-post-image\" alt=\"VWAP Trading Strategy Guide &amp; Examples\" \/>\n                        <div class=\"flex flex-col w-2\/3 pl-3\">\n                                                        <span\n                                class=\"block py-1 grow text-sm font-bold \">VWAP Strategie Anwendung &amp; Beispiele<\/span>\n                                                            <span class=\"text-xs uppercase\">\n                                    Analyst Team\n                                <\/span>\n                                                    <\/div>\n                    <\/a>\n                <\/li>\n                            <li class=\"w-full p-3 rounded-lg shadow md:w-full\">\n                    <a href=\"https:\/\/www.asktraders.com\/de\/traden-lernen\/trading-strategien\/was-ist-scalping\/\" class=\"flex\">\n                        <img loading=\"lazy\" decoding=\"async\" width=\"150\" height=\"150\" src=\"https:\/\/www.asktraders.com\/wp-content\/uploads\/2020\/03\/what-is-scalping-150x150.jpg\" class=\"w-1\/3 rounded object-cover  wp-post-image\" alt=\"what is scalping\" \/>\n                        <div class=\"flex flex-col w-2\/3 pl-3\">\n                                                        <span\n                                class=\"block py-1 grow text-sm font-bold \">Was ist Scalping? Strategien, Tipps &amp; Beispiele<\/span>\n                                                            <span class=\"text-xs uppercase\">\n                                    Analyst Team\n                                <\/span>\n                                                    <\/div>\n                    <\/a>\n                <\/li>\n                            <li class=\"w-full p-3 rounded-lg shadow md:w-full\">\n                    <a href=\"https:\/\/www.asktraders.com\/learn-to-trade\/guides\/etoro-analysis-of-trading-signals-sentiment-resources\/\" class=\"flex\">\n                        <img loading=\"lazy\" decoding=\"async\" width=\"150\" height=\"150\" src=\"https:\/\/www.asktraders.com\/wp-content\/uploads\/2022\/12\/eToro-Analysis-of-Trading-Signals-Sentiment-Resources-150x150.jpg\" class=\"w-1\/3 rounded object-cover  wp-post-image\" alt=\"eToro Analysis of Trading Signals &amp; Sentiment Resources\" \/>\n                        <div class=\"flex flex-col w-2\/3 pl-3\">\n                                                        <span\n                                class=\"block py-1 grow text-sm font-bold \">eToro \u2013 Analysis of Trading Signals &amp; Sentiment Resources<\/span>\n                                                            <span class=\"text-xs uppercase\">\n                                    Justin Freeman\n                                <\/span>\n                                                    <\/div>\n                    <\/a>\n                <\/li>\n                    <\/ul>\n            \n    <\/aside>\n\n\n<div class=\"wp-block-top5-broker\" data-sidebar>\n        <div>\n        \n\n<h2 class=\"wp-block-heading\"  class=\"wp-block-heading\"  id=\"\"><\/h2>\n\n\n    <\/div>\n            <div class=\"block bg-white rounded-lg shadow\">\n        <ul\n            class=\"flex flex-wrap w-full -mb-px list-none border-b-2 navTabs \">\n                                                                                                        <\/ul>\n                    <div class=\"navTabContent \" id=\"top5-tab1\">\n                <ol class=\"flex\n                flex-wrap\n                \">\n                                    <\/ol>\n                            <\/div>\n                    <div class=\"navTabContent hidden\" id=\"top5-tab2\">\n                <ol class=\"flex\n                flex-wrap\n                \">\n                                    <\/ol>\n                            <\/div>\n                    <div class=\"navTabContent hidden\" id=\"top5-tab3\">\n                <ol class=\"flex\n                flex-wrap\n                \">\n                                    <\/ol>\n                            <\/div>\n        \n    <\/div>\n    <\/div>\n\n\n<aside class=\"wp-block-related-posts related-posts-latest \" data-sidebar>\n                    \n\n<h2 class=\"wp-block-heading\"  class=\"wp-block-heading\"  id=\"news\">News<\/h2>\n\n\n        <ul class=\"grid grid-cols-1 md:grid-cols-2 gap-4 lg:grid-cols-1\">\n                            <li class=\"w-full p-3 rounded-lg shadow md:w-full\">\n                    <a href=\"https:\/\/www.asktraders.com\/de\/finanznachrichten\/evonik-aktien-erreichen-neues-tief-als-e13-durchbrochen-werden\/\" class=\"flex\">\n                        <img loading=\"lazy\" decoding=\"async\" width=\"150\" height=\"150\" src=\"https:\/\/www.asktraders.com\/wp-content\/uploads\/2023\/05\/evonik-aktie-prognose-150x150.jpg\" class=\"w-1\/3 rounded object-cover  wp-post-image\" alt=\"Evonik Aktie\" \/>\n                        <div class=\"flex flex-col w-2\/3 pl-3\">\n                                                        <span\n                                class=\"block py-1 grow text-sm font-bold \">Evonik Aktien erreichen neues Tief, als \u20ac13 durchbrochen werden<\/span>\n                                                            <span class=\"text-xs uppercase\">\n                                    Analyst Team\n                                <\/span>\n                                                    <\/div>\n                    <\/a>\n                <\/li>\n                            <li class=\"w-full p-3 rounded-lg shadow md:w-full\">\n                    <a href=\"https:\/\/www.asktraders.com\/de\/finanznachrichten\/2g-energy-ag-aktie-erholt-sich-von-unterstuetzung-steigerung-von-10\/\" class=\"flex\">\n                        <img loading=\"lazy\" decoding=\"async\" width=\"150\" height=\"150\" src=\"https:\/\/www.asktraders.com\/wp-content\/uploads\/2025\/08\/power-and-energy-150x150.jpg\" class=\"w-1\/3 rounded object-cover  wp-post-image\" alt=\"Uniper UN0\" \/>\n                        <div class=\"flex flex-col w-2\/3 pl-3\">\n                                                        <span\n                                class=\"block py-1 grow text-sm font-bold \">2G Energy AG Aktie erholt sich von Unterst\u00fctzung \u2013 Steigerung von 10%<\/span>\n                                                            <span class=\"text-xs uppercase\">\n                                    Analyst Team\n                                <\/span>\n                                                    <\/div>\n                    <\/a>\n                <\/li>\n                            <li class=\"w-full p-3 rounded-lg shadow md:w-full\">\n                    <a href=\"https:\/\/www.asktraders.com\/de\/finanznachrichten\/mercedes-benz-aktie-goldman-sachs-initiiert-analystendeckung-mit-positiver-einschaetzung\/\" class=\"flex\">\n                        <img loading=\"lazy\" decoding=\"async\" width=\"150\" height=\"150\" src=\"https:\/\/www.asktraders.com\/wp-content\/uploads\/2023\/06\/aktie-mercedes-150x150.jpg\" class=\"w-1\/3 rounded object-cover  wp-post-image\" alt=\"Mercedes Aktie\" \/>\n                        <div class=\"flex flex-col w-2\/3 pl-3\">\n                                                        <span\n                                class=\"block py-1 grow text-sm font-bold \">Mercedes-Benz Aktie: Goldman Sachs initiiert Analystendeckung mit positiver Einsch\u00e4tzung<\/span>\n                                                            <span class=\"text-xs uppercase\">\n                                    Analyst Team\n                                <\/span>\n                                                    <\/div>\n                    <\/a>\n                <\/li>\n                            <li class=\"w-full p-3 rounded-lg shadow md:w-full\">\n                    <a href=\"https:\/\/www.asktraders.com\/de\/finanznachrichten\/dax-aktien-erholen-sich-nach-nvidia-beben-maerkte-atmen-auf\/\" class=\"flex\">\n                        <img loading=\"lazy\" decoding=\"async\" width=\"150\" height=\"150\" src=\"https:\/\/www.asktraders.com\/wp-content\/uploads\/2023\/04\/dax-handeln-150x150.jpg\" class=\"w-1\/3 rounded object-cover  wp-post-image\" alt=\"\" \/>\n                        <div class=\"flex flex-col w-2\/3 pl-3\">\n                                                        <span\n                                class=\"block py-1 grow text-sm font-bold \">DAX-Aktien erholen sich nach Nvidia-Beben: M\u00e4rkte atmen auf<\/span>\n                                                            <span class=\"text-xs uppercase\">\n                                    Analyst Team\n                                <\/span>\n                                                    <\/div>\n                    <\/a>\n                <\/li>\n                            <li class=\"w-full p-3 rounded-lg shadow md:w-full\">\n                    <a href=\"https:\/\/www.asktraders.com\/de\/finanznachrichten\/rheinmetall-aktien-finden-unterstuetzung-bei-1-600-e-wie-geht-es-weiter\/\" class=\"flex\">\n                        <img loading=\"lazy\" decoding=\"async\" width=\"150\" height=\"150\" src=\"https:\/\/www.asktraders.com\/wp-content\/uploads\/2022\/11\/Die-Rheinmetall-Aktie-im-Chart-150x150.jpg\" class=\"w-1\/3 rounded object-cover  wp-post-image\" alt=\"Die Rheinmetall Aktie im Chart\" \/>\n                        <div class=\"flex flex-col w-2\/3 pl-3\">\n                                                        <span\n                                class=\"block py-1 grow text-sm font-bold \">Rheinmetall-Aktien finden Unterst\u00fctzung bei 1.600 \u20ac \u2013 Wie geht es weiter?<\/span>\n                                                            <span class=\"text-xs uppercase\">\n                                    Analyst Team\n                                <\/span>\n                                                    <\/div>\n                    <\/a>\n                <\/li>\n                    <\/ul>\n            \n    <\/aside>\n","protected":false},"author":873,"featured_media":233012,"comment_status":"closed","ping_status":"closed","template":"","news_cluster":[],"tradingcategory":[58519],"class_list":["post-232901","news","type-news","status-publish","has-post-thumbnail","hentry","tradingcategory-news-de"],"acf":[],"apple_news_notices":[],"yoast_head":"<!-- This site is optimized with the Yoast SEO plugin v27.2 - https:\/\/yoast.com\/product\/yoast-seo-wordpress\/ -->\n<title>Eckert &amp; Ziegler SE: Aktienkurs st\u00fcrzt auf neues Tief \u2013 Aktiensplit als Ursache? | AskTraders.com %<\/title>\n<meta name=\"description\" content=\"Die Aktie von Eckert &amp; Ziegler SE (ETR:EUZ) erlebte einen dramatischen Kurssturz und erreichte ein neues Tief von 18,75 \u20ac. Dieser deutliche R\u00fcckgang\" \/>\n<meta name=\"robots\" content=\"index, follow, max-snippet:-1, max-image-preview:large, max-video-preview:-1\" \/>\n<link rel=\"canonical\" href=\"https:\/\/www.asktraders.com\/de\/finanznachrichten\/eckert-ziegler-se-aktienkurs-stuerzt-auf-neues-tief-aktiensplit-als-ursache\/\" \/>\n<meta property=\"og:locale\" content=\"de_DE\" \/>\n<meta property=\"og:type\" content=\"article\" \/>\n<meta property=\"og:title\" content=\"Eckert &amp; Ziegler SE: Aktienkurs st\u00fcrzt auf neues Tief \u2013 Aktiensplit als Ursache? | AskTraders.com %\" \/>\n<meta property=\"og:description\" content=\"Die Aktie von Eckert &amp; Ziegler SE (ETR:EUZ) erlebte einen dramatischen Kurssturz und erreichte ein neues Tief von 18,75 \u20ac. Dieser deutliche R\u00fcckgang\" \/>\n<meta property=\"og:url\" content=\"https:\/\/www.asktraders.com\/de\/finanznachrichten\/eckert-ziegler-se-aktienkurs-stuerzt-auf-neues-tief-aktiensplit-als-ursache\/\" \/>\n<meta property=\"og:site_name\" content=\"AskTraders.com\" \/>\n<meta property=\"article:publisher\" content=\"https:\/\/www.facebook.com\/asktraderscom\" \/>\n<meta property=\"article:modified_time\" content=\"2025-08-13T14:03:20+00:00\" \/>\n<meta property=\"og:image\" content=\"https:\/\/www.asktraders.com\/wp-content\/uploads\/2025\/08\/Eckert-and-Ziegler-logo.png\" \/>\n\t<meta property=\"og:image:width\" content=\"896\" \/>\n\t<meta property=\"og:image:height\" content=\"423\" \/>\n\t<meta property=\"og:image:type\" content=\"image\/png\" \/>\n<meta name=\"twitter:card\" content=\"summary_large_image\" \/>\n<meta name=\"twitter:site\" content=\"@Asktraders1\" \/>\n<meta name=\"twitter:label1\" content=\"Gesch\u00e4tzte Lesezeit\" \/>\n\t<meta name=\"twitter:data1\" content=\"4 Minuten\" \/>\n<script type=\"application\/ld+json\" class=\"yoast-schema-graph\">{\"@context\":\"https:\/\/schema.org\",\"@graph\":[{\"@type\":\"NewsArticle\",\"@id\":\"https:\/\/www.asktraders.com\/de\/finanznachrichten\/eckert-ziegler-se-aktienkurs-stuerzt-auf-neues-tief-aktiensplit-als-ursache\/#article\",\"isPartOf\":{\"@id\":\"https:\/\/www.asktraders.com\/de\/finanznachrichten\/eckert-ziegler-se-aktienkurs-stuerzt-auf-neues-tief-aktiensplit-als-ursache\/\"},\"author\":{\"name\":\"Asktraders News Team\",\"@id\":\"https:\/\/www.asktraders.com\/de\/#\/schema\/person\/a9018e69daa9a7bd7a92bab40944424f\",\"url\":\"https:\/\/www.asktraders.com\/de\/author\/asktraders-news-team\/\"},\"headline\":\"Eckert &#038; Ziegler SE: Aktienkurs st\u00fcrzt auf neues Tief \u2013 Aktiensplit als Ursache?\",\"datePublished\":\"2025-08-13T14:03:15+00:00\",\"dateModified\":\"2025-08-13T14:03:20+00:00\",\"mainEntityOfPage\":{\"@id\":\"https:\/\/www.asktraders.com\/de\/finanznachrichten\/eckert-ziegler-se-aktienkurs-stuerzt-auf-neues-tief-aktiensplit-als-ursache\/\"},\"wordCount\":712,\"publisher\":{\"@id\":\"https:\/\/www.asktraders.com\/de\/#organization\"},\"image\":{\"@id\":\"https:\/\/www.asktraders.com\/de\/finanznachrichten\/eckert-ziegler-se-aktienkurs-stuerzt-auf-neues-tief-aktiensplit-als-ursache\/#primaryimage\"},\"thumbnailUrl\":\"https:\/\/www.asktraders.com\/wp-content\/uploads\/2025\/08\/Eckert-and-Ziegler-logo.png\",\"inLanguage\":\"de-DE\"},{\"@type\":\"WebPage\",\"@id\":\"https:\/\/www.asktraders.com\/de\/finanznachrichten\/eckert-ziegler-se-aktienkurs-stuerzt-auf-neues-tief-aktiensplit-als-ursache\/\",\"url\":\"https:\/\/www.asktraders.com\/de\/finanznachrichten\/eckert-ziegler-se-aktienkurs-stuerzt-auf-neues-tief-aktiensplit-als-ursache\/\",\"name\":\"Eckert & Ziegler SE: Aktienkurs st\u00fcrzt auf neues Tief \u2013 Aktiensplit als Ursache? | AskTraders.com %\",\"isPartOf\":{\"@id\":\"https:\/\/www.asktraders.com\/de\/#website\"},\"primaryImageOfPage\":{\"@id\":\"https:\/\/www.asktraders.com\/de\/finanznachrichten\/eckert-ziegler-se-aktienkurs-stuerzt-auf-neues-tief-aktiensplit-als-ursache\/#primaryimage\"},\"image\":{\"@id\":\"https:\/\/www.asktraders.com\/de\/finanznachrichten\/eckert-ziegler-se-aktienkurs-stuerzt-auf-neues-tief-aktiensplit-als-ursache\/#primaryimage\"},\"thumbnailUrl\":\"https:\/\/www.asktraders.com\/wp-content\/uploads\/2025\/08\/Eckert-and-Ziegler-logo.png\",\"datePublished\":\"2025-08-13T14:03:15+00:00\",\"dateModified\":\"2025-08-13T14:03:20+00:00\",\"description\":\"Die Aktie von Eckert &amp; Ziegler SE (ETR:EUZ) erlebte einen dramatischen Kurssturz und erreichte ein neues Tief von 18,75 \u20ac. Dieser deutliche R\u00fcckgang\",\"breadcrumb\":{\"@id\":\"https:\/\/www.asktraders.com\/de\/finanznachrichten\/eckert-ziegler-se-aktienkurs-stuerzt-auf-neues-tief-aktiensplit-als-ursache\/#breadcrumb\"},\"inLanguage\":\"de-DE\",\"potentialAction\":[{\"@type\":\"ReadAction\",\"target\":[\"https:\/\/www.asktraders.com\/de\/finanznachrichten\/eckert-ziegler-se-aktienkurs-stuerzt-auf-neues-tief-aktiensplit-als-ursache\/\"]}]},{\"@type\":\"ImageObject\",\"inLanguage\":\"de-DE\",\"@id\":\"https:\/\/www.asktraders.com\/de\/finanznachrichten\/eckert-ziegler-se-aktienkurs-stuerzt-auf-neues-tief-aktiensplit-als-ursache\/#primaryimage\",\"url\":\"https:\/\/www.asktraders.com\/wp-content\/uploads\/2025\/08\/Eckert-and-Ziegler-logo.png\",\"contentUrl\":\"https:\/\/www.asktraders.com\/wp-content\/uploads\/2025\/08\/Eckert-and-Ziegler-logo.png\",\"width\":896,\"height\":423,\"caption\":\"Eckert & Ziegler logo\"},{\"@type\":\"BreadcrumbList\",\"@id\":\"https:\/\/www.asktraders.com\/de\/finanznachrichten\/eckert-ziegler-se-aktienkurs-stuerzt-auf-neues-tief-aktiensplit-als-ursache\/#breadcrumb\",\"itemListElement\":[{\"@type\":\"ListItem\",\"position\":1,\"name\":\"Home\",\"item\":\"https:\/\/www.asktraders.com\/de\/\"},{\"@type\":\"ListItem\",\"position\":2,\"name\":\"News\",\"item\":\"https:\/\/www.asktraders.com\/de\/finanznachrichten\/\"},{\"@type\":\"ListItem\",\"position\":3,\"name\":\"Eckert &#038; Ziegler SE: Aktienkurs st\u00fcrzt auf neues Tief \u2013 Aktiensplit als Ursache?\"}]},{\"@type\":\"WebSite\",\"@id\":\"https:\/\/www.asktraders.com\/de\/#website\",\"url\":\"https:\/\/www.asktraders.com\/de\/\",\"name\":\"AskTraders\",\"description\":\"Guiding You To Trading Success\",\"publisher\":{\"@id\":\"https:\/\/www.asktraders.com\/de\/#organization\"},\"inLanguage\":\"de-DE\"},{\"@type\":\"Organization\",\"@id\":\"https:\/\/www.asktraders.com\/de\/#organization\",\"name\":\"AskTraders\",\"url\":\"https:\/\/www.asktraders.com\/de\/\",\"logo\":{\"@type\":\"ImageObject\",\"inLanguage\":\"de-DE\",\"@id\":\"https:\/\/www.asktraders.com\/de\/#\/schema\/logo\/image\/\",\"url\":\"https:\/\/www.asktraders.com\/wp-content\/uploads\/2019\/05\/asktraders-logo-tm-white.png\",\"contentUrl\":\"https:\/\/www.asktraders.com\/wp-content\/uploads\/2019\/05\/asktraders-logo-tm-white.png\",\"width\":232,\"height\":38,\"caption\":\"AskTraders\"},\"image\":{\"@id\":\"https:\/\/www.asktraders.com\/de\/#\/schema\/logo\/image\/\"},\"sameAs\":[\"https:\/\/www.facebook.com\/asktraderscom\",\"https:\/\/x.com\/Asktraders1\"]},{\"@type\":\"Person\",\"@id\":\"https:\/\/www.asktraders.com\/de\/#\/schema\/person\/a9018e69daa9a7bd7a92bab40944424f\",\"name\":\"Asktraders News Team\",\"image\":{\"@type\":\"ImageObject\",\"inLanguage\":\"de-DE\",\"@id\":\"https:\/\/secure.gravatar.com\/avatar\/4adf30b4bdba8095517be51a6d33eac85d275459c6da979b73dabd753924f280?s=96&d=mm&r=g\",\"url\":\"https:\/\/secure.gravatar.com\/avatar\/4adf30b4bdba8095517be51a6d33eac85d275459c6da979b73dabd753924f280?s=96&d=mm&r=g\",\"contentUrl\":\"https:\/\/secure.gravatar.com\/avatar\/4adf30b4bdba8095517be51a6d33eac85d275459c6da979b73dabd753924f280?s=96&d=mm&r=g\",\"caption\":\"Asktraders News Team\"}}]}<\/script>\n<!-- \/ Yoast SEO plugin. -->","yoast_head_json":{"title":"Eckert & Ziegler SE: Aktienkurs st\u00fcrzt auf neues Tief \u2013 Aktiensplit als Ursache? | AskTraders.com %","description":"Die Aktie von Eckert &amp; Ziegler SE (ETR:EUZ) erlebte einen dramatischen Kurssturz und erreichte ein neues Tief von 18,75 \u20ac. Dieser deutliche R\u00fcckgang","robots":{"index":"index","follow":"follow","max-snippet":"max-snippet:-1","max-image-preview":"max-image-preview:large","max-video-preview":"max-video-preview:-1"},"canonical":"https:\/\/www.asktraders.com\/de\/finanznachrichten\/eckert-ziegler-se-aktienkurs-stuerzt-auf-neues-tief-aktiensplit-als-ursache\/","og_locale":"de_DE","og_type":"article","og_title":"Eckert & Ziegler SE: Aktienkurs st\u00fcrzt auf neues Tief \u2013 Aktiensplit als Ursache? | AskTraders.com %","og_description":"Die Aktie von Eckert &amp; Ziegler SE (ETR:EUZ) erlebte einen dramatischen Kurssturz und erreichte ein neues Tief von 18,75 \u20ac. Dieser deutliche R\u00fcckgang","og_url":"https:\/\/www.asktraders.com\/de\/finanznachrichten\/eckert-ziegler-se-aktienkurs-stuerzt-auf-neues-tief-aktiensplit-als-ursache\/","og_site_name":"AskTraders.com","article_publisher":"https:\/\/www.facebook.com\/asktraderscom","article_modified_time":"2025-08-13T14:03:20+00:00","og_image":[{"width":896,"height":423,"url":"https:\/\/www.asktraders.com\/wp-content\/uploads\/2025\/08\/Eckert-and-Ziegler-logo.png","type":"image\/png"}],"twitter_card":"summary_large_image","twitter_site":"@Asktraders1","twitter_misc":{"Gesch\u00e4tzte Lesezeit":"4 Minuten"},"schema":{"@context":"https:\/\/schema.org","@graph":[{"@type":"NewsArticle","@id":"https:\/\/www.asktraders.com\/de\/finanznachrichten\/eckert-ziegler-se-aktienkurs-stuerzt-auf-neues-tief-aktiensplit-als-ursache\/#article","isPartOf":{"@id":"https:\/\/www.asktraders.com\/de\/finanznachrichten\/eckert-ziegler-se-aktienkurs-stuerzt-auf-neues-tief-aktiensplit-als-ursache\/"},"author":{"name":"Asktraders News Team","@id":"https:\/\/www.asktraders.com\/de\/#\/schema\/person\/a9018e69daa9a7bd7a92bab40944424f","url":"https:\/\/www.asktraders.com\/de\/author\/asktraders-news-team\/"},"headline":"Eckert &#038; Ziegler SE: Aktienkurs st\u00fcrzt auf neues Tief \u2013 Aktiensplit als Ursache?","datePublished":"2025-08-13T14:03:15+00:00","dateModified":"2025-08-13T14:03:20+00:00","mainEntityOfPage":{"@id":"https:\/\/www.asktraders.com\/de\/finanznachrichten\/eckert-ziegler-se-aktienkurs-stuerzt-auf-neues-tief-aktiensplit-als-ursache\/"},"wordCount":712,"publisher":{"@id":"https:\/\/www.asktraders.com\/de\/#organization"},"image":{"@id":"https:\/\/www.asktraders.com\/de\/finanznachrichten\/eckert-ziegler-se-aktienkurs-stuerzt-auf-neues-tief-aktiensplit-als-ursache\/#primaryimage"},"thumbnailUrl":"https:\/\/www.asktraders.com\/wp-content\/uploads\/2025\/08\/Eckert-and-Ziegler-logo.png","inLanguage":"de-DE"},{"@type":"WebPage","@id":"https:\/\/www.asktraders.com\/de\/finanznachrichten\/eckert-ziegler-se-aktienkurs-stuerzt-auf-neues-tief-aktiensplit-als-ursache\/","url":"https:\/\/www.asktraders.com\/de\/finanznachrichten\/eckert-ziegler-se-aktienkurs-stuerzt-auf-neues-tief-aktiensplit-als-ursache\/","name":"Eckert & Ziegler SE: Aktienkurs st\u00fcrzt auf neues Tief \u2013 Aktiensplit als Ursache? | AskTraders.com %","isPartOf":{"@id":"https:\/\/www.asktraders.com\/de\/#website"},"primaryImageOfPage":{"@id":"https:\/\/www.asktraders.com\/de\/finanznachrichten\/eckert-ziegler-se-aktienkurs-stuerzt-auf-neues-tief-aktiensplit-als-ursache\/#primaryimage"},"image":{"@id":"https:\/\/www.asktraders.com\/de\/finanznachrichten\/eckert-ziegler-se-aktienkurs-stuerzt-auf-neues-tief-aktiensplit-als-ursache\/#primaryimage"},"thumbnailUrl":"https:\/\/www.asktraders.com\/wp-content\/uploads\/2025\/08\/Eckert-and-Ziegler-logo.png","datePublished":"2025-08-13T14:03:15+00:00","dateModified":"2025-08-13T14:03:20+00:00","description":"Die Aktie von Eckert &amp; Ziegler SE (ETR:EUZ) erlebte einen dramatischen Kurssturz und erreichte ein neues Tief von 18,75 \u20ac. Dieser deutliche R\u00fcckgang","breadcrumb":{"@id":"https:\/\/www.asktraders.com\/de\/finanznachrichten\/eckert-ziegler-se-aktienkurs-stuerzt-auf-neues-tief-aktiensplit-als-ursache\/#breadcrumb"},"inLanguage":"de-DE","potentialAction":[{"@type":"ReadAction","target":["https:\/\/www.asktraders.com\/de\/finanznachrichten\/eckert-ziegler-se-aktienkurs-stuerzt-auf-neues-tief-aktiensplit-als-ursache\/"]}]},{"@type":"ImageObject","inLanguage":"de-DE","@id":"https:\/\/www.asktraders.com\/de\/finanznachrichten\/eckert-ziegler-se-aktienkurs-stuerzt-auf-neues-tief-aktiensplit-als-ursache\/#primaryimage","url":"https:\/\/www.asktraders.com\/wp-content\/uploads\/2025\/08\/Eckert-and-Ziegler-logo.png","contentUrl":"https:\/\/www.asktraders.com\/wp-content\/uploads\/2025\/08\/Eckert-and-Ziegler-logo.png","width":896,"height":423,"caption":"Eckert & Ziegler logo"},{"@type":"BreadcrumbList","@id":"https:\/\/www.asktraders.com\/de\/finanznachrichten\/eckert-ziegler-se-aktienkurs-stuerzt-auf-neues-tief-aktiensplit-als-ursache\/#breadcrumb","itemListElement":[{"@type":"ListItem","position":1,"name":"Home","item":"https:\/\/www.asktraders.com\/de\/"},{"@type":"ListItem","position":2,"name":"News","item":"https:\/\/www.asktraders.com\/de\/finanznachrichten\/"},{"@type":"ListItem","position":3,"name":"Eckert &#038; Ziegler SE: Aktienkurs st\u00fcrzt auf neues Tief \u2013 Aktiensplit als Ursache?"}]},{"@type":"WebSite","@id":"https:\/\/www.asktraders.com\/de\/#website","url":"https:\/\/www.asktraders.com\/de\/","name":"AskTraders","description":"Guiding You To Trading Success","publisher":{"@id":"https:\/\/www.asktraders.com\/de\/#organization"},"inLanguage":"de-DE"},{"@type":"Organization","@id":"https:\/\/www.asktraders.com\/de\/#organization","name":"AskTraders","url":"https:\/\/www.asktraders.com\/de\/","logo":{"@type":"ImageObject","inLanguage":"de-DE","@id":"https:\/\/www.asktraders.com\/de\/#\/schema\/logo\/image\/","url":"https:\/\/www.asktraders.com\/wp-content\/uploads\/2019\/05\/asktraders-logo-tm-white.png","contentUrl":"https:\/\/www.asktraders.com\/wp-content\/uploads\/2019\/05\/asktraders-logo-tm-white.png","width":232,"height":38,"caption":"AskTraders"},"image":{"@id":"https:\/\/www.asktraders.com\/de\/#\/schema\/logo\/image\/"},"sameAs":["https:\/\/www.facebook.com\/asktraderscom","https:\/\/x.com\/Asktraders1"]},{"@type":"Person","@id":"https:\/\/www.asktraders.com\/de\/#\/schema\/person\/a9018e69daa9a7bd7a92bab40944424f","name":"Asktraders News Team","image":{"@type":"ImageObject","inLanguage":"de-DE","@id":"https:\/\/secure.gravatar.com\/avatar\/4adf30b4bdba8095517be51a6d33eac85d275459c6da979b73dabd753924f280?s=96&d=mm&r=g","url":"https:\/\/secure.gravatar.com\/avatar\/4adf30b4bdba8095517be51a6d33eac85d275459c6da979b73dabd753924f280?s=96&d=mm&r=g","contentUrl":"https:\/\/secure.gravatar.com\/avatar\/4adf30b4bdba8095517be51a6d33eac85d275459c6da979b73dabd753924f280?s=96&d=mm&r=g","caption":"Asktraders News Team"}}]}},"_links":{"self":[{"href":"https:\/\/www.asktraders.com\/de\/wp-json\/wp\/v2\/news\/232901","targetHints":{"allow":["GET"]}}],"collection":[{"href":"https:\/\/www.asktraders.com\/de\/wp-json\/wp\/v2\/news"}],"about":[{"href":"https:\/\/www.asktraders.com\/de\/wp-json\/wp\/v2\/types\/news"}],"author":[{"embeddable":true,"href":"https:\/\/www.asktraders.com\/de\/wp-json\/wp\/v2\/users\/873"}],"replies":[{"embeddable":true,"href":"https:\/\/www.asktraders.com\/de\/wp-json\/wp\/v2\/comments?post=232901"}],"version-history":[{"count":0,"href":"https:\/\/www.asktraders.com\/de\/wp-json\/wp\/v2\/news\/232901\/revisions"}],"wp:featuredmedia":[{"embeddable":true,"href":"https:\/\/www.asktraders.com\/de\/wp-json\/wp\/v2\/media\/233012"}],"wp:attachment":[{"href":"https:\/\/www.asktraders.com\/de\/wp-json\/wp\/v2\/media?parent=232901"}],"wp:term":[{"taxonomy":"news_cluster","embeddable":true,"href":"https:\/\/www.asktraders.com\/de\/wp-json\/wp\/v2\/news_cluster?post=232901"},{"taxonomy":"tradingcategory","embeddable":true,"href":"https:\/\/www.asktraders.com\/de\/wp-json\/wp\/v2\/tradingcategory?post=232901"}],"curies":[{"name":"wp","href":"https:\/\/api.w.org\/{rel}","templated":true}]}}