{"id":233597,"date":"2025-08-18T14:13:10","date_gmt":"2025-08-18T13:13:10","guid":{"rendered":"https:\/\/www.asktraders.com\/?post_type=news&#038;p=233597"},"modified":"2025-08-18T14:13:15","modified_gmt":"2025-08-18T13:13:15","slug":"basler-ag-aktie-auf-jahreshoch-wird-die-15-euro-marke-zur-neuen-unterstuetzung","status":"publish","type":"news","link":"https:\/\/www.asktraders.com\/de\/finanznachrichten\/basler-ag-aktie-auf-jahreshoch-wird-die-15-euro-marke-zur-neuen-unterstuetzung\/","title":{"rendered":"Basler AG Aktie auf Jahreshoch \u2013 Wird die 15-Euro-Marke zur neuen Unterst\u00fctzung?"},"content":{"rendered":"\n<p>Die Aktien der Basler AG (ETR:BSL) haben heute ein neues Hoch von 15,26 \u20ac erreicht, was einem Anstieg von \u00fcber 140 % seit Jahresbeginn. Diese bemerkenswerte Performance wirft die Frage auf, ob die psychologisch wichtige Marke von 15 \u20ac von einem Widerstand zu einer stabilen Unterst\u00fctzung werden kann.<\/p>\n\n\n<stock-market-widget type=\"chart\" template=\"candlestick\" assets=\"BSL.DE\" range=\"1y\" interval=\"1d\" price_field=\"close\" heading=\"{symbol}\" candle_border_width=\"1\" candle_bullish_background_color=\"#21BA45\" candle_bearish_background_color=\"#DB2828\" candle_bullish_border_color=\"#21BA45\" candle_bearish_border_color=\"#DB2828\" axes_color=\"#000000\" tooltip_text_color=\"#262626\" tooltip_background_color=\"#ffffff\" range_selector=\"true\" volume_enabled=\"false\" axes_enabled=\"true\" tooltip_enabled=\"true\" zoom_enabled=\"true\" save_image_enabled=\"true\" cursor_enabled=\"true\" api=\"yahoo-finance\"><\/stock-market-widget>\n\n\n\n<p>Die Basler AG hat im bisherigen Jahresverlauf eine au\u00dfergew\u00f6hnliche Performance gezeigt, was auf eine starke Dynamik hindeutet, insbesondere angesichts der j\u00fcngsten \u00fcbertroffenen Gewinnerwartungen und der nach oben korrigierten Prognosen.<\/p>\n\n\n\n<p>Im zweiten Quartal 2025 meldete das Unternehmen einen Gewinn pro Aktie (EPS) von 0,054 \u20ac, gegen\u00fcber 0,017 \u20ac im zweiten Quartal 2024. Dies spiegelt eine verbesserte Rentabilit\u00e4t wider. Die Aktie wird aktuell mit einem Forward-KGV von 68,9x f\u00fcr 2025 gehandelt, was hoch ist.<\/p>\n\n\n\n<p>Obwohl die genauen Werte f\u00fcr kurz- und langfristige gleitende Durchschnitte nicht explizit genannt werden, deutet der konsistente Aufw\u00e4rtstrend und der j\u00fcngste Ausbruch \u00fcber die 15 \u20ac Marke auf eine starke bullische Dynamik hin. Wenn der Kurs \u00fcber fr\u00fcheren Widerstandsniveaus (wie 15 \u20ac) bleibt, k\u00f6nnte dieses Niveau, abh\u00e4ngig von anhaltendem Volumen und positiver Stimmung, zu einer Unterst\u00fctzung werden.<\/p>\n\n\n\n<p>Der n\u00e4chste Earnings Report ist f\u00fcr den 6. November 2025 geplant. Die aktuelle Guidance (August 2025) deutet auf erh\u00f6hte Gewinnerwartungen f\u00fcr das Gesamtjahr hin.<\/p>\n\n\n\n<p>Die Marktkapitalisierung betr\u00e4gt 455,68 Mio. \u20ac, der Umsatz (TTM) 202,37 Mio. \u20ac und die Bruttogewinnmarge 46,82 %. Die Nettogewinnmarge liegt bei -1,95 %, zeigt aber einen Verbesserungstrend.<\/p>\n\n\n\n<p>W\u00e4hrend die Euphorie um Basler AG derzeit gro\u00df ist, sollte man nicht vergessen, dass die Aktie bereits einen enormen Anstieg hinter sich hat. Ein Kursanstieg von \u00fcber 140 % seit Jahresbeginn ist nicht nachhaltig und birgt das Risiko einer deutlichen Korrektur. Das hohe Forward-KGV deutet darauf hin, dass die Aktie bereits sehr ambitioniert bewertet ist und wenig Spielraum f\u00fcr Entt\u00e4uschungen l\u00e4sst. <\/p>\n\n\n\n<p>Sollte das Unternehmen die hohen Erwartungen nicht erf\u00fcllen k\u00f6nnen, droht ein Kursrutsch. Zudem ist die negative Nettogewinnmarge ein Warnsignal, das nicht ignoriert werden sollte. Auch wenn das Unternehmen einen Verbesserungstrend zeigt, ist es noch nicht profitabel.<\/p>\n\n\n\n<p>F\u00fcr das n\u00e4chste Jahr wird ein Umsatzwachstum von 4,21 % erwartet. Dar\u00fcber hinaus wird ein j\u00e4hrliches Gewinnwachstum von 107,84 % prognostiziert, was ein starkes Potenzial f\u00fcr Rentabilit\u00e4tsverbesserungen signalisiert.<\/p>\n\n\n\n<p>Die Aktie wird nun genau beobachtet, da die Markt auf weitere Anzeichen daf\u00fcr wartet, ob die Marke von 15 \u20ac nachhaltig gehalten werden kann. Der n\u00e4chste Earningsrelease im November wird ein wichtiger Test sein, um die aktuelle Bewertung zu rechtfertigen.<\/p>\n\n\n<aside class=\"wp-block-related-posts  \" data-sidebar>\n                    \n\n<h2 class=\"wp-block-heading\"  class=\"wp-block-heading\"  id=\"aktien_lernen\">Aktien Lernen<\/h2>\n\n\n        <ul class=\"grid grid-cols-1 md:grid-cols-2 gap-4 lg:grid-cols-1\">\n                            <li class=\"w-full p-3 rounded-lg shadow md:w-full\">\n                    <a href=\"https:\/\/www.asktraders.com\/de\/dax40\/\" class=\"flex\">\n                        <img loading=\"lazy\" decoding=\"async\" width=\"150\" height=\"150\" src=\"https:\/\/www.asktraders.com\/wp-content\/uploads\/2020\/09\/DAX-handeln-150x150.jpg\" class=\"w-1\/3 rounded object-cover  wp-post-image\" alt=\"DAX handeln\" \/>\n                        <div class=\"flex flex-col w-2\/3 pl-3\">\n                                                        <span\n                                class=\"block py-1 grow text-sm font-bold \">DAX 40 heute aktuell | Index, Kurs und Prognose<\/span>\n                                                            <span class=\"text-xs uppercase\">\n                                    Analyst Team\n                                <\/span>\n                                                    <\/div>\n                    <\/a>\n                <\/li>\n                            <li class=\"w-full p-3 rounded-lg shadow md:w-full\">\n                    <a href=\"https:\/\/www.asktraders.com\/learn-to-trade\/stock-trading\/how-to-trade-stocks\/\" class=\"flex\">\n                        <img loading=\"lazy\" decoding=\"async\" width=\"150\" height=\"150\" src=\"https:\/\/www.asktraders.com\/wp-content\/uploads\/2020\/08\/how-to-trade-stocks-01-150x150.jpg\" class=\"w-1\/3 rounded object-cover  wp-post-image\" alt=\"how to trade stocks\" \/>\n                        <div class=\"flex flex-col w-2\/3 pl-3\">\n                                                        <span\n                                class=\"block py-1 grow text-sm font-bold \">How To Trade Stocks &#8211; The Guide For Beginners<\/span>\n                                                            <span class=\"text-xs uppercase\">\n                                    Analyst Team\n                                <\/span>\n                                                    <\/div>\n                    <\/a>\n                <\/li>\n                            <li class=\"w-full p-3 rounded-lg shadow md:w-full\">\n                    <a href=\"https:\/\/www.asktraders.com\/de\/traden-lernen\/trading-ratgeber\/nachhaltige-etf\/\" class=\"flex\">\n                        <img loading=\"lazy\" decoding=\"async\" width=\"150\" height=\"150\" src=\"https:\/\/www.asktraders.com\/wp-content\/uploads\/2020\/08\/Nachhaltige-ETF-150x150.jpg\" class=\"w-1\/3 rounded object-cover  wp-post-image\" alt=\"Nachhaltige ETF\" \/>\n                        <div class=\"flex flex-col w-2\/3 pl-3\">\n                                                        <span\n                                class=\"block py-1 grow text-sm font-bold \">Nachhaltige ETF \u2013 Wo lohnt sich die Investition in \u00d6ko ETFs?<\/span>\n                                                            <span class=\"text-xs uppercase\">\n                                    Nigel Frith\n                                <\/span>\n                                                    <\/div>\n                    <\/a>\n                <\/li>\n                            <li class=\"w-full p-3 rounded-lg shadow md:w-full\">\n                    <a href=\"https:\/\/www.asktraders.com\/de\/traden-lernen\/trading-strategien\/vwap-strategie\/\" class=\"flex\">\n                        <img loading=\"lazy\" decoding=\"async\" width=\"150\" height=\"150\" src=\"https:\/\/www.asktraders.com\/wp-content\/uploads\/2021\/09\/VWAP-Trading-Strategy-Guide-Examples-150x150.jpg\" class=\"w-1\/3 rounded object-cover  wp-post-image\" alt=\"VWAP Trading Strategy Guide &amp; Examples\" \/>\n                        <div class=\"flex flex-col w-2\/3 pl-3\">\n                                                        <span\n                                class=\"block py-1 grow text-sm font-bold \">VWAP Strategie Anwendung &amp; Beispiele<\/span>\n                                                            <span class=\"text-xs uppercase\">\n                                    Analyst Team\n                                <\/span>\n                                                    <\/div>\n                    <\/a>\n                <\/li>\n                            <li class=\"w-full p-3 rounded-lg shadow md:w-full\">\n                    <a href=\"https:\/\/www.asktraders.com\/de\/traden-lernen\/trading-strategien\/was-ist-scalping\/\" class=\"flex\">\n                        <img loading=\"lazy\" decoding=\"async\" width=\"150\" height=\"150\" src=\"https:\/\/www.asktraders.com\/wp-content\/uploads\/2020\/03\/what-is-scalping-150x150.jpg\" class=\"w-1\/3 rounded object-cover  wp-post-image\" alt=\"what is scalping\" \/>\n                        <div class=\"flex flex-col w-2\/3 pl-3\">\n                                                        <span\n                                class=\"block py-1 grow text-sm font-bold \">Was ist Scalping? Strategien, Tipps &amp; Beispiele<\/span>\n                                                            <span class=\"text-xs uppercase\">\n                                    Analyst Team\n                                <\/span>\n                                                    <\/div>\n                    <\/a>\n                <\/li>\n                            <li class=\"w-full p-3 rounded-lg shadow md:w-full\">\n                    <a href=\"https:\/\/www.asktraders.com\/learn-to-trade\/guides\/etoro-analysis-of-trading-signals-sentiment-resources\/\" class=\"flex\">\n                        <img loading=\"lazy\" decoding=\"async\" width=\"150\" height=\"150\" src=\"https:\/\/www.asktraders.com\/wp-content\/uploads\/2022\/12\/eToro-Analysis-of-Trading-Signals-Sentiment-Resources-150x150.jpg\" class=\"w-1\/3 rounded object-cover  wp-post-image\" alt=\"eToro Analysis of Trading Signals &amp; Sentiment Resources\" \/>\n                        <div class=\"flex flex-col w-2\/3 pl-3\">\n                                                        <span\n                                class=\"block py-1 grow text-sm font-bold \">eToro \u2013 Analysis of Trading Signals &amp; Sentiment Resources<\/span>\n                                                            <span class=\"text-xs uppercase\">\n                                    Justin Freeman\n                                <\/span>\n                                                    <\/div>\n                    <\/a>\n                <\/li>\n                    <\/ul>\n            \n    <\/aside>\n\n\n<div class=\"wp-block-top5-broker\" data-sidebar>\n        <div>\n        \n\n<h2 class=\"wp-block-heading\"  class=\"wp-block-heading\"  id=\"\"><\/h2>\n\n\n    <\/div>\n            <div class=\"block bg-white rounded-lg shadow\">\n        <ul\n            class=\"flex flex-wrap w-full -mb-px list-none border-b-2 navTabs \">\n                                                                                                        <\/ul>\n                    <div class=\"navTabContent \" id=\"top5-tab1\">\n                <ol class=\"flex\n                flex-wrap\n                \">\n                                    <\/ol>\n                            <\/div>\n                    <div class=\"navTabContent hidden\" id=\"top5-tab2\">\n                <ol class=\"flex\n                flex-wrap\n                \">\n                                    <\/ol>\n                            <\/div>\n                    <div class=\"navTabContent hidden\" id=\"top5-tab3\">\n                <ol class=\"flex\n                flex-wrap\n                \">\n                                    <\/ol>\n                            <\/div>\n        \n    <\/div>\n    <\/div>\n\n\n<aside class=\"wp-block-related-posts related-posts-latest \" data-sidebar>\n                    \n\n<h2 class=\"wp-block-heading\"  class=\"wp-block-heading\"  id=\"news\">News<\/h2>\n\n\n        <ul class=\"grid grid-cols-1 md:grid-cols-2 gap-4 lg:grid-cols-1\">\n                            <li class=\"w-full p-3 rounded-lg shadow md:w-full\">\n                    <a href=\"https:\/\/www.asktraders.com\/de\/finanznachrichten\/evonik-aktien-erreichen-neues-tief-als-e13-durchbrochen-werden\/\" class=\"flex\">\n                        <img loading=\"lazy\" decoding=\"async\" width=\"150\" height=\"150\" src=\"https:\/\/www.asktraders.com\/wp-content\/uploads\/2023\/05\/evonik-aktie-prognose-150x150.jpg\" class=\"w-1\/3 rounded object-cover  wp-post-image\" alt=\"Evonik Aktie\" \/>\n                        <div class=\"flex flex-col w-2\/3 pl-3\">\n                                                        <span\n                                class=\"block py-1 grow text-sm font-bold \">Evonik Aktien erreichen neues Tief, als \u20ac13 durchbrochen werden<\/span>\n                                                            <span class=\"text-xs uppercase\">\n                                    Analyst Team\n                                <\/span>\n                                                    <\/div>\n                    <\/a>\n                <\/li>\n                            <li class=\"w-full p-3 rounded-lg shadow md:w-full\">\n                    <a href=\"https:\/\/www.asktraders.com\/de\/finanznachrichten\/2g-energy-ag-aktie-erholt-sich-von-unterstuetzung-steigerung-von-10\/\" class=\"flex\">\n                        <img loading=\"lazy\" decoding=\"async\" width=\"150\" height=\"150\" src=\"https:\/\/www.asktraders.com\/wp-content\/uploads\/2025\/08\/power-and-energy-150x150.jpg\" class=\"w-1\/3 rounded object-cover  wp-post-image\" alt=\"Uniper UN0\" \/>\n                        <div class=\"flex flex-col w-2\/3 pl-3\">\n                                                        <span\n                                class=\"block py-1 grow text-sm font-bold \">2G Energy AG Aktie erholt sich von Unterst\u00fctzung \u2013 Steigerung von 10%<\/span>\n                                                            <span class=\"text-xs uppercase\">\n                                    Analyst Team\n                                <\/span>\n                                                    <\/div>\n                    <\/a>\n                <\/li>\n                            <li class=\"w-full p-3 rounded-lg shadow md:w-full\">\n                    <a href=\"https:\/\/www.asktraders.com\/de\/finanznachrichten\/mercedes-benz-aktie-goldman-sachs-initiiert-analystendeckung-mit-positiver-einschaetzung\/\" class=\"flex\">\n                        <img loading=\"lazy\" decoding=\"async\" width=\"150\" height=\"150\" src=\"https:\/\/www.asktraders.com\/wp-content\/uploads\/2023\/06\/aktie-mercedes-150x150.jpg\" class=\"w-1\/3 rounded object-cover  wp-post-image\" alt=\"Mercedes Aktie\" \/>\n                        <div class=\"flex flex-col w-2\/3 pl-3\">\n                                                        <span\n                                class=\"block py-1 grow text-sm font-bold \">Mercedes-Benz Aktie: Goldman Sachs initiiert Analystendeckung mit positiver Einsch\u00e4tzung<\/span>\n                                                            <span class=\"text-xs uppercase\">\n                                    Analyst Team\n                                <\/span>\n                                                    <\/div>\n                    <\/a>\n                <\/li>\n                            <li class=\"w-full p-3 rounded-lg shadow md:w-full\">\n                    <a href=\"https:\/\/www.asktraders.com\/de\/finanznachrichten\/dax-aktien-erholen-sich-nach-nvidia-beben-maerkte-atmen-auf\/\" class=\"flex\">\n                        <img loading=\"lazy\" decoding=\"async\" width=\"150\" height=\"150\" src=\"https:\/\/www.asktraders.com\/wp-content\/uploads\/2023\/04\/dax-handeln-150x150.jpg\" class=\"w-1\/3 rounded object-cover  wp-post-image\" alt=\"\" \/>\n                        <div class=\"flex flex-col w-2\/3 pl-3\">\n                                                        <span\n                                class=\"block py-1 grow text-sm font-bold \">DAX-Aktien erholen sich nach Nvidia-Beben: M\u00e4rkte atmen auf<\/span>\n                                                            <span class=\"text-xs uppercase\">\n                                    Analyst Team\n                                <\/span>\n                                                    <\/div>\n                    <\/a>\n                <\/li>\n                            <li class=\"w-full p-3 rounded-lg shadow md:w-full\">\n                    <a href=\"https:\/\/www.asktraders.com\/de\/finanznachrichten\/rheinmetall-aktien-finden-unterstuetzung-bei-1-600-e-wie-geht-es-weiter\/\" class=\"flex\">\n                        <img loading=\"lazy\" decoding=\"async\" width=\"150\" height=\"150\" src=\"https:\/\/www.asktraders.com\/wp-content\/uploads\/2022\/11\/Die-Rheinmetall-Aktie-im-Chart-150x150.jpg\" class=\"w-1\/3 rounded object-cover  wp-post-image\" alt=\"Die Rheinmetall Aktie im Chart\" \/>\n                        <div class=\"flex flex-col w-2\/3 pl-3\">\n                                                        <span\n                                class=\"block py-1 grow text-sm font-bold \">Rheinmetall-Aktien finden Unterst\u00fctzung bei 1.600 \u20ac \u2013 Wie geht es weiter?<\/span>\n                                                            <span class=\"text-xs uppercase\">\n                                    Analyst Team\n                                <\/span>\n                                                    <\/div>\n                    <\/a>\n                <\/li>\n                    <\/ul>\n            \n    <\/aside>\n","protected":false},"author":873,"featured_media":233600,"comment_status":"closed","ping_status":"closed","template":"","news_cluster":[],"tradingcategory":[58519],"class_list":["post-233597","news","type-news","status-publish","has-post-thumbnail","hentry","tradingcategory-news-de"],"acf":[],"apple_news_notices":[],"yoast_head":"<!-- This site is optimized with the Yoast SEO plugin v27.2 - https:\/\/yoast.com\/product\/yoast-seo-wordpress\/ -->\n<title>Basler AG Aktie auf Jahreshoch \u2013 Wird die 15-Euro-Marke zur neuen Unterst\u00fctzung? | AskTraders.com %<\/title>\n<meta name=\"description\" content=\"Die Aktien der Basler AG (ETR:BSL) haben heute ein neues Hoch von 15,26 \u20ac erreicht, was einem Anstieg von \u00fcber 140 % seit Jahresbeginn. Diese\" \/>\n<meta name=\"robots\" content=\"index, follow, max-snippet:-1, max-image-preview:large, max-video-preview:-1\" \/>\n<link rel=\"canonical\" href=\"https:\/\/www.asktraders.com\/de\/finanznachrichten\/basler-ag-aktie-auf-jahreshoch-wird-die-15-euro-marke-zur-neuen-unterstuetzung\/\" \/>\n<meta property=\"og:locale\" content=\"de_DE\" \/>\n<meta property=\"og:type\" content=\"article\" \/>\n<meta property=\"og:title\" content=\"Basler AG Aktie auf Jahreshoch \u2013 Wird die 15-Euro-Marke zur neuen Unterst\u00fctzung? | AskTraders.com %\" \/>\n<meta property=\"og:description\" content=\"Die Aktien der Basler AG (ETR:BSL) haben heute ein neues Hoch von 15,26 \u20ac erreicht, was einem Anstieg von \u00fcber 140 % seit Jahresbeginn. Diese\" \/>\n<meta property=\"og:url\" content=\"https:\/\/www.asktraders.com\/de\/finanznachrichten\/basler-ag-aktie-auf-jahreshoch-wird-die-15-euro-marke-zur-neuen-unterstuetzung\/\" \/>\n<meta property=\"og:site_name\" content=\"AskTraders.com\" \/>\n<meta property=\"article:publisher\" content=\"https:\/\/www.facebook.com\/asktraderscom\" \/>\n<meta property=\"article:modified_time\" content=\"2025-08-18T13:13:15+00:00\" \/>\n<meta property=\"og:image\" content=\"https:\/\/www.asktraders.com\/wp-content\/uploads\/2025\/08\/basler-logo.jpg\" \/>\n\t<meta property=\"og:image:width\" content=\"320\" \/>\n\t<meta property=\"og:image:height\" content=\"320\" \/>\n\t<meta property=\"og:image:type\" content=\"image\/jpeg\" \/>\n<meta name=\"twitter:card\" content=\"summary_large_image\" \/>\n<meta name=\"twitter:site\" content=\"@Asktraders1\" \/>\n<meta name=\"twitter:label1\" content=\"Gesch\u00e4tzte Lesezeit\" \/>\n\t<meta name=\"twitter:data1\" content=\"3 Minuten\" \/>\n<script type=\"application\/ld+json\" class=\"yoast-schema-graph\">{\"@context\":\"https:\/\/schema.org\",\"@graph\":[{\"@type\":\"NewsArticle\",\"@id\":\"https:\/\/www.asktraders.com\/de\/finanznachrichten\/basler-ag-aktie-auf-jahreshoch-wird-die-15-euro-marke-zur-neuen-unterstuetzung\/#article\",\"isPartOf\":{\"@id\":\"https:\/\/www.asktraders.com\/de\/finanznachrichten\/basler-ag-aktie-auf-jahreshoch-wird-die-15-euro-marke-zur-neuen-unterstuetzung\/\"},\"author\":{\"name\":\"Asktraders News Team\",\"@id\":\"https:\/\/www.asktraders.com\/de\/#\/schema\/person\/a9018e69daa9a7bd7a92bab40944424f\",\"url\":\"https:\/\/www.asktraders.com\/de\/author\/asktraders-news-team\/\"},\"headline\":\"Basler AG Aktie auf Jahreshoch \u2013 Wird die 15-Euro-Marke zur neuen Unterst\u00fctzung?\",\"datePublished\":\"2025-08-18T13:13:10+00:00\",\"dateModified\":\"2025-08-18T13:13:15+00:00\",\"mainEntityOfPage\":{\"@id\":\"https:\/\/www.asktraders.com\/de\/finanznachrichten\/basler-ag-aktie-auf-jahreshoch-wird-die-15-euro-marke-zur-neuen-unterstuetzung\/\"},\"wordCount\":482,\"publisher\":{\"@id\":\"https:\/\/www.asktraders.com\/de\/#organization\"},\"image\":{\"@id\":\"https:\/\/www.asktraders.com\/de\/finanznachrichten\/basler-ag-aktie-auf-jahreshoch-wird-die-15-euro-marke-zur-neuen-unterstuetzung\/#primaryimage\"},\"thumbnailUrl\":\"https:\/\/www.asktraders.com\/wp-content\/uploads\/2025\/08\/basler-logo.jpg\",\"inLanguage\":\"de-DE\"},{\"@type\":\"WebPage\",\"@id\":\"https:\/\/www.asktraders.com\/de\/finanznachrichten\/basler-ag-aktie-auf-jahreshoch-wird-die-15-euro-marke-zur-neuen-unterstuetzung\/\",\"url\":\"https:\/\/www.asktraders.com\/de\/finanznachrichten\/basler-ag-aktie-auf-jahreshoch-wird-die-15-euro-marke-zur-neuen-unterstuetzung\/\",\"name\":\"Basler AG Aktie auf Jahreshoch \u2013 Wird die 15-Euro-Marke zur neuen Unterst\u00fctzung? | AskTraders.com %\",\"isPartOf\":{\"@id\":\"https:\/\/www.asktraders.com\/de\/#website\"},\"primaryImageOfPage\":{\"@id\":\"https:\/\/www.asktraders.com\/de\/finanznachrichten\/basler-ag-aktie-auf-jahreshoch-wird-die-15-euro-marke-zur-neuen-unterstuetzung\/#primaryimage\"},\"image\":{\"@id\":\"https:\/\/www.asktraders.com\/de\/finanznachrichten\/basler-ag-aktie-auf-jahreshoch-wird-die-15-euro-marke-zur-neuen-unterstuetzung\/#primaryimage\"},\"thumbnailUrl\":\"https:\/\/www.asktraders.com\/wp-content\/uploads\/2025\/08\/basler-logo.jpg\",\"datePublished\":\"2025-08-18T13:13:10+00:00\",\"dateModified\":\"2025-08-18T13:13:15+00:00\",\"description\":\"Die Aktien der Basler AG (ETR:BSL) haben heute ein neues Hoch von 15,26 \u20ac erreicht, was einem Anstieg von \u00fcber 140 % seit Jahresbeginn. Diese\",\"breadcrumb\":{\"@id\":\"https:\/\/www.asktraders.com\/de\/finanznachrichten\/basler-ag-aktie-auf-jahreshoch-wird-die-15-euro-marke-zur-neuen-unterstuetzung\/#breadcrumb\"},\"inLanguage\":\"de-DE\",\"potentialAction\":[{\"@type\":\"ReadAction\",\"target\":[\"https:\/\/www.asktraders.com\/de\/finanznachrichten\/basler-ag-aktie-auf-jahreshoch-wird-die-15-euro-marke-zur-neuen-unterstuetzung\/\"]}]},{\"@type\":\"ImageObject\",\"inLanguage\":\"de-DE\",\"@id\":\"https:\/\/www.asktraders.com\/de\/finanznachrichten\/basler-ag-aktie-auf-jahreshoch-wird-die-15-euro-marke-zur-neuen-unterstuetzung\/#primaryimage\",\"url\":\"https:\/\/www.asktraders.com\/wp-content\/uploads\/2025\/08\/basler-logo.jpg\",\"contentUrl\":\"https:\/\/www.asktraders.com\/wp-content\/uploads\/2025\/08\/basler-logo.jpg\",\"width\":320,\"height\":320,\"caption\":\"basler logo\"},{\"@type\":\"BreadcrumbList\",\"@id\":\"https:\/\/www.asktraders.com\/de\/finanznachrichten\/basler-ag-aktie-auf-jahreshoch-wird-die-15-euro-marke-zur-neuen-unterstuetzung\/#breadcrumb\",\"itemListElement\":[{\"@type\":\"ListItem\",\"position\":1,\"name\":\"Home\",\"item\":\"https:\/\/www.asktraders.com\/de\/\"},{\"@type\":\"ListItem\",\"position\":2,\"name\":\"News\",\"item\":\"https:\/\/www.asktraders.com\/de\/finanznachrichten\/\"},{\"@type\":\"ListItem\",\"position\":3,\"name\":\"Basler AG Aktie auf Jahreshoch \u2013 Wird die 15-Euro-Marke zur neuen Unterst\u00fctzung?\"}]},{\"@type\":\"WebSite\",\"@id\":\"https:\/\/www.asktraders.com\/de\/#website\",\"url\":\"https:\/\/www.asktraders.com\/de\/\",\"name\":\"AskTraders\",\"description\":\"Guiding You To Trading Success\",\"publisher\":{\"@id\":\"https:\/\/www.asktraders.com\/de\/#organization\"},\"inLanguage\":\"de-DE\"},{\"@type\":\"Organization\",\"@id\":\"https:\/\/www.asktraders.com\/de\/#organization\",\"name\":\"AskTraders\",\"url\":\"https:\/\/www.asktraders.com\/de\/\",\"logo\":{\"@type\":\"ImageObject\",\"inLanguage\":\"de-DE\",\"@id\":\"https:\/\/www.asktraders.com\/de\/#\/schema\/logo\/image\/\",\"url\":\"https:\/\/www.asktraders.com\/wp-content\/uploads\/2019\/05\/asktraders-logo-tm-white.png\",\"contentUrl\":\"https:\/\/www.asktraders.com\/wp-content\/uploads\/2019\/05\/asktraders-logo-tm-white.png\",\"width\":232,\"height\":38,\"caption\":\"AskTraders\"},\"image\":{\"@id\":\"https:\/\/www.asktraders.com\/de\/#\/schema\/logo\/image\/\"},\"sameAs\":[\"https:\/\/www.facebook.com\/asktraderscom\",\"https:\/\/x.com\/Asktraders1\"]},{\"@type\":\"Person\",\"@id\":\"https:\/\/www.asktraders.com\/de\/#\/schema\/person\/a9018e69daa9a7bd7a92bab40944424f\",\"name\":\"Asktraders News Team\",\"image\":{\"@type\":\"ImageObject\",\"inLanguage\":\"de-DE\",\"@id\":\"https:\/\/secure.gravatar.com\/avatar\/4adf30b4bdba8095517be51a6d33eac85d275459c6da979b73dabd753924f280?s=96&d=mm&r=g\",\"url\":\"https:\/\/secure.gravatar.com\/avatar\/4adf30b4bdba8095517be51a6d33eac85d275459c6da979b73dabd753924f280?s=96&d=mm&r=g\",\"contentUrl\":\"https:\/\/secure.gravatar.com\/avatar\/4adf30b4bdba8095517be51a6d33eac85d275459c6da979b73dabd753924f280?s=96&d=mm&r=g\",\"caption\":\"Asktraders News Team\"}}]}<\/script>\n<!-- \/ Yoast SEO plugin. -->","yoast_head_json":{"title":"Basler AG Aktie auf Jahreshoch \u2013 Wird die 15-Euro-Marke zur neuen Unterst\u00fctzung? | AskTraders.com %","description":"Die Aktien der Basler AG (ETR:BSL) haben heute ein neues Hoch von 15,26 \u20ac erreicht, was einem Anstieg von \u00fcber 140 % seit Jahresbeginn. Diese","robots":{"index":"index","follow":"follow","max-snippet":"max-snippet:-1","max-image-preview":"max-image-preview:large","max-video-preview":"max-video-preview:-1"},"canonical":"https:\/\/www.asktraders.com\/de\/finanznachrichten\/basler-ag-aktie-auf-jahreshoch-wird-die-15-euro-marke-zur-neuen-unterstuetzung\/","og_locale":"de_DE","og_type":"article","og_title":"Basler AG Aktie auf Jahreshoch \u2013 Wird die 15-Euro-Marke zur neuen Unterst\u00fctzung? | AskTraders.com %","og_description":"Die Aktien der Basler AG (ETR:BSL) haben heute ein neues Hoch von 15,26 \u20ac erreicht, was einem Anstieg von \u00fcber 140 % seit Jahresbeginn. Diese","og_url":"https:\/\/www.asktraders.com\/de\/finanznachrichten\/basler-ag-aktie-auf-jahreshoch-wird-die-15-euro-marke-zur-neuen-unterstuetzung\/","og_site_name":"AskTraders.com","article_publisher":"https:\/\/www.facebook.com\/asktraderscom","article_modified_time":"2025-08-18T13:13:15+00:00","og_image":[{"width":320,"height":320,"url":"https:\/\/www.asktraders.com\/wp-content\/uploads\/2025\/08\/basler-logo.jpg","type":"image\/jpeg"}],"twitter_card":"summary_large_image","twitter_site":"@Asktraders1","twitter_misc":{"Gesch\u00e4tzte Lesezeit":"3 Minuten"},"schema":{"@context":"https:\/\/schema.org","@graph":[{"@type":"NewsArticle","@id":"https:\/\/www.asktraders.com\/de\/finanznachrichten\/basler-ag-aktie-auf-jahreshoch-wird-die-15-euro-marke-zur-neuen-unterstuetzung\/#article","isPartOf":{"@id":"https:\/\/www.asktraders.com\/de\/finanznachrichten\/basler-ag-aktie-auf-jahreshoch-wird-die-15-euro-marke-zur-neuen-unterstuetzung\/"},"author":{"name":"Asktraders News Team","@id":"https:\/\/www.asktraders.com\/de\/#\/schema\/person\/a9018e69daa9a7bd7a92bab40944424f","url":"https:\/\/www.asktraders.com\/de\/author\/asktraders-news-team\/"},"headline":"Basler AG Aktie auf Jahreshoch \u2013 Wird die 15-Euro-Marke zur neuen Unterst\u00fctzung?","datePublished":"2025-08-18T13:13:10+00:00","dateModified":"2025-08-18T13:13:15+00:00","mainEntityOfPage":{"@id":"https:\/\/www.asktraders.com\/de\/finanznachrichten\/basler-ag-aktie-auf-jahreshoch-wird-die-15-euro-marke-zur-neuen-unterstuetzung\/"},"wordCount":482,"publisher":{"@id":"https:\/\/www.asktraders.com\/de\/#organization"},"image":{"@id":"https:\/\/www.asktraders.com\/de\/finanznachrichten\/basler-ag-aktie-auf-jahreshoch-wird-die-15-euro-marke-zur-neuen-unterstuetzung\/#primaryimage"},"thumbnailUrl":"https:\/\/www.asktraders.com\/wp-content\/uploads\/2025\/08\/basler-logo.jpg","inLanguage":"de-DE"},{"@type":"WebPage","@id":"https:\/\/www.asktraders.com\/de\/finanznachrichten\/basler-ag-aktie-auf-jahreshoch-wird-die-15-euro-marke-zur-neuen-unterstuetzung\/","url":"https:\/\/www.asktraders.com\/de\/finanznachrichten\/basler-ag-aktie-auf-jahreshoch-wird-die-15-euro-marke-zur-neuen-unterstuetzung\/","name":"Basler AG Aktie auf Jahreshoch \u2013 Wird die 15-Euro-Marke zur neuen Unterst\u00fctzung? | AskTraders.com %","isPartOf":{"@id":"https:\/\/www.asktraders.com\/de\/#website"},"primaryImageOfPage":{"@id":"https:\/\/www.asktraders.com\/de\/finanznachrichten\/basler-ag-aktie-auf-jahreshoch-wird-die-15-euro-marke-zur-neuen-unterstuetzung\/#primaryimage"},"image":{"@id":"https:\/\/www.asktraders.com\/de\/finanznachrichten\/basler-ag-aktie-auf-jahreshoch-wird-die-15-euro-marke-zur-neuen-unterstuetzung\/#primaryimage"},"thumbnailUrl":"https:\/\/www.asktraders.com\/wp-content\/uploads\/2025\/08\/basler-logo.jpg","datePublished":"2025-08-18T13:13:10+00:00","dateModified":"2025-08-18T13:13:15+00:00","description":"Die Aktien der Basler AG (ETR:BSL) haben heute ein neues Hoch von 15,26 \u20ac erreicht, was einem Anstieg von \u00fcber 140 % seit Jahresbeginn. Diese","breadcrumb":{"@id":"https:\/\/www.asktraders.com\/de\/finanznachrichten\/basler-ag-aktie-auf-jahreshoch-wird-die-15-euro-marke-zur-neuen-unterstuetzung\/#breadcrumb"},"inLanguage":"de-DE","potentialAction":[{"@type":"ReadAction","target":["https:\/\/www.asktraders.com\/de\/finanznachrichten\/basler-ag-aktie-auf-jahreshoch-wird-die-15-euro-marke-zur-neuen-unterstuetzung\/"]}]},{"@type":"ImageObject","inLanguage":"de-DE","@id":"https:\/\/www.asktraders.com\/de\/finanznachrichten\/basler-ag-aktie-auf-jahreshoch-wird-die-15-euro-marke-zur-neuen-unterstuetzung\/#primaryimage","url":"https:\/\/www.asktraders.com\/wp-content\/uploads\/2025\/08\/basler-logo.jpg","contentUrl":"https:\/\/www.asktraders.com\/wp-content\/uploads\/2025\/08\/basler-logo.jpg","width":320,"height":320,"caption":"basler logo"},{"@type":"BreadcrumbList","@id":"https:\/\/www.asktraders.com\/de\/finanznachrichten\/basler-ag-aktie-auf-jahreshoch-wird-die-15-euro-marke-zur-neuen-unterstuetzung\/#breadcrumb","itemListElement":[{"@type":"ListItem","position":1,"name":"Home","item":"https:\/\/www.asktraders.com\/de\/"},{"@type":"ListItem","position":2,"name":"News","item":"https:\/\/www.asktraders.com\/de\/finanznachrichten\/"},{"@type":"ListItem","position":3,"name":"Basler AG Aktie auf Jahreshoch \u2013 Wird die 15-Euro-Marke zur neuen Unterst\u00fctzung?"}]},{"@type":"WebSite","@id":"https:\/\/www.asktraders.com\/de\/#website","url":"https:\/\/www.asktraders.com\/de\/","name":"AskTraders","description":"Guiding You To Trading Success","publisher":{"@id":"https:\/\/www.asktraders.com\/de\/#organization"},"inLanguage":"de-DE"},{"@type":"Organization","@id":"https:\/\/www.asktraders.com\/de\/#organization","name":"AskTraders","url":"https:\/\/www.asktraders.com\/de\/","logo":{"@type":"ImageObject","inLanguage":"de-DE","@id":"https:\/\/www.asktraders.com\/de\/#\/schema\/logo\/image\/","url":"https:\/\/www.asktraders.com\/wp-content\/uploads\/2019\/05\/asktraders-logo-tm-white.png","contentUrl":"https:\/\/www.asktraders.com\/wp-content\/uploads\/2019\/05\/asktraders-logo-tm-white.png","width":232,"height":38,"caption":"AskTraders"},"image":{"@id":"https:\/\/www.asktraders.com\/de\/#\/schema\/logo\/image\/"},"sameAs":["https:\/\/www.facebook.com\/asktraderscom","https:\/\/x.com\/Asktraders1"]},{"@type":"Person","@id":"https:\/\/www.asktraders.com\/de\/#\/schema\/person\/a9018e69daa9a7bd7a92bab40944424f","name":"Asktraders News Team","image":{"@type":"ImageObject","inLanguage":"de-DE","@id":"https:\/\/secure.gravatar.com\/avatar\/4adf30b4bdba8095517be51a6d33eac85d275459c6da979b73dabd753924f280?s=96&d=mm&r=g","url":"https:\/\/secure.gravatar.com\/avatar\/4adf30b4bdba8095517be51a6d33eac85d275459c6da979b73dabd753924f280?s=96&d=mm&r=g","contentUrl":"https:\/\/secure.gravatar.com\/avatar\/4adf30b4bdba8095517be51a6d33eac85d275459c6da979b73dabd753924f280?s=96&d=mm&r=g","caption":"Asktraders News Team"}}]}},"_links":{"self":[{"href":"https:\/\/www.asktraders.com\/de\/wp-json\/wp\/v2\/news\/233597","targetHints":{"allow":["GET"]}}],"collection":[{"href":"https:\/\/www.asktraders.com\/de\/wp-json\/wp\/v2\/news"}],"about":[{"href":"https:\/\/www.asktraders.com\/de\/wp-json\/wp\/v2\/types\/news"}],"author":[{"embeddable":true,"href":"https:\/\/www.asktraders.com\/de\/wp-json\/wp\/v2\/users\/873"}],"replies":[{"embeddable":true,"href":"https:\/\/www.asktraders.com\/de\/wp-json\/wp\/v2\/comments?post=233597"}],"version-history":[{"count":0,"href":"https:\/\/www.asktraders.com\/de\/wp-json\/wp\/v2\/news\/233597\/revisions"}],"wp:featuredmedia":[{"embeddable":true,"href":"https:\/\/www.asktraders.com\/de\/wp-json\/wp\/v2\/media\/233600"}],"wp:attachment":[{"href":"https:\/\/www.asktraders.com\/de\/wp-json\/wp\/v2\/media?parent=233597"}],"wp:term":[{"taxonomy":"news_cluster","embeddable":true,"href":"https:\/\/www.asktraders.com\/de\/wp-json\/wp\/v2\/news_cluster?post=233597"},{"taxonomy":"tradingcategory","embeddable":true,"href":"https:\/\/www.asktraders.com\/de\/wp-json\/wp\/v2\/tradingcategory?post=233597"}],"curies":[{"name":"wp","href":"https:\/\/api.w.org\/{rel}","templated":true}]}}