{"id":233768,"date":"2025-08-20T10:26:39","date_gmt":"2025-08-20T09:26:39","guid":{"rendered":"https:\/\/www.asktraders.com\/?post_type=news&#038;p=233768"},"modified":"2025-08-20T10:27:28","modified_gmt":"2025-08-20T09:27:28","slug":"k-s-aktie-unter-druck-berenberg-stuft-sdf-de-von-buy-auf-sell-ab-kursziel-drastisch-gesenkt","status":"publish","type":"news","link":"https:\/\/www.asktraders.com\/de\/finanznachrichten\/k-s-aktie-unter-druck-berenberg-stuft-sdf-de-von-buy-auf-sell-ab-kursziel-drastisch-gesenkt\/","title":{"rendered":"K+S Aktie unter Druck: stuft von &#8222;Buy&#8220; auf &#8222;Sell&#8220; ab, Kursziel drastisch gesenkt"},"content":{"rendered":"\n<p>Die Aktien der K+S Aktiengesellschaft (ETR:SDF) gerieten heute unter erheblichen Verkaufsdruck, nachdem die Berenberg Bank ihre bisherige Kaufempfehlung (Buy) auf &#8222;Sell&#8220; reduzierte und gleichzeitig das Kursziel von zuvor 17 Euro auf nunmehr 11 Euro senkte. Diese Neubewertung spiegelt wachsende Bedenken hinsichtlich der zuk\u00fcnftigen Entwicklung des Kalimarktes und dessen potenzieller Auswirkungen auf die finanzielle Performance von K+S wider.<\/p>\n\n\n<stock-market-widget type=\"chart\" template=\"candlestick\" assets=\"SDF.DE\" range=\"1y\" interval=\"1d\" price_field=\"close\" heading=\"K+S aktie\" candle_border_width=\"1\" candle_bullish_background_color=\"#21BA45\" candle_bearish_background_color=\"#DB2828\" candle_bullish_border_color=\"#21BA45\" candle_bearish_border_color=\"#DB2828\" axes_color=\"#000000\" tooltip_text_color=\"#262626\" tooltip_background_color=\"#FFFFFF\" range_selector=\"true\" volume_enabled=\"false\" axes_enabled=\"true\" tooltip_enabled=\"true\" zoom_enabled=\"true\" save_image_enabled=\"true\" cursor_enabled=\"true\" api=\"yahoo-finance\"><\/stock-market-widget>\n\n\n<stock-market-widget type=\"table-quotes\" template=\"basic\" assets=\"SDF.DE\" fields=\"logo_name_symbol,price,change_pct,market_cap\" display_header=\"true\" display_chart=\"false\" search=\"false\" pagination=\"false\" scroll=\"false\" rows_per_page=\"5\" sort_direction=\"asc\" alignment=\"left\" realtime=\"true\" api=\"yahoo-finance\"><\/stock-market-widget>\n\n\n\n<p>Unmittelbar nach der Bekanntgabe der Abstufung verzeichnete die K+S Aktie einen deutlichen Kursr\u00fcckgang. Die Anteilsscheine des Kasseler D\u00fcngemittel- und Salzproduzenten gaben sp\u00fcrbar nach, was die unmittelbare Reaktion der M\u00e4rkte auf die pessimistische Einsch\u00e4tzung der Berenberg Bank verdeutlicht. Der Kursrutsch spiegelt die Sorge der Anleger wider, dass die zuk\u00fcnftigen Gewinne des Unternehmens aufgrund der ver\u00e4nderten Marktaussichten geringer ausfallen k\u00f6nnten.<\/p>\n\n\n\n<p>Die Entscheidung von Berenberg basiert prim\u00e4r auf der Erwartung sinkender Agrarrohstoffpreise ab dem Jahr 2026. Laut Analyst Sebastian Bray wird ein Anstieg der Maisanbaufl\u00e4che in den USA auf gesch\u00e4tzte 95 Millionen Acres zwar kurzfristig die Kalinachfrage ankurbeln, jedoch mittelfristig zu einem breiteren R\u00fcckgang der Agrarrohstoffpreise f\u00fchren. Zus\u00e4tzlich d\u00fcrften steigende Angebotsmengen, wie die schrittweise Inbetriebnahme der laotischen Kaliproduktion und der Produktionsstart der Jansen-Mine von BHP im Jahr 2027, den Preisdruck auf dem Kalimarkt weiter erh\u00f6hen. Daher h\u00e4lt Berenberg die Konsenssch\u00e4tzungen f\u00fcr das EBITDA von K+S im Jahr 2026 f\u00fcr &#8222;moderat zu hoch&#8220; und die Prognosen f\u00fcr 2027 sogar f\u00fcr &#8222;stark \u00fcberoptimistisch&#8220;.<\/p>\n\n\n\n<p>Diese Einsch\u00e4tzung deckt sich mit der Bewertung anderer Finanzinstitute. Bereits am 18. August 2025 bekr\u00e4ftigte die UBS ihre &#8222;Sell&#8220;-Empfehlung f\u00fcr K+S, was auf einen breiteren Konsens unter Analysten hinsichtlich der unsicheren Zukunftsaussichten des Unternehmens hindeutet. Die gleichzeitige negative Bewertung durch zwei bedeutende Banken verst\u00e4rkt den Abw\u00e4rtsdruck auf die K+S Aktie.<\/p>\n\n\n\n<p>Es ist bemerkenswert, dass Berenberg noch im Fr\u00fchjahr 2025 eine deutlich optimistischere Haltung gegen\u00fcber K+S einnahm. Im M\u00e4rz best\u00e4tigte die Bank ihr &#8222;Buy&#8220;-Rating und erh\u00f6hte das Kursziel von 14,70 Euro auf 15,80 Euro, mit der Begr\u00fcndung, dass ein angespannter Kalimarkt das Gewinnwachstum st\u00fctzen w\u00fcrde. Diese positive Einsch\u00e4tzung setzte sich bis in den Mai fort, als Berenberg das Kursziel auf 17,00 Euro anhob, in Erwartung weiterer positiver Anpassungen der Jahresziele aufgrund der starken Nachfrage und des begrenzten Angebots an Kaliumchlorid. Bereits im August 2024 hatte Berenberg jedoch begonnen, ihre Erwartungen zu d\u00e4mpfen und das Kursziel bei gleichbleibender &#8222;Buy&#8220;-Einstufung auf 15,70 Euro gesenkt, was einen vorsichtigeren Ansatz widerspiegelte.<\/p>\n\n\n\n<p>Die aktuelle Abstufung unterstreicht die Volatilit\u00e4t und die Herausforderungen innerhalb der Kaliindustrie. Faktoren wie schwankende Agrarrohstoffpreise, Ver\u00e4nderungen in der globalen Pflanzenproduktion und die Einf\u00fchrung neuer Angebotsquellen beeinflussen die Marktdynamik erheblich. F\u00fcr K+S ist die Anpassung an diese sich entwickelnden Bedingungen von entscheidender Bedeutung, um ihre Marktposition und finanzielle Gesundheit zu erhalten. Das Unternehmen muss seine Strategie an die ver\u00e4nderten Marktbedingungen anpassen, um langfristig erfolgreich zu sein.<\/p>\n\n\n<aside class=\"wp-block-related-posts  \" data-sidebar>\n                    \n\n<h2 class=\"wp-block-heading\"  class=\"wp-block-heading\"  id=\"aktien_lernen\">Aktien Lernen<\/h2>\n\n\n        <ul class=\"grid grid-cols-1 md:grid-cols-2 gap-4 lg:grid-cols-1\">\n                            <li class=\"w-full p-3 rounded-lg shadow md:w-full\">\n                    <a href=\"https:\/\/www.asktraders.com\/de\/dax40\/\" class=\"flex\">\n                        <img loading=\"lazy\" decoding=\"async\" width=\"150\" height=\"150\" src=\"https:\/\/www.asktraders.com\/wp-content\/uploads\/2020\/09\/DAX-handeln-150x150.jpg\" class=\"w-1\/3 rounded object-cover  wp-post-image\" alt=\"DAX handeln\" \/>\n                        <div class=\"flex flex-col w-2\/3 pl-3\">\n                                                        <span\n                                class=\"block py-1 grow text-sm font-bold \">DAX 40 heute aktuell | Index, Kurs und Prognose<\/span>\n                                                            <span class=\"text-xs uppercase\">\n                                    Analyst Team\n                                <\/span>\n                                                    <\/div>\n                    <\/a>\n                <\/li>\n                            <li class=\"w-full p-3 rounded-lg shadow md:w-full\">\n                    <a href=\"https:\/\/www.asktraders.com\/learn-to-trade\/stock-trading\/how-to-trade-stocks\/\" class=\"flex\">\n                        <img loading=\"lazy\" decoding=\"async\" width=\"150\" height=\"150\" src=\"https:\/\/www.asktraders.com\/wp-content\/uploads\/2020\/08\/how-to-trade-stocks-01-150x150.jpg\" class=\"w-1\/3 rounded object-cover  wp-post-image\" alt=\"how to trade stocks\" \/>\n                        <div class=\"flex flex-col w-2\/3 pl-3\">\n                                                        <span\n                                class=\"block py-1 grow text-sm font-bold \">How To Trade Stocks &#8211; The Guide For Beginners<\/span>\n                                                            <span class=\"text-xs uppercase\">\n                                    Analyst Team\n                                <\/span>\n                                                    <\/div>\n                    <\/a>\n                <\/li>\n                            <li class=\"w-full p-3 rounded-lg shadow md:w-full\">\n                    <a href=\"https:\/\/www.asktraders.com\/de\/traden-lernen\/trading-ratgeber\/nachhaltige-etf\/\" class=\"flex\">\n                        <img loading=\"lazy\" decoding=\"async\" width=\"150\" height=\"150\" src=\"https:\/\/www.asktraders.com\/wp-content\/uploads\/2020\/08\/Nachhaltige-ETF-150x150.jpg\" class=\"w-1\/3 rounded object-cover  wp-post-image\" alt=\"Nachhaltige ETF\" \/>\n                        <div class=\"flex flex-col w-2\/3 pl-3\">\n                                                        <span\n                                class=\"block py-1 grow text-sm font-bold \">Nachhaltige ETF \u2013 Wo lohnt sich die Investition in \u00d6ko ETFs?<\/span>\n                                                            <span class=\"text-xs uppercase\">\n                                    Nigel Frith\n                                <\/span>\n                                                    <\/div>\n                    <\/a>\n                <\/li>\n                            <li class=\"w-full p-3 rounded-lg shadow md:w-full\">\n                    <a href=\"https:\/\/www.asktraders.com\/de\/traden-lernen\/trading-strategien\/vwap-strategie\/\" class=\"flex\">\n                        <img loading=\"lazy\" decoding=\"async\" width=\"150\" height=\"150\" src=\"https:\/\/www.asktraders.com\/wp-content\/uploads\/2021\/09\/VWAP-Trading-Strategy-Guide-Examples-150x150.jpg\" class=\"w-1\/3 rounded object-cover  wp-post-image\" alt=\"VWAP Trading Strategy Guide &amp; Examples\" \/>\n                        <div class=\"flex flex-col w-2\/3 pl-3\">\n                                                        <span\n                                class=\"block py-1 grow text-sm font-bold \">VWAP Strategie Anwendung &amp; Beispiele<\/span>\n                                                            <span class=\"text-xs uppercase\">\n                                    Analyst Team\n                                <\/span>\n                                                    <\/div>\n                    <\/a>\n                <\/li>\n                            <li class=\"w-full p-3 rounded-lg shadow md:w-full\">\n                    <a href=\"https:\/\/www.asktraders.com\/de\/traden-lernen\/trading-strategien\/was-ist-scalping\/\" class=\"flex\">\n                        <img loading=\"lazy\" decoding=\"async\" width=\"150\" height=\"150\" src=\"https:\/\/www.asktraders.com\/wp-content\/uploads\/2020\/03\/what-is-scalping-150x150.jpg\" class=\"w-1\/3 rounded object-cover  wp-post-image\" alt=\"what is scalping\" \/>\n                        <div class=\"flex flex-col w-2\/3 pl-3\">\n                                                        <span\n                                class=\"block py-1 grow text-sm font-bold \">Was ist Scalping? Strategien, Tipps &amp; Beispiele<\/span>\n                                                            <span class=\"text-xs uppercase\">\n                                    Analyst Team\n                                <\/span>\n                                                    <\/div>\n                    <\/a>\n                <\/li>\n                            <li class=\"w-full p-3 rounded-lg shadow md:w-full\">\n                    <a href=\"https:\/\/www.asktraders.com\/learn-to-trade\/guides\/etoro-analysis-of-trading-signals-sentiment-resources\/\" class=\"flex\">\n                        <img loading=\"lazy\" decoding=\"async\" width=\"150\" height=\"150\" src=\"https:\/\/www.asktraders.com\/wp-content\/uploads\/2022\/12\/eToro-Analysis-of-Trading-Signals-Sentiment-Resources-150x150.jpg\" class=\"w-1\/3 rounded object-cover  wp-post-image\" alt=\"eToro Analysis of Trading Signals &amp; Sentiment Resources\" \/>\n                        <div class=\"flex flex-col w-2\/3 pl-3\">\n                                                        <span\n                                class=\"block py-1 grow text-sm font-bold \">eToro \u2013 Analysis of Trading Signals &amp; Sentiment Resources<\/span>\n                                                            <span class=\"text-xs uppercase\">\n                                    Justin Freeman\n                                <\/span>\n                                                    <\/div>\n                    <\/a>\n                <\/li>\n                    <\/ul>\n            \n    <\/aside>\n\n\n<div class=\"wp-block-top5-broker\" data-sidebar>\n        <div>\n        \n\n<h2 class=\"wp-block-heading\"  class=\"wp-block-heading\"  id=\"\"><\/h2>\n\n\n    <\/div>\n            <div class=\"block bg-white rounded-lg shadow\">\n        <ul\n            class=\"flex flex-wrap w-full -mb-px list-none border-b-2 navTabs \">\n                                                                                                        <\/ul>\n                    <div class=\"navTabContent \" id=\"top5-tab1\">\n                <ol class=\"flex\n                flex-wrap\n                \">\n                                    <\/ol>\n                            <\/div>\n                    <div class=\"navTabContent hidden\" id=\"top5-tab2\">\n                <ol class=\"flex\n                flex-wrap\n                \">\n                                    <\/ol>\n                            <\/div>\n                    <div class=\"navTabContent hidden\" id=\"top5-tab3\">\n                <ol class=\"flex\n                flex-wrap\n                \">\n                                    <\/ol>\n                            <\/div>\n        \n    <\/div>\n    <\/div>\n\n\n<aside class=\"wp-block-related-posts related-posts-latest \" data-sidebar>\n                    \n\n<h2 class=\"wp-block-heading\"  class=\"wp-block-heading\"  id=\"news\">News<\/h2>\n\n\n        <ul class=\"grid grid-cols-1 md:grid-cols-2 gap-4 lg:grid-cols-1\">\n                            <li class=\"w-full p-3 rounded-lg shadow md:w-full\">\n                    <a href=\"https:\/\/www.asktraders.com\/de\/finanznachrichten\/evonik-aktien-erreichen-neues-tief-als-e13-durchbrochen-werden\/\" class=\"flex\">\n                        <img loading=\"lazy\" decoding=\"async\" width=\"150\" height=\"150\" src=\"https:\/\/www.asktraders.com\/wp-content\/uploads\/2023\/05\/evonik-aktie-prognose-150x150.jpg\" class=\"w-1\/3 rounded object-cover  wp-post-image\" alt=\"Evonik Aktie\" \/>\n                        <div class=\"flex flex-col w-2\/3 pl-3\">\n                                                        <span\n                                class=\"block py-1 grow text-sm font-bold \">Evonik Aktien erreichen neues Tief, als \u20ac13 durchbrochen werden<\/span>\n                                                            <span class=\"text-xs uppercase\">\n                                    Analyst Team\n                                <\/span>\n                                                    <\/div>\n                    <\/a>\n                <\/li>\n                            <li class=\"w-full p-3 rounded-lg shadow md:w-full\">\n                    <a href=\"https:\/\/www.asktraders.com\/de\/finanznachrichten\/2g-energy-ag-aktie-erholt-sich-von-unterstuetzung-steigerung-von-10\/\" class=\"flex\">\n                        <img loading=\"lazy\" decoding=\"async\" width=\"150\" height=\"150\" src=\"https:\/\/www.asktraders.com\/wp-content\/uploads\/2025\/08\/power-and-energy-150x150.jpg\" class=\"w-1\/3 rounded object-cover  wp-post-image\" alt=\"Uniper UN0\" \/>\n                        <div class=\"flex flex-col w-2\/3 pl-3\">\n                                                        <span\n                                class=\"block py-1 grow text-sm font-bold \">2G Energy AG Aktie erholt sich von Unterst\u00fctzung \u2013 Steigerung von 10%<\/span>\n                                                            <span class=\"text-xs uppercase\">\n                                    Analyst Team\n                                <\/span>\n                                                    <\/div>\n                    <\/a>\n                <\/li>\n                            <li class=\"w-full p-3 rounded-lg shadow md:w-full\">\n                    <a href=\"https:\/\/www.asktraders.com\/de\/finanznachrichten\/mercedes-benz-aktie-goldman-sachs-initiiert-analystendeckung-mit-positiver-einschaetzung\/\" class=\"flex\">\n                        <img loading=\"lazy\" decoding=\"async\" width=\"150\" height=\"150\" src=\"https:\/\/www.asktraders.com\/wp-content\/uploads\/2023\/06\/aktie-mercedes-150x150.jpg\" class=\"w-1\/3 rounded object-cover  wp-post-image\" alt=\"Mercedes Aktie\" \/>\n                        <div class=\"flex flex-col w-2\/3 pl-3\">\n                                                        <span\n                                class=\"block py-1 grow text-sm font-bold \">Mercedes-Benz Aktie: Goldman Sachs initiiert Analystendeckung mit positiver Einsch\u00e4tzung<\/span>\n                                                            <span class=\"text-xs uppercase\">\n                                    Analyst Team\n                                <\/span>\n                                                    <\/div>\n                    <\/a>\n                <\/li>\n                            <li class=\"w-full p-3 rounded-lg shadow md:w-full\">\n                    <a href=\"https:\/\/www.asktraders.com\/de\/finanznachrichten\/dax-aktien-erholen-sich-nach-nvidia-beben-maerkte-atmen-auf\/\" class=\"flex\">\n                        <img loading=\"lazy\" decoding=\"async\" width=\"150\" height=\"150\" src=\"https:\/\/www.asktraders.com\/wp-content\/uploads\/2023\/04\/dax-handeln-150x150.jpg\" class=\"w-1\/3 rounded object-cover  wp-post-image\" alt=\"\" \/>\n                        <div class=\"flex flex-col w-2\/3 pl-3\">\n                                                        <span\n                                class=\"block py-1 grow text-sm font-bold \">DAX-Aktien erholen sich nach Nvidia-Beben: M\u00e4rkte atmen auf<\/span>\n                                                            <span class=\"text-xs uppercase\">\n                                    Analyst Team\n                                <\/span>\n                                                    <\/div>\n                    <\/a>\n                <\/li>\n                            <li class=\"w-full p-3 rounded-lg shadow md:w-full\">\n                    <a href=\"https:\/\/www.asktraders.com\/de\/finanznachrichten\/rheinmetall-aktien-finden-unterstuetzung-bei-1-600-e-wie-geht-es-weiter\/\" class=\"flex\">\n                        <img loading=\"lazy\" decoding=\"async\" width=\"150\" height=\"150\" src=\"https:\/\/www.asktraders.com\/wp-content\/uploads\/2022\/11\/Die-Rheinmetall-Aktie-im-Chart-150x150.jpg\" class=\"w-1\/3 rounded object-cover  wp-post-image\" alt=\"Die Rheinmetall Aktie im Chart\" \/>\n                        <div class=\"flex flex-col w-2\/3 pl-3\">\n                                                        <span\n                                class=\"block py-1 grow text-sm font-bold \">Rheinmetall-Aktien finden Unterst\u00fctzung bei 1.600 \u20ac \u2013 Wie geht es weiter?<\/span>\n                                                            <span class=\"text-xs uppercase\">\n                                    Analyst Team\n                                <\/span>\n                                                    <\/div>\n                    <\/a>\n                <\/li>\n                    <\/ul>\n            \n    <\/aside>\n","protected":false},"author":873,"featured_media":115480,"comment_status":"closed","ping_status":"closed","template":"","news_cluster":[],"tradingcategory":[58519],"class_list":["post-233768","news","type-news","status-publish","has-post-thumbnail","hentry","tradingcategory-news-de"],"acf":[],"apple_news_notices":[],"yoast_head":"<!-- This site is optimized with the Yoast SEO plugin v27.2 - https:\/\/yoast.com\/product\/yoast-seo-wordpress\/ -->\n<title>K+S Aktie unter Druck: stuft von &quot;Buy&quot; auf &quot;Sell&quot; ab, Kursziel drastisch gesenkt | AskTraders.com %<\/title>\n<meta name=\"description\" content=\"Die Aktien der K+S Aktiengesellschaft (ETR:SDF) gerieten heute unter erheblichen Verkaufsdruck, nachdem die Berenberg Bank ihre bisherige Kaufempfehlung\" \/>\n<meta name=\"robots\" content=\"index, follow, max-snippet:-1, max-image-preview:large, max-video-preview:-1\" \/>\n<link rel=\"canonical\" href=\"https:\/\/www.asktraders.com\/de\/finanznachrichten\/k-s-aktie-unter-druck-berenberg-stuft-sdf-de-von-buy-auf-sell-ab-kursziel-drastisch-gesenkt\/\" \/>\n<meta property=\"og:locale\" content=\"de_DE\" \/>\n<meta property=\"og:type\" content=\"article\" \/>\n<meta property=\"og:title\" content=\"K+S Aktie unter Druck: stuft von &quot;Buy&quot; auf &quot;Sell&quot; ab, Kursziel drastisch gesenkt | AskTraders.com %\" \/>\n<meta property=\"og:description\" content=\"Die Aktien der K+S Aktiengesellschaft (ETR:SDF) gerieten heute unter erheblichen Verkaufsdruck, nachdem die Berenberg Bank ihre bisherige Kaufempfehlung\" \/>\n<meta property=\"og:url\" content=\"https:\/\/www.asktraders.com\/de\/finanznachrichten\/k-s-aktie-unter-druck-berenberg-stuft-sdf-de-von-buy-auf-sell-ab-kursziel-drastisch-gesenkt\/\" \/>\n<meta property=\"og:site_name\" content=\"AskTraders.com\" \/>\n<meta property=\"article:publisher\" content=\"https:\/\/www.facebook.com\/asktraderscom\" \/>\n<meta property=\"article:modified_time\" content=\"2025-08-20T09:27:28+00:00\" \/>\n<meta property=\"og:image\" content=\"https:\/\/www.asktraders.com\/wp-content\/uploads\/2021\/03\/114625415_s.jpg\" \/>\n\t<meta property=\"og:image:width\" content=\"903\" \/>\n\t<meta property=\"og:image:height\" content=\"530\" \/>\n\t<meta property=\"og:image:type\" content=\"image\/jpeg\" \/>\n<meta name=\"twitter:card\" content=\"summary_large_image\" \/>\n<meta name=\"twitter:site\" content=\"@Asktraders1\" \/>\n<meta name=\"twitter:label1\" content=\"Gesch\u00e4tzte Lesezeit\" \/>\n\t<meta name=\"twitter:data1\" content=\"3 Minuten\" \/>\n<script type=\"application\/ld+json\" class=\"yoast-schema-graph\">{\"@context\":\"https:\/\/schema.org\",\"@graph\":[{\"@type\":\"NewsArticle\",\"@id\":\"https:\/\/www.asktraders.com\/de\/finanznachrichten\/k-s-aktie-unter-druck-berenberg-stuft-sdf-de-von-buy-auf-sell-ab-kursziel-drastisch-gesenkt\/#article\",\"isPartOf\":{\"@id\":\"https:\/\/www.asktraders.com\/de\/finanznachrichten\/k-s-aktie-unter-druck-berenberg-stuft-sdf-de-von-buy-auf-sell-ab-kursziel-drastisch-gesenkt\/\"},\"author\":{\"name\":\"Asktraders News Team\",\"@id\":\"https:\/\/www.asktraders.com\/de\/#\/schema\/person\/a9018e69daa9a7bd7a92bab40944424f\",\"url\":\"https:\/\/www.asktraders.com\/de\/author\/asktraders-news-team\/\"},\"headline\":\"K+S Aktie unter Druck: stuft von &#8222;Buy&#8220; auf &#8222;Sell&#8220; ab, Kursziel drastisch gesenkt\",\"datePublished\":\"2025-08-20T09:26:39+00:00\",\"dateModified\":\"2025-08-20T09:27:28+00:00\",\"mainEntityOfPage\":{\"@id\":\"https:\/\/www.asktraders.com\/de\/finanznachrichten\/k-s-aktie-unter-druck-berenberg-stuft-sdf-de-von-buy-auf-sell-ab-kursziel-drastisch-gesenkt\/\"},\"wordCount\":614,\"publisher\":{\"@id\":\"https:\/\/www.asktraders.com\/de\/#organization\"},\"image\":{\"@id\":\"https:\/\/www.asktraders.com\/de\/finanznachrichten\/k-s-aktie-unter-druck-berenberg-stuft-sdf-de-von-buy-auf-sell-ab-kursziel-drastisch-gesenkt\/#primaryimage\"},\"thumbnailUrl\":\"https:\/\/www.asktraders.com\/wp-content\/uploads\/2021\/03\/114625415_s.jpg\",\"inLanguage\":\"de-DE\"},{\"@type\":\"WebPage\",\"@id\":\"https:\/\/www.asktraders.com\/de\/finanznachrichten\/k-s-aktie-unter-druck-berenberg-stuft-sdf-de-von-buy-auf-sell-ab-kursziel-drastisch-gesenkt\/\",\"url\":\"https:\/\/www.asktraders.com\/de\/finanznachrichten\/k-s-aktie-unter-druck-berenberg-stuft-sdf-de-von-buy-auf-sell-ab-kursziel-drastisch-gesenkt\/\",\"name\":\"K+S Aktie unter Druck: stuft von \\\"Buy\\\" auf \\\"Sell\\\" ab, Kursziel drastisch gesenkt | AskTraders.com %\",\"isPartOf\":{\"@id\":\"https:\/\/www.asktraders.com\/de\/#website\"},\"primaryImageOfPage\":{\"@id\":\"https:\/\/www.asktraders.com\/de\/finanznachrichten\/k-s-aktie-unter-druck-berenberg-stuft-sdf-de-von-buy-auf-sell-ab-kursziel-drastisch-gesenkt\/#primaryimage\"},\"image\":{\"@id\":\"https:\/\/www.asktraders.com\/de\/finanznachrichten\/k-s-aktie-unter-druck-berenberg-stuft-sdf-de-von-buy-auf-sell-ab-kursziel-drastisch-gesenkt\/#primaryimage\"},\"thumbnailUrl\":\"https:\/\/www.asktraders.com\/wp-content\/uploads\/2021\/03\/114625415_s.jpg\",\"datePublished\":\"2025-08-20T09:26:39+00:00\",\"dateModified\":\"2025-08-20T09:27:28+00:00\",\"description\":\"Die Aktien der K+S Aktiengesellschaft (ETR:SDF) gerieten heute unter erheblichen Verkaufsdruck, nachdem die Berenberg Bank ihre bisherige Kaufempfehlung\",\"breadcrumb\":{\"@id\":\"https:\/\/www.asktraders.com\/de\/finanznachrichten\/k-s-aktie-unter-druck-berenberg-stuft-sdf-de-von-buy-auf-sell-ab-kursziel-drastisch-gesenkt\/#breadcrumb\"},\"inLanguage\":\"de-DE\",\"potentialAction\":[{\"@type\":\"ReadAction\",\"target\":[\"https:\/\/www.asktraders.com\/de\/finanznachrichten\/k-s-aktie-unter-druck-berenberg-stuft-sdf-de-von-buy-auf-sell-ab-kursziel-drastisch-gesenkt\/\"]}]},{\"@type\":\"ImageObject\",\"inLanguage\":\"de-DE\",\"@id\":\"https:\/\/www.asktraders.com\/de\/finanznachrichten\/k-s-aktie-unter-druck-berenberg-stuft-sdf-de-von-buy-auf-sell-ab-kursziel-drastisch-gesenkt\/#primaryimage\",\"url\":\"https:\/\/www.asktraders.com\/wp-content\/uploads\/2021\/03\/114625415_s.jpg\",\"contentUrl\":\"https:\/\/www.asktraders.com\/wp-content\/uploads\/2021\/03\/114625415_s.jpg\",\"width\":903,\"height\":530,\"caption\":\"Pharmaceutical Laboratory\"},{\"@type\":\"BreadcrumbList\",\"@id\":\"https:\/\/www.asktraders.com\/de\/finanznachrichten\/k-s-aktie-unter-druck-berenberg-stuft-sdf-de-von-buy-auf-sell-ab-kursziel-drastisch-gesenkt\/#breadcrumb\",\"itemListElement\":[{\"@type\":\"ListItem\",\"position\":1,\"name\":\"Home\",\"item\":\"https:\/\/www.asktraders.com\/de\/\"},{\"@type\":\"ListItem\",\"position\":2,\"name\":\"News\",\"item\":\"https:\/\/www.asktraders.com\/de\/finanznachrichten\/\"},{\"@type\":\"ListItem\",\"position\":3,\"name\":\"K+S Aktie unter Druck: stuft von &#8220;Buy&#8221; auf &#8220;Sell&#8221; ab, Kursziel drastisch gesenkt\"}]},{\"@type\":\"WebSite\",\"@id\":\"https:\/\/www.asktraders.com\/de\/#website\",\"url\":\"https:\/\/www.asktraders.com\/de\/\",\"name\":\"AskTraders\",\"description\":\"Guiding You To Trading Success\",\"publisher\":{\"@id\":\"https:\/\/www.asktraders.com\/de\/#organization\"},\"inLanguage\":\"de-DE\"},{\"@type\":\"Organization\",\"@id\":\"https:\/\/www.asktraders.com\/de\/#organization\",\"name\":\"AskTraders\",\"url\":\"https:\/\/www.asktraders.com\/de\/\",\"logo\":{\"@type\":\"ImageObject\",\"inLanguage\":\"de-DE\",\"@id\":\"https:\/\/www.asktraders.com\/de\/#\/schema\/logo\/image\/\",\"url\":\"https:\/\/www.asktraders.com\/wp-content\/uploads\/2019\/05\/asktraders-logo-tm-white.png\",\"contentUrl\":\"https:\/\/www.asktraders.com\/wp-content\/uploads\/2019\/05\/asktraders-logo-tm-white.png\",\"width\":232,\"height\":38,\"caption\":\"AskTraders\"},\"image\":{\"@id\":\"https:\/\/www.asktraders.com\/de\/#\/schema\/logo\/image\/\"},\"sameAs\":[\"https:\/\/www.facebook.com\/asktraderscom\",\"https:\/\/x.com\/Asktraders1\"]},{\"@type\":\"Person\",\"@id\":\"https:\/\/www.asktraders.com\/de\/#\/schema\/person\/a9018e69daa9a7bd7a92bab40944424f\",\"name\":\"Asktraders News Team\",\"image\":{\"@type\":\"ImageObject\",\"inLanguage\":\"de-DE\",\"@id\":\"https:\/\/secure.gravatar.com\/avatar\/4adf30b4bdba8095517be51a6d33eac85d275459c6da979b73dabd753924f280?s=96&d=mm&r=g\",\"url\":\"https:\/\/secure.gravatar.com\/avatar\/4adf30b4bdba8095517be51a6d33eac85d275459c6da979b73dabd753924f280?s=96&d=mm&r=g\",\"contentUrl\":\"https:\/\/secure.gravatar.com\/avatar\/4adf30b4bdba8095517be51a6d33eac85d275459c6da979b73dabd753924f280?s=96&d=mm&r=g\",\"caption\":\"Asktraders News Team\"}}]}<\/script>\n<!-- \/ Yoast SEO plugin. -->","yoast_head_json":{"title":"K+S Aktie unter Druck: stuft von \"Buy\" auf \"Sell\" ab, Kursziel drastisch gesenkt | AskTraders.com %","description":"Die Aktien der K+S Aktiengesellschaft (ETR:SDF) gerieten heute unter erheblichen Verkaufsdruck, nachdem die Berenberg Bank ihre bisherige Kaufempfehlung","robots":{"index":"index","follow":"follow","max-snippet":"max-snippet:-1","max-image-preview":"max-image-preview:large","max-video-preview":"max-video-preview:-1"},"canonical":"https:\/\/www.asktraders.com\/de\/finanznachrichten\/k-s-aktie-unter-druck-berenberg-stuft-sdf-de-von-buy-auf-sell-ab-kursziel-drastisch-gesenkt\/","og_locale":"de_DE","og_type":"article","og_title":"K+S Aktie unter Druck: stuft von \"Buy\" auf \"Sell\" ab, Kursziel drastisch gesenkt | AskTraders.com %","og_description":"Die Aktien der K+S Aktiengesellschaft (ETR:SDF) gerieten heute unter erheblichen Verkaufsdruck, nachdem die Berenberg Bank ihre bisherige Kaufempfehlung","og_url":"https:\/\/www.asktraders.com\/de\/finanznachrichten\/k-s-aktie-unter-druck-berenberg-stuft-sdf-de-von-buy-auf-sell-ab-kursziel-drastisch-gesenkt\/","og_site_name":"AskTraders.com","article_publisher":"https:\/\/www.facebook.com\/asktraderscom","article_modified_time":"2025-08-20T09:27:28+00:00","og_image":[{"width":903,"height":530,"url":"https:\/\/www.asktraders.com\/wp-content\/uploads\/2021\/03\/114625415_s.jpg","type":"image\/jpeg"}],"twitter_card":"summary_large_image","twitter_site":"@Asktraders1","twitter_misc":{"Gesch\u00e4tzte Lesezeit":"3 Minuten"},"schema":{"@context":"https:\/\/schema.org","@graph":[{"@type":"NewsArticle","@id":"https:\/\/www.asktraders.com\/de\/finanznachrichten\/k-s-aktie-unter-druck-berenberg-stuft-sdf-de-von-buy-auf-sell-ab-kursziel-drastisch-gesenkt\/#article","isPartOf":{"@id":"https:\/\/www.asktraders.com\/de\/finanznachrichten\/k-s-aktie-unter-druck-berenberg-stuft-sdf-de-von-buy-auf-sell-ab-kursziel-drastisch-gesenkt\/"},"author":{"name":"Asktraders News Team","@id":"https:\/\/www.asktraders.com\/de\/#\/schema\/person\/a9018e69daa9a7bd7a92bab40944424f","url":"https:\/\/www.asktraders.com\/de\/author\/asktraders-news-team\/"},"headline":"K+S Aktie unter Druck: stuft von &#8222;Buy&#8220; auf &#8222;Sell&#8220; ab, Kursziel drastisch gesenkt","datePublished":"2025-08-20T09:26:39+00:00","dateModified":"2025-08-20T09:27:28+00:00","mainEntityOfPage":{"@id":"https:\/\/www.asktraders.com\/de\/finanznachrichten\/k-s-aktie-unter-druck-berenberg-stuft-sdf-de-von-buy-auf-sell-ab-kursziel-drastisch-gesenkt\/"},"wordCount":614,"publisher":{"@id":"https:\/\/www.asktraders.com\/de\/#organization"},"image":{"@id":"https:\/\/www.asktraders.com\/de\/finanznachrichten\/k-s-aktie-unter-druck-berenberg-stuft-sdf-de-von-buy-auf-sell-ab-kursziel-drastisch-gesenkt\/#primaryimage"},"thumbnailUrl":"https:\/\/www.asktraders.com\/wp-content\/uploads\/2021\/03\/114625415_s.jpg","inLanguage":"de-DE"},{"@type":"WebPage","@id":"https:\/\/www.asktraders.com\/de\/finanznachrichten\/k-s-aktie-unter-druck-berenberg-stuft-sdf-de-von-buy-auf-sell-ab-kursziel-drastisch-gesenkt\/","url":"https:\/\/www.asktraders.com\/de\/finanznachrichten\/k-s-aktie-unter-druck-berenberg-stuft-sdf-de-von-buy-auf-sell-ab-kursziel-drastisch-gesenkt\/","name":"K+S Aktie unter Druck: stuft von \"Buy\" auf \"Sell\" ab, Kursziel drastisch gesenkt | AskTraders.com %","isPartOf":{"@id":"https:\/\/www.asktraders.com\/de\/#website"},"primaryImageOfPage":{"@id":"https:\/\/www.asktraders.com\/de\/finanznachrichten\/k-s-aktie-unter-druck-berenberg-stuft-sdf-de-von-buy-auf-sell-ab-kursziel-drastisch-gesenkt\/#primaryimage"},"image":{"@id":"https:\/\/www.asktraders.com\/de\/finanznachrichten\/k-s-aktie-unter-druck-berenberg-stuft-sdf-de-von-buy-auf-sell-ab-kursziel-drastisch-gesenkt\/#primaryimage"},"thumbnailUrl":"https:\/\/www.asktraders.com\/wp-content\/uploads\/2021\/03\/114625415_s.jpg","datePublished":"2025-08-20T09:26:39+00:00","dateModified":"2025-08-20T09:27:28+00:00","description":"Die Aktien der K+S Aktiengesellschaft (ETR:SDF) gerieten heute unter erheblichen Verkaufsdruck, nachdem die Berenberg Bank ihre bisherige Kaufempfehlung","breadcrumb":{"@id":"https:\/\/www.asktraders.com\/de\/finanznachrichten\/k-s-aktie-unter-druck-berenberg-stuft-sdf-de-von-buy-auf-sell-ab-kursziel-drastisch-gesenkt\/#breadcrumb"},"inLanguage":"de-DE","potentialAction":[{"@type":"ReadAction","target":["https:\/\/www.asktraders.com\/de\/finanznachrichten\/k-s-aktie-unter-druck-berenberg-stuft-sdf-de-von-buy-auf-sell-ab-kursziel-drastisch-gesenkt\/"]}]},{"@type":"ImageObject","inLanguage":"de-DE","@id":"https:\/\/www.asktraders.com\/de\/finanznachrichten\/k-s-aktie-unter-druck-berenberg-stuft-sdf-de-von-buy-auf-sell-ab-kursziel-drastisch-gesenkt\/#primaryimage","url":"https:\/\/www.asktraders.com\/wp-content\/uploads\/2021\/03\/114625415_s.jpg","contentUrl":"https:\/\/www.asktraders.com\/wp-content\/uploads\/2021\/03\/114625415_s.jpg","width":903,"height":530,"caption":"Pharmaceutical Laboratory"},{"@type":"BreadcrumbList","@id":"https:\/\/www.asktraders.com\/de\/finanznachrichten\/k-s-aktie-unter-druck-berenberg-stuft-sdf-de-von-buy-auf-sell-ab-kursziel-drastisch-gesenkt\/#breadcrumb","itemListElement":[{"@type":"ListItem","position":1,"name":"Home","item":"https:\/\/www.asktraders.com\/de\/"},{"@type":"ListItem","position":2,"name":"News","item":"https:\/\/www.asktraders.com\/de\/finanznachrichten\/"},{"@type":"ListItem","position":3,"name":"K+S Aktie unter Druck: stuft von &#8220;Buy&#8221; auf &#8220;Sell&#8221; ab, Kursziel drastisch gesenkt"}]},{"@type":"WebSite","@id":"https:\/\/www.asktraders.com\/de\/#website","url":"https:\/\/www.asktraders.com\/de\/","name":"AskTraders","description":"Guiding You To Trading Success","publisher":{"@id":"https:\/\/www.asktraders.com\/de\/#organization"},"inLanguage":"de-DE"},{"@type":"Organization","@id":"https:\/\/www.asktraders.com\/de\/#organization","name":"AskTraders","url":"https:\/\/www.asktraders.com\/de\/","logo":{"@type":"ImageObject","inLanguage":"de-DE","@id":"https:\/\/www.asktraders.com\/de\/#\/schema\/logo\/image\/","url":"https:\/\/www.asktraders.com\/wp-content\/uploads\/2019\/05\/asktraders-logo-tm-white.png","contentUrl":"https:\/\/www.asktraders.com\/wp-content\/uploads\/2019\/05\/asktraders-logo-tm-white.png","width":232,"height":38,"caption":"AskTraders"},"image":{"@id":"https:\/\/www.asktraders.com\/de\/#\/schema\/logo\/image\/"},"sameAs":["https:\/\/www.facebook.com\/asktraderscom","https:\/\/x.com\/Asktraders1"]},{"@type":"Person","@id":"https:\/\/www.asktraders.com\/de\/#\/schema\/person\/a9018e69daa9a7bd7a92bab40944424f","name":"Asktraders News Team","image":{"@type":"ImageObject","inLanguage":"de-DE","@id":"https:\/\/secure.gravatar.com\/avatar\/4adf30b4bdba8095517be51a6d33eac85d275459c6da979b73dabd753924f280?s=96&d=mm&r=g","url":"https:\/\/secure.gravatar.com\/avatar\/4adf30b4bdba8095517be51a6d33eac85d275459c6da979b73dabd753924f280?s=96&d=mm&r=g","contentUrl":"https:\/\/secure.gravatar.com\/avatar\/4adf30b4bdba8095517be51a6d33eac85d275459c6da979b73dabd753924f280?s=96&d=mm&r=g","caption":"Asktraders News Team"}}]}},"_links":{"self":[{"href":"https:\/\/www.asktraders.com\/de\/wp-json\/wp\/v2\/news\/233768","targetHints":{"allow":["GET"]}}],"collection":[{"href":"https:\/\/www.asktraders.com\/de\/wp-json\/wp\/v2\/news"}],"about":[{"href":"https:\/\/www.asktraders.com\/de\/wp-json\/wp\/v2\/types\/news"}],"author":[{"embeddable":true,"href":"https:\/\/www.asktraders.com\/de\/wp-json\/wp\/v2\/users\/873"}],"replies":[{"embeddable":true,"href":"https:\/\/www.asktraders.com\/de\/wp-json\/wp\/v2\/comments?post=233768"}],"version-history":[{"count":0,"href":"https:\/\/www.asktraders.com\/de\/wp-json\/wp\/v2\/news\/233768\/revisions"}],"wp:featuredmedia":[{"embeddable":true,"href":"https:\/\/www.asktraders.com\/de\/wp-json\/wp\/v2\/media\/115480"}],"wp:attachment":[{"href":"https:\/\/www.asktraders.com\/de\/wp-json\/wp\/v2\/media?parent=233768"}],"wp:term":[{"taxonomy":"news_cluster","embeddable":true,"href":"https:\/\/www.asktraders.com\/de\/wp-json\/wp\/v2\/news_cluster?post=233768"},{"taxonomy":"tradingcategory","embeddable":true,"href":"https:\/\/www.asktraders.com\/de\/wp-json\/wp\/v2\/tradingcategory?post=233768"}],"curies":[{"name":"wp","href":"https:\/\/api.w.org\/{rel}","templated":true}]}}