{"id":233974,"date":"2025-08-21T12:46:08","date_gmt":"2025-08-21T11:46:08","guid":{"rendered":"https:\/\/www.asktraders.com\/?post_type=news&#038;p=233974"},"modified":"2025-08-21T12:46:11","modified_gmt":"2025-08-21T11:46:11","slug":"sap-etrsap-aktienkurs-faellt-im-august-jahresverlauf-weiterhin-schwach","status":"publish","type":"news","link":"https:\/\/www.asktraders.com\/de\/finanznachrichten\/sap-etrsap-aktienkurs-faellt-im-august-jahresverlauf-weiterhin-schwach\/","title":{"rendered":"SAP (ETR:SAP): Aktienkurs f\u00e4llt im August \u2013 Jahresverlauf weiterhin schwach"},"content":{"rendered":"\n<p>Die Aktien von SAP SE (ETR:SAP) haben im vergangenen Monat einen deutlichen R\u00fcckgang von 12,16\u00a0% erlebt und entwickelten sich damit schlechter als die breiteren Marktindizes im Jahr 2025. Dies tr\u00e4gt zu einem bisherigen Jahresr\u00fcckgang von 1,84\u00a0% bei. Die Aktie wird derzeit zu einem Kurs von 232 \u20ac gehandelt.<\/p>\n\n\n<stock-market-widget type=\"chart\" template=\"candlestick\" assets=\"SAP.DE\" range=\"1y\" interval=\"1d\" price_field=\"close\" heading=\"SAP SE (SAP.DE)\" candle_border_width=\"1\" candle_bullish_background_color=\"#21BA45\" candle_bearish_background_color=\"#DB2828\" candle_bullish_border_color=\"#21BA45\" candle_bearish_border_color=\"#DB2828\" axes_color=\"#000000\" tooltip_text_color=\"#262626\" tooltip_background_color=\"#ffffff\" range_selector=\"true\" volume_enabled=\"false\" axes_enabled=\"true\" tooltip_enabled=\"true\" zoom_enabled=\"true\" save_image_enabled=\"true\" cursor_enabled=\"true\" api=\"yahoo-finance\"><\/stock-market-widget>\n\n\n\n<p>Die Marktkapitalisierung von SAP betr\u00e4gt aktuell 272,23 Milliarden Euro. Die Aktie bewegte sich in den letzten 52 Wochen in einer Spanne von 190,04\u00a0\u20ac bis 283,50\u00a0\u20ac. Mit einem Beta von 0,93 zeigt die Aktie eine geringere Volatilit\u00e4t als der Marktdurchschnitt.<\/p>\n\n\n\n<p> Das Kurs-Gewinn-Verh\u00e4ltnis (KGV) liegt bei 42,08 (Forward-KGV: 36,43). Die Dividendenrendite betr\u00e4gt 0,99\u00a0% (Dividende: 2,35\u00a0\u20ac; Ex-Dividende: 14. Mai 2025). Das Handelsvolumen betrug 1.304.126, verglichen mit einem durchschnittlichen Volumen von 1.411.610.<\/p>\n\n\n\n<p>Einer der Hauptgr\u00fcnde f\u00fcr den j\u00fcngsten Kursverfall ist die wachsende Besorgnis \u00fcber die disruptive Wirkung von k\u00fcnstlicher Intelligenz (KI) auf den Softwaresektor. Die Einf\u00fchrung neuer KI-Modelle wie GPT-5 und Claude f\u00fcr Finanzdienstleistungen hat Bef\u00fcrchtungen ausgel\u00f6st, dass KI traditionelle Software- und Datenanbieter ersetzen k\u00f6nnte. Am 12. August 2025 fielen die SAP-Aktien um \u00fcber 6&nbsp;%, was den gr\u00f6\u00dften Tagesverlust seit Oktober 2020 darstellte.<\/p>\n\n\n\n<p>Die Ergebnisse des zweiten Quartals, die am 23. Juli 2025 ver\u00f6ffentlicht wurden, zeigten zwar eine starke finanzielle Leistung, die durch Kostensenkungsma\u00dfnahmen getrieben wurde, aber sie konnten die Markt nicht vollst\u00e4ndig \u00fcberzeugen. Der freie Cashflow stieg im Jahresvergleich um 83\u00a0% auf 2,36\u00a0Milliarden Euro und \u00fcbertraf die Markterwartungen um rund 1\u00a0Milliarde Euro. <\/p>\n\n\n\n<p>Der operative Gewinn stieg um etwa 33\u00a0% auf 2,57\u00a0Milliarden Euro, was auf den Abschluss eines Restrukturierungsprogramms Anfang des Jahres zur\u00fcckzuf\u00fchren ist. SAP hob jedoch seine Gesamtjahresprognose nicht an und behielt die Prognose f\u00fcr den operativen Gewinn zwischen 10,3\u00a0Milliarden und 10,6\u00a0Milliarden Euro bei. Einige H\u00e4ndler \u00e4u\u00dferten sich entt\u00e4uscht und bem\u00e4ngelten, dass die Leistung weiterhin stark von SAPs traditionellem Lizenzgesch\u00e4ft abh\u00e4ngig sei und dass das Cloud-Segment die Erwartungen nicht erf\u00fcllte.<\/p>\n\n\n\n<p>Analysten haben ebenfalls gemischte Signale gesendet. W\u00e4hrend einige, wie TD Cowen, ihr Kursziel auf 350&nbsp;\u20ac anhoben und das Wachstumspotenzial hervorhoben, warnten andere vor anhaltender Schw\u00e4che. Im April 2025 senkte BMO Capital Markets das Kursziel f\u00fcr SAP-Aktien von 307&nbsp;$ auf 300&nbsp;$, behielt aber ein &#8222;Outperform&#8220;-Rating bei.<\/p>\n\n\n\n<p>W\u00e4hrend die Mehrheit der Analysten derzeit vorsichtig sind, k\u00f6nnte es sein, dass der Pessimismus gegen\u00fcber SAP \u00fcbertrieben ist. Das Unternehmen hat in den letzten Jahren erhebliche Investitionen in sein Cloud-Gesch\u00e4ft get\u00e4tigt, und diese Investitionen beginnen sich nun auszuzahlen. <\/p>\n\n\n\n<p>Die Ergebnisse des zweiten Quartals zeigten ein starkes Wachstum des Cloud-Umsatzes, und es gibt keinen Grund zu der Annahme, dass dieses Wachstum nicht anhalten wird. Dar\u00fcber hinaus ist SAP ein etabliertes Unternehmen mit einer starken Bilanz und einem erfahrenen Managementteam. <\/p>\n\n\n\n<p>Es ist unwahrscheinlich, dass das Unternehmen von den Herausforderungen, vor denen es derzeit steht, dauerhaft beeintr\u00e4chtigt wird. Es ist durchaus m\u00f6glich, dass die Aktie in den kommenden Monaten eine Erholung erleben wird, wenn sich die Stimmung verbessert.<\/p>\n\n\n\n<p>Die n\u00e4chste Gewinnbekanntgabe am 22. Juli 2025 wird genau beobachtet, um Anzeichen f\u00fcr eine Stabilisierung oder weitere Schw\u00e4che zu erkennen. Die Markt wird besonders auf die Entwicklung des Cloud-Gesch\u00e4fts und die Auswirkungen der KI-Konkurrenz achten.<\/p>\n\n\n<aside class=\"wp-block-related-posts  \" data-sidebar>\n                    \n\n<h2 class=\"wp-block-heading\"  class=\"wp-block-heading\"  id=\"aktien_lernen\">Aktien Lernen<\/h2>\n\n\n        <ul class=\"grid grid-cols-1 md:grid-cols-2 gap-4 lg:grid-cols-1\">\n                            <li class=\"w-full p-3 rounded-lg shadow md:w-full\">\n                    <a href=\"https:\/\/www.asktraders.com\/de\/dax40\/\" class=\"flex\">\n                        <img loading=\"lazy\" decoding=\"async\" width=\"150\" height=\"150\" src=\"https:\/\/www.asktraders.com\/wp-content\/uploads\/2020\/09\/DAX-handeln-150x150.jpg\" class=\"w-1\/3 rounded object-cover  wp-post-image\" alt=\"DAX handeln\" \/>\n                        <div class=\"flex flex-col w-2\/3 pl-3\">\n                                                        <span\n                                class=\"block py-1 grow text-sm font-bold \">DAX 40 heute aktuell | Index, Kurs und Prognose<\/span>\n                                                            <span class=\"text-xs uppercase\">\n                                    Analyst Team\n                                <\/span>\n                                                    <\/div>\n                    <\/a>\n                <\/li>\n                            <li class=\"w-full p-3 rounded-lg shadow md:w-full\">\n                    <a href=\"https:\/\/www.asktraders.com\/learn-to-trade\/stock-trading\/how-to-trade-stocks\/\" class=\"flex\">\n                        <img loading=\"lazy\" decoding=\"async\" width=\"150\" height=\"150\" src=\"https:\/\/www.asktraders.com\/wp-content\/uploads\/2020\/08\/how-to-trade-stocks-01-150x150.jpg\" class=\"w-1\/3 rounded object-cover  wp-post-image\" alt=\"how to trade stocks\" \/>\n                        <div class=\"flex flex-col w-2\/3 pl-3\">\n                                                        <span\n                                class=\"block py-1 grow text-sm font-bold \">How To Trade Stocks &#8211; The Guide For Beginners<\/span>\n                                                            <span class=\"text-xs uppercase\">\n                                    Analyst Team\n                                <\/span>\n                                                    <\/div>\n                    <\/a>\n                <\/li>\n                            <li class=\"w-full p-3 rounded-lg shadow md:w-full\">\n                    <a href=\"https:\/\/www.asktraders.com\/de\/traden-lernen\/trading-ratgeber\/nachhaltige-etf\/\" class=\"flex\">\n                        <img loading=\"lazy\" decoding=\"async\" width=\"150\" height=\"150\" src=\"https:\/\/www.asktraders.com\/wp-content\/uploads\/2020\/08\/Nachhaltige-ETF-150x150.jpg\" class=\"w-1\/3 rounded object-cover  wp-post-image\" alt=\"Nachhaltige ETF\" \/>\n                        <div class=\"flex flex-col w-2\/3 pl-3\">\n                                                        <span\n                                class=\"block py-1 grow text-sm font-bold \">Nachhaltige ETF \u2013 Wo lohnt sich die Investition in \u00d6ko ETFs?<\/span>\n                                                            <span class=\"text-xs uppercase\">\n                                    Nigel Frith\n                                <\/span>\n                                                    <\/div>\n                    <\/a>\n                <\/li>\n                            <li class=\"w-full p-3 rounded-lg shadow md:w-full\">\n                    <a href=\"https:\/\/www.asktraders.com\/de\/traden-lernen\/trading-strategien\/vwap-strategie\/\" class=\"flex\">\n                        <img loading=\"lazy\" decoding=\"async\" width=\"150\" height=\"150\" src=\"https:\/\/www.asktraders.com\/wp-content\/uploads\/2021\/09\/VWAP-Trading-Strategy-Guide-Examples-150x150.jpg\" class=\"w-1\/3 rounded object-cover  wp-post-image\" alt=\"VWAP Trading Strategy Guide &amp; Examples\" \/>\n                        <div class=\"flex flex-col w-2\/3 pl-3\">\n                                                        <span\n                                class=\"block py-1 grow text-sm font-bold \">VWAP Strategie Anwendung &amp; Beispiele<\/span>\n                                                            <span class=\"text-xs uppercase\">\n                                    Analyst Team\n                                <\/span>\n                                                    <\/div>\n                    <\/a>\n                <\/li>\n                            <li class=\"w-full p-3 rounded-lg shadow md:w-full\">\n                    <a href=\"https:\/\/www.asktraders.com\/de\/traden-lernen\/trading-strategien\/was-ist-scalping\/\" class=\"flex\">\n                        <img loading=\"lazy\" decoding=\"async\" width=\"150\" height=\"150\" src=\"https:\/\/www.asktraders.com\/wp-content\/uploads\/2020\/03\/what-is-scalping-150x150.jpg\" class=\"w-1\/3 rounded object-cover  wp-post-image\" alt=\"what is scalping\" \/>\n                        <div class=\"flex flex-col w-2\/3 pl-3\">\n                                                        <span\n                                class=\"block py-1 grow text-sm font-bold \">Was ist Scalping? Strategien, Tipps &amp; Beispiele<\/span>\n                                                            <span class=\"text-xs uppercase\">\n                                    Analyst Team\n                                <\/span>\n                                                    <\/div>\n                    <\/a>\n                <\/li>\n                            <li class=\"w-full p-3 rounded-lg shadow md:w-full\">\n                    <a href=\"https:\/\/www.asktraders.com\/learn-to-trade\/guides\/etoro-analysis-of-trading-signals-sentiment-resources\/\" class=\"flex\">\n                        <img loading=\"lazy\" decoding=\"async\" width=\"150\" height=\"150\" src=\"https:\/\/www.asktraders.com\/wp-content\/uploads\/2022\/12\/eToro-Analysis-of-Trading-Signals-Sentiment-Resources-150x150.jpg\" class=\"w-1\/3 rounded object-cover  wp-post-image\" alt=\"eToro Analysis of Trading Signals &amp; Sentiment Resources\" \/>\n                        <div class=\"flex flex-col w-2\/3 pl-3\">\n                                                        <span\n                                class=\"block py-1 grow text-sm font-bold \">eToro \u2013 Analysis of Trading Signals &amp; Sentiment Resources<\/span>\n                                                            <span class=\"text-xs uppercase\">\n                                    Justin Freeman\n                                <\/span>\n                                                    <\/div>\n                    <\/a>\n                <\/li>\n                    <\/ul>\n            \n    <\/aside>\n\n\n<div class=\"wp-block-top5-broker\" data-sidebar>\n        <div>\n        \n\n<h2 class=\"wp-block-heading\"  class=\"wp-block-heading\"  id=\"\"><\/h2>\n\n\n    <\/div>\n            <div class=\"block bg-white rounded-lg shadow\">\n        <ul\n            class=\"flex flex-wrap w-full -mb-px list-none border-b-2 navTabs \">\n                                                                                                        <\/ul>\n                    <div class=\"navTabContent \" id=\"top5-tab1\">\n                <ol class=\"flex\n                flex-wrap\n                \">\n                                    <\/ol>\n                            <\/div>\n                    <div class=\"navTabContent hidden\" id=\"top5-tab2\">\n                <ol class=\"flex\n                flex-wrap\n                \">\n                                    <\/ol>\n                            <\/div>\n                    <div class=\"navTabContent hidden\" id=\"top5-tab3\">\n                <ol class=\"flex\n                flex-wrap\n                \">\n                                    <\/ol>\n                            <\/div>\n        \n    <\/div>\n    <\/div>\n\n\n<aside class=\"wp-block-related-posts related-posts-latest \" data-sidebar>\n                    \n\n<h2 class=\"wp-block-heading\"  class=\"wp-block-heading\"  id=\"news\">News<\/h2>\n\n\n        <ul class=\"grid grid-cols-1 md:grid-cols-2 gap-4 lg:grid-cols-1\">\n                            <li class=\"w-full p-3 rounded-lg shadow md:w-full\">\n                    <a href=\"https:\/\/www.asktraders.com\/de\/finanznachrichten\/evonik-aktien-erreichen-neues-tief-als-e13-durchbrochen-werden\/\" class=\"flex\">\n                        <img loading=\"lazy\" decoding=\"async\" width=\"150\" height=\"150\" src=\"https:\/\/www.asktraders.com\/wp-content\/uploads\/2023\/05\/evonik-aktie-prognose-150x150.jpg\" class=\"w-1\/3 rounded object-cover  wp-post-image\" alt=\"Evonik Aktie\" \/>\n                        <div class=\"flex flex-col w-2\/3 pl-3\">\n                                                        <span\n                                class=\"block py-1 grow text-sm font-bold \">Evonik Aktien erreichen neues Tief, als \u20ac13 durchbrochen werden<\/span>\n                                                            <span class=\"text-xs uppercase\">\n                                    Analyst Team\n                                <\/span>\n                                                    <\/div>\n                    <\/a>\n                <\/li>\n                            <li class=\"w-full p-3 rounded-lg shadow md:w-full\">\n                    <a href=\"https:\/\/www.asktraders.com\/de\/finanznachrichten\/2g-energy-ag-aktie-erholt-sich-von-unterstuetzung-steigerung-von-10\/\" class=\"flex\">\n                        <img loading=\"lazy\" decoding=\"async\" width=\"150\" height=\"150\" src=\"https:\/\/www.asktraders.com\/wp-content\/uploads\/2025\/08\/power-and-energy-150x150.jpg\" class=\"w-1\/3 rounded object-cover  wp-post-image\" alt=\"Uniper UN0\" \/>\n                        <div class=\"flex flex-col w-2\/3 pl-3\">\n                                                        <span\n                                class=\"block py-1 grow text-sm font-bold \">2G Energy AG Aktie erholt sich von Unterst\u00fctzung \u2013 Steigerung von 10%<\/span>\n                                                            <span class=\"text-xs uppercase\">\n                                    Analyst Team\n                                <\/span>\n                                                    <\/div>\n                    <\/a>\n                <\/li>\n                            <li class=\"w-full p-3 rounded-lg shadow md:w-full\">\n                    <a href=\"https:\/\/www.asktraders.com\/de\/finanznachrichten\/mercedes-benz-aktie-goldman-sachs-initiiert-analystendeckung-mit-positiver-einschaetzung\/\" class=\"flex\">\n                        <img loading=\"lazy\" decoding=\"async\" width=\"150\" height=\"150\" src=\"https:\/\/www.asktraders.com\/wp-content\/uploads\/2023\/06\/aktie-mercedes-150x150.jpg\" class=\"w-1\/3 rounded object-cover  wp-post-image\" alt=\"Mercedes Aktie\" \/>\n                        <div class=\"flex flex-col w-2\/3 pl-3\">\n                                                        <span\n                                class=\"block py-1 grow text-sm font-bold \">Mercedes-Benz Aktie: Goldman Sachs initiiert Analystendeckung mit positiver Einsch\u00e4tzung<\/span>\n                                                            <span class=\"text-xs uppercase\">\n                                    Analyst Team\n                                <\/span>\n                                                    <\/div>\n                    <\/a>\n                <\/li>\n                            <li class=\"w-full p-3 rounded-lg shadow md:w-full\">\n                    <a href=\"https:\/\/www.asktraders.com\/de\/finanznachrichten\/dax-aktien-erholen-sich-nach-nvidia-beben-maerkte-atmen-auf\/\" class=\"flex\">\n                        <img loading=\"lazy\" decoding=\"async\" width=\"150\" height=\"150\" src=\"https:\/\/www.asktraders.com\/wp-content\/uploads\/2023\/04\/dax-handeln-150x150.jpg\" class=\"w-1\/3 rounded object-cover  wp-post-image\" alt=\"\" \/>\n                        <div class=\"flex flex-col w-2\/3 pl-3\">\n                                                        <span\n                                class=\"block py-1 grow text-sm font-bold \">DAX-Aktien erholen sich nach Nvidia-Beben: M\u00e4rkte atmen auf<\/span>\n                                                            <span class=\"text-xs uppercase\">\n                                    Analyst Team\n                                <\/span>\n                                                    <\/div>\n                    <\/a>\n                <\/li>\n                            <li class=\"w-full p-3 rounded-lg shadow md:w-full\">\n                    <a href=\"https:\/\/www.asktraders.com\/de\/finanznachrichten\/rheinmetall-aktien-finden-unterstuetzung-bei-1-600-e-wie-geht-es-weiter\/\" class=\"flex\">\n                        <img loading=\"lazy\" decoding=\"async\" width=\"150\" height=\"150\" src=\"https:\/\/www.asktraders.com\/wp-content\/uploads\/2022\/11\/Die-Rheinmetall-Aktie-im-Chart-150x150.jpg\" class=\"w-1\/3 rounded object-cover  wp-post-image\" alt=\"Die Rheinmetall Aktie im Chart\" \/>\n                        <div class=\"flex flex-col w-2\/3 pl-3\">\n                                                        <span\n                                class=\"block py-1 grow text-sm font-bold \">Rheinmetall-Aktien finden Unterst\u00fctzung bei 1.600 \u20ac \u2013 Wie geht es weiter?<\/span>\n                                                            <span class=\"text-xs uppercase\">\n                                    Analyst Team\n                                <\/span>\n                                                    <\/div>\n                    <\/a>\n                <\/li>\n                    <\/ul>\n            \n    <\/aside>\n","protected":false},"author":873,"featured_media":107845,"comment_status":"closed","ping_status":"closed","template":"","news_cluster":[],"tradingcategory":[58519],"class_list":["post-233974","news","type-news","status-publish","has-post-thumbnail","hentry","tradingcategory-news-de"],"acf":[],"apple_news_notices":[],"yoast_head":"<!-- This site is optimized with the Yoast SEO plugin v27.2 - https:\/\/yoast.com\/product\/yoast-seo-wordpress\/ -->\n<title>SAP (ETR:SAP): Aktienkurs f\u00e4llt im August \u2013 Jahresverlauf weiterhin schwach | AskTraders.com %<\/title>\n<meta name=\"description\" content=\"Die Aktien von SAP SE (ETR:SAP) haben im vergangenen Monat einen deutlichen R\u00fcckgang von 12,16\u00a0% erlebt und entwickelten sich damit schlechter als die\" \/>\n<meta name=\"robots\" content=\"index, follow, max-snippet:-1, max-image-preview:large, max-video-preview:-1\" \/>\n<link rel=\"canonical\" href=\"https:\/\/www.asktraders.com\/de\/finanznachrichten\/sap-etrsap-aktienkurs-faellt-im-august-jahresverlauf-weiterhin-schwach\/\" \/>\n<meta property=\"og:locale\" content=\"de_DE\" \/>\n<meta property=\"og:type\" content=\"article\" \/>\n<meta property=\"og:title\" content=\"SAP (ETR:SAP): Aktienkurs f\u00e4llt im August \u2013 Jahresverlauf weiterhin schwach | AskTraders.com %\" \/>\n<meta property=\"og:description\" content=\"Die Aktien von SAP SE (ETR:SAP) haben im vergangenen Monat einen deutlichen R\u00fcckgang von 12,16\u00a0% erlebt und entwickelten sich damit schlechter als die\" \/>\n<meta property=\"og:url\" content=\"https:\/\/www.asktraders.com\/de\/finanznachrichten\/sap-etrsap-aktienkurs-faellt-im-august-jahresverlauf-weiterhin-schwach\/\" \/>\n<meta property=\"og:site_name\" content=\"AskTraders.com\" \/>\n<meta property=\"article:publisher\" content=\"https:\/\/www.facebook.com\/asktraderscom\" \/>\n<meta property=\"article:modified_time\" content=\"2025-08-21T11:46:11+00:00\" \/>\n<meta property=\"og:image\" content=\"https:\/\/www.asktraders.com\/wp-content\/uploads\/2020\/11\/SAP-Tech-Aktie.jpg\" \/>\n\t<meta property=\"og:image:width\" content=\"2000\" \/>\n\t<meta property=\"og:image:height\" content=\"857\" \/>\n\t<meta property=\"og:image:type\" content=\"image\/jpeg\" \/>\n<meta name=\"twitter:card\" content=\"summary_large_image\" \/>\n<meta name=\"twitter:site\" content=\"@Asktraders1\" \/>\n<meta name=\"twitter:label1\" content=\"Gesch\u00e4tzte Lesezeit\" \/>\n\t<meta name=\"twitter:data1\" content=\"3 Minuten\" \/>\n<script type=\"application\/ld+json\" class=\"yoast-schema-graph\">{\"@context\":\"https:\/\/schema.org\",\"@graph\":[{\"@type\":\"NewsArticle\",\"@id\":\"https:\/\/www.asktraders.com\/de\/finanznachrichten\/sap-etrsap-aktienkurs-faellt-im-august-jahresverlauf-weiterhin-schwach\/#article\",\"isPartOf\":{\"@id\":\"https:\/\/www.asktraders.com\/de\/finanznachrichten\/sap-etrsap-aktienkurs-faellt-im-august-jahresverlauf-weiterhin-schwach\/\"},\"author\":{\"name\":\"Asktraders News Team\",\"@id\":\"https:\/\/www.asktraders.com\/de\/#\/schema\/person\/a9018e69daa9a7bd7a92bab40944424f\",\"url\":\"https:\/\/www.asktraders.com\/de\/author\/asktraders-news-team\/\"},\"headline\":\"SAP (ETR:SAP): Aktienkurs f\u00e4llt im August \u2013 Jahresverlauf weiterhin schwach\",\"datePublished\":\"2025-08-21T11:46:08+00:00\",\"dateModified\":\"2025-08-21T11:46:11+00:00\",\"mainEntityOfPage\":{\"@id\":\"https:\/\/www.asktraders.com\/de\/finanznachrichten\/sap-etrsap-aktienkurs-faellt-im-august-jahresverlauf-weiterhin-schwach\/\"},\"wordCount\":601,\"publisher\":{\"@id\":\"https:\/\/www.asktraders.com\/de\/#organization\"},\"image\":{\"@id\":\"https:\/\/www.asktraders.com\/de\/finanznachrichten\/sap-etrsap-aktienkurs-faellt-im-august-jahresverlauf-weiterhin-schwach\/#primaryimage\"},\"thumbnailUrl\":\"https:\/\/www.asktraders.com\/wp-content\/uploads\/2020\/11\/SAP-Tech-Aktie.jpg\",\"inLanguage\":\"de-DE\"},{\"@type\":\"WebPage\",\"@id\":\"https:\/\/www.asktraders.com\/de\/finanznachrichten\/sap-etrsap-aktienkurs-faellt-im-august-jahresverlauf-weiterhin-schwach\/\",\"url\":\"https:\/\/www.asktraders.com\/de\/finanznachrichten\/sap-etrsap-aktienkurs-faellt-im-august-jahresverlauf-weiterhin-schwach\/\",\"name\":\"SAP (ETR:SAP): Aktienkurs f\u00e4llt im August \u2013 Jahresverlauf weiterhin schwach | AskTraders.com %\",\"isPartOf\":{\"@id\":\"https:\/\/www.asktraders.com\/de\/#website\"},\"primaryImageOfPage\":{\"@id\":\"https:\/\/www.asktraders.com\/de\/finanznachrichten\/sap-etrsap-aktienkurs-faellt-im-august-jahresverlauf-weiterhin-schwach\/#primaryimage\"},\"image\":{\"@id\":\"https:\/\/www.asktraders.com\/de\/finanznachrichten\/sap-etrsap-aktienkurs-faellt-im-august-jahresverlauf-weiterhin-schwach\/#primaryimage\"},\"thumbnailUrl\":\"https:\/\/www.asktraders.com\/wp-content\/uploads\/2020\/11\/SAP-Tech-Aktie.jpg\",\"datePublished\":\"2025-08-21T11:46:08+00:00\",\"dateModified\":\"2025-08-21T11:46:11+00:00\",\"description\":\"Die Aktien von SAP SE (ETR:SAP) haben im vergangenen Monat einen deutlichen R\u00fcckgang von 12,16\u00a0% erlebt und entwickelten sich damit schlechter als die\",\"breadcrumb\":{\"@id\":\"https:\/\/www.asktraders.com\/de\/finanznachrichten\/sap-etrsap-aktienkurs-faellt-im-august-jahresverlauf-weiterhin-schwach\/#breadcrumb\"},\"inLanguage\":\"de-DE\",\"potentialAction\":[{\"@type\":\"ReadAction\",\"target\":[\"https:\/\/www.asktraders.com\/de\/finanznachrichten\/sap-etrsap-aktienkurs-faellt-im-august-jahresverlauf-weiterhin-schwach\/\"]}]},{\"@type\":\"ImageObject\",\"inLanguage\":\"de-DE\",\"@id\":\"https:\/\/www.asktraders.com\/de\/finanznachrichten\/sap-etrsap-aktienkurs-faellt-im-august-jahresverlauf-weiterhin-schwach\/#primaryimage\",\"url\":\"https:\/\/www.asktraders.com\/wp-content\/uploads\/2020\/11\/SAP-Tech-Aktie.jpg\",\"contentUrl\":\"https:\/\/www.asktraders.com\/wp-content\/uploads\/2020\/11\/SAP-Tech-Aktie.jpg\",\"width\":2000,\"height\":857,\"caption\":\"SAP Tech Aktie\"},{\"@type\":\"BreadcrumbList\",\"@id\":\"https:\/\/www.asktraders.com\/de\/finanznachrichten\/sap-etrsap-aktienkurs-faellt-im-august-jahresverlauf-weiterhin-schwach\/#breadcrumb\",\"itemListElement\":[{\"@type\":\"ListItem\",\"position\":1,\"name\":\"Home\",\"item\":\"https:\/\/www.asktraders.com\/de\/\"},{\"@type\":\"ListItem\",\"position\":2,\"name\":\"News\",\"item\":\"https:\/\/www.asktraders.com\/de\/finanznachrichten\/\"},{\"@type\":\"ListItem\",\"position\":3,\"name\":\"SAP (ETR:SAP): Aktienkurs f\u00e4llt im August \u2013 Jahresverlauf weiterhin schwach\"}]},{\"@type\":\"WebSite\",\"@id\":\"https:\/\/www.asktraders.com\/de\/#website\",\"url\":\"https:\/\/www.asktraders.com\/de\/\",\"name\":\"AskTraders\",\"description\":\"Guiding You To Trading Success\",\"publisher\":{\"@id\":\"https:\/\/www.asktraders.com\/de\/#organization\"},\"inLanguage\":\"de-DE\"},{\"@type\":\"Organization\",\"@id\":\"https:\/\/www.asktraders.com\/de\/#organization\",\"name\":\"AskTraders\",\"url\":\"https:\/\/www.asktraders.com\/de\/\",\"logo\":{\"@type\":\"ImageObject\",\"inLanguage\":\"de-DE\",\"@id\":\"https:\/\/www.asktraders.com\/de\/#\/schema\/logo\/image\/\",\"url\":\"https:\/\/www.asktraders.com\/wp-content\/uploads\/2019\/05\/asktraders-logo-tm-white.png\",\"contentUrl\":\"https:\/\/www.asktraders.com\/wp-content\/uploads\/2019\/05\/asktraders-logo-tm-white.png\",\"width\":232,\"height\":38,\"caption\":\"AskTraders\"},\"image\":{\"@id\":\"https:\/\/www.asktraders.com\/de\/#\/schema\/logo\/image\/\"},\"sameAs\":[\"https:\/\/www.facebook.com\/asktraderscom\",\"https:\/\/x.com\/Asktraders1\"]},{\"@type\":\"Person\",\"@id\":\"https:\/\/www.asktraders.com\/de\/#\/schema\/person\/a9018e69daa9a7bd7a92bab40944424f\",\"name\":\"Asktraders News Team\",\"image\":{\"@type\":\"ImageObject\",\"inLanguage\":\"de-DE\",\"@id\":\"https:\/\/secure.gravatar.com\/avatar\/4adf30b4bdba8095517be51a6d33eac85d275459c6da979b73dabd753924f280?s=96&d=mm&r=g\",\"url\":\"https:\/\/secure.gravatar.com\/avatar\/4adf30b4bdba8095517be51a6d33eac85d275459c6da979b73dabd753924f280?s=96&d=mm&r=g\",\"contentUrl\":\"https:\/\/secure.gravatar.com\/avatar\/4adf30b4bdba8095517be51a6d33eac85d275459c6da979b73dabd753924f280?s=96&d=mm&r=g\",\"caption\":\"Asktraders News Team\"}}]}<\/script>\n<!-- \/ Yoast SEO plugin. -->","yoast_head_json":{"title":"SAP (ETR:SAP): Aktienkurs f\u00e4llt im August \u2013 Jahresverlauf weiterhin schwach | AskTraders.com %","description":"Die Aktien von SAP SE (ETR:SAP) haben im vergangenen Monat einen deutlichen R\u00fcckgang von 12,16\u00a0% erlebt und entwickelten sich damit schlechter als die","robots":{"index":"index","follow":"follow","max-snippet":"max-snippet:-1","max-image-preview":"max-image-preview:large","max-video-preview":"max-video-preview:-1"},"canonical":"https:\/\/www.asktraders.com\/de\/finanznachrichten\/sap-etrsap-aktienkurs-faellt-im-august-jahresverlauf-weiterhin-schwach\/","og_locale":"de_DE","og_type":"article","og_title":"SAP (ETR:SAP): Aktienkurs f\u00e4llt im August \u2013 Jahresverlauf weiterhin schwach | AskTraders.com %","og_description":"Die Aktien von SAP SE (ETR:SAP) haben im vergangenen Monat einen deutlichen R\u00fcckgang von 12,16\u00a0% erlebt und entwickelten sich damit schlechter als die","og_url":"https:\/\/www.asktraders.com\/de\/finanznachrichten\/sap-etrsap-aktienkurs-faellt-im-august-jahresverlauf-weiterhin-schwach\/","og_site_name":"AskTraders.com","article_publisher":"https:\/\/www.facebook.com\/asktraderscom","article_modified_time":"2025-08-21T11:46:11+00:00","og_image":[{"width":2000,"height":857,"url":"https:\/\/www.asktraders.com\/wp-content\/uploads\/2020\/11\/SAP-Tech-Aktie.jpg","type":"image\/jpeg"}],"twitter_card":"summary_large_image","twitter_site":"@Asktraders1","twitter_misc":{"Gesch\u00e4tzte Lesezeit":"3 Minuten"},"schema":{"@context":"https:\/\/schema.org","@graph":[{"@type":"NewsArticle","@id":"https:\/\/www.asktraders.com\/de\/finanznachrichten\/sap-etrsap-aktienkurs-faellt-im-august-jahresverlauf-weiterhin-schwach\/#article","isPartOf":{"@id":"https:\/\/www.asktraders.com\/de\/finanznachrichten\/sap-etrsap-aktienkurs-faellt-im-august-jahresverlauf-weiterhin-schwach\/"},"author":{"name":"Asktraders News Team","@id":"https:\/\/www.asktraders.com\/de\/#\/schema\/person\/a9018e69daa9a7bd7a92bab40944424f","url":"https:\/\/www.asktraders.com\/de\/author\/asktraders-news-team\/"},"headline":"SAP (ETR:SAP): Aktienkurs f\u00e4llt im August \u2013 Jahresverlauf weiterhin schwach","datePublished":"2025-08-21T11:46:08+00:00","dateModified":"2025-08-21T11:46:11+00:00","mainEntityOfPage":{"@id":"https:\/\/www.asktraders.com\/de\/finanznachrichten\/sap-etrsap-aktienkurs-faellt-im-august-jahresverlauf-weiterhin-schwach\/"},"wordCount":601,"publisher":{"@id":"https:\/\/www.asktraders.com\/de\/#organization"},"image":{"@id":"https:\/\/www.asktraders.com\/de\/finanznachrichten\/sap-etrsap-aktienkurs-faellt-im-august-jahresverlauf-weiterhin-schwach\/#primaryimage"},"thumbnailUrl":"https:\/\/www.asktraders.com\/wp-content\/uploads\/2020\/11\/SAP-Tech-Aktie.jpg","inLanguage":"de-DE"},{"@type":"WebPage","@id":"https:\/\/www.asktraders.com\/de\/finanznachrichten\/sap-etrsap-aktienkurs-faellt-im-august-jahresverlauf-weiterhin-schwach\/","url":"https:\/\/www.asktraders.com\/de\/finanznachrichten\/sap-etrsap-aktienkurs-faellt-im-august-jahresverlauf-weiterhin-schwach\/","name":"SAP (ETR:SAP): Aktienkurs f\u00e4llt im August \u2013 Jahresverlauf weiterhin schwach | AskTraders.com %","isPartOf":{"@id":"https:\/\/www.asktraders.com\/de\/#website"},"primaryImageOfPage":{"@id":"https:\/\/www.asktraders.com\/de\/finanznachrichten\/sap-etrsap-aktienkurs-faellt-im-august-jahresverlauf-weiterhin-schwach\/#primaryimage"},"image":{"@id":"https:\/\/www.asktraders.com\/de\/finanznachrichten\/sap-etrsap-aktienkurs-faellt-im-august-jahresverlauf-weiterhin-schwach\/#primaryimage"},"thumbnailUrl":"https:\/\/www.asktraders.com\/wp-content\/uploads\/2020\/11\/SAP-Tech-Aktie.jpg","datePublished":"2025-08-21T11:46:08+00:00","dateModified":"2025-08-21T11:46:11+00:00","description":"Die Aktien von SAP SE (ETR:SAP) haben im vergangenen Monat einen deutlichen R\u00fcckgang von 12,16\u00a0% erlebt und entwickelten sich damit schlechter als die","breadcrumb":{"@id":"https:\/\/www.asktraders.com\/de\/finanznachrichten\/sap-etrsap-aktienkurs-faellt-im-august-jahresverlauf-weiterhin-schwach\/#breadcrumb"},"inLanguage":"de-DE","potentialAction":[{"@type":"ReadAction","target":["https:\/\/www.asktraders.com\/de\/finanznachrichten\/sap-etrsap-aktienkurs-faellt-im-august-jahresverlauf-weiterhin-schwach\/"]}]},{"@type":"ImageObject","inLanguage":"de-DE","@id":"https:\/\/www.asktraders.com\/de\/finanznachrichten\/sap-etrsap-aktienkurs-faellt-im-august-jahresverlauf-weiterhin-schwach\/#primaryimage","url":"https:\/\/www.asktraders.com\/wp-content\/uploads\/2020\/11\/SAP-Tech-Aktie.jpg","contentUrl":"https:\/\/www.asktraders.com\/wp-content\/uploads\/2020\/11\/SAP-Tech-Aktie.jpg","width":2000,"height":857,"caption":"SAP Tech Aktie"},{"@type":"BreadcrumbList","@id":"https:\/\/www.asktraders.com\/de\/finanznachrichten\/sap-etrsap-aktienkurs-faellt-im-august-jahresverlauf-weiterhin-schwach\/#breadcrumb","itemListElement":[{"@type":"ListItem","position":1,"name":"Home","item":"https:\/\/www.asktraders.com\/de\/"},{"@type":"ListItem","position":2,"name":"News","item":"https:\/\/www.asktraders.com\/de\/finanznachrichten\/"},{"@type":"ListItem","position":3,"name":"SAP (ETR:SAP): Aktienkurs f\u00e4llt im August \u2013 Jahresverlauf weiterhin schwach"}]},{"@type":"WebSite","@id":"https:\/\/www.asktraders.com\/de\/#website","url":"https:\/\/www.asktraders.com\/de\/","name":"AskTraders","description":"Guiding You To Trading Success","publisher":{"@id":"https:\/\/www.asktraders.com\/de\/#organization"},"inLanguage":"de-DE"},{"@type":"Organization","@id":"https:\/\/www.asktraders.com\/de\/#organization","name":"AskTraders","url":"https:\/\/www.asktraders.com\/de\/","logo":{"@type":"ImageObject","inLanguage":"de-DE","@id":"https:\/\/www.asktraders.com\/de\/#\/schema\/logo\/image\/","url":"https:\/\/www.asktraders.com\/wp-content\/uploads\/2019\/05\/asktraders-logo-tm-white.png","contentUrl":"https:\/\/www.asktraders.com\/wp-content\/uploads\/2019\/05\/asktraders-logo-tm-white.png","width":232,"height":38,"caption":"AskTraders"},"image":{"@id":"https:\/\/www.asktraders.com\/de\/#\/schema\/logo\/image\/"},"sameAs":["https:\/\/www.facebook.com\/asktraderscom","https:\/\/x.com\/Asktraders1"]},{"@type":"Person","@id":"https:\/\/www.asktraders.com\/de\/#\/schema\/person\/a9018e69daa9a7bd7a92bab40944424f","name":"Asktraders News Team","image":{"@type":"ImageObject","inLanguage":"de-DE","@id":"https:\/\/secure.gravatar.com\/avatar\/4adf30b4bdba8095517be51a6d33eac85d275459c6da979b73dabd753924f280?s=96&d=mm&r=g","url":"https:\/\/secure.gravatar.com\/avatar\/4adf30b4bdba8095517be51a6d33eac85d275459c6da979b73dabd753924f280?s=96&d=mm&r=g","contentUrl":"https:\/\/secure.gravatar.com\/avatar\/4adf30b4bdba8095517be51a6d33eac85d275459c6da979b73dabd753924f280?s=96&d=mm&r=g","caption":"Asktraders News Team"}}]}},"_links":{"self":[{"href":"https:\/\/www.asktraders.com\/de\/wp-json\/wp\/v2\/news\/233974","targetHints":{"allow":["GET"]}}],"collection":[{"href":"https:\/\/www.asktraders.com\/de\/wp-json\/wp\/v2\/news"}],"about":[{"href":"https:\/\/www.asktraders.com\/de\/wp-json\/wp\/v2\/types\/news"}],"author":[{"embeddable":true,"href":"https:\/\/www.asktraders.com\/de\/wp-json\/wp\/v2\/users\/873"}],"replies":[{"embeddable":true,"href":"https:\/\/www.asktraders.com\/de\/wp-json\/wp\/v2\/comments?post=233974"}],"version-history":[{"count":0,"href":"https:\/\/www.asktraders.com\/de\/wp-json\/wp\/v2\/news\/233974\/revisions"}],"wp:featuredmedia":[{"embeddable":true,"href":"https:\/\/www.asktraders.com\/de\/wp-json\/wp\/v2\/media\/107845"}],"wp:attachment":[{"href":"https:\/\/www.asktraders.com\/de\/wp-json\/wp\/v2\/media?parent=233974"}],"wp:term":[{"taxonomy":"news_cluster","embeddable":true,"href":"https:\/\/www.asktraders.com\/de\/wp-json\/wp\/v2\/news_cluster?post=233974"},{"taxonomy":"tradingcategory","embeddable":true,"href":"https:\/\/www.asktraders.com\/de\/wp-json\/wp\/v2\/tradingcategory?post=233974"}],"curies":[{"name":"wp","href":"https:\/\/api.w.org\/{rel}","templated":true}]}}