{"id":234138,"date":"2025-08-22T10:58:03","date_gmt":"2025-08-22T09:58:03","guid":{"rendered":"https:\/\/www.asktraders.com\/?post_type=news&#038;p=234138"},"modified":"2025-08-22T10:58:06","modified_gmt":"2025-08-22T09:58:06","slug":"cts-eventim-aktie-unter-druck-anteile-testen-e80-unterstuetzung-nach-q2-enttaeuschung","status":"publish","type":"news","link":"https:\/\/www.asktraders.com\/de\/finanznachrichten\/cts-eventim-aktie-unter-druck-anteile-testen-e80-unterstuetzung-nach-q2-enttaeuschung\/","title":{"rendered":"CTS Eventim Aktie unter Druck: Anteile testen \u20ac80-Unterst\u00fctzung nach Q2-Entt\u00e4uschung"},"content":{"rendered":"\n<p>Die CTS Eventim AG &amp; Co. KGaA (ETR:EVD) steht unter Druck. Die Aktie verzeichnete im vergangenen Monat einen deutlichen R\u00fcckgang von 21%, ausgel\u00f6st durch entt\u00e4uschende Finanzergebnisse f\u00fcr das zweite Quartal 2025. Der Aktienkurs n\u00e4herte sich den Einjahrestiefs und testet die Marke von 80 \u20ac als potenzielle Unterst\u00fctzung.<\/p>\n\n\n\n<p>Der j\u00fcngste Abschwung folgte auf die Ver\u00f6ffentlichung der Zahlen f\u00fcr das zweite Quartal 2025, die einen marginalen Umsatzanstieg von 0,3 % im Jahresvergleich auf 795,6 Mio. \u20ac zeigten und damit die FactSet-Konsenssch\u00e4tzung von 853 Mio. \u20ac um 7 % verfehlten. <\/p>\n\n\n\n<p>Das bereinigte EBITDA stieg um 8,9 % auf 100,2 Mio. \u20ac, verfehlte aber ebenfalls die Konsensprognose von 130 Mio. \u20ac um beachtliche 23 %. Die bereinigte EBITDA-Marge sank von 13,9 % im gleichen Zeitraum 2024 auf 12,6 %, was auf Herausforderungen bei der Profitabilit\u00e4t hindeutet.<\/p>\n\n\n<stock-market-widget type=\"chart\" template=\"candlestick\" assets=\"EVD.DE\" range=\"1y\" interval=\"1d\" price_field=\"close\" heading=\"CTS Eventim AG & Co. KGaA (ETR:EVD)\" candle_border_width=\"1\" candle_bullish_background_color=\"#21BA45\" candle_bearish_background_color=\"#DB2828\" candle_bullish_border_color=\"#21BA45\" candle_bearish_border_color=\"#DB2828\" axes_color=\"#000000\" tooltip_text_color=\"#262626\" tooltip_background_color=\"#FFFFFF\" range_selector=\"true\" volume_enabled=\"false\" axes_enabled=\"true\" tooltip_enabled=\"true\" zoom_enabled=\"true\" save_image_enabled=\"true\" cursor_enabled=\"true\" api=\"yahoo-finance\"><\/stock-market-widget>\n\n\n\n<p>Ein genauerer Blick auf die Segmente zeigt eine gemischte Leistung. Das Ticketing-Segment zeigte sich widerstandsf\u00e4hig mit einem Umsatzanstieg von 15,4 % auf 202,1 Mio. \u20ac und einem Anstieg des bereinigten EBITDA um 6,5 % auf 78,1 Mio. \u20ac. Doch selbst in diesem relativ starken Segment verengte sich die Marge von 41,8 % auf 38,6 %, was auf Integrationsprozesse im Zusammenhang mit See Tickets und France Billet zur\u00fcckzuf\u00fchren ist. <\/p>\n\n\n\n<p>Im Gegensatz dazu hatte das Live-Entertainment-Segment zu k\u00e4mpfen und meldete einen Umsatzr\u00fcckgang von 4,5 % auf 602,5 Mio. \u20ac sowie einen starken Einbruch des bereinigten EBITDA um 37,7 % auf 22,1 Mio. \u20ac. Die Marge in diesem wichtigen Segment fiel von 5,7 % auf 3,7 %, was die schwierigen Bedingungen in Teilen Europas und die anhaltende Kosteninflation widerspiegelt.<\/p>\n\n\n\n<p>Der Markt reagierte schnell und negativ auf die Ergebnisver\u00f6ffentlichung. Am 21. August 2025 st\u00fcrzte der Aktienkurs von CTS Eventim um 17 % ab, was die Entt\u00e4uschung der Markt \u00fcber Umsatz und Ergebnis widerspiegelt, insbesondere \u00fcber das deutliche Verfehlen des EBITDA im Bereich Live Entertainment. Dieser starke R\u00fcckgang unterstreicht die Sensibilit\u00e4t der M\u00e4rkte gegen\u00fcber wahrgenommener Underperformance im Vergleich zu den Erwartungen.<\/p>\n\n\n\n<p>Trotz des Gewinnr\u00fcckgangs behielt JPMorgan die Einstufung \u201eOverweight\u201c f\u00fcr CTS Eventim bei, senkte jedoch das Kursziel von 118,00 \u20ac auf 114,00 \u20ac. Diese Anpassung tr\u00e4gt den Auswirkungen hoher Integrationskosten und regionaler Wachstumsprobleme in Europa Rechnung. Die Investmentbank hob jedoch die positive Dynamik im Ticketing-Gesch\u00e4ft hervor, das trotz schwieriger makro\u00f6konomischer Bedingungen ein organisches Wachstum von etwa 4-5 % erzielte. <\/p>\n\n\n\n<p>JPMorgan revidierte auch seine Prognose f\u00fcr das bereinigte EBITDA f\u00fcr das Gesch\u00e4ftsjahr 25 um 5 % auf 571 Mio. \u20ac nach unten, was einem Wachstum von 5 % im Jahresvergleich auf Konzernebene entspricht und am unteren Ende der Unternehmensprognose f\u00fcr ein moderates Wachstum von etwa 5-15 % liegt.<\/p>\n\n\n\n<p>Die Nachhaltigkeit dieser Unterst\u00fctzung h\u00e4ngt jedoch von der F\u00e4higkeit des Unternehmens ab, die Integrationsherausforderungen wirksam zu bew\u00e4ltigen und die Rentabilit\u00e4t im Live-Entertainment-Segment zu verbessern. Die Pipeline des Unternehmens bis zum Jahresende wird von entscheidender Bedeutung sein, da das Management zuversichtlich ist, dass sie das Unternehmen f\u00fcr ein beschleunigtes Wachstum in der zweiten Jahresh\u00e4lfte positionieren wird<\/p>\n\n\n\n<p>Mit Blick auf die Zukunft werden die M\u00e4rkte die Bem\u00fchungen von CTS Eventim, die Betriebsabl\u00e4ufe zu straffen und die Wachstumschancen im Ticketing-Gesch\u00e4ft zu nutzen, genau beobachten. Die F\u00e4higkeit des Unternehmens, die aktuellen Gegenwinde zu meistern und sein Wachstumspotenzial auszusch\u00f6pfen, wird letztlich \u00fcber die Entwicklung des Aktienkurses entscheiden.<\/p>\n\n\n<aside class=\"wp-block-related-posts  \" data-sidebar>\n                    \n\n<h2 class=\"wp-block-heading\"  class=\"wp-block-heading\"  id=\"aktien_lernen\">Aktien Lernen<\/h2>\n\n\n        <ul class=\"grid grid-cols-1 md:grid-cols-2 gap-4 lg:grid-cols-1\">\n                            <li class=\"w-full p-3 rounded-lg shadow md:w-full\">\n                    <a href=\"https:\/\/www.asktraders.com\/de\/dax40\/\" class=\"flex\">\n                        <img loading=\"lazy\" decoding=\"async\" width=\"150\" height=\"150\" src=\"https:\/\/www.asktraders.com\/wp-content\/uploads\/2020\/09\/DAX-handeln-150x150.jpg\" class=\"w-1\/3 rounded object-cover  wp-post-image\" alt=\"DAX handeln\" \/>\n                        <div class=\"flex flex-col w-2\/3 pl-3\">\n                                                        <span\n                                class=\"block py-1 grow text-sm font-bold \">DAX 40 heute aktuell | Index, Kurs und Prognose<\/span>\n                                                            <span class=\"text-xs uppercase\">\n                                    Analyst Team\n                                <\/span>\n                                                    <\/div>\n                    <\/a>\n                <\/li>\n                            <li class=\"w-full p-3 rounded-lg shadow md:w-full\">\n                    <a href=\"https:\/\/www.asktraders.com\/learn-to-trade\/stock-trading\/how-to-trade-stocks\/\" class=\"flex\">\n                        <img loading=\"lazy\" decoding=\"async\" width=\"150\" height=\"150\" src=\"https:\/\/www.asktraders.com\/wp-content\/uploads\/2020\/08\/how-to-trade-stocks-01-150x150.jpg\" class=\"w-1\/3 rounded object-cover  wp-post-image\" alt=\"how to trade stocks\" \/>\n                        <div class=\"flex flex-col w-2\/3 pl-3\">\n                                                        <span\n                                class=\"block py-1 grow text-sm font-bold \">How To Trade Stocks &#8211; The Guide For Beginners<\/span>\n                                                            <span class=\"text-xs uppercase\">\n                                    Analyst Team\n                                <\/span>\n                                                    <\/div>\n                    <\/a>\n                <\/li>\n                            <li class=\"w-full p-3 rounded-lg shadow md:w-full\">\n                    <a href=\"https:\/\/www.asktraders.com\/de\/traden-lernen\/trading-ratgeber\/nachhaltige-etf\/\" class=\"flex\">\n                        <img loading=\"lazy\" decoding=\"async\" width=\"150\" height=\"150\" src=\"https:\/\/www.asktraders.com\/wp-content\/uploads\/2020\/08\/Nachhaltige-ETF-150x150.jpg\" class=\"w-1\/3 rounded object-cover  wp-post-image\" alt=\"Nachhaltige ETF\" \/>\n                        <div class=\"flex flex-col w-2\/3 pl-3\">\n                                                        <span\n                                class=\"block py-1 grow text-sm font-bold \">Nachhaltige ETF \u2013 Wo lohnt sich die Investition in \u00d6ko ETFs?<\/span>\n                                                            <span class=\"text-xs uppercase\">\n                                    Nigel Frith\n                                <\/span>\n                                                    <\/div>\n                    <\/a>\n                <\/li>\n                            <li class=\"w-full p-3 rounded-lg shadow md:w-full\">\n                    <a href=\"https:\/\/www.asktraders.com\/de\/traden-lernen\/trading-strategien\/vwap-strategie\/\" class=\"flex\">\n                        <img loading=\"lazy\" decoding=\"async\" width=\"150\" height=\"150\" src=\"https:\/\/www.asktraders.com\/wp-content\/uploads\/2021\/09\/VWAP-Trading-Strategy-Guide-Examples-150x150.jpg\" class=\"w-1\/3 rounded object-cover  wp-post-image\" alt=\"VWAP Trading Strategy Guide &amp; Examples\" \/>\n                        <div class=\"flex flex-col w-2\/3 pl-3\">\n                                                        <span\n                                class=\"block py-1 grow text-sm font-bold \">VWAP Strategie Anwendung &amp; Beispiele<\/span>\n                                                            <span class=\"text-xs uppercase\">\n                                    Analyst Team\n                                <\/span>\n                                                    <\/div>\n                    <\/a>\n                <\/li>\n                            <li class=\"w-full p-3 rounded-lg shadow md:w-full\">\n                    <a href=\"https:\/\/www.asktraders.com\/de\/traden-lernen\/trading-strategien\/was-ist-scalping\/\" class=\"flex\">\n                        <img loading=\"lazy\" decoding=\"async\" width=\"150\" height=\"150\" src=\"https:\/\/www.asktraders.com\/wp-content\/uploads\/2020\/03\/what-is-scalping-150x150.jpg\" class=\"w-1\/3 rounded object-cover  wp-post-image\" alt=\"what is scalping\" \/>\n                        <div class=\"flex flex-col w-2\/3 pl-3\">\n                                                        <span\n                                class=\"block py-1 grow text-sm font-bold \">Was ist Scalping? Strategien, Tipps &amp; Beispiele<\/span>\n                                                            <span class=\"text-xs uppercase\">\n                                    Analyst Team\n                                <\/span>\n                                                    <\/div>\n                    <\/a>\n                <\/li>\n                            <li class=\"w-full p-3 rounded-lg shadow md:w-full\">\n                    <a href=\"https:\/\/www.asktraders.com\/learn-to-trade\/guides\/etoro-analysis-of-trading-signals-sentiment-resources\/\" class=\"flex\">\n                        <img loading=\"lazy\" decoding=\"async\" width=\"150\" height=\"150\" src=\"https:\/\/www.asktraders.com\/wp-content\/uploads\/2022\/12\/eToro-Analysis-of-Trading-Signals-Sentiment-Resources-150x150.jpg\" class=\"w-1\/3 rounded object-cover  wp-post-image\" alt=\"eToro Analysis of Trading Signals &amp; Sentiment Resources\" \/>\n                        <div class=\"flex flex-col w-2\/3 pl-3\">\n                                                        <span\n                                class=\"block py-1 grow text-sm font-bold \">eToro \u2013 Analysis of Trading Signals &amp; Sentiment Resources<\/span>\n                                                            <span class=\"text-xs uppercase\">\n                                    Justin Freeman\n                                <\/span>\n                                                    <\/div>\n                    <\/a>\n                <\/li>\n                    <\/ul>\n            \n    <\/aside>\n\n\n<div class=\"wp-block-top5-broker\" data-sidebar>\n        <div>\n        \n\n<h2 class=\"wp-block-heading\"  class=\"wp-block-heading\"  id=\"\"><\/h2>\n\n\n    <\/div>\n            <div class=\"block bg-white rounded-lg shadow\">\n        <ul\n            class=\"flex flex-wrap w-full -mb-px list-none border-b-2 navTabs \">\n                                                                                                        <\/ul>\n                    <div class=\"navTabContent \" id=\"top5-tab1\">\n                <ol class=\"flex\n                flex-wrap\n                \">\n                                    <\/ol>\n                            <\/div>\n                    <div class=\"navTabContent hidden\" id=\"top5-tab2\">\n                <ol class=\"flex\n                flex-wrap\n                \">\n                                    <\/ol>\n                            <\/div>\n                    <div class=\"navTabContent hidden\" id=\"top5-tab3\">\n                <ol class=\"flex\n                flex-wrap\n                \">\n                                    <\/ol>\n                            <\/div>\n        \n    <\/div>\n    <\/div>\n\n\n<aside class=\"wp-block-related-posts related-posts-latest \" data-sidebar>\n                    \n\n<h2 class=\"wp-block-heading\"  class=\"wp-block-heading\"  id=\"news\">News<\/h2>\n\n\n        <ul class=\"grid grid-cols-1 md:grid-cols-2 gap-4 lg:grid-cols-1\">\n                            <li class=\"w-full p-3 rounded-lg shadow md:w-full\">\n                    <a href=\"https:\/\/www.asktraders.com\/de\/finanznachrichten\/evonik-aktien-erreichen-neues-tief-als-e13-durchbrochen-werden\/\" class=\"flex\">\n                        <img loading=\"lazy\" decoding=\"async\" width=\"150\" height=\"150\" src=\"https:\/\/www.asktraders.com\/wp-content\/uploads\/2023\/05\/evonik-aktie-prognose-150x150.jpg\" class=\"w-1\/3 rounded object-cover  wp-post-image\" alt=\"Evonik Aktie\" \/>\n                        <div class=\"flex flex-col w-2\/3 pl-3\">\n                                                        <span\n                                class=\"block py-1 grow text-sm font-bold \">Evonik Aktien erreichen neues Tief, als \u20ac13 durchbrochen werden<\/span>\n                                                            <span class=\"text-xs uppercase\">\n                                    Analyst Team\n                                <\/span>\n                                                    <\/div>\n                    <\/a>\n                <\/li>\n                            <li class=\"w-full p-3 rounded-lg shadow md:w-full\">\n                    <a href=\"https:\/\/www.asktraders.com\/de\/finanznachrichten\/2g-energy-ag-aktie-erholt-sich-von-unterstuetzung-steigerung-von-10\/\" class=\"flex\">\n                        <img loading=\"lazy\" decoding=\"async\" width=\"150\" height=\"150\" src=\"https:\/\/www.asktraders.com\/wp-content\/uploads\/2025\/08\/power-and-energy-150x150.jpg\" class=\"w-1\/3 rounded object-cover  wp-post-image\" alt=\"Uniper UN0\" \/>\n                        <div class=\"flex flex-col w-2\/3 pl-3\">\n                                                        <span\n                                class=\"block py-1 grow text-sm font-bold \">2G Energy AG Aktie erholt sich von Unterst\u00fctzung \u2013 Steigerung von 10%<\/span>\n                                                            <span class=\"text-xs uppercase\">\n                                    Analyst Team\n                                <\/span>\n                                                    <\/div>\n                    <\/a>\n                <\/li>\n                            <li class=\"w-full p-3 rounded-lg shadow md:w-full\">\n                    <a href=\"https:\/\/www.asktraders.com\/de\/finanznachrichten\/mercedes-benz-aktie-goldman-sachs-initiiert-analystendeckung-mit-positiver-einschaetzung\/\" class=\"flex\">\n                        <img loading=\"lazy\" decoding=\"async\" width=\"150\" height=\"150\" src=\"https:\/\/www.asktraders.com\/wp-content\/uploads\/2023\/06\/aktie-mercedes-150x150.jpg\" class=\"w-1\/3 rounded object-cover  wp-post-image\" alt=\"Mercedes Aktie\" \/>\n                        <div class=\"flex flex-col w-2\/3 pl-3\">\n                                                        <span\n                                class=\"block py-1 grow text-sm font-bold \">Mercedes-Benz Aktie: Goldman Sachs initiiert Analystendeckung mit positiver Einsch\u00e4tzung<\/span>\n                                                            <span class=\"text-xs uppercase\">\n                                    Analyst Team\n                                <\/span>\n                                                    <\/div>\n                    <\/a>\n                <\/li>\n                            <li class=\"w-full p-3 rounded-lg shadow md:w-full\">\n                    <a href=\"https:\/\/www.asktraders.com\/de\/finanznachrichten\/dax-aktien-erholen-sich-nach-nvidia-beben-maerkte-atmen-auf\/\" class=\"flex\">\n                        <img loading=\"lazy\" decoding=\"async\" width=\"150\" height=\"150\" src=\"https:\/\/www.asktraders.com\/wp-content\/uploads\/2023\/04\/dax-handeln-150x150.jpg\" class=\"w-1\/3 rounded object-cover  wp-post-image\" alt=\"\" \/>\n                        <div class=\"flex flex-col w-2\/3 pl-3\">\n                                                        <span\n                                class=\"block py-1 grow text-sm font-bold \">DAX-Aktien erholen sich nach Nvidia-Beben: M\u00e4rkte atmen auf<\/span>\n                                                            <span class=\"text-xs uppercase\">\n                                    Analyst Team\n                                <\/span>\n                                                    <\/div>\n                    <\/a>\n                <\/li>\n                            <li class=\"w-full p-3 rounded-lg shadow md:w-full\">\n                    <a href=\"https:\/\/www.asktraders.com\/de\/finanznachrichten\/rheinmetall-aktien-finden-unterstuetzung-bei-1-600-e-wie-geht-es-weiter\/\" class=\"flex\">\n                        <img loading=\"lazy\" decoding=\"async\" width=\"150\" height=\"150\" src=\"https:\/\/www.asktraders.com\/wp-content\/uploads\/2022\/11\/Die-Rheinmetall-Aktie-im-Chart-150x150.jpg\" class=\"w-1\/3 rounded object-cover  wp-post-image\" alt=\"Die Rheinmetall Aktie im Chart\" \/>\n                        <div class=\"flex flex-col w-2\/3 pl-3\">\n                                                        <span\n                                class=\"block py-1 grow text-sm font-bold \">Rheinmetall-Aktien finden Unterst\u00fctzung bei 1.600 \u20ac \u2013 Wie geht es weiter?<\/span>\n                                                            <span class=\"text-xs uppercase\">\n                                    Analyst Team\n                                <\/span>\n                                                    <\/div>\n                    <\/a>\n                <\/li>\n                    <\/ul>\n            \n    <\/aside>\n","protected":false},"author":873,"featured_media":234161,"comment_status":"closed","ping_status":"closed","template":"","news_cluster":[],"tradingcategory":[58519],"class_list":["post-234138","news","type-news","status-publish","has-post-thumbnail","hentry","tradingcategory-news-de"],"acf":[],"apple_news_notices":[],"yoast_head":"<!-- This site is optimized with the Yoast SEO plugin v27.2 - https:\/\/yoast.com\/product\/yoast-seo-wordpress\/ -->\n<title>CTS Eventim Aktie unter Druck: Anteile testen \u20ac80-Unterst\u00fctzung nach Q2-Entt\u00e4uschung | AskTraders.com %<\/title>\n<meta name=\"description\" content=\"Die CTS Eventim AG &amp; Co. KGaA (ETR:EVD) steht unter Druck. Die Aktie verzeichnete im vergangenen Monat einen deutlichen R\u00fcckgang von 21%, ausgel\u00f6st\" \/>\n<meta name=\"robots\" content=\"index, follow, max-snippet:-1, max-image-preview:large, max-video-preview:-1\" \/>\n<link rel=\"canonical\" href=\"https:\/\/www.asktraders.com\/de\/finanznachrichten\/cts-eventim-aktie-unter-druck-anteile-testen-e80-unterstuetzung-nach-q2-enttaeuschung\/\" \/>\n<meta property=\"og:locale\" content=\"de_DE\" \/>\n<meta property=\"og:type\" content=\"article\" \/>\n<meta property=\"og:title\" content=\"CTS Eventim Aktie unter Druck: Anteile testen \u20ac80-Unterst\u00fctzung nach Q2-Entt\u00e4uschung | AskTraders.com %\" \/>\n<meta property=\"og:description\" content=\"Die CTS Eventim AG &amp; Co. KGaA (ETR:EVD) steht unter Druck. Die Aktie verzeichnete im vergangenen Monat einen deutlichen R\u00fcckgang von 21%, ausgel\u00f6st\" \/>\n<meta property=\"og:url\" content=\"https:\/\/www.asktraders.com\/de\/finanznachrichten\/cts-eventim-aktie-unter-druck-anteile-testen-e80-unterstuetzung-nach-q2-enttaeuschung\/\" \/>\n<meta property=\"og:site_name\" content=\"AskTraders.com\" \/>\n<meta property=\"article:publisher\" content=\"https:\/\/www.facebook.com\/asktraderscom\" \/>\n<meta property=\"article:modified_time\" content=\"2025-08-22T09:58:06+00:00\" \/>\n<meta property=\"og:image\" content=\"https:\/\/www.asktraders.com\/wp-content\/uploads\/2025\/08\/entertainment.jpg\" \/>\n\t<meta property=\"og:image:width\" content=\"823\" \/>\n\t<meta property=\"og:image:height\" content=\"582\" \/>\n\t<meta property=\"og:image:type\" content=\"image\/jpeg\" \/>\n<meta name=\"twitter:card\" content=\"summary_large_image\" \/>\n<meta name=\"twitter:site\" content=\"@Asktraders1\" \/>\n<meta name=\"twitter:label1\" content=\"Gesch\u00e4tzte Lesezeit\" \/>\n\t<meta name=\"twitter:data1\" content=\"3 Minuten\" \/>\n<script type=\"application\/ld+json\" class=\"yoast-schema-graph\">{\"@context\":\"https:\/\/schema.org\",\"@graph\":[{\"@type\":\"NewsArticle\",\"@id\":\"https:\/\/www.asktraders.com\/de\/finanznachrichten\/cts-eventim-aktie-unter-druck-anteile-testen-e80-unterstuetzung-nach-q2-enttaeuschung\/#article\",\"isPartOf\":{\"@id\":\"https:\/\/www.asktraders.com\/de\/finanznachrichten\/cts-eventim-aktie-unter-druck-anteile-testen-e80-unterstuetzung-nach-q2-enttaeuschung\/\"},\"author\":{\"name\":\"Asktraders News Team\",\"@id\":\"https:\/\/www.asktraders.com\/de\/#\/schema\/person\/a9018e69daa9a7bd7a92bab40944424f\",\"url\":\"https:\/\/www.asktraders.com\/de\/author\/asktraders-news-team\/\"},\"headline\":\"CTS Eventim Aktie unter Druck: Anteile testen \u20ac80-Unterst\u00fctzung nach Q2-Entt\u00e4uschung\",\"datePublished\":\"2025-08-22T09:58:03+00:00\",\"dateModified\":\"2025-08-22T09:58:06+00:00\",\"mainEntityOfPage\":{\"@id\":\"https:\/\/www.asktraders.com\/de\/finanznachrichten\/cts-eventim-aktie-unter-druck-anteile-testen-e80-unterstuetzung-nach-q2-enttaeuschung\/\"},\"wordCount\":602,\"publisher\":{\"@id\":\"https:\/\/www.asktraders.com\/de\/#organization\"},\"image\":{\"@id\":\"https:\/\/www.asktraders.com\/de\/finanznachrichten\/cts-eventim-aktie-unter-druck-anteile-testen-e80-unterstuetzung-nach-q2-enttaeuschung\/#primaryimage\"},\"thumbnailUrl\":\"https:\/\/www.asktraders.com\/wp-content\/uploads\/2025\/08\/entertainment.jpg\",\"inLanguage\":\"de-DE\"},{\"@type\":\"WebPage\",\"@id\":\"https:\/\/www.asktraders.com\/de\/finanznachrichten\/cts-eventim-aktie-unter-druck-anteile-testen-e80-unterstuetzung-nach-q2-enttaeuschung\/\",\"url\":\"https:\/\/www.asktraders.com\/de\/finanznachrichten\/cts-eventim-aktie-unter-druck-anteile-testen-e80-unterstuetzung-nach-q2-enttaeuschung\/\",\"name\":\"CTS Eventim Aktie unter Druck: Anteile testen \u20ac80-Unterst\u00fctzung nach Q2-Entt\u00e4uschung | AskTraders.com %\",\"isPartOf\":{\"@id\":\"https:\/\/www.asktraders.com\/de\/#website\"},\"primaryImageOfPage\":{\"@id\":\"https:\/\/www.asktraders.com\/de\/finanznachrichten\/cts-eventim-aktie-unter-druck-anteile-testen-e80-unterstuetzung-nach-q2-enttaeuschung\/#primaryimage\"},\"image\":{\"@id\":\"https:\/\/www.asktraders.com\/de\/finanznachrichten\/cts-eventim-aktie-unter-druck-anteile-testen-e80-unterstuetzung-nach-q2-enttaeuschung\/#primaryimage\"},\"thumbnailUrl\":\"https:\/\/www.asktraders.com\/wp-content\/uploads\/2025\/08\/entertainment.jpg\",\"datePublished\":\"2025-08-22T09:58:03+00:00\",\"dateModified\":\"2025-08-22T09:58:06+00:00\",\"description\":\"Die CTS Eventim AG &amp; Co. KGaA (ETR:EVD) steht unter Druck. Die Aktie verzeichnete im vergangenen Monat einen deutlichen R\u00fcckgang von 21%, ausgel\u00f6st\",\"breadcrumb\":{\"@id\":\"https:\/\/www.asktraders.com\/de\/finanznachrichten\/cts-eventim-aktie-unter-druck-anteile-testen-e80-unterstuetzung-nach-q2-enttaeuschung\/#breadcrumb\"},\"inLanguage\":\"de-DE\",\"potentialAction\":[{\"@type\":\"ReadAction\",\"target\":[\"https:\/\/www.asktraders.com\/de\/finanznachrichten\/cts-eventim-aktie-unter-druck-anteile-testen-e80-unterstuetzung-nach-q2-enttaeuschung\/\"]}]},{\"@type\":\"ImageObject\",\"inLanguage\":\"de-DE\",\"@id\":\"https:\/\/www.asktraders.com\/de\/finanznachrichten\/cts-eventim-aktie-unter-druck-anteile-testen-e80-unterstuetzung-nach-q2-enttaeuschung\/#primaryimage\",\"url\":\"https:\/\/www.asktraders.com\/wp-content\/uploads\/2025\/08\/entertainment.jpg\",\"contentUrl\":\"https:\/\/www.asktraders.com\/wp-content\/uploads\/2025\/08\/entertainment.jpg\",\"width\":823,\"height\":582,\"caption\":\"entertainment\"},{\"@type\":\"BreadcrumbList\",\"@id\":\"https:\/\/www.asktraders.com\/de\/finanznachrichten\/cts-eventim-aktie-unter-druck-anteile-testen-e80-unterstuetzung-nach-q2-enttaeuschung\/#breadcrumb\",\"itemListElement\":[{\"@type\":\"ListItem\",\"position\":1,\"name\":\"Home\",\"item\":\"https:\/\/www.asktraders.com\/de\/\"},{\"@type\":\"ListItem\",\"position\":2,\"name\":\"News\",\"item\":\"https:\/\/www.asktraders.com\/de\/finanznachrichten\/\"},{\"@type\":\"ListItem\",\"position\":3,\"name\":\"CTS Eventim Aktie unter Druck: Anteile testen \u20ac80-Unterst\u00fctzung nach Q2-Entt\u00e4uschung\"}]},{\"@type\":\"WebSite\",\"@id\":\"https:\/\/www.asktraders.com\/de\/#website\",\"url\":\"https:\/\/www.asktraders.com\/de\/\",\"name\":\"AskTraders\",\"description\":\"Guiding You To Trading Success\",\"publisher\":{\"@id\":\"https:\/\/www.asktraders.com\/de\/#organization\"},\"inLanguage\":\"de-DE\"},{\"@type\":\"Organization\",\"@id\":\"https:\/\/www.asktraders.com\/de\/#organization\",\"name\":\"AskTraders\",\"url\":\"https:\/\/www.asktraders.com\/de\/\",\"logo\":{\"@type\":\"ImageObject\",\"inLanguage\":\"de-DE\",\"@id\":\"https:\/\/www.asktraders.com\/de\/#\/schema\/logo\/image\/\",\"url\":\"https:\/\/www.asktraders.com\/wp-content\/uploads\/2019\/05\/asktraders-logo-tm-white.png\",\"contentUrl\":\"https:\/\/www.asktraders.com\/wp-content\/uploads\/2019\/05\/asktraders-logo-tm-white.png\",\"width\":232,\"height\":38,\"caption\":\"AskTraders\"},\"image\":{\"@id\":\"https:\/\/www.asktraders.com\/de\/#\/schema\/logo\/image\/\"},\"sameAs\":[\"https:\/\/www.facebook.com\/asktraderscom\",\"https:\/\/x.com\/Asktraders1\"]},{\"@type\":\"Person\",\"@id\":\"https:\/\/www.asktraders.com\/de\/#\/schema\/person\/a9018e69daa9a7bd7a92bab40944424f\",\"name\":\"Asktraders News Team\",\"image\":{\"@type\":\"ImageObject\",\"inLanguage\":\"de-DE\",\"@id\":\"https:\/\/secure.gravatar.com\/avatar\/4adf30b4bdba8095517be51a6d33eac85d275459c6da979b73dabd753924f280?s=96&d=mm&r=g\",\"url\":\"https:\/\/secure.gravatar.com\/avatar\/4adf30b4bdba8095517be51a6d33eac85d275459c6da979b73dabd753924f280?s=96&d=mm&r=g\",\"contentUrl\":\"https:\/\/secure.gravatar.com\/avatar\/4adf30b4bdba8095517be51a6d33eac85d275459c6da979b73dabd753924f280?s=96&d=mm&r=g\",\"caption\":\"Asktraders News Team\"}}]}<\/script>\n<!-- \/ Yoast SEO plugin. -->","yoast_head_json":{"title":"CTS Eventim Aktie unter Druck: Anteile testen \u20ac80-Unterst\u00fctzung nach Q2-Entt\u00e4uschung | AskTraders.com %","description":"Die CTS Eventim AG &amp; Co. KGaA (ETR:EVD) steht unter Druck. Die Aktie verzeichnete im vergangenen Monat einen deutlichen R\u00fcckgang von 21%, ausgel\u00f6st","robots":{"index":"index","follow":"follow","max-snippet":"max-snippet:-1","max-image-preview":"max-image-preview:large","max-video-preview":"max-video-preview:-1"},"canonical":"https:\/\/www.asktraders.com\/de\/finanznachrichten\/cts-eventim-aktie-unter-druck-anteile-testen-e80-unterstuetzung-nach-q2-enttaeuschung\/","og_locale":"de_DE","og_type":"article","og_title":"CTS Eventim Aktie unter Druck: Anteile testen \u20ac80-Unterst\u00fctzung nach Q2-Entt\u00e4uschung | AskTraders.com %","og_description":"Die CTS Eventim AG &amp; Co. KGaA (ETR:EVD) steht unter Druck. Die Aktie verzeichnete im vergangenen Monat einen deutlichen R\u00fcckgang von 21%, ausgel\u00f6st","og_url":"https:\/\/www.asktraders.com\/de\/finanznachrichten\/cts-eventim-aktie-unter-druck-anteile-testen-e80-unterstuetzung-nach-q2-enttaeuschung\/","og_site_name":"AskTraders.com","article_publisher":"https:\/\/www.facebook.com\/asktraderscom","article_modified_time":"2025-08-22T09:58:06+00:00","og_image":[{"width":823,"height":582,"url":"https:\/\/www.asktraders.com\/wp-content\/uploads\/2025\/08\/entertainment.jpg","type":"image\/jpeg"}],"twitter_card":"summary_large_image","twitter_site":"@Asktraders1","twitter_misc":{"Gesch\u00e4tzte Lesezeit":"3 Minuten"},"schema":{"@context":"https:\/\/schema.org","@graph":[{"@type":"NewsArticle","@id":"https:\/\/www.asktraders.com\/de\/finanznachrichten\/cts-eventim-aktie-unter-druck-anteile-testen-e80-unterstuetzung-nach-q2-enttaeuschung\/#article","isPartOf":{"@id":"https:\/\/www.asktraders.com\/de\/finanznachrichten\/cts-eventim-aktie-unter-druck-anteile-testen-e80-unterstuetzung-nach-q2-enttaeuschung\/"},"author":{"name":"Asktraders News Team","@id":"https:\/\/www.asktraders.com\/de\/#\/schema\/person\/a9018e69daa9a7bd7a92bab40944424f","url":"https:\/\/www.asktraders.com\/de\/author\/asktraders-news-team\/"},"headline":"CTS Eventim Aktie unter Druck: Anteile testen \u20ac80-Unterst\u00fctzung nach Q2-Entt\u00e4uschung","datePublished":"2025-08-22T09:58:03+00:00","dateModified":"2025-08-22T09:58:06+00:00","mainEntityOfPage":{"@id":"https:\/\/www.asktraders.com\/de\/finanznachrichten\/cts-eventim-aktie-unter-druck-anteile-testen-e80-unterstuetzung-nach-q2-enttaeuschung\/"},"wordCount":602,"publisher":{"@id":"https:\/\/www.asktraders.com\/de\/#organization"},"image":{"@id":"https:\/\/www.asktraders.com\/de\/finanznachrichten\/cts-eventim-aktie-unter-druck-anteile-testen-e80-unterstuetzung-nach-q2-enttaeuschung\/#primaryimage"},"thumbnailUrl":"https:\/\/www.asktraders.com\/wp-content\/uploads\/2025\/08\/entertainment.jpg","inLanguage":"de-DE"},{"@type":"WebPage","@id":"https:\/\/www.asktraders.com\/de\/finanznachrichten\/cts-eventim-aktie-unter-druck-anteile-testen-e80-unterstuetzung-nach-q2-enttaeuschung\/","url":"https:\/\/www.asktraders.com\/de\/finanznachrichten\/cts-eventim-aktie-unter-druck-anteile-testen-e80-unterstuetzung-nach-q2-enttaeuschung\/","name":"CTS Eventim Aktie unter Druck: Anteile testen \u20ac80-Unterst\u00fctzung nach Q2-Entt\u00e4uschung | AskTraders.com %","isPartOf":{"@id":"https:\/\/www.asktraders.com\/de\/#website"},"primaryImageOfPage":{"@id":"https:\/\/www.asktraders.com\/de\/finanznachrichten\/cts-eventim-aktie-unter-druck-anteile-testen-e80-unterstuetzung-nach-q2-enttaeuschung\/#primaryimage"},"image":{"@id":"https:\/\/www.asktraders.com\/de\/finanznachrichten\/cts-eventim-aktie-unter-druck-anteile-testen-e80-unterstuetzung-nach-q2-enttaeuschung\/#primaryimage"},"thumbnailUrl":"https:\/\/www.asktraders.com\/wp-content\/uploads\/2025\/08\/entertainment.jpg","datePublished":"2025-08-22T09:58:03+00:00","dateModified":"2025-08-22T09:58:06+00:00","description":"Die CTS Eventim AG &amp; Co. KGaA (ETR:EVD) steht unter Druck. Die Aktie verzeichnete im vergangenen Monat einen deutlichen R\u00fcckgang von 21%, ausgel\u00f6st","breadcrumb":{"@id":"https:\/\/www.asktraders.com\/de\/finanznachrichten\/cts-eventim-aktie-unter-druck-anteile-testen-e80-unterstuetzung-nach-q2-enttaeuschung\/#breadcrumb"},"inLanguage":"de-DE","potentialAction":[{"@type":"ReadAction","target":["https:\/\/www.asktraders.com\/de\/finanznachrichten\/cts-eventim-aktie-unter-druck-anteile-testen-e80-unterstuetzung-nach-q2-enttaeuschung\/"]}]},{"@type":"ImageObject","inLanguage":"de-DE","@id":"https:\/\/www.asktraders.com\/de\/finanznachrichten\/cts-eventim-aktie-unter-druck-anteile-testen-e80-unterstuetzung-nach-q2-enttaeuschung\/#primaryimage","url":"https:\/\/www.asktraders.com\/wp-content\/uploads\/2025\/08\/entertainment.jpg","contentUrl":"https:\/\/www.asktraders.com\/wp-content\/uploads\/2025\/08\/entertainment.jpg","width":823,"height":582,"caption":"entertainment"},{"@type":"BreadcrumbList","@id":"https:\/\/www.asktraders.com\/de\/finanznachrichten\/cts-eventim-aktie-unter-druck-anteile-testen-e80-unterstuetzung-nach-q2-enttaeuschung\/#breadcrumb","itemListElement":[{"@type":"ListItem","position":1,"name":"Home","item":"https:\/\/www.asktraders.com\/de\/"},{"@type":"ListItem","position":2,"name":"News","item":"https:\/\/www.asktraders.com\/de\/finanznachrichten\/"},{"@type":"ListItem","position":3,"name":"CTS Eventim Aktie unter Druck: Anteile testen \u20ac80-Unterst\u00fctzung nach Q2-Entt\u00e4uschung"}]},{"@type":"WebSite","@id":"https:\/\/www.asktraders.com\/de\/#website","url":"https:\/\/www.asktraders.com\/de\/","name":"AskTraders","description":"Guiding You To Trading Success","publisher":{"@id":"https:\/\/www.asktraders.com\/de\/#organization"},"inLanguage":"de-DE"},{"@type":"Organization","@id":"https:\/\/www.asktraders.com\/de\/#organization","name":"AskTraders","url":"https:\/\/www.asktraders.com\/de\/","logo":{"@type":"ImageObject","inLanguage":"de-DE","@id":"https:\/\/www.asktraders.com\/de\/#\/schema\/logo\/image\/","url":"https:\/\/www.asktraders.com\/wp-content\/uploads\/2019\/05\/asktraders-logo-tm-white.png","contentUrl":"https:\/\/www.asktraders.com\/wp-content\/uploads\/2019\/05\/asktraders-logo-tm-white.png","width":232,"height":38,"caption":"AskTraders"},"image":{"@id":"https:\/\/www.asktraders.com\/de\/#\/schema\/logo\/image\/"},"sameAs":["https:\/\/www.facebook.com\/asktraderscom","https:\/\/x.com\/Asktraders1"]},{"@type":"Person","@id":"https:\/\/www.asktraders.com\/de\/#\/schema\/person\/a9018e69daa9a7bd7a92bab40944424f","name":"Asktraders News Team","image":{"@type":"ImageObject","inLanguage":"de-DE","@id":"https:\/\/secure.gravatar.com\/avatar\/4adf30b4bdba8095517be51a6d33eac85d275459c6da979b73dabd753924f280?s=96&d=mm&r=g","url":"https:\/\/secure.gravatar.com\/avatar\/4adf30b4bdba8095517be51a6d33eac85d275459c6da979b73dabd753924f280?s=96&d=mm&r=g","contentUrl":"https:\/\/secure.gravatar.com\/avatar\/4adf30b4bdba8095517be51a6d33eac85d275459c6da979b73dabd753924f280?s=96&d=mm&r=g","caption":"Asktraders News Team"}}]}},"_links":{"self":[{"href":"https:\/\/www.asktraders.com\/de\/wp-json\/wp\/v2\/news\/234138","targetHints":{"allow":["GET"]}}],"collection":[{"href":"https:\/\/www.asktraders.com\/de\/wp-json\/wp\/v2\/news"}],"about":[{"href":"https:\/\/www.asktraders.com\/de\/wp-json\/wp\/v2\/types\/news"}],"author":[{"embeddable":true,"href":"https:\/\/www.asktraders.com\/de\/wp-json\/wp\/v2\/users\/873"}],"replies":[{"embeddable":true,"href":"https:\/\/www.asktraders.com\/de\/wp-json\/wp\/v2\/comments?post=234138"}],"version-history":[{"count":0,"href":"https:\/\/www.asktraders.com\/de\/wp-json\/wp\/v2\/news\/234138\/revisions"}],"wp:featuredmedia":[{"embeddable":true,"href":"https:\/\/www.asktraders.com\/de\/wp-json\/wp\/v2\/media\/234161"}],"wp:attachment":[{"href":"https:\/\/www.asktraders.com\/de\/wp-json\/wp\/v2\/media?parent=234138"}],"wp:term":[{"taxonomy":"news_cluster","embeddable":true,"href":"https:\/\/www.asktraders.com\/de\/wp-json\/wp\/v2\/news_cluster?post=234138"},{"taxonomy":"tradingcategory","embeddable":true,"href":"https:\/\/www.asktraders.com\/de\/wp-json\/wp\/v2\/tradingcategory?post=234138"}],"curies":[{"name":"wp","href":"https:\/\/api.w.org\/{rel}","templated":true}]}}