{"id":234139,"date":"2025-08-22T11:07:25","date_gmt":"2025-08-22T10:07:25","guid":{"rendered":"https:\/\/www.asktraders.com\/?post_type=news&#038;p=234139"},"modified":"2025-08-22T11:07:28","modified_gmt":"2025-08-22T10:07:28","slug":"baywa-aktie-steigt-vor-hauptversammlung-restrukturierung-treibt-kurs","status":"publish","type":"news","link":"https:\/\/www.asktraders.com\/de\/finanznachrichten\/baywa-aktie-steigt-vor-hauptversammlung-restrukturierung-treibt-kurs\/","title":{"rendered":"BayWa Aktie steigt vor Hauptversammlung \u2013 Restrukturierung treibt Kurs"},"content":{"rendered":"\n<p>Die Aktie der BayWa AG (BYW.DE) verzeichnete heute einen Kursanstieg von fast 7%, da der Markt positiv auf die laufenden Restrukturierungsbem\u00fchungen des M\u00fcnchner Agrarkonzerns reagiert. Zuletzt fand die Aktie Unterst\u00fctzung bei der Marke von 19 \u20ac. Die bevorstehende Hauptversammlung am 26. August r\u00fcckt in den Fokus, w\u00e4hrend das Unternehmen seine Strategie zur Schuldenreduktion und operativen Neuausrichtung vorantreibt.<\/p>\n\n\n\n<p>Die tiefgreifende Restrukturierung hinterl\u00e4sst deutliche Spuren in den Halbjahresergebnissen. Der Umsatz sank im ersten Halbjahr um 17% auf 6,9 Milliarden Euro, wie BayWa am Dienstag mitteilte. Das operative Ergebnis (EBITDA) halbierte sich nahezu auf 65,7 Millionen Euro, verglichen mit 116,2 Millionen Euro im Vorjahr. <\/p>\n\n\n\n<p>Der Nettoverlust vergr\u00f6\u00dferte sich auf 527,8 Millionen Euro, gegen\u00fcber 424,3 Millionen Euro im Vorjahr. Diese Entwicklung ist prim\u00e4r auf Zinszahlungen f\u00fcr die Schuldenlast von fast 6 Milliarden Euro und die Kosten der Restrukturierung zur\u00fcckzuf\u00fchren, die bis 2028 die Schuldenfreiheit des Unternehmens zum Ziel hat.<\/p>\n\n\n<stock-market-widget type=\"chart\" template=\"candlestick\" assets=\"BYW.DE\" range=\"1y\" interval=\"1d\" price_field=\"close\" heading=\" BayWa AG (BYW.DE)\" candle_border_width=\"1\" candle_bullish_background_color=\"#21BA45\" candle_bearish_background_color=\"#DB2828\" candle_bullish_border_color=\"#21BA45\" candle_bearish_border_color=\"#DB2828\" axes_color=\"#000000\" tooltip_text_color=\"#262626\" tooltip_background_color=\"#FFFFFF\" range_selector=\"true\" volume_enabled=\"false\" axes_enabled=\"true\" tooltip_enabled=\"true\" zoom_enabled=\"true\" save_image_enabled=\"true\" cursor_enabled=\"true\" api=\"yahoo-finance\"><\/stock-market-widget>\n\n\n\n<p>Gesch\u00e4ftspartner, haupts\u00e4chlich Landwirte, zeigten aufgrund der Umstrukturierung in fast allen Gesch\u00e4ftsbereichen Zur\u00fcckhaltung, was die Umsatzzahlen belastete. Fallende Preise f\u00fcr Agrarprodukte verst\u00e4rkten den Druck zus\u00e4tzlich und schm\u00e4lerten die Gewinne. <\/p>\n\n\n\n<p>Die Tochtergesellschaft f\u00fcr erneuerbare Energien, BayWa r.e., arbeitete weiterhin mit Verlust, da das Gesch\u00e4ft mit der Entwicklung und dem Verkauf von Wind- und Solarparks schleppend verlief. F\u00fcr das zweite Halbjahr erwartet BayWa niedrigere Zinsaufwendungen, nachdem bereits zwei Tochtergesellschaften, darunter der Getreideh\u00e4ndler Cefetra, ver\u00e4u\u00dfert wurden.<\/p>\n\n\n\n<p>In den verbleibenden Gesch\u00e4ftsbereichen rechnet BayWa weiterhin mit einer deutlichen Verbesserung des EBITDA f\u00fcr das Gesamtjahr. Die Bereiche Agrar und Technik sowie das Fruchthandelsgesch\u00e4ft der neuseel\u00e4ndischen Tochtergesellschaft T&amp;G Global entwickelten sich im Fr\u00fchjahr besser als erwartet. <\/p>\n\n\n\n<p>Letztere profitiert von \u00fcberdurchschnittlichen Preisen. Kostensenkungsma\u00dfnahmen im Agrarbereich greifen, so dass hier eher mit einem deutlichen Anstieg des EBITDA als mit einem R\u00fcckgang gerechnet wird.<\/p>\n\n\n\n<p>Die F\u00fchrungsebene der BayWa hat im Zuge der Restrukturierung ebenfalls Ver\u00e4nderungen erfahren. Bereits im Oktober 2024 wurde bekannt, dass CEO Marcus P\u00f6llinger das Unternehmen im gegenseitigen Einvernehmen verlassen wird und CFO Andreas Helber Ende M\u00e4rz 2025 ausscheidet. <\/p>\n\n\n\n<p>Michael Baur, ein Experte f\u00fcr finanzielle und operative Restrukturierung, wurde zum Chief Restructuring Officer (CRO) ernannt und in den Vorstand berufen, um die Stabilisierung und Transformation des Unternehmens voranzutreiben.<\/p>\n\n\n\n<p>Der Restrukturierungsplan wurde im Mai 2025 mit den erforderlichen Mehrheiten angenommen, darunter eine Zustimmung von 93,29% der Finanzgl\u00e4ubiger. Der Plan sieht eine Verl\u00e4ngerung der Finanzierung bis Ende 2028 und eine Kapitalerh\u00f6hung von bis zu rund 201,6 Millionen Euro zur St\u00e4rkung des Eigenkapitals vor. Das Amtsgericht M\u00fcnchen best\u00e4tigte den Restrukturierungsplan im Juni 2025 und schaffte damit Rechtssicherheit f\u00fcr die Transformationsinitiativen des Unternehmens.<\/p>\n\n\n\n<p>Um die Abl\u00e4ufe zu rationalisieren und die Schulden zu reduzieren, hat BayWa mehrere Ma\u00dfnahmen ergriffen: Der Abbau von rund 700 Arbeitspl\u00e4tzen und erste Standortschlie\u00dfungen, insbesondere im Bereich Baustoffe, sollen eine effizientere Kostenstruktur schaffen. <\/p>\n\n\n\n<p>Im Mai 2025 schloss BayWa den Verkauf ihrer Beteiligung an der \u00f6sterreichischen Raiffeisen Ware Austria AG (RWA AG) f\u00fcr 176 Millionen Euro ab, wodurch die Bankverbindlichkeiten des Konzerns um rund 500 Millionen Euro reduziert wurden. <\/p>\n\n\n\n<p>Im Februar 2025 vereinbarte BayWa die \u00dcbertragung einer Mehrheitsbeteiligung an ihrer Tochtergesellschaft f\u00fcr erneuerbare Energien, BayWa r.e., an Energy Infrastructure Partners (EIP) durch eine Kapitalerh\u00f6hung. Dieser Schritt soll den zus\u00e4tzlichen Kapital- und Garantiebedarf der Tochtergesellschaft von rund 435 Millionen Euro bis 2028 decken.<\/p>\n\n\n\n<p>N\u00e4chsten Dienstag (26. August) wird der Vorstand auf der Hauptversammlung in M\u00fcnchen seinen Bericht vorlegen. Dabei wird auch zu thematisieren sein, dass BayWa nach dem letztj\u00e4hrigen Verlust von 1,6 Milliarden Euro ihr Grundkapital vollst\u00e4ndig aufgebraucht hat. <\/p>\n\n\n\n<p>Die beiden Gro\u00dfaktion\u00e4re haben jedoch bereits 125 Millionen Euro an frischem Kapital zugeschossen, weitere 75 Millionen Euro sollen im Oktober folgen; zu diesem Zeitpunkt k\u00f6nnen auch andere Aktion\u00e4re neue Aktien zeichnen. Die ehemalige F\u00fchrungsriege unter dem langj\u00e4hrigen Vorstandsvorsitzenden Klaus Josef Lutz soll zun\u00e4chst nicht entlastet werden. Eine von Lutz finanzierte Expansionsstrategie im Ausland hatte das Traditionsunternehmen an den Rand der Zahlungsunf\u00e4higkeit gebracht.<\/p>\n\n\n\n<p>Trotz der Herausforderungen zeigt die BayWa-Aktie Widerstandsf\u00e4higkeit. Die positive Kursbewegung spiegelt das Vertrauen des Marktes in die Restrukturierungsbem\u00fchungen und die zuk\u00fcnftigen Perspektiven des Unternehmens wider. Die kommende Hauptversammlung d\u00fcrfte weitere Einblicke in die Fortschritte und die strategische Ausrichtung des Unternehmens geben.<\/p>\n\n\n<aside class=\"wp-block-related-posts  \" data-sidebar>\n                    \n\n<h2 class=\"wp-block-heading\"  class=\"wp-block-heading\"  id=\"aktien_lernen\">Aktien Lernen<\/h2>\n\n\n        <ul class=\"grid grid-cols-1 md:grid-cols-2 gap-4 lg:grid-cols-1\">\n                            <li class=\"w-full p-3 rounded-lg shadow md:w-full\">\n                    <a href=\"https:\/\/www.asktraders.com\/de\/dax40\/\" class=\"flex\">\n                        <img loading=\"lazy\" decoding=\"async\" width=\"150\" height=\"150\" src=\"https:\/\/www.asktraders.com\/wp-content\/uploads\/2020\/09\/DAX-handeln-150x150.jpg\" class=\"w-1\/3 rounded object-cover  wp-post-image\" alt=\"DAX handeln\" \/>\n                        <div class=\"flex flex-col w-2\/3 pl-3\">\n                                                        <span\n                                class=\"block py-1 grow text-sm font-bold \">DAX 40 heute aktuell | Index, Kurs und Prognose<\/span>\n                                                            <span class=\"text-xs uppercase\">\n                                    Analyst Team\n                                <\/span>\n                                                    <\/div>\n                    <\/a>\n                <\/li>\n                            <li class=\"w-full p-3 rounded-lg shadow md:w-full\">\n                    <a href=\"https:\/\/www.asktraders.com\/learn-to-trade\/stock-trading\/how-to-trade-stocks\/\" class=\"flex\">\n                        <img loading=\"lazy\" decoding=\"async\" width=\"150\" height=\"150\" src=\"https:\/\/www.asktraders.com\/wp-content\/uploads\/2020\/08\/how-to-trade-stocks-01-150x150.jpg\" class=\"w-1\/3 rounded object-cover  wp-post-image\" alt=\"how to trade stocks\" \/>\n                        <div class=\"flex flex-col w-2\/3 pl-3\">\n                                                        <span\n                                class=\"block py-1 grow text-sm font-bold \">How To Trade Stocks &#8211; The Guide For Beginners<\/span>\n                                                            <span class=\"text-xs uppercase\">\n                                    Analyst Team\n                                <\/span>\n                                                    <\/div>\n                    <\/a>\n                <\/li>\n                            <li class=\"w-full p-3 rounded-lg shadow md:w-full\">\n                    <a href=\"https:\/\/www.asktraders.com\/de\/traden-lernen\/trading-ratgeber\/nachhaltige-etf\/\" class=\"flex\">\n                        <img loading=\"lazy\" decoding=\"async\" width=\"150\" height=\"150\" src=\"https:\/\/www.asktraders.com\/wp-content\/uploads\/2020\/08\/Nachhaltige-ETF-150x150.jpg\" class=\"w-1\/3 rounded object-cover  wp-post-image\" alt=\"Nachhaltige ETF\" \/>\n                        <div class=\"flex flex-col w-2\/3 pl-3\">\n                                                        <span\n                                class=\"block py-1 grow text-sm font-bold \">Nachhaltige ETF \u2013 Wo lohnt sich die Investition in \u00d6ko ETFs?<\/span>\n                                                            <span class=\"text-xs uppercase\">\n                                    Nigel Frith\n                                <\/span>\n                                                    <\/div>\n                    <\/a>\n                <\/li>\n                            <li class=\"w-full p-3 rounded-lg shadow md:w-full\">\n                    <a href=\"https:\/\/www.asktraders.com\/de\/traden-lernen\/trading-strategien\/vwap-strategie\/\" class=\"flex\">\n                        <img loading=\"lazy\" decoding=\"async\" width=\"150\" height=\"150\" src=\"https:\/\/www.asktraders.com\/wp-content\/uploads\/2021\/09\/VWAP-Trading-Strategy-Guide-Examples-150x150.jpg\" class=\"w-1\/3 rounded object-cover  wp-post-image\" alt=\"VWAP Trading Strategy Guide &amp; Examples\" \/>\n                        <div class=\"flex flex-col w-2\/3 pl-3\">\n                                                        <span\n                                class=\"block py-1 grow text-sm font-bold \">VWAP Strategie Anwendung &amp; Beispiele<\/span>\n                                                            <span class=\"text-xs uppercase\">\n                                    Analyst Team\n                                <\/span>\n                                                    <\/div>\n                    <\/a>\n                <\/li>\n                            <li class=\"w-full p-3 rounded-lg shadow md:w-full\">\n                    <a href=\"https:\/\/www.asktraders.com\/de\/traden-lernen\/trading-strategien\/was-ist-scalping\/\" class=\"flex\">\n                        <img loading=\"lazy\" decoding=\"async\" width=\"150\" height=\"150\" src=\"https:\/\/www.asktraders.com\/wp-content\/uploads\/2020\/03\/what-is-scalping-150x150.jpg\" class=\"w-1\/3 rounded object-cover  wp-post-image\" alt=\"what is scalping\" \/>\n                        <div class=\"flex flex-col w-2\/3 pl-3\">\n                                                        <span\n                                class=\"block py-1 grow text-sm font-bold \">Was ist Scalping? Strategien, Tipps &amp; Beispiele<\/span>\n                                                            <span class=\"text-xs uppercase\">\n                                    Analyst Team\n                                <\/span>\n                                                    <\/div>\n                    <\/a>\n                <\/li>\n                            <li class=\"w-full p-3 rounded-lg shadow md:w-full\">\n                    <a href=\"https:\/\/www.asktraders.com\/learn-to-trade\/guides\/etoro-analysis-of-trading-signals-sentiment-resources\/\" class=\"flex\">\n                        <img loading=\"lazy\" decoding=\"async\" width=\"150\" height=\"150\" src=\"https:\/\/www.asktraders.com\/wp-content\/uploads\/2022\/12\/eToro-Analysis-of-Trading-Signals-Sentiment-Resources-150x150.jpg\" class=\"w-1\/3 rounded object-cover  wp-post-image\" alt=\"eToro Analysis of Trading Signals &amp; Sentiment Resources\" \/>\n                        <div class=\"flex flex-col w-2\/3 pl-3\">\n                                                        <span\n                                class=\"block py-1 grow text-sm font-bold \">eToro \u2013 Analysis of Trading Signals &amp; Sentiment Resources<\/span>\n                                                            <span class=\"text-xs uppercase\">\n                                    Justin Freeman\n                                <\/span>\n                                                    <\/div>\n                    <\/a>\n                <\/li>\n                    <\/ul>\n            \n    <\/aside>\n\n\n<div class=\"wp-block-top5-broker\" data-sidebar>\n        <div>\n        \n\n<h2 class=\"wp-block-heading\"  class=\"wp-block-heading\"  id=\"\"><\/h2>\n\n\n    <\/div>\n            <div class=\"block bg-white rounded-lg shadow\">\n        <ul\n            class=\"flex flex-wrap w-full -mb-px list-none border-b-2 navTabs \">\n                                                                                                        <\/ul>\n                    <div class=\"navTabContent \" id=\"top5-tab1\">\n                <ol class=\"flex\n                flex-wrap\n                \">\n                                    <\/ol>\n                            <\/div>\n                    <div class=\"navTabContent hidden\" id=\"top5-tab2\">\n                <ol class=\"flex\n                flex-wrap\n                \">\n                                    <\/ol>\n                            <\/div>\n                    <div class=\"navTabContent hidden\" id=\"top5-tab3\">\n                <ol class=\"flex\n                flex-wrap\n                \">\n                                    <\/ol>\n                            <\/div>\n        \n    <\/div>\n    <\/div>\n\n\n<aside class=\"wp-block-related-posts related-posts-latest \" data-sidebar>\n                    \n\n<h2 class=\"wp-block-heading\"  class=\"wp-block-heading\"  id=\"news\">News<\/h2>\n\n\n        <ul class=\"grid grid-cols-1 md:grid-cols-2 gap-4 lg:grid-cols-1\">\n                            <li class=\"w-full p-3 rounded-lg shadow md:w-full\">\n                    <a href=\"https:\/\/www.asktraders.com\/de\/finanznachrichten\/evonik-aktien-erreichen-neues-tief-als-e13-durchbrochen-werden\/\" class=\"flex\">\n                        <img loading=\"lazy\" decoding=\"async\" width=\"150\" height=\"150\" src=\"https:\/\/www.asktraders.com\/wp-content\/uploads\/2023\/05\/evonik-aktie-prognose-150x150.jpg\" class=\"w-1\/3 rounded object-cover  wp-post-image\" alt=\"Evonik Aktie\" \/>\n                        <div class=\"flex flex-col w-2\/3 pl-3\">\n                                                        <span\n                                class=\"block py-1 grow text-sm font-bold \">Evonik Aktien erreichen neues Tief, als \u20ac13 durchbrochen werden<\/span>\n                                                            <span class=\"text-xs uppercase\">\n                                    Analyst Team\n                                <\/span>\n                                                    <\/div>\n                    <\/a>\n                <\/li>\n                            <li class=\"w-full p-3 rounded-lg shadow md:w-full\">\n                    <a href=\"https:\/\/www.asktraders.com\/de\/finanznachrichten\/2g-energy-ag-aktie-erholt-sich-von-unterstuetzung-steigerung-von-10\/\" class=\"flex\">\n                        <img loading=\"lazy\" decoding=\"async\" width=\"150\" height=\"150\" src=\"https:\/\/www.asktraders.com\/wp-content\/uploads\/2025\/08\/power-and-energy-150x150.jpg\" class=\"w-1\/3 rounded object-cover  wp-post-image\" alt=\"Uniper UN0\" \/>\n                        <div class=\"flex flex-col w-2\/3 pl-3\">\n                                                        <span\n                                class=\"block py-1 grow text-sm font-bold \">2G Energy AG Aktie erholt sich von Unterst\u00fctzung \u2013 Steigerung von 10%<\/span>\n                                                            <span class=\"text-xs uppercase\">\n                                    Analyst Team\n                                <\/span>\n                                                    <\/div>\n                    <\/a>\n                <\/li>\n                            <li class=\"w-full p-3 rounded-lg shadow md:w-full\">\n                    <a href=\"https:\/\/www.asktraders.com\/de\/finanznachrichten\/mercedes-benz-aktie-goldman-sachs-initiiert-analystendeckung-mit-positiver-einschaetzung\/\" class=\"flex\">\n                        <img loading=\"lazy\" decoding=\"async\" width=\"150\" height=\"150\" src=\"https:\/\/www.asktraders.com\/wp-content\/uploads\/2023\/06\/aktie-mercedes-150x150.jpg\" class=\"w-1\/3 rounded object-cover  wp-post-image\" alt=\"Mercedes Aktie\" \/>\n                        <div class=\"flex flex-col w-2\/3 pl-3\">\n                                                        <span\n                                class=\"block py-1 grow text-sm font-bold \">Mercedes-Benz Aktie: Goldman Sachs initiiert Analystendeckung mit positiver Einsch\u00e4tzung<\/span>\n                                                            <span class=\"text-xs uppercase\">\n                                    Analyst Team\n                                <\/span>\n                                                    <\/div>\n                    <\/a>\n                <\/li>\n                            <li class=\"w-full p-3 rounded-lg shadow md:w-full\">\n                    <a href=\"https:\/\/www.asktraders.com\/de\/finanznachrichten\/dax-aktien-erholen-sich-nach-nvidia-beben-maerkte-atmen-auf\/\" class=\"flex\">\n                        <img loading=\"lazy\" decoding=\"async\" width=\"150\" height=\"150\" src=\"https:\/\/www.asktraders.com\/wp-content\/uploads\/2023\/04\/dax-handeln-150x150.jpg\" class=\"w-1\/3 rounded object-cover  wp-post-image\" alt=\"\" \/>\n                        <div class=\"flex flex-col w-2\/3 pl-3\">\n                                                        <span\n                                class=\"block py-1 grow text-sm font-bold \">DAX-Aktien erholen sich nach Nvidia-Beben: M\u00e4rkte atmen auf<\/span>\n                                                            <span class=\"text-xs uppercase\">\n                                    Analyst Team\n                                <\/span>\n                                                    <\/div>\n                    <\/a>\n                <\/li>\n                            <li class=\"w-full p-3 rounded-lg shadow md:w-full\">\n                    <a href=\"https:\/\/www.asktraders.com\/de\/finanznachrichten\/rheinmetall-aktien-finden-unterstuetzung-bei-1-600-e-wie-geht-es-weiter\/\" class=\"flex\">\n                        <img loading=\"lazy\" decoding=\"async\" width=\"150\" height=\"150\" src=\"https:\/\/www.asktraders.com\/wp-content\/uploads\/2022\/11\/Die-Rheinmetall-Aktie-im-Chart-150x150.jpg\" class=\"w-1\/3 rounded object-cover  wp-post-image\" alt=\"Die Rheinmetall Aktie im Chart\" \/>\n                        <div class=\"flex flex-col w-2\/3 pl-3\">\n                                                        <span\n                                class=\"block py-1 grow text-sm font-bold \">Rheinmetall-Aktien finden Unterst\u00fctzung bei 1.600 \u20ac \u2013 Wie geht es weiter?<\/span>\n                                                            <span class=\"text-xs uppercase\">\n                                    Analyst Team\n                                <\/span>\n                                                    <\/div>\n                    <\/a>\n                <\/li>\n                    <\/ul>\n            \n    <\/aside>\n","protected":false},"author":873,"featured_media":230178,"comment_status":"closed","ping_status":"closed","template":"","news_cluster":[],"tradingcategory":[58519],"class_list":["post-234139","news","type-news","status-publish","has-post-thumbnail","hentry","tradingcategory-news-de"],"acf":[],"apple_news_notices":[],"yoast_head":"<!-- This site is optimized with the Yoast SEO plugin v27.2 - https:\/\/yoast.com\/product\/yoast-seo-wordpress\/ -->\n<title>BayWa Aktie steigt vor Hauptversammlung \u2013 Restrukturierung treibt Kurs | AskTraders.com %<\/title>\n<meta name=\"description\" content=\"Die Aktie der BayWa AG (BYW.DE) verzeichnete heute einen Kursanstieg von fast 7%, da der Markt positiv auf die laufenden Restrukturierungsbem\u00fchungen des\" \/>\n<meta name=\"robots\" content=\"index, follow, max-snippet:-1, max-image-preview:large, max-video-preview:-1\" \/>\n<link rel=\"canonical\" href=\"https:\/\/www.asktraders.com\/de\/finanznachrichten\/baywa-aktie-steigt-vor-hauptversammlung-restrukturierung-treibt-kurs\/\" \/>\n<meta property=\"og:locale\" content=\"de_DE\" \/>\n<meta property=\"og:type\" content=\"article\" \/>\n<meta property=\"og:title\" content=\"BayWa Aktie steigt vor Hauptversammlung \u2013 Restrukturierung treibt Kurs | AskTraders.com %\" \/>\n<meta property=\"og:description\" content=\"Die Aktie der BayWa AG (BYW.DE) verzeichnete heute einen Kursanstieg von fast 7%, da der Markt positiv auf die laufenden Restrukturierungsbem\u00fchungen des\" \/>\n<meta property=\"og:url\" content=\"https:\/\/www.asktraders.com\/de\/finanznachrichten\/baywa-aktie-steigt-vor-hauptversammlung-restrukturierung-treibt-kurs\/\" \/>\n<meta property=\"og:site_name\" content=\"AskTraders.com\" \/>\n<meta property=\"article:publisher\" content=\"https:\/\/www.facebook.com\/asktraderscom\" \/>\n<meta property=\"article:modified_time\" content=\"2025-08-22T10:07:28+00:00\" \/>\n<meta property=\"og:image\" content=\"https:\/\/www.asktraders.com\/wp-content\/uploads\/2025\/07\/construction.jpeg\" \/>\n\t<meta property=\"og:image:width\" content=\"1000\" \/>\n\t<meta property=\"og:image:height\" content=\"754\" \/>\n\t<meta property=\"og:image:type\" content=\"image\/jpeg\" \/>\n<meta name=\"twitter:card\" content=\"summary_large_image\" \/>\n<meta name=\"twitter:site\" content=\"@Asktraders1\" \/>\n<meta name=\"twitter:label1\" content=\"Gesch\u00e4tzte Lesezeit\" \/>\n\t<meta name=\"twitter:data1\" content=\"4 Minuten\" \/>\n<script type=\"application\/ld+json\" class=\"yoast-schema-graph\">{\"@context\":\"https:\/\/schema.org\",\"@graph\":[{\"@type\":\"NewsArticle\",\"@id\":\"https:\/\/www.asktraders.com\/de\/finanznachrichten\/baywa-aktie-steigt-vor-hauptversammlung-restrukturierung-treibt-kurs\/#article\",\"isPartOf\":{\"@id\":\"https:\/\/www.asktraders.com\/de\/finanznachrichten\/baywa-aktie-steigt-vor-hauptversammlung-restrukturierung-treibt-kurs\/\"},\"author\":{\"name\":\"Asktraders News Team\",\"@id\":\"https:\/\/www.asktraders.com\/de\/#\/schema\/person\/a9018e69daa9a7bd7a92bab40944424f\",\"url\":\"https:\/\/www.asktraders.com\/de\/author\/asktraders-news-team\/\"},\"headline\":\"BayWa Aktie steigt vor Hauptversammlung \u2013 Restrukturierung treibt Kurs\",\"datePublished\":\"2025-08-22T10:07:25+00:00\",\"dateModified\":\"2025-08-22T10:07:28+00:00\",\"mainEntityOfPage\":{\"@id\":\"https:\/\/www.asktraders.com\/de\/finanznachrichten\/baywa-aktie-steigt-vor-hauptversammlung-restrukturierung-treibt-kurs\/\"},\"wordCount\":788,\"publisher\":{\"@id\":\"https:\/\/www.asktraders.com\/de\/#organization\"},\"image\":{\"@id\":\"https:\/\/www.asktraders.com\/de\/finanznachrichten\/baywa-aktie-steigt-vor-hauptversammlung-restrukturierung-treibt-kurs\/#primaryimage\"},\"thumbnailUrl\":\"https:\/\/www.asktraders.com\/wp-content\/uploads\/2025\/07\/construction.jpeg\",\"inLanguage\":\"de-DE\"},{\"@type\":\"WebPage\",\"@id\":\"https:\/\/www.asktraders.com\/de\/finanznachrichten\/baywa-aktie-steigt-vor-hauptversammlung-restrukturierung-treibt-kurs\/\",\"url\":\"https:\/\/www.asktraders.com\/de\/finanznachrichten\/baywa-aktie-steigt-vor-hauptversammlung-restrukturierung-treibt-kurs\/\",\"name\":\"BayWa Aktie steigt vor Hauptversammlung \u2013 Restrukturierung treibt Kurs | AskTraders.com %\",\"isPartOf\":{\"@id\":\"https:\/\/www.asktraders.com\/de\/#website\"},\"primaryImageOfPage\":{\"@id\":\"https:\/\/www.asktraders.com\/de\/finanznachrichten\/baywa-aktie-steigt-vor-hauptversammlung-restrukturierung-treibt-kurs\/#primaryimage\"},\"image\":{\"@id\":\"https:\/\/www.asktraders.com\/de\/finanznachrichten\/baywa-aktie-steigt-vor-hauptversammlung-restrukturierung-treibt-kurs\/#primaryimage\"},\"thumbnailUrl\":\"https:\/\/www.asktraders.com\/wp-content\/uploads\/2025\/07\/construction.jpeg\",\"datePublished\":\"2025-08-22T10:07:25+00:00\",\"dateModified\":\"2025-08-22T10:07:28+00:00\",\"description\":\"Die Aktie der BayWa AG (BYW.DE) verzeichnete heute einen Kursanstieg von fast 7%, da der Markt positiv auf die laufenden Restrukturierungsbem\u00fchungen des\",\"breadcrumb\":{\"@id\":\"https:\/\/www.asktraders.com\/de\/finanznachrichten\/baywa-aktie-steigt-vor-hauptversammlung-restrukturierung-treibt-kurs\/#breadcrumb\"},\"inLanguage\":\"de-DE\",\"potentialAction\":[{\"@type\":\"ReadAction\",\"target\":[\"https:\/\/www.asktraders.com\/de\/finanznachrichten\/baywa-aktie-steigt-vor-hauptversammlung-restrukturierung-treibt-kurs\/\"]}]},{\"@type\":\"ImageObject\",\"inLanguage\":\"de-DE\",\"@id\":\"https:\/\/www.asktraders.com\/de\/finanznachrichten\/baywa-aktie-steigt-vor-hauptversammlung-restrukturierung-treibt-kurs\/#primaryimage\",\"url\":\"https:\/\/www.asktraders.com\/wp-content\/uploads\/2025\/07\/construction.jpeg\",\"contentUrl\":\"https:\/\/www.asktraders.com\/wp-content\/uploads\/2025\/07\/construction.jpeg\",\"width\":1000,\"height\":754},{\"@type\":\"BreadcrumbList\",\"@id\":\"https:\/\/www.asktraders.com\/de\/finanznachrichten\/baywa-aktie-steigt-vor-hauptversammlung-restrukturierung-treibt-kurs\/#breadcrumb\",\"itemListElement\":[{\"@type\":\"ListItem\",\"position\":1,\"name\":\"Home\",\"item\":\"https:\/\/www.asktraders.com\/de\/\"},{\"@type\":\"ListItem\",\"position\":2,\"name\":\"News\",\"item\":\"https:\/\/www.asktraders.com\/de\/finanznachrichten\/\"},{\"@type\":\"ListItem\",\"position\":3,\"name\":\"BayWa Aktie steigt vor Hauptversammlung \u2013 Restrukturierung treibt Kurs\"}]},{\"@type\":\"WebSite\",\"@id\":\"https:\/\/www.asktraders.com\/de\/#website\",\"url\":\"https:\/\/www.asktraders.com\/de\/\",\"name\":\"AskTraders\",\"description\":\"Guiding You To Trading Success\",\"publisher\":{\"@id\":\"https:\/\/www.asktraders.com\/de\/#organization\"},\"inLanguage\":\"de-DE\"},{\"@type\":\"Organization\",\"@id\":\"https:\/\/www.asktraders.com\/de\/#organization\",\"name\":\"AskTraders\",\"url\":\"https:\/\/www.asktraders.com\/de\/\",\"logo\":{\"@type\":\"ImageObject\",\"inLanguage\":\"de-DE\",\"@id\":\"https:\/\/www.asktraders.com\/de\/#\/schema\/logo\/image\/\",\"url\":\"https:\/\/www.asktraders.com\/wp-content\/uploads\/2019\/05\/asktraders-logo-tm-white.png\",\"contentUrl\":\"https:\/\/www.asktraders.com\/wp-content\/uploads\/2019\/05\/asktraders-logo-tm-white.png\",\"width\":232,\"height\":38,\"caption\":\"AskTraders\"},\"image\":{\"@id\":\"https:\/\/www.asktraders.com\/de\/#\/schema\/logo\/image\/\"},\"sameAs\":[\"https:\/\/www.facebook.com\/asktraderscom\",\"https:\/\/x.com\/Asktraders1\"]},{\"@type\":\"Person\",\"@id\":\"https:\/\/www.asktraders.com\/de\/#\/schema\/person\/a9018e69daa9a7bd7a92bab40944424f\",\"name\":\"Asktraders News Team\",\"image\":{\"@type\":\"ImageObject\",\"inLanguage\":\"de-DE\",\"@id\":\"https:\/\/secure.gravatar.com\/avatar\/4adf30b4bdba8095517be51a6d33eac85d275459c6da979b73dabd753924f280?s=96&d=mm&r=g\",\"url\":\"https:\/\/secure.gravatar.com\/avatar\/4adf30b4bdba8095517be51a6d33eac85d275459c6da979b73dabd753924f280?s=96&d=mm&r=g\",\"contentUrl\":\"https:\/\/secure.gravatar.com\/avatar\/4adf30b4bdba8095517be51a6d33eac85d275459c6da979b73dabd753924f280?s=96&d=mm&r=g\",\"caption\":\"Asktraders News Team\"}}]}<\/script>\n<!-- \/ Yoast SEO plugin. -->","yoast_head_json":{"title":"BayWa Aktie steigt vor Hauptversammlung \u2013 Restrukturierung treibt Kurs | AskTraders.com %","description":"Die Aktie der BayWa AG (BYW.DE) verzeichnete heute einen Kursanstieg von fast 7%, da der Markt positiv auf die laufenden Restrukturierungsbem\u00fchungen des","robots":{"index":"index","follow":"follow","max-snippet":"max-snippet:-1","max-image-preview":"max-image-preview:large","max-video-preview":"max-video-preview:-1"},"canonical":"https:\/\/www.asktraders.com\/de\/finanznachrichten\/baywa-aktie-steigt-vor-hauptversammlung-restrukturierung-treibt-kurs\/","og_locale":"de_DE","og_type":"article","og_title":"BayWa Aktie steigt vor Hauptversammlung \u2013 Restrukturierung treibt Kurs | AskTraders.com %","og_description":"Die Aktie der BayWa AG (BYW.DE) verzeichnete heute einen Kursanstieg von fast 7%, da der Markt positiv auf die laufenden Restrukturierungsbem\u00fchungen des","og_url":"https:\/\/www.asktraders.com\/de\/finanznachrichten\/baywa-aktie-steigt-vor-hauptversammlung-restrukturierung-treibt-kurs\/","og_site_name":"AskTraders.com","article_publisher":"https:\/\/www.facebook.com\/asktraderscom","article_modified_time":"2025-08-22T10:07:28+00:00","og_image":[{"width":1000,"height":754,"url":"https:\/\/www.asktraders.com\/wp-content\/uploads\/2025\/07\/construction.jpeg","type":"image\/jpeg"}],"twitter_card":"summary_large_image","twitter_site":"@Asktraders1","twitter_misc":{"Gesch\u00e4tzte Lesezeit":"4 Minuten"},"schema":{"@context":"https:\/\/schema.org","@graph":[{"@type":"NewsArticle","@id":"https:\/\/www.asktraders.com\/de\/finanznachrichten\/baywa-aktie-steigt-vor-hauptversammlung-restrukturierung-treibt-kurs\/#article","isPartOf":{"@id":"https:\/\/www.asktraders.com\/de\/finanznachrichten\/baywa-aktie-steigt-vor-hauptversammlung-restrukturierung-treibt-kurs\/"},"author":{"name":"Asktraders News Team","@id":"https:\/\/www.asktraders.com\/de\/#\/schema\/person\/a9018e69daa9a7bd7a92bab40944424f","url":"https:\/\/www.asktraders.com\/de\/author\/asktraders-news-team\/"},"headline":"BayWa Aktie steigt vor Hauptversammlung \u2013 Restrukturierung treibt Kurs","datePublished":"2025-08-22T10:07:25+00:00","dateModified":"2025-08-22T10:07:28+00:00","mainEntityOfPage":{"@id":"https:\/\/www.asktraders.com\/de\/finanznachrichten\/baywa-aktie-steigt-vor-hauptversammlung-restrukturierung-treibt-kurs\/"},"wordCount":788,"publisher":{"@id":"https:\/\/www.asktraders.com\/de\/#organization"},"image":{"@id":"https:\/\/www.asktraders.com\/de\/finanznachrichten\/baywa-aktie-steigt-vor-hauptversammlung-restrukturierung-treibt-kurs\/#primaryimage"},"thumbnailUrl":"https:\/\/www.asktraders.com\/wp-content\/uploads\/2025\/07\/construction.jpeg","inLanguage":"de-DE"},{"@type":"WebPage","@id":"https:\/\/www.asktraders.com\/de\/finanznachrichten\/baywa-aktie-steigt-vor-hauptversammlung-restrukturierung-treibt-kurs\/","url":"https:\/\/www.asktraders.com\/de\/finanznachrichten\/baywa-aktie-steigt-vor-hauptversammlung-restrukturierung-treibt-kurs\/","name":"BayWa Aktie steigt vor Hauptversammlung \u2013 Restrukturierung treibt Kurs | AskTraders.com %","isPartOf":{"@id":"https:\/\/www.asktraders.com\/de\/#website"},"primaryImageOfPage":{"@id":"https:\/\/www.asktraders.com\/de\/finanznachrichten\/baywa-aktie-steigt-vor-hauptversammlung-restrukturierung-treibt-kurs\/#primaryimage"},"image":{"@id":"https:\/\/www.asktraders.com\/de\/finanznachrichten\/baywa-aktie-steigt-vor-hauptversammlung-restrukturierung-treibt-kurs\/#primaryimage"},"thumbnailUrl":"https:\/\/www.asktraders.com\/wp-content\/uploads\/2025\/07\/construction.jpeg","datePublished":"2025-08-22T10:07:25+00:00","dateModified":"2025-08-22T10:07:28+00:00","description":"Die Aktie der BayWa AG (BYW.DE) verzeichnete heute einen Kursanstieg von fast 7%, da der Markt positiv auf die laufenden Restrukturierungsbem\u00fchungen des","breadcrumb":{"@id":"https:\/\/www.asktraders.com\/de\/finanznachrichten\/baywa-aktie-steigt-vor-hauptversammlung-restrukturierung-treibt-kurs\/#breadcrumb"},"inLanguage":"de-DE","potentialAction":[{"@type":"ReadAction","target":["https:\/\/www.asktraders.com\/de\/finanznachrichten\/baywa-aktie-steigt-vor-hauptversammlung-restrukturierung-treibt-kurs\/"]}]},{"@type":"ImageObject","inLanguage":"de-DE","@id":"https:\/\/www.asktraders.com\/de\/finanznachrichten\/baywa-aktie-steigt-vor-hauptversammlung-restrukturierung-treibt-kurs\/#primaryimage","url":"https:\/\/www.asktraders.com\/wp-content\/uploads\/2025\/07\/construction.jpeg","contentUrl":"https:\/\/www.asktraders.com\/wp-content\/uploads\/2025\/07\/construction.jpeg","width":1000,"height":754},{"@type":"BreadcrumbList","@id":"https:\/\/www.asktraders.com\/de\/finanznachrichten\/baywa-aktie-steigt-vor-hauptversammlung-restrukturierung-treibt-kurs\/#breadcrumb","itemListElement":[{"@type":"ListItem","position":1,"name":"Home","item":"https:\/\/www.asktraders.com\/de\/"},{"@type":"ListItem","position":2,"name":"News","item":"https:\/\/www.asktraders.com\/de\/finanznachrichten\/"},{"@type":"ListItem","position":3,"name":"BayWa Aktie steigt vor Hauptversammlung \u2013 Restrukturierung treibt Kurs"}]},{"@type":"WebSite","@id":"https:\/\/www.asktraders.com\/de\/#website","url":"https:\/\/www.asktraders.com\/de\/","name":"AskTraders","description":"Guiding You To Trading Success","publisher":{"@id":"https:\/\/www.asktraders.com\/de\/#organization"},"inLanguage":"de-DE"},{"@type":"Organization","@id":"https:\/\/www.asktraders.com\/de\/#organization","name":"AskTraders","url":"https:\/\/www.asktraders.com\/de\/","logo":{"@type":"ImageObject","inLanguage":"de-DE","@id":"https:\/\/www.asktraders.com\/de\/#\/schema\/logo\/image\/","url":"https:\/\/www.asktraders.com\/wp-content\/uploads\/2019\/05\/asktraders-logo-tm-white.png","contentUrl":"https:\/\/www.asktraders.com\/wp-content\/uploads\/2019\/05\/asktraders-logo-tm-white.png","width":232,"height":38,"caption":"AskTraders"},"image":{"@id":"https:\/\/www.asktraders.com\/de\/#\/schema\/logo\/image\/"},"sameAs":["https:\/\/www.facebook.com\/asktraderscom","https:\/\/x.com\/Asktraders1"]},{"@type":"Person","@id":"https:\/\/www.asktraders.com\/de\/#\/schema\/person\/a9018e69daa9a7bd7a92bab40944424f","name":"Asktraders News Team","image":{"@type":"ImageObject","inLanguage":"de-DE","@id":"https:\/\/secure.gravatar.com\/avatar\/4adf30b4bdba8095517be51a6d33eac85d275459c6da979b73dabd753924f280?s=96&d=mm&r=g","url":"https:\/\/secure.gravatar.com\/avatar\/4adf30b4bdba8095517be51a6d33eac85d275459c6da979b73dabd753924f280?s=96&d=mm&r=g","contentUrl":"https:\/\/secure.gravatar.com\/avatar\/4adf30b4bdba8095517be51a6d33eac85d275459c6da979b73dabd753924f280?s=96&d=mm&r=g","caption":"Asktraders News Team"}}]}},"_links":{"self":[{"href":"https:\/\/www.asktraders.com\/de\/wp-json\/wp\/v2\/news\/234139","targetHints":{"allow":["GET"]}}],"collection":[{"href":"https:\/\/www.asktraders.com\/de\/wp-json\/wp\/v2\/news"}],"about":[{"href":"https:\/\/www.asktraders.com\/de\/wp-json\/wp\/v2\/types\/news"}],"author":[{"embeddable":true,"href":"https:\/\/www.asktraders.com\/de\/wp-json\/wp\/v2\/users\/873"}],"replies":[{"embeddable":true,"href":"https:\/\/www.asktraders.com\/de\/wp-json\/wp\/v2\/comments?post=234139"}],"version-history":[{"count":0,"href":"https:\/\/www.asktraders.com\/de\/wp-json\/wp\/v2\/news\/234139\/revisions"}],"wp:featuredmedia":[{"embeddable":true,"href":"https:\/\/www.asktraders.com\/de\/wp-json\/wp\/v2\/media\/230178"}],"wp:attachment":[{"href":"https:\/\/www.asktraders.com\/de\/wp-json\/wp\/v2\/media?parent=234139"}],"wp:term":[{"taxonomy":"news_cluster","embeddable":true,"href":"https:\/\/www.asktraders.com\/de\/wp-json\/wp\/v2\/news_cluster?post=234139"},{"taxonomy":"tradingcategory","embeddable":true,"href":"https:\/\/www.asktraders.com\/de\/wp-json\/wp\/v2\/tradingcategory?post=234139"}],"curies":[{"name":"wp","href":"https:\/\/api.w.org\/{rel}","templated":true}]}}