{"id":234297,"date":"2025-08-25T12:51:37","date_gmt":"2025-08-25T11:51:37","guid":{"rendered":"https:\/\/www.asktraders.com\/?post_type=news&#038;p=234297"},"modified":"2025-08-25T12:51:41","modified_gmt":"2025-08-25T11:51:41","slug":"metawolf-aktien-steigen-um-16-ein-jahr-der-zwei-haelften-entfaltet-sich","status":"publish","type":"news","link":"https:\/\/www.asktraders.com\/de\/finanznachrichten\/metawolf-aktien-steigen-um-16-ein-jahr-der-zwei-haelften-entfaltet-sich\/","title":{"rendered":"MetaWolf-Aktien steigen um 16\u00a0% \u2013 Ein Jahr der zwei H\u00e4lften entfaltet sich"},"content":{"rendered":"\n<p>Die Aktien von Meta Wolf AG (ETR: WOLF) erleben heute einen deutlichen Aufw\u00e4rtstrend und steigen um 16 %. Dieser Anstieg ist Teil einer bemerkenswerten Erholung, nachdem die Aktie von Anfang 2025 bis Mitte April um 30 % gefallen war. Aktuell notiert die Aktie 3,26 % h\u00f6her im Jahresverlauf.<\/p>\n\n\n\n<stock-market-widget type=\"chart\" template=\"candlestick\" assets=\"WOLF.DE\" range=\"1y\" interval=\"1d\" price_field=\"close\" heading=\"Meta Wolf AG (ETR: WOLF)\" candle_border_width=\"1\" candle_bullish_background_color=\"#21BA45\" candle_bearish_background_color=\"#DB2828\" candle_bullish_border_color=\"#21BA45\" candle_bearish_border_color=\"#DB2828\" axes_color=\"#000000\" tooltip_text_color=\"#262626\" tooltip_background_color=\"#FFFFFF\" range_selector=\"true\" volume_enabled=\"false\" axes_enabled=\"true\" tooltip_enabled=\"true\" zoom_enabled=\"true\" save_image_enabled=\"true\" cursor_enabled=\"true\" api=\"yahoo-finance\"><\/stock-market-widget>\n\n\n\n<stock-market-widget type=\"table-quotes\" template=\"basic\" assets=\"WOLF.DE\" fields=\"price,market_cap,pe_ratio,52_week_range\" display_header=\"true\" display_chart=\"false\" search=\"false\" pagination=\"false\" scroll=\"false\" rows_per_page=\"5\" sort_direction=\"asc\" alignment=\"left\" realtime=\"true\" api=\"yahoo-finance\"><\/stock-market-widget>\n\n\n\n<p>Trotz der j\u00fcngsten Erholung bleibt die Aktie \u00fcber die letzten 12 Monate im Minus, was auf eine schwierige langfristige Performance hindeutet. Das Handelsvolumen ist derzeit sehr gering, mit einer Ver\u00e4nderung des 10-Tage- zum 3-Monats-Volumen von -99,77\u00a0%.<\/p>\n\n\n\n<p>Die Aktie notiert etwa +1,8&nbsp;% \u00fcber ihrem 50-Tage-Durchschnitt, aber weiterhin -12,95&nbsp;% unter ihrem 200-Tage-Durchschnitt. Kurzfristige technische Indikatoren deuten auf eine gewisse Schw\u00e4che hin, da der Kurs unter dem 5-Tage-SMA liegt und der 5-Tage-SMA unter dem 20-Tage-SMA. Der 20-Tage-SMA liegt jedoch \u00fcber dem 60-Tage-SMA, was eine mittelfristige Verbesserung andeuten k\u00f6nnte. Der langfristige Trend bleibt negativ, da der 60-Tage-SMA unter dem 200-Tage-SMA liegt.<\/p>\n\n\n\n<p>Die Marktkapitalisierung von Meta Wolf AG betr\u00e4gt rund 76,2 Millionen \u20ac. Das Kurs-Buchwert-Verh\u00e4ltnis liegt bei 0,96, was darauf hindeutet, dass die Aktie in der N\u00e4he ihres Buchwerts gehandelt wird. Das Kurs-Umsatz-Verh\u00e4ltnis betr\u00e4gt 1,14. Ein Kurs-Gewinn-Verh\u00e4ltnis ist nicht verf\u00fcgbar, was auf m\u00f6glicherweise negative Gewinne hindeutet.<\/p>\n\n\n\n<p>Die Hauptversammlung ist f\u00fcr heute geplant. Es liegen keine expliziten Angaben zu Gewinnterminen oder EPS-Prognosen vor. Analystensch\u00e4tzungen f\u00fcr EPS-Wachstum und KGV sind nicht verf\u00fcgbar, was auf eine begrenzte Visibilit\u00e4t oder negative Ertr\u00e4ge hindeutet.<\/p>\n\n\n\n<p>W\u00e4hrend die Mehrheit der Analysten die j\u00fcngste Erholung und die strategischen Akquisitionen von Meta Wolf positiv bewertet, sollte man die anhaltend geringe Liquidit\u00e4t der Aktie nicht untersch\u00e4tzen. Ein solch geringes Handelsvolumen kann zu erheblichen Kursschwankungen f\u00fchren, die nicht unbedingt die fundamentale Gesundheit des Unternehmens widerspiegeln. <\/p>\n\n\n\n<p>Es ist durchaus m\u00f6glich, dass der aktuelle Kursanstieg eher auf spekulativen Handel als auf echtes, langfristiges Interesse zur\u00fcckzuf\u00fchren ist. Zudem sind die fehlenden Analysteneinsch\u00e4tzungen und EPS-Prognosen ein Warnsignal. <\/p>\n\n\n\n<p>Zusammenfassend l\u00e4sst sich sagen, dass Meta Wolf AG nach einem schwierigen ersten Halbjahr 2025 eine deutliche Erholung erlebt hat. Der Aktienkurs notiert knapp \u00fcber seinem 50-Tage-Durchschnitt, aber deutlich unter seinem 200-Tage-Durchschnitt. <\/p>\n\n\n\n<p>Die Akquisition der DSCB-Verm\u00f6genswerte und die solide finanzielle Leistung im Jahr 2024 haben das Vertrauen der Markt gest\u00e4rkt. Dennoch sollte man die langfristigen Risiken und die geringe Liquidit\u00e4t der Aktie ber\u00fccksichtigen. Die kommende Hauptversammlung wird weitere Einblicke in die Strategie und die Zukunftsaussichten des Unternehmens geben.<\/p>\n\n\n\n<p>Es bleibt abzuwarten, ob Meta Wolf die positive Dynamik der letzten Wochen aufrechterhalten und ein nachhaltiges Wachstum erzielen kann. <\/p>\n\n\n<aside class=\"wp-block-related-posts  \" data-sidebar>\n                    \n\n<h2 class=\"wp-block-heading\"  class=\"wp-block-heading\"  id=\"aktien_lernen\">Aktien Lernen<\/h2>\n\n\n        <ul class=\"grid grid-cols-1 md:grid-cols-2 gap-4 lg:grid-cols-1\">\n                            <li class=\"w-full p-3 rounded-lg shadow md:w-full\">\n                    <a href=\"https:\/\/www.asktraders.com\/de\/dax40\/\" class=\"flex\">\n                        <img loading=\"lazy\" decoding=\"async\" width=\"150\" height=\"150\" src=\"https:\/\/www.asktraders.com\/wp-content\/uploads\/2020\/09\/DAX-handeln-150x150.jpg\" class=\"w-1\/3 rounded object-cover  wp-post-image\" alt=\"DAX handeln\" \/>\n                        <div class=\"flex flex-col w-2\/3 pl-3\">\n                                                        <span\n                                class=\"block py-1 grow text-sm font-bold \">DAX 40 heute aktuell | Index, Kurs und Prognose<\/span>\n                                                            <span class=\"text-xs uppercase\">\n                                    Analyst Team\n                                <\/span>\n                                                    <\/div>\n                    <\/a>\n                <\/li>\n                            <li class=\"w-full p-3 rounded-lg shadow md:w-full\">\n                    <a href=\"https:\/\/www.asktraders.com\/learn-to-trade\/stock-trading\/how-to-trade-stocks\/\" class=\"flex\">\n                        <img loading=\"lazy\" decoding=\"async\" width=\"150\" height=\"150\" src=\"https:\/\/www.asktraders.com\/wp-content\/uploads\/2020\/08\/how-to-trade-stocks-01-150x150.jpg\" class=\"w-1\/3 rounded object-cover  wp-post-image\" alt=\"how to trade stocks\" \/>\n                        <div class=\"flex flex-col w-2\/3 pl-3\">\n                                                        <span\n                                class=\"block py-1 grow text-sm font-bold \">How To Trade Stocks &#8211; The Guide For Beginners<\/span>\n                                                            <span class=\"text-xs uppercase\">\n                                    Analyst Team\n                                <\/span>\n                                                    <\/div>\n                    <\/a>\n                <\/li>\n                            <li class=\"w-full p-3 rounded-lg shadow md:w-full\">\n                    <a href=\"https:\/\/www.asktraders.com\/de\/traden-lernen\/trading-ratgeber\/nachhaltige-etf\/\" class=\"flex\">\n                        <img loading=\"lazy\" decoding=\"async\" width=\"150\" height=\"150\" src=\"https:\/\/www.asktraders.com\/wp-content\/uploads\/2020\/08\/Nachhaltige-ETF-150x150.jpg\" class=\"w-1\/3 rounded object-cover  wp-post-image\" alt=\"Nachhaltige ETF\" \/>\n                        <div class=\"flex flex-col w-2\/3 pl-3\">\n                                                        <span\n                                class=\"block py-1 grow text-sm font-bold \">Nachhaltige ETF \u2013 Wo lohnt sich die Investition in \u00d6ko ETFs?<\/span>\n                                                            <span class=\"text-xs uppercase\">\n                                    Nigel Frith\n                                <\/span>\n                                                    <\/div>\n                    <\/a>\n                <\/li>\n                            <li class=\"w-full p-3 rounded-lg shadow md:w-full\">\n                    <a href=\"https:\/\/www.asktraders.com\/de\/traden-lernen\/trading-strategien\/vwap-strategie\/\" class=\"flex\">\n                        <img loading=\"lazy\" decoding=\"async\" width=\"150\" height=\"150\" src=\"https:\/\/www.asktraders.com\/wp-content\/uploads\/2021\/09\/VWAP-Trading-Strategy-Guide-Examples-150x150.jpg\" class=\"w-1\/3 rounded object-cover  wp-post-image\" alt=\"VWAP Trading Strategy Guide &amp; Examples\" \/>\n                        <div class=\"flex flex-col w-2\/3 pl-3\">\n                                                        <span\n                                class=\"block py-1 grow text-sm font-bold \">VWAP Strategie Anwendung &amp; Beispiele<\/span>\n                                                            <span class=\"text-xs uppercase\">\n                                    Analyst Team\n                                <\/span>\n                                                    <\/div>\n                    <\/a>\n                <\/li>\n                            <li class=\"w-full p-3 rounded-lg shadow md:w-full\">\n                    <a href=\"https:\/\/www.asktraders.com\/de\/traden-lernen\/trading-strategien\/was-ist-scalping\/\" class=\"flex\">\n                        <img loading=\"lazy\" decoding=\"async\" width=\"150\" height=\"150\" src=\"https:\/\/www.asktraders.com\/wp-content\/uploads\/2020\/03\/what-is-scalping-150x150.jpg\" class=\"w-1\/3 rounded object-cover  wp-post-image\" alt=\"what is scalping\" \/>\n                        <div class=\"flex flex-col w-2\/3 pl-3\">\n                                                        <span\n                                class=\"block py-1 grow text-sm font-bold \">Was ist Scalping? Strategien, Tipps &amp; Beispiele<\/span>\n                                                            <span class=\"text-xs uppercase\">\n                                    Analyst Team\n                                <\/span>\n                                                    <\/div>\n                    <\/a>\n                <\/li>\n                            <li class=\"w-full p-3 rounded-lg shadow md:w-full\">\n                    <a href=\"https:\/\/www.asktraders.com\/learn-to-trade\/guides\/etoro-analysis-of-trading-signals-sentiment-resources\/\" class=\"flex\">\n                        <img loading=\"lazy\" decoding=\"async\" width=\"150\" height=\"150\" src=\"https:\/\/www.asktraders.com\/wp-content\/uploads\/2022\/12\/eToro-Analysis-of-Trading-Signals-Sentiment-Resources-150x150.jpg\" class=\"w-1\/3 rounded object-cover  wp-post-image\" alt=\"eToro Analysis of Trading Signals &amp; Sentiment Resources\" \/>\n                        <div class=\"flex flex-col w-2\/3 pl-3\">\n                                                        <span\n                                class=\"block py-1 grow text-sm font-bold \">eToro \u2013 Analysis of Trading Signals &amp; Sentiment Resources<\/span>\n                                                            <span class=\"text-xs uppercase\">\n                                    Justin Freeman\n                                <\/span>\n                                                    <\/div>\n                    <\/a>\n                <\/li>\n                    <\/ul>\n            \n    <\/aside>\n\n\n<div class=\"wp-block-top5-broker\" data-sidebar>\n        <div>\n        \n\n<h2 class=\"wp-block-heading\"  class=\"wp-block-heading\"  id=\"\"><\/h2>\n\n\n    <\/div>\n            <div class=\"block bg-white rounded-lg shadow\">\n        <ul\n            class=\"flex flex-wrap w-full -mb-px list-none border-b-2 navTabs \">\n                                                                                                        <\/ul>\n                    <div class=\"navTabContent \" id=\"top5-tab1\">\n                <ol class=\"flex\n                flex-wrap\n                \">\n                                    <\/ol>\n                            <\/div>\n                    <div class=\"navTabContent hidden\" id=\"top5-tab2\">\n                <ol class=\"flex\n                flex-wrap\n                \">\n                                    <\/ol>\n                            <\/div>\n                    <div class=\"navTabContent hidden\" id=\"top5-tab3\">\n                <ol class=\"flex\n                flex-wrap\n                \">\n                                    <\/ol>\n                            <\/div>\n        \n    <\/div>\n    <\/div>\n\n\n<aside class=\"wp-block-related-posts related-posts-latest \" data-sidebar>\n                    \n\n<h2 class=\"wp-block-heading\"  class=\"wp-block-heading\"  id=\"news\">News<\/h2>\n\n\n        <ul class=\"grid grid-cols-1 md:grid-cols-2 gap-4 lg:grid-cols-1\">\n                            <li class=\"w-full p-3 rounded-lg shadow md:w-full\">\n                    <a href=\"https:\/\/www.asktraders.com\/de\/finanznachrichten\/evonik-aktien-erreichen-neues-tief-als-e13-durchbrochen-werden\/\" class=\"flex\">\n                        <img loading=\"lazy\" decoding=\"async\" width=\"150\" height=\"150\" src=\"https:\/\/www.asktraders.com\/wp-content\/uploads\/2023\/05\/evonik-aktie-prognose-150x150.jpg\" class=\"w-1\/3 rounded object-cover  wp-post-image\" alt=\"Evonik Aktie\" \/>\n                        <div class=\"flex flex-col w-2\/3 pl-3\">\n                                                        <span\n                                class=\"block py-1 grow text-sm font-bold \">Evonik Aktien erreichen neues Tief, als \u20ac13 durchbrochen werden<\/span>\n                                                            <span class=\"text-xs uppercase\">\n                                    Analyst Team\n                                <\/span>\n                                                    <\/div>\n                    <\/a>\n                <\/li>\n                            <li class=\"w-full p-3 rounded-lg shadow md:w-full\">\n                    <a href=\"https:\/\/www.asktraders.com\/de\/finanznachrichten\/2g-energy-ag-aktie-erholt-sich-von-unterstuetzung-steigerung-von-10\/\" class=\"flex\">\n                        <img loading=\"lazy\" decoding=\"async\" width=\"150\" height=\"150\" src=\"https:\/\/www.asktraders.com\/wp-content\/uploads\/2025\/08\/power-and-energy-150x150.jpg\" class=\"w-1\/3 rounded object-cover  wp-post-image\" alt=\"Uniper UN0\" \/>\n                        <div class=\"flex flex-col w-2\/3 pl-3\">\n                                                        <span\n                                class=\"block py-1 grow text-sm font-bold \">2G Energy AG Aktie erholt sich von Unterst\u00fctzung \u2013 Steigerung von 10%<\/span>\n                                                            <span class=\"text-xs uppercase\">\n                                    Analyst Team\n                                <\/span>\n                                                    <\/div>\n                    <\/a>\n                <\/li>\n                            <li class=\"w-full p-3 rounded-lg shadow md:w-full\">\n                    <a href=\"https:\/\/www.asktraders.com\/de\/finanznachrichten\/mercedes-benz-aktie-goldman-sachs-initiiert-analystendeckung-mit-positiver-einschaetzung\/\" class=\"flex\">\n                        <img loading=\"lazy\" decoding=\"async\" width=\"150\" height=\"150\" src=\"https:\/\/www.asktraders.com\/wp-content\/uploads\/2023\/06\/aktie-mercedes-150x150.jpg\" class=\"w-1\/3 rounded object-cover  wp-post-image\" alt=\"Mercedes Aktie\" \/>\n                        <div class=\"flex flex-col w-2\/3 pl-3\">\n                                                        <span\n                                class=\"block py-1 grow text-sm font-bold \">Mercedes-Benz Aktie: Goldman Sachs initiiert Analystendeckung mit positiver Einsch\u00e4tzung<\/span>\n                                                            <span class=\"text-xs uppercase\">\n                                    Analyst Team\n                                <\/span>\n                                                    <\/div>\n                    <\/a>\n                <\/li>\n                            <li class=\"w-full p-3 rounded-lg shadow md:w-full\">\n                    <a href=\"https:\/\/www.asktraders.com\/de\/finanznachrichten\/dax-aktien-erholen-sich-nach-nvidia-beben-maerkte-atmen-auf\/\" class=\"flex\">\n                        <img loading=\"lazy\" decoding=\"async\" width=\"150\" height=\"150\" src=\"https:\/\/www.asktraders.com\/wp-content\/uploads\/2023\/04\/dax-handeln-150x150.jpg\" class=\"w-1\/3 rounded object-cover  wp-post-image\" alt=\"\" \/>\n                        <div class=\"flex flex-col w-2\/3 pl-3\">\n                                                        <span\n                                class=\"block py-1 grow text-sm font-bold \">DAX-Aktien erholen sich nach Nvidia-Beben: M\u00e4rkte atmen auf<\/span>\n                                                            <span class=\"text-xs uppercase\">\n                                    Analyst Team\n                                <\/span>\n                                                    <\/div>\n                    <\/a>\n                <\/li>\n                            <li class=\"w-full p-3 rounded-lg shadow md:w-full\">\n                    <a href=\"https:\/\/www.asktraders.com\/de\/finanznachrichten\/rheinmetall-aktien-finden-unterstuetzung-bei-1-600-e-wie-geht-es-weiter\/\" class=\"flex\">\n                        <img loading=\"lazy\" decoding=\"async\" width=\"150\" height=\"150\" src=\"https:\/\/www.asktraders.com\/wp-content\/uploads\/2022\/11\/Die-Rheinmetall-Aktie-im-Chart-150x150.jpg\" class=\"w-1\/3 rounded object-cover  wp-post-image\" alt=\"Die Rheinmetall Aktie im Chart\" \/>\n                        <div class=\"flex flex-col w-2\/3 pl-3\">\n                                                        <span\n                                class=\"block py-1 grow text-sm font-bold \">Rheinmetall-Aktien finden Unterst\u00fctzung bei 1.600 \u20ac \u2013 Wie geht es weiter?<\/span>\n                                                            <span class=\"text-xs uppercase\">\n                                    Analyst Team\n                                <\/span>\n                                                    <\/div>\n                    <\/a>\n                <\/li>\n                    <\/ul>\n            \n    <\/aside>\n\n\n\n<p><\/p>\n","protected":false},"author":873,"featured_media":230178,"comment_status":"closed","ping_status":"closed","template":"","news_cluster":[],"tradingcategory":[58519],"class_list":["post-234297","news","type-news","status-publish","has-post-thumbnail","hentry","tradingcategory-news-de"],"acf":[],"apple_news_notices":[],"yoast_head":"<!-- This site is optimized with the Yoast SEO plugin v27.2 - https:\/\/yoast.com\/product\/yoast-seo-wordpress\/ -->\n<title>MetaWolf-Aktien steigen um 16\u00a0% \u2013 Ein Jahr der zwei H\u00e4lften entfaltet sich | AskTraders.com %<\/title>\n<meta name=\"description\" content=\"Die Aktien von Meta Wolf AG (ETR: WOLF) erleben heute einen deutlichen Aufw\u00e4rtstrend und steigen um 16 %. Dieser Anstieg ist Teil einer bemerkenswerten\" \/>\n<meta name=\"robots\" content=\"index, follow, max-snippet:-1, max-image-preview:large, max-video-preview:-1\" \/>\n<link rel=\"canonical\" href=\"https:\/\/www.asktraders.com\/de\/finanznachrichten\/metawolf-aktien-steigen-um-16-ein-jahr-der-zwei-haelften-entfaltet-sich\/\" \/>\n<meta property=\"og:locale\" content=\"de_DE\" \/>\n<meta property=\"og:type\" content=\"article\" \/>\n<meta property=\"og:title\" content=\"MetaWolf-Aktien steigen um 16\u00a0% \u2013 Ein Jahr der zwei H\u00e4lften entfaltet sich | AskTraders.com %\" \/>\n<meta property=\"og:description\" content=\"Die Aktien von Meta Wolf AG (ETR: WOLF) erleben heute einen deutlichen Aufw\u00e4rtstrend und steigen um 16 %. Dieser Anstieg ist Teil einer bemerkenswerten\" \/>\n<meta property=\"og:url\" content=\"https:\/\/www.asktraders.com\/de\/finanznachrichten\/metawolf-aktien-steigen-um-16-ein-jahr-der-zwei-haelften-entfaltet-sich\/\" \/>\n<meta property=\"og:site_name\" content=\"AskTraders.com\" \/>\n<meta property=\"article:publisher\" content=\"https:\/\/www.facebook.com\/asktraderscom\" \/>\n<meta property=\"article:modified_time\" content=\"2025-08-25T11:51:41+00:00\" \/>\n<meta property=\"og:image\" content=\"https:\/\/www.asktraders.com\/wp-content\/uploads\/2025\/07\/construction.jpeg\" \/>\n\t<meta property=\"og:image:width\" content=\"1000\" \/>\n\t<meta property=\"og:image:height\" content=\"754\" \/>\n\t<meta property=\"og:image:type\" content=\"image\/jpeg\" \/>\n<meta name=\"twitter:card\" content=\"summary_large_image\" \/>\n<meta name=\"twitter:site\" content=\"@Asktraders1\" \/>\n<meta name=\"twitter:label1\" content=\"Gesch\u00e4tzte Lesezeit\" \/>\n\t<meta name=\"twitter:data1\" content=\"3 Minuten\" \/>\n<script type=\"application\/ld+json\" class=\"yoast-schema-graph\">{\"@context\":\"https:\/\/schema.org\",\"@graph\":[{\"@type\":\"NewsArticle\",\"@id\":\"https:\/\/www.asktraders.com\/de\/finanznachrichten\/metawolf-aktien-steigen-um-16-ein-jahr-der-zwei-haelften-entfaltet-sich\/#article\",\"isPartOf\":{\"@id\":\"https:\/\/www.asktraders.com\/de\/finanznachrichten\/metawolf-aktien-steigen-um-16-ein-jahr-der-zwei-haelften-entfaltet-sich\/\"},\"author\":{\"name\":\"Asktraders News Team\",\"@id\":\"https:\/\/www.asktraders.com\/de\/#\/schema\/person\/a9018e69daa9a7bd7a92bab40944424f\",\"url\":\"https:\/\/www.asktraders.com\/de\/author\/asktraders-news-team\/\"},\"headline\":\"MetaWolf-Aktien steigen um 16\u00a0% \u2013 Ein Jahr der zwei H\u00e4lften entfaltet sich\",\"datePublished\":\"2025-08-25T11:51:37+00:00\",\"dateModified\":\"2025-08-25T11:51:41+00:00\",\"mainEntityOfPage\":{\"@id\":\"https:\/\/www.asktraders.com\/de\/finanznachrichten\/metawolf-aktien-steigen-um-16-ein-jahr-der-zwei-haelften-entfaltet-sich\/\"},\"wordCount\":547,\"publisher\":{\"@id\":\"https:\/\/www.asktraders.com\/de\/#organization\"},\"image\":{\"@id\":\"https:\/\/www.asktraders.com\/de\/finanznachrichten\/metawolf-aktien-steigen-um-16-ein-jahr-der-zwei-haelften-entfaltet-sich\/#primaryimage\"},\"thumbnailUrl\":\"https:\/\/www.asktraders.com\/wp-content\/uploads\/2025\/07\/construction.jpeg\",\"inLanguage\":\"de-DE\"},{\"@type\":\"WebPage\",\"@id\":\"https:\/\/www.asktraders.com\/de\/finanznachrichten\/metawolf-aktien-steigen-um-16-ein-jahr-der-zwei-haelften-entfaltet-sich\/\",\"url\":\"https:\/\/www.asktraders.com\/de\/finanznachrichten\/metawolf-aktien-steigen-um-16-ein-jahr-der-zwei-haelften-entfaltet-sich\/\",\"name\":\"MetaWolf-Aktien steigen um 16\u00a0% \u2013 Ein Jahr der zwei H\u00e4lften entfaltet sich | AskTraders.com %\",\"isPartOf\":{\"@id\":\"https:\/\/www.asktraders.com\/de\/#website\"},\"primaryImageOfPage\":{\"@id\":\"https:\/\/www.asktraders.com\/de\/finanznachrichten\/metawolf-aktien-steigen-um-16-ein-jahr-der-zwei-haelften-entfaltet-sich\/#primaryimage\"},\"image\":{\"@id\":\"https:\/\/www.asktraders.com\/de\/finanznachrichten\/metawolf-aktien-steigen-um-16-ein-jahr-der-zwei-haelften-entfaltet-sich\/#primaryimage\"},\"thumbnailUrl\":\"https:\/\/www.asktraders.com\/wp-content\/uploads\/2025\/07\/construction.jpeg\",\"datePublished\":\"2025-08-25T11:51:37+00:00\",\"dateModified\":\"2025-08-25T11:51:41+00:00\",\"description\":\"Die Aktien von Meta Wolf AG (ETR: WOLF) erleben heute einen deutlichen Aufw\u00e4rtstrend und steigen um 16 %. Dieser Anstieg ist Teil einer bemerkenswerten\",\"breadcrumb\":{\"@id\":\"https:\/\/www.asktraders.com\/de\/finanznachrichten\/metawolf-aktien-steigen-um-16-ein-jahr-der-zwei-haelften-entfaltet-sich\/#breadcrumb\"},\"inLanguage\":\"de-DE\",\"potentialAction\":[{\"@type\":\"ReadAction\",\"target\":[\"https:\/\/www.asktraders.com\/de\/finanznachrichten\/metawolf-aktien-steigen-um-16-ein-jahr-der-zwei-haelften-entfaltet-sich\/\"]}]},{\"@type\":\"ImageObject\",\"inLanguage\":\"de-DE\",\"@id\":\"https:\/\/www.asktraders.com\/de\/finanznachrichten\/metawolf-aktien-steigen-um-16-ein-jahr-der-zwei-haelften-entfaltet-sich\/#primaryimage\",\"url\":\"https:\/\/www.asktraders.com\/wp-content\/uploads\/2025\/07\/construction.jpeg\",\"contentUrl\":\"https:\/\/www.asktraders.com\/wp-content\/uploads\/2025\/07\/construction.jpeg\",\"width\":1000,\"height\":754},{\"@type\":\"BreadcrumbList\",\"@id\":\"https:\/\/www.asktraders.com\/de\/finanznachrichten\/metawolf-aktien-steigen-um-16-ein-jahr-der-zwei-haelften-entfaltet-sich\/#breadcrumb\",\"itemListElement\":[{\"@type\":\"ListItem\",\"position\":1,\"name\":\"Home\",\"item\":\"https:\/\/www.asktraders.com\/de\/\"},{\"@type\":\"ListItem\",\"position\":2,\"name\":\"News\",\"item\":\"https:\/\/www.asktraders.com\/de\/finanznachrichten\/\"},{\"@type\":\"ListItem\",\"position\":3,\"name\":\"MetaWolf-Aktien steigen um 16\u00a0% \u2013 Ein Jahr der zwei H\u00e4lften entfaltet sich\"}]},{\"@type\":\"WebSite\",\"@id\":\"https:\/\/www.asktraders.com\/de\/#website\",\"url\":\"https:\/\/www.asktraders.com\/de\/\",\"name\":\"AskTraders\",\"description\":\"Guiding You To Trading Success\",\"publisher\":{\"@id\":\"https:\/\/www.asktraders.com\/de\/#organization\"},\"inLanguage\":\"de-DE\"},{\"@type\":\"Organization\",\"@id\":\"https:\/\/www.asktraders.com\/de\/#organization\",\"name\":\"AskTraders\",\"url\":\"https:\/\/www.asktraders.com\/de\/\",\"logo\":{\"@type\":\"ImageObject\",\"inLanguage\":\"de-DE\",\"@id\":\"https:\/\/www.asktraders.com\/de\/#\/schema\/logo\/image\/\",\"url\":\"https:\/\/www.asktraders.com\/wp-content\/uploads\/2019\/05\/asktraders-logo-tm-white.png\",\"contentUrl\":\"https:\/\/www.asktraders.com\/wp-content\/uploads\/2019\/05\/asktraders-logo-tm-white.png\",\"width\":232,\"height\":38,\"caption\":\"AskTraders\"},\"image\":{\"@id\":\"https:\/\/www.asktraders.com\/de\/#\/schema\/logo\/image\/\"},\"sameAs\":[\"https:\/\/www.facebook.com\/asktraderscom\",\"https:\/\/x.com\/Asktraders1\"]},{\"@type\":\"Person\",\"@id\":\"https:\/\/www.asktraders.com\/de\/#\/schema\/person\/a9018e69daa9a7bd7a92bab40944424f\",\"name\":\"Asktraders News Team\",\"image\":{\"@type\":\"ImageObject\",\"inLanguage\":\"de-DE\",\"@id\":\"https:\/\/secure.gravatar.com\/avatar\/4adf30b4bdba8095517be51a6d33eac85d275459c6da979b73dabd753924f280?s=96&d=mm&r=g\",\"url\":\"https:\/\/secure.gravatar.com\/avatar\/4adf30b4bdba8095517be51a6d33eac85d275459c6da979b73dabd753924f280?s=96&d=mm&r=g\",\"contentUrl\":\"https:\/\/secure.gravatar.com\/avatar\/4adf30b4bdba8095517be51a6d33eac85d275459c6da979b73dabd753924f280?s=96&d=mm&r=g\",\"caption\":\"Asktraders News Team\"}}]}<\/script>\n<!-- \/ Yoast SEO plugin. -->","yoast_head_json":{"title":"MetaWolf-Aktien steigen um 16\u00a0% \u2013 Ein Jahr der zwei H\u00e4lften entfaltet sich | AskTraders.com %","description":"Die Aktien von Meta Wolf AG (ETR: WOLF) erleben heute einen deutlichen Aufw\u00e4rtstrend und steigen um 16 %. Dieser Anstieg ist Teil einer bemerkenswerten","robots":{"index":"index","follow":"follow","max-snippet":"max-snippet:-1","max-image-preview":"max-image-preview:large","max-video-preview":"max-video-preview:-1"},"canonical":"https:\/\/www.asktraders.com\/de\/finanznachrichten\/metawolf-aktien-steigen-um-16-ein-jahr-der-zwei-haelften-entfaltet-sich\/","og_locale":"de_DE","og_type":"article","og_title":"MetaWolf-Aktien steigen um 16\u00a0% \u2013 Ein Jahr der zwei H\u00e4lften entfaltet sich | AskTraders.com %","og_description":"Die Aktien von Meta Wolf AG (ETR: WOLF) erleben heute einen deutlichen Aufw\u00e4rtstrend und steigen um 16 %. Dieser Anstieg ist Teil einer bemerkenswerten","og_url":"https:\/\/www.asktraders.com\/de\/finanznachrichten\/metawolf-aktien-steigen-um-16-ein-jahr-der-zwei-haelften-entfaltet-sich\/","og_site_name":"AskTraders.com","article_publisher":"https:\/\/www.facebook.com\/asktraderscom","article_modified_time":"2025-08-25T11:51:41+00:00","og_image":[{"width":1000,"height":754,"url":"https:\/\/www.asktraders.com\/wp-content\/uploads\/2025\/07\/construction.jpeg","type":"image\/jpeg"}],"twitter_card":"summary_large_image","twitter_site":"@Asktraders1","twitter_misc":{"Gesch\u00e4tzte Lesezeit":"3 Minuten"},"schema":{"@context":"https:\/\/schema.org","@graph":[{"@type":"NewsArticle","@id":"https:\/\/www.asktraders.com\/de\/finanznachrichten\/metawolf-aktien-steigen-um-16-ein-jahr-der-zwei-haelften-entfaltet-sich\/#article","isPartOf":{"@id":"https:\/\/www.asktraders.com\/de\/finanznachrichten\/metawolf-aktien-steigen-um-16-ein-jahr-der-zwei-haelften-entfaltet-sich\/"},"author":{"name":"Asktraders News Team","@id":"https:\/\/www.asktraders.com\/de\/#\/schema\/person\/a9018e69daa9a7bd7a92bab40944424f","url":"https:\/\/www.asktraders.com\/de\/author\/asktraders-news-team\/"},"headline":"MetaWolf-Aktien steigen um 16\u00a0% \u2013 Ein Jahr der zwei H\u00e4lften entfaltet sich","datePublished":"2025-08-25T11:51:37+00:00","dateModified":"2025-08-25T11:51:41+00:00","mainEntityOfPage":{"@id":"https:\/\/www.asktraders.com\/de\/finanznachrichten\/metawolf-aktien-steigen-um-16-ein-jahr-der-zwei-haelften-entfaltet-sich\/"},"wordCount":547,"publisher":{"@id":"https:\/\/www.asktraders.com\/de\/#organization"},"image":{"@id":"https:\/\/www.asktraders.com\/de\/finanznachrichten\/metawolf-aktien-steigen-um-16-ein-jahr-der-zwei-haelften-entfaltet-sich\/#primaryimage"},"thumbnailUrl":"https:\/\/www.asktraders.com\/wp-content\/uploads\/2025\/07\/construction.jpeg","inLanguage":"de-DE"},{"@type":"WebPage","@id":"https:\/\/www.asktraders.com\/de\/finanznachrichten\/metawolf-aktien-steigen-um-16-ein-jahr-der-zwei-haelften-entfaltet-sich\/","url":"https:\/\/www.asktraders.com\/de\/finanznachrichten\/metawolf-aktien-steigen-um-16-ein-jahr-der-zwei-haelften-entfaltet-sich\/","name":"MetaWolf-Aktien steigen um 16\u00a0% \u2013 Ein Jahr der zwei H\u00e4lften entfaltet sich | AskTraders.com %","isPartOf":{"@id":"https:\/\/www.asktraders.com\/de\/#website"},"primaryImageOfPage":{"@id":"https:\/\/www.asktraders.com\/de\/finanznachrichten\/metawolf-aktien-steigen-um-16-ein-jahr-der-zwei-haelften-entfaltet-sich\/#primaryimage"},"image":{"@id":"https:\/\/www.asktraders.com\/de\/finanznachrichten\/metawolf-aktien-steigen-um-16-ein-jahr-der-zwei-haelften-entfaltet-sich\/#primaryimage"},"thumbnailUrl":"https:\/\/www.asktraders.com\/wp-content\/uploads\/2025\/07\/construction.jpeg","datePublished":"2025-08-25T11:51:37+00:00","dateModified":"2025-08-25T11:51:41+00:00","description":"Die Aktien von Meta Wolf AG (ETR: WOLF) erleben heute einen deutlichen Aufw\u00e4rtstrend und steigen um 16 %. Dieser Anstieg ist Teil einer bemerkenswerten","breadcrumb":{"@id":"https:\/\/www.asktraders.com\/de\/finanznachrichten\/metawolf-aktien-steigen-um-16-ein-jahr-der-zwei-haelften-entfaltet-sich\/#breadcrumb"},"inLanguage":"de-DE","potentialAction":[{"@type":"ReadAction","target":["https:\/\/www.asktraders.com\/de\/finanznachrichten\/metawolf-aktien-steigen-um-16-ein-jahr-der-zwei-haelften-entfaltet-sich\/"]}]},{"@type":"ImageObject","inLanguage":"de-DE","@id":"https:\/\/www.asktraders.com\/de\/finanznachrichten\/metawolf-aktien-steigen-um-16-ein-jahr-der-zwei-haelften-entfaltet-sich\/#primaryimage","url":"https:\/\/www.asktraders.com\/wp-content\/uploads\/2025\/07\/construction.jpeg","contentUrl":"https:\/\/www.asktraders.com\/wp-content\/uploads\/2025\/07\/construction.jpeg","width":1000,"height":754},{"@type":"BreadcrumbList","@id":"https:\/\/www.asktraders.com\/de\/finanznachrichten\/metawolf-aktien-steigen-um-16-ein-jahr-der-zwei-haelften-entfaltet-sich\/#breadcrumb","itemListElement":[{"@type":"ListItem","position":1,"name":"Home","item":"https:\/\/www.asktraders.com\/de\/"},{"@type":"ListItem","position":2,"name":"News","item":"https:\/\/www.asktraders.com\/de\/finanznachrichten\/"},{"@type":"ListItem","position":3,"name":"MetaWolf-Aktien steigen um 16\u00a0% \u2013 Ein Jahr der zwei H\u00e4lften entfaltet sich"}]},{"@type":"WebSite","@id":"https:\/\/www.asktraders.com\/de\/#website","url":"https:\/\/www.asktraders.com\/de\/","name":"AskTraders","description":"Guiding You To Trading Success","publisher":{"@id":"https:\/\/www.asktraders.com\/de\/#organization"},"inLanguage":"de-DE"},{"@type":"Organization","@id":"https:\/\/www.asktraders.com\/de\/#organization","name":"AskTraders","url":"https:\/\/www.asktraders.com\/de\/","logo":{"@type":"ImageObject","inLanguage":"de-DE","@id":"https:\/\/www.asktraders.com\/de\/#\/schema\/logo\/image\/","url":"https:\/\/www.asktraders.com\/wp-content\/uploads\/2019\/05\/asktraders-logo-tm-white.png","contentUrl":"https:\/\/www.asktraders.com\/wp-content\/uploads\/2019\/05\/asktraders-logo-tm-white.png","width":232,"height":38,"caption":"AskTraders"},"image":{"@id":"https:\/\/www.asktraders.com\/de\/#\/schema\/logo\/image\/"},"sameAs":["https:\/\/www.facebook.com\/asktraderscom","https:\/\/x.com\/Asktraders1"]},{"@type":"Person","@id":"https:\/\/www.asktraders.com\/de\/#\/schema\/person\/a9018e69daa9a7bd7a92bab40944424f","name":"Asktraders News Team","image":{"@type":"ImageObject","inLanguage":"de-DE","@id":"https:\/\/secure.gravatar.com\/avatar\/4adf30b4bdba8095517be51a6d33eac85d275459c6da979b73dabd753924f280?s=96&d=mm&r=g","url":"https:\/\/secure.gravatar.com\/avatar\/4adf30b4bdba8095517be51a6d33eac85d275459c6da979b73dabd753924f280?s=96&d=mm&r=g","contentUrl":"https:\/\/secure.gravatar.com\/avatar\/4adf30b4bdba8095517be51a6d33eac85d275459c6da979b73dabd753924f280?s=96&d=mm&r=g","caption":"Asktraders News Team"}}]}},"_links":{"self":[{"href":"https:\/\/www.asktraders.com\/de\/wp-json\/wp\/v2\/news\/234297","targetHints":{"allow":["GET"]}}],"collection":[{"href":"https:\/\/www.asktraders.com\/de\/wp-json\/wp\/v2\/news"}],"about":[{"href":"https:\/\/www.asktraders.com\/de\/wp-json\/wp\/v2\/types\/news"}],"author":[{"embeddable":true,"href":"https:\/\/www.asktraders.com\/de\/wp-json\/wp\/v2\/users\/873"}],"replies":[{"embeddable":true,"href":"https:\/\/www.asktraders.com\/de\/wp-json\/wp\/v2\/comments?post=234297"}],"version-history":[{"count":0,"href":"https:\/\/www.asktraders.com\/de\/wp-json\/wp\/v2\/news\/234297\/revisions"}],"wp:featuredmedia":[{"embeddable":true,"href":"https:\/\/www.asktraders.com\/de\/wp-json\/wp\/v2\/media\/230178"}],"wp:attachment":[{"href":"https:\/\/www.asktraders.com\/de\/wp-json\/wp\/v2\/media?parent=234297"}],"wp:term":[{"taxonomy":"news_cluster","embeddable":true,"href":"https:\/\/www.asktraders.com\/de\/wp-json\/wp\/v2\/news_cluster?post=234297"},{"taxonomy":"tradingcategory","embeddable":true,"href":"https:\/\/www.asktraders.com\/de\/wp-json\/wp\/v2\/tradingcategory?post=234297"}],"curies":[{"name":"wp","href":"https:\/\/api.w.org\/{rel}","templated":true}]}}