{"id":235397,"date":"2025-09-08T09:54:53","date_gmt":"2025-09-08T08:54:53","guid":{"rendered":"https:\/\/www.asktraders.com\/?post_type=news&#038;p=235397"},"modified":"2025-09-08T09:54:56","modified_gmt":"2025-09-08T08:54:56","slug":"tag-immobilien-aktie-jefferies-passt-kursziel-auf-18-e-an-fundamentaldaten-im-fokus","status":"publish","type":"news","link":"https:\/\/www.asktraders.com\/de\/finanznachrichten\/tag-immobilien-aktie-jefferies-passt-kursziel-auf-18-e-an-fundamentaldaten-im-fokus\/","title":{"rendered":"TAG Immobilien Aktie: Jefferies passt Kursziel auf 18 \u20ac an \u2013 Fundamentaldaten im Fokus"},"content":{"rendered":"\n<p>Die Aktie von TAG Immobilien (ETR: TEG) erf\u00e4hrt R\u00fcckenwind durch eine positive Neubewertung von Jefferies, die das Kursziel von 16,50 \u20ac auf 18 \u20ac anhob. Die Analysten best\u00e4tigten gleichzeitig ihre &#8222;Buy&#8220;-Empfehlung. Diese Entscheidung spiegelt das Vertrauen in den europ\u00e4ischen Wohnimmobilienmarkt wider, der von einer robusten Nachfrage und einem begrenzten Angebot an Neubauten profitiert.<\/p>\n\n\n\n<p>Die positive Einsch\u00e4tzung von Jefferies untermauert die generell optimistische Stimmung rund um TAG Immobilien. Der Konzern blickt auf ein erfolgreiches Gesch\u00e4ftsjahr 2024 zur\u00fcck. Dieser Anstieg ist vor allem auf h\u00f6here Mieteinnahmen in Deutschland und umfangreiche Immobilienverk\u00e4ufe in Polen zur\u00fcckzuf\u00fchren.<\/p>\n\n\n\n<stock-market-widget type=\"chart\" template=\"candlestick\" assets=\"TEG.DE\" range=\"1y\" interval=\"1d\" price_field=\"close\" heading=\"TEG.DE\" candle_border_width=\"1\" candle_bullish_background_color=\"#21BA45\" candle_bearish_background_color=\"#DB2828\" candle_bullish_border_color=\"#21BA45\" candle_bearish_border_color=\"#DB2828\" axes_color=\"#000000\" tooltip_text_color=\"#262626\" tooltip_background_color=\"#FFFFFF\" range_selector=\"true\" volume_enabled=\"false\" axes_enabled=\"true\" tooltip_enabled=\"true\" zoom_enabled=\"true\" save_image_enabled=\"true\" cursor_enabled=\"true\" api=\"yahoo-finance\"><\/stock-market-widget>\n\n\n\n<stock-market-widget type=\"table-quotes\" template=\"basic\" assets=\"TEG.DE\" fields=\"price,market_cap,pe_ratio,52_week_range\" display_header=\"true\" display_chart=\"false\" search=\"false\" pagination=\"false\" scroll=\"false\" rows_per_page=\"5\" sort_direction=\"asc\" alignment=\"left\" realtime=\"true\" api=\"yahoo-finance\"><\/stock-market-widget>\n\n\n\n<p>Die solide Liquidit\u00e4tsposition des Unternehmens, die \u00fcber 930 Millionen \u20ac betr\u00e4gt, wurde durch eine erfolgreiche Emission von Wandelanleihen im M\u00e4rz 2025 weiter gest\u00e4rkt. Dadurch konnte TAG Immobilien die Refinanzierung aller unbesicherten Schulden f\u00fcr die Jahre 2025 und 2026 sichern.<\/p>\n\n\n\n<p>Auch andere Analystenh\u00e4user haben sich positiv zu TAG Immobilien ge\u00e4u\u00dfert. Die Empfehlungen zeichnen ein klares Bild:<\/p>\n\n\n\n<ul class=\"wp-block-list\">\n<li><strong>Baader Bank<\/strong>\u00a0bekr\u00e4ftigte im August 2025 ihre &#8222;Buy&#8220;-Einsch\u00e4tzung und erh\u00f6hte das Kursziel von 14 \u20ac auf 18 \u20ac.<\/li>\n\n\n\n<li><strong>Deutsche Bank<\/strong>\u00a0best\u00e4tigte ebenfalls ihre &#8222;Buy&#8220;-Empfehlung mit einem Kursziel von 18 \u20ac.<\/li>\n\n\n\n<li><strong>Kepler Capital<\/strong>\u00a0setzte mit einem Kursziel von 21,20 \u20ac sogar noch h\u00f6her an und best\u00e4tigte ebenfalls die &#8222;Buy&#8220;-Empfehlung.<\/li>\n\n\n\n<li><strong>Warburg Research<\/strong>\u00a0verbesserte sein Rating auf &#8222;Buy&#8220; und hob das Kursziel von 16,30 \u20ac auf 19,70 \u20ac an.<\/li>\n\n\n\n<li><strong>Berenberg Bank<\/strong>\u00a0bekr\u00e4ftigte ihre &#8222;Buy&#8220;-Einsch\u00e4tzung und passte das Kursziel von 19 \u20ac auf 20 \u20ac an.<\/li>\n<\/ul>\n\n\n\n<p>Die Strategie von TAG Immobilien, das Portfolio in Polen auszubauen, zahlt sich aus. Im Jahr 2024 verkaufte das Unternehmen 1.936 Wohneinheiten in Polen. F\u00fcr das Jahr 2025 plant TAG Immobilien den Verkauf von 2.800 Einheiten mit einem prognostizierten Umsatz von rund 450 Millionen \u20ac, gegen\u00fcber 358 Millionen \u20ac im Jahr 2024.<\/p>\n\n\n\n<p>In Deutschland erzielte TAG Immobilien im Jahr 2024 ein fl\u00e4chenbereinigtes Mietwachstum von 3,0 %, gegen\u00fcber 2,3 % im Vorjahr. Dies wurde durch einen R\u00fcckgang der Wohnungsleerstandsquote von 4 % im Jahr 2023 auf 3,6 % unterst\u00fctzt. Der Verkauf von 1.400 Einheiten generierte einen Umsatz von 143,1 Millionen \u20ac mit einer Bruttorendite von 5 %.<\/p>\n\n\n\n<p>Die Anhebung des Kursziels durch Jefferies unterstreicht das Vertrauen in die strategische Ausrichtung von TAG Immobilien und die g\u00fcnstigen Marktbedingungen im europ\u00e4ischen Wohnimmobilienmarkt. <\/p>\n\n\n<aside class=\"wp-block-related-posts  \" data-sidebar>\n                    \n\n<h2 class=\"wp-block-heading\"  class=\"wp-block-heading\"  id=\"aktien_lernen\">Aktien Lernen<\/h2>\n\n\n        <ul class=\"grid grid-cols-1 md:grid-cols-2 gap-4 lg:grid-cols-1\">\n                            <li class=\"w-full p-3 rounded-lg shadow md:w-full\">\n                    <a href=\"https:\/\/www.asktraders.com\/de\/dax40\/\" class=\"flex\">\n                        <img loading=\"lazy\" decoding=\"async\" width=\"150\" height=\"150\" src=\"https:\/\/www.asktraders.com\/wp-content\/uploads\/2020\/09\/DAX-handeln-150x150.jpg\" class=\"w-1\/3 rounded object-cover  wp-post-image\" alt=\"DAX handeln\" \/>\n                        <div class=\"flex flex-col w-2\/3 pl-3\">\n                                                        <span\n                                class=\"block py-1 grow text-sm font-bold \">DAX 40 heute aktuell | Index, Kurs und Prognose<\/span>\n                                                            <span class=\"text-xs uppercase\">\n                                    Analyst Team\n                                <\/span>\n                                                    <\/div>\n                    <\/a>\n                <\/li>\n                            <li class=\"w-full p-3 rounded-lg shadow md:w-full\">\n                    <a href=\"https:\/\/www.asktraders.com\/learn-to-trade\/stock-trading\/how-to-trade-stocks\/\" class=\"flex\">\n                        <img loading=\"lazy\" decoding=\"async\" width=\"150\" height=\"150\" src=\"https:\/\/www.asktraders.com\/wp-content\/uploads\/2020\/08\/how-to-trade-stocks-01-150x150.jpg\" class=\"w-1\/3 rounded object-cover  wp-post-image\" alt=\"how to trade stocks\" \/>\n                        <div class=\"flex flex-col w-2\/3 pl-3\">\n                                                        <span\n                                class=\"block py-1 grow text-sm font-bold \">How To Trade Stocks &#8211; The Guide For Beginners<\/span>\n                                                            <span class=\"text-xs uppercase\">\n                                    Analyst Team\n                                <\/span>\n                                                    <\/div>\n                    <\/a>\n                <\/li>\n                            <li class=\"w-full p-3 rounded-lg shadow md:w-full\">\n                    <a href=\"https:\/\/www.asktraders.com\/de\/traden-lernen\/trading-ratgeber\/nachhaltige-etf\/\" class=\"flex\">\n                        <img loading=\"lazy\" decoding=\"async\" width=\"150\" height=\"150\" src=\"https:\/\/www.asktraders.com\/wp-content\/uploads\/2020\/08\/Nachhaltige-ETF-150x150.jpg\" class=\"w-1\/3 rounded object-cover  wp-post-image\" alt=\"Nachhaltige ETF\" \/>\n                        <div class=\"flex flex-col w-2\/3 pl-3\">\n                                                        <span\n                                class=\"block py-1 grow text-sm font-bold \">Nachhaltige ETF \u2013 Wo lohnt sich die Investition in \u00d6ko ETFs?<\/span>\n                                                            <span class=\"text-xs uppercase\">\n                                    Nigel Frith\n                                <\/span>\n                                                    <\/div>\n                    <\/a>\n                <\/li>\n                            <li class=\"w-full p-3 rounded-lg shadow md:w-full\">\n                    <a href=\"https:\/\/www.asktraders.com\/de\/traden-lernen\/trading-strategien\/vwap-strategie\/\" class=\"flex\">\n                        <img loading=\"lazy\" decoding=\"async\" width=\"150\" height=\"150\" src=\"https:\/\/www.asktraders.com\/wp-content\/uploads\/2021\/09\/VWAP-Trading-Strategy-Guide-Examples-150x150.jpg\" class=\"w-1\/3 rounded object-cover  wp-post-image\" alt=\"VWAP Trading Strategy Guide &amp; Examples\" \/>\n                        <div class=\"flex flex-col w-2\/3 pl-3\">\n                                                        <span\n                                class=\"block py-1 grow text-sm font-bold \">VWAP Strategie Anwendung &amp; Beispiele<\/span>\n                                                            <span class=\"text-xs uppercase\">\n                                    Analyst Team\n                                <\/span>\n                                                    <\/div>\n                    <\/a>\n                <\/li>\n                            <li class=\"w-full p-3 rounded-lg shadow md:w-full\">\n                    <a href=\"https:\/\/www.asktraders.com\/de\/traden-lernen\/trading-strategien\/was-ist-scalping\/\" class=\"flex\">\n                        <img loading=\"lazy\" decoding=\"async\" width=\"150\" height=\"150\" src=\"https:\/\/www.asktraders.com\/wp-content\/uploads\/2020\/03\/what-is-scalping-150x150.jpg\" class=\"w-1\/3 rounded object-cover  wp-post-image\" alt=\"what is scalping\" \/>\n                        <div class=\"flex flex-col w-2\/3 pl-3\">\n                                                        <span\n                                class=\"block py-1 grow text-sm font-bold \">Was ist Scalping? Strategien, Tipps &amp; Beispiele<\/span>\n                                                            <span class=\"text-xs uppercase\">\n                                    Analyst Team\n                                <\/span>\n                                                    <\/div>\n                    <\/a>\n                <\/li>\n                            <li class=\"w-full p-3 rounded-lg shadow md:w-full\">\n                    <a href=\"https:\/\/www.asktraders.com\/learn-to-trade\/guides\/etoro-analysis-of-trading-signals-sentiment-resources\/\" class=\"flex\">\n                        <img loading=\"lazy\" decoding=\"async\" width=\"150\" height=\"150\" src=\"https:\/\/www.asktraders.com\/wp-content\/uploads\/2022\/12\/eToro-Analysis-of-Trading-Signals-Sentiment-Resources-150x150.jpg\" class=\"w-1\/3 rounded object-cover  wp-post-image\" alt=\"eToro Analysis of Trading Signals &amp; Sentiment Resources\" \/>\n                        <div class=\"flex flex-col w-2\/3 pl-3\">\n                                                        <span\n                                class=\"block py-1 grow text-sm font-bold \">eToro \u2013 Analysis of Trading Signals &amp; Sentiment Resources<\/span>\n                                                            <span class=\"text-xs uppercase\">\n                                    Justin Freeman\n                                <\/span>\n                                                    <\/div>\n                    <\/a>\n                <\/li>\n                    <\/ul>\n            \n    <\/aside>\n\n\n<div class=\"wp-block-top5-broker\" data-sidebar>\n        <div>\n        \n\n<h2 class=\"wp-block-heading\"  class=\"wp-block-heading\"  id=\"\"><\/h2>\n\n\n    <\/div>\n            <div class=\"block bg-white rounded-lg shadow\">\n        <ul\n            class=\"flex flex-wrap w-full -mb-px list-none border-b-2 navTabs \">\n                                                                                                        <\/ul>\n                    <div class=\"navTabContent \" id=\"top5-tab1\">\n                <ol class=\"flex\n                flex-wrap\n                \">\n                                    <\/ol>\n                            <\/div>\n                    <div class=\"navTabContent hidden\" id=\"top5-tab2\">\n                <ol class=\"flex\n                flex-wrap\n                \">\n                                    <\/ol>\n                            <\/div>\n                    <div class=\"navTabContent hidden\" id=\"top5-tab3\">\n                <ol class=\"flex\n                flex-wrap\n                \">\n                                    <\/ol>\n                            <\/div>\n        \n    <\/div>\n    <\/div>\n\n\n<aside class=\"wp-block-related-posts related-posts-latest \" data-sidebar>\n                    \n\n<h2 class=\"wp-block-heading\"  class=\"wp-block-heading\"  id=\"news\">News<\/h2>\n\n\n        <ul class=\"grid grid-cols-1 md:grid-cols-2 gap-4 lg:grid-cols-1\">\n                            <li class=\"w-full p-3 rounded-lg shadow md:w-full\">\n                    <a href=\"https:\/\/www.asktraders.com\/de\/finanznachrichten\/evonik-aktien-erreichen-neues-tief-als-e13-durchbrochen-werden\/\" class=\"flex\">\n                        <img loading=\"lazy\" decoding=\"async\" width=\"150\" height=\"150\" src=\"https:\/\/www.asktraders.com\/wp-content\/uploads\/2023\/05\/evonik-aktie-prognose-150x150.jpg\" class=\"w-1\/3 rounded object-cover  wp-post-image\" alt=\"Evonik Aktie\" \/>\n                        <div class=\"flex flex-col w-2\/3 pl-3\">\n                                                        <span\n                                class=\"block py-1 grow text-sm font-bold \">Evonik Aktien erreichen neues Tief, als \u20ac13 durchbrochen werden<\/span>\n                                                            <span class=\"text-xs uppercase\">\n                                    Analyst Team\n                                <\/span>\n                                                    <\/div>\n                    <\/a>\n                <\/li>\n                            <li class=\"w-full p-3 rounded-lg shadow md:w-full\">\n                    <a href=\"https:\/\/www.asktraders.com\/de\/finanznachrichten\/2g-energy-ag-aktie-erholt-sich-von-unterstuetzung-steigerung-von-10\/\" class=\"flex\">\n                        <img loading=\"lazy\" decoding=\"async\" width=\"150\" height=\"150\" src=\"https:\/\/www.asktraders.com\/wp-content\/uploads\/2025\/08\/power-and-energy-150x150.jpg\" class=\"w-1\/3 rounded object-cover  wp-post-image\" alt=\"Uniper UN0\" \/>\n                        <div class=\"flex flex-col w-2\/3 pl-3\">\n                                                        <span\n                                class=\"block py-1 grow text-sm font-bold \">2G Energy AG Aktie erholt sich von Unterst\u00fctzung \u2013 Steigerung von 10%<\/span>\n                                                            <span class=\"text-xs uppercase\">\n                                    Analyst Team\n                                <\/span>\n                                                    <\/div>\n                    <\/a>\n                <\/li>\n                            <li class=\"w-full p-3 rounded-lg shadow md:w-full\">\n                    <a href=\"https:\/\/www.asktraders.com\/de\/finanznachrichten\/mercedes-benz-aktie-goldman-sachs-initiiert-analystendeckung-mit-positiver-einschaetzung\/\" class=\"flex\">\n                        <img loading=\"lazy\" decoding=\"async\" width=\"150\" height=\"150\" src=\"https:\/\/www.asktraders.com\/wp-content\/uploads\/2023\/06\/aktie-mercedes-150x150.jpg\" class=\"w-1\/3 rounded object-cover  wp-post-image\" alt=\"Mercedes Aktie\" \/>\n                        <div class=\"flex flex-col w-2\/3 pl-3\">\n                                                        <span\n                                class=\"block py-1 grow text-sm font-bold \">Mercedes-Benz Aktie: Goldman Sachs initiiert Analystendeckung mit positiver Einsch\u00e4tzung<\/span>\n                                                            <span class=\"text-xs uppercase\">\n                                    Analyst Team\n                                <\/span>\n                                                    <\/div>\n                    <\/a>\n                <\/li>\n                            <li class=\"w-full p-3 rounded-lg shadow md:w-full\">\n                    <a href=\"https:\/\/www.asktraders.com\/de\/finanznachrichten\/dax-aktien-erholen-sich-nach-nvidia-beben-maerkte-atmen-auf\/\" class=\"flex\">\n                        <img loading=\"lazy\" decoding=\"async\" width=\"150\" height=\"150\" src=\"https:\/\/www.asktraders.com\/wp-content\/uploads\/2023\/04\/dax-handeln-150x150.jpg\" class=\"w-1\/3 rounded object-cover  wp-post-image\" alt=\"\" \/>\n                        <div class=\"flex flex-col w-2\/3 pl-3\">\n                                                        <span\n                                class=\"block py-1 grow text-sm font-bold \">DAX-Aktien erholen sich nach Nvidia-Beben: M\u00e4rkte atmen auf<\/span>\n                                                            <span class=\"text-xs uppercase\">\n                                    Analyst Team\n                                <\/span>\n                                                    <\/div>\n                    <\/a>\n                <\/li>\n                            <li class=\"w-full p-3 rounded-lg shadow md:w-full\">\n                    <a href=\"https:\/\/www.asktraders.com\/de\/finanznachrichten\/rheinmetall-aktien-finden-unterstuetzung-bei-1-600-e-wie-geht-es-weiter\/\" class=\"flex\">\n                        <img loading=\"lazy\" decoding=\"async\" width=\"150\" height=\"150\" src=\"https:\/\/www.asktraders.com\/wp-content\/uploads\/2022\/11\/Die-Rheinmetall-Aktie-im-Chart-150x150.jpg\" class=\"w-1\/3 rounded object-cover  wp-post-image\" alt=\"Die Rheinmetall Aktie im Chart\" \/>\n                        <div class=\"flex flex-col w-2\/3 pl-3\">\n                                                        <span\n                                class=\"block py-1 grow text-sm font-bold \">Rheinmetall-Aktien finden Unterst\u00fctzung bei 1.600 \u20ac \u2013 Wie geht es weiter?<\/span>\n                                                            <span class=\"text-xs uppercase\">\n                                    Analyst Team\n                                <\/span>\n                                                    <\/div>\n                    <\/a>\n                <\/li>\n                    <\/ul>\n            \n    <\/aside>\n","protected":false},"author":873,"featured_media":77037,"comment_status":"closed","ping_status":"closed","template":"","news_cluster":[],"tradingcategory":[58519],"class_list":["post-235397","news","type-news","status-publish","has-post-thumbnail","hentry","tradingcategory-news-de"],"acf":[],"apple_news_notices":[],"yoast_head":"<!-- This site is optimized with the Yoast SEO plugin v27.2 - https:\/\/yoast.com\/product\/yoast-seo-wordpress\/ -->\n<title>TAG Immobilien Aktie: Jefferies passt Kursziel auf 18 \u20ac an \u2013 Fundamentaldaten im Fokus | AskTraders.com %<\/title>\n<meta name=\"description\" content=\"Die Aktie von TAG Immobilien (ETR: TEG) erf\u00e4hrt R\u00fcckenwind durch eine positive Neubewertung von Jefferies, die das Kursziel von 16,50 \u20ac auf 18 \u20ac anhob.\" \/>\n<meta name=\"robots\" content=\"index, follow, max-snippet:-1, max-image-preview:large, max-video-preview:-1\" \/>\n<link rel=\"canonical\" href=\"https:\/\/www.asktraders.com\/de\/finanznachrichten\/tag-immobilien-aktie-jefferies-passt-kursziel-auf-18-e-an-fundamentaldaten-im-fokus\/\" \/>\n<meta property=\"og:locale\" content=\"de_DE\" \/>\n<meta property=\"og:type\" content=\"article\" \/>\n<meta property=\"og:title\" content=\"TAG Immobilien Aktie: Jefferies passt Kursziel auf 18 \u20ac an \u2013 Fundamentaldaten im Fokus | AskTraders.com %\" \/>\n<meta property=\"og:description\" content=\"Die Aktie von TAG Immobilien (ETR: TEG) erf\u00e4hrt R\u00fcckenwind durch eine positive Neubewertung von Jefferies, die das Kursziel von 16,50 \u20ac auf 18 \u20ac anhob.\" \/>\n<meta property=\"og:url\" content=\"https:\/\/www.asktraders.com\/de\/finanznachrichten\/tag-immobilien-aktie-jefferies-passt-kursziel-auf-18-e-an-fundamentaldaten-im-fokus\/\" \/>\n<meta property=\"og:site_name\" content=\"AskTraders.com\" \/>\n<meta property=\"article:publisher\" content=\"https:\/\/www.facebook.com\/asktraderscom\" \/>\n<meta property=\"article:modified_time\" content=\"2025-09-08T08:54:56+00:00\" \/>\n<meta property=\"og:image\" content=\"https:\/\/www.asktraders.com\/wp-content\/uploads\/2020\/05\/119327857_m.jpg\" \/>\n\t<meta property=\"og:image:width\" content=\"1000\" \/>\n\t<meta property=\"og:image:height\" content=\"663\" \/>\n\t<meta property=\"og:image:type\" content=\"image\/jpeg\" \/>\n<meta name=\"twitter:card\" content=\"summary_large_image\" \/>\n<meta name=\"twitter:site\" content=\"@Asktraders1\" \/>\n<meta name=\"twitter:label1\" content=\"Gesch\u00e4tzte Lesezeit\" \/>\n\t<meta name=\"twitter:data1\" content=\"2 Minuten\" \/>\n<script type=\"application\/ld+json\" class=\"yoast-schema-graph\">{\"@context\":\"https:\/\/schema.org\",\"@graph\":[{\"@type\":\"NewsArticle\",\"@id\":\"https:\/\/www.asktraders.com\/de\/finanznachrichten\/tag-immobilien-aktie-jefferies-passt-kursziel-auf-18-e-an-fundamentaldaten-im-fokus\/#article\",\"isPartOf\":{\"@id\":\"https:\/\/www.asktraders.com\/de\/finanznachrichten\/tag-immobilien-aktie-jefferies-passt-kursziel-auf-18-e-an-fundamentaldaten-im-fokus\/\"},\"author\":{\"name\":\"Asktraders News Team\",\"@id\":\"https:\/\/www.asktraders.com\/de\/#\/schema\/person\/a9018e69daa9a7bd7a92bab40944424f\",\"url\":\"https:\/\/www.asktraders.com\/de\/author\/asktraders-news-team\/\"},\"headline\":\"TAG Immobilien Aktie: Jefferies passt Kursziel auf 18 \u20ac an \u2013 Fundamentaldaten im Fokus\",\"datePublished\":\"2025-09-08T08:54:53+00:00\",\"dateModified\":\"2025-09-08T08:54:56+00:00\",\"mainEntityOfPage\":{\"@id\":\"https:\/\/www.asktraders.com\/de\/finanznachrichten\/tag-immobilien-aktie-jefferies-passt-kursziel-auf-18-e-an-fundamentaldaten-im-fokus\/\"},\"wordCount\":478,\"publisher\":{\"@id\":\"https:\/\/www.asktraders.com\/de\/#organization\"},\"image\":{\"@id\":\"https:\/\/www.asktraders.com\/de\/finanznachrichten\/tag-immobilien-aktie-jefferies-passt-kursziel-auf-18-e-an-fundamentaldaten-im-fokus\/#primaryimage\"},\"thumbnailUrl\":\"https:\/\/www.asktraders.com\/wp-content\/uploads\/2020\/05\/119327857_m.jpg\",\"inLanguage\":\"de-DE\"},{\"@type\":\"WebPage\",\"@id\":\"https:\/\/www.asktraders.com\/de\/finanznachrichten\/tag-immobilien-aktie-jefferies-passt-kursziel-auf-18-e-an-fundamentaldaten-im-fokus\/\",\"url\":\"https:\/\/www.asktraders.com\/de\/finanznachrichten\/tag-immobilien-aktie-jefferies-passt-kursziel-auf-18-e-an-fundamentaldaten-im-fokus\/\",\"name\":\"TAG Immobilien Aktie: Jefferies passt Kursziel auf 18 \u20ac an \u2013 Fundamentaldaten im Fokus | AskTraders.com %\",\"isPartOf\":{\"@id\":\"https:\/\/www.asktraders.com\/de\/#website\"},\"primaryImageOfPage\":{\"@id\":\"https:\/\/www.asktraders.com\/de\/finanznachrichten\/tag-immobilien-aktie-jefferies-passt-kursziel-auf-18-e-an-fundamentaldaten-im-fokus\/#primaryimage\"},\"image\":{\"@id\":\"https:\/\/www.asktraders.com\/de\/finanznachrichten\/tag-immobilien-aktie-jefferies-passt-kursziel-auf-18-e-an-fundamentaldaten-im-fokus\/#primaryimage\"},\"thumbnailUrl\":\"https:\/\/www.asktraders.com\/wp-content\/uploads\/2020\/05\/119327857_m.jpg\",\"datePublished\":\"2025-09-08T08:54:53+00:00\",\"dateModified\":\"2025-09-08T08:54:56+00:00\",\"description\":\"Die Aktie von TAG Immobilien (ETR: TEG) erf\u00e4hrt R\u00fcckenwind durch eine positive Neubewertung von Jefferies, die das Kursziel von 16,50 \u20ac auf 18 \u20ac anhob.\",\"breadcrumb\":{\"@id\":\"https:\/\/www.asktraders.com\/de\/finanznachrichten\/tag-immobilien-aktie-jefferies-passt-kursziel-auf-18-e-an-fundamentaldaten-im-fokus\/#breadcrumb\"},\"inLanguage\":\"de-DE\",\"potentialAction\":[{\"@type\":\"ReadAction\",\"target\":[\"https:\/\/www.asktraders.com\/de\/finanznachrichten\/tag-immobilien-aktie-jefferies-passt-kursziel-auf-18-e-an-fundamentaldaten-im-fokus\/\"]}]},{\"@type\":\"ImageObject\",\"inLanguage\":\"de-DE\",\"@id\":\"https:\/\/www.asktraders.com\/de\/finanznachrichten\/tag-immobilien-aktie-jefferies-passt-kursziel-auf-18-e-an-fundamentaldaten-im-fokus\/#primaryimage\",\"url\":\"https:\/\/www.asktraders.com\/wp-content\/uploads\/2020\/05\/119327857_m.jpg\",\"contentUrl\":\"https:\/\/www.asktraders.com\/wp-content\/uploads\/2020\/05\/119327857_m.jpg\",\"width\":1000,\"height\":663,\"caption\":\"Housing - a close look\"},{\"@type\":\"BreadcrumbList\",\"@id\":\"https:\/\/www.asktraders.com\/de\/finanznachrichten\/tag-immobilien-aktie-jefferies-passt-kursziel-auf-18-e-an-fundamentaldaten-im-fokus\/#breadcrumb\",\"itemListElement\":[{\"@type\":\"ListItem\",\"position\":1,\"name\":\"Home\",\"item\":\"https:\/\/www.asktraders.com\/de\/\"},{\"@type\":\"ListItem\",\"position\":2,\"name\":\"News\",\"item\":\"https:\/\/www.asktraders.com\/de\/finanznachrichten\/\"},{\"@type\":\"ListItem\",\"position\":3,\"name\":\"TAG Immobilien Aktie: Jefferies passt Kursziel auf 18 \u20ac an \u2013 Fundamentaldaten im Fokus\"}]},{\"@type\":\"WebSite\",\"@id\":\"https:\/\/www.asktraders.com\/de\/#website\",\"url\":\"https:\/\/www.asktraders.com\/de\/\",\"name\":\"AskTraders\",\"description\":\"Guiding You To Trading Success\",\"publisher\":{\"@id\":\"https:\/\/www.asktraders.com\/de\/#organization\"},\"inLanguage\":\"de-DE\"},{\"@type\":\"Organization\",\"@id\":\"https:\/\/www.asktraders.com\/de\/#organization\",\"name\":\"AskTraders\",\"url\":\"https:\/\/www.asktraders.com\/de\/\",\"logo\":{\"@type\":\"ImageObject\",\"inLanguage\":\"de-DE\",\"@id\":\"https:\/\/www.asktraders.com\/de\/#\/schema\/logo\/image\/\",\"url\":\"https:\/\/www.asktraders.com\/wp-content\/uploads\/2019\/05\/asktraders-logo-tm-white.png\",\"contentUrl\":\"https:\/\/www.asktraders.com\/wp-content\/uploads\/2019\/05\/asktraders-logo-tm-white.png\",\"width\":232,\"height\":38,\"caption\":\"AskTraders\"},\"image\":{\"@id\":\"https:\/\/www.asktraders.com\/de\/#\/schema\/logo\/image\/\"},\"sameAs\":[\"https:\/\/www.facebook.com\/asktraderscom\",\"https:\/\/x.com\/Asktraders1\"]},{\"@type\":\"Person\",\"@id\":\"https:\/\/www.asktraders.com\/de\/#\/schema\/person\/a9018e69daa9a7bd7a92bab40944424f\",\"name\":\"Asktraders News Team\",\"image\":{\"@type\":\"ImageObject\",\"inLanguage\":\"de-DE\",\"@id\":\"https:\/\/secure.gravatar.com\/avatar\/4adf30b4bdba8095517be51a6d33eac85d275459c6da979b73dabd753924f280?s=96&d=mm&r=g\",\"url\":\"https:\/\/secure.gravatar.com\/avatar\/4adf30b4bdba8095517be51a6d33eac85d275459c6da979b73dabd753924f280?s=96&d=mm&r=g\",\"contentUrl\":\"https:\/\/secure.gravatar.com\/avatar\/4adf30b4bdba8095517be51a6d33eac85d275459c6da979b73dabd753924f280?s=96&d=mm&r=g\",\"caption\":\"Asktraders News Team\"}}]}<\/script>\n<!-- \/ Yoast SEO plugin. -->","yoast_head_json":{"title":"TAG Immobilien Aktie: Jefferies passt Kursziel auf 18 \u20ac an \u2013 Fundamentaldaten im Fokus | AskTraders.com %","description":"Die Aktie von TAG Immobilien (ETR: TEG) erf\u00e4hrt R\u00fcckenwind durch eine positive Neubewertung von Jefferies, die das Kursziel von 16,50 \u20ac auf 18 \u20ac anhob.","robots":{"index":"index","follow":"follow","max-snippet":"max-snippet:-1","max-image-preview":"max-image-preview:large","max-video-preview":"max-video-preview:-1"},"canonical":"https:\/\/www.asktraders.com\/de\/finanznachrichten\/tag-immobilien-aktie-jefferies-passt-kursziel-auf-18-e-an-fundamentaldaten-im-fokus\/","og_locale":"de_DE","og_type":"article","og_title":"TAG Immobilien Aktie: Jefferies passt Kursziel auf 18 \u20ac an \u2013 Fundamentaldaten im Fokus | AskTraders.com %","og_description":"Die Aktie von TAG Immobilien (ETR: TEG) erf\u00e4hrt R\u00fcckenwind durch eine positive Neubewertung von Jefferies, die das Kursziel von 16,50 \u20ac auf 18 \u20ac anhob.","og_url":"https:\/\/www.asktraders.com\/de\/finanznachrichten\/tag-immobilien-aktie-jefferies-passt-kursziel-auf-18-e-an-fundamentaldaten-im-fokus\/","og_site_name":"AskTraders.com","article_publisher":"https:\/\/www.facebook.com\/asktraderscom","article_modified_time":"2025-09-08T08:54:56+00:00","og_image":[{"width":1000,"height":663,"url":"https:\/\/www.asktraders.com\/wp-content\/uploads\/2020\/05\/119327857_m.jpg","type":"image\/jpeg"}],"twitter_card":"summary_large_image","twitter_site":"@Asktraders1","twitter_misc":{"Gesch\u00e4tzte Lesezeit":"2 Minuten"},"schema":{"@context":"https:\/\/schema.org","@graph":[{"@type":"NewsArticle","@id":"https:\/\/www.asktraders.com\/de\/finanznachrichten\/tag-immobilien-aktie-jefferies-passt-kursziel-auf-18-e-an-fundamentaldaten-im-fokus\/#article","isPartOf":{"@id":"https:\/\/www.asktraders.com\/de\/finanznachrichten\/tag-immobilien-aktie-jefferies-passt-kursziel-auf-18-e-an-fundamentaldaten-im-fokus\/"},"author":{"name":"Asktraders News Team","@id":"https:\/\/www.asktraders.com\/de\/#\/schema\/person\/a9018e69daa9a7bd7a92bab40944424f","url":"https:\/\/www.asktraders.com\/de\/author\/asktraders-news-team\/"},"headline":"TAG Immobilien Aktie: Jefferies passt Kursziel auf 18 \u20ac an \u2013 Fundamentaldaten im Fokus","datePublished":"2025-09-08T08:54:53+00:00","dateModified":"2025-09-08T08:54:56+00:00","mainEntityOfPage":{"@id":"https:\/\/www.asktraders.com\/de\/finanznachrichten\/tag-immobilien-aktie-jefferies-passt-kursziel-auf-18-e-an-fundamentaldaten-im-fokus\/"},"wordCount":478,"publisher":{"@id":"https:\/\/www.asktraders.com\/de\/#organization"},"image":{"@id":"https:\/\/www.asktraders.com\/de\/finanznachrichten\/tag-immobilien-aktie-jefferies-passt-kursziel-auf-18-e-an-fundamentaldaten-im-fokus\/#primaryimage"},"thumbnailUrl":"https:\/\/www.asktraders.com\/wp-content\/uploads\/2020\/05\/119327857_m.jpg","inLanguage":"de-DE"},{"@type":"WebPage","@id":"https:\/\/www.asktraders.com\/de\/finanznachrichten\/tag-immobilien-aktie-jefferies-passt-kursziel-auf-18-e-an-fundamentaldaten-im-fokus\/","url":"https:\/\/www.asktraders.com\/de\/finanznachrichten\/tag-immobilien-aktie-jefferies-passt-kursziel-auf-18-e-an-fundamentaldaten-im-fokus\/","name":"TAG Immobilien Aktie: Jefferies passt Kursziel auf 18 \u20ac an \u2013 Fundamentaldaten im Fokus | AskTraders.com %","isPartOf":{"@id":"https:\/\/www.asktraders.com\/de\/#website"},"primaryImageOfPage":{"@id":"https:\/\/www.asktraders.com\/de\/finanznachrichten\/tag-immobilien-aktie-jefferies-passt-kursziel-auf-18-e-an-fundamentaldaten-im-fokus\/#primaryimage"},"image":{"@id":"https:\/\/www.asktraders.com\/de\/finanznachrichten\/tag-immobilien-aktie-jefferies-passt-kursziel-auf-18-e-an-fundamentaldaten-im-fokus\/#primaryimage"},"thumbnailUrl":"https:\/\/www.asktraders.com\/wp-content\/uploads\/2020\/05\/119327857_m.jpg","datePublished":"2025-09-08T08:54:53+00:00","dateModified":"2025-09-08T08:54:56+00:00","description":"Die Aktie von TAG Immobilien (ETR: TEG) erf\u00e4hrt R\u00fcckenwind durch eine positive Neubewertung von Jefferies, die das Kursziel von 16,50 \u20ac auf 18 \u20ac anhob.","breadcrumb":{"@id":"https:\/\/www.asktraders.com\/de\/finanznachrichten\/tag-immobilien-aktie-jefferies-passt-kursziel-auf-18-e-an-fundamentaldaten-im-fokus\/#breadcrumb"},"inLanguage":"de-DE","potentialAction":[{"@type":"ReadAction","target":["https:\/\/www.asktraders.com\/de\/finanznachrichten\/tag-immobilien-aktie-jefferies-passt-kursziel-auf-18-e-an-fundamentaldaten-im-fokus\/"]}]},{"@type":"ImageObject","inLanguage":"de-DE","@id":"https:\/\/www.asktraders.com\/de\/finanznachrichten\/tag-immobilien-aktie-jefferies-passt-kursziel-auf-18-e-an-fundamentaldaten-im-fokus\/#primaryimage","url":"https:\/\/www.asktraders.com\/wp-content\/uploads\/2020\/05\/119327857_m.jpg","contentUrl":"https:\/\/www.asktraders.com\/wp-content\/uploads\/2020\/05\/119327857_m.jpg","width":1000,"height":663,"caption":"Housing - a close look"},{"@type":"BreadcrumbList","@id":"https:\/\/www.asktraders.com\/de\/finanznachrichten\/tag-immobilien-aktie-jefferies-passt-kursziel-auf-18-e-an-fundamentaldaten-im-fokus\/#breadcrumb","itemListElement":[{"@type":"ListItem","position":1,"name":"Home","item":"https:\/\/www.asktraders.com\/de\/"},{"@type":"ListItem","position":2,"name":"News","item":"https:\/\/www.asktraders.com\/de\/finanznachrichten\/"},{"@type":"ListItem","position":3,"name":"TAG Immobilien Aktie: Jefferies passt Kursziel auf 18 \u20ac an \u2013 Fundamentaldaten im Fokus"}]},{"@type":"WebSite","@id":"https:\/\/www.asktraders.com\/de\/#website","url":"https:\/\/www.asktraders.com\/de\/","name":"AskTraders","description":"Guiding You To Trading Success","publisher":{"@id":"https:\/\/www.asktraders.com\/de\/#organization"},"inLanguage":"de-DE"},{"@type":"Organization","@id":"https:\/\/www.asktraders.com\/de\/#organization","name":"AskTraders","url":"https:\/\/www.asktraders.com\/de\/","logo":{"@type":"ImageObject","inLanguage":"de-DE","@id":"https:\/\/www.asktraders.com\/de\/#\/schema\/logo\/image\/","url":"https:\/\/www.asktraders.com\/wp-content\/uploads\/2019\/05\/asktraders-logo-tm-white.png","contentUrl":"https:\/\/www.asktraders.com\/wp-content\/uploads\/2019\/05\/asktraders-logo-tm-white.png","width":232,"height":38,"caption":"AskTraders"},"image":{"@id":"https:\/\/www.asktraders.com\/de\/#\/schema\/logo\/image\/"},"sameAs":["https:\/\/www.facebook.com\/asktraderscom","https:\/\/x.com\/Asktraders1"]},{"@type":"Person","@id":"https:\/\/www.asktraders.com\/de\/#\/schema\/person\/a9018e69daa9a7bd7a92bab40944424f","name":"Asktraders News Team","image":{"@type":"ImageObject","inLanguage":"de-DE","@id":"https:\/\/secure.gravatar.com\/avatar\/4adf30b4bdba8095517be51a6d33eac85d275459c6da979b73dabd753924f280?s=96&d=mm&r=g","url":"https:\/\/secure.gravatar.com\/avatar\/4adf30b4bdba8095517be51a6d33eac85d275459c6da979b73dabd753924f280?s=96&d=mm&r=g","contentUrl":"https:\/\/secure.gravatar.com\/avatar\/4adf30b4bdba8095517be51a6d33eac85d275459c6da979b73dabd753924f280?s=96&d=mm&r=g","caption":"Asktraders News Team"}}]}},"_links":{"self":[{"href":"https:\/\/www.asktraders.com\/de\/wp-json\/wp\/v2\/news\/235397","targetHints":{"allow":["GET"]}}],"collection":[{"href":"https:\/\/www.asktraders.com\/de\/wp-json\/wp\/v2\/news"}],"about":[{"href":"https:\/\/www.asktraders.com\/de\/wp-json\/wp\/v2\/types\/news"}],"author":[{"embeddable":true,"href":"https:\/\/www.asktraders.com\/de\/wp-json\/wp\/v2\/users\/873"}],"replies":[{"embeddable":true,"href":"https:\/\/www.asktraders.com\/de\/wp-json\/wp\/v2\/comments?post=235397"}],"version-history":[{"count":0,"href":"https:\/\/www.asktraders.com\/de\/wp-json\/wp\/v2\/news\/235397\/revisions"}],"wp:featuredmedia":[{"embeddable":true,"href":"https:\/\/www.asktraders.com\/de\/wp-json\/wp\/v2\/media\/77037"}],"wp:attachment":[{"href":"https:\/\/www.asktraders.com\/de\/wp-json\/wp\/v2\/media?parent=235397"}],"wp:term":[{"taxonomy":"news_cluster","embeddable":true,"href":"https:\/\/www.asktraders.com\/de\/wp-json\/wp\/v2\/news_cluster?post=235397"},{"taxonomy":"tradingcategory","embeddable":true,"href":"https:\/\/www.asktraders.com\/de\/wp-json\/wp\/v2\/tradingcategory?post=235397"}],"curies":[{"name":"wp","href":"https:\/\/api.w.org\/{rel}","templated":true}]}}