{"id":235780,"date":"2025-09-11T08:38:02","date_gmt":"2025-09-11T07:38:02","guid":{"rendered":"https:\/\/www.asktraders.com\/?post_type=news&#038;p=235780"},"modified":"2025-09-11T08:38:06","modified_gmt":"2025-09-11T07:38:06","slug":"basf-aktie-citi-hebt-bewertung-an-und-erwartet-nachfrageerholung-ab-2026","status":"publish","type":"news","link":"https:\/\/www.asktraders.com\/de\/finanznachrichten\/basf-aktie-citi-hebt-bewertung-an-und-erwartet-nachfrageerholung-ab-2026\/","title":{"rendered":"BASF-Aktie: Citi hebt Bewertung an und erwartet Nachfrageerholung ab 2026"},"content":{"rendered":"\n<p>Die Aktie der BASF SE (ETR: BAS) erlebte eine positive Kursbewegung, nachdem Citi eine Aufwertung von &#8222;Neutral&#8220; auf &#8222;Kaufen&#8220; mit einem erh\u00f6hten Kursziel von 52 Euro (vorher 44 Euro) ausgesprochen hatte. Diese Neubewertung basiert auf der Erwartung einer Erholung der chemischen Nachfrage in Europa ab dem Jahr 2026.<\/p>\n\n\n\n<p>Die Citi-Analysten begr\u00fcnden ihre optimistische Einsch\u00e4tzung damit, dass BASF aufgrund ihrer breiten Marktabdeckung \u00fcberproportional von der erwarteten Nachfragebelebung profitieren werde. Aktuell notiert die Aktie bei 43,45 Euro, was einem Kursplus von 2,33 % seit Jahresbeginn entspricht. Die Aufwertung durch Citi k\u00f6nnte weiteres Aufw\u00e4rtspotenzial freisetzen.<\/p>\n\n\n\n<stock-market-widget type=\"chart\" template=\"candlestick\" assets=\"BAS.DE\" range=\"1y\" interval=\"1d\" price_field=\"close\" heading=\"BAS.DE\" candle_border_width=\"1\" candle_bullish_background_color=\"#21BA45\" candle_bearish_background_color=\"#DB2828\" candle_bullish_border_color=\"#21BA45\" candle_bearish_border_color=\"#DB2828\" axes_color=\"#000000\" tooltip_text_color=\"#262626\" tooltip_background_color=\"#FFFFFF\" range_selector=\"true\" volume_enabled=\"false\" axes_enabled=\"true\" tooltip_enabled=\"true\" zoom_enabled=\"true\" save_image_enabled=\"true\" cursor_enabled=\"true\" api=\"yahoo-finance\"><\/stock-market-widget>\n\n\n\n<stock-market-widget type=\"table-quotes\" template=\"basic\" assets=\"BAS.DE\" fields=\"price,market_cap,pe_ratio,52_week_range\" display_header=\"true\" display_chart=\"false\" search=\"false\" pagination=\"false\" scroll=\"false\" rows_per_page=\"5\" sort_direction=\"asc\" alignment=\"left\" realtime=\"true\" api=\"yahoo-finance\"><\/stock-market-widget>\n\n\n\n<p>Allerdings stehen dem Chemiekonzern auch Herausforderungen bevor. Die Einf\u00fchrung von US-Z\u00f6llen in H\u00f6he von 15 % auf EU-Waren belastet die gesamte europ\u00e4ische Chemieindustrie, einschlie\u00dflich BASF. Diese Z\u00f6lle beeintr\u00e4chtigen wichtige Abnehmerbranchen wie die Automobil- und Konsumg\u00fcterindustrie. <\/p>\n\n\n\n<p>Obwohl gr\u00f6\u00dfere Unternehmen wie BASF durch ihre Pr\u00e4senz in den USA einen gewissen Schutz genie\u00dfen, hat die allgemeine Verlangsamung des Wirtschaftswachstums zu einer Revision der Gewinnaussichten gef\u00fchrt.<\/p>\n\n\n\n<p>Als Reaktion auf diese Entwicklungen hatte BASF im Juli 2025 ihre Finanzprognose f\u00fcr das Gesamtjahr nach unten korrigiert. Das Unternehmen erwartet nun ein Ergebnis vor Zinsen, Steuern und Abschreibungen (EBITDA) vor Sondereinfl\u00fcssen zwischen 7,3 und 7,7 Milliarden Euro, im Vergleich zu einer fr\u00fcheren Sch\u00e4tzung von 8,0 bis 8,4 Milliarden Euro. <\/p>\n\n\n\n<p>Diese Anpassung spiegelt ein geringeres Wachstum des globalen Bruttoinlandsprodukts und eine vorsichtigere Bestellpolitik der Kunden wider. BASF wies zudem auf einen schw\u00e4cheren Anstieg der Nachfrage nach ihren chemischen Produkten hin, was auf die sich abschw\u00e4chende Weltwirtschaft und die Unsicherheiten aufgrund der US-Zollpolitik zur\u00fcckzuf\u00fchren ist.<\/p>\n\n\n\n<p>Zus\u00e4tzlich zu den wirtschaftlichen Herausforderungen sieht sich BASF auch mit rechtlichen Auseinandersetzungen konfrontiert. Im April 2025 reichte das Unternehmen eine Klage gegen Duracell wegen angeblichen Diebstahls von Gesch\u00e4ftsgeheimnissen im Zusammenhang mit seiner Lithium-Ionen-Batterietechnologie ein. BASF fordert Schadenersatz f\u00fcr die vermeintlichen Sch\u00e4den.<\/p>\n\n\n\n<p>Um diesen Herausforderungen zu begegnen, hat BASF zus\u00e4tzliche Kostensenkungsma\u00dfnahmen eingeleitet. Am Standort Ludwigshafen sollen weitere Einsparungen in H\u00f6he von 1 Milliarde Euro erzielt werden, wodurch sich die erwarteten j\u00e4hrlichen Einsparungen bis 2026 auf insgesamt 2,1 Milliarden Euro belaufen. Im Zuge dieser Ma\u00dfnahmen plant das Unternehmen den Abbau von rund 2.600 Stellen, was zu j\u00e4hrlichen Einsparungen von \u00fcber 500 Millionen Euro f\u00fchren soll. <\/p>\n\n\n\n<p>Betroffen sind Bereiche wie Service, operative T\u00e4tigkeiten, Forschung und die Hauptverwaltung. Die Umsetzung dieser Ma\u00dfnahmen erstreckt sich \u00fcber das laufende und das kommende Jahr und umfasst auch die Schlie\u00dfung mehrerer Anlagen in Ludwigshafen, was etwa 700 Arbeitspl\u00e4tze in der Produktion betrifft.<\/p>\n\n\n\n<p>Dar\u00fcber hinaus hat BASF die Pl\u00e4ne f\u00fcr eine Investition in H\u00f6he von 500 Millionen Euro in eine neue Recyclinganlage f\u00fcr Batterien von Elektrofahrzeugen in Tarragona, Spanien, aufgeschoben. Die Entscheidung wurde mit dem langsameren Fortschritt bei der Elektrifizierung des Automobilmarktes begr\u00fcndet, was die Rentabilit\u00e4t des Projekts beeintr\u00e4chtigt.<\/p>\n\n\n\n<p>Die Analystenmeinungen zur BASF-Aktie sind geteilt. W\u00e4hrend Citi eine Aufwertung vornahm, bleiben andere Experten vorsichtig. Die Entwicklung der Weltwirtschaft, die Auswirkungen der US-Zollpolitik und die Umsetzung der eingeleiteten Kostensenkungsma\u00dfnahmen werden die weitere Kursentwicklung der BASF-Aktie ma\u00dfgeblich beeinflussen. Die Erwartung einer Nachfragebelebung im Jahr 2026 k\u00f6nnte jedoch langfristig f\u00fcr positive Impulse sorgen, was die heutige Kursbewegung verdeutlicht und die zuk\u00fcnftige Stimmung positiv beeinflussen k\u00f6nnte.<\/p>\n\n\n<aside class=\"wp-block-related-posts  \" data-sidebar>\n                    \n\n<h2 class=\"wp-block-heading\"  class=\"wp-block-heading\"  id=\"aktien_lernen\">Aktien Lernen<\/h2>\n\n\n        <ul class=\"grid grid-cols-1 md:grid-cols-2 gap-4 lg:grid-cols-1\">\n                            <li class=\"w-full p-3 rounded-lg shadow md:w-full\">\n                    <a href=\"https:\/\/www.asktraders.com\/de\/dax40\/\" class=\"flex\">\n                        <img loading=\"lazy\" decoding=\"async\" width=\"150\" height=\"150\" src=\"https:\/\/www.asktraders.com\/wp-content\/uploads\/2020\/09\/DAX-handeln-150x150.jpg\" class=\"w-1\/3 rounded object-cover  wp-post-image\" alt=\"DAX handeln\" \/>\n                        <div class=\"flex flex-col w-2\/3 pl-3\">\n                                                        <span\n                                class=\"block py-1 grow text-sm font-bold \">DAX 40 heute aktuell | Index, Kurs und Prognose<\/span>\n                                                            <span class=\"text-xs uppercase\">\n                                    Analyst Team\n                                <\/span>\n                                                    <\/div>\n                    <\/a>\n                <\/li>\n                            <li class=\"w-full p-3 rounded-lg shadow md:w-full\">\n                    <a href=\"https:\/\/www.asktraders.com\/learn-to-trade\/stock-trading\/how-to-trade-stocks\/\" class=\"flex\">\n                        <img loading=\"lazy\" decoding=\"async\" width=\"150\" height=\"150\" src=\"https:\/\/www.asktraders.com\/wp-content\/uploads\/2020\/08\/how-to-trade-stocks-01-150x150.jpg\" class=\"w-1\/3 rounded object-cover  wp-post-image\" alt=\"how to trade stocks\" \/>\n                        <div class=\"flex flex-col w-2\/3 pl-3\">\n                                                        <span\n                                class=\"block py-1 grow text-sm font-bold \">How To Trade Stocks &#8211; The Guide For Beginners<\/span>\n                                                            <span class=\"text-xs uppercase\">\n                                    Analyst Team\n                                <\/span>\n                                                    <\/div>\n                    <\/a>\n                <\/li>\n                            <li class=\"w-full p-3 rounded-lg shadow md:w-full\">\n                    <a href=\"https:\/\/www.asktraders.com\/de\/traden-lernen\/trading-ratgeber\/nachhaltige-etf\/\" class=\"flex\">\n                        <img loading=\"lazy\" decoding=\"async\" width=\"150\" height=\"150\" src=\"https:\/\/www.asktraders.com\/wp-content\/uploads\/2020\/08\/Nachhaltige-ETF-150x150.jpg\" class=\"w-1\/3 rounded object-cover  wp-post-image\" alt=\"Nachhaltige ETF\" \/>\n                        <div class=\"flex flex-col w-2\/3 pl-3\">\n                                                        <span\n                                class=\"block py-1 grow text-sm font-bold \">Nachhaltige ETF \u2013 Wo lohnt sich die Investition in \u00d6ko ETFs?<\/span>\n                                                            <span class=\"text-xs uppercase\">\n                                    Nigel Frith\n                                <\/span>\n                                                    <\/div>\n                    <\/a>\n                <\/li>\n                            <li class=\"w-full p-3 rounded-lg shadow md:w-full\">\n                    <a href=\"https:\/\/www.asktraders.com\/de\/traden-lernen\/trading-strategien\/vwap-strategie\/\" class=\"flex\">\n                        <img loading=\"lazy\" decoding=\"async\" width=\"150\" height=\"150\" src=\"https:\/\/www.asktraders.com\/wp-content\/uploads\/2021\/09\/VWAP-Trading-Strategy-Guide-Examples-150x150.jpg\" class=\"w-1\/3 rounded object-cover  wp-post-image\" alt=\"VWAP Trading Strategy Guide &amp; Examples\" \/>\n                        <div class=\"flex flex-col w-2\/3 pl-3\">\n                                                        <span\n                                class=\"block py-1 grow text-sm font-bold \">VWAP Strategie Anwendung &amp; Beispiele<\/span>\n                                                            <span class=\"text-xs uppercase\">\n                                    Analyst Team\n                                <\/span>\n                                                    <\/div>\n                    <\/a>\n                <\/li>\n                            <li class=\"w-full p-3 rounded-lg shadow md:w-full\">\n                    <a href=\"https:\/\/www.asktraders.com\/de\/traden-lernen\/trading-strategien\/was-ist-scalping\/\" class=\"flex\">\n                        <img loading=\"lazy\" decoding=\"async\" width=\"150\" height=\"150\" src=\"https:\/\/www.asktraders.com\/wp-content\/uploads\/2020\/03\/what-is-scalping-150x150.jpg\" class=\"w-1\/3 rounded object-cover  wp-post-image\" alt=\"what is scalping\" \/>\n                        <div class=\"flex flex-col w-2\/3 pl-3\">\n                                                        <span\n                                class=\"block py-1 grow text-sm font-bold \">Was ist Scalping? Strategien, Tipps &amp; Beispiele<\/span>\n                                                            <span class=\"text-xs uppercase\">\n                                    Analyst Team\n                                <\/span>\n                                                    <\/div>\n                    <\/a>\n                <\/li>\n                            <li class=\"w-full p-3 rounded-lg shadow md:w-full\">\n                    <a href=\"https:\/\/www.asktraders.com\/learn-to-trade\/guides\/etoro-analysis-of-trading-signals-sentiment-resources\/\" class=\"flex\">\n                        <img loading=\"lazy\" decoding=\"async\" width=\"150\" height=\"150\" src=\"https:\/\/www.asktraders.com\/wp-content\/uploads\/2022\/12\/eToro-Analysis-of-Trading-Signals-Sentiment-Resources-150x150.jpg\" class=\"w-1\/3 rounded object-cover  wp-post-image\" alt=\"eToro Analysis of Trading Signals &amp; Sentiment Resources\" \/>\n                        <div class=\"flex flex-col w-2\/3 pl-3\">\n                                                        <span\n                                class=\"block py-1 grow text-sm font-bold \">eToro \u2013 Analysis of Trading Signals &amp; Sentiment Resources<\/span>\n                                                            <span class=\"text-xs uppercase\">\n                                    Justin Freeman\n                                <\/span>\n                                                    <\/div>\n                    <\/a>\n                <\/li>\n                    <\/ul>\n            \n    <\/aside>\n\n\n<div class=\"wp-block-top5-broker\" data-sidebar>\n        <div>\n        \n\n<h2 class=\"wp-block-heading\"  class=\"wp-block-heading\"  id=\"\"><\/h2>\n\n\n    <\/div>\n            <div class=\"block bg-white rounded-lg shadow\">\n        <ul\n            class=\"flex flex-wrap w-full -mb-px list-none border-b-2 navTabs \">\n                                                                                                        <\/ul>\n                    <div class=\"navTabContent \" id=\"top5-tab1\">\n                <ol class=\"flex\n                flex-wrap\n                \">\n                                    <\/ol>\n                            <\/div>\n                    <div class=\"navTabContent hidden\" id=\"top5-tab2\">\n                <ol class=\"flex\n                flex-wrap\n                \">\n                                    <\/ol>\n                            <\/div>\n                    <div class=\"navTabContent hidden\" id=\"top5-tab3\">\n                <ol class=\"flex\n                flex-wrap\n                \">\n                                    <\/ol>\n                            <\/div>\n        \n    <\/div>\n    <\/div>\n\n\n<aside class=\"wp-block-related-posts related-posts-latest \" data-sidebar>\n                    \n\n<h2 class=\"wp-block-heading\"  class=\"wp-block-heading\"  id=\"news\">News<\/h2>\n\n\n        <ul class=\"grid grid-cols-1 md:grid-cols-2 gap-4 lg:grid-cols-1\">\n                            <li class=\"w-full p-3 rounded-lg shadow md:w-full\">\n                    <a href=\"https:\/\/www.asktraders.com\/de\/finanznachrichten\/evonik-aktien-erreichen-neues-tief-als-e13-durchbrochen-werden\/\" class=\"flex\">\n                        <img loading=\"lazy\" decoding=\"async\" width=\"150\" height=\"150\" src=\"https:\/\/www.asktraders.com\/wp-content\/uploads\/2023\/05\/evonik-aktie-prognose-150x150.jpg\" class=\"w-1\/3 rounded object-cover  wp-post-image\" alt=\"Evonik Aktie\" \/>\n                        <div class=\"flex flex-col w-2\/3 pl-3\">\n                                                        <span\n                                class=\"block py-1 grow text-sm font-bold \">Evonik Aktien erreichen neues Tief, als \u20ac13 durchbrochen werden<\/span>\n                                                            <span class=\"text-xs uppercase\">\n                                    Analyst Team\n                                <\/span>\n                                                    <\/div>\n                    <\/a>\n                <\/li>\n                            <li class=\"w-full p-3 rounded-lg shadow md:w-full\">\n                    <a href=\"https:\/\/www.asktraders.com\/de\/finanznachrichten\/2g-energy-ag-aktie-erholt-sich-von-unterstuetzung-steigerung-von-10\/\" class=\"flex\">\n                        <img loading=\"lazy\" decoding=\"async\" width=\"150\" height=\"150\" src=\"https:\/\/www.asktraders.com\/wp-content\/uploads\/2025\/08\/power-and-energy-150x150.jpg\" class=\"w-1\/3 rounded object-cover  wp-post-image\" alt=\"Uniper UN0\" \/>\n                        <div class=\"flex flex-col w-2\/3 pl-3\">\n                                                        <span\n                                class=\"block py-1 grow text-sm font-bold \">2G Energy AG Aktie erholt sich von Unterst\u00fctzung \u2013 Steigerung von 10%<\/span>\n                                                            <span class=\"text-xs uppercase\">\n                                    Analyst Team\n                                <\/span>\n                                                    <\/div>\n                    <\/a>\n                <\/li>\n                            <li class=\"w-full p-3 rounded-lg shadow md:w-full\">\n                    <a href=\"https:\/\/www.asktraders.com\/de\/finanznachrichten\/mercedes-benz-aktie-goldman-sachs-initiiert-analystendeckung-mit-positiver-einschaetzung\/\" class=\"flex\">\n                        <img loading=\"lazy\" decoding=\"async\" width=\"150\" height=\"150\" src=\"https:\/\/www.asktraders.com\/wp-content\/uploads\/2023\/06\/aktie-mercedes-150x150.jpg\" class=\"w-1\/3 rounded object-cover  wp-post-image\" alt=\"Mercedes Aktie\" \/>\n                        <div class=\"flex flex-col w-2\/3 pl-3\">\n                                                        <span\n                                class=\"block py-1 grow text-sm font-bold \">Mercedes-Benz Aktie: Goldman Sachs initiiert Analystendeckung mit positiver Einsch\u00e4tzung<\/span>\n                                                            <span class=\"text-xs uppercase\">\n                                    Analyst Team\n                                <\/span>\n                                                    <\/div>\n                    <\/a>\n                <\/li>\n                            <li class=\"w-full p-3 rounded-lg shadow md:w-full\">\n                    <a href=\"https:\/\/www.asktraders.com\/de\/finanznachrichten\/dax-aktien-erholen-sich-nach-nvidia-beben-maerkte-atmen-auf\/\" class=\"flex\">\n                        <img loading=\"lazy\" decoding=\"async\" width=\"150\" height=\"150\" src=\"https:\/\/www.asktraders.com\/wp-content\/uploads\/2023\/04\/dax-handeln-150x150.jpg\" class=\"w-1\/3 rounded object-cover  wp-post-image\" alt=\"\" \/>\n                        <div class=\"flex flex-col w-2\/3 pl-3\">\n                                                        <span\n                                class=\"block py-1 grow text-sm font-bold \">DAX-Aktien erholen sich nach Nvidia-Beben: M\u00e4rkte atmen auf<\/span>\n                                                            <span class=\"text-xs uppercase\">\n                                    Analyst Team\n                                <\/span>\n                                                    <\/div>\n                    <\/a>\n                <\/li>\n                            <li class=\"w-full p-3 rounded-lg shadow md:w-full\">\n                    <a href=\"https:\/\/www.asktraders.com\/de\/finanznachrichten\/rheinmetall-aktien-finden-unterstuetzung-bei-1-600-e-wie-geht-es-weiter\/\" class=\"flex\">\n                        <img loading=\"lazy\" decoding=\"async\" width=\"150\" height=\"150\" src=\"https:\/\/www.asktraders.com\/wp-content\/uploads\/2022\/11\/Die-Rheinmetall-Aktie-im-Chart-150x150.jpg\" class=\"w-1\/3 rounded object-cover  wp-post-image\" alt=\"Die Rheinmetall Aktie im Chart\" \/>\n                        <div class=\"flex flex-col w-2\/3 pl-3\">\n                                                        <span\n                                class=\"block py-1 grow text-sm font-bold \">Rheinmetall-Aktien finden Unterst\u00fctzung bei 1.600 \u20ac \u2013 Wie geht es weiter?<\/span>\n                                                            <span class=\"text-xs uppercase\">\n                                    Analyst Team\n                                <\/span>\n                                                    <\/div>\n                    <\/a>\n                <\/li>\n                    <\/ul>\n            \n    <\/aside>\n","protected":false},"author":873,"featured_media":159095,"comment_status":"closed","ping_status":"closed","template":"","news_cluster":[],"tradingcategory":[58519],"class_list":["post-235780","news","type-news","status-publish","has-post-thumbnail","hentry","tradingcategory-news-de"],"acf":[],"apple_news_notices":[],"yoast_head":"<!-- This site is optimized with the Yoast SEO plugin v27.2 - https:\/\/yoast.com\/product\/yoast-seo-wordpress\/ -->\n<title>BASF-Aktie: Citi hebt Bewertung an und erwartet Nachfrageerholung ab 2026 | AskTraders.com %<\/title>\n<meta name=\"description\" content=\"Die Aktie der BASF SE (ETR: BAS) erlebte eine positive Kursbewegung, nachdem Citi eine Aufwertung von &quot;Neutral&quot; auf &quot;Kaufen&quot; mit einem erh\u00f6hten Kursziel\" \/>\n<meta name=\"robots\" content=\"index, follow, max-snippet:-1, max-image-preview:large, max-video-preview:-1\" \/>\n<link rel=\"canonical\" href=\"https:\/\/www.asktraders.com\/de\/finanznachrichten\/basf-aktie-citi-hebt-bewertung-an-und-erwartet-nachfrageerholung-ab-2026\/\" \/>\n<meta property=\"og:locale\" content=\"de_DE\" \/>\n<meta property=\"og:type\" content=\"article\" \/>\n<meta property=\"og:title\" content=\"BASF-Aktie: Citi hebt Bewertung an und erwartet Nachfrageerholung ab 2026 | AskTraders.com %\" \/>\n<meta property=\"og:description\" content=\"Die Aktie der BASF SE (ETR: BAS) erlebte eine positive Kursbewegung, nachdem Citi eine Aufwertung von &quot;Neutral&quot; auf &quot;Kaufen&quot; mit einem erh\u00f6hten Kursziel\" \/>\n<meta property=\"og:url\" content=\"https:\/\/www.asktraders.com\/de\/finanznachrichten\/basf-aktie-citi-hebt-bewertung-an-und-erwartet-nachfrageerholung-ab-2026\/\" \/>\n<meta property=\"og:site_name\" content=\"AskTraders.com\" \/>\n<meta property=\"article:publisher\" content=\"https:\/\/www.facebook.com\/asktraderscom\" \/>\n<meta property=\"article:modified_time\" content=\"2025-09-11T07:38:06+00:00\" \/>\n<meta property=\"og:image\" content=\"https:\/\/www.asktraders.com\/wp-content\/uploads\/2022\/10\/BASF-Aktie-Analyse.jpg\" \/>\n\t<meta property=\"og:image:width\" content=\"1000\" \/>\n\t<meta property=\"og:image:height\" content=\"667\" \/>\n\t<meta property=\"og:image:type\" content=\"image\/jpeg\" \/>\n<meta name=\"twitter:card\" content=\"summary_large_image\" \/>\n<meta name=\"twitter:site\" content=\"@Asktraders1\" \/>\n<meta name=\"twitter:label1\" content=\"Gesch\u00e4tzte Lesezeit\" \/>\n\t<meta name=\"twitter:data1\" content=\"3 Minuten\" \/>\n<script type=\"application\/ld+json\" class=\"yoast-schema-graph\">{\"@context\":\"https:\/\/schema.org\",\"@graph\":[{\"@type\":\"NewsArticle\",\"@id\":\"https:\/\/www.asktraders.com\/de\/finanznachrichten\/basf-aktie-citi-hebt-bewertung-an-und-erwartet-nachfrageerholung-ab-2026\/#article\",\"isPartOf\":{\"@id\":\"https:\/\/www.asktraders.com\/de\/finanznachrichten\/basf-aktie-citi-hebt-bewertung-an-und-erwartet-nachfrageerholung-ab-2026\/\"},\"author\":{\"name\":\"Asktraders News Team\",\"@id\":\"https:\/\/www.asktraders.com\/de\/#\/schema\/person\/a9018e69daa9a7bd7a92bab40944424f\",\"url\":\"https:\/\/www.asktraders.com\/de\/author\/asktraders-news-team\/\"},\"headline\":\"BASF-Aktie: Citi hebt Bewertung an und erwartet Nachfrageerholung ab 2026\",\"datePublished\":\"2025-09-11T07:38:02+00:00\",\"dateModified\":\"2025-09-11T07:38:06+00:00\",\"mainEntityOfPage\":{\"@id\":\"https:\/\/www.asktraders.com\/de\/finanznachrichten\/basf-aktie-citi-hebt-bewertung-an-und-erwartet-nachfrageerholung-ab-2026\/\"},\"wordCount\":664,\"publisher\":{\"@id\":\"https:\/\/www.asktraders.com\/de\/#organization\"},\"image\":{\"@id\":\"https:\/\/www.asktraders.com\/de\/finanznachrichten\/basf-aktie-citi-hebt-bewertung-an-und-erwartet-nachfrageerholung-ab-2026\/#primaryimage\"},\"thumbnailUrl\":\"https:\/\/www.asktraders.com\/wp-content\/uploads\/2022\/10\/BASF-Aktie-Analyse.jpg\",\"inLanguage\":\"de-DE\"},{\"@type\":\"WebPage\",\"@id\":\"https:\/\/www.asktraders.com\/de\/finanznachrichten\/basf-aktie-citi-hebt-bewertung-an-und-erwartet-nachfrageerholung-ab-2026\/\",\"url\":\"https:\/\/www.asktraders.com\/de\/finanznachrichten\/basf-aktie-citi-hebt-bewertung-an-und-erwartet-nachfrageerholung-ab-2026\/\",\"name\":\"BASF-Aktie: Citi hebt Bewertung an und erwartet Nachfrageerholung ab 2026 | AskTraders.com %\",\"isPartOf\":{\"@id\":\"https:\/\/www.asktraders.com\/de\/#website\"},\"primaryImageOfPage\":{\"@id\":\"https:\/\/www.asktraders.com\/de\/finanznachrichten\/basf-aktie-citi-hebt-bewertung-an-und-erwartet-nachfrageerholung-ab-2026\/#primaryimage\"},\"image\":{\"@id\":\"https:\/\/www.asktraders.com\/de\/finanznachrichten\/basf-aktie-citi-hebt-bewertung-an-und-erwartet-nachfrageerholung-ab-2026\/#primaryimage\"},\"thumbnailUrl\":\"https:\/\/www.asktraders.com\/wp-content\/uploads\/2022\/10\/BASF-Aktie-Analyse.jpg\",\"datePublished\":\"2025-09-11T07:38:02+00:00\",\"dateModified\":\"2025-09-11T07:38:06+00:00\",\"description\":\"Die Aktie der BASF SE (ETR: BAS) erlebte eine positive Kursbewegung, nachdem Citi eine Aufwertung von \\\"Neutral\\\" auf \\\"Kaufen\\\" mit einem erh\u00f6hten Kursziel\",\"breadcrumb\":{\"@id\":\"https:\/\/www.asktraders.com\/de\/finanznachrichten\/basf-aktie-citi-hebt-bewertung-an-und-erwartet-nachfrageerholung-ab-2026\/#breadcrumb\"},\"inLanguage\":\"de-DE\",\"potentialAction\":[{\"@type\":\"ReadAction\",\"target\":[\"https:\/\/www.asktraders.com\/de\/finanznachrichten\/basf-aktie-citi-hebt-bewertung-an-und-erwartet-nachfrageerholung-ab-2026\/\"]}]},{\"@type\":\"ImageObject\",\"inLanguage\":\"de-DE\",\"@id\":\"https:\/\/www.asktraders.com\/de\/finanznachrichten\/basf-aktie-citi-hebt-bewertung-an-und-erwartet-nachfrageerholung-ab-2026\/#primaryimage\",\"url\":\"https:\/\/www.asktraders.com\/wp-content\/uploads\/2022\/10\/BASF-Aktie-Analyse.jpg\",\"contentUrl\":\"https:\/\/www.asktraders.com\/wp-content\/uploads\/2022\/10\/BASF-Aktie-Analyse.jpg\",\"width\":1000,\"height\":667,\"caption\":\"BASF Aktie Analyse\"},{\"@type\":\"BreadcrumbList\",\"@id\":\"https:\/\/www.asktraders.com\/de\/finanznachrichten\/basf-aktie-citi-hebt-bewertung-an-und-erwartet-nachfrageerholung-ab-2026\/#breadcrumb\",\"itemListElement\":[{\"@type\":\"ListItem\",\"position\":1,\"name\":\"Home\",\"item\":\"https:\/\/www.asktraders.com\/de\/\"},{\"@type\":\"ListItem\",\"position\":2,\"name\":\"News\",\"item\":\"https:\/\/www.asktraders.com\/de\/finanznachrichten\/\"},{\"@type\":\"ListItem\",\"position\":3,\"name\":\"BASF-Aktie: Citi hebt Bewertung an und erwartet Nachfrageerholung ab 2026\"}]},{\"@type\":\"WebSite\",\"@id\":\"https:\/\/www.asktraders.com\/de\/#website\",\"url\":\"https:\/\/www.asktraders.com\/de\/\",\"name\":\"AskTraders\",\"description\":\"Guiding You To Trading Success\",\"publisher\":{\"@id\":\"https:\/\/www.asktraders.com\/de\/#organization\"},\"inLanguage\":\"de-DE\"},{\"@type\":\"Organization\",\"@id\":\"https:\/\/www.asktraders.com\/de\/#organization\",\"name\":\"AskTraders\",\"url\":\"https:\/\/www.asktraders.com\/de\/\",\"logo\":{\"@type\":\"ImageObject\",\"inLanguage\":\"de-DE\",\"@id\":\"https:\/\/www.asktraders.com\/de\/#\/schema\/logo\/image\/\",\"url\":\"https:\/\/www.asktraders.com\/wp-content\/uploads\/2019\/05\/asktraders-logo-tm-white.png\",\"contentUrl\":\"https:\/\/www.asktraders.com\/wp-content\/uploads\/2019\/05\/asktraders-logo-tm-white.png\",\"width\":232,\"height\":38,\"caption\":\"AskTraders\"},\"image\":{\"@id\":\"https:\/\/www.asktraders.com\/de\/#\/schema\/logo\/image\/\"},\"sameAs\":[\"https:\/\/www.facebook.com\/asktraderscom\",\"https:\/\/x.com\/Asktraders1\"]},{\"@type\":\"Person\",\"@id\":\"https:\/\/www.asktraders.com\/de\/#\/schema\/person\/a9018e69daa9a7bd7a92bab40944424f\",\"name\":\"Asktraders News Team\",\"image\":{\"@type\":\"ImageObject\",\"inLanguage\":\"de-DE\",\"@id\":\"https:\/\/secure.gravatar.com\/avatar\/4adf30b4bdba8095517be51a6d33eac85d275459c6da979b73dabd753924f280?s=96&d=mm&r=g\",\"url\":\"https:\/\/secure.gravatar.com\/avatar\/4adf30b4bdba8095517be51a6d33eac85d275459c6da979b73dabd753924f280?s=96&d=mm&r=g\",\"contentUrl\":\"https:\/\/secure.gravatar.com\/avatar\/4adf30b4bdba8095517be51a6d33eac85d275459c6da979b73dabd753924f280?s=96&d=mm&r=g\",\"caption\":\"Asktraders News Team\"}}]}<\/script>\n<!-- \/ Yoast SEO plugin. -->","yoast_head_json":{"title":"BASF-Aktie: Citi hebt Bewertung an und erwartet Nachfrageerholung ab 2026 | AskTraders.com %","description":"Die Aktie der BASF SE (ETR: BAS) erlebte eine positive Kursbewegung, nachdem Citi eine Aufwertung von \"Neutral\" auf \"Kaufen\" mit einem erh\u00f6hten Kursziel","robots":{"index":"index","follow":"follow","max-snippet":"max-snippet:-1","max-image-preview":"max-image-preview:large","max-video-preview":"max-video-preview:-1"},"canonical":"https:\/\/www.asktraders.com\/de\/finanznachrichten\/basf-aktie-citi-hebt-bewertung-an-und-erwartet-nachfrageerholung-ab-2026\/","og_locale":"de_DE","og_type":"article","og_title":"BASF-Aktie: Citi hebt Bewertung an und erwartet Nachfrageerholung ab 2026 | AskTraders.com %","og_description":"Die Aktie der BASF SE (ETR: BAS) erlebte eine positive Kursbewegung, nachdem Citi eine Aufwertung von \"Neutral\" auf \"Kaufen\" mit einem erh\u00f6hten Kursziel","og_url":"https:\/\/www.asktraders.com\/de\/finanznachrichten\/basf-aktie-citi-hebt-bewertung-an-und-erwartet-nachfrageerholung-ab-2026\/","og_site_name":"AskTraders.com","article_publisher":"https:\/\/www.facebook.com\/asktraderscom","article_modified_time":"2025-09-11T07:38:06+00:00","og_image":[{"width":1000,"height":667,"url":"https:\/\/www.asktraders.com\/wp-content\/uploads\/2022\/10\/BASF-Aktie-Analyse.jpg","type":"image\/jpeg"}],"twitter_card":"summary_large_image","twitter_site":"@Asktraders1","twitter_misc":{"Gesch\u00e4tzte Lesezeit":"3 Minuten"},"schema":{"@context":"https:\/\/schema.org","@graph":[{"@type":"NewsArticle","@id":"https:\/\/www.asktraders.com\/de\/finanznachrichten\/basf-aktie-citi-hebt-bewertung-an-und-erwartet-nachfrageerholung-ab-2026\/#article","isPartOf":{"@id":"https:\/\/www.asktraders.com\/de\/finanznachrichten\/basf-aktie-citi-hebt-bewertung-an-und-erwartet-nachfrageerholung-ab-2026\/"},"author":{"name":"Asktraders News Team","@id":"https:\/\/www.asktraders.com\/de\/#\/schema\/person\/a9018e69daa9a7bd7a92bab40944424f","url":"https:\/\/www.asktraders.com\/de\/author\/asktraders-news-team\/"},"headline":"BASF-Aktie: Citi hebt Bewertung an und erwartet Nachfrageerholung ab 2026","datePublished":"2025-09-11T07:38:02+00:00","dateModified":"2025-09-11T07:38:06+00:00","mainEntityOfPage":{"@id":"https:\/\/www.asktraders.com\/de\/finanznachrichten\/basf-aktie-citi-hebt-bewertung-an-und-erwartet-nachfrageerholung-ab-2026\/"},"wordCount":664,"publisher":{"@id":"https:\/\/www.asktraders.com\/de\/#organization"},"image":{"@id":"https:\/\/www.asktraders.com\/de\/finanznachrichten\/basf-aktie-citi-hebt-bewertung-an-und-erwartet-nachfrageerholung-ab-2026\/#primaryimage"},"thumbnailUrl":"https:\/\/www.asktraders.com\/wp-content\/uploads\/2022\/10\/BASF-Aktie-Analyse.jpg","inLanguage":"de-DE"},{"@type":"WebPage","@id":"https:\/\/www.asktraders.com\/de\/finanznachrichten\/basf-aktie-citi-hebt-bewertung-an-und-erwartet-nachfrageerholung-ab-2026\/","url":"https:\/\/www.asktraders.com\/de\/finanznachrichten\/basf-aktie-citi-hebt-bewertung-an-und-erwartet-nachfrageerholung-ab-2026\/","name":"BASF-Aktie: Citi hebt Bewertung an und erwartet Nachfrageerholung ab 2026 | AskTraders.com %","isPartOf":{"@id":"https:\/\/www.asktraders.com\/de\/#website"},"primaryImageOfPage":{"@id":"https:\/\/www.asktraders.com\/de\/finanznachrichten\/basf-aktie-citi-hebt-bewertung-an-und-erwartet-nachfrageerholung-ab-2026\/#primaryimage"},"image":{"@id":"https:\/\/www.asktraders.com\/de\/finanznachrichten\/basf-aktie-citi-hebt-bewertung-an-und-erwartet-nachfrageerholung-ab-2026\/#primaryimage"},"thumbnailUrl":"https:\/\/www.asktraders.com\/wp-content\/uploads\/2022\/10\/BASF-Aktie-Analyse.jpg","datePublished":"2025-09-11T07:38:02+00:00","dateModified":"2025-09-11T07:38:06+00:00","description":"Die Aktie der BASF SE (ETR: BAS) erlebte eine positive Kursbewegung, nachdem Citi eine Aufwertung von \"Neutral\" auf \"Kaufen\" mit einem erh\u00f6hten Kursziel","breadcrumb":{"@id":"https:\/\/www.asktraders.com\/de\/finanznachrichten\/basf-aktie-citi-hebt-bewertung-an-und-erwartet-nachfrageerholung-ab-2026\/#breadcrumb"},"inLanguage":"de-DE","potentialAction":[{"@type":"ReadAction","target":["https:\/\/www.asktraders.com\/de\/finanznachrichten\/basf-aktie-citi-hebt-bewertung-an-und-erwartet-nachfrageerholung-ab-2026\/"]}]},{"@type":"ImageObject","inLanguage":"de-DE","@id":"https:\/\/www.asktraders.com\/de\/finanznachrichten\/basf-aktie-citi-hebt-bewertung-an-und-erwartet-nachfrageerholung-ab-2026\/#primaryimage","url":"https:\/\/www.asktraders.com\/wp-content\/uploads\/2022\/10\/BASF-Aktie-Analyse.jpg","contentUrl":"https:\/\/www.asktraders.com\/wp-content\/uploads\/2022\/10\/BASF-Aktie-Analyse.jpg","width":1000,"height":667,"caption":"BASF Aktie Analyse"},{"@type":"BreadcrumbList","@id":"https:\/\/www.asktraders.com\/de\/finanznachrichten\/basf-aktie-citi-hebt-bewertung-an-und-erwartet-nachfrageerholung-ab-2026\/#breadcrumb","itemListElement":[{"@type":"ListItem","position":1,"name":"Home","item":"https:\/\/www.asktraders.com\/de\/"},{"@type":"ListItem","position":2,"name":"News","item":"https:\/\/www.asktraders.com\/de\/finanznachrichten\/"},{"@type":"ListItem","position":3,"name":"BASF-Aktie: Citi hebt Bewertung an und erwartet Nachfrageerholung ab 2026"}]},{"@type":"WebSite","@id":"https:\/\/www.asktraders.com\/de\/#website","url":"https:\/\/www.asktraders.com\/de\/","name":"AskTraders","description":"Guiding You To Trading Success","publisher":{"@id":"https:\/\/www.asktraders.com\/de\/#organization"},"inLanguage":"de-DE"},{"@type":"Organization","@id":"https:\/\/www.asktraders.com\/de\/#organization","name":"AskTraders","url":"https:\/\/www.asktraders.com\/de\/","logo":{"@type":"ImageObject","inLanguage":"de-DE","@id":"https:\/\/www.asktraders.com\/de\/#\/schema\/logo\/image\/","url":"https:\/\/www.asktraders.com\/wp-content\/uploads\/2019\/05\/asktraders-logo-tm-white.png","contentUrl":"https:\/\/www.asktraders.com\/wp-content\/uploads\/2019\/05\/asktraders-logo-tm-white.png","width":232,"height":38,"caption":"AskTraders"},"image":{"@id":"https:\/\/www.asktraders.com\/de\/#\/schema\/logo\/image\/"},"sameAs":["https:\/\/www.facebook.com\/asktraderscom","https:\/\/x.com\/Asktraders1"]},{"@type":"Person","@id":"https:\/\/www.asktraders.com\/de\/#\/schema\/person\/a9018e69daa9a7bd7a92bab40944424f","name":"Asktraders News Team","image":{"@type":"ImageObject","inLanguage":"de-DE","@id":"https:\/\/secure.gravatar.com\/avatar\/4adf30b4bdba8095517be51a6d33eac85d275459c6da979b73dabd753924f280?s=96&d=mm&r=g","url":"https:\/\/secure.gravatar.com\/avatar\/4adf30b4bdba8095517be51a6d33eac85d275459c6da979b73dabd753924f280?s=96&d=mm&r=g","contentUrl":"https:\/\/secure.gravatar.com\/avatar\/4adf30b4bdba8095517be51a6d33eac85d275459c6da979b73dabd753924f280?s=96&d=mm&r=g","caption":"Asktraders News Team"}}]}},"_links":{"self":[{"href":"https:\/\/www.asktraders.com\/de\/wp-json\/wp\/v2\/news\/235780","targetHints":{"allow":["GET"]}}],"collection":[{"href":"https:\/\/www.asktraders.com\/de\/wp-json\/wp\/v2\/news"}],"about":[{"href":"https:\/\/www.asktraders.com\/de\/wp-json\/wp\/v2\/types\/news"}],"author":[{"embeddable":true,"href":"https:\/\/www.asktraders.com\/de\/wp-json\/wp\/v2\/users\/873"}],"replies":[{"embeddable":true,"href":"https:\/\/www.asktraders.com\/de\/wp-json\/wp\/v2\/comments?post=235780"}],"version-history":[{"count":0,"href":"https:\/\/www.asktraders.com\/de\/wp-json\/wp\/v2\/news\/235780\/revisions"}],"wp:featuredmedia":[{"embeddable":true,"href":"https:\/\/www.asktraders.com\/de\/wp-json\/wp\/v2\/media\/159095"}],"wp:attachment":[{"href":"https:\/\/www.asktraders.com\/de\/wp-json\/wp\/v2\/media?parent=235780"}],"wp:term":[{"taxonomy":"news_cluster","embeddable":true,"href":"https:\/\/www.asktraders.com\/de\/wp-json\/wp\/v2\/news_cluster?post=235780"},{"taxonomy":"tradingcategory","embeddable":true,"href":"https:\/\/www.asktraders.com\/de\/wp-json\/wp\/v2\/tradingcategory?post=235780"}],"curies":[{"name":"wp","href":"https:\/\/api.w.org\/{rel}","templated":true}]}}