{"id":235986,"date":"2025-09-16T09:51:44","date_gmt":"2025-09-16T08:51:44","guid":{"rendered":"https:\/\/www.asktraders.com\/?post_type=news&#038;p=235986"},"modified":"2025-09-16T09:51:47","modified_gmt":"2025-09-16T08:51:47","slug":"commerzbank-aktie-unter-beobachtung-unicredit-erwaegt-anteilsverkauf-an-nicht-eu-bieter","status":"publish","type":"news","link":"https:\/\/www.asktraders.com\/de\/finanznachrichten\/commerzbank-aktie-unter-beobachtung-unicredit-erwaegt-anteilsverkauf-an-nicht-eu-bieter\/","title":{"rendered":"Commerzbank-Aktie unter Beobachtung: UniCredit erw\u00e4gt Anteilsverkauf an Nicht-EU-Bieter"},"content":{"rendered":"\n<p>Die Aktie der Commerzbank (CBK.DE) steht erneut im Fokus, nachdem der CEO von UniCredit (UNCRY), Andrea Orcel, einen m\u00f6glichen Verkauf des Anteils an der Commerzbank ins Spiel gebracht hat. Sollte ein attraktives Angebot von einer Bank au\u00dferhalb der Europ\u00e4ischen Union eingehen, k\u00f6nnte UniCredit diesen Schritt in Erw\u00e4gung ziehen. Diese Nachricht hat die M\u00e4rkte aufgeschreckt und zu erh\u00f6hter Volatilit\u00e4t in der Aktie gef\u00fchrt.<\/p>\n\n\n\n<p>Die UniCredit h\u00e4lt derzeit einen Anteil von 26 % an der Commerzbank und hatte in der Vergangenheit auf eine engere Zusammenarbeit gedr\u00e4ngt. Die Commerzbank selbst hat sich jedoch bisher gegen eine solche Fusion oder \u00dcbernahme gewehrt. Nun deutet der m\u00f6gliche Verkauf an einen nicht-europ\u00e4ischen Akteur auf eine neue Wendung in dieser Angelegenheit hin. Die Aktie der Commerzbank reagierte auf die Nachricht mit leichten Schwankungen, da die Unsicherheit \u00fcber die zuk\u00fcnftige Eigent\u00fcmerstruktur des Unternehmens zunimmt.<\/p>\n\n\n\n<p>Die strategische Neuausrichtung der Commerzbank, um ihre Unabh\u00e4ngigkeit zu wahren, hat in den letzten Jahren Fr\u00fcchte getragen. Die Bank hat unter anderem Bettina Orlopp zur CEO bef\u00f6rdert, ein Kostensenkungsprogramm mit dem Abbau von 3.900 Stellen initiiert und sich ambitionierte finanzielle Ziele gesetzt. <\/p>\n\n\n\n<p>Diese Ma\u00dfnahmen haben dazu gef\u00fchrt, dass sich der Aktienwert der Commerzbank seit dem ersten Vorsto\u00df von UniCredit mehr als verdoppelt hat. Analysten warnen jedoch davor, dass ein Gro\u00dfteil dieser positiven Entwicklung bereits in den Aktienkurs eingepreist ist, was das Aufw\u00e4rtspotenzial begrenzt.<\/p>\n\n\n\n<stock-market-widget type=\"chart\" template=\"candlestick\" assets=\"CBK.DE\" range=\"1y\" interval=\"1d\" price_field=\"close\" heading=\"Commerzbank-Aktie\" candle_border_width=\"1\" candle_bullish_background_color=\"#21BA45\" candle_bearish_background_color=\"#DB2828\" candle_bullish_border_color=\"#21BA45\" candle_bearish_border_color=\"#DB2828\" axes_color=\"#000000\" tooltip_text_color=\"#262626\" tooltip_background_color=\"#FFFFFF\" range_selector=\"true\" volume_enabled=\"false\" axes_enabled=\"true\" tooltip_enabled=\"true\" zoom_enabled=\"true\" save_image_enabled=\"true\" cursor_enabled=\"true\" api=\"yahoo-finance\"><\/stock-market-widget>\n\n\n\n<stock-market-widget type=\"table-quotes\" template=\"basic\" assets=\"CBK.DE\" fields=\"price,market_cap,pe_ratio,52_week_range\" display_header=\"true\" display_chart=\"false\" search=\"false\" pagination=\"false\" scroll=\"false\" rows_per_page=\"5\" sort_direction=\"asc\" alignment=\"left\" realtime=\"true\" api=\"yahoo-finance\"><\/stock-market-widget>\n\n\n\n<p>Die deutsche Regierung, die selbst einen Anteil von 12 % an der Commerzbank h\u00e4lt, hat sich in der Vergangenheit ablehnend gegen\u00fcber den Avancen von UniCredit ge\u00e4u\u00dfert. Sie bezeichnete die Vorgehensweise als \u201eunfreundlich\u201c und \u201efeindselig\u201c. Diese Haltung unterstreicht die komplexen politischen und regulatorischen Rahmenbedingungen, die eine m\u00f6gliche Fusion oder \u00dcbernahme begleiten w\u00fcrden. Das Bundeskartellamt hatte zwar im April 2025 den Plan von UniCredit genehmigt, ihren Anteil an der Commerzbank auf 29,9 % aufzustocken, also knapp unterhalb der Schwelle, die ein \u00f6ffentliches \u00dcbernahmeangebot erforderlich machen w\u00fcrde, dennoch bleibt der politische Widerstand bestehen.<\/p>\n\n\n\n<p>Die Commerzbank hat sich ehrgeizige Ziele gesetzt, um die Profitabilit\u00e4t zu steigern und eine \u00dcbernahme abzuwehren. Bis 2028 soll der Gewinn um 64 % steigen. Das Unternehmen plant, durch den Abbau von Arbeitspl\u00e4tzen und die Fokussierung auf Wachstum in den Bereichen Verm\u00f6gensverwaltung, Firmenkundengesch\u00e4ft sowie Investitionen in IT und KI die Kosten zu senken und die Ertr\u00e4ge zu steigern. Kritiker sehen in diesen Zielen jedoch eine gro\u00dfe Herausforderung, die ohne externe Unterst\u00fctzung kaum zu erreichen sein d\u00fcrfte.<\/p>\n\n\n\n<p>Die M\u00f6glichkeit eines Verkaufs an eine Bank au\u00dferhalb der EU wirft neue Fragen auf. Ein solcher Schritt k\u00f6nnte zu einer erneuten Bewertung der strategischen Ausrichtung der Commerzbank f\u00fchren und m\u00f6glicherweise neue regulatorische H\u00fcrden schaffen. Die M\u00e4rkte werden die weiteren Entwicklungen genau beobachten, um die Auswirkungen auf die Aktie und die zuk\u00fcnftige Wettbewerbsposition der Commerzbank einsch\u00e4tzen zu k\u00f6nnen.<\/p>\n\n\n\n<p>Die j\u00fcngsten Entwicklungen haben ein dynamisches Umfeld f\u00fcr die Commerzbank Aktie geschaffen. Die Ank\u00fcndigung von UniCredit und die Reaktion des Marktes unterstreichen, wie wichtig strategische Entscheidungen und regulatorische Rahmenbedingungen f\u00fcr die Bewertung des Unternehmens sind. <\/p>\n\n\n<aside class=\"wp-block-related-posts  \" data-sidebar>\n                    \n\n<h2 class=\"wp-block-heading\"  class=\"wp-block-heading\"  id=\"aktien_lernen\">Aktien Lernen<\/h2>\n\n\n        <ul class=\"grid grid-cols-1 md:grid-cols-2 gap-4 lg:grid-cols-1\">\n                            <li class=\"w-full p-3 rounded-lg shadow md:w-full\">\n                    <a href=\"https:\/\/www.asktraders.com\/de\/dax40\/\" class=\"flex\">\n                        <img loading=\"lazy\" decoding=\"async\" width=\"150\" height=\"150\" src=\"https:\/\/www.asktraders.com\/wp-content\/uploads\/2020\/09\/DAX-handeln-150x150.jpg\" class=\"w-1\/3 rounded object-cover  wp-post-image\" alt=\"DAX handeln\" \/>\n                        <div class=\"flex flex-col w-2\/3 pl-3\">\n                                                        <span\n                                class=\"block py-1 grow text-sm font-bold \">DAX 40 heute aktuell | Index, Kurs und Prognose<\/span>\n                                                            <span class=\"text-xs uppercase\">\n                                    Analyst Team\n                                <\/span>\n                                                    <\/div>\n                    <\/a>\n                <\/li>\n                            <li class=\"w-full p-3 rounded-lg shadow md:w-full\">\n                    <a href=\"https:\/\/www.asktraders.com\/learn-to-trade\/stock-trading\/how-to-trade-stocks\/\" class=\"flex\">\n                        <img loading=\"lazy\" decoding=\"async\" width=\"150\" height=\"150\" src=\"https:\/\/www.asktraders.com\/wp-content\/uploads\/2020\/08\/how-to-trade-stocks-01-150x150.jpg\" class=\"w-1\/3 rounded object-cover  wp-post-image\" alt=\"how to trade stocks\" \/>\n                        <div class=\"flex flex-col w-2\/3 pl-3\">\n                                                        <span\n                                class=\"block py-1 grow text-sm font-bold \">How To Trade Stocks &#8211; The Guide For Beginners<\/span>\n                                                            <span class=\"text-xs uppercase\">\n                                    Analyst Team\n                                <\/span>\n                                                    <\/div>\n                    <\/a>\n                <\/li>\n                            <li class=\"w-full p-3 rounded-lg shadow md:w-full\">\n                    <a href=\"https:\/\/www.asktraders.com\/de\/traden-lernen\/trading-ratgeber\/nachhaltige-etf\/\" class=\"flex\">\n                        <img loading=\"lazy\" decoding=\"async\" width=\"150\" height=\"150\" src=\"https:\/\/www.asktraders.com\/wp-content\/uploads\/2020\/08\/Nachhaltige-ETF-150x150.jpg\" class=\"w-1\/3 rounded object-cover  wp-post-image\" alt=\"Nachhaltige ETF\" \/>\n                        <div class=\"flex flex-col w-2\/3 pl-3\">\n                                                        <span\n                                class=\"block py-1 grow text-sm font-bold \">Nachhaltige ETF \u2013 Wo lohnt sich die Investition in \u00d6ko ETFs?<\/span>\n                                                            <span class=\"text-xs uppercase\">\n                                    Nigel Frith\n                                <\/span>\n                                                    <\/div>\n                    <\/a>\n                <\/li>\n                            <li class=\"w-full p-3 rounded-lg shadow md:w-full\">\n                    <a href=\"https:\/\/www.asktraders.com\/de\/traden-lernen\/trading-strategien\/vwap-strategie\/\" class=\"flex\">\n                        <img loading=\"lazy\" decoding=\"async\" width=\"150\" height=\"150\" src=\"https:\/\/www.asktraders.com\/wp-content\/uploads\/2021\/09\/VWAP-Trading-Strategy-Guide-Examples-150x150.jpg\" class=\"w-1\/3 rounded object-cover  wp-post-image\" alt=\"VWAP Trading Strategy Guide &amp; Examples\" \/>\n                        <div class=\"flex flex-col w-2\/3 pl-3\">\n                                                        <span\n                                class=\"block py-1 grow text-sm font-bold \">VWAP Strategie Anwendung &amp; Beispiele<\/span>\n                                                            <span class=\"text-xs uppercase\">\n                                    Analyst Team\n                                <\/span>\n                                                    <\/div>\n                    <\/a>\n                <\/li>\n                            <li class=\"w-full p-3 rounded-lg shadow md:w-full\">\n                    <a href=\"https:\/\/www.asktraders.com\/de\/traden-lernen\/trading-strategien\/was-ist-scalping\/\" class=\"flex\">\n                        <img loading=\"lazy\" decoding=\"async\" width=\"150\" height=\"150\" src=\"https:\/\/www.asktraders.com\/wp-content\/uploads\/2020\/03\/what-is-scalping-150x150.jpg\" class=\"w-1\/3 rounded object-cover  wp-post-image\" alt=\"what is scalping\" \/>\n                        <div class=\"flex flex-col w-2\/3 pl-3\">\n                                                        <span\n                                class=\"block py-1 grow text-sm font-bold \">Was ist Scalping? Strategien, Tipps &amp; Beispiele<\/span>\n                                                            <span class=\"text-xs uppercase\">\n                                    Analyst Team\n                                <\/span>\n                                                    <\/div>\n                    <\/a>\n                <\/li>\n                            <li class=\"w-full p-3 rounded-lg shadow md:w-full\">\n                    <a href=\"https:\/\/www.asktraders.com\/learn-to-trade\/guides\/etoro-analysis-of-trading-signals-sentiment-resources\/\" class=\"flex\">\n                        <img loading=\"lazy\" decoding=\"async\" width=\"150\" height=\"150\" src=\"https:\/\/www.asktraders.com\/wp-content\/uploads\/2022\/12\/eToro-Analysis-of-Trading-Signals-Sentiment-Resources-150x150.jpg\" class=\"w-1\/3 rounded object-cover  wp-post-image\" alt=\"eToro Analysis of Trading Signals &amp; Sentiment Resources\" \/>\n                        <div class=\"flex flex-col w-2\/3 pl-3\">\n                                                        <span\n                                class=\"block py-1 grow text-sm font-bold \">eToro \u2013 Analysis of Trading Signals &amp; Sentiment Resources<\/span>\n                                                            <span class=\"text-xs uppercase\">\n                                    Justin Freeman\n                                <\/span>\n                                                    <\/div>\n                    <\/a>\n                <\/li>\n                    <\/ul>\n            \n    <\/aside>\n\n\n<div class=\"wp-block-top5-broker\" data-sidebar>\n        <div>\n        \n\n<h2 class=\"wp-block-heading\"  class=\"wp-block-heading\"  id=\"\"><\/h2>\n\n\n    <\/div>\n            <div class=\"block bg-white rounded-lg shadow\">\n        <ul\n            class=\"flex flex-wrap w-full -mb-px list-none border-b-2 navTabs \">\n                                                                                                        <\/ul>\n                    <div class=\"navTabContent \" id=\"top5-tab1\">\n                <ol class=\"flex\n                flex-wrap\n                \">\n                                    <\/ol>\n                            <\/div>\n                    <div class=\"navTabContent hidden\" id=\"top5-tab2\">\n                <ol class=\"flex\n                flex-wrap\n                \">\n                                    <\/ol>\n                            <\/div>\n                    <div class=\"navTabContent hidden\" id=\"top5-tab3\">\n                <ol class=\"flex\n                flex-wrap\n                \">\n                                    <\/ol>\n                            <\/div>\n        \n    <\/div>\n    <\/div>\n\n\n<aside class=\"wp-block-related-posts related-posts-latest \" data-sidebar>\n                    \n\n<h2 class=\"wp-block-heading\"  class=\"wp-block-heading\"  id=\"news\">News<\/h2>\n\n\n        <ul class=\"grid grid-cols-1 md:grid-cols-2 gap-4 lg:grid-cols-1\">\n                            <li class=\"w-full p-3 rounded-lg shadow md:w-full\">\n                    <a href=\"https:\/\/www.asktraders.com\/de\/finanznachrichten\/evonik-aktien-erreichen-neues-tief-als-e13-durchbrochen-werden\/\" class=\"flex\">\n                        <img loading=\"lazy\" decoding=\"async\" width=\"150\" height=\"150\" src=\"https:\/\/www.asktraders.com\/wp-content\/uploads\/2023\/05\/evonik-aktie-prognose-150x150.jpg\" class=\"w-1\/3 rounded object-cover  wp-post-image\" alt=\"Evonik Aktie\" \/>\n                        <div class=\"flex flex-col w-2\/3 pl-3\">\n                                                        <span\n                                class=\"block py-1 grow text-sm font-bold \">Evonik Aktien erreichen neues Tief, als \u20ac13 durchbrochen werden<\/span>\n                                                            <span class=\"text-xs uppercase\">\n                                    Analyst Team\n                                <\/span>\n                                                    <\/div>\n                    <\/a>\n                <\/li>\n                            <li class=\"w-full p-3 rounded-lg shadow md:w-full\">\n                    <a href=\"https:\/\/www.asktraders.com\/de\/finanznachrichten\/2g-energy-ag-aktie-erholt-sich-von-unterstuetzung-steigerung-von-10\/\" class=\"flex\">\n                        <img loading=\"lazy\" decoding=\"async\" width=\"150\" height=\"150\" src=\"https:\/\/www.asktraders.com\/wp-content\/uploads\/2025\/08\/power-and-energy-150x150.jpg\" class=\"w-1\/3 rounded object-cover  wp-post-image\" alt=\"Uniper UN0\" \/>\n                        <div class=\"flex flex-col w-2\/3 pl-3\">\n                                                        <span\n                                class=\"block py-1 grow text-sm font-bold \">2G Energy AG Aktie erholt sich von Unterst\u00fctzung \u2013 Steigerung von 10%<\/span>\n                                                            <span class=\"text-xs uppercase\">\n                                    Analyst Team\n                                <\/span>\n                                                    <\/div>\n                    <\/a>\n                <\/li>\n                            <li class=\"w-full p-3 rounded-lg shadow md:w-full\">\n                    <a href=\"https:\/\/www.asktraders.com\/de\/finanznachrichten\/mercedes-benz-aktie-goldman-sachs-initiiert-analystendeckung-mit-positiver-einschaetzung\/\" class=\"flex\">\n                        <img loading=\"lazy\" decoding=\"async\" width=\"150\" height=\"150\" src=\"https:\/\/www.asktraders.com\/wp-content\/uploads\/2023\/06\/aktie-mercedes-150x150.jpg\" class=\"w-1\/3 rounded object-cover  wp-post-image\" alt=\"Mercedes Aktie\" \/>\n                        <div class=\"flex flex-col w-2\/3 pl-3\">\n                                                        <span\n                                class=\"block py-1 grow text-sm font-bold \">Mercedes-Benz Aktie: Goldman Sachs initiiert Analystendeckung mit positiver Einsch\u00e4tzung<\/span>\n                                                            <span class=\"text-xs uppercase\">\n                                    Analyst Team\n                                <\/span>\n                                                    <\/div>\n                    <\/a>\n                <\/li>\n                            <li class=\"w-full p-3 rounded-lg shadow md:w-full\">\n                    <a href=\"https:\/\/www.asktraders.com\/de\/finanznachrichten\/dax-aktien-erholen-sich-nach-nvidia-beben-maerkte-atmen-auf\/\" class=\"flex\">\n                        <img loading=\"lazy\" decoding=\"async\" width=\"150\" height=\"150\" src=\"https:\/\/www.asktraders.com\/wp-content\/uploads\/2023\/04\/dax-handeln-150x150.jpg\" class=\"w-1\/3 rounded object-cover  wp-post-image\" alt=\"\" \/>\n                        <div class=\"flex flex-col w-2\/3 pl-3\">\n                                                        <span\n                                class=\"block py-1 grow text-sm font-bold \">DAX-Aktien erholen sich nach Nvidia-Beben: M\u00e4rkte atmen auf<\/span>\n                                                            <span class=\"text-xs uppercase\">\n                                    Analyst Team\n                                <\/span>\n                                                    <\/div>\n                    <\/a>\n                <\/li>\n                            <li class=\"w-full p-3 rounded-lg shadow md:w-full\">\n                    <a href=\"https:\/\/www.asktraders.com\/de\/finanznachrichten\/rheinmetall-aktien-finden-unterstuetzung-bei-1-600-e-wie-geht-es-weiter\/\" class=\"flex\">\n                        <img loading=\"lazy\" decoding=\"async\" width=\"150\" height=\"150\" src=\"https:\/\/www.asktraders.com\/wp-content\/uploads\/2022\/11\/Die-Rheinmetall-Aktie-im-Chart-150x150.jpg\" class=\"w-1\/3 rounded object-cover  wp-post-image\" alt=\"Die Rheinmetall Aktie im Chart\" \/>\n                        <div class=\"flex flex-col w-2\/3 pl-3\">\n                                                        <span\n                                class=\"block py-1 grow text-sm font-bold \">Rheinmetall-Aktien finden Unterst\u00fctzung bei 1.600 \u20ac \u2013 Wie geht es weiter?<\/span>\n                                                            <span class=\"text-xs uppercase\">\n                                    Analyst Team\n                                <\/span>\n                                                    <\/div>\n                    <\/a>\n                <\/li>\n                    <\/ul>\n            \n    <\/aside>\n","protected":false},"author":873,"featured_media":173378,"comment_status":"closed","ping_status":"closed","template":"","news_cluster":[],"tradingcategory":[58519],"class_list":["post-235986","news","type-news","status-publish","has-post-thumbnail","hentry","tradingcategory-news-de"],"acf":[],"apple_news_notices":[],"yoast_head":"<!-- This site is optimized with the Yoast SEO plugin v27.2 - https:\/\/yoast.com\/product\/yoast-seo-wordpress\/ -->\n<title>Commerzbank-Aktie unter Beobachtung: UniCredit erw\u00e4gt Anteilsverkauf an Nicht-EU-Bieter | AskTraders.com %<\/title>\n<meta name=\"description\" content=\"Die Aktie der Commerzbank (CBK.DE) steht erneut im Fokus, nachdem der CEO von UniCredit (UNCRY), Andrea Orcel, einen m\u00f6glichen Verkauf des Anteils an der\" \/>\n<meta name=\"robots\" content=\"index, follow, max-snippet:-1, max-image-preview:large, max-video-preview:-1\" \/>\n<link rel=\"canonical\" href=\"https:\/\/www.asktraders.com\/de\/finanznachrichten\/commerzbank-aktie-unter-beobachtung-unicredit-erwaegt-anteilsverkauf-an-nicht-eu-bieter\/\" \/>\n<meta property=\"og:locale\" content=\"de_DE\" \/>\n<meta property=\"og:type\" content=\"article\" \/>\n<meta property=\"og:title\" content=\"Commerzbank-Aktie unter Beobachtung: UniCredit erw\u00e4gt Anteilsverkauf an Nicht-EU-Bieter | AskTraders.com %\" \/>\n<meta property=\"og:description\" content=\"Die Aktie der Commerzbank (CBK.DE) steht erneut im Fokus, nachdem der CEO von UniCredit (UNCRY), Andrea Orcel, einen m\u00f6glichen Verkauf des Anteils an der\" \/>\n<meta property=\"og:url\" content=\"https:\/\/www.asktraders.com\/de\/finanznachrichten\/commerzbank-aktie-unter-beobachtung-unicredit-erwaegt-anteilsverkauf-an-nicht-eu-bieter\/\" \/>\n<meta property=\"og:site_name\" content=\"AskTraders.com\" \/>\n<meta property=\"article:publisher\" content=\"https:\/\/www.facebook.com\/asktraderscom\" \/>\n<meta property=\"article:modified_time\" content=\"2025-09-16T08:51:47+00:00\" \/>\n<meta property=\"og:image\" content=\"https:\/\/www.asktraders.com\/wp-content\/uploads\/2023\/05\/commerzbank-aktie.jpg\" \/>\n\t<meta property=\"og:image:width\" content=\"1000\" \/>\n\t<meta property=\"og:image:height\" content=\"750\" \/>\n\t<meta property=\"og:image:type\" content=\"image\/jpeg\" \/>\n<meta name=\"twitter:card\" content=\"summary_large_image\" \/>\n<meta name=\"twitter:site\" content=\"@Asktraders1\" \/>\n<meta name=\"twitter:label1\" content=\"Gesch\u00e4tzte Lesezeit\" \/>\n\t<meta name=\"twitter:data1\" content=\"3 Minuten\" \/>\n<script type=\"application\/ld+json\" class=\"yoast-schema-graph\">{\"@context\":\"https:\/\/schema.org\",\"@graph\":[{\"@type\":\"NewsArticle\",\"@id\":\"https:\/\/www.asktraders.com\/de\/finanznachrichten\/commerzbank-aktie-unter-beobachtung-unicredit-erwaegt-anteilsverkauf-an-nicht-eu-bieter\/#article\",\"isPartOf\":{\"@id\":\"https:\/\/www.asktraders.com\/de\/finanznachrichten\/commerzbank-aktie-unter-beobachtung-unicredit-erwaegt-anteilsverkauf-an-nicht-eu-bieter\/\"},\"author\":{\"name\":\"Asktraders News Team\",\"@id\":\"https:\/\/www.asktraders.com\/de\/#\/schema\/person\/a9018e69daa9a7bd7a92bab40944424f\",\"url\":\"https:\/\/www.asktraders.com\/de\/author\/asktraders-news-team\/\"},\"headline\":\"Commerzbank-Aktie unter Beobachtung: UniCredit erw\u00e4gt Anteilsverkauf an Nicht-EU-Bieter\",\"datePublished\":\"2025-09-16T08:51:44+00:00\",\"dateModified\":\"2025-09-16T08:51:47+00:00\",\"mainEntityOfPage\":{\"@id\":\"https:\/\/www.asktraders.com\/de\/finanznachrichten\/commerzbank-aktie-unter-beobachtung-unicredit-erwaegt-anteilsverkauf-an-nicht-eu-bieter\/\"},\"wordCount\":647,\"publisher\":{\"@id\":\"https:\/\/www.asktraders.com\/de\/#organization\"},\"image\":{\"@id\":\"https:\/\/www.asktraders.com\/de\/finanznachrichten\/commerzbank-aktie-unter-beobachtung-unicredit-erwaegt-anteilsverkauf-an-nicht-eu-bieter\/#primaryimage\"},\"thumbnailUrl\":\"https:\/\/www.asktraders.com\/wp-content\/uploads\/2023\/05\/commerzbank-aktie.jpg\",\"inLanguage\":\"de-DE\"},{\"@type\":\"WebPage\",\"@id\":\"https:\/\/www.asktraders.com\/de\/finanznachrichten\/commerzbank-aktie-unter-beobachtung-unicredit-erwaegt-anteilsverkauf-an-nicht-eu-bieter\/\",\"url\":\"https:\/\/www.asktraders.com\/de\/finanznachrichten\/commerzbank-aktie-unter-beobachtung-unicredit-erwaegt-anteilsverkauf-an-nicht-eu-bieter\/\",\"name\":\"Commerzbank-Aktie unter Beobachtung: UniCredit erw\u00e4gt Anteilsverkauf an Nicht-EU-Bieter | AskTraders.com %\",\"isPartOf\":{\"@id\":\"https:\/\/www.asktraders.com\/de\/#website\"},\"primaryImageOfPage\":{\"@id\":\"https:\/\/www.asktraders.com\/de\/finanznachrichten\/commerzbank-aktie-unter-beobachtung-unicredit-erwaegt-anteilsverkauf-an-nicht-eu-bieter\/#primaryimage\"},\"image\":{\"@id\":\"https:\/\/www.asktraders.com\/de\/finanznachrichten\/commerzbank-aktie-unter-beobachtung-unicredit-erwaegt-anteilsverkauf-an-nicht-eu-bieter\/#primaryimage\"},\"thumbnailUrl\":\"https:\/\/www.asktraders.com\/wp-content\/uploads\/2023\/05\/commerzbank-aktie.jpg\",\"datePublished\":\"2025-09-16T08:51:44+00:00\",\"dateModified\":\"2025-09-16T08:51:47+00:00\",\"description\":\"Die Aktie der Commerzbank (CBK.DE) steht erneut im Fokus, nachdem der CEO von UniCredit (UNCRY), Andrea Orcel, einen m\u00f6glichen Verkauf des Anteils an der\",\"breadcrumb\":{\"@id\":\"https:\/\/www.asktraders.com\/de\/finanznachrichten\/commerzbank-aktie-unter-beobachtung-unicredit-erwaegt-anteilsverkauf-an-nicht-eu-bieter\/#breadcrumb\"},\"inLanguage\":\"de-DE\",\"potentialAction\":[{\"@type\":\"ReadAction\",\"target\":[\"https:\/\/www.asktraders.com\/de\/finanznachrichten\/commerzbank-aktie-unter-beobachtung-unicredit-erwaegt-anteilsverkauf-an-nicht-eu-bieter\/\"]}]},{\"@type\":\"ImageObject\",\"inLanguage\":\"de-DE\",\"@id\":\"https:\/\/www.asktraders.com\/de\/finanznachrichten\/commerzbank-aktie-unter-beobachtung-unicredit-erwaegt-anteilsverkauf-an-nicht-eu-bieter\/#primaryimage\",\"url\":\"https:\/\/www.asktraders.com\/wp-content\/uploads\/2023\/05\/commerzbank-aktie.jpg\",\"contentUrl\":\"https:\/\/www.asktraders.com\/wp-content\/uploads\/2023\/05\/commerzbank-aktie.jpg\",\"width\":1000,\"height\":750,\"caption\":\"commerzbank aktie\"},{\"@type\":\"BreadcrumbList\",\"@id\":\"https:\/\/www.asktraders.com\/de\/finanznachrichten\/commerzbank-aktie-unter-beobachtung-unicredit-erwaegt-anteilsverkauf-an-nicht-eu-bieter\/#breadcrumb\",\"itemListElement\":[{\"@type\":\"ListItem\",\"position\":1,\"name\":\"Home\",\"item\":\"https:\/\/www.asktraders.com\/de\/\"},{\"@type\":\"ListItem\",\"position\":2,\"name\":\"News\",\"item\":\"https:\/\/www.asktraders.com\/de\/finanznachrichten\/\"},{\"@type\":\"ListItem\",\"position\":3,\"name\":\"Commerzbank-Aktie unter Beobachtung: UniCredit erw\u00e4gt Anteilsverkauf an Nicht-EU-Bieter\"}]},{\"@type\":\"WebSite\",\"@id\":\"https:\/\/www.asktraders.com\/de\/#website\",\"url\":\"https:\/\/www.asktraders.com\/de\/\",\"name\":\"AskTraders\",\"description\":\"Guiding You To Trading Success\",\"publisher\":{\"@id\":\"https:\/\/www.asktraders.com\/de\/#organization\"},\"inLanguage\":\"de-DE\"},{\"@type\":\"Organization\",\"@id\":\"https:\/\/www.asktraders.com\/de\/#organization\",\"name\":\"AskTraders\",\"url\":\"https:\/\/www.asktraders.com\/de\/\",\"logo\":{\"@type\":\"ImageObject\",\"inLanguage\":\"de-DE\",\"@id\":\"https:\/\/www.asktraders.com\/de\/#\/schema\/logo\/image\/\",\"url\":\"https:\/\/www.asktraders.com\/wp-content\/uploads\/2019\/05\/asktraders-logo-tm-white.png\",\"contentUrl\":\"https:\/\/www.asktraders.com\/wp-content\/uploads\/2019\/05\/asktraders-logo-tm-white.png\",\"width\":232,\"height\":38,\"caption\":\"AskTraders\"},\"image\":{\"@id\":\"https:\/\/www.asktraders.com\/de\/#\/schema\/logo\/image\/\"},\"sameAs\":[\"https:\/\/www.facebook.com\/asktraderscom\",\"https:\/\/x.com\/Asktraders1\"]},{\"@type\":\"Person\",\"@id\":\"https:\/\/www.asktraders.com\/de\/#\/schema\/person\/a9018e69daa9a7bd7a92bab40944424f\",\"name\":\"Asktraders News Team\",\"image\":{\"@type\":\"ImageObject\",\"inLanguage\":\"de-DE\",\"@id\":\"https:\/\/secure.gravatar.com\/avatar\/4adf30b4bdba8095517be51a6d33eac85d275459c6da979b73dabd753924f280?s=96&d=mm&r=g\",\"url\":\"https:\/\/secure.gravatar.com\/avatar\/4adf30b4bdba8095517be51a6d33eac85d275459c6da979b73dabd753924f280?s=96&d=mm&r=g\",\"contentUrl\":\"https:\/\/secure.gravatar.com\/avatar\/4adf30b4bdba8095517be51a6d33eac85d275459c6da979b73dabd753924f280?s=96&d=mm&r=g\",\"caption\":\"Asktraders News Team\"}}]}<\/script>\n<!-- \/ Yoast SEO plugin. -->","yoast_head_json":{"title":"Commerzbank-Aktie unter Beobachtung: UniCredit erw\u00e4gt Anteilsverkauf an Nicht-EU-Bieter | AskTraders.com %","description":"Die Aktie der Commerzbank (CBK.DE) steht erneut im Fokus, nachdem der CEO von UniCredit (UNCRY), Andrea Orcel, einen m\u00f6glichen Verkauf des Anteils an der","robots":{"index":"index","follow":"follow","max-snippet":"max-snippet:-1","max-image-preview":"max-image-preview:large","max-video-preview":"max-video-preview:-1"},"canonical":"https:\/\/www.asktraders.com\/de\/finanznachrichten\/commerzbank-aktie-unter-beobachtung-unicredit-erwaegt-anteilsverkauf-an-nicht-eu-bieter\/","og_locale":"de_DE","og_type":"article","og_title":"Commerzbank-Aktie unter Beobachtung: UniCredit erw\u00e4gt Anteilsverkauf an Nicht-EU-Bieter | AskTraders.com %","og_description":"Die Aktie der Commerzbank (CBK.DE) steht erneut im Fokus, nachdem der CEO von UniCredit (UNCRY), Andrea Orcel, einen m\u00f6glichen Verkauf des Anteils an der","og_url":"https:\/\/www.asktraders.com\/de\/finanznachrichten\/commerzbank-aktie-unter-beobachtung-unicredit-erwaegt-anteilsverkauf-an-nicht-eu-bieter\/","og_site_name":"AskTraders.com","article_publisher":"https:\/\/www.facebook.com\/asktraderscom","article_modified_time":"2025-09-16T08:51:47+00:00","og_image":[{"width":1000,"height":750,"url":"https:\/\/www.asktraders.com\/wp-content\/uploads\/2023\/05\/commerzbank-aktie.jpg","type":"image\/jpeg"}],"twitter_card":"summary_large_image","twitter_site":"@Asktraders1","twitter_misc":{"Gesch\u00e4tzte Lesezeit":"3 Minuten"},"schema":{"@context":"https:\/\/schema.org","@graph":[{"@type":"NewsArticle","@id":"https:\/\/www.asktraders.com\/de\/finanznachrichten\/commerzbank-aktie-unter-beobachtung-unicredit-erwaegt-anteilsverkauf-an-nicht-eu-bieter\/#article","isPartOf":{"@id":"https:\/\/www.asktraders.com\/de\/finanznachrichten\/commerzbank-aktie-unter-beobachtung-unicredit-erwaegt-anteilsverkauf-an-nicht-eu-bieter\/"},"author":{"name":"Asktraders News Team","@id":"https:\/\/www.asktraders.com\/de\/#\/schema\/person\/a9018e69daa9a7bd7a92bab40944424f","url":"https:\/\/www.asktraders.com\/de\/author\/asktraders-news-team\/"},"headline":"Commerzbank-Aktie unter Beobachtung: UniCredit erw\u00e4gt Anteilsverkauf an Nicht-EU-Bieter","datePublished":"2025-09-16T08:51:44+00:00","dateModified":"2025-09-16T08:51:47+00:00","mainEntityOfPage":{"@id":"https:\/\/www.asktraders.com\/de\/finanznachrichten\/commerzbank-aktie-unter-beobachtung-unicredit-erwaegt-anteilsverkauf-an-nicht-eu-bieter\/"},"wordCount":647,"publisher":{"@id":"https:\/\/www.asktraders.com\/de\/#organization"},"image":{"@id":"https:\/\/www.asktraders.com\/de\/finanznachrichten\/commerzbank-aktie-unter-beobachtung-unicredit-erwaegt-anteilsverkauf-an-nicht-eu-bieter\/#primaryimage"},"thumbnailUrl":"https:\/\/www.asktraders.com\/wp-content\/uploads\/2023\/05\/commerzbank-aktie.jpg","inLanguage":"de-DE"},{"@type":"WebPage","@id":"https:\/\/www.asktraders.com\/de\/finanznachrichten\/commerzbank-aktie-unter-beobachtung-unicredit-erwaegt-anteilsverkauf-an-nicht-eu-bieter\/","url":"https:\/\/www.asktraders.com\/de\/finanznachrichten\/commerzbank-aktie-unter-beobachtung-unicredit-erwaegt-anteilsverkauf-an-nicht-eu-bieter\/","name":"Commerzbank-Aktie unter Beobachtung: UniCredit erw\u00e4gt Anteilsverkauf an Nicht-EU-Bieter | AskTraders.com %","isPartOf":{"@id":"https:\/\/www.asktraders.com\/de\/#website"},"primaryImageOfPage":{"@id":"https:\/\/www.asktraders.com\/de\/finanznachrichten\/commerzbank-aktie-unter-beobachtung-unicredit-erwaegt-anteilsverkauf-an-nicht-eu-bieter\/#primaryimage"},"image":{"@id":"https:\/\/www.asktraders.com\/de\/finanznachrichten\/commerzbank-aktie-unter-beobachtung-unicredit-erwaegt-anteilsverkauf-an-nicht-eu-bieter\/#primaryimage"},"thumbnailUrl":"https:\/\/www.asktraders.com\/wp-content\/uploads\/2023\/05\/commerzbank-aktie.jpg","datePublished":"2025-09-16T08:51:44+00:00","dateModified":"2025-09-16T08:51:47+00:00","description":"Die Aktie der Commerzbank (CBK.DE) steht erneut im Fokus, nachdem der CEO von UniCredit (UNCRY), Andrea Orcel, einen m\u00f6glichen Verkauf des Anteils an der","breadcrumb":{"@id":"https:\/\/www.asktraders.com\/de\/finanznachrichten\/commerzbank-aktie-unter-beobachtung-unicredit-erwaegt-anteilsverkauf-an-nicht-eu-bieter\/#breadcrumb"},"inLanguage":"de-DE","potentialAction":[{"@type":"ReadAction","target":["https:\/\/www.asktraders.com\/de\/finanznachrichten\/commerzbank-aktie-unter-beobachtung-unicredit-erwaegt-anteilsverkauf-an-nicht-eu-bieter\/"]}]},{"@type":"ImageObject","inLanguage":"de-DE","@id":"https:\/\/www.asktraders.com\/de\/finanznachrichten\/commerzbank-aktie-unter-beobachtung-unicredit-erwaegt-anteilsverkauf-an-nicht-eu-bieter\/#primaryimage","url":"https:\/\/www.asktraders.com\/wp-content\/uploads\/2023\/05\/commerzbank-aktie.jpg","contentUrl":"https:\/\/www.asktraders.com\/wp-content\/uploads\/2023\/05\/commerzbank-aktie.jpg","width":1000,"height":750,"caption":"commerzbank aktie"},{"@type":"BreadcrumbList","@id":"https:\/\/www.asktraders.com\/de\/finanznachrichten\/commerzbank-aktie-unter-beobachtung-unicredit-erwaegt-anteilsverkauf-an-nicht-eu-bieter\/#breadcrumb","itemListElement":[{"@type":"ListItem","position":1,"name":"Home","item":"https:\/\/www.asktraders.com\/de\/"},{"@type":"ListItem","position":2,"name":"News","item":"https:\/\/www.asktraders.com\/de\/finanznachrichten\/"},{"@type":"ListItem","position":3,"name":"Commerzbank-Aktie unter Beobachtung: UniCredit erw\u00e4gt Anteilsverkauf an Nicht-EU-Bieter"}]},{"@type":"WebSite","@id":"https:\/\/www.asktraders.com\/de\/#website","url":"https:\/\/www.asktraders.com\/de\/","name":"AskTraders","description":"Guiding You To Trading Success","publisher":{"@id":"https:\/\/www.asktraders.com\/de\/#organization"},"inLanguage":"de-DE"},{"@type":"Organization","@id":"https:\/\/www.asktraders.com\/de\/#organization","name":"AskTraders","url":"https:\/\/www.asktraders.com\/de\/","logo":{"@type":"ImageObject","inLanguage":"de-DE","@id":"https:\/\/www.asktraders.com\/de\/#\/schema\/logo\/image\/","url":"https:\/\/www.asktraders.com\/wp-content\/uploads\/2019\/05\/asktraders-logo-tm-white.png","contentUrl":"https:\/\/www.asktraders.com\/wp-content\/uploads\/2019\/05\/asktraders-logo-tm-white.png","width":232,"height":38,"caption":"AskTraders"},"image":{"@id":"https:\/\/www.asktraders.com\/de\/#\/schema\/logo\/image\/"},"sameAs":["https:\/\/www.facebook.com\/asktraderscom","https:\/\/x.com\/Asktraders1"]},{"@type":"Person","@id":"https:\/\/www.asktraders.com\/de\/#\/schema\/person\/a9018e69daa9a7bd7a92bab40944424f","name":"Asktraders News Team","image":{"@type":"ImageObject","inLanguage":"de-DE","@id":"https:\/\/secure.gravatar.com\/avatar\/4adf30b4bdba8095517be51a6d33eac85d275459c6da979b73dabd753924f280?s=96&d=mm&r=g","url":"https:\/\/secure.gravatar.com\/avatar\/4adf30b4bdba8095517be51a6d33eac85d275459c6da979b73dabd753924f280?s=96&d=mm&r=g","contentUrl":"https:\/\/secure.gravatar.com\/avatar\/4adf30b4bdba8095517be51a6d33eac85d275459c6da979b73dabd753924f280?s=96&d=mm&r=g","caption":"Asktraders News Team"}}]}},"_links":{"self":[{"href":"https:\/\/www.asktraders.com\/de\/wp-json\/wp\/v2\/news\/235986","targetHints":{"allow":["GET"]}}],"collection":[{"href":"https:\/\/www.asktraders.com\/de\/wp-json\/wp\/v2\/news"}],"about":[{"href":"https:\/\/www.asktraders.com\/de\/wp-json\/wp\/v2\/types\/news"}],"author":[{"embeddable":true,"href":"https:\/\/www.asktraders.com\/de\/wp-json\/wp\/v2\/users\/873"}],"replies":[{"embeddable":true,"href":"https:\/\/www.asktraders.com\/de\/wp-json\/wp\/v2\/comments?post=235986"}],"version-history":[{"count":0,"href":"https:\/\/www.asktraders.com\/de\/wp-json\/wp\/v2\/news\/235986\/revisions"}],"wp:featuredmedia":[{"embeddable":true,"href":"https:\/\/www.asktraders.com\/de\/wp-json\/wp\/v2\/media\/173378"}],"wp:attachment":[{"href":"https:\/\/www.asktraders.com\/de\/wp-json\/wp\/v2\/media?parent=235986"}],"wp:term":[{"taxonomy":"news_cluster","embeddable":true,"href":"https:\/\/www.asktraders.com\/de\/wp-json\/wp\/v2\/news_cluster?post=235986"},{"taxonomy":"tradingcategory","embeddable":true,"href":"https:\/\/www.asktraders.com\/de\/wp-json\/wp\/v2\/tradingcategory?post=235986"}],"curies":[{"name":"wp","href":"https:\/\/api.w.org\/{rel}","templated":true}]}}