{"id":237340,"date":"2025-10-02T11:28:24","date_gmt":"2025-10-02T10:28:24","guid":{"rendered":"https:\/\/www.asktraders.com\/?post_type=news&#038;p=237340"},"modified":"2025-10-02T11:28:30","modified_gmt":"2025-10-02T10:28:30","slug":"frequentis-aktie-jahresrallye-erreicht-200-kurs-setzt-aufwaertstrend-fort","status":"publish","type":"news","link":"https:\/\/www.asktraders.com\/de\/finanznachrichten\/frequentis-aktie-jahresrallye-erreicht-200-kurs-setzt-aufwaertstrend-fort\/","title":{"rendered":"Frequentis Aktie: Jahresrallye erreicht 200% \u2013 Kurs setzt Aufw\u00e4rtstrend fort"},"content":{"rendered":"\n<p>Die Aktien der Frequentis AG (FQT.DE) haben in diesem Jahr eine bemerkenswerte Rallye erlebt, die den Kurs um beeindruckende 200% steigen lie\u00df. Dieser substanzielle Anstieg ist auf eine Reihe strategischer Initiativen und positiver Unternehmensentwicklungen zur\u00fcckzuf\u00fchren, die das Vertrauen der M\u00e4rkte gest\u00e4rkt haben.<\/p>\n\n\n\n<p>Der Aktienkurs von Frequentis hat in den letzten Monaten kontinuierlich zugelegt, getrieben von einer Kombination aus operativen Erfolgen und strategischen Entscheidungen. Die Aktie notiert nun auf einem Niveau, das die Erwartungen vieler Marktbeobachter \u00fcbertrifft und die langfristige Perspektive des Unternehmens widerspiegelt.<\/p>\n\n\n\n<stock-market-widget type=\"chart\" template=\"candlestick\" assets=\"FQT.DE\" range=\"1y\" interval=\"1d\" price_field=\"close\" heading=\"Frequentis AG Aktie\" candle_border_width=\"1\" candle_bullish_background_color=\"#21BA45\" candle_bearish_background_color=\"#DB2828\" candle_bullish_border_color=\"#21BA45\" candle_bearish_border_color=\"#DB2828\" axes_color=\"#000000\" tooltip_text_color=\"#262626\" tooltip_background_color=\"#FFFFFF\" range_selector=\"true\" volume_enabled=\"false\" axes_enabled=\"true\" tooltip_enabled=\"true\" zoom_enabled=\"true\" save_image_enabled=\"true\" cursor_enabled=\"true\" api=\"yahoo-finance\"><\/stock-market-widget>\n\n\n\n<stock-market-widget type=\"table-quotes\" template=\"basic\" assets=\"FQT.DE\" fields=\"price,market_cap,pe_ratio,52_week_range\" display_header=\"true\" display_chart=\"false\" search=\"false\" pagination=\"false\" scroll=\"false\" rows_per_page=\"5\" sort_direction=\"asc\" alignment=\"left\" realtime=\"true\" api=\"yahoo-finance\"><\/stock-market-widget>\n\n\n\n<p>Ein wesentlicher Faktor f\u00fcr diese positive Entwicklung ist die interne Restrukturierung des Unternehmens. Am 29. September gab Frequentis eine bedeutende Transaktion bekannt, bei der 3.960.000 Aktien von der Frequentis Group Holding GmbH an die CDS Capital GmbH \u00fcbertragen wurden, wobei beide Unternehmen von Johannes Bardach kontrolliert werden. <\/p>\n\n\n\n<p>Diese Ausgliederung im Rahmen einer Verschmelzungsvereinbarung deutet auf eine strategische Optimierung der betrieblichen Dynamik hin, die darauf abzielt, den Wert f\u00fcr die Stakeholder zu steigern. Die M\u00e4rkte d\u00fcrften diese Ma\u00dfnahme positiv bewerten, da sie das proaktive Management des Unternehmens unterstreicht.<\/p>\n\n\n\n<p>Die Gesch\u00e4ftszahlen f\u00fcr 2024 \u00fcbertrafen die Erwartungen der Analysten deutlich. Frequentis steigerte das Ergebnis vor Zinsen und Steuern (EBIT) auf 32,1 Millionen Euro. Der Umsatz stieg auf 480,3 Millionen Euro, was auf eine starke Gesch\u00e4ftsentwicklung und erfolgreiche Projektabwicklungen zur\u00fcckzuf\u00fchren ist. <\/p>\n\n\n\n<p>Der Auftragseingang erh\u00f6hte sich ebenfalls auf 583,8 Millionen Euro, was die operative St\u00e4rke und die gefestigte Position im Bereich sicherheitskritischer Kommunikation unterstreicht. Diese beeindruckenden Ergebnisse haben zweifellos zur optimistischen Stimmung beigetragen.<\/p>\n\n\n\n<p>Ein weiterer wichtiger Faktor ist die Partnerschaft mit IBM zur Bereitstellung von L\u00f6sungen f\u00fcr das Emergency Services Network (ESN) im Vereinigten K\u00f6nigreich, die am 15. Januar bekannt gegeben wurde. Diese Zusammenarbeit zielt darauf ab, die Kommunikation f\u00fcr \u00fcber 300.000 Notfallhelfer in Gro\u00dfbritannien zu modernisieren und ihnen einen schnelleren Datenzugriff und verbesserte Koordinationsm\u00f6glichkeiten zu bieten. Diese strategische Partnerschaft positioniert Frequentis als Schl\u00fcsselakteur bei kritischen nationalen Infrastrukturprojekten.<\/p>\n\n\n\n<p>Zusammenfassend l\u00e4sst sich sagen, dass die beeindruckende Jahresrallye der Frequentis-Aktie auf eine Reihe strategischer Initiativen, starke Finanzergebnisse, strategische Partnerschaften und Akquisitionen zur\u00fcckzuf\u00fchren ist. Diese Entwicklungen haben das Vertrauen der M\u00e4rkte gest\u00e4rkt und das Unternehmen f\u00fcr nachhaltiges Wachstum im Bereich der sicherheitskritischen Kommunikation positioniert, was die Dynamik der Aktie in naher Zukunft st\u00fctzen d\u00fcrfte.<\/p>\n\n\n<aside class=\"wp-block-related-posts  \" data-sidebar>\n                    \n\n<h2 class=\"wp-block-heading\"  class=\"wp-block-heading\"  id=\"aktien_lernen\">Aktien Lernen<\/h2>\n\n\n        <ul class=\"grid grid-cols-1 md:grid-cols-2 gap-4 lg:grid-cols-1\">\n                            <li class=\"w-full p-3 rounded-lg shadow md:w-full\">\n                    <a href=\"https:\/\/www.asktraders.com\/de\/dax40\/\" class=\"flex\">\n                        <img loading=\"lazy\" decoding=\"async\" width=\"150\" height=\"150\" src=\"https:\/\/www.asktraders.com\/wp-content\/uploads\/2020\/09\/DAX-handeln-150x150.jpg\" class=\"w-1\/3 rounded object-cover  wp-post-image\" alt=\"DAX handeln\" \/>\n                        <div class=\"flex flex-col w-2\/3 pl-3\">\n                                                        <span\n                                class=\"block py-1 grow text-sm font-bold \">DAX 40 heute aktuell | Index, Kurs und Prognose<\/span>\n                                                            <span class=\"text-xs uppercase\">\n                                    Analyst Team\n                                <\/span>\n                                                    <\/div>\n                    <\/a>\n                <\/li>\n                            <li class=\"w-full p-3 rounded-lg shadow md:w-full\">\n                    <a href=\"https:\/\/www.asktraders.com\/learn-to-trade\/stock-trading\/how-to-trade-stocks\/\" class=\"flex\">\n                        <img loading=\"lazy\" decoding=\"async\" width=\"150\" height=\"150\" src=\"https:\/\/www.asktraders.com\/wp-content\/uploads\/2020\/08\/how-to-trade-stocks-01-150x150.jpg\" class=\"w-1\/3 rounded object-cover  wp-post-image\" alt=\"how to trade stocks\" \/>\n                        <div class=\"flex flex-col w-2\/3 pl-3\">\n                                                        <span\n                                class=\"block py-1 grow text-sm font-bold \">How To Trade Stocks &#8211; The Guide For Beginners<\/span>\n                                                            <span class=\"text-xs uppercase\">\n                                    Analyst Team\n                                <\/span>\n                                                    <\/div>\n                    <\/a>\n                <\/li>\n                            <li class=\"w-full p-3 rounded-lg shadow md:w-full\">\n                    <a href=\"https:\/\/www.asktraders.com\/de\/traden-lernen\/trading-ratgeber\/nachhaltige-etf\/\" class=\"flex\">\n                        <img loading=\"lazy\" decoding=\"async\" width=\"150\" height=\"150\" src=\"https:\/\/www.asktraders.com\/wp-content\/uploads\/2020\/08\/Nachhaltige-ETF-150x150.jpg\" class=\"w-1\/3 rounded object-cover  wp-post-image\" alt=\"Nachhaltige ETF\" \/>\n                        <div class=\"flex flex-col w-2\/3 pl-3\">\n                                                        <span\n                                class=\"block py-1 grow text-sm font-bold \">Nachhaltige ETF \u2013 Wo lohnt sich die Investition in \u00d6ko ETFs?<\/span>\n                                                            <span class=\"text-xs uppercase\">\n                                    Nigel Frith\n                                <\/span>\n                                                    <\/div>\n                    <\/a>\n                <\/li>\n                            <li class=\"w-full p-3 rounded-lg shadow md:w-full\">\n                    <a href=\"https:\/\/www.asktraders.com\/de\/traden-lernen\/trading-strategien\/vwap-strategie\/\" class=\"flex\">\n                        <img loading=\"lazy\" decoding=\"async\" width=\"150\" height=\"150\" src=\"https:\/\/www.asktraders.com\/wp-content\/uploads\/2021\/09\/VWAP-Trading-Strategy-Guide-Examples-150x150.jpg\" class=\"w-1\/3 rounded object-cover  wp-post-image\" alt=\"VWAP Trading Strategy Guide &amp; Examples\" \/>\n                        <div class=\"flex flex-col w-2\/3 pl-3\">\n                                                        <span\n                                class=\"block py-1 grow text-sm font-bold \">VWAP Strategie Anwendung &amp; Beispiele<\/span>\n                                                            <span class=\"text-xs uppercase\">\n                                    Analyst Team\n                                <\/span>\n                                                    <\/div>\n                    <\/a>\n                <\/li>\n                            <li class=\"w-full p-3 rounded-lg shadow md:w-full\">\n                    <a href=\"https:\/\/www.asktraders.com\/de\/traden-lernen\/trading-strategien\/was-ist-scalping\/\" class=\"flex\">\n                        <img loading=\"lazy\" decoding=\"async\" width=\"150\" height=\"150\" src=\"https:\/\/www.asktraders.com\/wp-content\/uploads\/2020\/03\/what-is-scalping-150x150.jpg\" class=\"w-1\/3 rounded object-cover  wp-post-image\" alt=\"what is scalping\" \/>\n                        <div class=\"flex flex-col w-2\/3 pl-3\">\n                                                        <span\n                                class=\"block py-1 grow text-sm font-bold \">Was ist Scalping? Strategien, Tipps &amp; Beispiele<\/span>\n                                                            <span class=\"text-xs uppercase\">\n                                    Analyst Team\n                                <\/span>\n                                                    <\/div>\n                    <\/a>\n                <\/li>\n                            <li class=\"w-full p-3 rounded-lg shadow md:w-full\">\n                    <a href=\"https:\/\/www.asktraders.com\/learn-to-trade\/guides\/etoro-analysis-of-trading-signals-sentiment-resources\/\" class=\"flex\">\n                        <img loading=\"lazy\" decoding=\"async\" width=\"150\" height=\"150\" src=\"https:\/\/www.asktraders.com\/wp-content\/uploads\/2022\/12\/eToro-Analysis-of-Trading-Signals-Sentiment-Resources-150x150.jpg\" class=\"w-1\/3 rounded object-cover  wp-post-image\" alt=\"eToro Analysis of Trading Signals &amp; Sentiment Resources\" \/>\n                        <div class=\"flex flex-col w-2\/3 pl-3\">\n                                                        <span\n                                class=\"block py-1 grow text-sm font-bold \">eToro \u2013 Analysis of Trading Signals &amp; Sentiment Resources<\/span>\n                                                            <span class=\"text-xs uppercase\">\n                                    Justin Freeman\n                                <\/span>\n                                                    <\/div>\n                    <\/a>\n                <\/li>\n                    <\/ul>\n            \n    <\/aside>\n\n\n<div class=\"wp-block-top5-broker\" data-sidebar>\n        <div>\n        \n\n<h2 class=\"wp-block-heading\"  class=\"wp-block-heading\"  id=\"\"><\/h2>\n\n\n    <\/div>\n            <div class=\"block bg-white rounded-lg shadow\">\n        <ul\n            class=\"flex flex-wrap w-full -mb-px list-none border-b-2 navTabs \">\n                                                                                                        <\/ul>\n                    <div class=\"navTabContent \" id=\"top5-tab1\">\n                <ol class=\"flex\n                flex-wrap\n                \">\n                                    <\/ol>\n                            <\/div>\n                    <div class=\"navTabContent hidden\" id=\"top5-tab2\">\n                <ol class=\"flex\n                flex-wrap\n                \">\n                                    <\/ol>\n                            <\/div>\n                    <div class=\"navTabContent hidden\" id=\"top5-tab3\">\n                <ol class=\"flex\n                flex-wrap\n                \">\n                                    <\/ol>\n                            <\/div>\n        \n    <\/div>\n    <\/div>\n\n\n<aside class=\"wp-block-related-posts related-posts-latest \" data-sidebar>\n                    \n\n<h2 class=\"wp-block-heading\"  class=\"wp-block-heading\"  id=\"news\">News<\/h2>\n\n\n        <ul class=\"grid grid-cols-1 md:grid-cols-2 gap-4 lg:grid-cols-1\">\n                            <li class=\"w-full p-3 rounded-lg shadow md:w-full\">\n                    <a href=\"https:\/\/www.asktraders.com\/de\/finanznachrichten\/evonik-aktien-erreichen-neues-tief-als-e13-durchbrochen-werden\/\" class=\"flex\">\n                        <img loading=\"lazy\" decoding=\"async\" width=\"150\" height=\"150\" src=\"https:\/\/www.asktraders.com\/wp-content\/uploads\/2023\/05\/evonik-aktie-prognose-150x150.jpg\" class=\"w-1\/3 rounded object-cover  wp-post-image\" alt=\"Evonik Aktie\" \/>\n                        <div class=\"flex flex-col w-2\/3 pl-3\">\n                                                        <span\n                                class=\"block py-1 grow text-sm font-bold \">Evonik Aktien erreichen neues Tief, als \u20ac13 durchbrochen werden<\/span>\n                                                            <span class=\"text-xs uppercase\">\n                                    Analyst Team\n                                <\/span>\n                                                    <\/div>\n                    <\/a>\n                <\/li>\n                            <li class=\"w-full p-3 rounded-lg shadow md:w-full\">\n                    <a href=\"https:\/\/www.asktraders.com\/de\/finanznachrichten\/2g-energy-ag-aktie-erholt-sich-von-unterstuetzung-steigerung-von-10\/\" class=\"flex\">\n                        <img loading=\"lazy\" decoding=\"async\" width=\"150\" height=\"150\" src=\"https:\/\/www.asktraders.com\/wp-content\/uploads\/2025\/08\/power-and-energy-150x150.jpg\" class=\"w-1\/3 rounded object-cover  wp-post-image\" alt=\"Uniper UN0\" \/>\n                        <div class=\"flex flex-col w-2\/3 pl-3\">\n                                                        <span\n                                class=\"block py-1 grow text-sm font-bold \">2G Energy AG Aktie erholt sich von Unterst\u00fctzung \u2013 Steigerung von 10%<\/span>\n                                                            <span class=\"text-xs uppercase\">\n                                    Analyst Team\n                                <\/span>\n                                                    <\/div>\n                    <\/a>\n                <\/li>\n                            <li class=\"w-full p-3 rounded-lg shadow md:w-full\">\n                    <a href=\"https:\/\/www.asktraders.com\/de\/finanznachrichten\/mercedes-benz-aktie-goldman-sachs-initiiert-analystendeckung-mit-positiver-einschaetzung\/\" class=\"flex\">\n                        <img loading=\"lazy\" decoding=\"async\" width=\"150\" height=\"150\" src=\"https:\/\/www.asktraders.com\/wp-content\/uploads\/2023\/06\/aktie-mercedes-150x150.jpg\" class=\"w-1\/3 rounded object-cover  wp-post-image\" alt=\"Mercedes Aktie\" \/>\n                        <div class=\"flex flex-col w-2\/3 pl-3\">\n                                                        <span\n                                class=\"block py-1 grow text-sm font-bold \">Mercedes-Benz Aktie: Goldman Sachs initiiert Analystendeckung mit positiver Einsch\u00e4tzung<\/span>\n                                                            <span class=\"text-xs uppercase\">\n                                    Analyst Team\n                                <\/span>\n                                                    <\/div>\n                    <\/a>\n                <\/li>\n                            <li class=\"w-full p-3 rounded-lg shadow md:w-full\">\n                    <a href=\"https:\/\/www.asktraders.com\/de\/finanznachrichten\/dax-aktien-erholen-sich-nach-nvidia-beben-maerkte-atmen-auf\/\" class=\"flex\">\n                        <img loading=\"lazy\" decoding=\"async\" width=\"150\" height=\"150\" src=\"https:\/\/www.asktraders.com\/wp-content\/uploads\/2023\/04\/dax-handeln-150x150.jpg\" class=\"w-1\/3 rounded object-cover  wp-post-image\" alt=\"\" \/>\n                        <div class=\"flex flex-col w-2\/3 pl-3\">\n                                                        <span\n                                class=\"block py-1 grow text-sm font-bold \">DAX-Aktien erholen sich nach Nvidia-Beben: M\u00e4rkte atmen auf<\/span>\n                                                            <span class=\"text-xs uppercase\">\n                                    Analyst Team\n                                <\/span>\n                                                    <\/div>\n                    <\/a>\n                <\/li>\n                            <li class=\"w-full p-3 rounded-lg shadow md:w-full\">\n                    <a href=\"https:\/\/www.asktraders.com\/de\/finanznachrichten\/rheinmetall-aktien-finden-unterstuetzung-bei-1-600-e-wie-geht-es-weiter\/\" class=\"flex\">\n                        <img loading=\"lazy\" decoding=\"async\" width=\"150\" height=\"150\" src=\"https:\/\/www.asktraders.com\/wp-content\/uploads\/2022\/11\/Die-Rheinmetall-Aktie-im-Chart-150x150.jpg\" class=\"w-1\/3 rounded object-cover  wp-post-image\" alt=\"Die Rheinmetall Aktie im Chart\" \/>\n                        <div class=\"flex flex-col w-2\/3 pl-3\">\n                                                        <span\n                                class=\"block py-1 grow text-sm font-bold \">Rheinmetall-Aktien finden Unterst\u00fctzung bei 1.600 \u20ac \u2013 Wie geht es weiter?<\/span>\n                                                            <span class=\"text-xs uppercase\">\n                                    Analyst Team\n                                <\/span>\n                                                    <\/div>\n                    <\/a>\n                <\/li>\n                    <\/ul>\n            \n    <\/aside>\n","protected":false},"author":873,"featured_media":236897,"comment_status":"closed","ping_status":"closed","template":"","news_cluster":[],"tradingcategory":[58519],"class_list":["post-237340","news","type-news","status-publish","has-post-thumbnail","hentry","tradingcategory-news-de"],"acf":[],"apple_news_notices":[],"yoast_head":"<!-- This site is optimized with the Yoast SEO plugin v27.2 - https:\/\/yoast.com\/product\/yoast-seo-wordpress\/ -->\n<title>Frequentis Aktie: Jahresrallye erreicht 200% \u2013 Kurs setzt Aufw\u00e4rtstrend fort | AskTraders.com %<\/title>\n<meta name=\"description\" content=\"Die Aktien der Frequentis AG (FQT.DE) haben in diesem Jahr eine bemerkenswerte Rallye erlebt, die den Kurs um beeindruckende 200% steigen lie\u00df. Dieser\" \/>\n<meta name=\"robots\" content=\"index, follow, max-snippet:-1, max-image-preview:large, max-video-preview:-1\" \/>\n<link rel=\"canonical\" href=\"https:\/\/www.asktraders.com\/de\/finanznachrichten\/frequentis-aktie-jahresrallye-erreicht-200-kurs-setzt-aufwaertstrend-fort\/\" \/>\n<meta property=\"og:locale\" content=\"de_DE\" \/>\n<meta property=\"og:type\" content=\"article\" \/>\n<meta property=\"og:title\" content=\"Frequentis Aktie: Jahresrallye erreicht 200% \u2013 Kurs setzt Aufw\u00e4rtstrend fort | AskTraders.com %\" \/>\n<meta property=\"og:description\" content=\"Die Aktien der Frequentis AG (FQT.DE) haben in diesem Jahr eine bemerkenswerte Rallye erlebt, die den Kurs um beeindruckende 200% steigen lie\u00df. Dieser\" \/>\n<meta property=\"og:url\" content=\"https:\/\/www.asktraders.com\/de\/finanznachrichten\/frequentis-aktie-jahresrallye-erreicht-200-kurs-setzt-aufwaertstrend-fort\/\" \/>\n<meta property=\"og:site_name\" content=\"AskTraders.com\" \/>\n<meta property=\"article:publisher\" content=\"https:\/\/www.facebook.com\/asktraderscom\" \/>\n<meta property=\"article:modified_time\" content=\"2025-10-02T10:28:30+00:00\" \/>\n<meta property=\"og:image\" content=\"https:\/\/www.asktraders.com\/wp-content\/uploads\/2025\/09\/frequentis-logo.jpg\" \/>\n\t<meta property=\"og:image:width\" content=\"400\" \/>\n\t<meta property=\"og:image:height\" content=\"200\" \/>\n\t<meta property=\"og:image:type\" content=\"image\/jpeg\" \/>\n<meta name=\"twitter:card\" content=\"summary_large_image\" \/>\n<meta name=\"twitter:site\" content=\"@Asktraders1\" \/>\n<meta name=\"twitter:label1\" content=\"Gesch\u00e4tzte Lesezeit\" \/>\n\t<meta name=\"twitter:data1\" content=\"2 Minuten\" \/>\n<script type=\"application\/ld+json\" class=\"yoast-schema-graph\">{\"@context\":\"https:\/\/schema.org\",\"@graph\":[{\"@type\":\"NewsArticle\",\"@id\":\"https:\/\/www.asktraders.com\/de\/finanznachrichten\/frequentis-aktie-jahresrallye-erreicht-200-kurs-setzt-aufwaertstrend-fort\/#article\",\"isPartOf\":{\"@id\":\"https:\/\/www.asktraders.com\/de\/finanznachrichten\/frequentis-aktie-jahresrallye-erreicht-200-kurs-setzt-aufwaertstrend-fort\/\"},\"author\":{\"name\":\"Asktraders News Team\",\"@id\":\"https:\/\/www.asktraders.com\/de\/#\/schema\/person\/a9018e69daa9a7bd7a92bab40944424f\",\"url\":\"https:\/\/www.asktraders.com\/de\/author\/asktraders-news-team\/\"},\"headline\":\"Frequentis Aktie: Jahresrallye erreicht 200% \u2013 Kurs setzt Aufw\u00e4rtstrend fort\",\"datePublished\":\"2025-10-02T10:28:24+00:00\",\"dateModified\":\"2025-10-02T10:28:30+00:00\",\"mainEntityOfPage\":{\"@id\":\"https:\/\/www.asktraders.com\/de\/finanznachrichten\/frequentis-aktie-jahresrallye-erreicht-200-kurs-setzt-aufwaertstrend-fort\/\"},\"wordCount\":513,\"publisher\":{\"@id\":\"https:\/\/www.asktraders.com\/de\/#organization\"},\"image\":{\"@id\":\"https:\/\/www.asktraders.com\/de\/finanznachrichten\/frequentis-aktie-jahresrallye-erreicht-200-kurs-setzt-aufwaertstrend-fort\/#primaryimage\"},\"thumbnailUrl\":\"https:\/\/www.asktraders.com\/wp-content\/uploads\/2025\/09\/frequentis-logo.jpg\",\"inLanguage\":\"de-DE\"},{\"@type\":\"WebPage\",\"@id\":\"https:\/\/www.asktraders.com\/de\/finanznachrichten\/frequentis-aktie-jahresrallye-erreicht-200-kurs-setzt-aufwaertstrend-fort\/\",\"url\":\"https:\/\/www.asktraders.com\/de\/finanznachrichten\/frequentis-aktie-jahresrallye-erreicht-200-kurs-setzt-aufwaertstrend-fort\/\",\"name\":\"Frequentis Aktie: Jahresrallye erreicht 200% \u2013 Kurs setzt Aufw\u00e4rtstrend fort | AskTraders.com %\",\"isPartOf\":{\"@id\":\"https:\/\/www.asktraders.com\/de\/#website\"},\"primaryImageOfPage\":{\"@id\":\"https:\/\/www.asktraders.com\/de\/finanznachrichten\/frequentis-aktie-jahresrallye-erreicht-200-kurs-setzt-aufwaertstrend-fort\/#primaryimage\"},\"image\":{\"@id\":\"https:\/\/www.asktraders.com\/de\/finanznachrichten\/frequentis-aktie-jahresrallye-erreicht-200-kurs-setzt-aufwaertstrend-fort\/#primaryimage\"},\"thumbnailUrl\":\"https:\/\/www.asktraders.com\/wp-content\/uploads\/2025\/09\/frequentis-logo.jpg\",\"datePublished\":\"2025-10-02T10:28:24+00:00\",\"dateModified\":\"2025-10-02T10:28:30+00:00\",\"description\":\"Die Aktien der Frequentis AG (FQT.DE) haben in diesem Jahr eine bemerkenswerte Rallye erlebt, die den Kurs um beeindruckende 200% steigen lie\u00df. Dieser\",\"breadcrumb\":{\"@id\":\"https:\/\/www.asktraders.com\/de\/finanznachrichten\/frequentis-aktie-jahresrallye-erreicht-200-kurs-setzt-aufwaertstrend-fort\/#breadcrumb\"},\"inLanguage\":\"de-DE\",\"potentialAction\":[{\"@type\":\"ReadAction\",\"target\":[\"https:\/\/www.asktraders.com\/de\/finanznachrichten\/frequentis-aktie-jahresrallye-erreicht-200-kurs-setzt-aufwaertstrend-fort\/\"]}]},{\"@type\":\"ImageObject\",\"inLanguage\":\"de-DE\",\"@id\":\"https:\/\/www.asktraders.com\/de\/finanznachrichten\/frequentis-aktie-jahresrallye-erreicht-200-kurs-setzt-aufwaertstrend-fort\/#primaryimage\",\"url\":\"https:\/\/www.asktraders.com\/wp-content\/uploads\/2025\/09\/frequentis-logo.jpg\",\"contentUrl\":\"https:\/\/www.asktraders.com\/wp-content\/uploads\/2025\/09\/frequentis-logo.jpg\",\"width\":400,\"height\":200,\"caption\":\"frequentis logo\"},{\"@type\":\"BreadcrumbList\",\"@id\":\"https:\/\/www.asktraders.com\/de\/finanznachrichten\/frequentis-aktie-jahresrallye-erreicht-200-kurs-setzt-aufwaertstrend-fort\/#breadcrumb\",\"itemListElement\":[{\"@type\":\"ListItem\",\"position\":1,\"name\":\"Home\",\"item\":\"https:\/\/www.asktraders.com\/de\/\"},{\"@type\":\"ListItem\",\"position\":2,\"name\":\"News\",\"item\":\"https:\/\/www.asktraders.com\/de\/finanznachrichten\/\"},{\"@type\":\"ListItem\",\"position\":3,\"name\":\"Frequentis Aktie: Jahresrallye erreicht 200% \u2013 Kurs setzt Aufw\u00e4rtstrend fort\"}]},{\"@type\":\"WebSite\",\"@id\":\"https:\/\/www.asktraders.com\/de\/#website\",\"url\":\"https:\/\/www.asktraders.com\/de\/\",\"name\":\"AskTraders\",\"description\":\"Guiding You To Trading Success\",\"publisher\":{\"@id\":\"https:\/\/www.asktraders.com\/de\/#organization\"},\"inLanguage\":\"de-DE\"},{\"@type\":\"Organization\",\"@id\":\"https:\/\/www.asktraders.com\/de\/#organization\",\"name\":\"AskTraders\",\"url\":\"https:\/\/www.asktraders.com\/de\/\",\"logo\":{\"@type\":\"ImageObject\",\"inLanguage\":\"de-DE\",\"@id\":\"https:\/\/www.asktraders.com\/de\/#\/schema\/logo\/image\/\",\"url\":\"https:\/\/www.asktraders.com\/wp-content\/uploads\/2019\/05\/asktraders-logo-tm-white.png\",\"contentUrl\":\"https:\/\/www.asktraders.com\/wp-content\/uploads\/2019\/05\/asktraders-logo-tm-white.png\",\"width\":232,\"height\":38,\"caption\":\"AskTraders\"},\"image\":{\"@id\":\"https:\/\/www.asktraders.com\/de\/#\/schema\/logo\/image\/\"},\"sameAs\":[\"https:\/\/www.facebook.com\/asktraderscom\",\"https:\/\/x.com\/Asktraders1\"]},{\"@type\":\"Person\",\"@id\":\"https:\/\/www.asktraders.com\/de\/#\/schema\/person\/a9018e69daa9a7bd7a92bab40944424f\",\"name\":\"Asktraders News Team\",\"image\":{\"@type\":\"ImageObject\",\"inLanguage\":\"de-DE\",\"@id\":\"https:\/\/secure.gravatar.com\/avatar\/4adf30b4bdba8095517be51a6d33eac85d275459c6da979b73dabd753924f280?s=96&d=mm&r=g\",\"url\":\"https:\/\/secure.gravatar.com\/avatar\/4adf30b4bdba8095517be51a6d33eac85d275459c6da979b73dabd753924f280?s=96&d=mm&r=g\",\"contentUrl\":\"https:\/\/secure.gravatar.com\/avatar\/4adf30b4bdba8095517be51a6d33eac85d275459c6da979b73dabd753924f280?s=96&d=mm&r=g\",\"caption\":\"Asktraders News Team\"}}]}<\/script>\n<!-- \/ Yoast SEO plugin. -->","yoast_head_json":{"title":"Frequentis Aktie: Jahresrallye erreicht 200% \u2013 Kurs setzt Aufw\u00e4rtstrend fort | AskTraders.com %","description":"Die Aktien der Frequentis AG (FQT.DE) haben in diesem Jahr eine bemerkenswerte Rallye erlebt, die den Kurs um beeindruckende 200% steigen lie\u00df. Dieser","robots":{"index":"index","follow":"follow","max-snippet":"max-snippet:-1","max-image-preview":"max-image-preview:large","max-video-preview":"max-video-preview:-1"},"canonical":"https:\/\/www.asktraders.com\/de\/finanznachrichten\/frequentis-aktie-jahresrallye-erreicht-200-kurs-setzt-aufwaertstrend-fort\/","og_locale":"de_DE","og_type":"article","og_title":"Frequentis Aktie: Jahresrallye erreicht 200% \u2013 Kurs setzt Aufw\u00e4rtstrend fort | AskTraders.com %","og_description":"Die Aktien der Frequentis AG (FQT.DE) haben in diesem Jahr eine bemerkenswerte Rallye erlebt, die den Kurs um beeindruckende 200% steigen lie\u00df. Dieser","og_url":"https:\/\/www.asktraders.com\/de\/finanznachrichten\/frequentis-aktie-jahresrallye-erreicht-200-kurs-setzt-aufwaertstrend-fort\/","og_site_name":"AskTraders.com","article_publisher":"https:\/\/www.facebook.com\/asktraderscom","article_modified_time":"2025-10-02T10:28:30+00:00","og_image":[{"width":400,"height":200,"url":"https:\/\/www.asktraders.com\/wp-content\/uploads\/2025\/09\/frequentis-logo.jpg","type":"image\/jpeg"}],"twitter_card":"summary_large_image","twitter_site":"@Asktraders1","twitter_misc":{"Gesch\u00e4tzte Lesezeit":"2 Minuten"},"schema":{"@context":"https:\/\/schema.org","@graph":[{"@type":"NewsArticle","@id":"https:\/\/www.asktraders.com\/de\/finanznachrichten\/frequentis-aktie-jahresrallye-erreicht-200-kurs-setzt-aufwaertstrend-fort\/#article","isPartOf":{"@id":"https:\/\/www.asktraders.com\/de\/finanznachrichten\/frequentis-aktie-jahresrallye-erreicht-200-kurs-setzt-aufwaertstrend-fort\/"},"author":{"name":"Asktraders News Team","@id":"https:\/\/www.asktraders.com\/de\/#\/schema\/person\/a9018e69daa9a7bd7a92bab40944424f","url":"https:\/\/www.asktraders.com\/de\/author\/asktraders-news-team\/"},"headline":"Frequentis Aktie: Jahresrallye erreicht 200% \u2013 Kurs setzt Aufw\u00e4rtstrend fort","datePublished":"2025-10-02T10:28:24+00:00","dateModified":"2025-10-02T10:28:30+00:00","mainEntityOfPage":{"@id":"https:\/\/www.asktraders.com\/de\/finanznachrichten\/frequentis-aktie-jahresrallye-erreicht-200-kurs-setzt-aufwaertstrend-fort\/"},"wordCount":513,"publisher":{"@id":"https:\/\/www.asktraders.com\/de\/#organization"},"image":{"@id":"https:\/\/www.asktraders.com\/de\/finanznachrichten\/frequentis-aktie-jahresrallye-erreicht-200-kurs-setzt-aufwaertstrend-fort\/#primaryimage"},"thumbnailUrl":"https:\/\/www.asktraders.com\/wp-content\/uploads\/2025\/09\/frequentis-logo.jpg","inLanguage":"de-DE"},{"@type":"WebPage","@id":"https:\/\/www.asktraders.com\/de\/finanznachrichten\/frequentis-aktie-jahresrallye-erreicht-200-kurs-setzt-aufwaertstrend-fort\/","url":"https:\/\/www.asktraders.com\/de\/finanznachrichten\/frequentis-aktie-jahresrallye-erreicht-200-kurs-setzt-aufwaertstrend-fort\/","name":"Frequentis Aktie: Jahresrallye erreicht 200% \u2013 Kurs setzt Aufw\u00e4rtstrend fort | AskTraders.com %","isPartOf":{"@id":"https:\/\/www.asktraders.com\/de\/#website"},"primaryImageOfPage":{"@id":"https:\/\/www.asktraders.com\/de\/finanznachrichten\/frequentis-aktie-jahresrallye-erreicht-200-kurs-setzt-aufwaertstrend-fort\/#primaryimage"},"image":{"@id":"https:\/\/www.asktraders.com\/de\/finanznachrichten\/frequentis-aktie-jahresrallye-erreicht-200-kurs-setzt-aufwaertstrend-fort\/#primaryimage"},"thumbnailUrl":"https:\/\/www.asktraders.com\/wp-content\/uploads\/2025\/09\/frequentis-logo.jpg","datePublished":"2025-10-02T10:28:24+00:00","dateModified":"2025-10-02T10:28:30+00:00","description":"Die Aktien der Frequentis AG (FQT.DE) haben in diesem Jahr eine bemerkenswerte Rallye erlebt, die den Kurs um beeindruckende 200% steigen lie\u00df. Dieser","breadcrumb":{"@id":"https:\/\/www.asktraders.com\/de\/finanznachrichten\/frequentis-aktie-jahresrallye-erreicht-200-kurs-setzt-aufwaertstrend-fort\/#breadcrumb"},"inLanguage":"de-DE","potentialAction":[{"@type":"ReadAction","target":["https:\/\/www.asktraders.com\/de\/finanznachrichten\/frequentis-aktie-jahresrallye-erreicht-200-kurs-setzt-aufwaertstrend-fort\/"]}]},{"@type":"ImageObject","inLanguage":"de-DE","@id":"https:\/\/www.asktraders.com\/de\/finanznachrichten\/frequentis-aktie-jahresrallye-erreicht-200-kurs-setzt-aufwaertstrend-fort\/#primaryimage","url":"https:\/\/www.asktraders.com\/wp-content\/uploads\/2025\/09\/frequentis-logo.jpg","contentUrl":"https:\/\/www.asktraders.com\/wp-content\/uploads\/2025\/09\/frequentis-logo.jpg","width":400,"height":200,"caption":"frequentis logo"},{"@type":"BreadcrumbList","@id":"https:\/\/www.asktraders.com\/de\/finanznachrichten\/frequentis-aktie-jahresrallye-erreicht-200-kurs-setzt-aufwaertstrend-fort\/#breadcrumb","itemListElement":[{"@type":"ListItem","position":1,"name":"Home","item":"https:\/\/www.asktraders.com\/de\/"},{"@type":"ListItem","position":2,"name":"News","item":"https:\/\/www.asktraders.com\/de\/finanznachrichten\/"},{"@type":"ListItem","position":3,"name":"Frequentis Aktie: Jahresrallye erreicht 200% \u2013 Kurs setzt Aufw\u00e4rtstrend fort"}]},{"@type":"WebSite","@id":"https:\/\/www.asktraders.com\/de\/#website","url":"https:\/\/www.asktraders.com\/de\/","name":"AskTraders","description":"Guiding You To Trading Success","publisher":{"@id":"https:\/\/www.asktraders.com\/de\/#organization"},"inLanguage":"de-DE"},{"@type":"Organization","@id":"https:\/\/www.asktraders.com\/de\/#organization","name":"AskTraders","url":"https:\/\/www.asktraders.com\/de\/","logo":{"@type":"ImageObject","inLanguage":"de-DE","@id":"https:\/\/www.asktraders.com\/de\/#\/schema\/logo\/image\/","url":"https:\/\/www.asktraders.com\/wp-content\/uploads\/2019\/05\/asktraders-logo-tm-white.png","contentUrl":"https:\/\/www.asktraders.com\/wp-content\/uploads\/2019\/05\/asktraders-logo-tm-white.png","width":232,"height":38,"caption":"AskTraders"},"image":{"@id":"https:\/\/www.asktraders.com\/de\/#\/schema\/logo\/image\/"},"sameAs":["https:\/\/www.facebook.com\/asktraderscom","https:\/\/x.com\/Asktraders1"]},{"@type":"Person","@id":"https:\/\/www.asktraders.com\/de\/#\/schema\/person\/a9018e69daa9a7bd7a92bab40944424f","name":"Asktraders News Team","image":{"@type":"ImageObject","inLanguage":"de-DE","@id":"https:\/\/secure.gravatar.com\/avatar\/4adf30b4bdba8095517be51a6d33eac85d275459c6da979b73dabd753924f280?s=96&d=mm&r=g","url":"https:\/\/secure.gravatar.com\/avatar\/4adf30b4bdba8095517be51a6d33eac85d275459c6da979b73dabd753924f280?s=96&d=mm&r=g","contentUrl":"https:\/\/secure.gravatar.com\/avatar\/4adf30b4bdba8095517be51a6d33eac85d275459c6da979b73dabd753924f280?s=96&d=mm&r=g","caption":"Asktraders News Team"}}]}},"_links":{"self":[{"href":"https:\/\/www.asktraders.com\/de\/wp-json\/wp\/v2\/news\/237340","targetHints":{"allow":["GET"]}}],"collection":[{"href":"https:\/\/www.asktraders.com\/de\/wp-json\/wp\/v2\/news"}],"about":[{"href":"https:\/\/www.asktraders.com\/de\/wp-json\/wp\/v2\/types\/news"}],"author":[{"embeddable":true,"href":"https:\/\/www.asktraders.com\/de\/wp-json\/wp\/v2\/users\/873"}],"replies":[{"embeddable":true,"href":"https:\/\/www.asktraders.com\/de\/wp-json\/wp\/v2\/comments?post=237340"}],"version-history":[{"count":0,"href":"https:\/\/www.asktraders.com\/de\/wp-json\/wp\/v2\/news\/237340\/revisions"}],"wp:featuredmedia":[{"embeddable":true,"href":"https:\/\/www.asktraders.com\/de\/wp-json\/wp\/v2\/media\/236897"}],"wp:attachment":[{"href":"https:\/\/www.asktraders.com\/de\/wp-json\/wp\/v2\/media?parent=237340"}],"wp:term":[{"taxonomy":"news_cluster","embeddable":true,"href":"https:\/\/www.asktraders.com\/de\/wp-json\/wp\/v2\/news_cluster?post=237340"},{"taxonomy":"tradingcategory","embeddable":true,"href":"https:\/\/www.asktraders.com\/de\/wp-json\/wp\/v2\/tradingcategory?post=237340"}],"curies":[{"name":"wp","href":"https:\/\/api.w.org\/{rel}","templated":true}]}}