{"id":237772,"date":"2025-10-07T11:01:07","date_gmt":"2025-10-07T10:01:07","guid":{"rendered":"https:\/\/www.asktraders.com\/?post_type=news&#038;p=237772"},"modified":"2025-10-07T11:01:12","modified_gmt":"2025-10-07T10:01:12","slug":"vat-group-aktie-erhaelt-neuen-rueckenwind-von-citi-kursziel-bei-425-chf","status":"publish","type":"news","link":"https:\/\/www.asktraders.com\/de\/finanznachrichten\/vat-group-aktie-erhaelt-neuen-rueckenwind-von-citi-kursziel-bei-425-chf\/","title":{"rendered":"VAT Group Aktie erh\u00e4lt neuen R\u00fcckenwind von Citi \u2013 Kursziel bei 425 CHF"},"content":{"rendered":"\n<p>Die Aktie der VAT Group AG (VACN.SW), einem f\u00fchrenden Schweizer Hersteller von Hochleistungs-Vakuumventilen, erf\u00e4hrt eine Neubewertung durch die Aufnahme in die Beobachtungsliste von Citi. Dieser Schritt signalisiert potenzielles Wachstum und hat einen positiven Einfluss auf die Marktbewegung<\/p>\n\n\n\n<p>Die Aktie der VAT Group liegt seit Jahresbeginn (YTD) 7,79% im Plus. Der Fokus richtet sich nun auf die zuk\u00fcnftige Kursentwicklung nach der optimistischen Einsch\u00e4tzung durch Citi.<\/p>\n\n\n\n<stock-market-widget type=\"chart\" template=\"candlestick\" assets=\"VACN.SW\" range=\"1y\" interval=\"1d\" price_field=\"close\" heading=\"VAT Group AG Aktie\" candle_border_width=\"1\" candle_bullish_background_color=\"#21BA45\" candle_bearish_background_color=\"#DB2828\" candle_bullish_border_color=\"#21BA45\" candle_bearish_border_color=\"#DB2828\" axes_color=\"#000000\" tooltip_text_color=\"#262626\" tooltip_background_color=\"#FFFFFF\" range_selector=\"true\" volume_enabled=\"false\" axes_enabled=\"true\" tooltip_enabled=\"true\" zoom_enabled=\"true\" save_image_enabled=\"true\" cursor_enabled=\"true\" api=\"yahoo-finance\"><\/stock-market-widget>\n\n\n\n<stock-market-widget type=\"table-quotes\" template=\"basic\" assets=\"VACN.SW\" fields=\"price,market_cap,pe_ratio,52_week_range\" display_header=\"true\" display_chart=\"false\" search=\"false\" pagination=\"false\" scroll=\"false\" rows_per_page=\"5\" sort_direction=\"asc\" alignment=\"left\" realtime=\"true\" api=\"yahoo-finance\"><\/stock-market-widget>\n\n\n\n<p>Analyst Daniel Schafei von Citi hat die Beobachtung der VAT Group mit einer Kaufempfehlung und einem Kursziel von 425 CHF aufgenommen. Schafei sieht die Endm\u00e4rkte des Unternehmens als Wachstumstreiber aus der aktuellen Talsohle. <\/p>\n\n\n\n<p>Diese Einsch\u00e4tzung steht im Kontrast zu einer fr\u00fcheren &#8222;Hold&#8220;-Empfehlung von UBS, die ein Kursziel von 357,85 $ festlegte. Die UBS-Einsch\u00e4tzung vom 26. September wurde durch Umsatzeinbu\u00dfen im dritten Quartal aufgrund technischer Probleme bei der Implementierung eines neuen ERP-Systems beeinflusst, was zu Umsatzeinbu\u00dfen von sch\u00e4tzungsweise 20 bis 25 Millionen CHF f\u00fchrte. Diese Umsatzeinbu\u00dfen werden voraussichtlich im vierten Quartal kompensiert.<\/p>\n\n\n\n<p>Zus\u00e4tzlich zu den ERP-bedingten Verz\u00f6gerungen hat die aktuelle Schw\u00e4che der Speicherpreise, die VATs erhebliches Engagement im Speichersektor \u00fcber Gro\u00dfkunden wie LRCX und AMAT betrifft, das Aufw\u00e4rtspotenzial der Aktie begrenzt. Trotz dieser Herausforderungen bleibt die Marktposition von VAT stark.<\/p>\n\n\n\n<p>Ein Lichtblick ist der Anstieg des Auftragseingangs im vierten Quartal um 44 % gegen\u00fcber dem Vorquartal, was eine Erholung vom vorherigen Auftragstief im zweiten Quartal signalisiert. Trotz dieser positiven Entwicklung haben Analysten aufgrund der hohen Bewertung der VAT Group AG-Aktien, die im Vergleich zu ihren gr\u00f6\u00dften Kunden mit einem Aufschlag gehandelt werden, eine &#8222;Hold&#8220;-Empfehlung beibehalten. <\/p>\n\n\n\n<p>Im August gab die VAT Group AG eine Management\u00e4nderung in ihrer Semiconductor Solutions Group bekannt. Solche Ver\u00e4nderungen k\u00f6nnen die Marktstimmung beeinflussen, indem sie potenzielle Ver\u00e4nderungen in der strategischen Ausrichtung oder dem operativen Fokus signalisieren.<\/p>\n\n\n\n<p>Im Jahr 2024 meldete die VAT Group AG einen Nettoumsatz von 942 Millionen CHF, was einer Steigerung von 6,43 % gegen\u00fcber dem Vorjahr entspricht. Der Nettogewinn des Unternehmens belief sich auf 211,8 Millionen CHF, was einer Steigerung von 11,29 % entspricht. Mit einer Marktkapitalisierung von rund 10,07 Milliarden CHF und einem KGV von 42,12 behauptet die VAT Group AG eine starke Position in der Vakuumtechnologiebranche.<\/p>\n\n\n\n<p>Die Marktbewegung wird nun genau beobachtet werden, da die optimistische Einsch\u00e4tzung von Citi auf Faktoren wie Umsatzverz\u00f6gerungen, hohe Bewertungsbedenken und Management\u00e4nderungen trifft. <\/p>\n\n\n\n<p>Das Zusammenspiel dieser Faktoren wird entscheidend sein, um die zuk\u00fcnftige Performance der Aktie zu bestimmen. Das neue Kursziel von Citi k\u00f6nnte einen positiven Trend ausl\u00f6sen, aber die Nachhaltigkeit dieses Trends h\u00e4ngt von der Bew\u00e4ltigung der genannten Herausforderungen ab. Die kombinierten Einfl\u00fcsse der positiven Citi-Bewertung und der bestehenden Herausforderungen k\u00f6nnten zu erh\u00f6hter Volatilit\u00e4t f\u00fchren.<\/p>\n\n\n<aside class=\"wp-block-related-posts  \" data-sidebar>\n                    \n\n<h2 class=\"wp-block-heading\"  class=\"wp-block-heading\"  id=\"aktien_lernen\">Aktien Lernen<\/h2>\n\n\n        <ul class=\"grid grid-cols-1 md:grid-cols-2 gap-4 lg:grid-cols-1\">\n                            <li class=\"w-full p-3 rounded-lg shadow md:w-full\">\n                    <a href=\"https:\/\/www.asktraders.com\/de\/dax40\/\" class=\"flex\">\n                        <img loading=\"lazy\" decoding=\"async\" width=\"150\" height=\"150\" src=\"https:\/\/www.asktraders.com\/wp-content\/uploads\/2020\/09\/DAX-handeln-150x150.jpg\" class=\"w-1\/3 rounded object-cover  wp-post-image\" alt=\"DAX handeln\" \/>\n                        <div class=\"flex flex-col w-2\/3 pl-3\">\n                                                        <span\n                                class=\"block py-1 grow text-sm font-bold \">DAX 40 heute aktuell | Index, Kurs und Prognose<\/span>\n                                                            <span class=\"text-xs uppercase\">\n                                    Analyst Team\n                                <\/span>\n                                                    <\/div>\n                    <\/a>\n                <\/li>\n                            <li class=\"w-full p-3 rounded-lg shadow md:w-full\">\n                    <a href=\"https:\/\/www.asktraders.com\/learn-to-trade\/stock-trading\/how-to-trade-stocks\/\" class=\"flex\">\n                        <img loading=\"lazy\" decoding=\"async\" width=\"150\" height=\"150\" src=\"https:\/\/www.asktraders.com\/wp-content\/uploads\/2020\/08\/how-to-trade-stocks-01-150x150.jpg\" class=\"w-1\/3 rounded object-cover  wp-post-image\" alt=\"how to trade stocks\" \/>\n                        <div class=\"flex flex-col w-2\/3 pl-3\">\n                                                        <span\n                                class=\"block py-1 grow text-sm font-bold \">How To Trade Stocks &#8211; The Guide For Beginners<\/span>\n                                                            <span class=\"text-xs uppercase\">\n                                    Analyst Team\n                                <\/span>\n                                                    <\/div>\n                    <\/a>\n                <\/li>\n                            <li class=\"w-full p-3 rounded-lg shadow md:w-full\">\n                    <a href=\"https:\/\/www.asktraders.com\/de\/traden-lernen\/trading-ratgeber\/nachhaltige-etf\/\" class=\"flex\">\n                        <img loading=\"lazy\" decoding=\"async\" width=\"150\" height=\"150\" src=\"https:\/\/www.asktraders.com\/wp-content\/uploads\/2020\/08\/Nachhaltige-ETF-150x150.jpg\" class=\"w-1\/3 rounded object-cover  wp-post-image\" alt=\"Nachhaltige ETF\" \/>\n                        <div class=\"flex flex-col w-2\/3 pl-3\">\n                                                        <span\n                                class=\"block py-1 grow text-sm font-bold \">Nachhaltige ETF \u2013 Wo lohnt sich die Investition in \u00d6ko ETFs?<\/span>\n                                                            <span class=\"text-xs uppercase\">\n                                    Nigel Frith\n                                <\/span>\n                                                    <\/div>\n                    <\/a>\n                <\/li>\n                            <li class=\"w-full p-3 rounded-lg shadow md:w-full\">\n                    <a href=\"https:\/\/www.asktraders.com\/de\/traden-lernen\/trading-strategien\/vwap-strategie\/\" class=\"flex\">\n                        <img loading=\"lazy\" decoding=\"async\" width=\"150\" height=\"150\" src=\"https:\/\/www.asktraders.com\/wp-content\/uploads\/2021\/09\/VWAP-Trading-Strategy-Guide-Examples-150x150.jpg\" class=\"w-1\/3 rounded object-cover  wp-post-image\" alt=\"VWAP Trading Strategy Guide &amp; Examples\" \/>\n                        <div class=\"flex flex-col w-2\/3 pl-3\">\n                                                        <span\n                                class=\"block py-1 grow text-sm font-bold \">VWAP Strategie Anwendung &amp; Beispiele<\/span>\n                                                            <span class=\"text-xs uppercase\">\n                                    Analyst Team\n                                <\/span>\n                                                    <\/div>\n                    <\/a>\n                <\/li>\n                            <li class=\"w-full p-3 rounded-lg shadow md:w-full\">\n                    <a href=\"https:\/\/www.asktraders.com\/de\/traden-lernen\/trading-strategien\/was-ist-scalping\/\" class=\"flex\">\n                        <img loading=\"lazy\" decoding=\"async\" width=\"150\" height=\"150\" src=\"https:\/\/www.asktraders.com\/wp-content\/uploads\/2020\/03\/what-is-scalping-150x150.jpg\" class=\"w-1\/3 rounded object-cover  wp-post-image\" alt=\"what is scalping\" \/>\n                        <div class=\"flex flex-col w-2\/3 pl-3\">\n                                                        <span\n                                class=\"block py-1 grow text-sm font-bold \">Was ist Scalping? Strategien, Tipps &amp; Beispiele<\/span>\n                                                            <span class=\"text-xs uppercase\">\n                                    Analyst Team\n                                <\/span>\n                                                    <\/div>\n                    <\/a>\n                <\/li>\n                            <li class=\"w-full p-3 rounded-lg shadow md:w-full\">\n                    <a href=\"https:\/\/www.asktraders.com\/learn-to-trade\/guides\/etoro-analysis-of-trading-signals-sentiment-resources\/\" class=\"flex\">\n                        <img loading=\"lazy\" decoding=\"async\" width=\"150\" height=\"150\" src=\"https:\/\/www.asktraders.com\/wp-content\/uploads\/2022\/12\/eToro-Analysis-of-Trading-Signals-Sentiment-Resources-150x150.jpg\" class=\"w-1\/3 rounded object-cover  wp-post-image\" alt=\"eToro Analysis of Trading Signals &amp; Sentiment Resources\" \/>\n                        <div class=\"flex flex-col w-2\/3 pl-3\">\n                                                        <span\n                                class=\"block py-1 grow text-sm font-bold \">eToro \u2013 Analysis of Trading Signals &amp; Sentiment Resources<\/span>\n                                                            <span class=\"text-xs uppercase\">\n                                    Justin Freeman\n                                <\/span>\n                                                    <\/div>\n                    <\/a>\n                <\/li>\n                    <\/ul>\n            \n    <\/aside>\n\n\n<div class=\"wp-block-top5-broker\" data-sidebar>\n        <div>\n        \n\n<h2 class=\"wp-block-heading\"  class=\"wp-block-heading\"  id=\"\"><\/h2>\n\n\n    <\/div>\n            <div class=\"block bg-white rounded-lg shadow\">\n        <ul\n            class=\"flex flex-wrap w-full -mb-px list-none border-b-2 navTabs \">\n                                                                                                        <\/ul>\n                    <div class=\"navTabContent \" id=\"top5-tab1\">\n                <ol class=\"flex\n                flex-wrap\n                \">\n                                    <\/ol>\n                            <\/div>\n                    <div class=\"navTabContent hidden\" id=\"top5-tab2\">\n                <ol class=\"flex\n                flex-wrap\n                \">\n                                    <\/ol>\n                            <\/div>\n                    <div class=\"navTabContent hidden\" id=\"top5-tab3\">\n                <ol class=\"flex\n                flex-wrap\n                \">\n                                    <\/ol>\n                            <\/div>\n        \n    <\/div>\n    <\/div>\n\n\n<aside class=\"wp-block-related-posts related-posts-latest \" data-sidebar>\n                    \n\n<h2 class=\"wp-block-heading\"  class=\"wp-block-heading\"  id=\"news\">News<\/h2>\n\n\n        <ul class=\"grid grid-cols-1 md:grid-cols-2 gap-4 lg:grid-cols-1\">\n                            <li class=\"w-full p-3 rounded-lg shadow md:w-full\">\n                    <a href=\"https:\/\/www.asktraders.com\/de\/finanznachrichten\/evonik-aktien-erreichen-neues-tief-als-e13-durchbrochen-werden\/\" class=\"flex\">\n                        <img loading=\"lazy\" decoding=\"async\" width=\"150\" height=\"150\" src=\"https:\/\/www.asktraders.com\/wp-content\/uploads\/2023\/05\/evonik-aktie-prognose-150x150.jpg\" class=\"w-1\/3 rounded object-cover  wp-post-image\" alt=\"Evonik Aktie\" \/>\n                        <div class=\"flex flex-col w-2\/3 pl-3\">\n                                                        <span\n                                class=\"block py-1 grow text-sm font-bold \">Evonik Aktien erreichen neues Tief, als \u20ac13 durchbrochen werden<\/span>\n                                                            <span class=\"text-xs uppercase\">\n                                    Analyst Team\n                                <\/span>\n                                                    <\/div>\n                    <\/a>\n                <\/li>\n                            <li class=\"w-full p-3 rounded-lg shadow md:w-full\">\n                    <a href=\"https:\/\/www.asktraders.com\/de\/finanznachrichten\/2g-energy-ag-aktie-erholt-sich-von-unterstuetzung-steigerung-von-10\/\" class=\"flex\">\n                        <img loading=\"lazy\" decoding=\"async\" width=\"150\" height=\"150\" src=\"https:\/\/www.asktraders.com\/wp-content\/uploads\/2025\/08\/power-and-energy-150x150.jpg\" class=\"w-1\/3 rounded object-cover  wp-post-image\" alt=\"Uniper UN0\" \/>\n                        <div class=\"flex flex-col w-2\/3 pl-3\">\n                                                        <span\n                                class=\"block py-1 grow text-sm font-bold \">2G Energy AG Aktie erholt sich von Unterst\u00fctzung \u2013 Steigerung von 10%<\/span>\n                                                            <span class=\"text-xs uppercase\">\n                                    Analyst Team\n                                <\/span>\n                                                    <\/div>\n                    <\/a>\n                <\/li>\n                            <li class=\"w-full p-3 rounded-lg shadow md:w-full\">\n                    <a href=\"https:\/\/www.asktraders.com\/de\/finanznachrichten\/mercedes-benz-aktie-goldman-sachs-initiiert-analystendeckung-mit-positiver-einschaetzung\/\" class=\"flex\">\n                        <img loading=\"lazy\" decoding=\"async\" width=\"150\" height=\"150\" src=\"https:\/\/www.asktraders.com\/wp-content\/uploads\/2023\/06\/aktie-mercedes-150x150.jpg\" class=\"w-1\/3 rounded object-cover  wp-post-image\" alt=\"Mercedes Aktie\" \/>\n                        <div class=\"flex flex-col w-2\/3 pl-3\">\n                                                        <span\n                                class=\"block py-1 grow text-sm font-bold \">Mercedes-Benz Aktie: Goldman Sachs initiiert Analystendeckung mit positiver Einsch\u00e4tzung<\/span>\n                                                            <span class=\"text-xs uppercase\">\n                                    Analyst Team\n                                <\/span>\n                                                    <\/div>\n                    <\/a>\n                <\/li>\n                            <li class=\"w-full p-3 rounded-lg shadow md:w-full\">\n                    <a href=\"https:\/\/www.asktraders.com\/de\/finanznachrichten\/dax-aktien-erholen-sich-nach-nvidia-beben-maerkte-atmen-auf\/\" class=\"flex\">\n                        <img loading=\"lazy\" decoding=\"async\" width=\"150\" height=\"150\" src=\"https:\/\/www.asktraders.com\/wp-content\/uploads\/2023\/04\/dax-handeln-150x150.jpg\" class=\"w-1\/3 rounded object-cover  wp-post-image\" alt=\"\" \/>\n                        <div class=\"flex flex-col w-2\/3 pl-3\">\n                                                        <span\n                                class=\"block py-1 grow text-sm font-bold \">DAX-Aktien erholen sich nach Nvidia-Beben: M\u00e4rkte atmen auf<\/span>\n                                                            <span class=\"text-xs uppercase\">\n                                    Analyst Team\n                                <\/span>\n                                                    <\/div>\n                    <\/a>\n                <\/li>\n                            <li class=\"w-full p-3 rounded-lg shadow md:w-full\">\n                    <a href=\"https:\/\/www.asktraders.com\/de\/finanznachrichten\/rheinmetall-aktien-finden-unterstuetzung-bei-1-600-e-wie-geht-es-weiter\/\" class=\"flex\">\n                        <img loading=\"lazy\" decoding=\"async\" width=\"150\" height=\"150\" src=\"https:\/\/www.asktraders.com\/wp-content\/uploads\/2022\/11\/Die-Rheinmetall-Aktie-im-Chart-150x150.jpg\" class=\"w-1\/3 rounded object-cover  wp-post-image\" alt=\"Die Rheinmetall Aktie im Chart\" \/>\n                        <div class=\"flex flex-col w-2\/3 pl-3\">\n                                                        <span\n                                class=\"block py-1 grow text-sm font-bold \">Rheinmetall-Aktien finden Unterst\u00fctzung bei 1.600 \u20ac \u2013 Wie geht es weiter?<\/span>\n                                                            <span class=\"text-xs uppercase\">\n                                    Analyst Team\n                                <\/span>\n                                                    <\/div>\n                    <\/a>\n                <\/li>\n                    <\/ul>\n            \n    <\/aside>\n","protected":false},"author":873,"featured_media":237784,"comment_status":"closed","ping_status":"closed","template":"","news_cluster":[],"tradingcategory":[58519],"class_list":["post-237772","news","type-news","status-publish","has-post-thumbnail","hentry","tradingcategory-news-de"],"acf":[],"apple_news_notices":[],"yoast_head":"<!-- This site is optimized with the Yoast SEO plugin v27.2 - https:\/\/yoast.com\/product\/yoast-seo-wordpress\/ -->\n<title>VAT Group Aktie erh\u00e4lt neuen R\u00fcckenwind von Citi \u2013 Kursziel bei 425 CHF | AskTraders.com %<\/title>\n<meta name=\"description\" content=\"Die Aktie der VAT Group AG (VACN.SW), einem f\u00fchrenden Schweizer Hersteller von Hochleistungs-Vakuumventilen, erf\u00e4hrt eine Neubewertung durch die Aufnahme\" \/>\n<meta name=\"robots\" content=\"index, follow, max-snippet:-1, max-image-preview:large, max-video-preview:-1\" \/>\n<link rel=\"canonical\" href=\"https:\/\/www.asktraders.com\/de\/finanznachrichten\/vat-group-aktie-erhaelt-neuen-rueckenwind-von-citi-kursziel-bei-425-chf\/\" \/>\n<meta property=\"og:locale\" content=\"de_DE\" \/>\n<meta property=\"og:type\" content=\"article\" \/>\n<meta property=\"og:title\" content=\"VAT Group Aktie erh\u00e4lt neuen R\u00fcckenwind von Citi \u2013 Kursziel bei 425 CHF | AskTraders.com %\" \/>\n<meta property=\"og:description\" content=\"Die Aktie der VAT Group AG (VACN.SW), einem f\u00fchrenden Schweizer Hersteller von Hochleistungs-Vakuumventilen, erf\u00e4hrt eine Neubewertung durch die Aufnahme\" \/>\n<meta property=\"og:url\" content=\"https:\/\/www.asktraders.com\/de\/finanznachrichten\/vat-group-aktie-erhaelt-neuen-rueckenwind-von-citi-kursziel-bei-425-chf\/\" \/>\n<meta property=\"og:site_name\" content=\"AskTraders.com\" \/>\n<meta property=\"article:publisher\" content=\"https:\/\/www.facebook.com\/asktraderscom\" \/>\n<meta property=\"article:modified_time\" content=\"2025-10-07T10:01:12+00:00\" \/>\n<meta property=\"og:image\" content=\"https:\/\/www.asktraders.com\/wp-content\/uploads\/2025\/10\/VAT-Group-AG-logo.png\" \/>\n\t<meta property=\"og:image:width\" content=\"525\" \/>\n\t<meta property=\"og:image:height\" content=\"202\" \/>\n\t<meta property=\"og:image:type\" content=\"image\/png\" \/>\n<meta name=\"twitter:card\" content=\"summary_large_image\" \/>\n<meta name=\"twitter:site\" content=\"@Asktraders1\" \/>\n<meta name=\"twitter:label1\" content=\"Gesch\u00e4tzte Lesezeit\" \/>\n\t<meta name=\"twitter:data1\" content=\"3 Minuten\" \/>\n<script type=\"application\/ld+json\" class=\"yoast-schema-graph\">{\"@context\":\"https:\/\/schema.org\",\"@graph\":[{\"@type\":\"NewsArticle\",\"@id\":\"https:\/\/www.asktraders.com\/de\/finanznachrichten\/vat-group-aktie-erhaelt-neuen-rueckenwind-von-citi-kursziel-bei-425-chf\/#article\",\"isPartOf\":{\"@id\":\"https:\/\/www.asktraders.com\/de\/finanznachrichten\/vat-group-aktie-erhaelt-neuen-rueckenwind-von-citi-kursziel-bei-425-chf\/\"},\"author\":{\"name\":\"Asktraders News Team\",\"@id\":\"https:\/\/www.asktraders.com\/de\/#\/schema\/person\/a9018e69daa9a7bd7a92bab40944424f\",\"url\":\"https:\/\/www.asktraders.com\/de\/author\/asktraders-news-team\/\"},\"headline\":\"VAT Group Aktie erh\u00e4lt neuen R\u00fcckenwind von Citi \u2013 Kursziel bei 425 CHF\",\"datePublished\":\"2025-10-07T10:01:07+00:00\",\"dateModified\":\"2025-10-07T10:01:12+00:00\",\"mainEntityOfPage\":{\"@id\":\"https:\/\/www.asktraders.com\/de\/finanznachrichten\/vat-group-aktie-erhaelt-neuen-rueckenwind-von-citi-kursziel-bei-425-chf\/\"},\"wordCount\":581,\"publisher\":{\"@id\":\"https:\/\/www.asktraders.com\/de\/#organization\"},\"image\":{\"@id\":\"https:\/\/www.asktraders.com\/de\/finanznachrichten\/vat-group-aktie-erhaelt-neuen-rueckenwind-von-citi-kursziel-bei-425-chf\/#primaryimage\"},\"thumbnailUrl\":\"https:\/\/www.asktraders.com\/wp-content\/uploads\/2025\/10\/VAT-Group-AG-logo.png\",\"inLanguage\":\"de-DE\"},{\"@type\":\"WebPage\",\"@id\":\"https:\/\/www.asktraders.com\/de\/finanznachrichten\/vat-group-aktie-erhaelt-neuen-rueckenwind-von-citi-kursziel-bei-425-chf\/\",\"url\":\"https:\/\/www.asktraders.com\/de\/finanznachrichten\/vat-group-aktie-erhaelt-neuen-rueckenwind-von-citi-kursziel-bei-425-chf\/\",\"name\":\"VAT Group Aktie erh\u00e4lt neuen R\u00fcckenwind von Citi \u2013 Kursziel bei 425 CHF | AskTraders.com %\",\"isPartOf\":{\"@id\":\"https:\/\/www.asktraders.com\/de\/#website\"},\"primaryImageOfPage\":{\"@id\":\"https:\/\/www.asktraders.com\/de\/finanznachrichten\/vat-group-aktie-erhaelt-neuen-rueckenwind-von-citi-kursziel-bei-425-chf\/#primaryimage\"},\"image\":{\"@id\":\"https:\/\/www.asktraders.com\/de\/finanznachrichten\/vat-group-aktie-erhaelt-neuen-rueckenwind-von-citi-kursziel-bei-425-chf\/#primaryimage\"},\"thumbnailUrl\":\"https:\/\/www.asktraders.com\/wp-content\/uploads\/2025\/10\/VAT-Group-AG-logo.png\",\"datePublished\":\"2025-10-07T10:01:07+00:00\",\"dateModified\":\"2025-10-07T10:01:12+00:00\",\"description\":\"Die Aktie der VAT Group AG (VACN.SW), einem f\u00fchrenden Schweizer Hersteller von Hochleistungs-Vakuumventilen, erf\u00e4hrt eine Neubewertung durch die Aufnahme\",\"breadcrumb\":{\"@id\":\"https:\/\/www.asktraders.com\/de\/finanznachrichten\/vat-group-aktie-erhaelt-neuen-rueckenwind-von-citi-kursziel-bei-425-chf\/#breadcrumb\"},\"inLanguage\":\"de-DE\",\"potentialAction\":[{\"@type\":\"ReadAction\",\"target\":[\"https:\/\/www.asktraders.com\/de\/finanznachrichten\/vat-group-aktie-erhaelt-neuen-rueckenwind-von-citi-kursziel-bei-425-chf\/\"]}]},{\"@type\":\"ImageObject\",\"inLanguage\":\"de-DE\",\"@id\":\"https:\/\/www.asktraders.com\/de\/finanznachrichten\/vat-group-aktie-erhaelt-neuen-rueckenwind-von-citi-kursziel-bei-425-chf\/#primaryimage\",\"url\":\"https:\/\/www.asktraders.com\/wp-content\/uploads\/2025\/10\/VAT-Group-AG-logo.png\",\"contentUrl\":\"https:\/\/www.asktraders.com\/wp-content\/uploads\/2025\/10\/VAT-Group-AG-logo.png\",\"width\":525,\"height\":202,\"caption\":\"VAT Group AG logo\"},{\"@type\":\"BreadcrumbList\",\"@id\":\"https:\/\/www.asktraders.com\/de\/finanznachrichten\/vat-group-aktie-erhaelt-neuen-rueckenwind-von-citi-kursziel-bei-425-chf\/#breadcrumb\",\"itemListElement\":[{\"@type\":\"ListItem\",\"position\":1,\"name\":\"Home\",\"item\":\"https:\/\/www.asktraders.com\/de\/\"},{\"@type\":\"ListItem\",\"position\":2,\"name\":\"News\",\"item\":\"https:\/\/www.asktraders.com\/de\/finanznachrichten\/\"},{\"@type\":\"ListItem\",\"position\":3,\"name\":\"VAT Group Aktie erh\u00e4lt neuen R\u00fcckenwind von Citi \u2013 Kursziel bei 425 CHF\"}]},{\"@type\":\"WebSite\",\"@id\":\"https:\/\/www.asktraders.com\/de\/#website\",\"url\":\"https:\/\/www.asktraders.com\/de\/\",\"name\":\"AskTraders\",\"description\":\"Guiding You To Trading Success\",\"publisher\":{\"@id\":\"https:\/\/www.asktraders.com\/de\/#organization\"},\"inLanguage\":\"de-DE\"},{\"@type\":\"Organization\",\"@id\":\"https:\/\/www.asktraders.com\/de\/#organization\",\"name\":\"AskTraders\",\"url\":\"https:\/\/www.asktraders.com\/de\/\",\"logo\":{\"@type\":\"ImageObject\",\"inLanguage\":\"de-DE\",\"@id\":\"https:\/\/www.asktraders.com\/de\/#\/schema\/logo\/image\/\",\"url\":\"https:\/\/www.asktraders.com\/wp-content\/uploads\/2019\/05\/asktraders-logo-tm-white.png\",\"contentUrl\":\"https:\/\/www.asktraders.com\/wp-content\/uploads\/2019\/05\/asktraders-logo-tm-white.png\",\"width\":232,\"height\":38,\"caption\":\"AskTraders\"},\"image\":{\"@id\":\"https:\/\/www.asktraders.com\/de\/#\/schema\/logo\/image\/\"},\"sameAs\":[\"https:\/\/www.facebook.com\/asktraderscom\",\"https:\/\/x.com\/Asktraders1\"]},{\"@type\":\"Person\",\"@id\":\"https:\/\/www.asktraders.com\/de\/#\/schema\/person\/a9018e69daa9a7bd7a92bab40944424f\",\"name\":\"Asktraders News Team\",\"image\":{\"@type\":\"ImageObject\",\"inLanguage\":\"de-DE\",\"@id\":\"https:\/\/secure.gravatar.com\/avatar\/4adf30b4bdba8095517be51a6d33eac85d275459c6da979b73dabd753924f280?s=96&d=mm&r=g\",\"url\":\"https:\/\/secure.gravatar.com\/avatar\/4adf30b4bdba8095517be51a6d33eac85d275459c6da979b73dabd753924f280?s=96&d=mm&r=g\",\"contentUrl\":\"https:\/\/secure.gravatar.com\/avatar\/4adf30b4bdba8095517be51a6d33eac85d275459c6da979b73dabd753924f280?s=96&d=mm&r=g\",\"caption\":\"Asktraders News Team\"}}]}<\/script>\n<!-- \/ Yoast SEO plugin. -->","yoast_head_json":{"title":"VAT Group Aktie erh\u00e4lt neuen R\u00fcckenwind von Citi \u2013 Kursziel bei 425 CHF | AskTraders.com %","description":"Die Aktie der VAT Group AG (VACN.SW), einem f\u00fchrenden Schweizer Hersteller von Hochleistungs-Vakuumventilen, erf\u00e4hrt eine Neubewertung durch die Aufnahme","robots":{"index":"index","follow":"follow","max-snippet":"max-snippet:-1","max-image-preview":"max-image-preview:large","max-video-preview":"max-video-preview:-1"},"canonical":"https:\/\/www.asktraders.com\/de\/finanznachrichten\/vat-group-aktie-erhaelt-neuen-rueckenwind-von-citi-kursziel-bei-425-chf\/","og_locale":"de_DE","og_type":"article","og_title":"VAT Group Aktie erh\u00e4lt neuen R\u00fcckenwind von Citi \u2013 Kursziel bei 425 CHF | AskTraders.com %","og_description":"Die Aktie der VAT Group AG (VACN.SW), einem f\u00fchrenden Schweizer Hersteller von Hochleistungs-Vakuumventilen, erf\u00e4hrt eine Neubewertung durch die Aufnahme","og_url":"https:\/\/www.asktraders.com\/de\/finanznachrichten\/vat-group-aktie-erhaelt-neuen-rueckenwind-von-citi-kursziel-bei-425-chf\/","og_site_name":"AskTraders.com","article_publisher":"https:\/\/www.facebook.com\/asktraderscom","article_modified_time":"2025-10-07T10:01:12+00:00","og_image":[{"width":525,"height":202,"url":"https:\/\/www.asktraders.com\/wp-content\/uploads\/2025\/10\/VAT-Group-AG-logo.png","type":"image\/png"}],"twitter_card":"summary_large_image","twitter_site":"@Asktraders1","twitter_misc":{"Gesch\u00e4tzte Lesezeit":"3 Minuten"},"schema":{"@context":"https:\/\/schema.org","@graph":[{"@type":"NewsArticle","@id":"https:\/\/www.asktraders.com\/de\/finanznachrichten\/vat-group-aktie-erhaelt-neuen-rueckenwind-von-citi-kursziel-bei-425-chf\/#article","isPartOf":{"@id":"https:\/\/www.asktraders.com\/de\/finanznachrichten\/vat-group-aktie-erhaelt-neuen-rueckenwind-von-citi-kursziel-bei-425-chf\/"},"author":{"name":"Asktraders News Team","@id":"https:\/\/www.asktraders.com\/de\/#\/schema\/person\/a9018e69daa9a7bd7a92bab40944424f","url":"https:\/\/www.asktraders.com\/de\/author\/asktraders-news-team\/"},"headline":"VAT Group Aktie erh\u00e4lt neuen R\u00fcckenwind von Citi \u2013 Kursziel bei 425 CHF","datePublished":"2025-10-07T10:01:07+00:00","dateModified":"2025-10-07T10:01:12+00:00","mainEntityOfPage":{"@id":"https:\/\/www.asktraders.com\/de\/finanznachrichten\/vat-group-aktie-erhaelt-neuen-rueckenwind-von-citi-kursziel-bei-425-chf\/"},"wordCount":581,"publisher":{"@id":"https:\/\/www.asktraders.com\/de\/#organization"},"image":{"@id":"https:\/\/www.asktraders.com\/de\/finanznachrichten\/vat-group-aktie-erhaelt-neuen-rueckenwind-von-citi-kursziel-bei-425-chf\/#primaryimage"},"thumbnailUrl":"https:\/\/www.asktraders.com\/wp-content\/uploads\/2025\/10\/VAT-Group-AG-logo.png","inLanguage":"de-DE"},{"@type":"WebPage","@id":"https:\/\/www.asktraders.com\/de\/finanznachrichten\/vat-group-aktie-erhaelt-neuen-rueckenwind-von-citi-kursziel-bei-425-chf\/","url":"https:\/\/www.asktraders.com\/de\/finanznachrichten\/vat-group-aktie-erhaelt-neuen-rueckenwind-von-citi-kursziel-bei-425-chf\/","name":"VAT Group Aktie erh\u00e4lt neuen R\u00fcckenwind von Citi \u2013 Kursziel bei 425 CHF | AskTraders.com %","isPartOf":{"@id":"https:\/\/www.asktraders.com\/de\/#website"},"primaryImageOfPage":{"@id":"https:\/\/www.asktraders.com\/de\/finanznachrichten\/vat-group-aktie-erhaelt-neuen-rueckenwind-von-citi-kursziel-bei-425-chf\/#primaryimage"},"image":{"@id":"https:\/\/www.asktraders.com\/de\/finanznachrichten\/vat-group-aktie-erhaelt-neuen-rueckenwind-von-citi-kursziel-bei-425-chf\/#primaryimage"},"thumbnailUrl":"https:\/\/www.asktraders.com\/wp-content\/uploads\/2025\/10\/VAT-Group-AG-logo.png","datePublished":"2025-10-07T10:01:07+00:00","dateModified":"2025-10-07T10:01:12+00:00","description":"Die Aktie der VAT Group AG (VACN.SW), einem f\u00fchrenden Schweizer Hersteller von Hochleistungs-Vakuumventilen, erf\u00e4hrt eine Neubewertung durch die Aufnahme","breadcrumb":{"@id":"https:\/\/www.asktraders.com\/de\/finanznachrichten\/vat-group-aktie-erhaelt-neuen-rueckenwind-von-citi-kursziel-bei-425-chf\/#breadcrumb"},"inLanguage":"de-DE","potentialAction":[{"@type":"ReadAction","target":["https:\/\/www.asktraders.com\/de\/finanznachrichten\/vat-group-aktie-erhaelt-neuen-rueckenwind-von-citi-kursziel-bei-425-chf\/"]}]},{"@type":"ImageObject","inLanguage":"de-DE","@id":"https:\/\/www.asktraders.com\/de\/finanznachrichten\/vat-group-aktie-erhaelt-neuen-rueckenwind-von-citi-kursziel-bei-425-chf\/#primaryimage","url":"https:\/\/www.asktraders.com\/wp-content\/uploads\/2025\/10\/VAT-Group-AG-logo.png","contentUrl":"https:\/\/www.asktraders.com\/wp-content\/uploads\/2025\/10\/VAT-Group-AG-logo.png","width":525,"height":202,"caption":"VAT Group AG logo"},{"@type":"BreadcrumbList","@id":"https:\/\/www.asktraders.com\/de\/finanznachrichten\/vat-group-aktie-erhaelt-neuen-rueckenwind-von-citi-kursziel-bei-425-chf\/#breadcrumb","itemListElement":[{"@type":"ListItem","position":1,"name":"Home","item":"https:\/\/www.asktraders.com\/de\/"},{"@type":"ListItem","position":2,"name":"News","item":"https:\/\/www.asktraders.com\/de\/finanznachrichten\/"},{"@type":"ListItem","position":3,"name":"VAT Group Aktie erh\u00e4lt neuen R\u00fcckenwind von Citi \u2013 Kursziel bei 425 CHF"}]},{"@type":"WebSite","@id":"https:\/\/www.asktraders.com\/de\/#website","url":"https:\/\/www.asktraders.com\/de\/","name":"AskTraders","description":"Guiding You To Trading Success","publisher":{"@id":"https:\/\/www.asktraders.com\/de\/#organization"},"inLanguage":"de-DE"},{"@type":"Organization","@id":"https:\/\/www.asktraders.com\/de\/#organization","name":"AskTraders","url":"https:\/\/www.asktraders.com\/de\/","logo":{"@type":"ImageObject","inLanguage":"de-DE","@id":"https:\/\/www.asktraders.com\/de\/#\/schema\/logo\/image\/","url":"https:\/\/www.asktraders.com\/wp-content\/uploads\/2019\/05\/asktraders-logo-tm-white.png","contentUrl":"https:\/\/www.asktraders.com\/wp-content\/uploads\/2019\/05\/asktraders-logo-tm-white.png","width":232,"height":38,"caption":"AskTraders"},"image":{"@id":"https:\/\/www.asktraders.com\/de\/#\/schema\/logo\/image\/"},"sameAs":["https:\/\/www.facebook.com\/asktraderscom","https:\/\/x.com\/Asktraders1"]},{"@type":"Person","@id":"https:\/\/www.asktraders.com\/de\/#\/schema\/person\/a9018e69daa9a7bd7a92bab40944424f","name":"Asktraders News Team","image":{"@type":"ImageObject","inLanguage":"de-DE","@id":"https:\/\/secure.gravatar.com\/avatar\/4adf30b4bdba8095517be51a6d33eac85d275459c6da979b73dabd753924f280?s=96&d=mm&r=g","url":"https:\/\/secure.gravatar.com\/avatar\/4adf30b4bdba8095517be51a6d33eac85d275459c6da979b73dabd753924f280?s=96&d=mm&r=g","contentUrl":"https:\/\/secure.gravatar.com\/avatar\/4adf30b4bdba8095517be51a6d33eac85d275459c6da979b73dabd753924f280?s=96&d=mm&r=g","caption":"Asktraders News Team"}}]}},"_links":{"self":[{"href":"https:\/\/www.asktraders.com\/de\/wp-json\/wp\/v2\/news\/237772","targetHints":{"allow":["GET"]}}],"collection":[{"href":"https:\/\/www.asktraders.com\/de\/wp-json\/wp\/v2\/news"}],"about":[{"href":"https:\/\/www.asktraders.com\/de\/wp-json\/wp\/v2\/types\/news"}],"author":[{"embeddable":true,"href":"https:\/\/www.asktraders.com\/de\/wp-json\/wp\/v2\/users\/873"}],"replies":[{"embeddable":true,"href":"https:\/\/www.asktraders.com\/de\/wp-json\/wp\/v2\/comments?post=237772"}],"version-history":[{"count":0,"href":"https:\/\/www.asktraders.com\/de\/wp-json\/wp\/v2\/news\/237772\/revisions"}],"wp:featuredmedia":[{"embeddable":true,"href":"https:\/\/www.asktraders.com\/de\/wp-json\/wp\/v2\/media\/237784"}],"wp:attachment":[{"href":"https:\/\/www.asktraders.com\/de\/wp-json\/wp\/v2\/media?parent=237772"}],"wp:term":[{"taxonomy":"news_cluster","embeddable":true,"href":"https:\/\/www.asktraders.com\/de\/wp-json\/wp\/v2\/news_cluster?post=237772"},{"taxonomy":"tradingcategory","embeddable":true,"href":"https:\/\/www.asktraders.com\/de\/wp-json\/wp\/v2\/tradingcategory?post=237772"}],"curies":[{"name":"wp","href":"https:\/\/api.w.org\/{rel}","templated":true}]}}