{"id":237773,"date":"2025-10-07T11:15:17","date_gmt":"2025-10-07T10:15:17","guid":{"rendered":"https:\/\/www.asktraders.com\/?post_type=news&#038;p=237773"},"modified":"2025-10-07T11:15:23","modified_gmt":"2025-10-07T10:15:23","slug":"traton-se-aktie-im-minus-belastende-faktoren-druecken-den-kurs","status":"publish","type":"news","link":"https:\/\/www.asktraders.com\/de\/finanznachrichten\/traton-se-aktie-im-minus-belastende-faktoren-druecken-den-kurs\/","title":{"rendered":"Traton SE Aktie im Minus: Belastende Faktoren dr\u00fccken den Kurs"},"content":{"rendered":"\n<p>Die Aktien der Traton SE (ETR: 8TRA) verzeichnen seit Jahresbeginn einen negativen Trend und notieren aktuell 4,14 % im Minus. Der heutige Handelstag verst\u00e4rkt diesen Abw\u00e4rtstrend mit einem Kursr\u00fcckgang von 3,87 %. Mehrere Entwicklungen haben in den letzten Monaten die Stimmung des Marktes beeinflusst und zu dieser Entwicklung beigetragen.<\/p>\n\n\n\n<p>Ein wesentlicher Faktor war die Ank\u00fcndigung von US-Pr\u00e4sident Donald Trump am 26. September, Z\u00f6lle in H\u00f6he von 25 % auf Importe von schweren Nutzfahrzeugen zu erheben, die ab dem 1. Oktober in Kraft treten sollten. Diese Nachricht f\u00fchrte zu einem sofortigen Kursverlust von 2,8 % bei Traton. <\/p>\n\n\n\n<stock-market-widget type=\"chart\" template=\"candlestick\" assets=\"8TRA.DE\" range=\"1y\" interval=\"1d\" price_field=\"close\" heading=\"Traton SE Aktie\" candle_border_width=\"1\" candle_bullish_background_color=\"#21BA45\" candle_bearish_background_color=\"#DB2828\" candle_bullish_border_color=\"#21BA45\" candle_bearish_border_color=\"#DB2828\" axes_color=\"#000000\" tooltip_text_color=\"#262626\" tooltip_background_color=\"#FFFFFF\" range_selector=\"true\" volume_enabled=\"false\" axes_enabled=\"true\" tooltip_enabled=\"true\" zoom_enabled=\"true\" save_image_enabled=\"true\" cursor_enabled=\"true\" api=\"yahoo-finance\"><\/stock-market-widget>\n\n\n\n<stock-market-widget type=\"table-quotes\" template=\"basic\" assets=\"8TRA.DE\" fields=\"price,market_cap,pe_ratio,52_week_range\" display_header=\"true\" display_chart=\"false\" search=\"false\" pagination=\"false\" scroll=\"false\" rows_per_page=\"5\" sort_direction=\"asc\" alignment=\"left\" realtime=\"true\" api=\"yahoo-finance\"><\/stock-market-widget>\n\n\n\n<p>Analysten sch\u00e4tzen, dass die Z\u00f6lle Daimler Truck zwischen 700 und 800 Millionen Euro kosten k\u00f6nnten, wobei Traton wahrscheinlich mit \u00e4hnlichen finanziellen Auswirkungen rechnen muss. Die unklare Situation bez\u00fcglich m\u00f6glicher Ausnahmen f\u00fcr Produktionsst\u00e4tten in Mexiko im Rahmen des USMCA-Abkommens tr\u00e4gt zus\u00e4tzlich zur Unsicherheit bei.<\/p>\n\n\n\n<p>Bereits im Juli hatte Traton seine Prognose f\u00fcr das Gesamtjahr nach unten korrigiert. Das Unternehmen rechnet nun mit einem R\u00fcckgang des Absatzes und des Umsatzes von bis zu 10 %, verglichen mit der vorherigen Prognose, die von einem R\u00fcckgang von 5 % bis zu einem Wachstum von 5 % ausging. <\/p>\n\n\n\n<p>Die bereinigte operative Umsatzrendite wurde ebenfalls von 7,5\u20138,5 % auf 6\u20137 % gesenkt. Als Gr\u00fcnde f\u00fcr diese Revision wurden globale Unsicherheiten, insbesondere auf dem US-Markt, angef\u00fchrt. Die Folge war ein deutlicher Kursrutsch von 9,8 % f\u00fcr die Traton-Aktie.<\/p>\n\n\n\n<p>Ein weiterer erw\u00e4hnenswerter Punkt ist der Verkauf eines Anteils von 2,2 % an Traton durch Volkswagen im M\u00e4rz f\u00fcr 360 Millionen Euro zu einem Preis von 32,75 Euro pro Aktie. Dieser Schritt sollte den Streubesitz und die Liquidit\u00e4t der Traton-Aktien erh\u00f6hen. Trotz des Verkaufs bleibt Volkswagen mit einem Anteil von 87,5 % weiterhin ein bedeutender Aktion\u00e4r. Vor der Ank\u00fcndigung hatte die Traton-Aktie bei 35,60 Euro geschlossen, was einem Anstieg von 27 % seit Jahresbeginn entsprach. Der Verkauf erfolgte also zu einem Kurs unterhalb des damaligen Marktniveaus.<\/p>\n\n\n\n<p>Bereits im Januar hatte Traton einen Umsatzr\u00fcckgang von 1 % f\u00fcr das Jahr 2024 auf 334.200 Lkw gemeldet. Dieser R\u00fcckgang war vor allem auf geringere Verkaufszahlen der deutschen Marke MAN sowie auf verz\u00f6gerte regulatorische Anforderungen f\u00fcr Fahrzeugsoftware in Europa zur\u00fcckzuf\u00fchren. Trotz des Umsatzr\u00fcckgangs stiegen die Aktien von Traton und Daimler Truck, da die Ergebnisse den Erwartungen entsprachen.<\/p>\n\n\n\n<p>Dar\u00fcber hinaus gab es Herausforderungen im Bereich der Elektromobilit\u00e4t. Im September 2024 bekr\u00e4ftigte der CEO von Scania, Christian Levin, das Engagement des Unternehmens f\u00fcr Northvolt als alleinigen Batterielieferanten. Dies geschah trotz Produktions- und Lieferproblemen, die den Produktionshochlauf von Scanias batterieelektrischen Lkw um ein Jahr verz\u00f6gerten. <\/p>\n\n\n\n<p>Northvolt sah sich mit operativen Verkleinerungen und Stellenabbau konfrontiert, sicherte sich aber weiterhin Finanzierungen, um sein Wachstum zu unterst\u00fctzen. Scania strebt an, bis 2030 50 % seiner Fahrzeugverk\u00e4ufe mit Elektro-Lkw zu erzielen. Die Abh\u00e4ngigkeit von Northvolt und die damit verbundenen Risiken k\u00f6nnten ebenfalls zur Verunsicherung des Marktes beitragen.<\/p>\n\n\n\n<p>Die Kombination dieser Faktoren \u2013 US-Z\u00f6lle, gesenkte Prognosen, Anteilsverkauf durch Volkswagen, Umsatzr\u00fcckgang und Herausforderungen im Bereich Elektromobilit\u00e4t \u2013 hat ma\u00dfgeblich zur negativen Performance der Traton SE-Aktie seit Jahresbeginn beigetragen. <\/p>\n\n\n\n<p>Die aktuellen Herausforderungen und Unsicherheiten, mit denen das Unternehmen konfrontiert ist, spiegeln sich deutlich im Aktienkurs wider. Die kurzfristige weitere Kursentwicklung d\u00fcrfte stark von der weiteren Entwicklung der globalen wirtschaftlichen Rahmenbedingungen und der F\u00e4higkeit Tratons abh\u00e4ngen, die genannten Herausforderungen zu bew\u00e4ltigen.<\/p>\n\n\n<aside class=\"wp-block-related-posts  \" data-sidebar>\n                    \n\n<h2 class=\"wp-block-heading\"  class=\"wp-block-heading\"  id=\"aktien_lernen\">Aktien Lernen<\/h2>\n\n\n        <ul class=\"grid grid-cols-1 md:grid-cols-2 gap-4 lg:grid-cols-1\">\n                            <li class=\"w-full p-3 rounded-lg shadow md:w-full\">\n                    <a href=\"https:\/\/www.asktraders.com\/de\/dax40\/\" class=\"flex\">\n                        <img loading=\"lazy\" decoding=\"async\" width=\"150\" height=\"150\" src=\"https:\/\/www.asktraders.com\/wp-content\/uploads\/2020\/09\/DAX-handeln-150x150.jpg\" class=\"w-1\/3 rounded object-cover  wp-post-image\" alt=\"DAX handeln\" \/>\n                        <div class=\"flex flex-col w-2\/3 pl-3\">\n                                                        <span\n                                class=\"block py-1 grow text-sm font-bold \">DAX 40 heute aktuell | Index, Kurs und Prognose<\/span>\n                                                            <span class=\"text-xs uppercase\">\n                                    Analyst Team\n                                <\/span>\n                                                    <\/div>\n                    <\/a>\n                <\/li>\n                            <li class=\"w-full p-3 rounded-lg shadow md:w-full\">\n                    <a href=\"https:\/\/www.asktraders.com\/learn-to-trade\/stock-trading\/how-to-trade-stocks\/\" class=\"flex\">\n                        <img loading=\"lazy\" decoding=\"async\" width=\"150\" height=\"150\" src=\"https:\/\/www.asktraders.com\/wp-content\/uploads\/2020\/08\/how-to-trade-stocks-01-150x150.jpg\" class=\"w-1\/3 rounded object-cover  wp-post-image\" alt=\"how to trade stocks\" \/>\n                        <div class=\"flex flex-col w-2\/3 pl-3\">\n                                                        <span\n                                class=\"block py-1 grow text-sm font-bold \">How To Trade Stocks &#8211; The Guide For Beginners<\/span>\n                                                            <span class=\"text-xs uppercase\">\n                                    Analyst Team\n                                <\/span>\n                                                    <\/div>\n                    <\/a>\n                <\/li>\n                            <li class=\"w-full p-3 rounded-lg shadow md:w-full\">\n                    <a href=\"https:\/\/www.asktraders.com\/de\/traden-lernen\/trading-ratgeber\/nachhaltige-etf\/\" class=\"flex\">\n                        <img loading=\"lazy\" decoding=\"async\" width=\"150\" height=\"150\" src=\"https:\/\/www.asktraders.com\/wp-content\/uploads\/2020\/08\/Nachhaltige-ETF-150x150.jpg\" class=\"w-1\/3 rounded object-cover  wp-post-image\" alt=\"Nachhaltige ETF\" \/>\n                        <div class=\"flex flex-col w-2\/3 pl-3\">\n                                                        <span\n                                class=\"block py-1 grow text-sm font-bold \">Nachhaltige ETF \u2013 Wo lohnt sich die Investition in \u00d6ko ETFs?<\/span>\n                                                            <span class=\"text-xs uppercase\">\n                                    Nigel Frith\n                                <\/span>\n                                                    <\/div>\n                    <\/a>\n                <\/li>\n                            <li class=\"w-full p-3 rounded-lg shadow md:w-full\">\n                    <a href=\"https:\/\/www.asktraders.com\/de\/traden-lernen\/trading-strategien\/vwap-strategie\/\" class=\"flex\">\n                        <img loading=\"lazy\" decoding=\"async\" width=\"150\" height=\"150\" src=\"https:\/\/www.asktraders.com\/wp-content\/uploads\/2021\/09\/VWAP-Trading-Strategy-Guide-Examples-150x150.jpg\" class=\"w-1\/3 rounded object-cover  wp-post-image\" alt=\"VWAP Trading Strategy Guide &amp; Examples\" \/>\n                        <div class=\"flex flex-col w-2\/3 pl-3\">\n                                                        <span\n                                class=\"block py-1 grow text-sm font-bold \">VWAP Strategie Anwendung &amp; Beispiele<\/span>\n                                                            <span class=\"text-xs uppercase\">\n                                    Analyst Team\n                                <\/span>\n                                                    <\/div>\n                    <\/a>\n                <\/li>\n                            <li class=\"w-full p-3 rounded-lg shadow md:w-full\">\n                    <a href=\"https:\/\/www.asktraders.com\/de\/traden-lernen\/trading-strategien\/was-ist-scalping\/\" class=\"flex\">\n                        <img loading=\"lazy\" decoding=\"async\" width=\"150\" height=\"150\" src=\"https:\/\/www.asktraders.com\/wp-content\/uploads\/2020\/03\/what-is-scalping-150x150.jpg\" class=\"w-1\/3 rounded object-cover  wp-post-image\" alt=\"what is scalping\" \/>\n                        <div class=\"flex flex-col w-2\/3 pl-3\">\n                                                        <span\n                                class=\"block py-1 grow text-sm font-bold \">Was ist Scalping? Strategien, Tipps &amp; Beispiele<\/span>\n                                                            <span class=\"text-xs uppercase\">\n                                    Analyst Team\n                                <\/span>\n                                                    <\/div>\n                    <\/a>\n                <\/li>\n                            <li class=\"w-full p-3 rounded-lg shadow md:w-full\">\n                    <a href=\"https:\/\/www.asktraders.com\/learn-to-trade\/guides\/etoro-analysis-of-trading-signals-sentiment-resources\/\" class=\"flex\">\n                        <img loading=\"lazy\" decoding=\"async\" width=\"150\" height=\"150\" src=\"https:\/\/www.asktraders.com\/wp-content\/uploads\/2022\/12\/eToro-Analysis-of-Trading-Signals-Sentiment-Resources-150x150.jpg\" class=\"w-1\/3 rounded object-cover  wp-post-image\" alt=\"eToro Analysis of Trading Signals &amp; Sentiment Resources\" \/>\n                        <div class=\"flex flex-col w-2\/3 pl-3\">\n                                                        <span\n                                class=\"block py-1 grow text-sm font-bold \">eToro \u2013 Analysis of Trading Signals &amp; Sentiment Resources<\/span>\n                                                            <span class=\"text-xs uppercase\">\n                                    Justin Freeman\n                                <\/span>\n                                                    <\/div>\n                    <\/a>\n                <\/li>\n                    <\/ul>\n            \n    <\/aside>\n\n\n<div class=\"wp-block-top5-broker\" data-sidebar>\n        <div>\n        \n\n<h2 class=\"wp-block-heading\"  class=\"wp-block-heading\"  id=\"\"><\/h2>\n\n\n    <\/div>\n            <div class=\"block bg-white rounded-lg shadow\">\n        <ul\n            class=\"flex flex-wrap w-full -mb-px list-none border-b-2 navTabs \">\n                                                                                                        <\/ul>\n                    <div class=\"navTabContent \" id=\"top5-tab1\">\n                <ol class=\"flex\n                flex-wrap\n                \">\n                                    <\/ol>\n                            <\/div>\n                    <div class=\"navTabContent hidden\" id=\"top5-tab2\">\n                <ol class=\"flex\n                flex-wrap\n                \">\n                                    <\/ol>\n                            <\/div>\n                    <div class=\"navTabContent hidden\" id=\"top5-tab3\">\n                <ol class=\"flex\n                flex-wrap\n                \">\n                                    <\/ol>\n                            <\/div>\n        \n    <\/div>\n    <\/div>\n\n\n<aside class=\"wp-block-related-posts related-posts-latest \" data-sidebar>\n                    \n\n<h2 class=\"wp-block-heading\"  class=\"wp-block-heading\"  id=\"news\">News<\/h2>\n\n\n        <ul class=\"grid grid-cols-1 md:grid-cols-2 gap-4 lg:grid-cols-1\">\n                            <li class=\"w-full p-3 rounded-lg shadow md:w-full\">\n                    <a href=\"https:\/\/www.asktraders.com\/de\/finanznachrichten\/evonik-aktien-erreichen-neues-tief-als-e13-durchbrochen-werden\/\" class=\"flex\">\n                        <img loading=\"lazy\" decoding=\"async\" width=\"150\" height=\"150\" src=\"https:\/\/www.asktraders.com\/wp-content\/uploads\/2023\/05\/evonik-aktie-prognose-150x150.jpg\" class=\"w-1\/3 rounded object-cover  wp-post-image\" alt=\"Evonik Aktie\" \/>\n                        <div class=\"flex flex-col w-2\/3 pl-3\">\n                                                        <span\n                                class=\"block py-1 grow text-sm font-bold \">Evonik Aktien erreichen neues Tief, als \u20ac13 durchbrochen werden<\/span>\n                                                            <span class=\"text-xs uppercase\">\n                                    Analyst Team\n                                <\/span>\n                                                    <\/div>\n                    <\/a>\n                <\/li>\n                            <li class=\"w-full p-3 rounded-lg shadow md:w-full\">\n                    <a href=\"https:\/\/www.asktraders.com\/de\/finanznachrichten\/2g-energy-ag-aktie-erholt-sich-von-unterstuetzung-steigerung-von-10\/\" class=\"flex\">\n                        <img loading=\"lazy\" decoding=\"async\" width=\"150\" height=\"150\" src=\"https:\/\/www.asktraders.com\/wp-content\/uploads\/2025\/08\/power-and-energy-150x150.jpg\" class=\"w-1\/3 rounded object-cover  wp-post-image\" alt=\"Uniper UN0\" \/>\n                        <div class=\"flex flex-col w-2\/3 pl-3\">\n                                                        <span\n                                class=\"block py-1 grow text-sm font-bold \">2G Energy AG Aktie erholt sich von Unterst\u00fctzung \u2013 Steigerung von 10%<\/span>\n                                                            <span class=\"text-xs uppercase\">\n                                    Analyst Team\n                                <\/span>\n                                                    <\/div>\n                    <\/a>\n                <\/li>\n                            <li class=\"w-full p-3 rounded-lg shadow md:w-full\">\n                    <a href=\"https:\/\/www.asktraders.com\/de\/finanznachrichten\/mercedes-benz-aktie-goldman-sachs-initiiert-analystendeckung-mit-positiver-einschaetzung\/\" class=\"flex\">\n                        <img loading=\"lazy\" decoding=\"async\" width=\"150\" height=\"150\" src=\"https:\/\/www.asktraders.com\/wp-content\/uploads\/2023\/06\/aktie-mercedes-150x150.jpg\" class=\"w-1\/3 rounded object-cover  wp-post-image\" alt=\"Mercedes Aktie\" \/>\n                        <div class=\"flex flex-col w-2\/3 pl-3\">\n                                                        <span\n                                class=\"block py-1 grow text-sm font-bold \">Mercedes-Benz Aktie: Goldman Sachs initiiert Analystendeckung mit positiver Einsch\u00e4tzung<\/span>\n                                                            <span class=\"text-xs uppercase\">\n                                    Analyst Team\n                                <\/span>\n                                                    <\/div>\n                    <\/a>\n                <\/li>\n                            <li class=\"w-full p-3 rounded-lg shadow md:w-full\">\n                    <a href=\"https:\/\/www.asktraders.com\/de\/finanznachrichten\/dax-aktien-erholen-sich-nach-nvidia-beben-maerkte-atmen-auf\/\" class=\"flex\">\n                        <img loading=\"lazy\" decoding=\"async\" width=\"150\" height=\"150\" src=\"https:\/\/www.asktraders.com\/wp-content\/uploads\/2023\/04\/dax-handeln-150x150.jpg\" class=\"w-1\/3 rounded object-cover  wp-post-image\" alt=\"\" \/>\n                        <div class=\"flex flex-col w-2\/3 pl-3\">\n                                                        <span\n                                class=\"block py-1 grow text-sm font-bold \">DAX-Aktien erholen sich nach Nvidia-Beben: M\u00e4rkte atmen auf<\/span>\n                                                            <span class=\"text-xs uppercase\">\n                                    Analyst Team\n                                <\/span>\n                                                    <\/div>\n                    <\/a>\n                <\/li>\n                            <li class=\"w-full p-3 rounded-lg shadow md:w-full\">\n                    <a href=\"https:\/\/www.asktraders.com\/de\/finanznachrichten\/rheinmetall-aktien-finden-unterstuetzung-bei-1-600-e-wie-geht-es-weiter\/\" class=\"flex\">\n                        <img loading=\"lazy\" decoding=\"async\" width=\"150\" height=\"150\" src=\"https:\/\/www.asktraders.com\/wp-content\/uploads\/2022\/11\/Die-Rheinmetall-Aktie-im-Chart-150x150.jpg\" class=\"w-1\/3 rounded object-cover  wp-post-image\" alt=\"Die Rheinmetall Aktie im Chart\" \/>\n                        <div class=\"flex flex-col w-2\/3 pl-3\">\n                                                        <span\n                                class=\"block py-1 grow text-sm font-bold \">Rheinmetall-Aktien finden Unterst\u00fctzung bei 1.600 \u20ac \u2013 Wie geht es weiter?<\/span>\n                                                            <span class=\"text-xs uppercase\">\n                                    Analyst Team\n                                <\/span>\n                                                    <\/div>\n                    <\/a>\n                <\/li>\n                    <\/ul>\n            \n    <\/aside>\n","protected":false},"author":873,"featured_media":237795,"comment_status":"closed","ping_status":"closed","template":"","news_cluster":[],"tradingcategory":[58519],"class_list":["post-237773","news","type-news","status-publish","has-post-thumbnail","hentry","tradingcategory-news-de"],"acf":[],"apple_news_notices":[],"yoast_head":"<!-- This site is optimized with the Yoast SEO plugin v27.2 - https:\/\/yoast.com\/product\/yoast-seo-wordpress\/ -->\n<title>Traton SE Aktie im Minus: Belastende Faktoren dr\u00fccken den Kurs | AskTraders.com %<\/title>\n<meta name=\"description\" content=\"Die Aktien der Traton SE (ETR: 8TRA) verzeichnen seit Jahresbeginn einen negativen Trend und notieren aktuell 4,14 % im Minus. Der heutige Handelstag\" \/>\n<meta name=\"robots\" content=\"index, follow, max-snippet:-1, max-image-preview:large, max-video-preview:-1\" \/>\n<link rel=\"canonical\" href=\"https:\/\/www.asktraders.com\/de\/finanznachrichten\/traton-se-aktie-im-minus-belastende-faktoren-druecken-den-kurs\/\" \/>\n<meta property=\"og:locale\" content=\"de_DE\" \/>\n<meta property=\"og:type\" content=\"article\" \/>\n<meta property=\"og:title\" content=\"Traton SE Aktie im Minus: Belastende Faktoren dr\u00fccken den Kurs | AskTraders.com %\" \/>\n<meta property=\"og:description\" content=\"Die Aktien der Traton SE (ETR: 8TRA) verzeichnen seit Jahresbeginn einen negativen Trend und notieren aktuell 4,14 % im Minus. Der heutige Handelstag\" \/>\n<meta property=\"og:url\" content=\"https:\/\/www.asktraders.com\/de\/finanznachrichten\/traton-se-aktie-im-minus-belastende-faktoren-druecken-den-kurs\/\" \/>\n<meta property=\"og:site_name\" content=\"AskTraders.com\" \/>\n<meta property=\"article:publisher\" content=\"https:\/\/www.facebook.com\/asktraderscom\" \/>\n<meta property=\"article:modified_time\" content=\"2025-10-07T10:15:23+00:00\" \/>\n<meta property=\"og:image\" content=\"https:\/\/www.asktraders.com\/wp-content\/uploads\/2025\/10\/traton-se-logo.png\" \/>\n\t<meta property=\"og:image:width\" content=\"808\" \/>\n\t<meta property=\"og:image:height\" content=\"637\" \/>\n\t<meta property=\"og:image:type\" content=\"image\/png\" \/>\n<meta name=\"twitter:card\" content=\"summary_large_image\" \/>\n<meta name=\"twitter:site\" content=\"@Asktraders1\" \/>\n<meta name=\"twitter:label1\" content=\"Gesch\u00e4tzte Lesezeit\" \/>\n\t<meta name=\"twitter:data1\" content=\"3 Minuten\" \/>\n<script type=\"application\/ld+json\" class=\"yoast-schema-graph\">{\"@context\":\"https:\/\/schema.org\",\"@graph\":[{\"@type\":\"NewsArticle\",\"@id\":\"https:\/\/www.asktraders.com\/de\/finanznachrichten\/traton-se-aktie-im-minus-belastende-faktoren-druecken-den-kurs\/#article\",\"isPartOf\":{\"@id\":\"https:\/\/www.asktraders.com\/de\/finanznachrichten\/traton-se-aktie-im-minus-belastende-faktoren-druecken-den-kurs\/\"},\"author\":{\"name\":\"Asktraders News Team\",\"@id\":\"https:\/\/www.asktraders.com\/de\/#\/schema\/person\/a9018e69daa9a7bd7a92bab40944424f\",\"url\":\"https:\/\/www.asktraders.com\/de\/author\/asktraders-news-team\/\"},\"headline\":\"Traton SE Aktie im Minus: Belastende Faktoren dr\u00fccken den Kurs\",\"datePublished\":\"2025-10-07T10:15:17+00:00\",\"dateModified\":\"2025-10-07T10:15:23+00:00\",\"mainEntityOfPage\":{\"@id\":\"https:\/\/www.asktraders.com\/de\/finanznachrichten\/traton-se-aktie-im-minus-belastende-faktoren-druecken-den-kurs\/\"},\"wordCount\":679,\"publisher\":{\"@id\":\"https:\/\/www.asktraders.com\/de\/#organization\"},\"image\":{\"@id\":\"https:\/\/www.asktraders.com\/de\/finanznachrichten\/traton-se-aktie-im-minus-belastende-faktoren-druecken-den-kurs\/#primaryimage\"},\"thumbnailUrl\":\"https:\/\/www.asktraders.com\/wp-content\/uploads\/2025\/10\/traton-se-logo.png\",\"inLanguage\":\"de-DE\"},{\"@type\":\"WebPage\",\"@id\":\"https:\/\/www.asktraders.com\/de\/finanznachrichten\/traton-se-aktie-im-minus-belastende-faktoren-druecken-den-kurs\/\",\"url\":\"https:\/\/www.asktraders.com\/de\/finanznachrichten\/traton-se-aktie-im-minus-belastende-faktoren-druecken-den-kurs\/\",\"name\":\"Traton SE Aktie im Minus: Belastende Faktoren dr\u00fccken den Kurs | AskTraders.com %\",\"isPartOf\":{\"@id\":\"https:\/\/www.asktraders.com\/de\/#website\"},\"primaryImageOfPage\":{\"@id\":\"https:\/\/www.asktraders.com\/de\/finanznachrichten\/traton-se-aktie-im-minus-belastende-faktoren-druecken-den-kurs\/#primaryimage\"},\"image\":{\"@id\":\"https:\/\/www.asktraders.com\/de\/finanznachrichten\/traton-se-aktie-im-minus-belastende-faktoren-druecken-den-kurs\/#primaryimage\"},\"thumbnailUrl\":\"https:\/\/www.asktraders.com\/wp-content\/uploads\/2025\/10\/traton-se-logo.png\",\"datePublished\":\"2025-10-07T10:15:17+00:00\",\"dateModified\":\"2025-10-07T10:15:23+00:00\",\"description\":\"Die Aktien der Traton SE (ETR: 8TRA) verzeichnen seit Jahresbeginn einen negativen Trend und notieren aktuell 4,14 % im Minus. Der heutige Handelstag\",\"breadcrumb\":{\"@id\":\"https:\/\/www.asktraders.com\/de\/finanznachrichten\/traton-se-aktie-im-minus-belastende-faktoren-druecken-den-kurs\/#breadcrumb\"},\"inLanguage\":\"de-DE\",\"potentialAction\":[{\"@type\":\"ReadAction\",\"target\":[\"https:\/\/www.asktraders.com\/de\/finanznachrichten\/traton-se-aktie-im-minus-belastende-faktoren-druecken-den-kurs\/\"]}]},{\"@type\":\"ImageObject\",\"inLanguage\":\"de-DE\",\"@id\":\"https:\/\/www.asktraders.com\/de\/finanznachrichten\/traton-se-aktie-im-minus-belastende-faktoren-druecken-den-kurs\/#primaryimage\",\"url\":\"https:\/\/www.asktraders.com\/wp-content\/uploads\/2025\/10\/traton-se-logo.png\",\"contentUrl\":\"https:\/\/www.asktraders.com\/wp-content\/uploads\/2025\/10\/traton-se-logo.png\",\"width\":808,\"height\":637,\"caption\":\"traton se logo\"},{\"@type\":\"BreadcrumbList\",\"@id\":\"https:\/\/www.asktraders.com\/de\/finanznachrichten\/traton-se-aktie-im-minus-belastende-faktoren-druecken-den-kurs\/#breadcrumb\",\"itemListElement\":[{\"@type\":\"ListItem\",\"position\":1,\"name\":\"Home\",\"item\":\"https:\/\/www.asktraders.com\/de\/\"},{\"@type\":\"ListItem\",\"position\":2,\"name\":\"News\",\"item\":\"https:\/\/www.asktraders.com\/de\/finanznachrichten\/\"},{\"@type\":\"ListItem\",\"position\":3,\"name\":\"Traton SE Aktie im Minus: Belastende Faktoren dr\u00fccken den Kurs\"}]},{\"@type\":\"WebSite\",\"@id\":\"https:\/\/www.asktraders.com\/de\/#website\",\"url\":\"https:\/\/www.asktraders.com\/de\/\",\"name\":\"AskTraders\",\"description\":\"Guiding You To Trading Success\",\"publisher\":{\"@id\":\"https:\/\/www.asktraders.com\/de\/#organization\"},\"inLanguage\":\"de-DE\"},{\"@type\":\"Organization\",\"@id\":\"https:\/\/www.asktraders.com\/de\/#organization\",\"name\":\"AskTraders\",\"url\":\"https:\/\/www.asktraders.com\/de\/\",\"logo\":{\"@type\":\"ImageObject\",\"inLanguage\":\"de-DE\",\"@id\":\"https:\/\/www.asktraders.com\/de\/#\/schema\/logo\/image\/\",\"url\":\"https:\/\/www.asktraders.com\/wp-content\/uploads\/2019\/05\/asktraders-logo-tm-white.png\",\"contentUrl\":\"https:\/\/www.asktraders.com\/wp-content\/uploads\/2019\/05\/asktraders-logo-tm-white.png\",\"width\":232,\"height\":38,\"caption\":\"AskTraders\"},\"image\":{\"@id\":\"https:\/\/www.asktraders.com\/de\/#\/schema\/logo\/image\/\"},\"sameAs\":[\"https:\/\/www.facebook.com\/asktraderscom\",\"https:\/\/x.com\/Asktraders1\"]},{\"@type\":\"Person\",\"@id\":\"https:\/\/www.asktraders.com\/de\/#\/schema\/person\/a9018e69daa9a7bd7a92bab40944424f\",\"name\":\"Asktraders News Team\",\"image\":{\"@type\":\"ImageObject\",\"inLanguage\":\"de-DE\",\"@id\":\"https:\/\/secure.gravatar.com\/avatar\/4adf30b4bdba8095517be51a6d33eac85d275459c6da979b73dabd753924f280?s=96&d=mm&r=g\",\"url\":\"https:\/\/secure.gravatar.com\/avatar\/4adf30b4bdba8095517be51a6d33eac85d275459c6da979b73dabd753924f280?s=96&d=mm&r=g\",\"contentUrl\":\"https:\/\/secure.gravatar.com\/avatar\/4adf30b4bdba8095517be51a6d33eac85d275459c6da979b73dabd753924f280?s=96&d=mm&r=g\",\"caption\":\"Asktraders News Team\"}}]}<\/script>\n<!-- \/ Yoast SEO plugin. -->","yoast_head_json":{"title":"Traton SE Aktie im Minus: Belastende Faktoren dr\u00fccken den Kurs | AskTraders.com %","description":"Die Aktien der Traton SE (ETR: 8TRA) verzeichnen seit Jahresbeginn einen negativen Trend und notieren aktuell 4,14 % im Minus. Der heutige Handelstag","robots":{"index":"index","follow":"follow","max-snippet":"max-snippet:-1","max-image-preview":"max-image-preview:large","max-video-preview":"max-video-preview:-1"},"canonical":"https:\/\/www.asktraders.com\/de\/finanznachrichten\/traton-se-aktie-im-minus-belastende-faktoren-druecken-den-kurs\/","og_locale":"de_DE","og_type":"article","og_title":"Traton SE Aktie im Minus: Belastende Faktoren dr\u00fccken den Kurs | AskTraders.com %","og_description":"Die Aktien der Traton SE (ETR: 8TRA) verzeichnen seit Jahresbeginn einen negativen Trend und notieren aktuell 4,14 % im Minus. Der heutige Handelstag","og_url":"https:\/\/www.asktraders.com\/de\/finanznachrichten\/traton-se-aktie-im-minus-belastende-faktoren-druecken-den-kurs\/","og_site_name":"AskTraders.com","article_publisher":"https:\/\/www.facebook.com\/asktraderscom","article_modified_time":"2025-10-07T10:15:23+00:00","og_image":[{"width":808,"height":637,"url":"https:\/\/www.asktraders.com\/wp-content\/uploads\/2025\/10\/traton-se-logo.png","type":"image\/png"}],"twitter_card":"summary_large_image","twitter_site":"@Asktraders1","twitter_misc":{"Gesch\u00e4tzte Lesezeit":"3 Minuten"},"schema":{"@context":"https:\/\/schema.org","@graph":[{"@type":"NewsArticle","@id":"https:\/\/www.asktraders.com\/de\/finanznachrichten\/traton-se-aktie-im-minus-belastende-faktoren-druecken-den-kurs\/#article","isPartOf":{"@id":"https:\/\/www.asktraders.com\/de\/finanznachrichten\/traton-se-aktie-im-minus-belastende-faktoren-druecken-den-kurs\/"},"author":{"name":"Asktraders News Team","@id":"https:\/\/www.asktraders.com\/de\/#\/schema\/person\/a9018e69daa9a7bd7a92bab40944424f","url":"https:\/\/www.asktraders.com\/de\/author\/asktraders-news-team\/"},"headline":"Traton SE Aktie im Minus: Belastende Faktoren dr\u00fccken den Kurs","datePublished":"2025-10-07T10:15:17+00:00","dateModified":"2025-10-07T10:15:23+00:00","mainEntityOfPage":{"@id":"https:\/\/www.asktraders.com\/de\/finanznachrichten\/traton-se-aktie-im-minus-belastende-faktoren-druecken-den-kurs\/"},"wordCount":679,"publisher":{"@id":"https:\/\/www.asktraders.com\/de\/#organization"},"image":{"@id":"https:\/\/www.asktraders.com\/de\/finanznachrichten\/traton-se-aktie-im-minus-belastende-faktoren-druecken-den-kurs\/#primaryimage"},"thumbnailUrl":"https:\/\/www.asktraders.com\/wp-content\/uploads\/2025\/10\/traton-se-logo.png","inLanguage":"de-DE"},{"@type":"WebPage","@id":"https:\/\/www.asktraders.com\/de\/finanznachrichten\/traton-se-aktie-im-minus-belastende-faktoren-druecken-den-kurs\/","url":"https:\/\/www.asktraders.com\/de\/finanznachrichten\/traton-se-aktie-im-minus-belastende-faktoren-druecken-den-kurs\/","name":"Traton SE Aktie im Minus: Belastende Faktoren dr\u00fccken den Kurs | AskTraders.com %","isPartOf":{"@id":"https:\/\/www.asktraders.com\/de\/#website"},"primaryImageOfPage":{"@id":"https:\/\/www.asktraders.com\/de\/finanznachrichten\/traton-se-aktie-im-minus-belastende-faktoren-druecken-den-kurs\/#primaryimage"},"image":{"@id":"https:\/\/www.asktraders.com\/de\/finanznachrichten\/traton-se-aktie-im-minus-belastende-faktoren-druecken-den-kurs\/#primaryimage"},"thumbnailUrl":"https:\/\/www.asktraders.com\/wp-content\/uploads\/2025\/10\/traton-se-logo.png","datePublished":"2025-10-07T10:15:17+00:00","dateModified":"2025-10-07T10:15:23+00:00","description":"Die Aktien der Traton SE (ETR: 8TRA) verzeichnen seit Jahresbeginn einen negativen Trend und notieren aktuell 4,14 % im Minus. Der heutige Handelstag","breadcrumb":{"@id":"https:\/\/www.asktraders.com\/de\/finanznachrichten\/traton-se-aktie-im-minus-belastende-faktoren-druecken-den-kurs\/#breadcrumb"},"inLanguage":"de-DE","potentialAction":[{"@type":"ReadAction","target":["https:\/\/www.asktraders.com\/de\/finanznachrichten\/traton-se-aktie-im-minus-belastende-faktoren-druecken-den-kurs\/"]}]},{"@type":"ImageObject","inLanguage":"de-DE","@id":"https:\/\/www.asktraders.com\/de\/finanznachrichten\/traton-se-aktie-im-minus-belastende-faktoren-druecken-den-kurs\/#primaryimage","url":"https:\/\/www.asktraders.com\/wp-content\/uploads\/2025\/10\/traton-se-logo.png","contentUrl":"https:\/\/www.asktraders.com\/wp-content\/uploads\/2025\/10\/traton-se-logo.png","width":808,"height":637,"caption":"traton se logo"},{"@type":"BreadcrumbList","@id":"https:\/\/www.asktraders.com\/de\/finanznachrichten\/traton-se-aktie-im-minus-belastende-faktoren-druecken-den-kurs\/#breadcrumb","itemListElement":[{"@type":"ListItem","position":1,"name":"Home","item":"https:\/\/www.asktraders.com\/de\/"},{"@type":"ListItem","position":2,"name":"News","item":"https:\/\/www.asktraders.com\/de\/finanznachrichten\/"},{"@type":"ListItem","position":3,"name":"Traton SE Aktie im Minus: Belastende Faktoren dr\u00fccken den Kurs"}]},{"@type":"WebSite","@id":"https:\/\/www.asktraders.com\/de\/#website","url":"https:\/\/www.asktraders.com\/de\/","name":"AskTraders","description":"Guiding You To Trading Success","publisher":{"@id":"https:\/\/www.asktraders.com\/de\/#organization"},"inLanguage":"de-DE"},{"@type":"Organization","@id":"https:\/\/www.asktraders.com\/de\/#organization","name":"AskTraders","url":"https:\/\/www.asktraders.com\/de\/","logo":{"@type":"ImageObject","inLanguage":"de-DE","@id":"https:\/\/www.asktraders.com\/de\/#\/schema\/logo\/image\/","url":"https:\/\/www.asktraders.com\/wp-content\/uploads\/2019\/05\/asktraders-logo-tm-white.png","contentUrl":"https:\/\/www.asktraders.com\/wp-content\/uploads\/2019\/05\/asktraders-logo-tm-white.png","width":232,"height":38,"caption":"AskTraders"},"image":{"@id":"https:\/\/www.asktraders.com\/de\/#\/schema\/logo\/image\/"},"sameAs":["https:\/\/www.facebook.com\/asktraderscom","https:\/\/x.com\/Asktraders1"]},{"@type":"Person","@id":"https:\/\/www.asktraders.com\/de\/#\/schema\/person\/a9018e69daa9a7bd7a92bab40944424f","name":"Asktraders News Team","image":{"@type":"ImageObject","inLanguage":"de-DE","@id":"https:\/\/secure.gravatar.com\/avatar\/4adf30b4bdba8095517be51a6d33eac85d275459c6da979b73dabd753924f280?s=96&d=mm&r=g","url":"https:\/\/secure.gravatar.com\/avatar\/4adf30b4bdba8095517be51a6d33eac85d275459c6da979b73dabd753924f280?s=96&d=mm&r=g","contentUrl":"https:\/\/secure.gravatar.com\/avatar\/4adf30b4bdba8095517be51a6d33eac85d275459c6da979b73dabd753924f280?s=96&d=mm&r=g","caption":"Asktraders News Team"}}]}},"_links":{"self":[{"href":"https:\/\/www.asktraders.com\/de\/wp-json\/wp\/v2\/news\/237773","targetHints":{"allow":["GET"]}}],"collection":[{"href":"https:\/\/www.asktraders.com\/de\/wp-json\/wp\/v2\/news"}],"about":[{"href":"https:\/\/www.asktraders.com\/de\/wp-json\/wp\/v2\/types\/news"}],"author":[{"embeddable":true,"href":"https:\/\/www.asktraders.com\/de\/wp-json\/wp\/v2\/users\/873"}],"replies":[{"embeddable":true,"href":"https:\/\/www.asktraders.com\/de\/wp-json\/wp\/v2\/comments?post=237773"}],"version-history":[{"count":0,"href":"https:\/\/www.asktraders.com\/de\/wp-json\/wp\/v2\/news\/237773\/revisions"}],"wp:featuredmedia":[{"embeddable":true,"href":"https:\/\/www.asktraders.com\/de\/wp-json\/wp\/v2\/media\/237795"}],"wp:attachment":[{"href":"https:\/\/www.asktraders.com\/de\/wp-json\/wp\/v2\/media?parent=237773"}],"wp:term":[{"taxonomy":"news_cluster","embeddable":true,"href":"https:\/\/www.asktraders.com\/de\/wp-json\/wp\/v2\/news_cluster?post=237773"},{"taxonomy":"tradingcategory","embeddable":true,"href":"https:\/\/www.asktraders.com\/de\/wp-json\/wp\/v2\/tradingcategory?post=237773"}],"curies":[{"name":"wp","href":"https:\/\/api.w.org\/{rel}","templated":true}]}}