{"id":81619,"date":"2020-06-09T09:36:11","date_gmt":"2020-06-09T08:36:11","guid":{"rendered":"https:\/\/www.asktraders.com\/?post_type=news&#038;p=81619"},"modified":"2020-06-09T09:38:09","modified_gmt":"2020-06-09T08:38:09","slug":"konjunkturprogramm-der-eu","status":"publish","type":"news","link":"https:\/\/www.asktraders.com\/de\/finanznachrichten\/konjunkturprogramm-der-eu\/","title":{"rendered":"Konjunkturprogramm der EU"},"content":{"rendered":"<h2 id=\"hohe_investitionen_der_eu_geplant\">Hohe Investitionen der EU geplant<\/h2>\n<p>Die Corona-Krise erfordert aus Sicht von Ursula von der Leyen Investitionen in gro\u00dfer H\u00f6he. Dar\u00fcber hinaus k\u00f6nnte dies ein entscheidender Moment f\u00fcr Europa sein. 500 Milliarden Euro sollen als nicht r\u00fcckzahlbare Zuwendungen verwendet werden und weitere 250 Milliarden Euro in Form von Krediten ausgezahlt werden. Im Gegenzug sollen \u00fcber Anleihen Kredite am Kapitalmarkt aufgenommen werden. Diese sollen bis zum Jahr 2058 \u00fcber den EU-Haushalt zur\u00fcckgezahlt werden. Das Konjunkturprogramm der EU f\u00e4llt damit deutlich umfangreicher aus als der deutsch-franz\u00f6sische Vorschlag, der eine Summe von 500 Milliarden Euro vorsah.<\/p>\n<p>Der neue Haushaltsrahmen der EU wird damit auf mehr als 1,1 Billionen Euro erweitert. Der n\u00e4chste siebenj\u00e4hrigen Finanzrahmen ist f\u00fcr die Jahre 2021 bis 2027 geplant. Das nun vorgeschlagene Programm soll zus\u00e4tzlich aufgelegt werden. Die EU hatte im Zuge der Corona-Krise bereits ein Paket mit Kredithilfen f\u00fcr<\/p>\n<ul>\n<li>Menschen in Kurzarbeit<\/li>\n<li>Unternehmen und<\/li>\n<li>das Gesundheitswesen<\/li>\n<\/ul>\n<p>der EU-Staaten im Wert von 540 Milliarden Euro beschlossen. Unternehmen erhalten dabei Kredite \u00fcber die F\u00f6rderbank EIB, Staaten \u00fcber den Rettungsfonds ESM.<\/p>\n<p><img loading=\"lazy\" decoding=\"async\" class=\"aligncenter wp-image-15627 size-full\" src=\"https:\/\/www.asktraders.com\/wp-content\/uploads\/2018\/05\/contentgrafiken-vergleich-uk-de-social-trading-04-2.jpg\" alt=\"Konjunkturprogramme EU\" width=\"760\" height=\"250\" srcset=\"https:\/\/www.asktraders.com\/wp-content\/uploads\/2018\/05\/contentgrafiken-vergleich-uk-de-social-trading-04-2.jpg 760w, https:\/\/www.asktraders.com\/wp-content\/uploads\/2018\/05\/contentgrafiken-vergleich-uk-de-social-trading-04-2-300x99.jpg 300w\" sizes=\"auto, (max-width: 760px) 100vw, 760px\" \/><\/p>\n<h2 id=\"grossteil_der_hilfen_an_suedeuropaeische_staaten\">Gro\u00dfteil der Hilfen an s\u00fcdeurop\u00e4ische Staaten<\/h2>\n<p>Der Gro\u00dfteil der Finanzhilfen wird nach Spanien und Italien gehen. Beide L\u00e4nder sind von der Corona-Pandemie besonders stark betroffen. Allein 300 Milliarden Euro sind f\u00fcr diese beiden L\u00e4nder vorgesehen. Italien soll Zusch\u00fcsse in H\u00f6he von 82 Milliarden Euro sowie 91 Milliarden Euro als Kredite erhalten. Spanien erh\u00e4lt nach den aktuellen Pl\u00e4nen 77 Milliarden Euro als Zusch\u00fcsse sowie Kredite im Wert von 63 Milliarden Euro. Danach folgen 64 Milliarden Euro, die nach Polen gehen sollen.<\/p>\n<p>Auch an L\u00e4nder wie Griechenland, Rum\u00e4nien oder Tschechien soll Geld flie\u00dfen. Diese L\u00e4nder sind von der Pandemie zwar weniger stark betroffen, leiden aber stark unter den wirtschaftlichen Folgen. Auch f\u00fcr Frankreich, wo ein hoher wirtschaftlicher Abschwung erwartet wird, sind 39 Milliarden Euro vorgesehen.<\/p>\n<h2 id=\"alle_27_mitgliedstaaten_muessen_zustimmen\">Alle 27 Mitgliedstaaten m\u00fcssen zustimmen<\/h2>\n<p>Von der Leyen m\u00f6chte mit den Investitionen auch einen Schritt in Richtung einer klimaneutralen, digitalen und sozialeren EU gehen und entsprechende Anreize setzen. Das Hilfspaket tr\u00e4gt den Namen \u201eNext Generation EU\u201c und soll auch den Binnenmarkt sch\u00fctzen sowie dabei helfen, die Bilanzen in Europa wieder auszugleichen.<\/p>\n<p>Damit das Hilfspaket umgesetzt werden kann, ist die einstimmige Zustimmung aller 27 EU-Staaten zum Haushaltsplan und zum Wiederaufbauplan notwendig. Hitzige Debatten sind dabei nicht ausgeschlossen. Insbesondere die Zustimmung der Mitgliedstaaten, in denen die Finanzierung und die Art der Hilfe umstritten ist, wird dabei entscheidend sein. Der deutsch-franz\u00f6sische Plan sah eine Summe von 500 Milliarden Euro in Form von Zusch\u00fcssen vor. Zudem sollte der EU-Kommission die Aufnahme von Schulden erlaubt werden. Staaten wie \u00d6sterreich, D\u00e4nemark oder die Niederlande lehnten die deutsch-franz\u00f6sischen Vorschl\u00e4ge ab und bef\u00fcrworten lediglich Kredite. Kritik gibt es auch an der Tatsache, dass die EU-Kommission plant, mehr Geld als je zuvor \u00fcber Anleihen am Kapitalmarkt aufzunehmen. Diese weisen eine hohe Bonit\u00e4t auf, sollen aber teilweise eine Laufzeit von mehr als 30 Jahren haben.<\/p>\n<h2 id=\"schwere_rezession_erwartet\">Schwere Rezession erwartet<\/h2>\n<p>Klar ist schon jetzt, dass der EU die schwerste Rezession seit ihrer Gr\u00fcndung bevorsteht. EZB-Pr\u00e4sidentin Christine Lagarde rechnet mit einem R\u00fcckgang des Bruttoinlandsprodukts von acht bis zw\u00f6lf Prozent. F\u00fcr die ohnehin stark verschulden L\u00e4ndern im S\u00fcden Europas k\u00f6nnte es deutlich schwerer werden, aus der Krise herauszukommen. L\u00e4nder wie Griechenland oder Spanien sind stark vom Tourismus abh\u00e4ngig, der infolge der Pandemie so gut wie lahmgelegt wurde. Deutschland konnte in den letzten Jahren einen ausgeglichenen Haushalt vorweisen. Daher ist es nun m\u00f6glich, dass die Regierung in Berlin h\u00f6here Schulden aufnimmt und auch mehr Geld f\u00fcr Rettungspakete ausgibt.<\/p>\n<p>Um die wirtschaftlichen Folgen der Corona-Krise abzumildern, gibt die EU-Kommission nun nach aktuellen Pl\u00e4nen rund zwei Billionen Euro aus. Auch die nun im Raum stehenden Summen sind im Vergleich zu anderen L\u00e4ndern noch recht gering. Einige Beobachter gehen davon aus, dass die USA und China wom\u00f6glich st\u00e4rker aus der Krise herauskommen werden als die Staaten in der EU. Ursula von der Leyen denkt allerdings auch bereits auch \u00fcber neue Einnahmequellen f\u00fcr die Europ\u00e4ische Union nach. Sie nannte beispielhaft den Ausbau des Emissionshandels sowie die Einf\u00fchrung einer Digitalsteuer und einer CO2-Grenzsteuer.<\/p>\n<p><img loading=\"lazy\" decoding=\"async\" class=\"aligncenter wp-image-15624 size-full\" src=\"https:\/\/www.asktraders.com\/wp-content\/uploads\/2018\/05\/contentgrafiken-vergleich-uk-de-social-trading-03-2-1-1.jpg\" alt=\"Investitionen der EU in der Corona-Krise\" width=\"760\" height=\"250\" \/><\/p>\n<h2 id=\"schnelle_verabschiedung_erwuenscht\">Schnelle Verabschiedung erw\u00fcnscht<\/h2>\n<p>EU-Ratspr\u00e4sident Charles Michel fordert, dass das Rettungspaket noch vor der Sommerpause verabschiedet wird und auf dem EU-Gipfel am 19. Juni besprochen werden soll. Bundeskanzlerin Angela Merkel geht dagegen von schwierigen Verhandlungen aus und erwartet keine Verabschiedung beim n\u00e4chsten Treffen des EU-Rats. Die Parlamente der Mitgliedstaaten sollten im Herbst \u00fcber das Hilfspaket diskutieren, sodass dieses am 1. Januar 2021 in Kraft treten kann.<\/p>\n<h2 id=\"fazit_hohe_investitionen_der_eu_in_der_corona_krise\">Fazit: Hohe Investitionen der EU in der Corona-Krise<\/h2>\n<p>Die EU hat ihre Pl\u00e4ne zu einem weiteren Hilfspaket im Wert von 750 Milliarden Euro vorgestellt. Ein Gro\u00dfteil des Geldes wird an die von der Corona-Pandemie besonders betroffenen Staaten im S\u00fcden Europas flie\u00dfen. Der Plan weist durchaus Vorschl\u00e4ge zum vor einigen Tagen vorgelegten Vorschlag aus Paris und Br\u00fcssel auf, \u00fcbersteigt diesen in der Gesamtsumme aber nochmals. Zuvor hatte die EU bereits Kredithilfen im Wert von mehr als 500 Milliarden Euro zugesagt. Damit versucht die EU, die Folgen der Corona-Krise mit einer Summe von mehr als zwei Billionen Euro zu bek\u00e4mpfen.<\/p>\n","protected":false},"author":30,"featured_media":36752,"comment_status":"open","ping_status":"closed","template":"legacy-single.blade.php","news_cluster":[],"tradingcategory":[],"class_list":["post-81619","news","type-news","status-publish","has-post-thumbnail","hentry"],"acf":[],"apple_news_notices":[],"yoast_head":"<!-- This site is optimized with the Yoast SEO plugin v27.2 - https:\/\/yoast.com\/product\/yoast-seo-wordpress\/ -->\n<title>Konjunkturprogramm der EU | AskTraders.com %<\/title>\n<meta name=\"description\" content=\"Hohe Investitionen der EU geplant Die Corona-Krise erfordert aus Sicht von Ursula von der Leyen Investitionen in gro\u00dfer H\u00f6he. Dar\u00fcber hinaus k\u00f6nnte dies\" \/>\n<meta name=\"robots\" content=\"index, follow, max-snippet:-1, max-image-preview:large, max-video-preview:-1\" \/>\n<link rel=\"canonical\" href=\"https:\/\/www.asktraders.com\/de\/finanznachrichten\/konjunkturprogramm-der-eu\/\" \/>\n<meta property=\"og:locale\" content=\"de_DE\" \/>\n<meta property=\"og:type\" content=\"article\" \/>\n<meta property=\"og:title\" content=\"Konjunkturprogramm der EU | AskTraders.com %\" \/>\n<meta property=\"og:description\" content=\"Hohe Investitionen der EU geplant Die Corona-Krise erfordert aus Sicht von Ursula von der Leyen Investitionen in gro\u00dfer H\u00f6he. Dar\u00fcber hinaus k\u00f6nnte dies\" \/>\n<meta property=\"og:url\" content=\"https:\/\/www.asktraders.com\/de\/finanznachrichten\/konjunkturprogramm-der-eu\/\" \/>\n<meta property=\"og:site_name\" content=\"AskTraders.com\" \/>\n<meta property=\"article:publisher\" content=\"https:\/\/www.facebook.com\/asktraderscom\" \/>\n<meta property=\"article:modified_time\" content=\"2020-06-09T08:38:09+00:00\" \/>\n<meta property=\"og:image\" content=\"https:\/\/www.asktraders.com\/wp-content\/uploads\/2019\/03\/Euro.jpg\" \/>\n\t<meta property=\"og:image:width\" content=\"1000\" \/>\n\t<meta property=\"og:image:height\" content=\"667\" \/>\n\t<meta property=\"og:image:type\" content=\"image\/jpeg\" \/>\n<meta name=\"twitter:card\" content=\"summary_large_image\" \/>\n<meta name=\"twitter:site\" content=\"@Asktraders1\" \/>\n<meta name=\"twitter:label1\" content=\"Gesch\u00e4tzte Lesezeit\" \/>\n\t<meta name=\"twitter:data1\" content=\"4 Minuten\" \/>\n<script type=\"application\/ld+json\" class=\"yoast-schema-graph\">{\"@context\":\"https:\/\/schema.org\",\"@graph\":[{\"@type\":\"NewsArticle\",\"@id\":\"https:\/\/www.asktraders.com\/de\/finanznachrichten\/konjunkturprogramm-der-eu\/#article\",\"isPartOf\":{\"@id\":\"https:\/\/www.asktraders.com\/de\/finanznachrichten\/konjunkturprogramm-der-eu\/\"},\"author\":{\"name\":\"Christian Habeck\",\"@id\":\"https:\/\/www.asktraders.com\/de\/#\/schema\/person\/4de828539f5ea51588c0ac0e48f5d7fa\",\"url\":\"https:\/\/www.asktraders.com\/de\/author\/christianh\/\"},\"headline\":\"Konjunkturprogramm der EU\",\"datePublished\":\"2020-06-09T08:36:11+00:00\",\"dateModified\":\"2020-06-09T08:38:09+00:00\",\"mainEntityOfPage\":{\"@id\":\"https:\/\/www.asktraders.com\/de\/finanznachrichten\/konjunkturprogramm-der-eu\/\"},\"wordCount\":870,\"commentCount\":0,\"publisher\":{\"@id\":\"https:\/\/www.asktraders.com\/de\/#organization\"},\"image\":{\"@id\":\"https:\/\/www.asktraders.com\/de\/finanznachrichten\/konjunkturprogramm-der-eu\/#primaryimage\"},\"thumbnailUrl\":\"https:\/\/www.asktraders.com\/wp-content\/uploads\/2019\/03\/Euro.jpg\",\"keywords\":[\"Konjunkturporgramm EU\",\"Staatshilfe\"],\"inLanguage\":\"de-DE\",\"potentialAction\":[{\"@type\":\"CommentAction\",\"name\":\"Comment\",\"target\":[\"https:\/\/www.asktraders.com\/de\/finanznachrichten\/konjunkturprogramm-der-eu\/#respond\"]}]},{\"@type\":\"WebPage\",\"@id\":\"https:\/\/www.asktraders.com\/de\/finanznachrichten\/konjunkturprogramm-der-eu\/\",\"url\":\"https:\/\/www.asktraders.com\/de\/finanznachrichten\/konjunkturprogramm-der-eu\/\",\"name\":\"Konjunkturprogramm der EU | AskTraders.com %\",\"isPartOf\":{\"@id\":\"https:\/\/www.asktraders.com\/de\/#website\"},\"primaryImageOfPage\":{\"@id\":\"https:\/\/www.asktraders.com\/de\/finanznachrichten\/konjunkturprogramm-der-eu\/#primaryimage\"},\"image\":{\"@id\":\"https:\/\/www.asktraders.com\/de\/finanznachrichten\/konjunkturprogramm-der-eu\/#primaryimage\"},\"thumbnailUrl\":\"https:\/\/www.asktraders.com\/wp-content\/uploads\/2019\/03\/Euro.jpg\",\"datePublished\":\"2020-06-09T08:36:11+00:00\",\"dateModified\":\"2020-06-09T08:38:09+00:00\",\"description\":\"Hohe Investitionen der EU geplant Die Corona-Krise erfordert aus Sicht von Ursula von der Leyen Investitionen in gro\u00dfer H\u00f6he. Dar\u00fcber hinaus k\u00f6nnte dies\",\"breadcrumb\":{\"@id\":\"https:\/\/www.asktraders.com\/de\/finanznachrichten\/konjunkturprogramm-der-eu\/#breadcrumb\"},\"inLanguage\":\"de-DE\",\"potentialAction\":[{\"@type\":\"ReadAction\",\"target\":[\"https:\/\/www.asktraders.com\/de\/finanznachrichten\/konjunkturprogramm-der-eu\/\"]}]},{\"@type\":\"ImageObject\",\"inLanguage\":\"de-DE\",\"@id\":\"https:\/\/www.asktraders.com\/de\/finanznachrichten\/konjunkturprogramm-der-eu\/#primaryimage\",\"url\":\"https:\/\/www.asktraders.com\/wp-content\/uploads\/2019\/03\/Euro.jpg\",\"contentUrl\":\"https:\/\/www.asktraders.com\/wp-content\/uploads\/2019\/03\/Euro.jpg\",\"width\":1000,\"height\":667,\"caption\":\"Euro\"},{\"@type\":\"BreadcrumbList\",\"@id\":\"https:\/\/www.asktraders.com\/de\/finanznachrichten\/konjunkturprogramm-der-eu\/#breadcrumb\",\"itemListElement\":[{\"@type\":\"ListItem\",\"position\":1,\"name\":\"Home\",\"item\":\"https:\/\/www.asktraders.com\/de\/\"},{\"@type\":\"ListItem\",\"position\":2,\"name\":\"News\",\"item\":\"https:\/\/www.asktraders.com\/de\/finanznachrichten\/\"},{\"@type\":\"ListItem\",\"position\":3,\"name\":\"Konjunkturprogramm der EU\"}]},{\"@type\":\"WebSite\",\"@id\":\"https:\/\/www.asktraders.com\/de\/#website\",\"url\":\"https:\/\/www.asktraders.com\/de\/\",\"name\":\"AskTraders\",\"description\":\"Guiding You To Trading Success\",\"publisher\":{\"@id\":\"https:\/\/www.asktraders.com\/de\/#organization\"},\"inLanguage\":\"de-DE\"},{\"@type\":\"Organization\",\"@id\":\"https:\/\/www.asktraders.com\/de\/#organization\",\"name\":\"AskTraders\",\"url\":\"https:\/\/www.asktraders.com\/de\/\",\"logo\":{\"@type\":\"ImageObject\",\"inLanguage\":\"de-DE\",\"@id\":\"https:\/\/www.asktraders.com\/de\/#\/schema\/logo\/image\/\",\"url\":\"https:\/\/www.asktraders.com\/wp-content\/uploads\/2019\/05\/asktraders-logo-tm-white.png\",\"contentUrl\":\"https:\/\/www.asktraders.com\/wp-content\/uploads\/2019\/05\/asktraders-logo-tm-white.png\",\"width\":232,\"height\":38,\"caption\":\"AskTraders\"},\"image\":{\"@id\":\"https:\/\/www.asktraders.com\/de\/#\/schema\/logo\/image\/\"},\"sameAs\":[\"https:\/\/www.facebook.com\/asktraderscom\",\"https:\/\/x.com\/Asktraders1\"]},{\"@type\":\"Person\",\"@id\":\"https:\/\/www.asktraders.com\/de\/#\/schema\/person\/4de828539f5ea51588c0ac0e48f5d7fa\",\"name\":\"Christian Habeck\",\"image\":{\"@type\":\"ImageObject\",\"inLanguage\":\"de-DE\",\"@id\":\"https:\/\/secure.gravatar.com\/avatar\/3dca8a2b58f4d3761325bf13f156522ce2bd89b88c7d2db399abb119b93743de?s=96&d=mm&r=g\",\"url\":\"https:\/\/secure.gravatar.com\/avatar\/3dca8a2b58f4d3761325bf13f156522ce2bd89b88c7d2db399abb119b93743de?s=96&d=mm&r=g\",\"contentUrl\":\"https:\/\/secure.gravatar.com\/avatar\/3dca8a2b58f4d3761325bf13f156522ce2bd89b88c7d2db399abb119b93743de?s=96&d=mm&r=g\",\"caption\":\"Christian Habeck\"}}]}<\/script>\n<!-- \/ Yoast SEO plugin. -->","yoast_head_json":{"title":"Konjunkturprogramm der EU | AskTraders.com %","description":"Hohe Investitionen der EU geplant Die Corona-Krise erfordert aus Sicht von Ursula von der Leyen Investitionen in gro\u00dfer H\u00f6he. Dar\u00fcber hinaus k\u00f6nnte dies","robots":{"index":"index","follow":"follow","max-snippet":"max-snippet:-1","max-image-preview":"max-image-preview:large","max-video-preview":"max-video-preview:-1"},"canonical":"https:\/\/www.asktraders.com\/de\/finanznachrichten\/konjunkturprogramm-der-eu\/","og_locale":"de_DE","og_type":"article","og_title":"Konjunkturprogramm der EU | AskTraders.com %","og_description":"Hohe Investitionen der EU geplant Die Corona-Krise erfordert aus Sicht von Ursula von der Leyen Investitionen in gro\u00dfer H\u00f6he. Dar\u00fcber hinaus k\u00f6nnte dies","og_url":"https:\/\/www.asktraders.com\/de\/finanznachrichten\/konjunkturprogramm-der-eu\/","og_site_name":"AskTraders.com","article_publisher":"https:\/\/www.facebook.com\/asktraderscom","article_modified_time":"2020-06-09T08:38:09+00:00","og_image":[{"width":1000,"height":667,"url":"https:\/\/www.asktraders.com\/wp-content\/uploads\/2019\/03\/Euro.jpg","type":"image\/jpeg"}],"twitter_card":"summary_large_image","twitter_site":"@Asktraders1","twitter_misc":{"Gesch\u00e4tzte Lesezeit":"4 Minuten"},"schema":{"@context":"https:\/\/schema.org","@graph":[{"@type":"NewsArticle","@id":"https:\/\/www.asktraders.com\/de\/finanznachrichten\/konjunkturprogramm-der-eu\/#article","isPartOf":{"@id":"https:\/\/www.asktraders.com\/de\/finanznachrichten\/konjunkturprogramm-der-eu\/"},"author":{"name":"Christian Habeck","@id":"https:\/\/www.asktraders.com\/de\/#\/schema\/person\/4de828539f5ea51588c0ac0e48f5d7fa","url":"https:\/\/www.asktraders.com\/de\/author\/christianh\/"},"headline":"Konjunkturprogramm der EU","datePublished":"2020-06-09T08:36:11+00:00","dateModified":"2020-06-09T08:38:09+00:00","mainEntityOfPage":{"@id":"https:\/\/www.asktraders.com\/de\/finanznachrichten\/konjunkturprogramm-der-eu\/"},"wordCount":870,"commentCount":0,"publisher":{"@id":"https:\/\/www.asktraders.com\/de\/#organization"},"image":{"@id":"https:\/\/www.asktraders.com\/de\/finanznachrichten\/konjunkturprogramm-der-eu\/#primaryimage"},"thumbnailUrl":"https:\/\/www.asktraders.com\/wp-content\/uploads\/2019\/03\/Euro.jpg","keywords":["Konjunkturporgramm EU","Staatshilfe"],"inLanguage":"de-DE","potentialAction":[{"@type":"CommentAction","name":"Comment","target":["https:\/\/www.asktraders.com\/de\/finanznachrichten\/konjunkturprogramm-der-eu\/#respond"]}]},{"@type":"WebPage","@id":"https:\/\/www.asktraders.com\/de\/finanznachrichten\/konjunkturprogramm-der-eu\/","url":"https:\/\/www.asktraders.com\/de\/finanznachrichten\/konjunkturprogramm-der-eu\/","name":"Konjunkturprogramm der EU | AskTraders.com %","isPartOf":{"@id":"https:\/\/www.asktraders.com\/de\/#website"},"primaryImageOfPage":{"@id":"https:\/\/www.asktraders.com\/de\/finanznachrichten\/konjunkturprogramm-der-eu\/#primaryimage"},"image":{"@id":"https:\/\/www.asktraders.com\/de\/finanznachrichten\/konjunkturprogramm-der-eu\/#primaryimage"},"thumbnailUrl":"https:\/\/www.asktraders.com\/wp-content\/uploads\/2019\/03\/Euro.jpg","datePublished":"2020-06-09T08:36:11+00:00","dateModified":"2020-06-09T08:38:09+00:00","description":"Hohe Investitionen der EU geplant Die Corona-Krise erfordert aus Sicht von Ursula von der Leyen Investitionen in gro\u00dfer H\u00f6he. Dar\u00fcber hinaus k\u00f6nnte dies","breadcrumb":{"@id":"https:\/\/www.asktraders.com\/de\/finanznachrichten\/konjunkturprogramm-der-eu\/#breadcrumb"},"inLanguage":"de-DE","potentialAction":[{"@type":"ReadAction","target":["https:\/\/www.asktraders.com\/de\/finanznachrichten\/konjunkturprogramm-der-eu\/"]}]},{"@type":"ImageObject","inLanguage":"de-DE","@id":"https:\/\/www.asktraders.com\/de\/finanznachrichten\/konjunkturprogramm-der-eu\/#primaryimage","url":"https:\/\/www.asktraders.com\/wp-content\/uploads\/2019\/03\/Euro.jpg","contentUrl":"https:\/\/www.asktraders.com\/wp-content\/uploads\/2019\/03\/Euro.jpg","width":1000,"height":667,"caption":"Euro"},{"@type":"BreadcrumbList","@id":"https:\/\/www.asktraders.com\/de\/finanznachrichten\/konjunkturprogramm-der-eu\/#breadcrumb","itemListElement":[{"@type":"ListItem","position":1,"name":"Home","item":"https:\/\/www.asktraders.com\/de\/"},{"@type":"ListItem","position":2,"name":"News","item":"https:\/\/www.asktraders.com\/de\/finanznachrichten\/"},{"@type":"ListItem","position":3,"name":"Konjunkturprogramm der EU"}]},{"@type":"WebSite","@id":"https:\/\/www.asktraders.com\/de\/#website","url":"https:\/\/www.asktraders.com\/de\/","name":"AskTraders","description":"Guiding You To Trading Success","publisher":{"@id":"https:\/\/www.asktraders.com\/de\/#organization"},"inLanguage":"de-DE"},{"@type":"Organization","@id":"https:\/\/www.asktraders.com\/de\/#organization","name":"AskTraders","url":"https:\/\/www.asktraders.com\/de\/","logo":{"@type":"ImageObject","inLanguage":"de-DE","@id":"https:\/\/www.asktraders.com\/de\/#\/schema\/logo\/image\/","url":"https:\/\/www.asktraders.com\/wp-content\/uploads\/2019\/05\/asktraders-logo-tm-white.png","contentUrl":"https:\/\/www.asktraders.com\/wp-content\/uploads\/2019\/05\/asktraders-logo-tm-white.png","width":232,"height":38,"caption":"AskTraders"},"image":{"@id":"https:\/\/www.asktraders.com\/de\/#\/schema\/logo\/image\/"},"sameAs":["https:\/\/www.facebook.com\/asktraderscom","https:\/\/x.com\/Asktraders1"]},{"@type":"Person","@id":"https:\/\/www.asktraders.com\/de\/#\/schema\/person\/4de828539f5ea51588c0ac0e48f5d7fa","name":"Christian Habeck","image":{"@type":"ImageObject","inLanguage":"de-DE","@id":"https:\/\/secure.gravatar.com\/avatar\/3dca8a2b58f4d3761325bf13f156522ce2bd89b88c7d2db399abb119b93743de?s=96&d=mm&r=g","url":"https:\/\/secure.gravatar.com\/avatar\/3dca8a2b58f4d3761325bf13f156522ce2bd89b88c7d2db399abb119b93743de?s=96&d=mm&r=g","contentUrl":"https:\/\/secure.gravatar.com\/avatar\/3dca8a2b58f4d3761325bf13f156522ce2bd89b88c7d2db399abb119b93743de?s=96&d=mm&r=g","caption":"Christian Habeck"}}]}},"_links":{"self":[{"href":"https:\/\/www.asktraders.com\/de\/wp-json\/wp\/v2\/news\/81619","targetHints":{"allow":["GET"]}}],"collection":[{"href":"https:\/\/www.asktraders.com\/de\/wp-json\/wp\/v2\/news"}],"about":[{"href":"https:\/\/www.asktraders.com\/de\/wp-json\/wp\/v2\/types\/news"}],"author":[{"embeddable":true,"href":"https:\/\/www.asktraders.com\/de\/wp-json\/wp\/v2\/users\/30"}],"replies":[{"embeddable":true,"href":"https:\/\/www.asktraders.com\/de\/wp-json\/wp\/v2\/comments?post=81619"}],"version-history":[{"count":0,"href":"https:\/\/www.asktraders.com\/de\/wp-json\/wp\/v2\/news\/81619\/revisions"}],"wp:featuredmedia":[{"embeddable":true,"href":"https:\/\/www.asktraders.com\/de\/wp-json\/wp\/v2\/media\/36752"}],"wp:attachment":[{"href":"https:\/\/www.asktraders.com\/de\/wp-json\/wp\/v2\/media?parent=81619"}],"wp:term":[{"taxonomy":"news_cluster","embeddable":true,"href":"https:\/\/www.asktraders.com\/de\/wp-json\/wp\/v2\/news_cluster?post=81619"},{"taxonomy":"tradingcategory","embeddable":true,"href":"https:\/\/www.asktraders.com\/de\/wp-json\/wp\/v2\/tradingcategory?post=81619"}],"curies":[{"name":"wp","href":"https:\/\/api.w.org\/{rel}","templated":true}]}}