{"id":83828,"date":"2020-06-29T13:55:12","date_gmt":"2020-06-29T12:55:12","guid":{"rendered":"https:\/\/www.asktraders.com\/?post_type=news&#038;p=83828"},"modified":"2021-03-30T16:14:35","modified_gmt":"2021-03-30T15:14:35","slug":"ideanomics-aktie-koennte-weiter-fallen-firma-fuer-wertpapierstreitigkeiten-erhebt-anklage","status":"publish","type":"news","link":"https:\/\/www.asktraders.com\/de\/finanznachrichten\/ideanomics-aktie-koennte-weiter-fallen-firma-fuer-wertpapierstreitigkeiten-erhebt-anklage\/","title":{"rendered":"Ideanomics Aktie k\u00f6nnte weiter fallen \u2013 Firma f\u00fcr Wertpapierstreitigkeiten erhebt Anklage"},"content":{"rendered":"<p>Die Firma f\u00fcr Wertpapierstreitigkeiten Block &amp; Leviton LLP gab bekannt, dass sie im Namen der Shareholder gegen Ideanomics (NASDAQ: IDEX), den Hersteller von elektrischen Fahrzeugen, und gegen bestimmte leitende Angestellte wegen Wertpapierbetrug Anklage erhoben hat.<\/p>\n<p>Am Freitag fiel die Aktie von Ideanomics um 40,16%, als das Unternehmen angab, es werde auf einen \u201ekoordinierten Angriff\u201c auf die Glaubw\u00fcrdigkeit des Unternehmens reagieren, der Profite aus dem Wertverlust der Aktie schlagen soll.<\/p>\n<p>Zu der Anklage kam es, nachdem Hindenburg Research, ein Unternehmen f\u00fcr forensische Finanzforschung, einen Tweet ver\u00f6ffentlicht hatte. Darin hie\u00df es, dass Ideanomics \u201ein seinen Pressmitteilungen Fotos ver\u00e4ndert und so f\u00e4lschlicherweise nahegelegt hat, es besitze\/betreibe in China eine knapp 93.000 m\u00b2 gro\u00dfe Verkaufsanlage f\u00fcr elektrische Fahrzeuge.\u201c<\/p>\n<p>Hindenburg Research sagte, \u201ees ist offensichtlich, dass das Unternehmen das Foto manipuliert hat, um so die Aktienpreise nach oben zu treiben.\u201c<\/p>\n<p>Au\u00dferdem behauptete man, ein beauftragter Ermittler habe das \u201eMeg Sales Centre\u201c besucht. Dabei fand er heraus, dass es von 100 verschiedenen Verkaufsunternehmen betrieben wird \u2013 keines davon kennt Ideanomics.\u201c<\/p>\n<p>In einem weiteren Schlage gegen die Firma ver\u00f6ffentlichten Analysten von J Capital Research ihren eigenen Bericht \u00fcber Ideanomics. Sie gaben darin an, das Unternehmen \u201e\u00e4ndere seinen Namen und seine Story f\u00fcr die Werbung h\u00e4ufig\u201c. Au\u00dferdem sagten sie, sie h\u00e4tten alle K\u00e4ufer angerufen, die in der aktuellen Pressemitteilung von Ideanomics erw\u00e4hnt werden. Keiner davon habe Eink\u00e4ufe get\u00e4tigt.<\/p>\n<p><img loading=\"lazy\" decoding=\"async\" class=\"aligncenter wp-image-83802 size-full\" src=\"https:\/\/www.asktraders.com\/wp-content\/uploads\/2020\/06\/Ideanomics-sare-price-29-06-2020.png\" alt=\"Ideanomics \" width=\"1814\" height=\"846\" srcset=\"https:\/\/www.asktraders.com\/wp-content\/uploads\/2020\/06\/Ideanomics-sare-price-29-06-2020.png 1814w, https:\/\/www.asktraders.com\/wp-content\/uploads\/2020\/06\/Ideanomics-sare-price-29-06-2020-300x140.png 300w, https:\/\/www.asktraders.com\/wp-content\/uploads\/2020\/06\/Ideanomics-sare-price-29-06-2020-768x358.png 768w, https:\/\/www.asktraders.com\/wp-content\/uploads\/2020\/06\/Ideanomics-sare-price-29-06-2020-1024x478.png 1024w, https:\/\/www.asktraders.com\/wp-content\/uploads\/2020\/06\/Ideanomics-sare-price-29-06-2020-378x176.png 378w\" sizes=\"auto, (max-width: 1814px) 100vw, 1814px\" \/><\/p>\n<p>Selbstredend st\u00fcrzte die Aktie von Ideanomics nach diesen Nachrichten ab, sie wird f\u00fcr 1,46 $ gehandelt. Vor einigen Tagen hatte sie einen Wert von 3$.<\/p>\n<p>Das unterstreicht wieder einmal, dass die Nasdaq recht hatte, die Voraussetzungen f\u00fcr Unternehmen zu erh\u00f6hen, nach dem Lucking Coffee Skandal gelistet zu werden. Nach der Ank\u00fcndigung der Anklage w\u00fcrde es kaum \u00fcberraschen, wenn der Aktienkurs heute sogar noch tiefer sinkt.<\/p>\n","protected":false},"author":57,"featured_media":82894,"comment_status":"open","ping_status":"closed","template":"legacy-single.blade.php","news_cluster":[],"tradingcategory":[99],"class_list":["post-83828","news","type-news","status-publish","has-post-thumbnail","hentry","tradingcategory-aktien"],"acf":[],"apple_news_notices":[],"yoast_head":"<!-- This site is optimized with the Yoast SEO plugin v27.2 - https:\/\/yoast.com\/product\/yoast-seo-wordpress\/ -->\n<title>Ideanomics Aktie k\u00f6nnte wegen Anklage weiter fallen!<\/title>\n<meta name=\"description\" content=\"Ideanomics Aktie k\u00f6nnte weiter fallen! Firma f\u00fcr Wertpapierstreitigkeiten erhebt Anklage und die Aktie von Ideanomics st\u00fcrtzte nach diesen Nachrichten ab!\" \/>\n<meta name=\"robots\" content=\"index, follow, max-snippet:-1, max-image-preview:large, max-video-preview:-1\" \/>\n<link rel=\"canonical\" href=\"https:\/\/www.asktraders.com\/de\/finanznachrichten\/ideanomics-aktie-koennte-weiter-fallen-firma-fuer-wertpapierstreitigkeiten-erhebt-anklage\/\" \/>\n<meta property=\"og:locale\" content=\"de_DE\" \/>\n<meta property=\"og:type\" content=\"article\" \/>\n<meta property=\"og:title\" content=\"Ideanomics Aktie k\u00f6nnte wegen Anklage weiter fallen!\" \/>\n<meta property=\"og:description\" content=\"Ideanomics Aktie k\u00f6nnte weiter fallen! Firma f\u00fcr Wertpapierstreitigkeiten erhebt Anklage und die Aktie von Ideanomics st\u00fcrtzte nach diesen Nachrichten ab!\" \/>\n<meta property=\"og:url\" content=\"https:\/\/www.asktraders.com\/de\/finanznachrichten\/ideanomics-aktie-koennte-weiter-fallen-firma-fuer-wertpapierstreitigkeiten-erhebt-anklage\/\" \/>\n<meta property=\"og:site_name\" content=\"AskTraders.com\" \/>\n<meta property=\"article:publisher\" content=\"https:\/\/www.facebook.com\/asktraderscom\" \/>\n<meta property=\"article:modified_time\" content=\"2021-03-30T15:14:35+00:00\" \/>\n<meta property=\"og:image\" content=\"https:\/\/www.asktraders.com\/wp-content\/uploads\/2020\/06\/Ev.jpeg\" \/>\n\t<meta property=\"og:image:width\" content=\"1880\" \/>\n\t<meta property=\"og:image:height\" content=\"1056\" \/>\n\t<meta property=\"og:image:type\" content=\"image\/jpeg\" \/>\n<meta name=\"twitter:card\" content=\"summary_large_image\" \/>\n<meta name=\"twitter:site\" content=\"@Asktraders1\" \/>\n<meta name=\"twitter:label1\" content=\"Gesch\u00e4tzte Lesezeit\" \/>\n\t<meta name=\"twitter:data1\" content=\"2 Minuten\" \/>\n<script type=\"application\/ld+json\" class=\"yoast-schema-graph\">{\"@context\":\"https:\/\/schema.org\",\"@graph\":[{\"@type\":\"NewsArticle\",\"@id\":\"https:\/\/www.asktraders.com\/de\/finanznachrichten\/ideanomics-aktie-koennte-weiter-fallen-firma-fuer-wertpapierstreitigkeiten-erhebt-anklage\/#article\",\"isPartOf\":{\"@id\":\"https:\/\/www.asktraders.com\/de\/finanznachrichten\/ideanomics-aktie-koennte-weiter-fallen-firma-fuer-wertpapierstreitigkeiten-erhebt-anklage\/\"},\"author\":{\"name\":\"Chris\",\"@id\":\"https:\/\/www.asktraders.com\/de\/#\/schema\/person\/423d427d503a79689aa4c42a56734fb7\",\"url\":\"https:\/\/www.asktraders.com\/de\/author\/chrislee\/\"},\"headline\":\"Ideanomics Aktie k\u00f6nnte weiter fallen \u2013 Firma f\u00fcr Wertpapierstreitigkeiten erhebt Anklage\",\"datePublished\":\"2020-06-29T12:55:12+00:00\",\"dateModified\":\"2021-03-30T15:14:35+00:00\",\"mainEntityOfPage\":{\"@id\":\"https:\/\/www.asktraders.com\/de\/finanznachrichten\/ideanomics-aktie-koennte-weiter-fallen-firma-fuer-wertpapierstreitigkeiten-erhebt-anklage\/\"},\"wordCount\":315,\"commentCount\":0,\"publisher\":{\"@id\":\"https:\/\/www.asktraders.com\/de\/#organization\"},\"image\":{\"@id\":\"https:\/\/www.asktraders.com\/de\/finanznachrichten\/ideanomics-aktie-koennte-weiter-fallen-firma-fuer-wertpapierstreitigkeiten-erhebt-anklage\/#primaryimage\"},\"thumbnailUrl\":\"https:\/\/www.asktraders.com\/wp-content\/uploads\/2020\/06\/Ev.jpeg\",\"keywords\":[\"Ideanomics\"],\"inLanguage\":\"de-DE\",\"potentialAction\":[{\"@type\":\"CommentAction\",\"name\":\"Comment\",\"target\":[\"https:\/\/www.asktraders.com\/de\/finanznachrichten\/ideanomics-aktie-koennte-weiter-fallen-firma-fuer-wertpapierstreitigkeiten-erhebt-anklage\/#respond\"]}]},{\"@type\":\"WebPage\",\"@id\":\"https:\/\/www.asktraders.com\/de\/finanznachrichten\/ideanomics-aktie-koennte-weiter-fallen-firma-fuer-wertpapierstreitigkeiten-erhebt-anklage\/\",\"url\":\"https:\/\/www.asktraders.com\/de\/finanznachrichten\/ideanomics-aktie-koennte-weiter-fallen-firma-fuer-wertpapierstreitigkeiten-erhebt-anklage\/\",\"name\":\"Ideanomics Aktie k\u00f6nnte wegen Anklage weiter fallen!\",\"isPartOf\":{\"@id\":\"https:\/\/www.asktraders.com\/de\/#website\"},\"primaryImageOfPage\":{\"@id\":\"https:\/\/www.asktraders.com\/de\/finanznachrichten\/ideanomics-aktie-koennte-weiter-fallen-firma-fuer-wertpapierstreitigkeiten-erhebt-anklage\/#primaryimage\"},\"image\":{\"@id\":\"https:\/\/www.asktraders.com\/de\/finanznachrichten\/ideanomics-aktie-koennte-weiter-fallen-firma-fuer-wertpapierstreitigkeiten-erhebt-anklage\/#primaryimage\"},\"thumbnailUrl\":\"https:\/\/www.asktraders.com\/wp-content\/uploads\/2020\/06\/Ev.jpeg\",\"datePublished\":\"2020-06-29T12:55:12+00:00\",\"dateModified\":\"2021-03-30T15:14:35+00:00\",\"description\":\"Ideanomics Aktie k\u00f6nnte weiter fallen! Firma f\u00fcr Wertpapierstreitigkeiten erhebt Anklage und die Aktie von Ideanomics st\u00fcrtzte nach diesen Nachrichten ab!\",\"breadcrumb\":{\"@id\":\"https:\/\/www.asktraders.com\/de\/finanznachrichten\/ideanomics-aktie-koennte-weiter-fallen-firma-fuer-wertpapierstreitigkeiten-erhebt-anklage\/#breadcrumb\"},\"inLanguage\":\"de-DE\",\"potentialAction\":[{\"@type\":\"ReadAction\",\"target\":[\"https:\/\/www.asktraders.com\/de\/finanznachrichten\/ideanomics-aktie-koennte-weiter-fallen-firma-fuer-wertpapierstreitigkeiten-erhebt-anklage\/\"]}]},{\"@type\":\"ImageObject\",\"inLanguage\":\"de-DE\",\"@id\":\"https:\/\/www.asktraders.com\/de\/finanznachrichten\/ideanomics-aktie-koennte-weiter-fallen-firma-fuer-wertpapierstreitigkeiten-erhebt-anklage\/#primaryimage\",\"url\":\"https:\/\/www.asktraders.com\/wp-content\/uploads\/2020\/06\/Ev.jpeg\",\"contentUrl\":\"https:\/\/www.asktraders.com\/wp-content\/uploads\/2020\/06\/Ev.jpeg\",\"width\":1880,\"height\":1056,\"caption\":\"Electric Vehicle\"},{\"@type\":\"BreadcrumbList\",\"@id\":\"https:\/\/www.asktraders.com\/de\/finanznachrichten\/ideanomics-aktie-koennte-weiter-fallen-firma-fuer-wertpapierstreitigkeiten-erhebt-anklage\/#breadcrumb\",\"itemListElement\":[{\"@type\":\"ListItem\",\"position\":1,\"name\":\"Home\",\"item\":\"https:\/\/www.asktraders.com\/de\/\"},{\"@type\":\"ListItem\",\"position\":2,\"name\":\"News\",\"item\":\"https:\/\/www.asktraders.com\/de\/finanznachrichten\/\"},{\"@type\":\"ListItem\",\"position\":3,\"name\":\"Ideanomics Aktie k\u00f6nnte weiter fallen \u2013 Firma f\u00fcr Wertpapierstreitigkeiten erhebt Anklage\"}]},{\"@type\":\"WebSite\",\"@id\":\"https:\/\/www.asktraders.com\/de\/#website\",\"url\":\"https:\/\/www.asktraders.com\/de\/\",\"name\":\"AskTraders\",\"description\":\"Guiding You To Trading Success\",\"publisher\":{\"@id\":\"https:\/\/www.asktraders.com\/de\/#organization\"},\"inLanguage\":\"de-DE\"},{\"@type\":\"Organization\",\"@id\":\"https:\/\/www.asktraders.com\/de\/#organization\",\"name\":\"AskTraders\",\"url\":\"https:\/\/www.asktraders.com\/de\/\",\"logo\":{\"@type\":\"ImageObject\",\"inLanguage\":\"de-DE\",\"@id\":\"https:\/\/www.asktraders.com\/de\/#\/schema\/logo\/image\/\",\"url\":\"https:\/\/www.asktraders.com\/wp-content\/uploads\/2019\/05\/asktraders-logo-tm-white.png\",\"contentUrl\":\"https:\/\/www.asktraders.com\/wp-content\/uploads\/2019\/05\/asktraders-logo-tm-white.png\",\"width\":232,\"height\":38,\"caption\":\"AskTraders\"},\"image\":{\"@id\":\"https:\/\/www.asktraders.com\/de\/#\/schema\/logo\/image\/\"},\"sameAs\":[\"https:\/\/www.facebook.com\/asktraderscom\",\"https:\/\/x.com\/Asktraders1\"]},{\"@type\":\"Person\",\"@id\":\"https:\/\/www.asktraders.com\/de\/#\/schema\/person\/423d427d503a79689aa4c42a56734fb7\",\"name\":\"Chris\",\"image\":{\"@type\":\"ImageObject\",\"inLanguage\":\"de-DE\",\"@id\":\"https:\/\/secure.gravatar.com\/avatar\/9fd3d67759940cd10a2046ba217a4c368d906c10b795f986f43554bb7075e3ea?s=96&d=mm&r=g\",\"url\":\"https:\/\/secure.gravatar.com\/avatar\/9fd3d67759940cd10a2046ba217a4c368d906c10b795f986f43554bb7075e3ea?s=96&d=mm&r=g\",\"contentUrl\":\"https:\/\/secure.gravatar.com\/avatar\/9fd3d67759940cd10a2046ba217a4c368d906c10b795f986f43554bb7075e3ea?s=96&d=mm&r=g\",\"caption\":\"Chris\"}}]}<\/script>\n<!-- \/ Yoast SEO plugin. -->","yoast_head_json":{"title":"Ideanomics Aktie k\u00f6nnte wegen Anklage weiter fallen!","description":"Ideanomics Aktie k\u00f6nnte weiter fallen! Firma f\u00fcr Wertpapierstreitigkeiten erhebt Anklage und die Aktie von Ideanomics st\u00fcrtzte nach diesen Nachrichten ab!","robots":{"index":"index","follow":"follow","max-snippet":"max-snippet:-1","max-image-preview":"max-image-preview:large","max-video-preview":"max-video-preview:-1"},"canonical":"https:\/\/www.asktraders.com\/de\/finanznachrichten\/ideanomics-aktie-koennte-weiter-fallen-firma-fuer-wertpapierstreitigkeiten-erhebt-anklage\/","og_locale":"de_DE","og_type":"article","og_title":"Ideanomics Aktie k\u00f6nnte wegen Anklage weiter fallen!","og_description":"Ideanomics Aktie k\u00f6nnte weiter fallen! Firma f\u00fcr Wertpapierstreitigkeiten erhebt Anklage und die Aktie von Ideanomics st\u00fcrtzte nach diesen Nachrichten ab!","og_url":"https:\/\/www.asktraders.com\/de\/finanznachrichten\/ideanomics-aktie-koennte-weiter-fallen-firma-fuer-wertpapierstreitigkeiten-erhebt-anklage\/","og_site_name":"AskTraders.com","article_publisher":"https:\/\/www.facebook.com\/asktraderscom","article_modified_time":"2021-03-30T15:14:35+00:00","og_image":[{"width":1880,"height":1056,"url":"https:\/\/www.asktraders.com\/wp-content\/uploads\/2020\/06\/Ev.jpeg","type":"image\/jpeg"}],"twitter_card":"summary_large_image","twitter_site":"@Asktraders1","twitter_misc":{"Gesch\u00e4tzte Lesezeit":"2 Minuten"},"schema":{"@context":"https:\/\/schema.org","@graph":[{"@type":"NewsArticle","@id":"https:\/\/www.asktraders.com\/de\/finanznachrichten\/ideanomics-aktie-koennte-weiter-fallen-firma-fuer-wertpapierstreitigkeiten-erhebt-anklage\/#article","isPartOf":{"@id":"https:\/\/www.asktraders.com\/de\/finanznachrichten\/ideanomics-aktie-koennte-weiter-fallen-firma-fuer-wertpapierstreitigkeiten-erhebt-anklage\/"},"author":{"name":"Chris","@id":"https:\/\/www.asktraders.com\/de\/#\/schema\/person\/423d427d503a79689aa4c42a56734fb7","url":"https:\/\/www.asktraders.com\/de\/author\/chrislee\/"},"headline":"Ideanomics Aktie k\u00f6nnte weiter fallen \u2013 Firma f\u00fcr Wertpapierstreitigkeiten erhebt Anklage","datePublished":"2020-06-29T12:55:12+00:00","dateModified":"2021-03-30T15:14:35+00:00","mainEntityOfPage":{"@id":"https:\/\/www.asktraders.com\/de\/finanznachrichten\/ideanomics-aktie-koennte-weiter-fallen-firma-fuer-wertpapierstreitigkeiten-erhebt-anklage\/"},"wordCount":315,"commentCount":0,"publisher":{"@id":"https:\/\/www.asktraders.com\/de\/#organization"},"image":{"@id":"https:\/\/www.asktraders.com\/de\/finanznachrichten\/ideanomics-aktie-koennte-weiter-fallen-firma-fuer-wertpapierstreitigkeiten-erhebt-anklage\/#primaryimage"},"thumbnailUrl":"https:\/\/www.asktraders.com\/wp-content\/uploads\/2020\/06\/Ev.jpeg","keywords":["Ideanomics"],"inLanguage":"de-DE","potentialAction":[{"@type":"CommentAction","name":"Comment","target":["https:\/\/www.asktraders.com\/de\/finanznachrichten\/ideanomics-aktie-koennte-weiter-fallen-firma-fuer-wertpapierstreitigkeiten-erhebt-anklage\/#respond"]}]},{"@type":"WebPage","@id":"https:\/\/www.asktraders.com\/de\/finanznachrichten\/ideanomics-aktie-koennte-weiter-fallen-firma-fuer-wertpapierstreitigkeiten-erhebt-anklage\/","url":"https:\/\/www.asktraders.com\/de\/finanznachrichten\/ideanomics-aktie-koennte-weiter-fallen-firma-fuer-wertpapierstreitigkeiten-erhebt-anklage\/","name":"Ideanomics Aktie k\u00f6nnte wegen Anklage weiter fallen!","isPartOf":{"@id":"https:\/\/www.asktraders.com\/de\/#website"},"primaryImageOfPage":{"@id":"https:\/\/www.asktraders.com\/de\/finanznachrichten\/ideanomics-aktie-koennte-weiter-fallen-firma-fuer-wertpapierstreitigkeiten-erhebt-anklage\/#primaryimage"},"image":{"@id":"https:\/\/www.asktraders.com\/de\/finanznachrichten\/ideanomics-aktie-koennte-weiter-fallen-firma-fuer-wertpapierstreitigkeiten-erhebt-anklage\/#primaryimage"},"thumbnailUrl":"https:\/\/www.asktraders.com\/wp-content\/uploads\/2020\/06\/Ev.jpeg","datePublished":"2020-06-29T12:55:12+00:00","dateModified":"2021-03-30T15:14:35+00:00","description":"Ideanomics Aktie k\u00f6nnte weiter fallen! Firma f\u00fcr Wertpapierstreitigkeiten erhebt Anklage und die Aktie von Ideanomics st\u00fcrtzte nach diesen Nachrichten ab!","breadcrumb":{"@id":"https:\/\/www.asktraders.com\/de\/finanznachrichten\/ideanomics-aktie-koennte-weiter-fallen-firma-fuer-wertpapierstreitigkeiten-erhebt-anklage\/#breadcrumb"},"inLanguage":"de-DE","potentialAction":[{"@type":"ReadAction","target":["https:\/\/www.asktraders.com\/de\/finanznachrichten\/ideanomics-aktie-koennte-weiter-fallen-firma-fuer-wertpapierstreitigkeiten-erhebt-anklage\/"]}]},{"@type":"ImageObject","inLanguage":"de-DE","@id":"https:\/\/www.asktraders.com\/de\/finanznachrichten\/ideanomics-aktie-koennte-weiter-fallen-firma-fuer-wertpapierstreitigkeiten-erhebt-anklage\/#primaryimage","url":"https:\/\/www.asktraders.com\/wp-content\/uploads\/2020\/06\/Ev.jpeg","contentUrl":"https:\/\/www.asktraders.com\/wp-content\/uploads\/2020\/06\/Ev.jpeg","width":1880,"height":1056,"caption":"Electric Vehicle"},{"@type":"BreadcrumbList","@id":"https:\/\/www.asktraders.com\/de\/finanznachrichten\/ideanomics-aktie-koennte-weiter-fallen-firma-fuer-wertpapierstreitigkeiten-erhebt-anklage\/#breadcrumb","itemListElement":[{"@type":"ListItem","position":1,"name":"Home","item":"https:\/\/www.asktraders.com\/de\/"},{"@type":"ListItem","position":2,"name":"News","item":"https:\/\/www.asktraders.com\/de\/finanznachrichten\/"},{"@type":"ListItem","position":3,"name":"Ideanomics Aktie k\u00f6nnte weiter fallen \u2013 Firma f\u00fcr Wertpapierstreitigkeiten erhebt Anklage"}]},{"@type":"WebSite","@id":"https:\/\/www.asktraders.com\/de\/#website","url":"https:\/\/www.asktraders.com\/de\/","name":"AskTraders","description":"Guiding You To Trading Success","publisher":{"@id":"https:\/\/www.asktraders.com\/de\/#organization"},"inLanguage":"de-DE"},{"@type":"Organization","@id":"https:\/\/www.asktraders.com\/de\/#organization","name":"AskTraders","url":"https:\/\/www.asktraders.com\/de\/","logo":{"@type":"ImageObject","inLanguage":"de-DE","@id":"https:\/\/www.asktraders.com\/de\/#\/schema\/logo\/image\/","url":"https:\/\/www.asktraders.com\/wp-content\/uploads\/2019\/05\/asktraders-logo-tm-white.png","contentUrl":"https:\/\/www.asktraders.com\/wp-content\/uploads\/2019\/05\/asktraders-logo-tm-white.png","width":232,"height":38,"caption":"AskTraders"},"image":{"@id":"https:\/\/www.asktraders.com\/de\/#\/schema\/logo\/image\/"},"sameAs":["https:\/\/www.facebook.com\/asktraderscom","https:\/\/x.com\/Asktraders1"]},{"@type":"Person","@id":"https:\/\/www.asktraders.com\/de\/#\/schema\/person\/423d427d503a79689aa4c42a56734fb7","name":"Chris","image":{"@type":"ImageObject","inLanguage":"de-DE","@id":"https:\/\/secure.gravatar.com\/avatar\/9fd3d67759940cd10a2046ba217a4c368d906c10b795f986f43554bb7075e3ea?s=96&d=mm&r=g","url":"https:\/\/secure.gravatar.com\/avatar\/9fd3d67759940cd10a2046ba217a4c368d906c10b795f986f43554bb7075e3ea?s=96&d=mm&r=g","contentUrl":"https:\/\/secure.gravatar.com\/avatar\/9fd3d67759940cd10a2046ba217a4c368d906c10b795f986f43554bb7075e3ea?s=96&d=mm&r=g","caption":"Chris"}}]}},"_links":{"self":[{"href":"https:\/\/www.asktraders.com\/de\/wp-json\/wp\/v2\/news\/83828","targetHints":{"allow":["GET"]}}],"collection":[{"href":"https:\/\/www.asktraders.com\/de\/wp-json\/wp\/v2\/news"}],"about":[{"href":"https:\/\/www.asktraders.com\/de\/wp-json\/wp\/v2\/types\/news"}],"author":[{"embeddable":true,"href":"https:\/\/www.asktraders.com\/de\/wp-json\/wp\/v2\/users\/57"}],"replies":[{"embeddable":true,"href":"https:\/\/www.asktraders.com\/de\/wp-json\/wp\/v2\/comments?post=83828"}],"version-history":[{"count":0,"href":"https:\/\/www.asktraders.com\/de\/wp-json\/wp\/v2\/news\/83828\/revisions"}],"wp:featuredmedia":[{"embeddable":true,"href":"https:\/\/www.asktraders.com\/de\/wp-json\/wp\/v2\/media\/82894"}],"wp:attachment":[{"href":"https:\/\/www.asktraders.com\/de\/wp-json\/wp\/v2\/media?parent=83828"}],"wp:term":[{"taxonomy":"news_cluster","embeddable":true,"href":"https:\/\/www.asktraders.com\/de\/wp-json\/wp\/v2\/news_cluster?post=83828"},{"taxonomy":"tradingcategory","embeddable":true,"href":"https:\/\/www.asktraders.com\/de\/wp-json\/wp\/v2\/tradingcategory?post=83828"}],"curies":[{"name":"wp","href":"https:\/\/api.w.org\/{rel}","templated":true}]}}