{"id":84490,"date":"2020-07-02T12:09:18","date_gmt":"2020-07-02T11:09:18","guid":{"rendered":"https:\/\/www.asktraders.com\/?post_type=news&#038;p=84490"},"modified":"2021-03-30T16:05:54","modified_gmt":"2021-03-30T15:05:54","slug":"die-aktie-des-primark-besitzers-stieg-dank-verbesserter-zukunftsaussichten-um-7","status":"publish","type":"news","link":"https:\/\/www.asktraders.com\/de\/finanznachrichten\/die-aktie-des-primark-besitzers-stieg-dank-verbesserter-zukunftsaussichten-um-7\/","title":{"rendered":"Die Aktie des Primark Besitzers stieg dank verbesserter Zukunftsaussichten um 7%"},"content":{"rendered":"<p>Der Aktienkurs von Associated British Foods (ABF) (LON: ABF), ein Lebensmittelhersteller und -verk\u00e4ufer, ist um 7% gestiegen. Zuvor hatte das Unternehmen die Ergebnisse des 3. Quartals ver\u00f6ffentlicht, die besser ausfielen als eigentlich vom Markt erwartet. ABFs Verkaufszahlen st\u00fcrzten um 39% auf 2,9 Milliarden Euro, da alle Primark L\u00e4den w\u00e4hrend der Ausgangssperre schlie\u00dfen mussten.<\/p>\n<p>Bei Primark, ABFs Tochtergesellschaft, gingen die Verkaufszahlen um 75% auf 644 Millionen Euro zur\u00fcck. Der Modeh\u00e4ndler ist vollst\u00e4ndig von seinen Gesch\u00e4ften abh\u00e4ngig, da er kein Online-Shopping anbietet.<\/p>\n<p><img loading=\"lazy\" decoding=\"async\" class=\"aligncenter size-full wp-image-84474\" src=\"https:\/\/www.asktraders.com\/wp-content\/uploads\/2020\/07\/Primark-store.jpeg\" alt=\"\" width=\"600\" height=\"407\" srcset=\"https:\/\/www.asktraders.com\/wp-content\/uploads\/2020\/07\/Primark-store.jpeg 600w, https:\/\/www.asktraders.com\/wp-content\/uploads\/2020\/07\/Primark-store-300x204.jpeg 300w, https:\/\/www.asktraders.com\/wp-content\/uploads\/2020\/07\/Primark-store-378x256.jpeg 378w\" sizes=\"auto, (max-width: 600px) 100vw, 600px\" \/><\/p>\n<p>\u201eDer Verzicht auf einen Online-Shop war nicht gerade hilfreich und hat das Unternehmen im Vergleich zur Konkurrenz zur\u00fcckgehalten. Das hat Primark w\u00e4hrend der Schlie\u00dfung pro Monat knapp 720 Millionen Euro gekostet\u201c, sagte Emma-Lou Montgomery von Fidelity Personal Investing.<\/p>\n<p>Daher rechnet ABF damit, dass der Betriebsgewinn von Primark zwischen 333 bis 388 Millionen Euro liegen wird \u2013 im Vorjahr waren es noch knapp 1013 Millionen Euro.<\/p>\n<p>Nichtsdestotrotz teilte ABF mit, dass das Unternehmen seit der Wiederer\u00f6ffnung gut laufe.<\/p>\n<p>\u201eSich von der Pandemie zu erholen, war f\u00fcr die Unternehmen von vornherein ein schweres Unterfangen. Dagegen legt das Update von AB Foods nahe, dass es gute Chancen hat wieder zu genesen\u201c, sagte Russ Mould, Leiter der Investmentabteilung bei AJ Bell.<\/p>\n<p><img loading=\"lazy\" decoding=\"async\" class=\"aligncenter size-full wp-image-84475\" src=\"https:\/\/www.asktraders.com\/wp-content\/uploads\/2020\/07\/Primark-share-price-soars-higher-June-2020.png\" alt=\"Primark share price soars higher June 2020\" width=\"1920\" height=\"1080\" srcset=\"https:\/\/www.asktraders.com\/wp-content\/uploads\/2020\/07\/Primark-share-price-soars-higher-June-2020.png 1920w, https:\/\/www.asktraders.com\/wp-content\/uploads\/2020\/07\/Primark-share-price-soars-higher-June-2020-300x169.png 300w, https:\/\/www.asktraders.com\/wp-content\/uploads\/2020\/07\/Primark-share-price-soars-higher-June-2020-1024x576.png 1024w, https:\/\/www.asktraders.com\/wp-content\/uploads\/2020\/07\/Primark-share-price-soars-higher-June-2020-768x432.png 768w, https:\/\/www.asktraders.com\/wp-content\/uploads\/2020\/07\/Primark-share-price-soars-higher-June-2020-1536x864.png 1536w, https:\/\/www.asktraders.com\/wp-content\/uploads\/2020\/07\/Primark-share-price-soars-higher-June-2020-378x213.png 378w\" sizes=\"auto, (max-width: 1920px) 100vw, 1920px\" \/><\/p>\n<p>Die Aktie von ABF ist um 7% gestiegen und wird \u00fcber 2100p gehandelt. Ihr 3-Monatshoch liegt bei 2141p.<\/p>\n","protected":false},"author":57,"featured_media":84472,"comment_status":"open","ping_status":"closed","template":"legacy-single.blade.php","news_cluster":[],"tradingcategory":[99],"class_list":["post-84490","news","type-news","status-publish","has-post-thumbnail","hentry","tradingcategory-aktien"],"acf":[],"apple_news_notices":[],"yoast_head":"<!-- This site is optimized with the Yoast SEO plugin v27.2 - https:\/\/yoast.com\/product\/yoast-seo-wordpress\/ -->\n<title>Die Aktie des Primark Besitzers stieg um 7% - News!<\/title>\n<meta name=\"description\" content=\"Die Aktie von ABF, dem Besitzer des Modeh\u00e4ndlers Primark, legte heute dank der Zahlen f\u00fcr das dritte Quartal, die besser als erwartet ausfielen, ordentlich zu.\" \/>\n<meta name=\"robots\" content=\"index, follow, max-snippet:-1, max-image-preview:large, max-video-preview:-1\" \/>\n<link rel=\"canonical\" href=\"https:\/\/www.asktraders.com\/de\/finanznachrichten\/die-aktie-des-primark-besitzers-stieg-dank-verbesserter-zukunftsaussichten-um-7\/\" \/>\n<meta property=\"og:locale\" content=\"de_DE\" \/>\n<meta property=\"og:type\" content=\"article\" \/>\n<meta property=\"og:title\" content=\"Die Aktie des Primark Besitzers stieg um 7% - News!\" \/>\n<meta property=\"og:description\" content=\"Die Aktie von ABF, dem Besitzer des Modeh\u00e4ndlers Primark, legte heute dank der Zahlen f\u00fcr das dritte Quartal, die besser als erwartet ausfielen, ordentlich zu.\" \/>\n<meta property=\"og:url\" content=\"https:\/\/www.asktraders.com\/de\/finanznachrichten\/die-aktie-des-primark-besitzers-stieg-dank-verbesserter-zukunftsaussichten-um-7\/\" \/>\n<meta property=\"og:site_name\" content=\"AskTraders.com\" \/>\n<meta property=\"article:publisher\" content=\"https:\/\/www.facebook.com\/asktraderscom\" \/>\n<meta property=\"article:modified_time\" content=\"2021-03-30T15:05:54+00:00\" \/>\n<meta property=\"og:image\" content=\"https:\/\/www.asktraders.com\/wp-content\/uploads\/2020\/07\/shutterstock_1438212881.jpg\" \/>\n\t<meta property=\"og:image:width\" content=\"1000\" \/>\n\t<meta property=\"og:image:height\" content=\"667\" \/>\n\t<meta property=\"og:image:type\" content=\"image\/jpeg\" \/>\n<meta name=\"twitter:card\" content=\"summary_large_image\" \/>\n<meta name=\"twitter:site\" content=\"@Asktraders1\" \/>\n<meta name=\"twitter:label1\" content=\"Gesch\u00e4tzte Lesezeit\" \/>\n\t<meta name=\"twitter:data1\" content=\"1 Minute\" \/>\n<script type=\"application\/ld+json\" class=\"yoast-schema-graph\">{\"@context\":\"https:\/\/schema.org\",\"@graph\":[{\"@type\":\"NewsArticle\",\"@id\":\"https:\/\/www.asktraders.com\/de\/finanznachrichten\/die-aktie-des-primark-besitzers-stieg-dank-verbesserter-zukunftsaussichten-um-7\/#article\",\"isPartOf\":{\"@id\":\"https:\/\/www.asktraders.com\/de\/finanznachrichten\/die-aktie-des-primark-besitzers-stieg-dank-verbesserter-zukunftsaussichten-um-7\/\"},\"author\":{\"name\":\"Chris\",\"@id\":\"https:\/\/www.asktraders.com\/de\/#\/schema\/person\/423d427d503a79689aa4c42a56734fb7\",\"url\":\"https:\/\/www.asktraders.com\/de\/author\/chrislee\/\"},\"headline\":\"Die Aktie des Primark Besitzers stieg dank verbesserter Zukunftsaussichten um 7%\",\"datePublished\":\"2020-07-02T11:09:18+00:00\",\"dateModified\":\"2021-03-30T15:05:54+00:00\",\"mainEntityOfPage\":{\"@id\":\"https:\/\/www.asktraders.com\/de\/finanznachrichten\/die-aktie-des-primark-besitzers-stieg-dank-verbesserter-zukunftsaussichten-um-7\/\"},\"wordCount\":229,\"commentCount\":0,\"publisher\":{\"@id\":\"https:\/\/www.asktraders.com\/de\/#organization\"},\"image\":{\"@id\":\"https:\/\/www.asktraders.com\/de\/finanznachrichten\/die-aktie-des-primark-besitzers-stieg-dank-verbesserter-zukunftsaussichten-um-7\/#primaryimage\"},\"thumbnailUrl\":\"https:\/\/www.asktraders.com\/wp-content\/uploads\/2020\/07\/shutterstock_1438212881.jpg\",\"keywords\":[\"ABF\",\"Primark\"],\"inLanguage\":\"de-DE\",\"potentialAction\":[{\"@type\":\"CommentAction\",\"name\":\"Comment\",\"target\":[\"https:\/\/www.asktraders.com\/de\/finanznachrichten\/die-aktie-des-primark-besitzers-stieg-dank-verbesserter-zukunftsaussichten-um-7\/#respond\"]}]},{\"@type\":\"WebPage\",\"@id\":\"https:\/\/www.asktraders.com\/de\/finanznachrichten\/die-aktie-des-primark-besitzers-stieg-dank-verbesserter-zukunftsaussichten-um-7\/\",\"url\":\"https:\/\/www.asktraders.com\/de\/finanznachrichten\/die-aktie-des-primark-besitzers-stieg-dank-verbesserter-zukunftsaussichten-um-7\/\",\"name\":\"Die Aktie des Primark Besitzers stieg um 7% - News!\",\"isPartOf\":{\"@id\":\"https:\/\/www.asktraders.com\/de\/#website\"},\"primaryImageOfPage\":{\"@id\":\"https:\/\/www.asktraders.com\/de\/finanznachrichten\/die-aktie-des-primark-besitzers-stieg-dank-verbesserter-zukunftsaussichten-um-7\/#primaryimage\"},\"image\":{\"@id\":\"https:\/\/www.asktraders.com\/de\/finanznachrichten\/die-aktie-des-primark-besitzers-stieg-dank-verbesserter-zukunftsaussichten-um-7\/#primaryimage\"},\"thumbnailUrl\":\"https:\/\/www.asktraders.com\/wp-content\/uploads\/2020\/07\/shutterstock_1438212881.jpg\",\"datePublished\":\"2020-07-02T11:09:18+00:00\",\"dateModified\":\"2021-03-30T15:05:54+00:00\",\"description\":\"Die Aktie von ABF, dem Besitzer des Modeh\u00e4ndlers Primark, legte heute dank der Zahlen f\u00fcr das dritte Quartal, die besser als erwartet ausfielen, ordentlich zu.\",\"breadcrumb\":{\"@id\":\"https:\/\/www.asktraders.com\/de\/finanznachrichten\/die-aktie-des-primark-besitzers-stieg-dank-verbesserter-zukunftsaussichten-um-7\/#breadcrumb\"},\"inLanguage\":\"de-DE\",\"potentialAction\":[{\"@type\":\"ReadAction\",\"target\":[\"https:\/\/www.asktraders.com\/de\/finanznachrichten\/die-aktie-des-primark-besitzers-stieg-dank-verbesserter-zukunftsaussichten-um-7\/\"]}]},{\"@type\":\"ImageObject\",\"inLanguage\":\"de-DE\",\"@id\":\"https:\/\/www.asktraders.com\/de\/finanznachrichten\/die-aktie-des-primark-besitzers-stieg-dank-verbesserter-zukunftsaussichten-um-7\/#primaryimage\",\"url\":\"https:\/\/www.asktraders.com\/wp-content\/uploads\/2020\/07\/shutterstock_1438212881.jpg\",\"contentUrl\":\"https:\/\/www.asktraders.com\/wp-content\/uploads\/2020\/07\/shutterstock_1438212881.jpg\",\"width\":1000,\"height\":667,\"caption\":\"Primark\"},{\"@type\":\"BreadcrumbList\",\"@id\":\"https:\/\/www.asktraders.com\/de\/finanznachrichten\/die-aktie-des-primark-besitzers-stieg-dank-verbesserter-zukunftsaussichten-um-7\/#breadcrumb\",\"itemListElement\":[{\"@type\":\"ListItem\",\"position\":1,\"name\":\"Home\",\"item\":\"https:\/\/www.asktraders.com\/de\/\"},{\"@type\":\"ListItem\",\"position\":2,\"name\":\"News\",\"item\":\"https:\/\/www.asktraders.com\/de\/finanznachrichten\/\"},{\"@type\":\"ListItem\",\"position\":3,\"name\":\"Die Aktie des Primark Besitzers stieg dank verbesserter Zukunftsaussichten um 7%\"}]},{\"@type\":\"WebSite\",\"@id\":\"https:\/\/www.asktraders.com\/de\/#website\",\"url\":\"https:\/\/www.asktraders.com\/de\/\",\"name\":\"AskTraders\",\"description\":\"Guiding You To Trading Success\",\"publisher\":{\"@id\":\"https:\/\/www.asktraders.com\/de\/#organization\"},\"inLanguage\":\"de-DE\"},{\"@type\":\"Organization\",\"@id\":\"https:\/\/www.asktraders.com\/de\/#organization\",\"name\":\"AskTraders\",\"url\":\"https:\/\/www.asktraders.com\/de\/\",\"logo\":{\"@type\":\"ImageObject\",\"inLanguage\":\"de-DE\",\"@id\":\"https:\/\/www.asktraders.com\/de\/#\/schema\/logo\/image\/\",\"url\":\"https:\/\/www.asktraders.com\/wp-content\/uploads\/2019\/05\/asktraders-logo-tm-white.png\",\"contentUrl\":\"https:\/\/www.asktraders.com\/wp-content\/uploads\/2019\/05\/asktraders-logo-tm-white.png\",\"width\":232,\"height\":38,\"caption\":\"AskTraders\"},\"image\":{\"@id\":\"https:\/\/www.asktraders.com\/de\/#\/schema\/logo\/image\/\"},\"sameAs\":[\"https:\/\/www.facebook.com\/asktraderscom\",\"https:\/\/x.com\/Asktraders1\"]},{\"@type\":\"Person\",\"@id\":\"https:\/\/www.asktraders.com\/de\/#\/schema\/person\/423d427d503a79689aa4c42a56734fb7\",\"name\":\"Chris\",\"image\":{\"@type\":\"ImageObject\",\"inLanguage\":\"de-DE\",\"@id\":\"https:\/\/secure.gravatar.com\/avatar\/9fd3d67759940cd10a2046ba217a4c368d906c10b795f986f43554bb7075e3ea?s=96&d=mm&r=g\",\"url\":\"https:\/\/secure.gravatar.com\/avatar\/9fd3d67759940cd10a2046ba217a4c368d906c10b795f986f43554bb7075e3ea?s=96&d=mm&r=g\",\"contentUrl\":\"https:\/\/secure.gravatar.com\/avatar\/9fd3d67759940cd10a2046ba217a4c368d906c10b795f986f43554bb7075e3ea?s=96&d=mm&r=g\",\"caption\":\"Chris\"}}]}<\/script>\n<!-- \/ Yoast SEO plugin. -->","yoast_head_json":{"title":"Die Aktie des Primark Besitzers stieg um 7% - News!","description":"Die Aktie von ABF, dem Besitzer des Modeh\u00e4ndlers Primark, legte heute dank der Zahlen f\u00fcr das dritte Quartal, die besser als erwartet ausfielen, ordentlich zu.","robots":{"index":"index","follow":"follow","max-snippet":"max-snippet:-1","max-image-preview":"max-image-preview:large","max-video-preview":"max-video-preview:-1"},"canonical":"https:\/\/www.asktraders.com\/de\/finanznachrichten\/die-aktie-des-primark-besitzers-stieg-dank-verbesserter-zukunftsaussichten-um-7\/","og_locale":"de_DE","og_type":"article","og_title":"Die Aktie des Primark Besitzers stieg um 7% - News!","og_description":"Die Aktie von ABF, dem Besitzer des Modeh\u00e4ndlers Primark, legte heute dank der Zahlen f\u00fcr das dritte Quartal, die besser als erwartet ausfielen, ordentlich zu.","og_url":"https:\/\/www.asktraders.com\/de\/finanznachrichten\/die-aktie-des-primark-besitzers-stieg-dank-verbesserter-zukunftsaussichten-um-7\/","og_site_name":"AskTraders.com","article_publisher":"https:\/\/www.facebook.com\/asktraderscom","article_modified_time":"2021-03-30T15:05:54+00:00","og_image":[{"width":1000,"height":667,"url":"https:\/\/www.asktraders.com\/wp-content\/uploads\/2020\/07\/shutterstock_1438212881.jpg","type":"image\/jpeg"}],"twitter_card":"summary_large_image","twitter_site":"@Asktraders1","twitter_misc":{"Gesch\u00e4tzte Lesezeit":"1 Minute"},"schema":{"@context":"https:\/\/schema.org","@graph":[{"@type":"NewsArticle","@id":"https:\/\/www.asktraders.com\/de\/finanznachrichten\/die-aktie-des-primark-besitzers-stieg-dank-verbesserter-zukunftsaussichten-um-7\/#article","isPartOf":{"@id":"https:\/\/www.asktraders.com\/de\/finanznachrichten\/die-aktie-des-primark-besitzers-stieg-dank-verbesserter-zukunftsaussichten-um-7\/"},"author":{"name":"Chris","@id":"https:\/\/www.asktraders.com\/de\/#\/schema\/person\/423d427d503a79689aa4c42a56734fb7","url":"https:\/\/www.asktraders.com\/de\/author\/chrislee\/"},"headline":"Die Aktie des Primark Besitzers stieg dank verbesserter Zukunftsaussichten um 7%","datePublished":"2020-07-02T11:09:18+00:00","dateModified":"2021-03-30T15:05:54+00:00","mainEntityOfPage":{"@id":"https:\/\/www.asktraders.com\/de\/finanznachrichten\/die-aktie-des-primark-besitzers-stieg-dank-verbesserter-zukunftsaussichten-um-7\/"},"wordCount":229,"commentCount":0,"publisher":{"@id":"https:\/\/www.asktraders.com\/de\/#organization"},"image":{"@id":"https:\/\/www.asktraders.com\/de\/finanznachrichten\/die-aktie-des-primark-besitzers-stieg-dank-verbesserter-zukunftsaussichten-um-7\/#primaryimage"},"thumbnailUrl":"https:\/\/www.asktraders.com\/wp-content\/uploads\/2020\/07\/shutterstock_1438212881.jpg","keywords":["ABF","Primark"],"inLanguage":"de-DE","potentialAction":[{"@type":"CommentAction","name":"Comment","target":["https:\/\/www.asktraders.com\/de\/finanznachrichten\/die-aktie-des-primark-besitzers-stieg-dank-verbesserter-zukunftsaussichten-um-7\/#respond"]}]},{"@type":"WebPage","@id":"https:\/\/www.asktraders.com\/de\/finanznachrichten\/die-aktie-des-primark-besitzers-stieg-dank-verbesserter-zukunftsaussichten-um-7\/","url":"https:\/\/www.asktraders.com\/de\/finanznachrichten\/die-aktie-des-primark-besitzers-stieg-dank-verbesserter-zukunftsaussichten-um-7\/","name":"Die Aktie des Primark Besitzers stieg um 7% - News!","isPartOf":{"@id":"https:\/\/www.asktraders.com\/de\/#website"},"primaryImageOfPage":{"@id":"https:\/\/www.asktraders.com\/de\/finanznachrichten\/die-aktie-des-primark-besitzers-stieg-dank-verbesserter-zukunftsaussichten-um-7\/#primaryimage"},"image":{"@id":"https:\/\/www.asktraders.com\/de\/finanznachrichten\/die-aktie-des-primark-besitzers-stieg-dank-verbesserter-zukunftsaussichten-um-7\/#primaryimage"},"thumbnailUrl":"https:\/\/www.asktraders.com\/wp-content\/uploads\/2020\/07\/shutterstock_1438212881.jpg","datePublished":"2020-07-02T11:09:18+00:00","dateModified":"2021-03-30T15:05:54+00:00","description":"Die Aktie von ABF, dem Besitzer des Modeh\u00e4ndlers Primark, legte heute dank der Zahlen f\u00fcr das dritte Quartal, die besser als erwartet ausfielen, ordentlich zu.","breadcrumb":{"@id":"https:\/\/www.asktraders.com\/de\/finanznachrichten\/die-aktie-des-primark-besitzers-stieg-dank-verbesserter-zukunftsaussichten-um-7\/#breadcrumb"},"inLanguage":"de-DE","potentialAction":[{"@type":"ReadAction","target":["https:\/\/www.asktraders.com\/de\/finanznachrichten\/die-aktie-des-primark-besitzers-stieg-dank-verbesserter-zukunftsaussichten-um-7\/"]}]},{"@type":"ImageObject","inLanguage":"de-DE","@id":"https:\/\/www.asktraders.com\/de\/finanznachrichten\/die-aktie-des-primark-besitzers-stieg-dank-verbesserter-zukunftsaussichten-um-7\/#primaryimage","url":"https:\/\/www.asktraders.com\/wp-content\/uploads\/2020\/07\/shutterstock_1438212881.jpg","contentUrl":"https:\/\/www.asktraders.com\/wp-content\/uploads\/2020\/07\/shutterstock_1438212881.jpg","width":1000,"height":667,"caption":"Primark"},{"@type":"BreadcrumbList","@id":"https:\/\/www.asktraders.com\/de\/finanznachrichten\/die-aktie-des-primark-besitzers-stieg-dank-verbesserter-zukunftsaussichten-um-7\/#breadcrumb","itemListElement":[{"@type":"ListItem","position":1,"name":"Home","item":"https:\/\/www.asktraders.com\/de\/"},{"@type":"ListItem","position":2,"name":"News","item":"https:\/\/www.asktraders.com\/de\/finanznachrichten\/"},{"@type":"ListItem","position":3,"name":"Die Aktie des Primark Besitzers stieg dank verbesserter Zukunftsaussichten um 7%"}]},{"@type":"WebSite","@id":"https:\/\/www.asktraders.com\/de\/#website","url":"https:\/\/www.asktraders.com\/de\/","name":"AskTraders","description":"Guiding You To Trading Success","publisher":{"@id":"https:\/\/www.asktraders.com\/de\/#organization"},"inLanguage":"de-DE"},{"@type":"Organization","@id":"https:\/\/www.asktraders.com\/de\/#organization","name":"AskTraders","url":"https:\/\/www.asktraders.com\/de\/","logo":{"@type":"ImageObject","inLanguage":"de-DE","@id":"https:\/\/www.asktraders.com\/de\/#\/schema\/logo\/image\/","url":"https:\/\/www.asktraders.com\/wp-content\/uploads\/2019\/05\/asktraders-logo-tm-white.png","contentUrl":"https:\/\/www.asktraders.com\/wp-content\/uploads\/2019\/05\/asktraders-logo-tm-white.png","width":232,"height":38,"caption":"AskTraders"},"image":{"@id":"https:\/\/www.asktraders.com\/de\/#\/schema\/logo\/image\/"},"sameAs":["https:\/\/www.facebook.com\/asktraderscom","https:\/\/x.com\/Asktraders1"]},{"@type":"Person","@id":"https:\/\/www.asktraders.com\/de\/#\/schema\/person\/423d427d503a79689aa4c42a56734fb7","name":"Chris","image":{"@type":"ImageObject","inLanguage":"de-DE","@id":"https:\/\/secure.gravatar.com\/avatar\/9fd3d67759940cd10a2046ba217a4c368d906c10b795f986f43554bb7075e3ea?s=96&d=mm&r=g","url":"https:\/\/secure.gravatar.com\/avatar\/9fd3d67759940cd10a2046ba217a4c368d906c10b795f986f43554bb7075e3ea?s=96&d=mm&r=g","contentUrl":"https:\/\/secure.gravatar.com\/avatar\/9fd3d67759940cd10a2046ba217a4c368d906c10b795f986f43554bb7075e3ea?s=96&d=mm&r=g","caption":"Chris"}}]}},"_links":{"self":[{"href":"https:\/\/www.asktraders.com\/de\/wp-json\/wp\/v2\/news\/84490","targetHints":{"allow":["GET"]}}],"collection":[{"href":"https:\/\/www.asktraders.com\/de\/wp-json\/wp\/v2\/news"}],"about":[{"href":"https:\/\/www.asktraders.com\/de\/wp-json\/wp\/v2\/types\/news"}],"author":[{"embeddable":true,"href":"https:\/\/www.asktraders.com\/de\/wp-json\/wp\/v2\/users\/57"}],"replies":[{"embeddable":true,"href":"https:\/\/www.asktraders.com\/de\/wp-json\/wp\/v2\/comments?post=84490"}],"version-history":[{"count":0,"href":"https:\/\/www.asktraders.com\/de\/wp-json\/wp\/v2\/news\/84490\/revisions"}],"wp:featuredmedia":[{"embeddable":true,"href":"https:\/\/www.asktraders.com\/de\/wp-json\/wp\/v2\/media\/84472"}],"wp:attachment":[{"href":"https:\/\/www.asktraders.com\/de\/wp-json\/wp\/v2\/media?parent=84490"}],"wp:term":[{"taxonomy":"news_cluster","embeddable":true,"href":"https:\/\/www.asktraders.com\/de\/wp-json\/wp\/v2\/news_cluster?post=84490"},{"taxonomy":"tradingcategory","embeddable":true,"href":"https:\/\/www.asktraders.com\/de\/wp-json\/wp\/v2\/tradingcategory?post=84490"}],"curies":[{"name":"wp","href":"https:\/\/api.w.org\/{rel}","templated":true}]}}