{"id":85078,"date":"2020-07-07T08:51:09","date_gmt":"2020-07-07T07:51:09","guid":{"rendered":"https:\/\/www.asktraders.com\/?post_type=news&#038;p=85078"},"modified":"2021-03-23T21:20:49","modified_gmt":"2021-03-23T21:20:49","slug":"siemens-energy-ausserordentliche-hauptversammlung-am-9-juli","status":"publish","type":"news","link":"https:\/\/www.asktraders.com\/de\/finanznachrichten\/siemens-energy-ausserordentliche-hauptversammlung-am-9-juli\/","title":{"rendered":"Siemens Energy: Au\u00dferordentliche Hauptversammlung am 9.Juli"},"content":{"rendered":"<h2 id=\"verhaltene_einstufung_der_siemens_energy_durch_sp\">Verhaltene Einstufung der Siemens Energy durch S&amp;P<\/h2>\n<p>Die Rating-Agenturen reagieren entsprechend. So stuft S&amp;P die Energietochter mit dem Rating \u201eBBB\u201c ein, geht aber beim langfristigen Emittentenrating von einer zuverl\u00e4ssigen Entwicklung aus. Zum Vergleich: die Siemens AG als Mutterkonzern erh\u00e4lt derzeit ein \u201eA+\u201c. BBB liegt zwar gerade mal zwei Treppchen h\u00f6her als die C-Ratings von S&amp;P, die nicht gerade als Anreiz f\u00fcr Investoren gelten. Dennoch ist die Gesch\u00e4ftsf\u00fchrung von Siemens, oder besser gesagt CEO Joe Kaeser, nach eigenem Bekunden zufrieden. F\u00fcr einen soliden Ausblick sorgt wohl nicht zuletzt die Tatsache, dass die nach dem Willen der Unternehmensleitung bald selbstst\u00e4ndige Siemens Energy ihre Laufbahn ohne Schulden und mit hohem Grundkapital startet. Das neue Unternehmen wird mehr als 90.000 Besch\u00e4ftigte haben und macht Ums\u00e4tze, die bei nahezu 30 Mrd. Euro liegen.<\/p>\n<p><img loading=\"lazy\" decoding=\"async\" class=\"aligncenter wp-image-9189 size-full\" src=\"https:\/\/www.asktraders.com\/wp-content\/uploads\/2018\/05\/ratgeberbilder-artikel-mensch-mit-fragendem-gesichtsausdruck.jpg\" alt=\"Hauptversammlung Siemens Energy\" width=\"760\" height=\"250\" srcset=\"https:\/\/www.asktraders.com\/wp-content\/uploads\/2018\/05\/ratgeberbilder-artikel-mensch-mit-fragendem-gesichtsausdruck.jpg 760w, https:\/\/www.asktraders.com\/wp-content\/uploads\/2018\/05\/ratgeberbilder-artikel-mensch-mit-fragendem-gesichtsausdruck-300x99.jpg 300w\" sizes=\"auto, (max-width: 760px) 100vw, 760px\" \/><\/p>\n<h2 id=\"benoetigt_wird_eine_dreiviertel_mehrheit\">Ben\u00f6tigt wird eine Dreiviertel-Mehrheit<\/h2>\n<p>Bei der f\u00fcr den 9. Juli angesetzten au\u00dferordentlichen Hauptversammlung sollen die Aktion\u00e4re auf der Grundlage eines 280 Seiten dicken Konzepts \u00fcber die Spaltung von Siemens abstimmen. Damit Siemens Energy wie geplant am 28. September separat an der B\u00f6rse gelistet werden kann, m\u00fcssen sich auch die Aktion\u00e4re mehrheitlich f\u00fcr das Unterfangen aussprechen, das seitens der Unternehmensleitung bereits beschlossene Sache ist. Ben\u00f6tigt wird eine Dreiviertel-Mehrheit. Nach vollzogener Abspaltung sollen Anleger f\u00fcr jeweils zwei Aktien des Mutterkonzerns einen Unternehmensanteil von Siemens Energy erhalten.<\/p>\n<h2 id=\"kritik_aus_den_reihen_der_belegschaftsaktionaere\">Kritik aus den Reihen der Belegschaftsaktion\u00e4re<\/h2>\n<p>Der von Joe Kaeser geplante Umbau gilt als die einschneidendste Ma\u00dfnahme dieser Art in der gesamten Firmengeschichte \u2013 und st\u00f6\u00dft auf Gegenwind durch die Belegschaftsaktion\u00e4re. Der Verein der Anleger aus den Reihen der Mitarbeiter h\u00e4lt nur lediglich 0,3 % des Grundkapitals, man ist sich durchaus dar\u00fcber im Klaren, dass die Belegschaftsaktion\u00e4re die Abspaltung nicht werden verhindern k\u00f6nnen.<\/p>\n<p>Mit dem Gegenantrag soll vor allem Kritik formuliert werden. Die f\u00fcr die Abwicklung der Spaltung erforderlichen Betr\u00e4ge laufen auf einen Betrag in dreistelliger Millionenh\u00f6he hinaus. Dieses Kapital w\u00e4re nach Meinung der Belegschaftsaktion\u00e4re besser in der Forschung investiert \u2013 um so die Entwicklung der Energiesparte zu f\u00f6rdern. Der Verein der Belegschaftsaktion\u00e4re vertritt ohnehin all diejenigen, die sich seit Jahren f\u00fcr eine breite strategische Aufstellung und gegen die Zerst\u00fcckelung in selbstst\u00e4ndige Teilunternehmen aussprechen.<\/p>\n<h2 id=\"moegliche_interessenkonflikte_in_der_person_des_ceo\">M\u00f6gliche Interessenkonflikte in der Person des CEO<\/h2>\n<p>Potenzial f\u00fcr Konflikte sehen die Anleger aus den Reihen der Belegschaft auch darin, dass CEO Kaeser nach der Spaltung umgehend Aufsichtsratschef von Siemens Energy wird. Ohnehin ist die geplante, b\u00f6rsennotierte Siemens Energy nur dank eines sogenannten \u201eEntherrschungsvertrags\u201c selbstst\u00e4ndig, durch den der Einfluss des Mutterkonzerns auf die abgespaltene Tochter begrenzt wird.<\/p>\n<p>Der geplante sofortige Wechsel Kaesers zur Siemens Energy ist ein Novum bei den DAX-Konzernen. \u00dcblich ist ein Hiatus von zwei Jahren \u2013 und um Platz f\u00fcr die Entscheidungen des neuen alten CEO zu machen, musste auch die zuvor schon ausgew\u00e4hlte Vorstandsspitze bei Siemens Energy gehen. Man darf gespannt sein \u2013 nicht nur darauf, wie die Abstimmung und danach die Abspaltung der Energie-Sparte \u00fcber die B\u00fchne gehen wird, sondern auch auf die Entwicklung der Siemens Energy Aktie. M\u00f6glicherweise k\u00f6nnen interessierte Anleger dank des S&amp;P Ratings zu Beginn noch zum Schn\u00e4ppchenpreis ihr Portfolio erweitern. Denkbar ist jedoch angesichts des schon jetzt geplanten R\u00fcckzugs der Siemens AG aus den Gesch\u00e4ften ihrer Energie-Tochter ein Flop des Wertes.<\/p>\n<p>Daher ist vielleicht nicht jeder Investor geneigt, sich langfristig auf die Unternehmensanteile der Siemens Energy festzulegen. Sollten sich die Kurse nach dem B\u00f6rsengang als volatil erweisen, gibt es jedoch noch eine weitere M\u00f6glichkeit, an der Wertentwicklung zu partizipieren, n\u00e4mlich mithilfe von CFDs.<\/p>\n<h2 id=\"traden_statt_investieren_mit_differenzkontrakten\">Traden statt investieren mit Differenzkontrakten<\/h2>\n<p>Die sogenannten \u201econtracts for difference\u201c, kurz CFDs oder auf Deutsch Differenzkontrakte, sind vor allem wegen der niedrigen Einstiegsschwellen und der hohen Flexibilit\u00e4t der Produkte popul\u00e4r. Konzipiert wurden CFDs zun\u00e4chst als Derivate auf Aktien. So sollte anf\u00e4nglich in Gro\u00dfbritannien die dortige Stempelsteuer auf K\u00e4ufe und Verk\u00e4ufe von Unternehmensanteilen umgangen werden.<\/p>\n<p>Mittlerweile k\u00f6nnen CFDs auf Tausende von Basiswerten aus allen Anlageklassen gehandelt werden. Der Halter eines Kontrakts erwirbt nicht den eigentlichen Basiswert, sondern partizipiert an dessen Kursentwicklung \u2013 zwischen dem Kauf und Verkauf des CFD l\u00e4sst sich so Rendite erzielen. Eine Besonderheit dabei: CFDs sind Hebelprodukte. Trader m\u00fcssen nur einen Teil des bewegten Handelsvolumens zur Sicherheit hinterlegen. Diese Margin wird durch den Hebel vervielfacht \u2013 um das F\u00fcnffache bei <a href=\"https:\/\/www.asktraders.com\/de\/traden-lernen\/ratgeber\/fx-vs-aktien\/\">CFDs auf Aktien<\/a>, bei liquiden Devisenpaaren sogar um das Drei\u00dfigfache.<\/p>\n<p>Nicht nur erm\u00f6glichen die Hebel gesteigerte Renditen, mit den einfach konstruierten Derivaten umgehen Trader auch die Bindung des Kapitals, wie sie bei einer Direktinvestition vorliegt. Und da man mit Differenzkontrakten long, aber auch short gehen kann, sind Gewinne auch bei fallenden Kursen m\u00f6glich. Daher sch\u00e4tzen Trader die Finanzinstrumente besonders beim Einsatz in volatilen M\u00e4rkten. Ganz ohne Risiko ist das<a href=\"https:\/\/www.asktraders.com\/de\/traden-lernen\/trading-ratgeber\/was-ist-ein-cfd\/\"> CFD-Trading<\/a> allerdings nicht. Daher ist die Auswahl eines geeigneten Brokers besonders wichtig.<\/p>\n<p><img loading=\"lazy\" decoding=\"async\" class=\"aligncenter wp-image-9192 size-full\" src=\"https:\/\/www.asktraders.com\/wp-content\/uploads\/2018\/05\/ratgeberbilder-artikel-steuern.jpg\" alt=\"Mit Aktien traden\" width=\"760\" height=\"250\" srcset=\"https:\/\/www.asktraders.com\/wp-content\/uploads\/2018\/05\/ratgeberbilder-artikel-steuern.jpg 760w, https:\/\/www.asktraders.com\/wp-content\/uploads\/2018\/05\/ratgeberbilder-artikel-steuern-300x99.jpg 300w\" sizes=\"auto, (max-width: 760px) 100vw, 760px\" \/><\/p>\n<h2 id=\"kundenschutz_bei_vertrauenswuerdigen_brokern\">Kundenschutz bei vertrauensw\u00fcrdigen Brokern<\/h2>\n<p>Denn die Hebel beim Handel sind tats\u00e4chlich Darlehen des CFD-Brokers, \u00fcber den das Trading abl\u00e4uft und der seinen Kunden den Zugang zu den M\u00e4rkten gibt. Zum Schutz privater Anleger sind innerhalb der Europ\u00e4ischen Union nunmehr seit einigen Jahren die Hebel begrenzt. So soll die \u00fcberm\u00e4\u00dfige Verschuldung unerfahrener Kunden beim Broker verhindert werden. \u00dcberdies d\u00fcrfen die Anbieter von Online-Brokerage nun keinen Nachschuss mehr verlangen. Trader k\u00f6nnen nur das Kapital verlieren, das auf ihrem Handelskonto eingebucht ist.<\/p>\n<p>Zu diesem Zweck schlie\u00dfen CFD-Broker graduell die offenen Positionen, sobald sich ein Trade nachteilig, sprich ins Minus, zu entwickeln beginnt. Damit lassen sich die Verluste f\u00fcr Trader, aber auch f\u00fcr die Broker auf ein Mindestma\u00df einschr\u00e4nken. Verlieren kann man nur das Handelsguthaben \u2013 und wer mit Bedacht vorgeht und sich auf den Handel gut vorbereitet, kann auch hier die Risiken minimieren. Sehr viele CFD-Broker leisten einen erheblichen Beitrag zur Information und (Weiter)Bildung ihrer Trader.<\/p>\n<p><a href=\"https:\/\/www.asktraders.com\/de\/\">Asktraders<\/a> unterzieht die besten und bekanntesten Anbieter gr\u00fcndlichen Tests und beleuchtet zahlreiche Qualit\u00e4tskriterien. So finden Trader \u00fcber unseren Brokervergleich schneller einen seri\u00f6sen Anbieter, der nicht nur beim Handelsangebot, bei den Konditionen und der Regulierung \u00fcberzeugen kann, sondern auch Schulungsmaterialien und ein Demokonto mitbringt, um den Einstieg in den Handel zu erleichtern.<\/p>\n","protected":false},"author":30,"featured_media":43989,"comment_status":"open","ping_status":"closed","template":"legacy-single.blade.php","news_cluster":[],"tradingcategory":[99],"class_list":["post-85078","news","type-news","status-publish","has-post-thumbnail","hentry","tradingcategory-aktien"],"acf":[],"apple_news_notices":[],"yoast_head":"<!-- This site is optimized with the Yoast SEO plugin v27.2 - https:\/\/yoast.com\/product\/yoast-seo-wordpress\/ -->\n<title>Siemens Energy: Au\u00dferordentliche Hauptversammlung am 9.Juli<\/title>\n<meta name=\"description\" content=\"Verhaltene Einstufung der Siemens Energy durch S&amp;P Die Rating-Agenturen reagieren entsprechend. So stuft S&amp;P die Energietochter mit dem Rating\" \/>\n<meta name=\"robots\" content=\"index, follow, max-snippet:-1, max-image-preview:large, max-video-preview:-1\" \/>\n<link rel=\"canonical\" href=\"https:\/\/www.asktraders.com\/de\/finanznachrichten\/siemens-energy-ausserordentliche-hauptversammlung-am-9-juli\/\" \/>\n<meta property=\"og:locale\" content=\"de_DE\" \/>\n<meta property=\"og:type\" content=\"article\" \/>\n<meta property=\"og:title\" content=\"Siemens Energy: Au\u00dferordentliche Hauptversammlung am 9.Juli\" \/>\n<meta property=\"og:description\" content=\"Verhaltene Einstufung der Siemens Energy durch S&amp;P Die Rating-Agenturen reagieren entsprechend. So stuft S&amp;P die Energietochter mit dem Rating\" \/>\n<meta property=\"og:url\" content=\"https:\/\/www.asktraders.com\/de\/finanznachrichten\/siemens-energy-ausserordentliche-hauptversammlung-am-9-juli\/\" \/>\n<meta property=\"og:site_name\" content=\"AskTraders.com\" \/>\n<meta property=\"article:publisher\" content=\"https:\/\/www.facebook.com\/asktraderscom\" \/>\n<meta property=\"article:modified_time\" content=\"2021-03-23T21:20:49+00:00\" \/>\n<meta property=\"og:image\" content=\"https:\/\/www.asktraders.com\/wp-content\/uploads\/2019\/05\/Siemens-AG.jpg\" \/>\n\t<meta property=\"og:image:width\" content=\"1000\" \/>\n\t<meta property=\"og:image:height\" content=\"623\" \/>\n\t<meta property=\"og:image:type\" content=\"image\/jpeg\" \/>\n<meta name=\"twitter:card\" content=\"summary_large_image\" \/>\n<meta name=\"twitter:site\" content=\"@Asktraders1\" \/>\n<meta name=\"twitter:label1\" content=\"Gesch\u00e4tzte Lesezeit\" \/>\n\t<meta name=\"twitter:data1\" content=\"5 Minuten\" \/>\n<script type=\"application\/ld+json\" class=\"yoast-schema-graph\">{\"@context\":\"https:\/\/schema.org\",\"@graph\":[{\"@type\":\"NewsArticle\",\"@id\":\"https:\/\/www.asktraders.com\/de\/finanznachrichten\/siemens-energy-ausserordentliche-hauptversammlung-am-9-juli\/#article\",\"isPartOf\":{\"@id\":\"https:\/\/www.asktraders.com\/de\/finanznachrichten\/siemens-energy-ausserordentliche-hauptversammlung-am-9-juli\/\"},\"author\":{\"name\":\"Christian Habeck\",\"@id\":\"https:\/\/www.asktraders.com\/de\/#\/schema\/person\/4de828539f5ea51588c0ac0e48f5d7fa\",\"url\":\"https:\/\/www.asktraders.com\/de\/author\/christianh\/\"},\"headline\":\"Siemens Energy: Au\u00dferordentliche Hauptversammlung am 9.Juli\",\"datePublished\":\"2020-07-07T07:51:09+00:00\",\"dateModified\":\"2021-03-23T21:20:49+00:00\",\"mainEntityOfPage\":{\"@id\":\"https:\/\/www.asktraders.com\/de\/finanznachrichten\/siemens-energy-ausserordentliche-hauptversammlung-am-9-juli\/\"},\"wordCount\":1051,\"commentCount\":0,\"publisher\":{\"@id\":\"https:\/\/www.asktraders.com\/de\/#organization\"},\"image\":{\"@id\":\"https:\/\/www.asktraders.com\/de\/finanznachrichten\/siemens-energy-ausserordentliche-hauptversammlung-am-9-juli\/#primaryimage\"},\"thumbnailUrl\":\"https:\/\/www.asktraders.com\/wp-content\/uploads\/2019\/05\/Siemens-AG.jpg\",\"keywords\":[\"Siemens\",\"Siemens Energy\"],\"inLanguage\":\"de-DE\",\"potentialAction\":[{\"@type\":\"CommentAction\",\"name\":\"Comment\",\"target\":[\"https:\/\/www.asktraders.com\/de\/finanznachrichten\/siemens-energy-ausserordentliche-hauptversammlung-am-9-juli\/#respond\"]}]},{\"@type\":\"WebPage\",\"@id\":\"https:\/\/www.asktraders.com\/de\/finanznachrichten\/siemens-energy-ausserordentliche-hauptversammlung-am-9-juli\/\",\"url\":\"https:\/\/www.asktraders.com\/de\/finanznachrichten\/siemens-energy-ausserordentliche-hauptversammlung-am-9-juli\/\",\"name\":\"Siemens Energy: Au\u00dferordentliche Hauptversammlung am 9.Juli\",\"isPartOf\":{\"@id\":\"https:\/\/www.asktraders.com\/de\/#website\"},\"primaryImageOfPage\":{\"@id\":\"https:\/\/www.asktraders.com\/de\/finanznachrichten\/siemens-energy-ausserordentliche-hauptversammlung-am-9-juli\/#primaryimage\"},\"image\":{\"@id\":\"https:\/\/www.asktraders.com\/de\/finanznachrichten\/siemens-energy-ausserordentliche-hauptversammlung-am-9-juli\/#primaryimage\"},\"thumbnailUrl\":\"https:\/\/www.asktraders.com\/wp-content\/uploads\/2019\/05\/Siemens-AG.jpg\",\"datePublished\":\"2020-07-07T07:51:09+00:00\",\"dateModified\":\"2021-03-23T21:20:49+00:00\",\"description\":\"Verhaltene Einstufung der Siemens Energy durch S&amp;P Die Rating-Agenturen reagieren entsprechend. So stuft S&amp;P die Energietochter mit dem Rating\",\"breadcrumb\":{\"@id\":\"https:\/\/www.asktraders.com\/de\/finanznachrichten\/siemens-energy-ausserordentliche-hauptversammlung-am-9-juli\/#breadcrumb\"},\"inLanguage\":\"de-DE\",\"potentialAction\":[{\"@type\":\"ReadAction\",\"target\":[\"https:\/\/www.asktraders.com\/de\/finanznachrichten\/siemens-energy-ausserordentliche-hauptversammlung-am-9-juli\/\"]}]},{\"@type\":\"ImageObject\",\"inLanguage\":\"de-DE\",\"@id\":\"https:\/\/www.asktraders.com\/de\/finanznachrichten\/siemens-energy-ausserordentliche-hauptversammlung-am-9-juli\/#primaryimage\",\"url\":\"https:\/\/www.asktraders.com\/wp-content\/uploads\/2019\/05\/Siemens-AG.jpg\",\"contentUrl\":\"https:\/\/www.asktraders.com\/wp-content\/uploads\/2019\/05\/Siemens-AG.jpg\",\"width\":1000,\"height\":623,\"caption\":\"Siemens\"},{\"@type\":\"BreadcrumbList\",\"@id\":\"https:\/\/www.asktraders.com\/de\/finanznachrichten\/siemens-energy-ausserordentliche-hauptversammlung-am-9-juli\/#breadcrumb\",\"itemListElement\":[{\"@type\":\"ListItem\",\"position\":1,\"name\":\"Home\",\"item\":\"https:\/\/www.asktraders.com\/de\/\"},{\"@type\":\"ListItem\",\"position\":2,\"name\":\"News\",\"item\":\"https:\/\/www.asktraders.com\/de\/finanznachrichten\/\"},{\"@type\":\"ListItem\",\"position\":3,\"name\":\"Siemens Energy: Au\u00dferordentliche Hauptversammlung am 9.Juli\"}]},{\"@type\":\"WebSite\",\"@id\":\"https:\/\/www.asktraders.com\/de\/#website\",\"url\":\"https:\/\/www.asktraders.com\/de\/\",\"name\":\"AskTraders\",\"description\":\"Guiding You To Trading Success\",\"publisher\":{\"@id\":\"https:\/\/www.asktraders.com\/de\/#organization\"},\"inLanguage\":\"de-DE\"},{\"@type\":\"Organization\",\"@id\":\"https:\/\/www.asktraders.com\/de\/#organization\",\"name\":\"AskTraders\",\"url\":\"https:\/\/www.asktraders.com\/de\/\",\"logo\":{\"@type\":\"ImageObject\",\"inLanguage\":\"de-DE\",\"@id\":\"https:\/\/www.asktraders.com\/de\/#\/schema\/logo\/image\/\",\"url\":\"https:\/\/www.asktraders.com\/wp-content\/uploads\/2019\/05\/asktraders-logo-tm-white.png\",\"contentUrl\":\"https:\/\/www.asktraders.com\/wp-content\/uploads\/2019\/05\/asktraders-logo-tm-white.png\",\"width\":232,\"height\":38,\"caption\":\"AskTraders\"},\"image\":{\"@id\":\"https:\/\/www.asktraders.com\/de\/#\/schema\/logo\/image\/\"},\"sameAs\":[\"https:\/\/www.facebook.com\/asktraderscom\",\"https:\/\/x.com\/Asktraders1\"]},{\"@type\":\"Person\",\"@id\":\"https:\/\/www.asktraders.com\/de\/#\/schema\/person\/4de828539f5ea51588c0ac0e48f5d7fa\",\"name\":\"Christian Habeck\",\"image\":{\"@type\":\"ImageObject\",\"inLanguage\":\"de-DE\",\"@id\":\"https:\/\/secure.gravatar.com\/avatar\/3dca8a2b58f4d3761325bf13f156522ce2bd89b88c7d2db399abb119b93743de?s=96&d=mm&r=g\",\"url\":\"https:\/\/secure.gravatar.com\/avatar\/3dca8a2b58f4d3761325bf13f156522ce2bd89b88c7d2db399abb119b93743de?s=96&d=mm&r=g\",\"contentUrl\":\"https:\/\/secure.gravatar.com\/avatar\/3dca8a2b58f4d3761325bf13f156522ce2bd89b88c7d2db399abb119b93743de?s=96&d=mm&r=g\",\"caption\":\"Christian Habeck\"}}]}<\/script>\n<!-- \/ Yoast SEO plugin. -->","yoast_head_json":{"title":"Siemens Energy: Au\u00dferordentliche Hauptversammlung am 9.Juli","description":"Verhaltene Einstufung der Siemens Energy durch S&amp;P Die Rating-Agenturen reagieren entsprechend. So stuft S&amp;P die Energietochter mit dem Rating","robots":{"index":"index","follow":"follow","max-snippet":"max-snippet:-1","max-image-preview":"max-image-preview:large","max-video-preview":"max-video-preview:-1"},"canonical":"https:\/\/www.asktraders.com\/de\/finanznachrichten\/siemens-energy-ausserordentliche-hauptversammlung-am-9-juli\/","og_locale":"de_DE","og_type":"article","og_title":"Siemens Energy: Au\u00dferordentliche Hauptversammlung am 9.Juli","og_description":"Verhaltene Einstufung der Siemens Energy durch S&amp;P Die Rating-Agenturen reagieren entsprechend. So stuft S&amp;P die Energietochter mit dem Rating","og_url":"https:\/\/www.asktraders.com\/de\/finanznachrichten\/siemens-energy-ausserordentliche-hauptversammlung-am-9-juli\/","og_site_name":"AskTraders.com","article_publisher":"https:\/\/www.facebook.com\/asktraderscom","article_modified_time":"2021-03-23T21:20:49+00:00","og_image":[{"width":1000,"height":623,"url":"https:\/\/www.asktraders.com\/wp-content\/uploads\/2019\/05\/Siemens-AG.jpg","type":"image\/jpeg"}],"twitter_card":"summary_large_image","twitter_site":"@Asktraders1","twitter_misc":{"Gesch\u00e4tzte Lesezeit":"5 Minuten"},"schema":{"@context":"https:\/\/schema.org","@graph":[{"@type":"NewsArticle","@id":"https:\/\/www.asktraders.com\/de\/finanznachrichten\/siemens-energy-ausserordentliche-hauptversammlung-am-9-juli\/#article","isPartOf":{"@id":"https:\/\/www.asktraders.com\/de\/finanznachrichten\/siemens-energy-ausserordentliche-hauptversammlung-am-9-juli\/"},"author":{"name":"Christian Habeck","@id":"https:\/\/www.asktraders.com\/de\/#\/schema\/person\/4de828539f5ea51588c0ac0e48f5d7fa","url":"https:\/\/www.asktraders.com\/de\/author\/christianh\/"},"headline":"Siemens Energy: Au\u00dferordentliche Hauptversammlung am 9.Juli","datePublished":"2020-07-07T07:51:09+00:00","dateModified":"2021-03-23T21:20:49+00:00","mainEntityOfPage":{"@id":"https:\/\/www.asktraders.com\/de\/finanznachrichten\/siemens-energy-ausserordentliche-hauptversammlung-am-9-juli\/"},"wordCount":1051,"commentCount":0,"publisher":{"@id":"https:\/\/www.asktraders.com\/de\/#organization"},"image":{"@id":"https:\/\/www.asktraders.com\/de\/finanznachrichten\/siemens-energy-ausserordentliche-hauptversammlung-am-9-juli\/#primaryimage"},"thumbnailUrl":"https:\/\/www.asktraders.com\/wp-content\/uploads\/2019\/05\/Siemens-AG.jpg","keywords":["Siemens","Siemens Energy"],"inLanguage":"de-DE","potentialAction":[{"@type":"CommentAction","name":"Comment","target":["https:\/\/www.asktraders.com\/de\/finanznachrichten\/siemens-energy-ausserordentliche-hauptversammlung-am-9-juli\/#respond"]}]},{"@type":"WebPage","@id":"https:\/\/www.asktraders.com\/de\/finanznachrichten\/siemens-energy-ausserordentliche-hauptversammlung-am-9-juli\/","url":"https:\/\/www.asktraders.com\/de\/finanznachrichten\/siemens-energy-ausserordentliche-hauptversammlung-am-9-juli\/","name":"Siemens Energy: Au\u00dferordentliche Hauptversammlung am 9.Juli","isPartOf":{"@id":"https:\/\/www.asktraders.com\/de\/#website"},"primaryImageOfPage":{"@id":"https:\/\/www.asktraders.com\/de\/finanznachrichten\/siemens-energy-ausserordentliche-hauptversammlung-am-9-juli\/#primaryimage"},"image":{"@id":"https:\/\/www.asktraders.com\/de\/finanznachrichten\/siemens-energy-ausserordentliche-hauptversammlung-am-9-juli\/#primaryimage"},"thumbnailUrl":"https:\/\/www.asktraders.com\/wp-content\/uploads\/2019\/05\/Siemens-AG.jpg","datePublished":"2020-07-07T07:51:09+00:00","dateModified":"2021-03-23T21:20:49+00:00","description":"Verhaltene Einstufung der Siemens Energy durch S&amp;P Die Rating-Agenturen reagieren entsprechend. So stuft S&amp;P die Energietochter mit dem Rating","breadcrumb":{"@id":"https:\/\/www.asktraders.com\/de\/finanznachrichten\/siemens-energy-ausserordentliche-hauptversammlung-am-9-juli\/#breadcrumb"},"inLanguage":"de-DE","potentialAction":[{"@type":"ReadAction","target":["https:\/\/www.asktraders.com\/de\/finanznachrichten\/siemens-energy-ausserordentliche-hauptversammlung-am-9-juli\/"]}]},{"@type":"ImageObject","inLanguage":"de-DE","@id":"https:\/\/www.asktraders.com\/de\/finanznachrichten\/siemens-energy-ausserordentliche-hauptversammlung-am-9-juli\/#primaryimage","url":"https:\/\/www.asktraders.com\/wp-content\/uploads\/2019\/05\/Siemens-AG.jpg","contentUrl":"https:\/\/www.asktraders.com\/wp-content\/uploads\/2019\/05\/Siemens-AG.jpg","width":1000,"height":623,"caption":"Siemens"},{"@type":"BreadcrumbList","@id":"https:\/\/www.asktraders.com\/de\/finanznachrichten\/siemens-energy-ausserordentliche-hauptversammlung-am-9-juli\/#breadcrumb","itemListElement":[{"@type":"ListItem","position":1,"name":"Home","item":"https:\/\/www.asktraders.com\/de\/"},{"@type":"ListItem","position":2,"name":"News","item":"https:\/\/www.asktraders.com\/de\/finanznachrichten\/"},{"@type":"ListItem","position":3,"name":"Siemens Energy: Au\u00dferordentliche Hauptversammlung am 9.Juli"}]},{"@type":"WebSite","@id":"https:\/\/www.asktraders.com\/de\/#website","url":"https:\/\/www.asktraders.com\/de\/","name":"AskTraders","description":"Guiding You To Trading Success","publisher":{"@id":"https:\/\/www.asktraders.com\/de\/#organization"},"inLanguage":"de-DE"},{"@type":"Organization","@id":"https:\/\/www.asktraders.com\/de\/#organization","name":"AskTraders","url":"https:\/\/www.asktraders.com\/de\/","logo":{"@type":"ImageObject","inLanguage":"de-DE","@id":"https:\/\/www.asktraders.com\/de\/#\/schema\/logo\/image\/","url":"https:\/\/www.asktraders.com\/wp-content\/uploads\/2019\/05\/asktraders-logo-tm-white.png","contentUrl":"https:\/\/www.asktraders.com\/wp-content\/uploads\/2019\/05\/asktraders-logo-tm-white.png","width":232,"height":38,"caption":"AskTraders"},"image":{"@id":"https:\/\/www.asktraders.com\/de\/#\/schema\/logo\/image\/"},"sameAs":["https:\/\/www.facebook.com\/asktraderscom","https:\/\/x.com\/Asktraders1"]},{"@type":"Person","@id":"https:\/\/www.asktraders.com\/de\/#\/schema\/person\/4de828539f5ea51588c0ac0e48f5d7fa","name":"Christian Habeck","image":{"@type":"ImageObject","inLanguage":"de-DE","@id":"https:\/\/secure.gravatar.com\/avatar\/3dca8a2b58f4d3761325bf13f156522ce2bd89b88c7d2db399abb119b93743de?s=96&d=mm&r=g","url":"https:\/\/secure.gravatar.com\/avatar\/3dca8a2b58f4d3761325bf13f156522ce2bd89b88c7d2db399abb119b93743de?s=96&d=mm&r=g","contentUrl":"https:\/\/secure.gravatar.com\/avatar\/3dca8a2b58f4d3761325bf13f156522ce2bd89b88c7d2db399abb119b93743de?s=96&d=mm&r=g","caption":"Christian Habeck"}}]}},"_links":{"self":[{"href":"https:\/\/www.asktraders.com\/de\/wp-json\/wp\/v2\/news\/85078","targetHints":{"allow":["GET"]}}],"collection":[{"href":"https:\/\/www.asktraders.com\/de\/wp-json\/wp\/v2\/news"}],"about":[{"href":"https:\/\/www.asktraders.com\/de\/wp-json\/wp\/v2\/types\/news"}],"author":[{"embeddable":true,"href":"https:\/\/www.asktraders.com\/de\/wp-json\/wp\/v2\/users\/30"}],"replies":[{"embeddable":true,"href":"https:\/\/www.asktraders.com\/de\/wp-json\/wp\/v2\/comments?post=85078"}],"version-history":[{"count":0,"href":"https:\/\/www.asktraders.com\/de\/wp-json\/wp\/v2\/news\/85078\/revisions"}],"wp:featuredmedia":[{"embeddable":true,"href":"https:\/\/www.asktraders.com\/de\/wp-json\/wp\/v2\/media\/43989"}],"wp:attachment":[{"href":"https:\/\/www.asktraders.com\/de\/wp-json\/wp\/v2\/media?parent=85078"}],"wp:term":[{"taxonomy":"news_cluster","embeddable":true,"href":"https:\/\/www.asktraders.com\/de\/wp-json\/wp\/v2\/news_cluster?post=85078"},{"taxonomy":"tradingcategory","embeddable":true,"href":"https:\/\/www.asktraders.com\/de\/wp-json\/wp\/v2\/tradingcategory?post=85078"}],"curies":[{"name":"wp","href":"https:\/\/api.w.org\/{rel}","templated":true}]}}